{"id":5982,"date":"2012-07-25T14:11:44","date_gmt":"2012-07-25T12:11:44","guid":{"rendered":"https:\/\/pmza.sk.sk\/?p=5982"},"modified":"2012-07-25T14:11:44","modified_gmt":"2012-07-25T12:11:44","slug":"turzov-palac-onedlho-miestom-vyznamnej-spolocenskej-udalosti","status":"publish","type":"post","link":"https:\/\/pmza.sk\/?p=5982","title":{"rendered":"Turzov pal\u00e1c onedlho miestom v\u00fdznamnej spolo\u010denskej udalosti"},"content":{"rendered":"<p><a href=\"https:\/\/pmza.sk\/wp-content\/uploads\/2012\/07\/z-tvorby-Milana-Gregusa.jpg\"><img decoding=\"async\" class=\"alignleft size-medium wp-image-5983\" style=\"border: 3px solid black; margin-left: 3px; margin-right: 3px;\" title=\"z tvorby Milana Gregusa\" src=\"https:\/\/pmza.sk.sk\/wp-content\/uploads\/2012\/07\/z-tvorby-Milana-Gregusa-300x286.jpg\" alt=\"\" width=\"216\" height=\"206\" \/><\/a><span style=\"color: #ff0000;\"> <\/span><span style=\"color: #ff0000;\"><strong> <\/strong><\/span>V\u00fdstavami, preva\u017ene region\u00e1lnych v\u00fdtvarn\u00edkov a\u00a0v\u00fdtvarn\u00fdch zdru\u017een\u00ed, sa Sob\u00e1\u0161ny pal\u00e1c v Byt\u010di, po\u010das troch rokov od svojho znovuotvorenia, stal sl\u00e1vnym\u00a0 a\u00a0vyh\u013ead\u00e1van\u00fdm miestom nielen na Hornom Pova\u017e\u00ed, ale aj na celom Slovensku.<\/p>\n<p>V\u00a0auguste 2012 priestory pal\u00e1ca za\u017eij\u00fa v\u00fdnimo\u010dn\u00fa premi\u00e9ru spolo\u010dnej v\u00fdstavy umelecky \u010dinnej rodiny p\u00f4vodom z\u00a0kysuckej osady Gregu\u0161e, rodiny Gregu\u0161ovcov.<!--more--> Tri gener\u00e1cie Gregu\u0161ovcov, mnoh\u00ed v\u00a0s\u00fa\u010dasnosti p\u00f4sobiaci a\u017e za \u201eve\u013ekou ml\u00e1kou\u201c, predstavia n\u00e1v\u0161tevn\u00edkom Turzovho pal\u00e1ca v\u00a0sobotu 4. augusta 2012 svoje v\u00fdtvarn\u00e9 talenty a umeleck\u00e9 diela, ktor\u00e9 s\u00fa obdivovan\u00e9 napr\u00edklad v\u00a0kanadskom Vancouveri alebo v\u00a0USA.<\/p>\n<p><em>\u201e Je to n\u00e1\u0161 prv\u00fd spolo\u010dn\u00fd rodinn\u00fd projekt, ktor\u00fdm sa chceme symbolicky po\u010fakova\u0165 za mo\u017enos\u0165 odovzda\u0165 odkaz na\u0161ich predkov, \u017eij\u00facich na hrebe\u0148och \u010darovn\u00fdch Javorn\u00edkoch<\/em>, \u201c povedal na \u00favod Milan Gregu\u0161, akademick\u00fd soch\u00e1r, najstar\u0161\u00ed \u010dlen rodiny Gregu\u0161ov\u00fdch a\u00a0autor v\u00fdstavy pod n\u00e1zvom <strong>Dedovize\u0148 Gregu\u0161ovcov.<\/strong><\/p>\n<p>Vystavova\u0165 bude Milan Gregu\u0161, tvorca soch\u00e1rskych objektov, re\u0161taur\u00e1tor, autor \u0161perk\u00e1rskych skvostov, hlavn\u00e1 postava zn\u00e1meho filmu S\u00a0Roz\u00e1rkou, autor mnoh\u00fdch rozpr\u00e1vok, obrodite\u013e Umeleckej besedy slovenskej a\u00a0zakladate\u013e spolo\u010dnosti M.R. \u0160tef\u00e1nika. Erika Gregu\u0161ov\u00e1, textiln\u00e1 v\u00fdtvarn\u00ed\u010dka, predsedky\u0148a Zdru\u017eenia tvorcov textilu na Slovesku, autorka \u00a0ilustr\u00e1ci\u00ed pre detsk\u00e9 \u010dasopisy a\u00a0knihy. Zuzana \u0160ujanov\u00e1, roden\u00e1 Gregu\u0161ov\u00e1, pote\u0161\u00ed n\u00e1v\u0161tevn\u00edkov pal\u00e1ca prezent\u00e1ciou svojich umeleck\u00fdch n\u00e1vrhov, kde hlavn\u00fdm materi\u00e1lom je hodv\u00e1b. Michal \u0160ujan, vy\u0161tudovan\u00fd geol\u00f3g. Martin Gregu\u0161, umeleck\u00fd fotograf a\u00a0grafik, v\u00ed\u0165az s\u00fa\u0165a\u017ee \u00da\u017eitkov\u00e9ho umenia na Slovensku. Elena Gregu\u0161ov\u00e1, textiln\u00e1 v\u00fdtvarn\u00ed\u010dka. Barbara Gregu\u0161ov\u00e1, m\u00f3dna n\u00e1vrh\u00e1rka a\u00a0realiz\u00e1torka kost\u00fdmov pre hercov v\u00a0divadl\u00e1ch vo Vancouveri. Posledn\u00fdm vystavovate\u013eom je Martin Gregu\u0161 najmlad\u0161\u00ed, ktor\u00fd sa venuje fotografovaniu pr\u00edrody. \u201e <em>V\u00fdstava umeleckej tvorby rodu Gregu\u0161ovcov je reakciou n\u00e1\u0161ho vz\u0165ahu k\u00a0historick\u00fdm s\u00favislostiam \u00fazemia Javorn\u00edkov. V\u00a0s\u00fa\u010dasnosti prebieha proces udelenia \u0161tat\u00fatu Pr\u00edrodnej pamiatky str\u00e1\u017enej osade Gregu\u0161e,<\/em>\u201c dodal Milan Gregu\u0161.<\/p>\n<p>Vernis\u00e1\u017e v\u00fdstavy pod n\u00e1zvom <strong>Dedovize\u0148 Gregu\u0161ovcov<\/strong> sa uskuto\u010dn\u00ed v\u00a0<strong>sobotu 4. augusta 2012 o\u00a017,00 hod<\/strong>. v\u00a0Sob\u00e1\u0161nom pal\u00e1ci v\u00a0Byt\u010di. V\u00fdstava bude pr\u00edstupn\u00e1 verejnosti do 24. augusta 2012. Organiz\u00e1torom v\u00fdstavy je \u017dilinsk\u00fd samospr\u00e1vny kraj a\u00a0Pova\u017esk\u00e9 m\u00fazeum v\u00a0\u017diline.<\/p>\n<p>&nbsp;<\/p>\n","protected":false},"excerpt":{"rendered":"<p>V\u00fdstavami, preva\u017ene region\u00e1lnych v\u00fdtvarn\u00edkov a\u00a0v\u00fdtvarn\u00fdch zdru\u017een\u00ed, sa Sob\u00e1\u0161ny pal\u00e1c v Byt\u010di, po\u010das troch rokov od svojho znovuotvorenia, stal sl\u00e1vnym\u00a0 a\u00a0vyh\u013ead\u00e1van\u00fdm miestom nielen na Hornom Pova\u017e\u00ed, ale aj na celom Slovensku. V\u00a0auguste 2012 priestory pal\u00e1ca za\u017eij\u00fa v\u00fdnimo\u010dn\u00fa premi\u00e9ru spolo\u010dnej v\u00fdstavy umelecky \u010dinnej rodiny p\u00f4vodom z\u00a0kysuckej osady Gregu\u0161e, rodiny Gregu\u0161ovcov.<\/p>\n","protected":false},"author":2,"featured_media":0,"comment_status":"closed","ping_status":"closed","sticky":false,"template":"","format":"standard","meta":{"site-sidebar-layout":"default","site-content-layout":"","ast-site-content-layout":"","site-content-style":"default","site-sidebar-style":"default","ast-global-header-display":"","ast-banner-title-visibility":"","ast-main-header-display":"","ast-hfb-above-header-display":"","ast-hfb-below-header-display":"","ast-hfb-mobile-header-display":"","site-post-title":"","ast-breadcrumbs-content":"","ast-featured-img":"","footer-sml-layout":"","theme-transparent-header-meta":"","adv-header-id-meta":"","stick-header-meta":"","header-above-stick-meta":"","header-main-stick-meta":"","header-below-stick-meta":"","astra-migrate-meta-layouts":"default","ast-page-background-enabled":"default","ast-page-background-meta":{"desktop":{"background-color":"var(--ast-global-color-4)","background-image":"","background-repeat":"repeat","background-position":"center center","background-size":"auto","background-attachment":"scroll","background-type":"","background-media":"","overlay-type":"","overlay-color":"","overlay-opacity":"","overlay-gradient":""},"tablet":{"background-color":"","background-image":"","background-repeat":"repeat","background-position":"center center","background-size":"auto","background-attachment":"scroll","background-type":"","background-media":"","overlay-type":"","overlay-color":"","overlay-opacity":"","overlay-gradient":""},"mobile":{"background-color":"","background-image":"","background-repeat":"repeat","background-position":"center center","background-size":"auto","background-attachment":"scroll","background-type":"","background-media":"","overlay-type":"","overlay-color":"","overlay-opacity":"","overlay-gradient":""}},"ast-content-background-meta":{"desktop":{"background-color":"var(--ast-global-color-5)","background-image":"","background-repeat":"repeat","background-position":"center center","background-size":"auto","background-attachment":"scroll","background-type":"","background-media":"","overlay-type":"","overlay-color":"","overlay-opacity":"","overlay-gradient":""},"tablet":{"background-color":"var(--ast-global-color-5)","background-image":"","background-repeat":"repeat","background-position":"center center","background-size":"auto","background-attachment":"scroll","background-type":"","background-media":"","overlay-type":"","overlay-color":"","overlay-opacity":"","overlay-gradient":""},"mobile":{"background-color":"var(--ast-global-color-5)","background-image":"","background-repeat":"repeat","background-position":"center center","background-size":"auto","background-attachment":"scroll","background-type":"","background-media":"","overlay-type":"","overlay-color":"","overlay-opacity":"","overlay-gradient":""}},"footnotes":""},"categories":[32],"tags":[],"class_list":["post-5982","post","type-post","status-publish","format-standard","hentry","category-archiv-2012"],"yoast_head":"<!-- This site is optimized with the Yoast SEO plugin v27.4 - https:\/\/yoast.com\/product\/yoast-seo-wordpress\/ -->\n<title>Turzov pal\u00e1c onedlho miestom v\u00fdznamnej spolo\u010denskej udalosti - Pova\u017esk\u00e9 m\u00fazeum<\/title>\n<meta name=\"robots\" content=\"index, follow, max-snippet:-1, max-image-preview:large, max-video-preview:-1\" \/>\n<link rel=\"canonical\" href=\"https:\/\/pmza.sk\/?p=5982\" \/>\n<meta property=\"og:locale\" content=\"sk_SK\" \/>\n<meta property=\"og:type\" content=\"article\" \/>\n<meta property=\"og:title\" content=\"Turzov pal\u00e1c onedlho miestom v\u00fdznamnej spolo\u010denskej udalosti - Pova\u017esk\u00e9 m\u00fazeum\" \/>\n<meta property=\"og:description\" content=\"V\u00fdstavami, preva\u017ene region\u00e1lnych v\u00fdtvarn\u00edkov a\u00a0v\u00fdtvarn\u00fdch zdru\u017een\u00ed, sa Sob\u00e1\u0161ny pal\u00e1c v Byt\u010di, po\u010das troch rokov od svojho znovuotvorenia, stal sl\u00e1vnym\u00a0 a\u00a0vyh\u013ead\u00e1van\u00fdm miestom nielen na Hornom Pova\u017e\u00ed, ale aj na celom Slovensku. V\u00a0auguste 2012 priestory pal\u00e1ca za\u017eij\u00fa v\u00fdnimo\u010dn\u00fa premi\u00e9ru spolo\u010dnej v\u00fdstavy umelecky \u010dinnej rodiny p\u00f4vodom z\u00a0kysuckej osady Gregu\u0161e, rodiny Gregu\u0161ovcov.\" \/>\n<meta property=\"og:url\" content=\"https:\/\/pmza.sk\/?p=5982\" \/>\n<meta property=\"og:site_name\" content=\"Pova\u017esk\u00e9 m\u00fazeum\" \/>\n<meta property=\"article:publisher\" content=\"https:\/\/www.facebook.com\/povazskemuzeum\" \/>\n<meta property=\"article:published_time\" content=\"2012-07-25T12:11:44+00:00\" \/>\n<meta property=\"og:image\" content=\"https:\/\/pmza.sk.sk\/wp-content\/uploads\/2012\/07\/z-tvorby-Milana-Gregusa-300x286.jpg\" \/>\n<meta name=\"author\" content=\"Pova\u017esk\u00e9 m\u00fazeum\" \/>\n<meta name=\"twitter:card\" content=\"summary_large_image\" \/>\n<meta name=\"twitter:label1\" content=\"Autor\" \/>\n\t<meta name=\"twitter:data1\" content=\"Pova\u017esk\u00e9 m\u00fazeum\" \/>\n\t<meta name=\"twitter:label2\" content=\"Predpokladan\u00fd \u010das \u010d\u00edtania\" \/>\n\t<meta name=\"twitter:data2\" content=\"2 min\u00faty\" \/>\n<script type=\"application\/ld+json\" class=\"yoast-schema-graph\">{\"@context\":\"https:\\\/\\\/schema.org\",\"@graph\":[{\"@type\":\"Article\",\"@id\":\"https:\\\/\\\/pmza.sk\\\/?p=5982#article\",\"isPartOf\":{\"@id\":\"https:\\\/\\\/pmza.sk\\\/?p=5982\"},\"author\":{\"name\":\"Pova\u017esk\u00e9 m\u00fazeum\",\"@id\":\"https:\\\/\\\/pmza.sk\\\/#\\\/schema\\\/person\\\/595e6a2ce731ea94dcd5d7f50a41ae33\"},\"headline\":\"Turzov pal\u00e1c onedlho miestom v\u00fdznamnej spolo\u010denskej udalosti\",\"datePublished\":\"2012-07-25T12:11:44+00:00\",\"mainEntityOfPage\":{\"@id\":\"https:\\\/\\\/pmza.sk\\\/?p=5982\"},\"wordCount\":432,\"publisher\":{\"@id\":\"https:\\\/\\\/pmza.sk\\\/#organization\"},\"image\":{\"@id\":\"https:\\\/\\\/pmza.sk\\\/?p=5982#primaryimage\"},\"thumbnailUrl\":\"http:\\\/\\\/pmza.sk.sk\\\/wp-content\\\/uploads\\\/2012\\\/07\\\/z-tvorby-Milana-Gregusa-300x286.jpg\",\"articleSection\":[\"Arch\u00edv 2012\"],\"inLanguage\":\"sk-SK\"},{\"@type\":\"WebPage\",\"@id\":\"https:\\\/\\\/pmza.sk\\\/?p=5982\",\"url\":\"https:\\\/\\\/pmza.sk\\\/?p=5982\",\"name\":\"Turzov pal\u00e1c onedlho miestom v\u00fdznamnej spolo\u010denskej udalosti - Pova\u017esk\u00e9 m\u00fazeum\",\"isPartOf\":{\"@id\":\"https:\\\/\\\/pmza.sk\\\/#website\"},\"primaryImageOfPage\":{\"@id\":\"https:\\\/\\\/pmza.sk\\\/?p=5982#primaryimage\"},\"image\":{\"@id\":\"https:\\\/\\\/pmza.sk\\\/?p=5982#primaryimage\"},\"thumbnailUrl\":\"http:\\\/\\\/pmza.sk.sk\\\/wp-content\\\/uploads\\\/2012\\\/07\\\/z-tvorby-Milana-Gregusa-300x286.jpg\",\"datePublished\":\"2012-07-25T12:11:44+00:00\",\"breadcrumb\":{\"@id\":\"https:\\\/\\\/pmza.sk\\\/?p=5982#breadcrumb\"},\"inLanguage\":\"sk-SK\",\"potentialAction\":[{\"@type\":\"ReadAction\",\"target\":[\"https:\\\/\\\/pmza.sk\\\/?p=5982\"]}]},{\"@type\":\"ImageObject\",\"inLanguage\":\"sk-SK\",\"@id\":\"https:\\\/\\\/pmza.sk\\\/?p=5982#primaryimage\",\"url\":\"http:\\\/\\\/pmza.sk.sk\\\/wp-content\\\/uploads\\\/2012\\\/07\\\/z-tvorby-Milana-Gregusa-300x286.jpg\",\"contentUrl\":\"http:\\\/\\\/pmza.sk.sk\\\/wp-content\\\/uploads\\\/2012\\\/07\\\/z-tvorby-Milana-Gregusa-300x286.jpg\"},{\"@type\":\"BreadcrumbList\",\"@id\":\"https:\\\/\\\/pmza.sk\\\/?p=5982#breadcrumb\",\"itemListElement\":[{\"@type\":\"ListItem\",\"position\":1,\"name\":\"Domovsk\u00e1 str\u00e1nka\",\"item\":\"https:\\\/\\\/pmza.sk\\\/\"},{\"@type\":\"ListItem\",\"position\":2,\"name\":\"Turzov pal\u00e1c onedlho miestom v\u00fdznamnej spolo\u010denskej udalosti\"}]},{\"@type\":\"WebSite\",\"@id\":\"https:\\\/\\\/pmza.sk\\\/#website\",\"url\":\"https:\\\/\\\/pmza.sk\\\/\",\"name\":\"Pova\u017esk\u00e9 m\u00fazeum\",\"description\":\"Pova\u017esk\u00e9 m\u00fazeum v \u017diline je region\u00e1lne m\u00fazeum so s\u00eddlom v Budat\u00edne. Jeho expoz\u00edcie s\u00fa zameran\u00e9 na dejiny slovensk\u00e9ho umenia, kult\u00fary a dopravy.\",\"publisher\":{\"@id\":\"https:\\\/\\\/pmza.sk\\\/#organization\"},\"potentialAction\":[{\"@type\":\"SearchAction\",\"target\":{\"@type\":\"EntryPoint\",\"urlTemplate\":\"https:\\\/\\\/pmza.sk\\\/?s={search_term_string}\"},\"query-input\":{\"@type\":\"PropertyValueSpecification\",\"valueRequired\":true,\"valueName\":\"search_term_string\"}}],\"inLanguage\":\"sk-SK\"},{\"@type\":\"Organization\",\"@id\":\"https:\\\/\\\/pmza.sk\\\/#organization\",\"name\":\"Pova\u017esk\u00e9 m\u00fazeum\",\"url\":\"https:\\\/\\\/pmza.sk\\\/\",\"logo\":{\"@type\":\"ImageObject\",\"inLanguage\":\"sk-SK\",\"@id\":\"https:\\\/\\\/pmza.sk\\\/#\\\/schema\\\/logo\\\/image\\\/\",\"url\":\"https:\\\/\\\/pmza.sk\\\/wp-content\\\/uploads\\\/2022\\\/01\\\/logo_PM_horizontal.jpg\",\"contentUrl\":\"https:\\\/\\\/pmza.sk\\\/wp-content\\\/uploads\\\/2022\\\/01\\\/logo_PM_horizontal.jpg\",\"width\":231,\"height\":142,\"caption\":\"Pova\u017esk\u00e9 m\u00fazeum\"},\"image\":{\"@id\":\"https:\\\/\\\/pmza.sk\\\/#\\\/schema\\\/logo\\\/image\\\/\"},\"sameAs\":[\"https:\\\/\\\/www.facebook.com\\\/povazskemuzeum\",\"https:\\\/\\\/www.instagram.com\\\/povazskemuzeum\\\/\"]},{\"@type\":\"Person\",\"@id\":\"https:\\\/\\\/pmza.sk\\\/#\\\/schema\\\/person\\\/595e6a2ce731ea94dcd5d7f50a41ae33\",\"name\":\"Pova\u017esk\u00e9 m\u00fazeum\",\"image\":{\"@type\":\"ImageObject\",\"inLanguage\":\"sk-SK\",\"@id\":\"https:\\\/\\\/secure.gravatar.com\\\/avatar\\\/2bb7f1561282132fb5826dfeccc66c7996d11ee392ac6aaf7ced8a1c2027fbb2?s=96&d=mm&r=g\",\"url\":\"https:\\\/\\\/secure.gravatar.com\\\/avatar\\\/2bb7f1561282132fb5826dfeccc66c7996d11ee392ac6aaf7ced8a1c2027fbb2?s=96&d=mm&r=g\",\"contentUrl\":\"https:\\\/\\\/secure.gravatar.com\\\/avatar\\\/2bb7f1561282132fb5826dfeccc66c7996d11ee392ac6aaf7ced8a1c2027fbb2?s=96&d=mm&r=g\",\"caption\":\"Pova\u017esk\u00e9 m\u00fazeum\"}}]}<\/script>\n<!-- \/ Yoast SEO plugin. -->","yoast_head_json":{"title":"Turzov pal\u00e1c onedlho miestom v\u00fdznamnej spolo\u010denskej udalosti - Pova\u017esk\u00e9 m\u00fazeum","robots":{"index":"index","follow":"follow","max-snippet":"max-snippet:-1","max-image-preview":"max-image-preview:large","max-video-preview":"max-video-preview:-1"},"canonical":"https:\/\/pmza.sk\/?p=5982","og_locale":"sk_SK","og_type":"article","og_title":"Turzov pal\u00e1c onedlho miestom v\u00fdznamnej spolo\u010denskej udalosti - Pova\u017esk\u00e9 m\u00fazeum","og_description":"V\u00fdstavami, preva\u017ene region\u00e1lnych v\u00fdtvarn\u00edkov a\u00a0v\u00fdtvarn\u00fdch zdru\u017een\u00ed, sa Sob\u00e1\u0161ny pal\u00e1c v Byt\u010di, po\u010das troch rokov od svojho znovuotvorenia, stal sl\u00e1vnym\u00a0 a\u00a0vyh\u013ead\u00e1van\u00fdm miestom nielen na Hornom Pova\u017e\u00ed, ale aj na celom Slovensku. V\u00a0auguste 2012 priestory pal\u00e1ca za\u017eij\u00fa v\u00fdnimo\u010dn\u00fa premi\u00e9ru spolo\u010dnej v\u00fdstavy umelecky \u010dinnej rodiny p\u00f4vodom z\u00a0kysuckej osady Gregu\u0161e, rodiny Gregu\u0161ovcov.","og_url":"https:\/\/pmza.sk\/?p=5982","og_site_name":"Pova\u017esk\u00e9 m\u00fazeum","article_publisher":"https:\/\/www.facebook.com\/povazskemuzeum","article_published_time":"2012-07-25T12:11:44+00:00","og_image":[{"url":"https:\/\/pmza.sk.sk\/wp-content\/uploads\/2012\/07\/z-tvorby-Milana-Gregusa-300x286.jpg","type":"","width":"","height":""}],"author":"Pova\u017esk\u00e9 m\u00fazeum","twitter_card":"summary_large_image","twitter_misc":{"Autor":"Pova\u017esk\u00e9 m\u00fazeum","Predpokladan\u00fd \u010das \u010d\u00edtania":"2 min\u00faty"},"schema":{"@context":"https:\/\/schema.org","@graph":[{"@type":"Article","@id":"https:\/\/pmza.sk\/?p=5982#article","isPartOf":{"@id":"https:\/\/pmza.sk\/?p=5982"},"author":{"name":"Pova\u017esk\u00e9 m\u00fazeum","@id":"https:\/\/pmza.sk\/#\/schema\/person\/595e6a2ce731ea94dcd5d7f50a41ae33"},"headline":"Turzov pal\u00e1c onedlho miestom v\u00fdznamnej spolo\u010denskej udalosti","datePublished":"2012-07-25T12:11:44+00:00","mainEntityOfPage":{"@id":"https:\/\/pmza.sk\/?p=5982"},"wordCount":432,"publisher":{"@id":"https:\/\/pmza.sk\/#organization"},"image":{"@id":"https:\/\/pmza.sk\/?p=5982#primaryimage"},"thumbnailUrl":"https:\/\/pmza.sk.sk\/wp-content\/uploads\/2012\/07\/z-tvorby-Milana-Gregusa-300x286.jpg","articleSection":["Arch\u00edv 2012"],"inLanguage":"sk-SK"},{"@type":"WebPage","@id":"https:\/\/pmza.sk\/?p=5982","url":"https:\/\/pmza.sk\/?p=5982","name":"Turzov pal\u00e1c onedlho miestom v\u00fdznamnej spolo\u010denskej udalosti - Pova\u017esk\u00e9 m\u00fazeum","isPartOf":{"@id":"https:\/\/pmza.sk\/#website"},"primaryImageOfPage":{"@id":"https:\/\/pmza.sk\/?p=5982#primaryimage"},"image":{"@id":"https:\/\/pmza.sk\/?p=5982#primaryimage"},"thumbnailUrl":"https:\/\/pmza.sk.sk\/wp-content\/uploads\/2012\/07\/z-tvorby-Milana-Gregusa-300x286.jpg","datePublished":"2012-07-25T12:11:44+00:00","breadcrumb":{"@id":"https:\/\/pmza.sk\/?p=5982#breadcrumb"},"inLanguage":"sk-SK","potentialAction":[{"@type":"ReadAction","target":["https:\/\/pmza.sk\/?p=5982"]}]},{"@type":"ImageObject","inLanguage":"sk-SK","@id":"https:\/\/pmza.sk\/?p=5982#primaryimage","url":"https:\/\/pmza.sk.sk\/wp-content\/uploads\/2012\/07\/z-tvorby-Milana-Gregusa-300x286.jpg","contentUrl":"https:\/\/pmza.sk.sk\/wp-content\/uploads\/2012\/07\/z-tvorby-Milana-Gregusa-300x286.jpg"},{"@type":"BreadcrumbList","@id":"https:\/\/pmza.sk\/?p=5982#breadcrumb","itemListElement":[{"@type":"ListItem","position":1,"name":"Domovsk\u00e1 str\u00e1nka","item":"https:\/\/pmza.sk\/"},{"@type":"ListItem","position":2,"name":"Turzov pal\u00e1c onedlho miestom v\u00fdznamnej spolo\u010denskej udalosti"}]},{"@type":"WebSite","@id":"https:\/\/pmza.sk\/#website","url":"https:\/\/pmza.sk\/","name":"Pova\u017esk\u00e9 m\u00fazeum","description":"Pova\u017esk\u00e9 m\u00fazeum v \u017diline je region\u00e1lne m\u00fazeum so s\u00eddlom v Budat\u00edne. Jeho expoz\u00edcie s\u00fa zameran\u00e9 na dejiny slovensk\u00e9ho umenia, kult\u00fary a dopravy.","publisher":{"@id":"https:\/\/pmza.sk\/#organization"},"potentialAction":[{"@type":"SearchAction","target":{"@type":"EntryPoint","urlTemplate":"https:\/\/pmza.sk\/?s={search_term_string}"},"query-input":{"@type":"PropertyValueSpecification","valueRequired":true,"valueName":"search_term_string"}}],"inLanguage":"sk-SK"},{"@type":"Organization","@id":"https:\/\/pmza.sk\/#organization","name":"Pova\u017esk\u00e9 m\u00fazeum","url":"https:\/\/pmza.sk\/","logo":{"@type":"ImageObject","inLanguage":"sk-SK","@id":"https:\/\/pmza.sk\/#\/schema\/logo\/image\/","url":"https:\/\/pmza.sk\/wp-content\/uploads\/2022\/01\/logo_PM_horizontal.jpg","contentUrl":"https:\/\/pmza.sk\/wp-content\/uploads\/2022\/01\/logo_PM_horizontal.jpg","width":231,"height":142,"caption":"Pova\u017esk\u00e9 m\u00fazeum"},"image":{"@id":"https:\/\/pmza.sk\/#\/schema\/logo\/image\/"},"sameAs":["https:\/\/www.facebook.com\/povazskemuzeum","https:\/\/www.instagram.com\/povazskemuzeum\/"]},{"@type":"Person","@id":"https:\/\/pmza.sk\/#\/schema\/person\/595e6a2ce731ea94dcd5d7f50a41ae33","name":"Pova\u017esk\u00e9 m\u00fazeum","image":{"@type":"ImageObject","inLanguage":"sk-SK","@id":"https:\/\/secure.gravatar.com\/avatar\/2bb7f1561282132fb5826dfeccc66c7996d11ee392ac6aaf7ced8a1c2027fbb2?s=96&d=mm&r=g","url":"https:\/\/secure.gravatar.com\/avatar\/2bb7f1561282132fb5826dfeccc66c7996d11ee392ac6aaf7ced8a1c2027fbb2?s=96&d=mm&r=g","contentUrl":"https:\/\/secure.gravatar.com\/avatar\/2bb7f1561282132fb5826dfeccc66c7996d11ee392ac6aaf7ced8a1c2027fbb2?s=96&d=mm&r=g","caption":"Pova\u017esk\u00e9 m\u00fazeum"}}]}},"_links":{"self":[{"href":"https:\/\/pmza.sk\/index.php?rest_route=\/wp\/v2\/posts\/5982","targetHints":{"allow":["GET"]}}],"collection":[{"href":"https:\/\/pmza.sk\/index.php?rest_route=\/wp\/v2\/posts"}],"about":[{"href":"https:\/\/pmza.sk\/index.php?rest_route=\/wp\/v2\/types\/post"}],"author":[{"embeddable":true,"href":"https:\/\/pmza.sk\/index.php?rest_route=\/wp\/v2\/users\/2"}],"replies":[{"embeddable":true,"href":"https:\/\/pmza.sk\/index.php?rest_route=%2Fwp%2Fv2%2Fcomments&post=5982"}],"version-history":[{"count":0,"href":"https:\/\/pmza.sk\/index.php?rest_route=\/wp\/v2\/posts\/5982\/revisions"}],"wp:attachment":[{"href":"https:\/\/pmza.sk\/index.php?rest_route=%2Fwp%2Fv2%2Fmedia&parent=5982"}],"wp:term":[{"taxonomy":"category","embeddable":true,"href":"https:\/\/pmza.sk\/index.php?rest_route=%2Fwp%2Fv2%2Fcategories&post=5982"},{"taxonomy":"post_tag","embeddable":true,"href":"https:\/\/pmza.sk\/index.php?rest_route=%2Fwp%2Fv2%2Ftags&post=5982"}],"curies":[{"name":"wp","href":"https:\/\/api.w.org\/{rel}","templated":true}]}}