{"id":5995,"date":"2012-07-30T09:53:16","date_gmt":"2012-07-30T07:53:16","guid":{"rendered":"https:\/\/pmza.sk.sk\/?p=5995"},"modified":"2012-07-30T09:53:16","modified_gmt":"2012-07-30T07:53:16","slug":"matusovo-evanjelium-na-fotkach-jaroslava-hulku","status":"publish","type":"post","link":"https:\/\/pmza.sk\/?p=5995","title":{"rendered":"Mat\u00fa\u0161ovo evanjelium na fotk\u00e1ch Jaroslava Hulku"},"content":{"rendered":"<p><strong> <\/strong><\/p>\n<p><a href=\"https:\/\/pmza.sk\/wp-content\/uploads\/2012\/07\/IRICH-neprebudeny.jpg\"><img fetchpriority=\"high\" decoding=\"async\" class=\"alignleft size-medium wp-image-5996\" style=\"margin: 4px; border: 2px solid black;\" title=\"IRICH - neprebudeny\" src=\"https:\/\/pmza.sk.sk\/wp-content\/uploads\/2012\/07\/IRICH-neprebudeny-300x210.jpg\" alt=\"\" width=\"300\" height=\"210\" \/><\/a>Severn\u00fd pal\u00e1c hradu Stre\u010dno v\u00a0tomto roku pon\u00fakol a pon\u00faka v\u00a0kontexte cyklu v\u00fdstav <strong>Umenie na hrade<\/strong> in\u0161tal\u00e1cie r\u00f4znych v\u00fdtvarn\u00fdch \u017e\u00e1nrov a\u00a0techn\u00edk, ale len jedin\u00fa z oblasti fotografick\u00e9ho umenia. Jubiluj\u00faci Jaroslav Hulka, zn\u00e1my \u017eilinsk\u00fd fotograf, pripravil \u0161peci\u00e1lne pre priestory stredovek\u00fdch m\u00farov hradu na august 2012 fotografick\u00fd diptych s\u00a0n\u00e1zvom IRICH 1862 a\u00a0Evanjelium pod\u013ea Mat\u00fa\u0161a. \u201e <em>IRICH 1862 a\u00a0s\u00fabor fotografi\u00ed kostola sv\u00e4tej Katariny Alexandrijskej v\u00a0Dechticiach vznikali v\u00a0roku 2011.\u00a0 Ako fotograf neust\u00e1le h\u013ead\u00e1m a\u00a0st<\/em><em>\u00e1le objavujem nov\u00e9 t\u00e9my , ktor\u00e9 sa\u00a0 sna\u017e\u00edm spracova\u0165 do netypick\u00fdch pol\u00f4h a\u00a0v\u00fdpoved\u00ed. V\u00a0 pr\u00edpade IRICH 1862 hrou svetla a\u00a0tie\u0148a, graduj\u00facou koloritou,\u00a0 perform\u00e1ciou \u010dloveka do symbolu kr\u00ed\u017ea, bolo mojou snahou vyvola\u0165 dojem il\u00fazie nekone\u010dna a\u00a0v\u0161ehom\u00edra,<\/em>\u201c uviedol Jaroslav Hulka.<!--more--><\/p>\n<p>Malebn\u00fd rannobarokov\u00fd franti\u0161k\u00e1nsky kostol<em> <\/em>sv\u00e4tej Katariny Alexandrijskej v\u00a0Dechticiach autora nato\u013eko o\u010daril, \u017ee sa stal n\u00e1metom \u010fal\u0161ieho s\u00faboru pod n\u00e1zvom Evanjelium pod\u013ea Mat\u00fa\u0161a. Skvelou kompoz\u00edciou sakr\u00e1lnych priestorov Jaroslav Hulka vo svojich sn\u00edmkach op\u00e4tovne vyvol\u00e1va\u00a0 dojem jedine\u010dnosti sveta a\u00a0z\u00e1rove\u0148 nap\u013a\u0148a sentenciu z\u00a0Mat\u00fa\u0161ovho evanjelia \u201e <em>Kto h\u013ead\u00e1, n\u00e1jde.\u201c<\/em><\/p>\n<p>\u201e<em> Fotograf Jaro Hulka patr\u00ed do tej skupiny autorov, ktor\u00ed pri pr\u00e1ci v oblasti digit\u00e1lnej fotografie vedia vhodne sk\u013abi\u0165 jej mo\u017enosti s invenciou fotografick\u00e9ho myslenia a z\u00e1rove\u0148 pridru\u017ei\u0165 i osobit\u00fd v\u00fdtvarn\u00fd program, a tak je v\u00fdsledkom zauj\u00edmav\u00e1 fotografia. Snaha vytv\u00e1ra\u0165 kompozi\u010dne jednoduch\u00fa skladbu fotografi\u00ed je u Hulku pr\u00edtomn\u00e1 permanentne, pretrv\u00e1va u\u017e od star\u0161\u00edch sn\u00edmok, ktor\u00e9 vznikali v druhej polovici 70. rokov 20. storo\u010dia. Vtedy bol centrom z\u00e1ujmu autora jednoduch\u00fd geometrick\u00fd tvar a jeho zv\u00e4\u010d\u0161en\u00fd detail. V aktu\u00e1lnej tvorbe fotograf vytv\u00e1ra z\u00e1bery pozost\u00e1vaj\u00face pod\u013ea mo\u017enosti z \u010do najmen\u0161ieho mno\u017estva komponentov a d\u00f4raz kladie najm\u00e4 na ich vz\u00e1jomn\u00e9 v\u00e4zby a celkov\u00fd vizu\u00e1lny dojem, ktor\u00fd vytv\u00e1raj\u00fa<\/em>, \u201cdodala na z\u00e1ver Mira Sikorov\u00e1-Puti\u0161ov\u00e1, v\u00fdtvarn\u00e1 teoreti\u010dka.<\/p>\n<p>Vernis\u00e1\u017e v\u00fdstavy IRICH 1862 sa uskuto\u010dn\u00ed <strong>v\u00a0piatok 3. augusta 2012 o\u00a018,00 hod. v\u00a0Severnom pal\u00e1ci hradu Stre\u010dno.<\/strong> Organiz\u00e1torom je \u017dilinsk\u00fd samospr\u00e1vny kraj, Pova\u017esk\u00e9 m\u00fazeum v\u00a0\u017diline a\u00a0Jaroslav Hulka.<\/p>\n","protected":false},"excerpt":{"rendered":"<p>Severn\u00fd pal\u00e1c hradu Stre\u010dno v\u00a0tomto roku pon\u00fakol a pon\u00faka v\u00a0kontexte cyklu v\u00fdstav Umenie na hrade in\u0161tal\u00e1cie r\u00f4znych v\u00fdtvarn\u00fdch \u017e\u00e1nrov a\u00a0techn\u00edk, ale len jedin\u00fa z oblasti fotografick\u00e9ho umenia. Jubiluj\u00faci Jaroslav Hulka, zn\u00e1my \u017eilinsk\u00fd fotograf, pripravil \u0161peci\u00e1lne pre priestory stredovek\u00fdch m\u00farov hradu na august 2012 fotografick\u00fd diptych s\u00a0n\u00e1zvom IRICH 1862 a\u00a0Evanjelium pod\u013ea Mat\u00fa\u0161a. \u201e IRICH 1862 a\u00a0s\u00fabor [&hellip;]<\/p>\n","protected":false},"author":2,"featured_media":0,"comment_status":"closed","ping_status":"closed","sticky":false,"template":"","format":"standard","meta":{"site-sidebar-layout":"default","site-content-layout":"","ast-site-content-layout":"","site-content-style":"default","site-sidebar-style":"default","ast-global-header-display":"","ast-banner-title-visibility":"","ast-main-header-display":"","ast-hfb-above-header-display":"","ast-hfb-below-header-display":"","ast-hfb-mobile-header-display":"","site-post-title":"","ast-breadcrumbs-content":"","ast-featured-img":"","footer-sml-layout":"","theme-transparent-header-meta":"","adv-header-id-meta":"","stick-header-meta":"","header-above-stick-meta":"","header-main-stick-meta":"","header-below-stick-meta":"","astra-migrate-meta-layouts":"default","ast-page-background-enabled":"default","ast-page-background-meta":{"desktop":{"background-color":"var(--ast-global-color-4)","background-image":"","background-repeat":"repeat","background-position":"center center","background-size":"auto","background-attachment":"scroll","background-type":"","background-media":"","overlay-type":"","overlay-color":"","overlay-opacity":"","overlay-gradient":""},"tablet":{"background-color":"","background-image":"","background-repeat":"repeat","background-position":"center center","background-size":"auto","background-attachment":"scroll","background-type":"","background-media":"","overlay-type":"","overlay-color":"","overlay-opacity":"","overlay-gradient":""},"mobile":{"background-color":"","background-image":"","background-repeat":"repeat","background-position":"center center","background-size":"auto","background-attachment":"scroll","background-type":"","background-media":"","overlay-type":"","overlay-color":"","overlay-opacity":"","overlay-gradient":""}},"ast-content-background-meta":{"desktop":{"background-color":"var(--ast-global-color-5)","background-image":"","background-repeat":"repeat","background-position":"center center","background-size":"auto","background-attachment":"scroll","background-type":"","background-media":"","overlay-type":"","overlay-color":"","overlay-opacity":"","overlay-gradient":""},"tablet":{"background-color":"var(--ast-global-color-5)","background-image":"","background-repeat":"repeat","background-position":"center center","background-size":"auto","background-attachment":"scroll","background-type":"","background-media":"","overlay-type":"","overlay-color":"","overlay-opacity":"","overlay-gradient":""},"mobile":{"background-color":"var(--ast-global-color-5)","background-image":"","background-repeat":"repeat","background-position":"center center","background-size":"auto","background-attachment":"scroll","background-type":"","background-media":"","overlay-type":"","overlay-color":"","overlay-opacity":"","overlay-gradient":""}},"footnotes":""},"categories":[32],"tags":[],"class_list":["post-5995","post","type-post","status-publish","format-standard","hentry","category-archiv-2012"],"yoast_head":"<!-- This site is optimized with the Yoast SEO plugin v27.4 - https:\/\/yoast.com\/product\/yoast-seo-wordpress\/ -->\n<title>Mat\u00fa\u0161ovo evanjelium na fotk\u00e1ch Jaroslava Hulku - Pova\u017esk\u00e9 m\u00fazeum<\/title>\n<meta name=\"robots\" content=\"index, follow, max-snippet:-1, max-image-preview:large, max-video-preview:-1\" \/>\n<link rel=\"canonical\" href=\"https:\/\/pmza.sk\/?p=5995\" \/>\n<meta property=\"og:locale\" content=\"sk_SK\" \/>\n<meta property=\"og:type\" content=\"article\" \/>\n<meta property=\"og:title\" content=\"Mat\u00fa\u0161ovo evanjelium na fotk\u00e1ch Jaroslava Hulku - Pova\u017esk\u00e9 m\u00fazeum\" \/>\n<meta property=\"og:description\" content=\"Severn\u00fd pal\u00e1c hradu Stre\u010dno v\u00a0tomto roku pon\u00fakol a pon\u00faka v\u00a0kontexte cyklu v\u00fdstav Umenie na hrade in\u0161tal\u00e1cie r\u00f4znych v\u00fdtvarn\u00fdch \u017e\u00e1nrov a\u00a0techn\u00edk, ale len jedin\u00fa z oblasti fotografick\u00e9ho umenia. Jubiluj\u00faci Jaroslav Hulka, zn\u00e1my \u017eilinsk\u00fd fotograf, pripravil \u0161peci\u00e1lne pre priestory stredovek\u00fdch m\u00farov hradu na august 2012 fotografick\u00fd diptych s\u00a0n\u00e1zvom IRICH 1862 a\u00a0Evanjelium pod\u013ea Mat\u00fa\u0161a. \u201e IRICH 1862 a\u00a0s\u00fabor [&hellip;]\" \/>\n<meta property=\"og:url\" content=\"https:\/\/pmza.sk\/?p=5995\" \/>\n<meta property=\"og:site_name\" content=\"Pova\u017esk\u00e9 m\u00fazeum\" \/>\n<meta property=\"article:publisher\" content=\"https:\/\/www.facebook.com\/povazskemuzeum\" \/>\n<meta property=\"article:published_time\" content=\"2012-07-30T07:53:16+00:00\" \/>\n<meta property=\"og:image\" content=\"https:\/\/pmza.sk.sk\/wp-content\/uploads\/2012\/07\/IRICH-neprebudeny-300x210.jpg\" \/>\n<meta name=\"author\" content=\"Pova\u017esk\u00e9 m\u00fazeum\" \/>\n<meta name=\"twitter:card\" content=\"summary_large_image\" \/>\n<meta name=\"twitter:label1\" content=\"Autor\" \/>\n\t<meta name=\"twitter:data1\" content=\"Pova\u017esk\u00e9 m\u00fazeum\" \/>\n\t<meta name=\"twitter:label2\" content=\"Predpokladan\u00fd \u010das \u010d\u00edtania\" \/>\n\t<meta name=\"twitter:data2\" content=\"2 min\u00faty\" \/>\n<script type=\"application\/ld+json\" class=\"yoast-schema-graph\">{\"@context\":\"https:\\\/\\\/schema.org\",\"@graph\":[{\"@type\":\"Article\",\"@id\":\"https:\\\/\\\/pmza.sk\\\/?p=5995#article\",\"isPartOf\":{\"@id\":\"https:\\\/\\\/pmza.sk\\\/?p=5995\"},\"author\":{\"name\":\"Pova\u017esk\u00e9 m\u00fazeum\",\"@id\":\"https:\\\/\\\/pmza.sk\\\/#\\\/schema\\\/person\\\/595e6a2ce731ea94dcd5d7f50a41ae33\"},\"headline\":\"Mat\u00fa\u0161ovo evanjelium na fotk\u00e1ch Jaroslava Hulku\",\"datePublished\":\"2012-07-30T07:53:16+00:00\",\"mainEntityOfPage\":{\"@id\":\"https:\\\/\\\/pmza.sk\\\/?p=5995\"},\"wordCount\":408,\"publisher\":{\"@id\":\"https:\\\/\\\/pmza.sk\\\/#organization\"},\"image\":{\"@id\":\"https:\\\/\\\/pmza.sk\\\/?p=5995#primaryimage\"},\"thumbnailUrl\":\"http:\\\/\\\/pmza.sk.sk\\\/wp-content\\\/uploads\\\/2012\\\/07\\\/IRICH-neprebudeny-300x210.jpg\",\"articleSection\":[\"Arch\u00edv 2012\"],\"inLanguage\":\"sk-SK\"},{\"@type\":\"WebPage\",\"@id\":\"https:\\\/\\\/pmza.sk\\\/?p=5995\",\"url\":\"https:\\\/\\\/pmza.sk\\\/?p=5995\",\"name\":\"Mat\u00fa\u0161ovo evanjelium na fotk\u00e1ch Jaroslava Hulku - Pova\u017esk\u00e9 m\u00fazeum\",\"isPartOf\":{\"@id\":\"https:\\\/\\\/pmza.sk\\\/#website\"},\"primaryImageOfPage\":{\"@id\":\"https:\\\/\\\/pmza.sk\\\/?p=5995#primaryimage\"},\"image\":{\"@id\":\"https:\\\/\\\/pmza.sk\\\/?p=5995#primaryimage\"},\"thumbnailUrl\":\"http:\\\/\\\/pmza.sk.sk\\\/wp-content\\\/uploads\\\/2012\\\/07\\\/IRICH-neprebudeny-300x210.jpg\",\"datePublished\":\"2012-07-30T07:53:16+00:00\",\"breadcrumb\":{\"@id\":\"https:\\\/\\\/pmza.sk\\\/?p=5995#breadcrumb\"},\"inLanguage\":\"sk-SK\",\"potentialAction\":[{\"@type\":\"ReadAction\",\"target\":[\"https:\\\/\\\/pmza.sk\\\/?p=5995\"]}]},{\"@type\":\"ImageObject\",\"inLanguage\":\"sk-SK\",\"@id\":\"https:\\\/\\\/pmza.sk\\\/?p=5995#primaryimage\",\"url\":\"http:\\\/\\\/pmza.sk.sk\\\/wp-content\\\/uploads\\\/2012\\\/07\\\/IRICH-neprebudeny-300x210.jpg\",\"contentUrl\":\"http:\\\/\\\/pmza.sk.sk\\\/wp-content\\\/uploads\\\/2012\\\/07\\\/IRICH-neprebudeny-300x210.jpg\"},{\"@type\":\"BreadcrumbList\",\"@id\":\"https:\\\/\\\/pmza.sk\\\/?p=5995#breadcrumb\",\"itemListElement\":[{\"@type\":\"ListItem\",\"position\":1,\"name\":\"Domovsk\u00e1 str\u00e1nka\",\"item\":\"https:\\\/\\\/pmza.sk\\\/\"},{\"@type\":\"ListItem\",\"position\":2,\"name\":\"Mat\u00fa\u0161ovo evanjelium na fotk\u00e1ch Jaroslava Hulku\"}]},{\"@type\":\"WebSite\",\"@id\":\"https:\\\/\\\/pmza.sk\\\/#website\",\"url\":\"https:\\\/\\\/pmza.sk\\\/\",\"name\":\"Pova\u017esk\u00e9 m\u00fazeum\",\"description\":\"Pova\u017esk\u00e9 m\u00fazeum v \u017diline je region\u00e1lne m\u00fazeum so s\u00eddlom v Budat\u00edne. Jeho expoz\u00edcie s\u00fa zameran\u00e9 na dejiny slovensk\u00e9ho umenia, kult\u00fary a dopravy.\",\"publisher\":{\"@id\":\"https:\\\/\\\/pmza.sk\\\/#organization\"},\"potentialAction\":[{\"@type\":\"SearchAction\",\"target\":{\"@type\":\"EntryPoint\",\"urlTemplate\":\"https:\\\/\\\/pmza.sk\\\/?s={search_term_string}\"},\"query-input\":{\"@type\":\"PropertyValueSpecification\",\"valueRequired\":true,\"valueName\":\"search_term_string\"}}],\"inLanguage\":\"sk-SK\"},{\"@type\":\"Organization\",\"@id\":\"https:\\\/\\\/pmza.sk\\\/#organization\",\"name\":\"Pova\u017esk\u00e9 m\u00fazeum\",\"url\":\"https:\\\/\\\/pmza.sk\\\/\",\"logo\":{\"@type\":\"ImageObject\",\"inLanguage\":\"sk-SK\",\"@id\":\"https:\\\/\\\/pmza.sk\\\/#\\\/schema\\\/logo\\\/image\\\/\",\"url\":\"https:\\\/\\\/pmza.sk\\\/wp-content\\\/uploads\\\/2022\\\/01\\\/logo_PM_horizontal.jpg\",\"contentUrl\":\"https:\\\/\\\/pmza.sk\\\/wp-content\\\/uploads\\\/2022\\\/01\\\/logo_PM_horizontal.jpg\",\"width\":231,\"height\":142,\"caption\":\"Pova\u017esk\u00e9 m\u00fazeum\"},\"image\":{\"@id\":\"https:\\\/\\\/pmza.sk\\\/#\\\/schema\\\/logo\\\/image\\\/\"},\"sameAs\":[\"https:\\\/\\\/www.facebook.com\\\/povazskemuzeum\",\"https:\\\/\\\/www.instagram.com\\\/povazskemuzeum\\\/\"]},{\"@type\":\"Person\",\"@id\":\"https:\\\/\\\/pmza.sk\\\/#\\\/schema\\\/person\\\/595e6a2ce731ea94dcd5d7f50a41ae33\",\"name\":\"Pova\u017esk\u00e9 m\u00fazeum\",\"image\":{\"@type\":\"ImageObject\",\"inLanguage\":\"sk-SK\",\"@id\":\"https:\\\/\\\/secure.gravatar.com\\\/avatar\\\/2bb7f1561282132fb5826dfeccc66c7996d11ee392ac6aaf7ced8a1c2027fbb2?s=96&d=mm&r=g\",\"url\":\"https:\\\/\\\/secure.gravatar.com\\\/avatar\\\/2bb7f1561282132fb5826dfeccc66c7996d11ee392ac6aaf7ced8a1c2027fbb2?s=96&d=mm&r=g\",\"contentUrl\":\"https:\\\/\\\/secure.gravatar.com\\\/avatar\\\/2bb7f1561282132fb5826dfeccc66c7996d11ee392ac6aaf7ced8a1c2027fbb2?s=96&d=mm&r=g\",\"caption\":\"Pova\u017esk\u00e9 m\u00fazeum\"}}]}<\/script>\n<!-- \/ Yoast SEO plugin. -->","yoast_head_json":{"title":"Mat\u00fa\u0161ovo evanjelium na fotk\u00e1ch Jaroslava Hulku - Pova\u017esk\u00e9 m\u00fazeum","robots":{"index":"index","follow":"follow","max-snippet":"max-snippet:-1","max-image-preview":"max-image-preview:large","max-video-preview":"max-video-preview:-1"},"canonical":"https:\/\/pmza.sk\/?p=5995","og_locale":"sk_SK","og_type":"article","og_title":"Mat\u00fa\u0161ovo evanjelium na fotk\u00e1ch Jaroslava Hulku - Pova\u017esk\u00e9 m\u00fazeum","og_description":"Severn\u00fd pal\u00e1c hradu Stre\u010dno v\u00a0tomto roku pon\u00fakol a pon\u00faka v\u00a0kontexte cyklu v\u00fdstav Umenie na hrade in\u0161tal\u00e1cie r\u00f4znych v\u00fdtvarn\u00fdch \u017e\u00e1nrov a\u00a0techn\u00edk, ale len jedin\u00fa z oblasti fotografick\u00e9ho umenia. Jubiluj\u00faci Jaroslav Hulka, zn\u00e1my \u017eilinsk\u00fd fotograf, pripravil \u0161peci\u00e1lne pre priestory stredovek\u00fdch m\u00farov hradu na august 2012 fotografick\u00fd diptych s\u00a0n\u00e1zvom IRICH 1862 a\u00a0Evanjelium pod\u013ea Mat\u00fa\u0161a. \u201e IRICH 1862 a\u00a0s\u00fabor [&hellip;]","og_url":"https:\/\/pmza.sk\/?p=5995","og_site_name":"Pova\u017esk\u00e9 m\u00fazeum","article_publisher":"https:\/\/www.facebook.com\/povazskemuzeum","article_published_time":"2012-07-30T07:53:16+00:00","og_image":[{"url":"https:\/\/pmza.sk.sk\/wp-content\/uploads\/2012\/07\/IRICH-neprebudeny-300x210.jpg","type":"","width":"","height":""}],"author":"Pova\u017esk\u00e9 m\u00fazeum","twitter_card":"summary_large_image","twitter_misc":{"Autor":"Pova\u017esk\u00e9 m\u00fazeum","Predpokladan\u00fd \u010das \u010d\u00edtania":"2 min\u00faty"},"schema":{"@context":"https:\/\/schema.org","@graph":[{"@type":"Article","@id":"https:\/\/pmza.sk\/?p=5995#article","isPartOf":{"@id":"https:\/\/pmza.sk\/?p=5995"},"author":{"name":"Pova\u017esk\u00e9 m\u00fazeum","@id":"https:\/\/pmza.sk\/#\/schema\/person\/595e6a2ce731ea94dcd5d7f50a41ae33"},"headline":"Mat\u00fa\u0161ovo evanjelium na fotk\u00e1ch Jaroslava Hulku","datePublished":"2012-07-30T07:53:16+00:00","mainEntityOfPage":{"@id":"https:\/\/pmza.sk\/?p=5995"},"wordCount":408,"publisher":{"@id":"https:\/\/pmza.sk\/#organization"},"image":{"@id":"https:\/\/pmza.sk\/?p=5995#primaryimage"},"thumbnailUrl":"https:\/\/pmza.sk.sk\/wp-content\/uploads\/2012\/07\/IRICH-neprebudeny-300x210.jpg","articleSection":["Arch\u00edv 2012"],"inLanguage":"sk-SK"},{"@type":"WebPage","@id":"https:\/\/pmza.sk\/?p=5995","url":"https:\/\/pmza.sk\/?p=5995","name":"Mat\u00fa\u0161ovo evanjelium na fotk\u00e1ch Jaroslava Hulku - Pova\u017esk\u00e9 m\u00fazeum","isPartOf":{"@id":"https:\/\/pmza.sk\/#website"},"primaryImageOfPage":{"@id":"https:\/\/pmza.sk\/?p=5995#primaryimage"},"image":{"@id":"https:\/\/pmza.sk\/?p=5995#primaryimage"},"thumbnailUrl":"https:\/\/pmza.sk.sk\/wp-content\/uploads\/2012\/07\/IRICH-neprebudeny-300x210.jpg","datePublished":"2012-07-30T07:53:16+00:00","breadcrumb":{"@id":"https:\/\/pmza.sk\/?p=5995#breadcrumb"},"inLanguage":"sk-SK","potentialAction":[{"@type":"ReadAction","target":["https:\/\/pmza.sk\/?p=5995"]}]},{"@type":"ImageObject","inLanguage":"sk-SK","@id":"https:\/\/pmza.sk\/?p=5995#primaryimage","url":"https:\/\/pmza.sk.sk\/wp-content\/uploads\/2012\/07\/IRICH-neprebudeny-300x210.jpg","contentUrl":"https:\/\/pmza.sk.sk\/wp-content\/uploads\/2012\/07\/IRICH-neprebudeny-300x210.jpg"},{"@type":"BreadcrumbList","@id":"https:\/\/pmza.sk\/?p=5995#breadcrumb","itemListElement":[{"@type":"ListItem","position":1,"name":"Domovsk\u00e1 str\u00e1nka","item":"https:\/\/pmza.sk\/"},{"@type":"ListItem","position":2,"name":"Mat\u00fa\u0161ovo evanjelium na fotk\u00e1ch Jaroslava Hulku"}]},{"@type":"WebSite","@id":"https:\/\/pmza.sk\/#website","url":"https:\/\/pmza.sk\/","name":"Pova\u017esk\u00e9 m\u00fazeum","description":"Pova\u017esk\u00e9 m\u00fazeum v \u017diline je region\u00e1lne m\u00fazeum so s\u00eddlom v Budat\u00edne. Jeho expoz\u00edcie s\u00fa zameran\u00e9 na dejiny slovensk\u00e9ho umenia, kult\u00fary a dopravy.","publisher":{"@id":"https:\/\/pmza.sk\/#organization"},"potentialAction":[{"@type":"SearchAction","target":{"@type":"EntryPoint","urlTemplate":"https:\/\/pmza.sk\/?s={search_term_string}"},"query-input":{"@type":"PropertyValueSpecification","valueRequired":true,"valueName":"search_term_string"}}],"inLanguage":"sk-SK"},{"@type":"Organization","@id":"https:\/\/pmza.sk\/#organization","name":"Pova\u017esk\u00e9 m\u00fazeum","url":"https:\/\/pmza.sk\/","logo":{"@type":"ImageObject","inLanguage":"sk-SK","@id":"https:\/\/pmza.sk\/#\/schema\/logo\/image\/","url":"https:\/\/pmza.sk\/wp-content\/uploads\/2022\/01\/logo_PM_horizontal.jpg","contentUrl":"https:\/\/pmza.sk\/wp-content\/uploads\/2022\/01\/logo_PM_horizontal.jpg","width":231,"height":142,"caption":"Pova\u017esk\u00e9 m\u00fazeum"},"image":{"@id":"https:\/\/pmza.sk\/#\/schema\/logo\/image\/"},"sameAs":["https:\/\/www.facebook.com\/povazskemuzeum","https:\/\/www.instagram.com\/povazskemuzeum\/"]},{"@type":"Person","@id":"https:\/\/pmza.sk\/#\/schema\/person\/595e6a2ce731ea94dcd5d7f50a41ae33","name":"Pova\u017esk\u00e9 m\u00fazeum","image":{"@type":"ImageObject","inLanguage":"sk-SK","@id":"https:\/\/secure.gravatar.com\/avatar\/2bb7f1561282132fb5826dfeccc66c7996d11ee392ac6aaf7ced8a1c2027fbb2?s=96&d=mm&r=g","url":"https:\/\/secure.gravatar.com\/avatar\/2bb7f1561282132fb5826dfeccc66c7996d11ee392ac6aaf7ced8a1c2027fbb2?s=96&d=mm&r=g","contentUrl":"https:\/\/secure.gravatar.com\/avatar\/2bb7f1561282132fb5826dfeccc66c7996d11ee392ac6aaf7ced8a1c2027fbb2?s=96&d=mm&r=g","caption":"Pova\u017esk\u00e9 m\u00fazeum"}}]}},"_links":{"self":[{"href":"https:\/\/pmza.sk\/index.php?rest_route=\/wp\/v2\/posts\/5995","targetHints":{"allow":["GET"]}}],"collection":[{"href":"https:\/\/pmza.sk\/index.php?rest_route=\/wp\/v2\/posts"}],"about":[{"href":"https:\/\/pmza.sk\/index.php?rest_route=\/wp\/v2\/types\/post"}],"author":[{"embeddable":true,"href":"https:\/\/pmza.sk\/index.php?rest_route=\/wp\/v2\/users\/2"}],"replies":[{"embeddable":true,"href":"https:\/\/pmza.sk\/index.php?rest_route=%2Fwp%2Fv2%2Fcomments&post=5995"}],"version-history":[{"count":0,"href":"https:\/\/pmza.sk\/index.php?rest_route=\/wp\/v2\/posts\/5995\/revisions"}],"wp:attachment":[{"href":"https:\/\/pmza.sk\/index.php?rest_route=%2Fwp%2Fv2%2Fmedia&parent=5995"}],"wp:term":[{"taxonomy":"category","embeddable":true,"href":"https:\/\/pmza.sk\/index.php?rest_route=%2Fwp%2Fv2%2Fcategories&post=5995"},{"taxonomy":"post_tag","embeddable":true,"href":"https:\/\/pmza.sk\/index.php?rest_route=%2Fwp%2Fv2%2Ftags&post=5995"}],"curies":[{"name":"wp","href":"https:\/\/api.w.org\/{rel}","templated":true}]}}