{"id":60682,"date":"2024-01-16T08:26:43","date_gmt":"2024-01-16T07:26:43","guid":{"rendered":"https:\/\/pmza.sk\/?p=60682"},"modified":"2025-05-13T09:46:11","modified_gmt":"2025-05-13T07:46:11","slug":"navzdy-nas-opustila-byvala-kolegyna-viktoria-urbanova","status":"publish","type":"post","link":"https:\/\/pmza.sk\/?p=60682","title":{"rendered":"Nav\u017edy n\u00e1s opustila b\u00fdval\u00e1 kolegy\u0148a Viktoria Urbanov\u00e1"},"content":{"rendered":"<p>V nede\u013eu 14. 1. 2024 n\u00e1s vo veku 77 rokov nav\u017edy opustila na\u0161a b\u00fdval\u00e1 kolegy\u0148a RNDr. Viktoria Urbanov\u00e1, CSc. \u00a0V Pova\u017eskom m\u00fazeu pracovala ako botani\u010dka neuverite\u013en\u00fdch 45 rokov, od roku 1969 do roku 2015.<\/p>\n<p>Jej pracovn\u00fd \u017eivot bol nesmierne naplnen\u00fd. Sved\u010d\u00ed o tom 15 tis\u00edc polo\u017eiek ni\u017e\u0161\u00edch a vy\u0161\u0161\u00edch rastl\u00edn, ktor\u00e9 nazbierala alebo z\u00edskala do m\u00fazejn\u00e9ho herb\u00e1ra. \u00a0Od roku 1974 do roku 2011 prezentovala svoje odborn\u00e9 znalosti a cit pre kr\u00e1su na 22 autorsk\u00fdch botanick\u00fdch v\u00fdstav\u00e1ch alebo pr\u00edrodovedn\u00fdch expoz\u00edci\u00e1ch. V rokoch\u00a0\u00a01999 \u2013 2009 organizovala napr\u00edklad popul\u00e1rne podujatie\u00a0\u00a0\u201eHuby na\u0161e hobby\u201c \u2013 hub\u00e1rsku porad\u0148u spojen\u00fa s besedami a v\u00fdstavou \u010derstv\u00fdch h\u00fab. Po\u010das svojho p\u00f4sobenia realizovala 42 ter\u00e9nnych v\u00fdskumov a inventariz\u00e1ci\u00ed fl\u00f3ry. I\u0161lo o v\u00fdskum rastlinn\u00fdch spolo\u010denstiev maloplo\u0161n\u00fdch chr\u00e1nen\u00fdch \u00fazem\u00ed , ale viacer\u00e9 aplikovan\u00e9 v\u00fdskumy uskuto\u010dnila aj v okolit\u00fdch \u00a0ve\u013ekoplo\u0161n\u00fdch chr\u00e1nen\u00fdch \u00fazemiach. Vikt\u00f3ria Urbanov\u00e1 publikovala 81 odborn\u00fdch a vedeck\u00fdch pr\u00e1c a pr\u00edspevkov do recenzovan\u00fdch zborn\u00edkov, monografi\u00ed a populariza\u010dn\u00fdch \u010dl\u00e1nkov o rastlinstve severoz\u00e1padn\u00e9ho Slovenska. V\u010faka jej systematickej pr\u00e1ci m\u00f4\u017eeme lep\u0161ie pozna\u0165 a chr\u00e1ni\u0165 na\u0161e pr\u00edrodn\u00e9 dedi\u010dstvo.<\/p>\n<p>S jej odchodom sme stratili vz\u00e1cneho \u010dloveka, dlhoro\u010dn\u00fa sk\u00fasen\u00fa m\u00fazejn\u00ed\u010dku a spravodliv\u00fa ved\u00facu, ktor\u00e1 svoju pr\u00e1cu milovala a venovala jej v\u0161etok svoj talent, \u00fasilie a pozornos\u0165.\u00a0 Jednoducho bola jej poslan\u00edm, \u010do dokazuje obsiahly zoznam zrealizovan\u00fdch v\u00fdstav, predn\u00e1\u0161ok, botanick\u00fdch v\u00fdskumov a zbierok v herb\u00e1ri m\u00fazea.<\/p>\n<p>Bud\u00fa n\u00e1m ve\u013emi ch\u00fdba\u0165 spolo\u010dn\u00e9 rozhovory, jej energick\u00e1 optimistick\u00e1 povaha, rozhodnos\u0165 a nadh\u013ead!<\/p>\n<p>Posledn\u00e1 rozl\u00fa\u010dka so zosnulou sa bude kona\u0165 v pondelok 22. janu\u00e1ra 2024 o 12.00 v Dome sm\u00fatku na Starom cintor\u00edne v \u017diline.<\/p>\n<div class=\"wp-block-image\"><img fetchpriority=\"high\" decoding=\"async\" class=\"wpa-warning wpa-image-missing-alt alignnone size-medium wp-image-60685\" src=\"https:\/\/pmza.sk\/wp-content\/uploads\/2024\/01\/RNDr.-Viktoria-Urbanova-CSc.-1_page-0001-509x360.jpg\" alt=\"\" width=\"509\" height=\"360\" data-warning=\"Missing alt text\" srcset=\"https:\/\/pmza.sk\/wp-content\/uploads\/2024\/01\/RNDr.-Viktoria-Urbanova-CSc.-1_page-0001-509x360.jpg 509w, https:\/\/pmza.sk\/wp-content\/uploads\/2024\/01\/RNDr.-Viktoria-Urbanova-CSc.-1_page-0001-1040x736.jpg 1040w, https:\/\/pmza.sk\/wp-content\/uploads\/2024\/01\/RNDr.-Viktoria-Urbanova-CSc.-1_page-0001-768x543.jpg 768w, https:\/\/pmza.sk\/wp-content\/uploads\/2024\/01\/RNDr.-Viktoria-Urbanova-CSc.-1_page-0001-1536x1087.jpg 1536w, https:\/\/pmza.sk\/wp-content\/uploads\/2024\/01\/RNDr.-Viktoria-Urbanova-CSc.-1_page-0001-600x425.jpg 600w, https:\/\/pmza.sk\/wp-content\/uploads\/2024\/01\/RNDr.-Viktoria-Urbanova-CSc.-1_page-0001.jpg 1754w\" sizes=\"(max-width: 509px) 100vw, 509px\" \/><\/div>\n","protected":false},"excerpt":{"rendered":"<p>V nede\u013eu 14. 1. 2024 n\u00e1s vo veku 77 rokov nav\u017edy opustila na\u0161a b\u00fdval\u00e1 kolegy\u0148a RNDr. Viktoria Urbanov\u00e1, CSc. \u00a0V Pova\u017eskom m\u00fazeu pracovala ako botani\u010dka neuverite\u013en\u00fdch 45 rokov, od roku 1969 do roku 2015. Jej pracovn\u00fd \u017eivot bol nesmierne naplnen\u00fd. Sved\u010d\u00ed o tom 15 tis\u00edc polo\u017eiek ni\u017e\u0161\u00edch a vy\u0161\u0161\u00edch rastl\u00edn, ktor\u00e9 nazbierala alebo z\u00edskala do [&hellip;]<\/p>\n","protected":false},"author":2,"featured_media":60684,"comment_status":"closed","ping_status":"closed","sticky":false,"template":"","format":"standard","meta":{"site-sidebar-layout":"default","site-content-layout":"default","ast-site-content-layout":"default","site-content-style":"default","site-sidebar-style":"default","ast-global-header-display":"","ast-banner-title-visibility":"","ast-main-header-display":"","ast-hfb-above-header-display":"","ast-hfb-below-header-display":"","ast-hfb-mobile-header-display":"","site-post-title":"","ast-breadcrumbs-content":"","ast-featured-img":"","footer-sml-layout":"","theme-transparent-header-meta":"default","adv-header-id-meta":"","stick-header-meta":"default","header-above-stick-meta":"","header-main-stick-meta":"","header-below-stick-meta":"","astra-migrate-meta-layouts":"set","ast-page-background-enabled":"default","ast-page-background-meta":{"desktop":{"background-color":"var(--ast-global-color-4)","background-image":"","background-repeat":"repeat","background-position":"center center","background-size":"auto","background-attachment":"scroll","background-type":"","background-media":"","overlay-type":"","overlay-color":"","overlay-opacity":"","overlay-gradient":""},"tablet":{"background-color":"","background-image":"","background-repeat":"repeat","background-position":"center center","background-size":"auto","background-attachment":"scroll","background-type":"","background-media":"","overlay-type":"","overlay-color":"","overlay-opacity":"","overlay-gradient":""},"mobile":{"background-color":"","background-image":"","background-repeat":"repeat","background-position":"center center","background-size":"auto","background-attachment":"scroll","background-type":"","background-media":"","overlay-type":"","overlay-color":"","overlay-opacity":"","overlay-gradient":""}},"ast-content-background-meta":{"desktop":{"background-color":"var(--ast-global-color-5)","background-image":"","background-repeat":"repeat","background-position":"center center","background-size":"auto","background-attachment":"scroll","background-type":"","background-media":"","overlay-type":"","overlay-color":"","overlay-opacity":"","overlay-gradient":""},"tablet":{"background-color":"var(--ast-global-color-5)","background-image":"","background-repeat":"repeat","background-position":"center center","background-size":"auto","background-attachment":"scroll","background-type":"","background-media":"","overlay-type":"","overlay-color":"","overlay-opacity":"","overlay-gradient":""},"mobile":{"background-color":"var(--ast-global-color-5)","background-image":"","background-repeat":"repeat","background-position":"center center","background-size":"auto","background-attachment":"scroll","background-type":"","background-media":"","overlay-type":"","overlay-color":"","overlay-opacity":"","overlay-gradient":""}},"footnotes":""},"categories":[31],"tags":[],"class_list":["post-60682","post","type-post","status-publish","format-standard","has-post-thumbnail","hentry","category-aktuality"],"yoast_head":"<!-- This site is optimized with the Yoast SEO plugin v27.4 - https:\/\/yoast.com\/product\/yoast-seo-wordpress\/ -->\n<title>Nav\u017edy n\u00e1s opustila b\u00fdval\u00e1 kolegy\u0148a Viktoria Urbanov\u00e1 - Pova\u017esk\u00e9 m\u00fazeum<\/title>\n<meta name=\"robots\" content=\"index, follow, max-snippet:-1, max-image-preview:large, max-video-preview:-1\" \/>\n<link rel=\"canonical\" href=\"https:\/\/pmza.sk\/?p=60682\" \/>\n<meta property=\"og:locale\" content=\"sk_SK\" \/>\n<meta property=\"og:type\" content=\"article\" \/>\n<meta property=\"og:title\" content=\"Nav\u017edy n\u00e1s opustila b\u00fdval\u00e1 kolegy\u0148a Viktoria Urbanov\u00e1 - Pova\u017esk\u00e9 m\u00fazeum\" \/>\n<meta property=\"og:description\" content=\"V nede\u013eu 14. 1. 2024 n\u00e1s vo veku 77 rokov nav\u017edy opustila na\u0161a b\u00fdval\u00e1 kolegy\u0148a RNDr. Viktoria Urbanov\u00e1, CSc. \u00a0V Pova\u017eskom m\u00fazeu pracovala ako botani\u010dka neuverite\u013en\u00fdch 45 rokov, od roku 1969 do roku 2015. Jej pracovn\u00fd \u017eivot bol nesmierne naplnen\u00fd. Sved\u010d\u00ed o tom 15 tis\u00edc polo\u017eiek ni\u017e\u0161\u00edch a vy\u0161\u0161\u00edch rastl\u00edn, ktor\u00e9 nazbierala alebo z\u00edskala do [&hellip;]\" \/>\n<meta property=\"og:url\" content=\"https:\/\/pmza.sk\/?p=60682\" \/>\n<meta property=\"og:site_name\" content=\"Pova\u017esk\u00e9 m\u00fazeum\" \/>\n<meta property=\"article:publisher\" content=\"https:\/\/www.facebook.com\/povazskemuzeum\" \/>\n<meta property=\"article:published_time\" content=\"2024-01-16T07:26:43+00:00\" \/>\n<meta property=\"article:modified_time\" content=\"2025-05-13T07:46:11+00:00\" \/>\n<meta property=\"og:image\" content=\"https:\/\/pmza.sk\/wp-content\/uploads\/2024\/01\/V_Urbanova-scaled.jpg\" \/>\n\t<meta property=\"og:image:width\" content=\"2560\" \/>\n\t<meta property=\"og:image:height\" content=\"1920\" \/>\n\t<meta property=\"og:image:type\" content=\"image\/jpeg\" \/>\n<meta name=\"author\" content=\"Pova\u017esk\u00e9 m\u00fazeum\" \/>\n<meta name=\"twitter:card\" content=\"summary_large_image\" \/>\n<meta name=\"twitter:label1\" content=\"Autor\" \/>\n\t<meta name=\"twitter:data1\" content=\"Pova\u017esk\u00e9 m\u00fazeum\" \/>\n\t<meta name=\"twitter:label2\" content=\"Predpokladan\u00fd \u010das \u010d\u00edtania\" \/>\n\t<meta name=\"twitter:data2\" content=\"2 min\u00faty\" \/>\n<script type=\"application\/ld+json\" class=\"yoast-schema-graph\">{\"@context\":\"https:\\\/\\\/schema.org\",\"@graph\":[{\"@type\":\"Article\",\"@id\":\"https:\\\/\\\/pmza.sk\\\/?p=60682#article\",\"isPartOf\":{\"@id\":\"https:\\\/\\\/pmza.sk\\\/?p=60682\"},\"author\":{\"name\":\"Pova\u017esk\u00e9 m\u00fazeum\",\"@id\":\"https:\\\/\\\/pmza.sk\\\/#\\\/schema\\\/person\\\/595e6a2ce731ea94dcd5d7f50a41ae33\"},\"headline\":\"Nav\u017edy n\u00e1s opustila b\u00fdval\u00e1 kolegy\u0148a Viktoria Urbanov\u00e1\",\"datePublished\":\"2024-01-16T07:26:43+00:00\",\"dateModified\":\"2025-05-13T07:46:11+00:00\",\"mainEntityOfPage\":{\"@id\":\"https:\\\/\\\/pmza.sk\\\/?p=60682\"},\"wordCount\":337,\"publisher\":{\"@id\":\"https:\\\/\\\/pmza.sk\\\/#organization\"},\"image\":{\"@id\":\"https:\\\/\\\/pmza.sk\\\/?p=60682#primaryimage\"},\"thumbnailUrl\":\"https:\\\/\\\/pmza.sk\\\/wp-content\\\/uploads\\\/2024\\\/01\\\/V_Urbanova-scaled.jpg\",\"articleSection\":[\"Aktuality\"],\"inLanguage\":\"sk-SK\"},{\"@type\":\"WebPage\",\"@id\":\"https:\\\/\\\/pmza.sk\\\/?p=60682\",\"url\":\"https:\\\/\\\/pmza.sk\\\/?p=60682\",\"name\":\"Nav\u017edy n\u00e1s opustila b\u00fdval\u00e1 kolegy\u0148a Viktoria Urbanov\u00e1 - Pova\u017esk\u00e9 m\u00fazeum\",\"isPartOf\":{\"@id\":\"https:\\\/\\\/pmza.sk\\\/#website\"},\"primaryImageOfPage\":{\"@id\":\"https:\\\/\\\/pmza.sk\\\/?p=60682#primaryimage\"},\"image\":{\"@id\":\"https:\\\/\\\/pmza.sk\\\/?p=60682#primaryimage\"},\"thumbnailUrl\":\"https:\\\/\\\/pmza.sk\\\/wp-content\\\/uploads\\\/2024\\\/01\\\/V_Urbanova-scaled.jpg\",\"datePublished\":\"2024-01-16T07:26:43+00:00\",\"dateModified\":\"2025-05-13T07:46:11+00:00\",\"breadcrumb\":{\"@id\":\"https:\\\/\\\/pmza.sk\\\/?p=60682#breadcrumb\"},\"inLanguage\":\"sk-SK\",\"potentialAction\":[{\"@type\":\"ReadAction\",\"target\":[\"https:\\\/\\\/pmza.sk\\\/?p=60682\"]}]},{\"@type\":\"ImageObject\",\"inLanguage\":\"sk-SK\",\"@id\":\"https:\\\/\\\/pmza.sk\\\/?p=60682#primaryimage\",\"url\":\"https:\\\/\\\/pmza.sk\\\/wp-content\\\/uploads\\\/2024\\\/01\\\/V_Urbanova-scaled.jpg\",\"contentUrl\":\"https:\\\/\\\/pmza.sk\\\/wp-content\\\/uploads\\\/2024\\\/01\\\/V_Urbanova-scaled.jpg\",\"width\":2560,\"height\":1920},{\"@type\":\"BreadcrumbList\",\"@id\":\"https:\\\/\\\/pmza.sk\\\/?p=60682#breadcrumb\",\"itemListElement\":[{\"@type\":\"ListItem\",\"position\":1,\"name\":\"Domovsk\u00e1 str\u00e1nka\",\"item\":\"https:\\\/\\\/pmza.sk\\\/\"},{\"@type\":\"ListItem\",\"position\":2,\"name\":\"Nav\u017edy n\u00e1s opustila b\u00fdval\u00e1 kolegy\u0148a Viktoria Urbanov\u00e1\"}]},{\"@type\":\"WebSite\",\"@id\":\"https:\\\/\\\/pmza.sk\\\/#website\",\"url\":\"https:\\\/\\\/pmza.sk\\\/\",\"name\":\"Pova\u017esk\u00e9 m\u00fazeum\",\"description\":\"Pova\u017esk\u00e9 m\u00fazeum v \u017diline je region\u00e1lne m\u00fazeum so s\u00eddlom v Budat\u00edne. Jeho expoz\u00edcie s\u00fa zameran\u00e9 na dejiny slovensk\u00e9ho umenia, kult\u00fary a dopravy.\",\"publisher\":{\"@id\":\"https:\\\/\\\/pmza.sk\\\/#organization\"},\"potentialAction\":[{\"@type\":\"SearchAction\",\"target\":{\"@type\":\"EntryPoint\",\"urlTemplate\":\"https:\\\/\\\/pmza.sk\\\/?s={search_term_string}\"},\"query-input\":{\"@type\":\"PropertyValueSpecification\",\"valueRequired\":true,\"valueName\":\"search_term_string\"}}],\"inLanguage\":\"sk-SK\"},{\"@type\":\"Organization\",\"@id\":\"https:\\\/\\\/pmza.sk\\\/#organization\",\"name\":\"Pova\u017esk\u00e9 m\u00fazeum\",\"url\":\"https:\\\/\\\/pmza.sk\\\/\",\"logo\":{\"@type\":\"ImageObject\",\"inLanguage\":\"sk-SK\",\"@id\":\"https:\\\/\\\/pmza.sk\\\/#\\\/schema\\\/logo\\\/image\\\/\",\"url\":\"https:\\\/\\\/pmza.sk\\\/wp-content\\\/uploads\\\/2022\\\/01\\\/logo_PM_horizontal.jpg\",\"contentUrl\":\"https:\\\/\\\/pmza.sk\\\/wp-content\\\/uploads\\\/2022\\\/01\\\/logo_PM_horizontal.jpg\",\"width\":231,\"height\":142,\"caption\":\"Pova\u017esk\u00e9 m\u00fazeum\"},\"image\":{\"@id\":\"https:\\\/\\\/pmza.sk\\\/#\\\/schema\\\/logo\\\/image\\\/\"},\"sameAs\":[\"https:\\\/\\\/www.facebook.com\\\/povazskemuzeum\",\"https:\\\/\\\/www.instagram.com\\\/povazskemuzeum\\\/\"]},{\"@type\":\"Person\",\"@id\":\"https:\\\/\\\/pmza.sk\\\/#\\\/schema\\\/person\\\/595e6a2ce731ea94dcd5d7f50a41ae33\",\"name\":\"Pova\u017esk\u00e9 m\u00fazeum\",\"image\":{\"@type\":\"ImageObject\",\"inLanguage\":\"sk-SK\",\"@id\":\"https:\\\/\\\/secure.gravatar.com\\\/avatar\\\/2bb7f1561282132fb5826dfeccc66c7996d11ee392ac6aaf7ced8a1c2027fbb2?s=96&d=mm&r=g\",\"url\":\"https:\\\/\\\/secure.gravatar.com\\\/avatar\\\/2bb7f1561282132fb5826dfeccc66c7996d11ee392ac6aaf7ced8a1c2027fbb2?s=96&d=mm&r=g\",\"contentUrl\":\"https:\\\/\\\/secure.gravatar.com\\\/avatar\\\/2bb7f1561282132fb5826dfeccc66c7996d11ee392ac6aaf7ced8a1c2027fbb2?s=96&d=mm&r=g\",\"caption\":\"Pova\u017esk\u00e9 m\u00fazeum\"}}]}<\/script>\n<!-- \/ Yoast SEO plugin. -->","yoast_head_json":{"title":"Nav\u017edy n\u00e1s opustila b\u00fdval\u00e1 kolegy\u0148a Viktoria Urbanov\u00e1 - Pova\u017esk\u00e9 m\u00fazeum","robots":{"index":"index","follow":"follow","max-snippet":"max-snippet:-1","max-image-preview":"max-image-preview:large","max-video-preview":"max-video-preview:-1"},"canonical":"https:\/\/pmza.sk\/?p=60682","og_locale":"sk_SK","og_type":"article","og_title":"Nav\u017edy n\u00e1s opustila b\u00fdval\u00e1 kolegy\u0148a Viktoria Urbanov\u00e1 - Pova\u017esk\u00e9 m\u00fazeum","og_description":"V nede\u013eu 14. 1. 2024 n\u00e1s vo veku 77 rokov nav\u017edy opustila na\u0161a b\u00fdval\u00e1 kolegy\u0148a RNDr. Viktoria Urbanov\u00e1, CSc. \u00a0V Pova\u017eskom m\u00fazeu pracovala ako botani\u010dka neuverite\u013en\u00fdch 45 rokov, od roku 1969 do roku 2015. Jej pracovn\u00fd \u017eivot bol nesmierne naplnen\u00fd. Sved\u010d\u00ed o tom 15 tis\u00edc polo\u017eiek ni\u017e\u0161\u00edch a vy\u0161\u0161\u00edch rastl\u00edn, ktor\u00e9 nazbierala alebo z\u00edskala do [&hellip;]","og_url":"https:\/\/pmza.sk\/?p=60682","og_site_name":"Pova\u017esk\u00e9 m\u00fazeum","article_publisher":"https:\/\/www.facebook.com\/povazskemuzeum","article_published_time":"2024-01-16T07:26:43+00:00","article_modified_time":"2025-05-13T07:46:11+00:00","og_image":[{"width":2560,"height":1920,"url":"https:\/\/pmza.sk\/wp-content\/uploads\/2024\/01\/V_Urbanova-scaled.jpg","type":"image\/jpeg"}],"author":"Pova\u017esk\u00e9 m\u00fazeum","twitter_card":"summary_large_image","twitter_misc":{"Autor":"Pova\u017esk\u00e9 m\u00fazeum","Predpokladan\u00fd \u010das \u010d\u00edtania":"2 min\u00faty"},"schema":{"@context":"https:\/\/schema.org","@graph":[{"@type":"Article","@id":"https:\/\/pmza.sk\/?p=60682#article","isPartOf":{"@id":"https:\/\/pmza.sk\/?p=60682"},"author":{"name":"Pova\u017esk\u00e9 m\u00fazeum","@id":"https:\/\/pmza.sk\/#\/schema\/person\/595e6a2ce731ea94dcd5d7f50a41ae33"},"headline":"Nav\u017edy n\u00e1s opustila b\u00fdval\u00e1 kolegy\u0148a Viktoria Urbanov\u00e1","datePublished":"2024-01-16T07:26:43+00:00","dateModified":"2025-05-13T07:46:11+00:00","mainEntityOfPage":{"@id":"https:\/\/pmza.sk\/?p=60682"},"wordCount":337,"publisher":{"@id":"https:\/\/pmza.sk\/#organization"},"image":{"@id":"https:\/\/pmza.sk\/?p=60682#primaryimage"},"thumbnailUrl":"https:\/\/pmza.sk\/wp-content\/uploads\/2024\/01\/V_Urbanova-scaled.jpg","articleSection":["Aktuality"],"inLanguage":"sk-SK"},{"@type":"WebPage","@id":"https:\/\/pmza.sk\/?p=60682","url":"https:\/\/pmza.sk\/?p=60682","name":"Nav\u017edy n\u00e1s opustila b\u00fdval\u00e1 kolegy\u0148a Viktoria Urbanov\u00e1 - Pova\u017esk\u00e9 m\u00fazeum","isPartOf":{"@id":"https:\/\/pmza.sk\/#website"},"primaryImageOfPage":{"@id":"https:\/\/pmza.sk\/?p=60682#primaryimage"},"image":{"@id":"https:\/\/pmza.sk\/?p=60682#primaryimage"},"thumbnailUrl":"https:\/\/pmza.sk\/wp-content\/uploads\/2024\/01\/V_Urbanova-scaled.jpg","datePublished":"2024-01-16T07:26:43+00:00","dateModified":"2025-05-13T07:46:11+00:00","breadcrumb":{"@id":"https:\/\/pmza.sk\/?p=60682#breadcrumb"},"inLanguage":"sk-SK","potentialAction":[{"@type":"ReadAction","target":["https:\/\/pmza.sk\/?p=60682"]}]},{"@type":"ImageObject","inLanguage":"sk-SK","@id":"https:\/\/pmza.sk\/?p=60682#primaryimage","url":"https:\/\/pmza.sk\/wp-content\/uploads\/2024\/01\/V_Urbanova-scaled.jpg","contentUrl":"https:\/\/pmza.sk\/wp-content\/uploads\/2024\/01\/V_Urbanova-scaled.jpg","width":2560,"height":1920},{"@type":"BreadcrumbList","@id":"https:\/\/pmza.sk\/?p=60682#breadcrumb","itemListElement":[{"@type":"ListItem","position":1,"name":"Domovsk\u00e1 str\u00e1nka","item":"https:\/\/pmza.sk\/"},{"@type":"ListItem","position":2,"name":"Nav\u017edy n\u00e1s opustila b\u00fdval\u00e1 kolegy\u0148a Viktoria Urbanov\u00e1"}]},{"@type":"WebSite","@id":"https:\/\/pmza.sk\/#website","url":"https:\/\/pmza.sk\/","name":"Pova\u017esk\u00e9 m\u00fazeum","description":"Pova\u017esk\u00e9 m\u00fazeum v \u017diline je region\u00e1lne m\u00fazeum so s\u00eddlom v Budat\u00edne. Jeho expoz\u00edcie s\u00fa zameran\u00e9 na dejiny slovensk\u00e9ho umenia, kult\u00fary a dopravy.","publisher":{"@id":"https:\/\/pmza.sk\/#organization"},"potentialAction":[{"@type":"SearchAction","target":{"@type":"EntryPoint","urlTemplate":"https:\/\/pmza.sk\/?s={search_term_string}"},"query-input":{"@type":"PropertyValueSpecification","valueRequired":true,"valueName":"search_term_string"}}],"inLanguage":"sk-SK"},{"@type":"Organization","@id":"https:\/\/pmza.sk\/#organization","name":"Pova\u017esk\u00e9 m\u00fazeum","url":"https:\/\/pmza.sk\/","logo":{"@type":"ImageObject","inLanguage":"sk-SK","@id":"https:\/\/pmza.sk\/#\/schema\/logo\/image\/","url":"https:\/\/pmza.sk\/wp-content\/uploads\/2022\/01\/logo_PM_horizontal.jpg","contentUrl":"https:\/\/pmza.sk\/wp-content\/uploads\/2022\/01\/logo_PM_horizontal.jpg","width":231,"height":142,"caption":"Pova\u017esk\u00e9 m\u00fazeum"},"image":{"@id":"https:\/\/pmza.sk\/#\/schema\/logo\/image\/"},"sameAs":["https:\/\/www.facebook.com\/povazskemuzeum","https:\/\/www.instagram.com\/povazskemuzeum\/"]},{"@type":"Person","@id":"https:\/\/pmza.sk\/#\/schema\/person\/595e6a2ce731ea94dcd5d7f50a41ae33","name":"Pova\u017esk\u00e9 m\u00fazeum","image":{"@type":"ImageObject","inLanguage":"sk-SK","@id":"https:\/\/secure.gravatar.com\/avatar\/2bb7f1561282132fb5826dfeccc66c7996d11ee392ac6aaf7ced8a1c2027fbb2?s=96&d=mm&r=g","url":"https:\/\/secure.gravatar.com\/avatar\/2bb7f1561282132fb5826dfeccc66c7996d11ee392ac6aaf7ced8a1c2027fbb2?s=96&d=mm&r=g","contentUrl":"https:\/\/secure.gravatar.com\/avatar\/2bb7f1561282132fb5826dfeccc66c7996d11ee392ac6aaf7ced8a1c2027fbb2?s=96&d=mm&r=g","caption":"Pova\u017esk\u00e9 m\u00fazeum"}}]}},"_links":{"self":[{"href":"https:\/\/pmza.sk\/index.php?rest_route=\/wp\/v2\/posts\/60682","targetHints":{"allow":["GET"]}}],"collection":[{"href":"https:\/\/pmza.sk\/index.php?rest_route=\/wp\/v2\/posts"}],"about":[{"href":"https:\/\/pmza.sk\/index.php?rest_route=\/wp\/v2\/types\/post"}],"author":[{"embeddable":true,"href":"https:\/\/pmza.sk\/index.php?rest_route=\/wp\/v2\/users\/2"}],"replies":[{"embeddable":true,"href":"https:\/\/pmza.sk\/index.php?rest_route=%2Fwp%2Fv2%2Fcomments&post=60682"}],"version-history":[{"count":0,"href":"https:\/\/pmza.sk\/index.php?rest_route=\/wp\/v2\/posts\/60682\/revisions"}],"wp:featuredmedia":[{"embeddable":true,"href":"https:\/\/pmza.sk\/index.php?rest_route=\/wp\/v2\/media\/60684"}],"wp:attachment":[{"href":"https:\/\/pmza.sk\/index.php?rest_route=%2Fwp%2Fv2%2Fmedia&parent=60682"}],"wp:term":[{"taxonomy":"category","embeddable":true,"href":"https:\/\/pmza.sk\/index.php?rest_route=%2Fwp%2Fv2%2Fcategories&post=60682"},{"taxonomy":"post_tag","embeddable":true,"href":"https:\/\/pmza.sk\/index.php?rest_route=%2Fwp%2Fv2%2Ftags&post=60682"}],"curies":[{"name":"wp","href":"https:\/\/api.w.org\/{rel}","templated":true}]}}