{"id":60823,"date":"2024-01-23T14:03:20","date_gmt":"2024-01-23T13:03:20","guid":{"rendered":"https:\/\/pmza.sk\/?p=60823"},"modified":"2024-02-29T10:05:24","modified_gmt":"2024-02-29T09:05:24","slug":"prazdniny-v-muzeu","status":"publish","type":"post","link":"https:\/\/pmza.sk\/?p=60823","title":{"rendered":"Pr\u00e1zdniny v m\u00fazeu"},"content":{"rendered":"<p>Uva\u017eujete, kam sa vybra\u0165 po\u010das jarn\u00fdch pr\u00e1zdnin? Pova\u017esk\u00e9 m\u00fazeum pripravuje na Budat\u00ednskom hrade nieko\u013eko zauj\u00edmav\u00fdch aktiv\u00edt. Rodiny s\u00a0de\u0165mi sa m\u00f4\u017eu od 20. do 22. febru\u00e1ra te\u0161i\u0165 na predn\u00e1\u0161ky, komentovan\u00e9 prehliadky aj tvoriv\u00e9 dielne.<\/p>\n<p><em>\u201ePo\u010das pr\u00e1zdnin \u017dilinsk\u00e9ho, Banskobystrick\u00e9ho a\u00a0Tren\u010dianskeho kraja s\u00fa na\u0161e expoz\u00edcie ob\u013e\u00faben\u00fdm miestom n\u00e1v\u0161tevy, preto sme im chceli pon\u00faknu\u0165 nie\u010do viac ako be\u017en\u00fa prehliadku. Boli by sme radi, keby n\u00e1v\u0161tevn\u00edci str\u00e1vili pr\u00e1zdniny pr\u00e1ve u\u00a0n\u00e1s, preto sme s\u00a0kolegami vymysleli program, ktor\u00fd by ich mohol zauja\u0165,\u201c <\/em>\u00a0pribli\u017euje m\u00fazejn\u00e1 pedagogi\u010dka Tatiana Kub\u00e1\u0148ov\u00e1. Na jednotliv\u00e9 aktivity nie je potrebn\u00e9 sa vopred objedna\u0165.<\/p>\n<p><strong>20. febru\u00e1r 2024 o 10.00 a 14.00<\/strong><\/p>\n<p>Predn\u00e1\u0161ka o\u00a0fa\u0161iangoch s\u00a0etnologi\u010dkou drot\u00e1rstva Katar\u00ednou Kendrovou. S\u00fa\u010das\u0165ou aktivity je aj tvoriv\u00e1 diel\u0148a.<\/p>\n<p>Podujatie je vhodn\u00e9 pre v\u0161etky vekov\u00e9 kateg\u00f3rie.<\/p>\n<p>Cena: 3 \u20ac\/ osoba<\/p>\n<p>&nbsp;<\/p>\n<p><strong>21. febru\u00e1r 2024 o 10.00 a 14.00<\/strong><\/p>\n<p>Komentovan\u00e1 prehliadka Kr\u00e1li oblohy s jej autorom a zool\u00f3gom J\u00e1nom Kickom.<\/p>\n<p>Podujatie je vhodn\u00e9 pre v\u0161etky vekov\u00e9 kateg\u00f3rie.<\/p>\n<p>Cena: 3 \u20ac\/ osoba (bez prehliadky hradu)<\/p>\n<p>Cena: 1 \u20ac\/ osoba (so zak\u00fapenou vstupenkou na prehliadku hradu)<\/p>\n<p>&nbsp;<\/p>\n<p>Projekt z verejn\u00fdch zdrojov podporil Fond na podporu umenia.<\/p>\n<p>&nbsp;<\/p>\n<p><strong>22. febru\u00e1r 2024 od 10.00 do 15.00<\/strong><\/p>\n<p>Tvoriv\u00e1 diel\u0148a \u2013 tkanie na mal\u00fdch krosn\u00e1ch. Aktivitu ved\u00fa etnologi\u010dka Adriana B\u00e1rdyov\u00e1 a\u00a0histori\u010dka Dominika Hlob\u00edkov\u00e1.<\/p>\n<p>Podujatie je vhodn\u00e9 pre v\u0161etky vekov\u00e9 kateg\u00f3rie.<\/p>\n<p>Cena: 2 \u20ac\/ osoba<\/p>\n<div class=\"wp-block-image\"><img fetchpriority=\"high\" decoding=\"async\" class=\"wpa-warning wpa-image-missing-alt alignnone size-medium wp-image-61917\" src=\"https:\/\/pmza.sk\/wp-content\/uploads\/2024\/01\/Prazdniny_v_muzeu_FPU_K1-255x360.jpg\" alt=\"\" width=\"255\" height=\"360\" data-warning=\"Missing alt text\" srcset=\"https:\/\/pmza.sk\/wp-content\/uploads\/2024\/01\/Prazdniny_v_muzeu_FPU_K1-255x360.jpg 255w, https:\/\/pmza.sk\/wp-content\/uploads\/2024\/01\/Prazdniny_v_muzeu_FPU_K1-520x736.jpg 520w, https:\/\/pmza.sk\/wp-content\/uploads\/2024\/01\/Prazdniny_v_muzeu_FPU_K1-768x1086.jpg 768w, https:\/\/pmza.sk\/wp-content\/uploads\/2024\/01\/Prazdniny_v_muzeu_FPU_K1-1086x1536.jpg 1086w, https:\/\/pmza.sk\/wp-content\/uploads\/2024\/01\/Prazdniny_v_muzeu_FPU_K1-1448x2048.jpg 1448w, https:\/\/pmza.sk\/wp-content\/uploads\/2024\/01\/Prazdniny_v_muzeu_FPU_K1-600x849.jpg 600w, https:\/\/pmza.sk\/wp-content\/uploads\/2024\/01\/Prazdniny_v_muzeu_FPU_K1-scaled.jpg 1810w\" sizes=\"(max-width: 255px) 100vw, 255px\" \/><\/div>\n<div>Plag\u00e1t v plnej ve\u013ekosti <a href=\"https:\/\/pmza.sk\/wp-content\/uploads\/2024\/01\/Prazdniny_v_muzeu_FPU_K1.pdf\">TU<\/a><\/div>\n<div><\/div>\n<div>\n<div class=\"wp-block-image\"><img decoding=\"async\" class=\"wpa-warning wpa-image-missing-alt alignnone  wp-image-61925\" src=\"https:\/\/pmza.sk\/wp-content\/uploads\/2024\/01\/FPU_logo1_modre-480x360.jpg\" alt=\"\" width=\"298\" height=\"224\" data-warning=\"Missing alt text\" srcset=\"https:\/\/pmza.sk\/wp-content\/uploads\/2024\/01\/FPU_logo1_modre-480x360.jpg 480w, https:\/\/pmza.sk\/wp-content\/uploads\/2024\/01\/FPU_logo1_modre-982x736.jpg 982w, https:\/\/pmza.sk\/wp-content\/uploads\/2024\/01\/FPU_logo1_modre-768x576.jpg 768w, https:\/\/pmza.sk\/wp-content\/uploads\/2024\/01\/FPU_logo1_modre-1536x1152.jpg 1536w, https:\/\/pmza.sk\/wp-content\/uploads\/2024\/01\/FPU_logo1_modre-2048x1536.jpg 2048w, https:\/\/pmza.sk\/wp-content\/uploads\/2024\/01\/FPU_logo1_modre-600x450.jpg 600w\" sizes=\"(max-width: 298px) 100vw, 298px\" \/><\/div>\n<\/div>\n<p>&nbsp;<\/p>\n<div><\/div>\n","protected":false},"excerpt":{"rendered":"<p>Uva\u017eujete, kam sa vybra\u0165 po\u010das jarn\u00fdch pr\u00e1zdnin? Pova\u017esk\u00e9 m\u00fazeum pripravuje na Budat\u00ednskom hrade nieko\u013eko zauj\u00edmav\u00fdch aktiv\u00edt. Rodiny s\u00a0de\u0165mi sa m\u00f4\u017eu od 20. do 22. febru\u00e1ra te\u0161i\u0165 na predn\u00e1\u0161ky, komentovan\u00e9 prehliadky aj tvoriv\u00e9 dielne. \u201ePo\u010das pr\u00e1zdnin \u017dilinsk\u00e9ho, Banskobystrick\u00e9ho a\u00a0Tren\u010dianskeho kraja s\u00fa na\u0161e expoz\u00edcie ob\u013e\u00faben\u00fdm miestom n\u00e1v\u0161tevy, preto sme im chceli pon\u00faknu\u0165 nie\u010do viac ako be\u017en\u00fa prehliadku. [&hellip;]<\/p>\n","protected":false},"author":2,"featured_media":60826,"comment_status":"open","ping_status":"open","sticky":false,"template":"","format":"standard","meta":{"site-sidebar-layout":"default","site-content-layout":"default","ast-site-content-layout":"","site-content-style":"default","site-sidebar-style":"default","ast-global-header-display":"","ast-banner-title-visibility":"","ast-main-header-display":"","ast-hfb-above-header-display":"","ast-hfb-below-header-display":"","ast-hfb-mobile-header-display":"","site-post-title":"","ast-breadcrumbs-content":"","ast-featured-img":"","footer-sml-layout":"","theme-transparent-header-meta":"default","adv-header-id-meta":"","stick-header-meta":"default","header-above-stick-meta":"","header-main-stick-meta":"","header-below-stick-meta":"","astra-migrate-meta-layouts":"default","ast-page-background-enabled":"default","ast-page-background-meta":{"desktop":{"background-color":"var(--ast-global-color-4)","background-image":"","background-repeat":"repeat","background-position":"center center","background-size":"auto","background-attachment":"scroll","background-type":"","background-media":"","overlay-type":"","overlay-color":"","overlay-opacity":"","overlay-gradient":""},"tablet":{"background-color":"","background-image":"","background-repeat":"repeat","background-position":"center center","background-size":"auto","background-attachment":"scroll","background-type":"","background-media":"","overlay-type":"","overlay-color":"","overlay-opacity":"","overlay-gradient":""},"mobile":{"background-color":"","background-image":"","background-repeat":"repeat","background-position":"center center","background-size":"auto","background-attachment":"scroll","background-type":"","background-media":"","overlay-type":"","overlay-color":"","overlay-opacity":"","overlay-gradient":""}},"ast-content-background-meta":{"desktop":{"background-color":"var(--ast-global-color-5)","background-image":"","background-repeat":"repeat","background-position":"center center","background-size":"auto","background-attachment":"scroll","background-type":"","background-media":"","overlay-type":"","overlay-color":"","overlay-opacity":"","overlay-gradient":""},"tablet":{"background-color":"var(--ast-global-color-5)","background-image":"","background-repeat":"repeat","background-position":"center center","background-size":"auto","background-attachment":"scroll","background-type":"","background-media":"","overlay-type":"","overlay-color":"","overlay-opacity":"","overlay-gradient":""},"mobile":{"background-color":"var(--ast-global-color-5)","background-image":"","background-repeat":"repeat","background-position":"center center","background-size":"auto","background-attachment":"scroll","background-type":"","background-media":"","overlay-type":"","overlay-color":"","overlay-opacity":"","overlay-gradient":""}},"footnotes":""},"categories":[71],"tags":[],"class_list":["post-60823","post","type-post","status-publish","format-standard","has-post-thumbnail","hentry","category-podujatia"],"yoast_head":"<!-- This site is optimized with the Yoast SEO plugin v27.4 - https:\/\/yoast.com\/product\/yoast-seo-wordpress\/ -->\n<title>Pr\u00e1zdniny v m\u00fazeu - Pova\u017esk\u00e9 m\u00fazeum<\/title>\n<meta name=\"robots\" content=\"index, follow, max-snippet:-1, max-image-preview:large, max-video-preview:-1\" \/>\n<link rel=\"canonical\" href=\"https:\/\/pmza.sk\/?p=60823\" \/>\n<meta property=\"og:locale\" content=\"sk_SK\" \/>\n<meta property=\"og:type\" content=\"article\" \/>\n<meta property=\"og:title\" content=\"Pr\u00e1zdniny v m\u00fazeu - Pova\u017esk\u00e9 m\u00fazeum\" \/>\n<meta property=\"og:description\" content=\"Uva\u017eujete, kam sa vybra\u0165 po\u010das jarn\u00fdch pr\u00e1zdnin? Pova\u017esk\u00e9 m\u00fazeum pripravuje na Budat\u00ednskom hrade nieko\u013eko zauj\u00edmav\u00fdch aktiv\u00edt. Rodiny s\u00a0de\u0165mi sa m\u00f4\u017eu od 20. do 22. febru\u00e1ra te\u0161i\u0165 na predn\u00e1\u0161ky, komentovan\u00e9 prehliadky aj tvoriv\u00e9 dielne. \u201ePo\u010das pr\u00e1zdnin \u017dilinsk\u00e9ho, Banskobystrick\u00e9ho a\u00a0Tren\u010dianskeho kraja s\u00fa na\u0161e expoz\u00edcie ob\u013e\u00faben\u00fdm miestom n\u00e1v\u0161tevy, preto sme im chceli pon\u00faknu\u0165 nie\u010do viac ako be\u017en\u00fa prehliadku. [&hellip;]\" \/>\n<meta property=\"og:url\" content=\"https:\/\/pmza.sk\/?p=60823\" \/>\n<meta property=\"og:site_name\" content=\"Pova\u017esk\u00e9 m\u00fazeum\" \/>\n<meta property=\"article:publisher\" content=\"https:\/\/www.facebook.com\/povazskemuzeum\" \/>\n<meta property=\"article:published_time\" content=\"2024-01-23T13:03:20+00:00\" \/>\n<meta property=\"article:modified_time\" content=\"2024-02-29T09:05:24+00:00\" \/>\n<meta property=\"og:image\" content=\"https:\/\/pmza.sk\/wp-content\/uploads\/2024\/01\/Prazdniny_v_muzeu_web-scaled.jpg\" \/>\n\t<meta property=\"og:image:width\" content=\"2560\" \/>\n\t<meta property=\"og:image:height\" content=\"2560\" \/>\n\t<meta property=\"og:image:type\" content=\"image\/jpeg\" \/>\n<meta name=\"author\" content=\"Pova\u017esk\u00e9 m\u00fazeum\" \/>\n<meta name=\"twitter:card\" content=\"summary_large_image\" \/>\n<meta name=\"twitter:label1\" content=\"Autor\" \/>\n\t<meta name=\"twitter:data1\" content=\"Pova\u017esk\u00e9 m\u00fazeum\" \/>\n\t<meta name=\"twitter:label2\" content=\"Predpokladan\u00fd \u010das \u010d\u00edtania\" \/>\n\t<meta name=\"twitter:data2\" content=\"1 min\u00fata\" \/>\n<script type=\"application\/ld+json\" class=\"yoast-schema-graph\">{\"@context\":\"https:\\\/\\\/schema.org\",\"@graph\":[{\"@type\":\"Article\",\"@id\":\"https:\\\/\\\/pmza.sk\\\/?p=60823#article\",\"isPartOf\":{\"@id\":\"https:\\\/\\\/pmza.sk\\\/?p=60823\"},\"author\":{\"name\":\"Pova\u017esk\u00e9 m\u00fazeum\",\"@id\":\"https:\\\/\\\/pmza.sk\\\/#\\\/schema\\\/person\\\/595e6a2ce731ea94dcd5d7f50a41ae33\"},\"headline\":\"Pr\u00e1zdniny v m\u00fazeu\",\"datePublished\":\"2024-01-23T13:03:20+00:00\",\"dateModified\":\"2024-02-29T09:05:24+00:00\",\"mainEntityOfPage\":{\"@id\":\"https:\\\/\\\/pmza.sk\\\/?p=60823\"},\"wordCount\":273,\"commentCount\":0,\"publisher\":{\"@id\":\"https:\\\/\\\/pmza.sk\\\/#organization\"},\"image\":{\"@id\":\"https:\\\/\\\/pmza.sk\\\/?p=60823#primaryimage\"},\"thumbnailUrl\":\"https:\\\/\\\/pmza.sk\\\/wp-content\\\/uploads\\\/2024\\\/01\\\/Prazdniny_v_muzeu_web-scaled.jpg\",\"articleSection\":[\"Podujatia\"],\"inLanguage\":\"sk-SK\"},{\"@type\":\"WebPage\",\"@id\":\"https:\\\/\\\/pmza.sk\\\/?p=60823\",\"url\":\"https:\\\/\\\/pmza.sk\\\/?p=60823\",\"name\":\"Pr\u00e1zdniny v m\u00fazeu - Pova\u017esk\u00e9 m\u00fazeum\",\"isPartOf\":{\"@id\":\"https:\\\/\\\/pmza.sk\\\/#website\"},\"primaryImageOfPage\":{\"@id\":\"https:\\\/\\\/pmza.sk\\\/?p=60823#primaryimage\"},\"image\":{\"@id\":\"https:\\\/\\\/pmza.sk\\\/?p=60823#primaryimage\"},\"thumbnailUrl\":\"https:\\\/\\\/pmza.sk\\\/wp-content\\\/uploads\\\/2024\\\/01\\\/Prazdniny_v_muzeu_web-scaled.jpg\",\"datePublished\":\"2024-01-23T13:03:20+00:00\",\"dateModified\":\"2024-02-29T09:05:24+00:00\",\"breadcrumb\":{\"@id\":\"https:\\\/\\\/pmza.sk\\\/?p=60823#breadcrumb\"},\"inLanguage\":\"sk-SK\",\"potentialAction\":[{\"@type\":\"ReadAction\",\"target\":[\"https:\\\/\\\/pmza.sk\\\/?p=60823\"]}]},{\"@type\":\"ImageObject\",\"inLanguage\":\"sk-SK\",\"@id\":\"https:\\\/\\\/pmza.sk\\\/?p=60823#primaryimage\",\"url\":\"https:\\\/\\\/pmza.sk\\\/wp-content\\\/uploads\\\/2024\\\/01\\\/Prazdniny_v_muzeu_web-scaled.jpg\",\"contentUrl\":\"https:\\\/\\\/pmza.sk\\\/wp-content\\\/uploads\\\/2024\\\/01\\\/Prazdniny_v_muzeu_web-scaled.jpg\",\"width\":2560,\"height\":2560},{\"@type\":\"BreadcrumbList\",\"@id\":\"https:\\\/\\\/pmza.sk\\\/?p=60823#breadcrumb\",\"itemListElement\":[{\"@type\":\"ListItem\",\"position\":1,\"name\":\"Domovsk\u00e1 str\u00e1nka\",\"item\":\"https:\\\/\\\/pmza.sk\\\/\"},{\"@type\":\"ListItem\",\"position\":2,\"name\":\"Pr\u00e1zdniny v m\u00fazeu\"}]},{\"@type\":\"WebSite\",\"@id\":\"https:\\\/\\\/pmza.sk\\\/#website\",\"url\":\"https:\\\/\\\/pmza.sk\\\/\",\"name\":\"Pova\u017esk\u00e9 m\u00fazeum\",\"description\":\"Pova\u017esk\u00e9 m\u00fazeum v \u017diline je region\u00e1lne m\u00fazeum so s\u00eddlom v Budat\u00edne. Jeho expoz\u00edcie s\u00fa zameran\u00e9 na dejiny slovensk\u00e9ho umenia, kult\u00fary a dopravy.\",\"publisher\":{\"@id\":\"https:\\\/\\\/pmza.sk\\\/#organization\"},\"potentialAction\":[{\"@type\":\"SearchAction\",\"target\":{\"@type\":\"EntryPoint\",\"urlTemplate\":\"https:\\\/\\\/pmza.sk\\\/?s={search_term_string}\"},\"query-input\":{\"@type\":\"PropertyValueSpecification\",\"valueRequired\":true,\"valueName\":\"search_term_string\"}}],\"inLanguage\":\"sk-SK\"},{\"@type\":\"Organization\",\"@id\":\"https:\\\/\\\/pmza.sk\\\/#organization\",\"name\":\"Pova\u017esk\u00e9 m\u00fazeum\",\"url\":\"https:\\\/\\\/pmza.sk\\\/\",\"logo\":{\"@type\":\"ImageObject\",\"inLanguage\":\"sk-SK\",\"@id\":\"https:\\\/\\\/pmza.sk\\\/#\\\/schema\\\/logo\\\/image\\\/\",\"url\":\"https:\\\/\\\/pmza.sk\\\/wp-content\\\/uploads\\\/2022\\\/01\\\/logo_PM_horizontal.jpg\",\"contentUrl\":\"https:\\\/\\\/pmza.sk\\\/wp-content\\\/uploads\\\/2022\\\/01\\\/logo_PM_horizontal.jpg\",\"width\":231,\"height\":142,\"caption\":\"Pova\u017esk\u00e9 m\u00fazeum\"},\"image\":{\"@id\":\"https:\\\/\\\/pmza.sk\\\/#\\\/schema\\\/logo\\\/image\\\/\"},\"sameAs\":[\"https:\\\/\\\/www.facebook.com\\\/povazskemuzeum\",\"https:\\\/\\\/www.instagram.com\\\/povazskemuzeum\\\/\"]},{\"@type\":\"Person\",\"@id\":\"https:\\\/\\\/pmza.sk\\\/#\\\/schema\\\/person\\\/595e6a2ce731ea94dcd5d7f50a41ae33\",\"name\":\"Pova\u017esk\u00e9 m\u00fazeum\",\"image\":{\"@type\":\"ImageObject\",\"inLanguage\":\"sk-SK\",\"@id\":\"https:\\\/\\\/secure.gravatar.com\\\/avatar\\\/2bb7f1561282132fb5826dfeccc66c7996d11ee392ac6aaf7ced8a1c2027fbb2?s=96&d=mm&r=g\",\"url\":\"https:\\\/\\\/secure.gravatar.com\\\/avatar\\\/2bb7f1561282132fb5826dfeccc66c7996d11ee392ac6aaf7ced8a1c2027fbb2?s=96&d=mm&r=g\",\"contentUrl\":\"https:\\\/\\\/secure.gravatar.com\\\/avatar\\\/2bb7f1561282132fb5826dfeccc66c7996d11ee392ac6aaf7ced8a1c2027fbb2?s=96&d=mm&r=g\",\"caption\":\"Pova\u017esk\u00e9 m\u00fazeum\"}}]}<\/script>\n<!-- \/ Yoast SEO plugin. -->","yoast_head_json":{"title":"Pr\u00e1zdniny v m\u00fazeu - Pova\u017esk\u00e9 m\u00fazeum","robots":{"index":"index","follow":"follow","max-snippet":"max-snippet:-1","max-image-preview":"max-image-preview:large","max-video-preview":"max-video-preview:-1"},"canonical":"https:\/\/pmza.sk\/?p=60823","og_locale":"sk_SK","og_type":"article","og_title":"Pr\u00e1zdniny v m\u00fazeu - Pova\u017esk\u00e9 m\u00fazeum","og_description":"Uva\u017eujete, kam sa vybra\u0165 po\u010das jarn\u00fdch pr\u00e1zdnin? Pova\u017esk\u00e9 m\u00fazeum pripravuje na Budat\u00ednskom hrade nieko\u013eko zauj\u00edmav\u00fdch aktiv\u00edt. Rodiny s\u00a0de\u0165mi sa m\u00f4\u017eu od 20. do 22. febru\u00e1ra te\u0161i\u0165 na predn\u00e1\u0161ky, komentovan\u00e9 prehliadky aj tvoriv\u00e9 dielne. \u201ePo\u010das pr\u00e1zdnin \u017dilinsk\u00e9ho, Banskobystrick\u00e9ho a\u00a0Tren\u010dianskeho kraja s\u00fa na\u0161e expoz\u00edcie ob\u013e\u00faben\u00fdm miestom n\u00e1v\u0161tevy, preto sme im chceli pon\u00faknu\u0165 nie\u010do viac ako be\u017en\u00fa prehliadku. [&hellip;]","og_url":"https:\/\/pmza.sk\/?p=60823","og_site_name":"Pova\u017esk\u00e9 m\u00fazeum","article_publisher":"https:\/\/www.facebook.com\/povazskemuzeum","article_published_time":"2024-01-23T13:03:20+00:00","article_modified_time":"2024-02-29T09:05:24+00:00","og_image":[{"width":2560,"height":2560,"url":"https:\/\/pmza.sk\/wp-content\/uploads\/2024\/01\/Prazdniny_v_muzeu_web-scaled.jpg","type":"image\/jpeg"}],"author":"Pova\u017esk\u00e9 m\u00fazeum","twitter_card":"summary_large_image","twitter_misc":{"Autor":"Pova\u017esk\u00e9 m\u00fazeum","Predpokladan\u00fd \u010das \u010d\u00edtania":"1 min\u00fata"},"schema":{"@context":"https:\/\/schema.org","@graph":[{"@type":"Article","@id":"https:\/\/pmza.sk\/?p=60823#article","isPartOf":{"@id":"https:\/\/pmza.sk\/?p=60823"},"author":{"name":"Pova\u017esk\u00e9 m\u00fazeum","@id":"https:\/\/pmza.sk\/#\/schema\/person\/595e6a2ce731ea94dcd5d7f50a41ae33"},"headline":"Pr\u00e1zdniny v m\u00fazeu","datePublished":"2024-01-23T13:03:20+00:00","dateModified":"2024-02-29T09:05:24+00:00","mainEntityOfPage":{"@id":"https:\/\/pmza.sk\/?p=60823"},"wordCount":273,"commentCount":0,"publisher":{"@id":"https:\/\/pmza.sk\/#organization"},"image":{"@id":"https:\/\/pmza.sk\/?p=60823#primaryimage"},"thumbnailUrl":"https:\/\/pmza.sk\/wp-content\/uploads\/2024\/01\/Prazdniny_v_muzeu_web-scaled.jpg","articleSection":["Podujatia"],"inLanguage":"sk-SK"},{"@type":"WebPage","@id":"https:\/\/pmza.sk\/?p=60823","url":"https:\/\/pmza.sk\/?p=60823","name":"Pr\u00e1zdniny v m\u00fazeu - Pova\u017esk\u00e9 m\u00fazeum","isPartOf":{"@id":"https:\/\/pmza.sk\/#website"},"primaryImageOfPage":{"@id":"https:\/\/pmza.sk\/?p=60823#primaryimage"},"image":{"@id":"https:\/\/pmza.sk\/?p=60823#primaryimage"},"thumbnailUrl":"https:\/\/pmza.sk\/wp-content\/uploads\/2024\/01\/Prazdniny_v_muzeu_web-scaled.jpg","datePublished":"2024-01-23T13:03:20+00:00","dateModified":"2024-02-29T09:05:24+00:00","breadcrumb":{"@id":"https:\/\/pmza.sk\/?p=60823#breadcrumb"},"inLanguage":"sk-SK","potentialAction":[{"@type":"ReadAction","target":["https:\/\/pmza.sk\/?p=60823"]}]},{"@type":"ImageObject","inLanguage":"sk-SK","@id":"https:\/\/pmza.sk\/?p=60823#primaryimage","url":"https:\/\/pmza.sk\/wp-content\/uploads\/2024\/01\/Prazdniny_v_muzeu_web-scaled.jpg","contentUrl":"https:\/\/pmza.sk\/wp-content\/uploads\/2024\/01\/Prazdniny_v_muzeu_web-scaled.jpg","width":2560,"height":2560},{"@type":"BreadcrumbList","@id":"https:\/\/pmza.sk\/?p=60823#breadcrumb","itemListElement":[{"@type":"ListItem","position":1,"name":"Domovsk\u00e1 str\u00e1nka","item":"https:\/\/pmza.sk\/"},{"@type":"ListItem","position":2,"name":"Pr\u00e1zdniny v m\u00fazeu"}]},{"@type":"WebSite","@id":"https:\/\/pmza.sk\/#website","url":"https:\/\/pmza.sk\/","name":"Pova\u017esk\u00e9 m\u00fazeum","description":"Pova\u017esk\u00e9 m\u00fazeum v \u017diline je region\u00e1lne m\u00fazeum so s\u00eddlom v Budat\u00edne. Jeho expoz\u00edcie s\u00fa zameran\u00e9 na dejiny slovensk\u00e9ho umenia, kult\u00fary a dopravy.","publisher":{"@id":"https:\/\/pmza.sk\/#organization"},"potentialAction":[{"@type":"SearchAction","target":{"@type":"EntryPoint","urlTemplate":"https:\/\/pmza.sk\/?s={search_term_string}"},"query-input":{"@type":"PropertyValueSpecification","valueRequired":true,"valueName":"search_term_string"}}],"inLanguage":"sk-SK"},{"@type":"Organization","@id":"https:\/\/pmza.sk\/#organization","name":"Pova\u017esk\u00e9 m\u00fazeum","url":"https:\/\/pmza.sk\/","logo":{"@type":"ImageObject","inLanguage":"sk-SK","@id":"https:\/\/pmza.sk\/#\/schema\/logo\/image\/","url":"https:\/\/pmza.sk\/wp-content\/uploads\/2022\/01\/logo_PM_horizontal.jpg","contentUrl":"https:\/\/pmza.sk\/wp-content\/uploads\/2022\/01\/logo_PM_horizontal.jpg","width":231,"height":142,"caption":"Pova\u017esk\u00e9 m\u00fazeum"},"image":{"@id":"https:\/\/pmza.sk\/#\/schema\/logo\/image\/"},"sameAs":["https:\/\/www.facebook.com\/povazskemuzeum","https:\/\/www.instagram.com\/povazskemuzeum\/"]},{"@type":"Person","@id":"https:\/\/pmza.sk\/#\/schema\/person\/595e6a2ce731ea94dcd5d7f50a41ae33","name":"Pova\u017esk\u00e9 m\u00fazeum","image":{"@type":"ImageObject","inLanguage":"sk-SK","@id":"https:\/\/secure.gravatar.com\/avatar\/2bb7f1561282132fb5826dfeccc66c7996d11ee392ac6aaf7ced8a1c2027fbb2?s=96&d=mm&r=g","url":"https:\/\/secure.gravatar.com\/avatar\/2bb7f1561282132fb5826dfeccc66c7996d11ee392ac6aaf7ced8a1c2027fbb2?s=96&d=mm&r=g","contentUrl":"https:\/\/secure.gravatar.com\/avatar\/2bb7f1561282132fb5826dfeccc66c7996d11ee392ac6aaf7ced8a1c2027fbb2?s=96&d=mm&r=g","caption":"Pova\u017esk\u00e9 m\u00fazeum"}}]}},"_links":{"self":[{"href":"https:\/\/pmza.sk\/index.php?rest_route=\/wp\/v2\/posts\/60823","targetHints":{"allow":["GET"]}}],"collection":[{"href":"https:\/\/pmza.sk\/index.php?rest_route=\/wp\/v2\/posts"}],"about":[{"href":"https:\/\/pmza.sk\/index.php?rest_route=\/wp\/v2\/types\/post"}],"author":[{"embeddable":true,"href":"https:\/\/pmza.sk\/index.php?rest_route=\/wp\/v2\/users\/2"}],"replies":[{"embeddable":true,"href":"https:\/\/pmza.sk\/index.php?rest_route=%2Fwp%2Fv2%2Fcomments&post=60823"}],"version-history":[{"count":0,"href":"https:\/\/pmza.sk\/index.php?rest_route=\/wp\/v2\/posts\/60823\/revisions"}],"wp:featuredmedia":[{"embeddable":true,"href":"https:\/\/pmza.sk\/index.php?rest_route=\/wp\/v2\/media\/60826"}],"wp:attachment":[{"href":"https:\/\/pmza.sk\/index.php?rest_route=%2Fwp%2Fv2%2Fmedia&parent=60823"}],"wp:term":[{"taxonomy":"category","embeddable":true,"href":"https:\/\/pmza.sk\/index.php?rest_route=%2Fwp%2Fv2%2Fcategories&post=60823"},{"taxonomy":"post_tag","embeddable":true,"href":"https:\/\/pmza.sk\/index.php?rest_route=%2Fwp%2Fv2%2Ftags&post=60823"}],"curies":[{"name":"wp","href":"https:\/\/api.w.org\/{rel}","templated":true}]}}