{"id":6090,"date":"2012-08-08T14:32:14","date_gmt":"2012-08-08T12:32:14","guid":{"rendered":"https:\/\/pmza.sk.sk\/?p=6090"},"modified":"2012-08-08T14:32:14","modified_gmt":"2012-08-08T12:32:14","slug":"zilina-na-starych-mapach","status":"publish","type":"post","link":"https:\/\/pmza.sk\/?p=6090","title":{"rendered":"\u017dilina na star\u00fdch map\u00e1ch"},"content":{"rendered":"<p><strong><\/strong><a href=\"https:\/\/pmza.sk\/wp-content\/uploads\/2012\/08\/A4_plagat_mapy_opraveny-scaled-1.jpg\"><img fetchpriority=\"high\" decoding=\"async\" class=\"alignleft size-medium wp-image-6098\" style=\"margin: 4px; border: 2px solid black;\" title=\"A4_plagat_mapy_opraveny\" src=\"https:\/\/pmza.sk.sk\/wp-content\/uploads\/2012\/08\/A4_plagat_mapy_opraveny-212x300.jpg\" alt=\"\" width=\"212\" height=\"300\" \/><\/a>V roku 2009 bola vydan\u00e1 publik\u00e1cia Pova\u017esk\u00e9ho m\u00fazea v\u00a0\u017diline o\u00a0hist\u00f3rii \u017eilinskej MHD, ktorej autorom je historik m\u00fazea, Peter \u0160imko. Pr\u00e1ve vtedy, ke\u010f autor pracoval aj s\u00a0dobov\u00fdmi mapami \u017diliny, vznikla my\u0161lienka zrealizova\u0165 v\u00a0bud\u00facnosti samostatn\u00fa v\u00fdstavu venovan\u00fa star\u00fdm map\u00e1m \u017diliny.<\/p>\n<p>My\u0161lienku sa podarilo naplni\u0165 pri pr\u00edle\u017eitosti 700. v\u00fdro\u010dia\u00a0prvej p\u00edsomnej zmienke o\u00a0Meste \u017dilina a\u00a070. v\u00fdro\u010dia vzniku Pova\u017esk\u00e9ho m\u00fazea v\u00a0\u017diline. Od pondelka 13. augusta 2012 ju m\u00f4\u017eu n\u00e1v\u0161tevn\u00edci vidie\u0165 v\u00a0priestoroch \u017eilinskej Radnice. \u201e<em>V\u00fdstava pozost\u00e1va z\u00a035 m\u00e1p. Najstar\u0161ia, Lazarova mapa (Tabula Hungariae), poch\u00e1dza z\u00a0roku 1513, \u017dilina je na nej zobrazen\u00e1 len ako bod. Najmlad\u0161ia mapa pou\u017eit\u00e1 na v\u00fdstave poch\u00e1dza z\u00a0roku 1992<\/em>,\u201c povedal Peter \u0160imko, jeden z\u00a0autorov v\u00fdstavy.<!--more--><\/p>\n<p>Vystaven\u00fd je aj najstar\u0161\u00ed zachovan\u00fd podrobn\u00fd n\u00e1kres \u017diliny s\u00a0vyzna\u010den\u00edm vlastn\u00edkov pozemkov, zn\u00e1mej\u0161\u00ed ako Ruttkayova mapa z\u00a0roku 1747 zo zbierok Pova\u017esk\u00e9ho m\u00fazea v\u00a0\u017diline. Zauj\u00edmav\u00e1 je tie\u017e \u010fal\u0161ia Ruttkayova mapa z\u00a0roku 1749, na ktorej Michal Ruttkay-Nedeck\u00fd chronologicky zakreslil pl\u00e1n s\u00fadob\u00e9ho a minul\u00fdch mostov cez V\u00e1h. \u201e<em>Mapa vznikla po\u010das s\u00fadneho sporu o\u00a0most medzi mestom \u017dilina a\u00a0panstvom Budat\u00edn,\u201c <\/em>dodal Peter \u0160tansk\u00fd, spoluautor v\u00fdstavy.<em> \u201e\u010eal\u0161iu unik\u00e1tnu mapu \u017diliny a\u00a0Budat\u00edna, z\u00a0roku 1820, ktor\u00e1 nebola doposia\u013e nikde publikovan\u00e1 a\u00a0prezentovan\u00e1, som z\u00edskal po\u010das \u0161tudijn\u00fdch ciest v\u00a0arch\u00edvoch v\u00a0Budape\u0161ti a\u00a0Viedni. Ide o\u00a0vojensk\u00fd pl\u00e1n vybudovania pevnosti na Chlmeckom vrchu cis\u00e1rsko-kr\u00e1\u013eovskou arm\u00e1dou<\/em>,\u201c upozornil Peter \u0160imko.<\/p>\n<p>N\u00e1v\u0161tevn\u00edci v\u00fdstavy pod n\u00e1zvom <strong>\u017dilina na star\u00fdch map\u00e1ch <\/strong>bud\u00fa ma\u0165 mo\u017enos\u0165 vidie\u0165 nielen reprodukcie historick\u00fdch m\u00e1p, ale aj niektor\u00e9 origin\u00e1ly. \u201e<em>Po\u010das pr\u00edprav na v\u00fdstavu bolo m\u00fazeum osloven\u00e9 s\u00fakromn\u00fdm majite\u013eom m\u00e1p, poch\u00e1dzaj\u00facich z\u00a0prvej polovice minul\u00e9ho storo\u010dia, na ktor\u00fdch je zachyten\u00e1 cel\u00e1 \u017dilina, a\u00a0ktor\u00e9 bud\u00fa taktie\u017e prezentovan\u00e9 na v\u00fdstave. Touto cestou by som sa chcel po\u010fakova\u0165 za darovanie spom\u00ednan\u00fdch m\u00e1p<\/em>,\u201c dodal na z\u00e1ver Boris Schubert, riadite\u013e Pova\u017esk\u00e9ho m\u00fazea v\u00a0\u017diline.<\/p>\n<p>Vernis\u00e1\u017e v\u00fdstavy \u017dilina na star\u00fdch map\u00e1ch sa uskuto\u010dn\u00ed vo \u0161tvrtok 16. augusta 2012 o\u00a016,00 hod na Radnici mesta \u017dilina. Spr\u00edstupnen\u00e1 bude do 18. septembra 2012.<\/p>\n<p>Organiz\u00e1torom v\u00fdstavy je Mesto \u017dilina, \u017dilinsk\u00fd samospr\u00e1vny kraj, Pova\u017esk\u00e9 m\u00fazeum v\u00a0\u017diline a\u00a0\u0160t\u00e1tny arch\u00edv v\u00a0Byt\u010di \u2013 pobo\u010dka \u017dilina<\/p>\n","protected":false},"excerpt":{"rendered":"<p>V roku 2009 bola vydan\u00e1 publik\u00e1cia Pova\u017esk\u00e9ho m\u00fazea v\u00a0\u017diline o\u00a0hist\u00f3rii \u017eilinskej MHD, ktorej autorom je historik m\u00fazea, Peter \u0160imko. Pr\u00e1ve vtedy, ke\u010f autor pracoval aj s\u00a0dobov\u00fdmi mapami \u017diliny, vznikla my\u0161lienka zrealizova\u0165 v\u00a0bud\u00facnosti samostatn\u00fa v\u00fdstavu venovan\u00fa star\u00fdm map\u00e1m \u017diliny. My\u0161lienku sa podarilo naplni\u0165 pri pr\u00edle\u017eitosti 700. v\u00fdro\u010dia\u00a0prvej p\u00edsomnej zmienke o\u00a0Meste \u017dilina a\u00a070. v\u00fdro\u010dia vzniku Pova\u017esk\u00e9ho m\u00fazea [&hellip;]<\/p>\n","protected":false},"author":2,"featured_media":0,"comment_status":"closed","ping_status":"closed","sticky":false,"template":"","format":"standard","meta":{"site-sidebar-layout":"default","site-content-layout":"","ast-site-content-layout":"","site-content-style":"default","site-sidebar-style":"default","ast-global-header-display":"","ast-banner-title-visibility":"","ast-main-header-display":"","ast-hfb-above-header-display":"","ast-hfb-below-header-display":"","ast-hfb-mobile-header-display":"","site-post-title":"","ast-breadcrumbs-content":"","ast-featured-img":"","footer-sml-layout":"","theme-transparent-header-meta":"","adv-header-id-meta":"","stick-header-meta":"","header-above-stick-meta":"","header-main-stick-meta":"","header-below-stick-meta":"","astra-migrate-meta-layouts":"default","ast-page-background-enabled":"default","ast-page-background-meta":{"desktop":{"background-color":"var(--ast-global-color-4)","background-image":"","background-repeat":"repeat","background-position":"center center","background-size":"auto","background-attachment":"scroll","background-type":"","background-media":"","overlay-type":"","overlay-color":"","overlay-opacity":"","overlay-gradient":""},"tablet":{"background-color":"","background-image":"","background-repeat":"repeat","background-position":"center center","background-size":"auto","background-attachment":"scroll","background-type":"","background-media":"","overlay-type":"","overlay-color":"","overlay-opacity":"","overlay-gradient":""},"mobile":{"background-color":"","background-image":"","background-repeat":"repeat","background-position":"center center","background-size":"auto","background-attachment":"scroll","background-type":"","background-media":"","overlay-type":"","overlay-color":"","overlay-opacity":"","overlay-gradient":""}},"ast-content-background-meta":{"desktop":{"background-color":"var(--ast-global-color-5)","background-image":"","background-repeat":"repeat","background-position":"center center","background-size":"auto","background-attachment":"scroll","background-type":"","background-media":"","overlay-type":"","overlay-color":"","overlay-opacity":"","overlay-gradient":""},"tablet":{"background-color":"var(--ast-global-color-5)","background-image":"","background-repeat":"repeat","background-position":"center center","background-size":"auto","background-attachment":"scroll","background-type":"","background-media":"","overlay-type":"","overlay-color":"","overlay-opacity":"","overlay-gradient":""},"mobile":{"background-color":"var(--ast-global-color-5)","background-image":"","background-repeat":"repeat","background-position":"center center","background-size":"auto","background-attachment":"scroll","background-type":"","background-media":"","overlay-type":"","overlay-color":"","overlay-opacity":"","overlay-gradient":""}},"footnotes":""},"categories":[32],"tags":[],"class_list":["post-6090","post","type-post","status-publish","format-standard","hentry","category-archiv-2012"],"yoast_head":"<!-- This site is optimized with the Yoast SEO plugin v27.4 - https:\/\/yoast.com\/product\/yoast-seo-wordpress\/ -->\n<title>\u017dilina na star\u00fdch map\u00e1ch - Pova\u017esk\u00e9 m\u00fazeum<\/title>\n<meta name=\"robots\" content=\"index, follow, max-snippet:-1, max-image-preview:large, max-video-preview:-1\" \/>\n<link rel=\"canonical\" href=\"https:\/\/pmza.sk\/?p=6090\" \/>\n<meta property=\"og:locale\" content=\"sk_SK\" \/>\n<meta property=\"og:type\" content=\"article\" \/>\n<meta property=\"og:title\" content=\"\u017dilina na star\u00fdch map\u00e1ch - Pova\u017esk\u00e9 m\u00fazeum\" \/>\n<meta property=\"og:description\" content=\"V roku 2009 bola vydan\u00e1 publik\u00e1cia Pova\u017esk\u00e9ho m\u00fazea v\u00a0\u017diline o\u00a0hist\u00f3rii \u017eilinskej MHD, ktorej autorom je historik m\u00fazea, Peter \u0160imko. Pr\u00e1ve vtedy, ke\u010f autor pracoval aj s\u00a0dobov\u00fdmi mapami \u017diliny, vznikla my\u0161lienka zrealizova\u0165 v\u00a0bud\u00facnosti samostatn\u00fa v\u00fdstavu venovan\u00fa star\u00fdm map\u00e1m \u017diliny. My\u0161lienku sa podarilo naplni\u0165 pri pr\u00edle\u017eitosti 700. v\u00fdro\u010dia\u00a0prvej p\u00edsomnej zmienke o\u00a0Meste \u017dilina a\u00a070. v\u00fdro\u010dia vzniku Pova\u017esk\u00e9ho m\u00fazea [&hellip;]\" \/>\n<meta property=\"og:url\" content=\"https:\/\/pmza.sk\/?p=6090\" \/>\n<meta property=\"og:site_name\" content=\"Pova\u017esk\u00e9 m\u00fazeum\" \/>\n<meta property=\"article:publisher\" content=\"https:\/\/www.facebook.com\/povazskemuzeum\" \/>\n<meta property=\"article:published_time\" content=\"2012-08-08T12:32:14+00:00\" \/>\n<meta property=\"og:image\" content=\"https:\/\/pmza.sk.sk\/wp-content\/uploads\/2012\/08\/A4_plagat_mapy_opraveny-212x300.jpg\" \/>\n<meta name=\"author\" content=\"Pova\u017esk\u00e9 m\u00fazeum\" \/>\n<meta name=\"twitter:card\" content=\"summary_large_image\" \/>\n<meta name=\"twitter:label1\" content=\"Autor\" \/>\n\t<meta name=\"twitter:data1\" content=\"Pova\u017esk\u00e9 m\u00fazeum\" \/>\n\t<meta name=\"twitter:label2\" content=\"Predpokladan\u00fd \u010das \u010d\u00edtania\" \/>\n\t<meta name=\"twitter:data2\" content=\"2 min\u00faty\" \/>\n<script type=\"application\/ld+json\" class=\"yoast-schema-graph\">{\"@context\":\"https:\\\/\\\/schema.org\",\"@graph\":[{\"@type\":\"Article\",\"@id\":\"https:\\\/\\\/pmza.sk\\\/?p=6090#article\",\"isPartOf\":{\"@id\":\"https:\\\/\\\/pmza.sk\\\/?p=6090\"},\"author\":{\"name\":\"Pova\u017esk\u00e9 m\u00fazeum\",\"@id\":\"https:\\\/\\\/pmza.sk\\\/#\\\/schema\\\/person\\\/595e6a2ce731ea94dcd5d7f50a41ae33\"},\"headline\":\"\u017dilina na star\u00fdch map\u00e1ch\",\"datePublished\":\"2012-08-08T12:32:14+00:00\",\"mainEntityOfPage\":{\"@id\":\"https:\\\/\\\/pmza.sk\\\/?p=6090\"},\"wordCount\":442,\"publisher\":{\"@id\":\"https:\\\/\\\/pmza.sk\\\/#organization\"},\"image\":{\"@id\":\"https:\\\/\\\/pmza.sk\\\/?p=6090#primaryimage\"},\"thumbnailUrl\":\"http:\\\/\\\/pmza.sk.sk\\\/wp-content\\\/uploads\\\/2012\\\/08\\\/A4_plagat_mapy_opraveny-212x300.jpg\",\"articleSection\":[\"Arch\u00edv 2012\"],\"inLanguage\":\"sk-SK\"},{\"@type\":\"WebPage\",\"@id\":\"https:\\\/\\\/pmza.sk\\\/?p=6090\",\"url\":\"https:\\\/\\\/pmza.sk\\\/?p=6090\",\"name\":\"\u017dilina na star\u00fdch map\u00e1ch - Pova\u017esk\u00e9 m\u00fazeum\",\"isPartOf\":{\"@id\":\"https:\\\/\\\/pmza.sk\\\/#website\"},\"primaryImageOfPage\":{\"@id\":\"https:\\\/\\\/pmza.sk\\\/?p=6090#primaryimage\"},\"image\":{\"@id\":\"https:\\\/\\\/pmza.sk\\\/?p=6090#primaryimage\"},\"thumbnailUrl\":\"http:\\\/\\\/pmza.sk.sk\\\/wp-content\\\/uploads\\\/2012\\\/08\\\/A4_plagat_mapy_opraveny-212x300.jpg\",\"datePublished\":\"2012-08-08T12:32:14+00:00\",\"breadcrumb\":{\"@id\":\"https:\\\/\\\/pmza.sk\\\/?p=6090#breadcrumb\"},\"inLanguage\":\"sk-SK\",\"potentialAction\":[{\"@type\":\"ReadAction\",\"target\":[\"https:\\\/\\\/pmza.sk\\\/?p=6090\"]}]},{\"@type\":\"ImageObject\",\"inLanguage\":\"sk-SK\",\"@id\":\"https:\\\/\\\/pmza.sk\\\/?p=6090#primaryimage\",\"url\":\"http:\\\/\\\/pmza.sk.sk\\\/wp-content\\\/uploads\\\/2012\\\/08\\\/A4_plagat_mapy_opraveny-212x300.jpg\",\"contentUrl\":\"http:\\\/\\\/pmza.sk.sk\\\/wp-content\\\/uploads\\\/2012\\\/08\\\/A4_plagat_mapy_opraveny-212x300.jpg\"},{\"@type\":\"BreadcrumbList\",\"@id\":\"https:\\\/\\\/pmza.sk\\\/?p=6090#breadcrumb\",\"itemListElement\":[{\"@type\":\"ListItem\",\"position\":1,\"name\":\"Domovsk\u00e1 str\u00e1nka\",\"item\":\"https:\\\/\\\/pmza.sk\\\/\"},{\"@type\":\"ListItem\",\"position\":2,\"name\":\"\u017dilina na star\u00fdch map\u00e1ch\"}]},{\"@type\":\"WebSite\",\"@id\":\"https:\\\/\\\/pmza.sk\\\/#website\",\"url\":\"https:\\\/\\\/pmza.sk\\\/\",\"name\":\"Pova\u017esk\u00e9 m\u00fazeum\",\"description\":\"Pova\u017esk\u00e9 m\u00fazeum v \u017diline je region\u00e1lne m\u00fazeum so s\u00eddlom v Budat\u00edne. Jeho expoz\u00edcie s\u00fa zameran\u00e9 na dejiny slovensk\u00e9ho umenia, kult\u00fary a dopravy.\",\"publisher\":{\"@id\":\"https:\\\/\\\/pmza.sk\\\/#organization\"},\"potentialAction\":[{\"@type\":\"SearchAction\",\"target\":{\"@type\":\"EntryPoint\",\"urlTemplate\":\"https:\\\/\\\/pmza.sk\\\/?s={search_term_string}\"},\"query-input\":{\"@type\":\"PropertyValueSpecification\",\"valueRequired\":true,\"valueName\":\"search_term_string\"}}],\"inLanguage\":\"sk-SK\"},{\"@type\":\"Organization\",\"@id\":\"https:\\\/\\\/pmza.sk\\\/#organization\",\"name\":\"Pova\u017esk\u00e9 m\u00fazeum\",\"url\":\"https:\\\/\\\/pmza.sk\\\/\",\"logo\":{\"@type\":\"ImageObject\",\"inLanguage\":\"sk-SK\",\"@id\":\"https:\\\/\\\/pmza.sk\\\/#\\\/schema\\\/logo\\\/image\\\/\",\"url\":\"https:\\\/\\\/pmza.sk\\\/wp-content\\\/uploads\\\/2022\\\/01\\\/logo_PM_horizontal.jpg\",\"contentUrl\":\"https:\\\/\\\/pmza.sk\\\/wp-content\\\/uploads\\\/2022\\\/01\\\/logo_PM_horizontal.jpg\",\"width\":231,\"height\":142,\"caption\":\"Pova\u017esk\u00e9 m\u00fazeum\"},\"image\":{\"@id\":\"https:\\\/\\\/pmza.sk\\\/#\\\/schema\\\/logo\\\/image\\\/\"},\"sameAs\":[\"https:\\\/\\\/www.facebook.com\\\/povazskemuzeum\",\"https:\\\/\\\/www.instagram.com\\\/povazskemuzeum\\\/\"]},{\"@type\":\"Person\",\"@id\":\"https:\\\/\\\/pmza.sk\\\/#\\\/schema\\\/person\\\/595e6a2ce731ea94dcd5d7f50a41ae33\",\"name\":\"Pova\u017esk\u00e9 m\u00fazeum\",\"image\":{\"@type\":\"ImageObject\",\"inLanguage\":\"sk-SK\",\"@id\":\"https:\\\/\\\/secure.gravatar.com\\\/avatar\\\/2bb7f1561282132fb5826dfeccc66c7996d11ee392ac6aaf7ced8a1c2027fbb2?s=96&d=mm&r=g\",\"url\":\"https:\\\/\\\/secure.gravatar.com\\\/avatar\\\/2bb7f1561282132fb5826dfeccc66c7996d11ee392ac6aaf7ced8a1c2027fbb2?s=96&d=mm&r=g\",\"contentUrl\":\"https:\\\/\\\/secure.gravatar.com\\\/avatar\\\/2bb7f1561282132fb5826dfeccc66c7996d11ee392ac6aaf7ced8a1c2027fbb2?s=96&d=mm&r=g\",\"caption\":\"Pova\u017esk\u00e9 m\u00fazeum\"}}]}<\/script>\n<!-- \/ Yoast SEO plugin. -->","yoast_head_json":{"title":"\u017dilina na star\u00fdch map\u00e1ch - Pova\u017esk\u00e9 m\u00fazeum","robots":{"index":"index","follow":"follow","max-snippet":"max-snippet:-1","max-image-preview":"max-image-preview:large","max-video-preview":"max-video-preview:-1"},"canonical":"https:\/\/pmza.sk\/?p=6090","og_locale":"sk_SK","og_type":"article","og_title":"\u017dilina na star\u00fdch map\u00e1ch - Pova\u017esk\u00e9 m\u00fazeum","og_description":"V roku 2009 bola vydan\u00e1 publik\u00e1cia Pova\u017esk\u00e9ho m\u00fazea v\u00a0\u017diline o\u00a0hist\u00f3rii \u017eilinskej MHD, ktorej autorom je historik m\u00fazea, Peter \u0160imko. Pr\u00e1ve vtedy, ke\u010f autor pracoval aj s\u00a0dobov\u00fdmi mapami \u017diliny, vznikla my\u0161lienka zrealizova\u0165 v\u00a0bud\u00facnosti samostatn\u00fa v\u00fdstavu venovan\u00fa star\u00fdm map\u00e1m \u017diliny. My\u0161lienku sa podarilo naplni\u0165 pri pr\u00edle\u017eitosti 700. v\u00fdro\u010dia\u00a0prvej p\u00edsomnej zmienke o\u00a0Meste \u017dilina a\u00a070. v\u00fdro\u010dia vzniku Pova\u017esk\u00e9ho m\u00fazea [&hellip;]","og_url":"https:\/\/pmza.sk\/?p=6090","og_site_name":"Pova\u017esk\u00e9 m\u00fazeum","article_publisher":"https:\/\/www.facebook.com\/povazskemuzeum","article_published_time":"2012-08-08T12:32:14+00:00","og_image":[{"url":"https:\/\/pmza.sk.sk\/wp-content\/uploads\/2012\/08\/A4_plagat_mapy_opraveny-212x300.jpg","type":"","width":"","height":""}],"author":"Pova\u017esk\u00e9 m\u00fazeum","twitter_card":"summary_large_image","twitter_misc":{"Autor":"Pova\u017esk\u00e9 m\u00fazeum","Predpokladan\u00fd \u010das \u010d\u00edtania":"2 min\u00faty"},"schema":{"@context":"https:\/\/schema.org","@graph":[{"@type":"Article","@id":"https:\/\/pmza.sk\/?p=6090#article","isPartOf":{"@id":"https:\/\/pmza.sk\/?p=6090"},"author":{"name":"Pova\u017esk\u00e9 m\u00fazeum","@id":"https:\/\/pmza.sk\/#\/schema\/person\/595e6a2ce731ea94dcd5d7f50a41ae33"},"headline":"\u017dilina na star\u00fdch map\u00e1ch","datePublished":"2012-08-08T12:32:14+00:00","mainEntityOfPage":{"@id":"https:\/\/pmza.sk\/?p=6090"},"wordCount":442,"publisher":{"@id":"https:\/\/pmza.sk\/#organization"},"image":{"@id":"https:\/\/pmza.sk\/?p=6090#primaryimage"},"thumbnailUrl":"https:\/\/pmza.sk.sk\/wp-content\/uploads\/2012\/08\/A4_plagat_mapy_opraveny-212x300.jpg","articleSection":["Arch\u00edv 2012"],"inLanguage":"sk-SK"},{"@type":"WebPage","@id":"https:\/\/pmza.sk\/?p=6090","url":"https:\/\/pmza.sk\/?p=6090","name":"\u017dilina na star\u00fdch map\u00e1ch - Pova\u017esk\u00e9 m\u00fazeum","isPartOf":{"@id":"https:\/\/pmza.sk\/#website"},"primaryImageOfPage":{"@id":"https:\/\/pmza.sk\/?p=6090#primaryimage"},"image":{"@id":"https:\/\/pmza.sk\/?p=6090#primaryimage"},"thumbnailUrl":"https:\/\/pmza.sk.sk\/wp-content\/uploads\/2012\/08\/A4_plagat_mapy_opraveny-212x300.jpg","datePublished":"2012-08-08T12:32:14+00:00","breadcrumb":{"@id":"https:\/\/pmza.sk\/?p=6090#breadcrumb"},"inLanguage":"sk-SK","potentialAction":[{"@type":"ReadAction","target":["https:\/\/pmza.sk\/?p=6090"]}]},{"@type":"ImageObject","inLanguage":"sk-SK","@id":"https:\/\/pmza.sk\/?p=6090#primaryimage","url":"https:\/\/pmza.sk.sk\/wp-content\/uploads\/2012\/08\/A4_plagat_mapy_opraveny-212x300.jpg","contentUrl":"https:\/\/pmza.sk.sk\/wp-content\/uploads\/2012\/08\/A4_plagat_mapy_opraveny-212x300.jpg"},{"@type":"BreadcrumbList","@id":"https:\/\/pmza.sk\/?p=6090#breadcrumb","itemListElement":[{"@type":"ListItem","position":1,"name":"Domovsk\u00e1 str\u00e1nka","item":"https:\/\/pmza.sk\/"},{"@type":"ListItem","position":2,"name":"\u017dilina na star\u00fdch map\u00e1ch"}]},{"@type":"WebSite","@id":"https:\/\/pmza.sk\/#website","url":"https:\/\/pmza.sk\/","name":"Pova\u017esk\u00e9 m\u00fazeum","description":"Pova\u017esk\u00e9 m\u00fazeum v \u017diline je region\u00e1lne m\u00fazeum so s\u00eddlom v Budat\u00edne. Jeho expoz\u00edcie s\u00fa zameran\u00e9 na dejiny slovensk\u00e9ho umenia, kult\u00fary a dopravy.","publisher":{"@id":"https:\/\/pmza.sk\/#organization"},"potentialAction":[{"@type":"SearchAction","target":{"@type":"EntryPoint","urlTemplate":"https:\/\/pmza.sk\/?s={search_term_string}"},"query-input":{"@type":"PropertyValueSpecification","valueRequired":true,"valueName":"search_term_string"}}],"inLanguage":"sk-SK"},{"@type":"Organization","@id":"https:\/\/pmza.sk\/#organization","name":"Pova\u017esk\u00e9 m\u00fazeum","url":"https:\/\/pmza.sk\/","logo":{"@type":"ImageObject","inLanguage":"sk-SK","@id":"https:\/\/pmza.sk\/#\/schema\/logo\/image\/","url":"https:\/\/pmza.sk\/wp-content\/uploads\/2022\/01\/logo_PM_horizontal.jpg","contentUrl":"https:\/\/pmza.sk\/wp-content\/uploads\/2022\/01\/logo_PM_horizontal.jpg","width":231,"height":142,"caption":"Pova\u017esk\u00e9 m\u00fazeum"},"image":{"@id":"https:\/\/pmza.sk\/#\/schema\/logo\/image\/"},"sameAs":["https:\/\/www.facebook.com\/povazskemuzeum","https:\/\/www.instagram.com\/povazskemuzeum\/"]},{"@type":"Person","@id":"https:\/\/pmza.sk\/#\/schema\/person\/595e6a2ce731ea94dcd5d7f50a41ae33","name":"Pova\u017esk\u00e9 m\u00fazeum","image":{"@type":"ImageObject","inLanguage":"sk-SK","@id":"https:\/\/secure.gravatar.com\/avatar\/2bb7f1561282132fb5826dfeccc66c7996d11ee392ac6aaf7ced8a1c2027fbb2?s=96&d=mm&r=g","url":"https:\/\/secure.gravatar.com\/avatar\/2bb7f1561282132fb5826dfeccc66c7996d11ee392ac6aaf7ced8a1c2027fbb2?s=96&d=mm&r=g","contentUrl":"https:\/\/secure.gravatar.com\/avatar\/2bb7f1561282132fb5826dfeccc66c7996d11ee392ac6aaf7ced8a1c2027fbb2?s=96&d=mm&r=g","caption":"Pova\u017esk\u00e9 m\u00fazeum"}}]}},"_links":{"self":[{"href":"https:\/\/pmza.sk\/index.php?rest_route=\/wp\/v2\/posts\/6090","targetHints":{"allow":["GET"]}}],"collection":[{"href":"https:\/\/pmza.sk\/index.php?rest_route=\/wp\/v2\/posts"}],"about":[{"href":"https:\/\/pmza.sk\/index.php?rest_route=\/wp\/v2\/types\/post"}],"author":[{"embeddable":true,"href":"https:\/\/pmza.sk\/index.php?rest_route=\/wp\/v2\/users\/2"}],"replies":[{"embeddable":true,"href":"https:\/\/pmza.sk\/index.php?rest_route=%2Fwp%2Fv2%2Fcomments&post=6090"}],"version-history":[{"count":0,"href":"https:\/\/pmza.sk\/index.php?rest_route=\/wp\/v2\/posts\/6090\/revisions"}],"wp:attachment":[{"href":"https:\/\/pmza.sk\/index.php?rest_route=%2Fwp%2Fv2%2Fmedia&parent=6090"}],"wp:term":[{"taxonomy":"category","embeddable":true,"href":"https:\/\/pmza.sk\/index.php?rest_route=%2Fwp%2Fv2%2Fcategories&post=6090"},{"taxonomy":"post_tag","embeddable":true,"href":"https:\/\/pmza.sk\/index.php?rest_route=%2Fwp%2Fv2%2Ftags&post=6090"}],"curies":[{"name":"wp","href":"https:\/\/api.w.org\/{rel}","templated":true}]}}