{"id":6127,"date":"2012-08-15T11:39:45","date_gmt":"2012-08-15T09:39:45","guid":{"rendered":"https:\/\/pmza.sk.sk\/?p=6127"},"modified":"2012-08-15T11:39:45","modified_gmt":"2012-08-15T09:39:45","slug":"posledna-nocna-prehliadku-hradu-s-batorickou","status":"publish","type":"post","link":"https:\/\/pmza.sk\/?p=6127","title":{"rendered":"Posledn\u00e1 no\u010dn\u00e1 prehliadku hradu s B\u00e1tori\u010dkou"},"content":{"rendered":"<p><strong> <\/strong><\/p>\n<p><strong> <\/strong><a href=\"https:\/\/pmza.sk\/wp-content\/uploads\/2012\/08\/IMG_1635.jpg\"><img fetchpriority=\"high\" decoding=\"async\" class=\"alignleft size-medium wp-image-6128\" style=\"margin: 4px; border: 2px solid black;\" title=\"IMG_1635\" src=\"https:\/\/pmza.sk.sk\/wp-content\/uploads\/2012\/08\/IMG_1635-300x200.jpg\" alt=\"\" width=\"300\" height=\"200\" \/><\/a><span style=\"color: #ff0000;\"><\/span><span style=\"color: #ff0000;\"> <\/span><\/p>\n<p><strong> <\/strong><\/p>\n<p><strong> <\/strong>Posledn\u00e1 letn\u00e1 stra\u0161ideln\u00e1 prehliadka hradu Stre\u010dno sa bude nies\u0165 v\u00a0znamen\u00ed zn\u00e1mych nap\u00ednav\u00fdch filmov\u00fdch sc\u00e9n. V\u00a0piatok 24. augusta 2012 bude hlavnou postavou ob\u013e\u00faben\u00e9ho podujatia <em>Duchovia, elfovia, stre\u010dniansky des<\/em> \u010dachtick\u00e1 gr\u00f3fka Al\u017ebeta B\u00e1toriov\u00e1.<\/p>\n<p>\u201e<em>Ako si B\u00e1tori\u010dka prenajala od \u017dofie Bosniakovej hrad Stre\u010dno, aj o\u00a0tom bude \u00fastredn\u00e1 sc\u00e9nka na hlavnom n\u00e1dvor\u00ed hradu. Pravideln\u00ed n\u00e1v\u0161tevn\u00edci no\u010dn\u00fdch prehliadok hradu vedia, \u017ee stre\u010dnianske desy s\u00fa najm\u00e4 o\u00a0z\u00e1bave. Radi sa zap\u00e1jaj\u00fa do na\u0161ich divadeln\u00fdch predstaven\u00ed, hoci spo\u010diatku sa ost\u00fdchali sta\u0165 sa na chv\u00ed\u013eu jedn\u00fdm z\u00a0\u00fa\u010dinkuj\u00facich<\/em>,\u201c povedala Michaela Pastorkov\u00e1, \u010dlenka \u017eilinskej divadelno-improviza\u010dnej skupiny Kapor na sc\u00e9ne<em>.<!--more--><\/em><\/p>\n<p>Rodina Adamsovcov, alebo aj \u00fapiria s\u00e1ga, bude \u010fal\u0161\u00edm spestren\u00edm no\u010dnej prehliadky hradu Stre\u010dno. Na hrade sa objavia nielen postavy filmov\u00e9ho pl\u00e1tna. V\u00a0pr\u00edpade jasnej oblohy bude pripraven\u00e1 mobiln\u00e1 hvezd\u00e1re\u0148 Pova\u017eskej hvezd\u00e1rne v\u00a0\u017diline. \u201e<em>V\u00a0mimoriadne priaznivej polohe na pozorovanie bude Mesiac, \u00a0pr\u00e1ve v\u00a0prvej \u0161tvrti. Na rozhran\u00ed d\u0148a a\u00a0noci (tzv. termin\u00e1tore) s\u00fa na \u0148om najlep\u0161ie pozorovate\u013en\u00e9 nerovnosti povrchu; moria, pohoria, z\u00e1livy a\u00a0jednotliv\u00e9 kr\u00e1tery. \u010eal\u0161\u00edm cie\u013eom \u010falekoh\u013eadu bud\u00fa jasn\u00e9 gu\u013eov\u00e9 a\u00a0otvoren\u00e9 hviezdokopy, zauj\u00edmav\u00e9 dvojhviezdy a\u00a0viacn\u00e1sobn\u00e9 hviezdne s\u00fastavy.\u201c \u00a0V\u00a0pr\u00edpade priazne po\u010dasia uvid\u00edme aj prelet orbit\u00e1lneho komplexu ISS a\u00a0\u010fal\u0161ie umel\u00e9 dru\u017eice Zeme, <\/em>dodal na z\u00e1ver Miroslav Zn\u00e1\u0161ik, riadite\u013e Pova\u017eskej hvezd\u00e1rne v\u00a0\u017diline.<\/p>\n<p>Organiz\u00e1torom <strong>podujatia Duchovia, elfovia, stre\u010dniansky des v\u00a0piatok 24. augusta 2012<\/strong> od 20,00 hod do 23,00 hod je \u017dilinsk\u00fd samospr\u00e1vny kraj, Pova\u017esk\u00e9 m\u00fazeum v\u00a0\u017diline a\u00a0Pova\u017esk\u00e1 hvezd\u00e1re\u0148 v\u00a0\u017diline.<\/p>\n","protected":false},"excerpt":{"rendered":"<p>Posledn\u00e1 letn\u00e1 stra\u0161ideln\u00e1 prehliadka hradu Stre\u010dno sa bude nies\u0165 v\u00a0znamen\u00ed zn\u00e1mych nap\u00ednav\u00fdch filmov\u00fdch sc\u00e9n. V\u00a0piatok 24. augusta 2012 bude hlavnou postavou ob\u013e\u00faben\u00e9ho podujatia Duchovia, elfovia, stre\u010dniansky des \u010dachtick\u00e1 gr\u00f3fka Al\u017ebeta B\u00e1toriov\u00e1. \u201eAko si B\u00e1tori\u010dka prenajala od \u017dofie Bosniakovej hrad Stre\u010dno, aj o\u00a0tom bude \u00fastredn\u00e1 sc\u00e9nka na hlavnom n\u00e1dvor\u00ed hradu. Pravideln\u00ed n\u00e1v\u0161tevn\u00edci no\u010dn\u00fdch prehliadok hradu vedia, [&hellip;]<\/p>\n","protected":false},"author":2,"featured_media":0,"comment_status":"closed","ping_status":"closed","sticky":false,"template":"","format":"standard","meta":{"site-sidebar-layout":"default","site-content-layout":"","ast-site-content-layout":"","site-content-style":"default","site-sidebar-style":"default","ast-global-header-display":"","ast-banner-title-visibility":"","ast-main-header-display":"","ast-hfb-above-header-display":"","ast-hfb-below-header-display":"","ast-hfb-mobile-header-display":"","site-post-title":"","ast-breadcrumbs-content":"","ast-featured-img":"","footer-sml-layout":"","theme-transparent-header-meta":"","adv-header-id-meta":"","stick-header-meta":"","header-above-stick-meta":"","header-main-stick-meta":"","header-below-stick-meta":"","astra-migrate-meta-layouts":"default","ast-page-background-enabled":"default","ast-page-background-meta":{"desktop":{"background-color":"var(--ast-global-color-4)","background-image":"","background-repeat":"repeat","background-position":"center center","background-size":"auto","background-attachment":"scroll","background-type":"","background-media":"","overlay-type":"","overlay-color":"","overlay-opacity":"","overlay-gradient":""},"tablet":{"background-color":"","background-image":"","background-repeat":"repeat","background-position":"center center","background-size":"auto","background-attachment":"scroll","background-type":"","background-media":"","overlay-type":"","overlay-color":"","overlay-opacity":"","overlay-gradient":""},"mobile":{"background-color":"","background-image":"","background-repeat":"repeat","background-position":"center center","background-size":"auto","background-attachment":"scroll","background-type":"","background-media":"","overlay-type":"","overlay-color":"","overlay-opacity":"","overlay-gradient":""}},"ast-content-background-meta":{"desktop":{"background-color":"var(--ast-global-color-5)","background-image":"","background-repeat":"repeat","background-position":"center center","background-size":"auto","background-attachment":"scroll","background-type":"","background-media":"","overlay-type":"","overlay-color":"","overlay-opacity":"","overlay-gradient":""},"tablet":{"background-color":"var(--ast-global-color-5)","background-image":"","background-repeat":"repeat","background-position":"center center","background-size":"auto","background-attachment":"scroll","background-type":"","background-media":"","overlay-type":"","overlay-color":"","overlay-opacity":"","overlay-gradient":""},"mobile":{"background-color":"var(--ast-global-color-5)","background-image":"","background-repeat":"repeat","background-position":"center center","background-size":"auto","background-attachment":"scroll","background-type":"","background-media":"","overlay-type":"","overlay-color":"","overlay-opacity":"","overlay-gradient":""}},"footnotes":""},"categories":[32],"tags":[],"class_list":["post-6127","post","type-post","status-publish","format-standard","hentry","category-archiv-2012"],"yoast_head":"<!-- This site is optimized with the Yoast SEO plugin v27.4 - https:\/\/yoast.com\/product\/yoast-seo-wordpress\/ -->\n<title>Posledn\u00e1 no\u010dn\u00e1 prehliadku hradu s B\u00e1tori\u010dkou - Pova\u017esk\u00e9 m\u00fazeum<\/title>\n<meta name=\"robots\" content=\"index, follow, max-snippet:-1, max-image-preview:large, max-video-preview:-1\" \/>\n<link rel=\"canonical\" href=\"https:\/\/pmza.sk\/?p=6127\" \/>\n<meta property=\"og:locale\" content=\"sk_SK\" \/>\n<meta property=\"og:type\" content=\"article\" \/>\n<meta property=\"og:title\" content=\"Posledn\u00e1 no\u010dn\u00e1 prehliadku hradu s B\u00e1tori\u010dkou - Pova\u017esk\u00e9 m\u00fazeum\" \/>\n<meta property=\"og:description\" content=\"Posledn\u00e1 letn\u00e1 stra\u0161ideln\u00e1 prehliadka hradu Stre\u010dno sa bude nies\u0165 v\u00a0znamen\u00ed zn\u00e1mych nap\u00ednav\u00fdch filmov\u00fdch sc\u00e9n. V\u00a0piatok 24. augusta 2012 bude hlavnou postavou ob\u013e\u00faben\u00e9ho podujatia Duchovia, elfovia, stre\u010dniansky des \u010dachtick\u00e1 gr\u00f3fka Al\u017ebeta B\u00e1toriov\u00e1. \u201eAko si B\u00e1tori\u010dka prenajala od \u017dofie Bosniakovej hrad Stre\u010dno, aj o\u00a0tom bude \u00fastredn\u00e1 sc\u00e9nka na hlavnom n\u00e1dvor\u00ed hradu. Pravideln\u00ed n\u00e1v\u0161tevn\u00edci no\u010dn\u00fdch prehliadok hradu vedia, [&hellip;]\" \/>\n<meta property=\"og:url\" content=\"https:\/\/pmza.sk\/?p=6127\" \/>\n<meta property=\"og:site_name\" content=\"Pova\u017esk\u00e9 m\u00fazeum\" \/>\n<meta property=\"article:publisher\" content=\"https:\/\/www.facebook.com\/povazskemuzeum\" \/>\n<meta property=\"article:published_time\" content=\"2012-08-15T09:39:45+00:00\" \/>\n<meta property=\"og:image\" content=\"https:\/\/pmza.sk.sk\/wp-content\/uploads\/2012\/08\/IMG_1635-300x200.jpg\" \/>\n<meta name=\"author\" content=\"Pova\u017esk\u00e9 m\u00fazeum\" \/>\n<meta name=\"twitter:card\" content=\"summary_large_image\" \/>\n<meta name=\"twitter:label1\" content=\"Autor\" \/>\n\t<meta name=\"twitter:data1\" content=\"Pova\u017esk\u00e9 m\u00fazeum\" \/>\n\t<meta name=\"twitter:label2\" content=\"Predpokladan\u00fd \u010das \u010d\u00edtania\" \/>\n\t<meta name=\"twitter:data2\" content=\"1 min\u00fata\" \/>\n<script type=\"application\/ld+json\" class=\"yoast-schema-graph\">{\"@context\":\"https:\\\/\\\/schema.org\",\"@graph\":[{\"@type\":\"Article\",\"@id\":\"https:\\\/\\\/pmza.sk\\\/?p=6127#article\",\"isPartOf\":{\"@id\":\"https:\\\/\\\/pmza.sk\\\/?p=6127\"},\"author\":{\"name\":\"Pova\u017esk\u00e9 m\u00fazeum\",\"@id\":\"https:\\\/\\\/pmza.sk\\\/#\\\/schema\\\/person\\\/595e6a2ce731ea94dcd5d7f50a41ae33\"},\"headline\":\"Posledn\u00e1 no\u010dn\u00e1 prehliadku hradu s B\u00e1tori\u010dkou\",\"datePublished\":\"2012-08-15T09:39:45+00:00\",\"mainEntityOfPage\":{\"@id\":\"https:\\\/\\\/pmza.sk\\\/?p=6127\"},\"wordCount\":308,\"publisher\":{\"@id\":\"https:\\\/\\\/pmza.sk\\\/#organization\"},\"image\":{\"@id\":\"https:\\\/\\\/pmza.sk\\\/?p=6127#primaryimage\"},\"thumbnailUrl\":\"http:\\\/\\\/pmza.sk.sk\\\/wp-content\\\/uploads\\\/2012\\\/08\\\/IMG_1635-300x200.jpg\",\"articleSection\":[\"Arch\u00edv 2012\"],\"inLanguage\":\"sk-SK\"},{\"@type\":\"WebPage\",\"@id\":\"https:\\\/\\\/pmza.sk\\\/?p=6127\",\"url\":\"https:\\\/\\\/pmza.sk\\\/?p=6127\",\"name\":\"Posledn\u00e1 no\u010dn\u00e1 prehliadku hradu s B\u00e1tori\u010dkou - Pova\u017esk\u00e9 m\u00fazeum\",\"isPartOf\":{\"@id\":\"https:\\\/\\\/pmza.sk\\\/#website\"},\"primaryImageOfPage\":{\"@id\":\"https:\\\/\\\/pmza.sk\\\/?p=6127#primaryimage\"},\"image\":{\"@id\":\"https:\\\/\\\/pmza.sk\\\/?p=6127#primaryimage\"},\"thumbnailUrl\":\"http:\\\/\\\/pmza.sk.sk\\\/wp-content\\\/uploads\\\/2012\\\/08\\\/IMG_1635-300x200.jpg\",\"datePublished\":\"2012-08-15T09:39:45+00:00\",\"breadcrumb\":{\"@id\":\"https:\\\/\\\/pmza.sk\\\/?p=6127#breadcrumb\"},\"inLanguage\":\"sk-SK\",\"potentialAction\":[{\"@type\":\"ReadAction\",\"target\":[\"https:\\\/\\\/pmza.sk\\\/?p=6127\"]}]},{\"@type\":\"ImageObject\",\"inLanguage\":\"sk-SK\",\"@id\":\"https:\\\/\\\/pmza.sk\\\/?p=6127#primaryimage\",\"url\":\"http:\\\/\\\/pmza.sk.sk\\\/wp-content\\\/uploads\\\/2012\\\/08\\\/IMG_1635-300x200.jpg\",\"contentUrl\":\"http:\\\/\\\/pmza.sk.sk\\\/wp-content\\\/uploads\\\/2012\\\/08\\\/IMG_1635-300x200.jpg\"},{\"@type\":\"BreadcrumbList\",\"@id\":\"https:\\\/\\\/pmza.sk\\\/?p=6127#breadcrumb\",\"itemListElement\":[{\"@type\":\"ListItem\",\"position\":1,\"name\":\"Domovsk\u00e1 str\u00e1nka\",\"item\":\"https:\\\/\\\/pmza.sk\\\/\"},{\"@type\":\"ListItem\",\"position\":2,\"name\":\"Posledn\u00e1 no\u010dn\u00e1 prehliadku hradu s B\u00e1tori\u010dkou\"}]},{\"@type\":\"WebSite\",\"@id\":\"https:\\\/\\\/pmza.sk\\\/#website\",\"url\":\"https:\\\/\\\/pmza.sk\\\/\",\"name\":\"Pova\u017esk\u00e9 m\u00fazeum\",\"description\":\"Pova\u017esk\u00e9 m\u00fazeum v \u017diline je region\u00e1lne m\u00fazeum so s\u00eddlom v Budat\u00edne. Jeho expoz\u00edcie s\u00fa zameran\u00e9 na dejiny slovensk\u00e9ho umenia, kult\u00fary a dopravy.\",\"publisher\":{\"@id\":\"https:\\\/\\\/pmza.sk\\\/#organization\"},\"potentialAction\":[{\"@type\":\"SearchAction\",\"target\":{\"@type\":\"EntryPoint\",\"urlTemplate\":\"https:\\\/\\\/pmza.sk\\\/?s={search_term_string}\"},\"query-input\":{\"@type\":\"PropertyValueSpecification\",\"valueRequired\":true,\"valueName\":\"search_term_string\"}}],\"inLanguage\":\"sk-SK\"},{\"@type\":\"Organization\",\"@id\":\"https:\\\/\\\/pmza.sk\\\/#organization\",\"name\":\"Pova\u017esk\u00e9 m\u00fazeum\",\"url\":\"https:\\\/\\\/pmza.sk\\\/\",\"logo\":{\"@type\":\"ImageObject\",\"inLanguage\":\"sk-SK\",\"@id\":\"https:\\\/\\\/pmza.sk\\\/#\\\/schema\\\/logo\\\/image\\\/\",\"url\":\"https:\\\/\\\/pmza.sk\\\/wp-content\\\/uploads\\\/2022\\\/01\\\/logo_PM_horizontal.jpg\",\"contentUrl\":\"https:\\\/\\\/pmza.sk\\\/wp-content\\\/uploads\\\/2022\\\/01\\\/logo_PM_horizontal.jpg\",\"width\":231,\"height\":142,\"caption\":\"Pova\u017esk\u00e9 m\u00fazeum\"},\"image\":{\"@id\":\"https:\\\/\\\/pmza.sk\\\/#\\\/schema\\\/logo\\\/image\\\/\"},\"sameAs\":[\"https:\\\/\\\/www.facebook.com\\\/povazskemuzeum\",\"https:\\\/\\\/www.instagram.com\\\/povazskemuzeum\\\/\"]},{\"@type\":\"Person\",\"@id\":\"https:\\\/\\\/pmza.sk\\\/#\\\/schema\\\/person\\\/595e6a2ce731ea94dcd5d7f50a41ae33\",\"name\":\"Pova\u017esk\u00e9 m\u00fazeum\",\"image\":{\"@type\":\"ImageObject\",\"inLanguage\":\"sk-SK\",\"@id\":\"https:\\\/\\\/secure.gravatar.com\\\/avatar\\\/2bb7f1561282132fb5826dfeccc66c7996d11ee392ac6aaf7ced8a1c2027fbb2?s=96&d=mm&r=g\",\"url\":\"https:\\\/\\\/secure.gravatar.com\\\/avatar\\\/2bb7f1561282132fb5826dfeccc66c7996d11ee392ac6aaf7ced8a1c2027fbb2?s=96&d=mm&r=g\",\"contentUrl\":\"https:\\\/\\\/secure.gravatar.com\\\/avatar\\\/2bb7f1561282132fb5826dfeccc66c7996d11ee392ac6aaf7ced8a1c2027fbb2?s=96&d=mm&r=g\",\"caption\":\"Pova\u017esk\u00e9 m\u00fazeum\"}}]}<\/script>\n<!-- \/ Yoast SEO plugin. -->","yoast_head_json":{"title":"Posledn\u00e1 no\u010dn\u00e1 prehliadku hradu s B\u00e1tori\u010dkou - Pova\u017esk\u00e9 m\u00fazeum","robots":{"index":"index","follow":"follow","max-snippet":"max-snippet:-1","max-image-preview":"max-image-preview:large","max-video-preview":"max-video-preview:-1"},"canonical":"https:\/\/pmza.sk\/?p=6127","og_locale":"sk_SK","og_type":"article","og_title":"Posledn\u00e1 no\u010dn\u00e1 prehliadku hradu s B\u00e1tori\u010dkou - Pova\u017esk\u00e9 m\u00fazeum","og_description":"Posledn\u00e1 letn\u00e1 stra\u0161ideln\u00e1 prehliadka hradu Stre\u010dno sa bude nies\u0165 v\u00a0znamen\u00ed zn\u00e1mych nap\u00ednav\u00fdch filmov\u00fdch sc\u00e9n. V\u00a0piatok 24. augusta 2012 bude hlavnou postavou ob\u013e\u00faben\u00e9ho podujatia Duchovia, elfovia, stre\u010dniansky des \u010dachtick\u00e1 gr\u00f3fka Al\u017ebeta B\u00e1toriov\u00e1. \u201eAko si B\u00e1tori\u010dka prenajala od \u017dofie Bosniakovej hrad Stre\u010dno, aj o\u00a0tom bude \u00fastredn\u00e1 sc\u00e9nka na hlavnom n\u00e1dvor\u00ed hradu. Pravideln\u00ed n\u00e1v\u0161tevn\u00edci no\u010dn\u00fdch prehliadok hradu vedia, [&hellip;]","og_url":"https:\/\/pmza.sk\/?p=6127","og_site_name":"Pova\u017esk\u00e9 m\u00fazeum","article_publisher":"https:\/\/www.facebook.com\/povazskemuzeum","article_published_time":"2012-08-15T09:39:45+00:00","og_image":[{"url":"https:\/\/pmza.sk.sk\/wp-content\/uploads\/2012\/08\/IMG_1635-300x200.jpg","type":"","width":"","height":""}],"author":"Pova\u017esk\u00e9 m\u00fazeum","twitter_card":"summary_large_image","twitter_misc":{"Autor":"Pova\u017esk\u00e9 m\u00fazeum","Predpokladan\u00fd \u010das \u010d\u00edtania":"1 min\u00fata"},"schema":{"@context":"https:\/\/schema.org","@graph":[{"@type":"Article","@id":"https:\/\/pmza.sk\/?p=6127#article","isPartOf":{"@id":"https:\/\/pmza.sk\/?p=6127"},"author":{"name":"Pova\u017esk\u00e9 m\u00fazeum","@id":"https:\/\/pmza.sk\/#\/schema\/person\/595e6a2ce731ea94dcd5d7f50a41ae33"},"headline":"Posledn\u00e1 no\u010dn\u00e1 prehliadku hradu s B\u00e1tori\u010dkou","datePublished":"2012-08-15T09:39:45+00:00","mainEntityOfPage":{"@id":"https:\/\/pmza.sk\/?p=6127"},"wordCount":308,"publisher":{"@id":"https:\/\/pmza.sk\/#organization"},"image":{"@id":"https:\/\/pmza.sk\/?p=6127#primaryimage"},"thumbnailUrl":"https:\/\/pmza.sk.sk\/wp-content\/uploads\/2012\/08\/IMG_1635-300x200.jpg","articleSection":["Arch\u00edv 2012"],"inLanguage":"sk-SK"},{"@type":"WebPage","@id":"https:\/\/pmza.sk\/?p=6127","url":"https:\/\/pmza.sk\/?p=6127","name":"Posledn\u00e1 no\u010dn\u00e1 prehliadku hradu s B\u00e1tori\u010dkou - Pova\u017esk\u00e9 m\u00fazeum","isPartOf":{"@id":"https:\/\/pmza.sk\/#website"},"primaryImageOfPage":{"@id":"https:\/\/pmza.sk\/?p=6127#primaryimage"},"image":{"@id":"https:\/\/pmza.sk\/?p=6127#primaryimage"},"thumbnailUrl":"https:\/\/pmza.sk.sk\/wp-content\/uploads\/2012\/08\/IMG_1635-300x200.jpg","datePublished":"2012-08-15T09:39:45+00:00","breadcrumb":{"@id":"https:\/\/pmza.sk\/?p=6127#breadcrumb"},"inLanguage":"sk-SK","potentialAction":[{"@type":"ReadAction","target":["https:\/\/pmza.sk\/?p=6127"]}]},{"@type":"ImageObject","inLanguage":"sk-SK","@id":"https:\/\/pmza.sk\/?p=6127#primaryimage","url":"https:\/\/pmza.sk.sk\/wp-content\/uploads\/2012\/08\/IMG_1635-300x200.jpg","contentUrl":"https:\/\/pmza.sk.sk\/wp-content\/uploads\/2012\/08\/IMG_1635-300x200.jpg"},{"@type":"BreadcrumbList","@id":"https:\/\/pmza.sk\/?p=6127#breadcrumb","itemListElement":[{"@type":"ListItem","position":1,"name":"Domovsk\u00e1 str\u00e1nka","item":"https:\/\/pmza.sk\/"},{"@type":"ListItem","position":2,"name":"Posledn\u00e1 no\u010dn\u00e1 prehliadku hradu s B\u00e1tori\u010dkou"}]},{"@type":"WebSite","@id":"https:\/\/pmza.sk\/#website","url":"https:\/\/pmza.sk\/","name":"Pova\u017esk\u00e9 m\u00fazeum","description":"Pova\u017esk\u00e9 m\u00fazeum v \u017diline je region\u00e1lne m\u00fazeum so s\u00eddlom v Budat\u00edne. Jeho expoz\u00edcie s\u00fa zameran\u00e9 na dejiny slovensk\u00e9ho umenia, kult\u00fary a dopravy.","publisher":{"@id":"https:\/\/pmza.sk\/#organization"},"potentialAction":[{"@type":"SearchAction","target":{"@type":"EntryPoint","urlTemplate":"https:\/\/pmza.sk\/?s={search_term_string}"},"query-input":{"@type":"PropertyValueSpecification","valueRequired":true,"valueName":"search_term_string"}}],"inLanguage":"sk-SK"},{"@type":"Organization","@id":"https:\/\/pmza.sk\/#organization","name":"Pova\u017esk\u00e9 m\u00fazeum","url":"https:\/\/pmza.sk\/","logo":{"@type":"ImageObject","inLanguage":"sk-SK","@id":"https:\/\/pmza.sk\/#\/schema\/logo\/image\/","url":"https:\/\/pmza.sk\/wp-content\/uploads\/2022\/01\/logo_PM_horizontal.jpg","contentUrl":"https:\/\/pmza.sk\/wp-content\/uploads\/2022\/01\/logo_PM_horizontal.jpg","width":231,"height":142,"caption":"Pova\u017esk\u00e9 m\u00fazeum"},"image":{"@id":"https:\/\/pmza.sk\/#\/schema\/logo\/image\/"},"sameAs":["https:\/\/www.facebook.com\/povazskemuzeum","https:\/\/www.instagram.com\/povazskemuzeum\/"]},{"@type":"Person","@id":"https:\/\/pmza.sk\/#\/schema\/person\/595e6a2ce731ea94dcd5d7f50a41ae33","name":"Pova\u017esk\u00e9 m\u00fazeum","image":{"@type":"ImageObject","inLanguage":"sk-SK","@id":"https:\/\/secure.gravatar.com\/avatar\/2bb7f1561282132fb5826dfeccc66c7996d11ee392ac6aaf7ced8a1c2027fbb2?s=96&d=mm&r=g","url":"https:\/\/secure.gravatar.com\/avatar\/2bb7f1561282132fb5826dfeccc66c7996d11ee392ac6aaf7ced8a1c2027fbb2?s=96&d=mm&r=g","contentUrl":"https:\/\/secure.gravatar.com\/avatar\/2bb7f1561282132fb5826dfeccc66c7996d11ee392ac6aaf7ced8a1c2027fbb2?s=96&d=mm&r=g","caption":"Pova\u017esk\u00e9 m\u00fazeum"}}]}},"_links":{"self":[{"href":"https:\/\/pmza.sk\/index.php?rest_route=\/wp\/v2\/posts\/6127","targetHints":{"allow":["GET"]}}],"collection":[{"href":"https:\/\/pmza.sk\/index.php?rest_route=\/wp\/v2\/posts"}],"about":[{"href":"https:\/\/pmza.sk\/index.php?rest_route=\/wp\/v2\/types\/post"}],"author":[{"embeddable":true,"href":"https:\/\/pmza.sk\/index.php?rest_route=\/wp\/v2\/users\/2"}],"replies":[{"embeddable":true,"href":"https:\/\/pmza.sk\/index.php?rest_route=%2Fwp%2Fv2%2Fcomments&post=6127"}],"version-history":[{"count":0,"href":"https:\/\/pmza.sk\/index.php?rest_route=\/wp\/v2\/posts\/6127\/revisions"}],"wp:attachment":[{"href":"https:\/\/pmza.sk\/index.php?rest_route=%2Fwp%2Fv2%2Fmedia&parent=6127"}],"wp:term":[{"taxonomy":"category","embeddable":true,"href":"https:\/\/pmza.sk\/index.php?rest_route=%2Fwp%2Fv2%2Fcategories&post=6127"},{"taxonomy":"post_tag","embeddable":true,"href":"https:\/\/pmza.sk\/index.php?rest_route=%2Fwp%2Fv2%2Ftags&post=6127"}],"curies":[{"name":"wp","href":"https:\/\/api.w.org\/{rel}","templated":true}]}}