{"id":6172,"date":"2012-09-04T09:48:30","date_gmt":"2012-09-04T07:48:30","guid":{"rendered":"https:\/\/pmza.sk.sk\/?p=6172"},"modified":"2012-09-04T09:48:30","modified_gmt":"2012-09-04T07:48:30","slug":"dalsia-expedicia-v-budatinskom-parku","status":"publish","type":"post","link":"https:\/\/pmza.sk\/?p=6172","title":{"rendered":"\u010eal\u0161ia exped\u00edcia v Budat\u00ednskom parku"},"content":{"rendered":"<p><strong> <\/strong><\/p>\n<p><strong> <\/strong><a href=\"https:\/\/pmza.sk\/wp-content\/uploads\/2012\/09\/expedicia-2011-1.jpg\"><img fetchpriority=\"high\" decoding=\"async\" class=\"alignleft size-medium wp-image-6173\" style=\"margin: 4px; border: 2px solid black;\" title=\"expedicia 2011 - 1\" src=\"https:\/\/pmza.sk.sk\/wp-content\/uploads\/2012\/09\/expedicia-2011-1-300x200.jpg\" alt=\"\" width=\"300\" height=\"200\" \/><\/a>Po \u00faspe\u0161nom pilotnom ro\u010dn\u00edku projektu pod n\u00e1zvom <strong>Exped\u00edcia Budat\u00ednsky park<\/strong>, Pova\u017esk\u00e9 m\u00fazeum v\u00a0\u017diline aj t\u00fato jese\u0148 pripravilo pre \u017eiakov \u017eilinsk\u00fdch z\u00e1kladn\u00fdch \u0161k\u00f4l jeho \u010fal\u0161\u00ed ro\u010dn\u00edk. \u201e<em>V\u00a0roku 2011 sme pon\u00fakli \u017eilinsk\u00fdm z\u00e1kladn\u00fdm \u0161kol\u00e1m zauj\u00edmav\u00fa doplnkov\u00fa formu vyu\u010dovania region\u00e1lnych dej\u00edn, kde sa dozvedeli viac o\u00a0hist\u00f3rii Budat\u00ednskeho hradu, jeho zn\u00e1mych rodoch a\u00a0legend\u00e1ch. Taktie\u017e sa zozn\u00e1mili so vz\u00e1cnymi stromami v\u00a0parku alebo mohli sledova\u0165 demon\u0161tr\u00e1ciu odchytu vt\u00e1kov s\u00a0pou\u017eit\u00edm japonskej siete<\/em>. <em>O\u00a0tom, \u017ee exped\u00edcia bola vydaren\u00e1, sved\u010d\u00ed po\u010det \u017eiakov, ktor\u00ed sa jej z\u00fa\u010dastnili. Bolo ich okolo \u0161tyristo<\/em>,\u201c uviedol Boris Schubert, riadite\u013e Pova\u017esk\u00e9ho m\u00fazea v\u00a0\u017diline.<!--more--><\/p>\n<p>Exped\u00edcia Budat\u00ednsky park aj tento rok pribl\u00ed\u017ei ve\u013ea zauj\u00edmavost\u00ed tohto jedine\u010dn\u00e9ho kult\u00farneho a\u00a0historick\u00e9ho fenom\u00e9nu. V\u00a0tematickom okruhu <strong><em>Legendy minulosti \u2013 pltn\u00edci v\u00a0parku <\/em><\/strong>sa \u017eiaci m\u00f4\u017eu dozvedie\u0165 o\u00a0pltn\u00edctve. \u201e <em>Model plte, ktor\u00fd bol v\u00a0parku postaven\u00fd pred tromi rokmi, sl\u00fa\u017ei aj ako vynikaj\u00faca interakt\u00edvna u\u010debn\u00e1 pom\u00f4cka. S\u00fatok V\u00e1hu a\u00a0Kysuce bol miestom pltnenia u\u017e od \u010dias stredoveku. V\u00a0tom \u010dase sa v Budat\u00edne vyberalo aj mokr\u00e9 m\u00fdto \u2013 poplatok od ka\u017edej plte. Plte zo severoz\u00e1padn\u00e9ho Slovenska vozili preva\u017ene drevo a\u017e do ju\u017en\u00fdch kraj\u00edn Uhorska. Z\u00a0okolia \u017diliny sa na pltiach prev\u00e1\u017eali najm\u00e4 kapusta, lesn\u00e9 plody, ko\u017eiarske v\u00fdrobky z\u00a0Rajca alebo ov\u010d\u00ed syr, pivo \u010di ja\u010dme\u0148,<\/em>\u201c povedal Peter \u0160imko, historik dopravy Pova\u017esk\u00e9ho m\u00fazea v\u00a0\u017diline.<\/p>\n<p>Sprievodn\u00fdm programom Exped\u00edcie Budat\u00ednsky park bud\u00fa prehliadky expoz\u00edciou <strong>Drot\u00e1rstvo<\/strong> a\u00a0v\u00fdstavy <strong>Budat\u00ednsky hrad \u2013 prech\u00e1dzka storo\u010diami. <\/strong>Tohoro\u010dn\u00e1<strong> <\/strong>exped\u00edcia je s\u00fa\u010das\u0165ou programov\u00fdch aktiv\u00edt Dn\u00ed eur\u00f3pskeho kult\u00farneho dedi\u010dstva 2012. Uskuto\u010dn\u00ed sa v\u00a0term\u00ednoch <strong>26. a\u00a028. septembra 2012. <\/strong>\u0160koly sa m\u00f4\u017eu nahl\u00e1si\u0165\u00a0 na tel \u010d. 041\/500 15 11, kontaktn\u00e1 osoba PhDr. Anna Mar\u0161alov\u00e1.<\/p>\n<p>Organiz\u00e1torom <strong>Exped\u00edcie Budat\u00ednsky park <\/strong>v\u00a0d\u0148och <strong>26. a\u00a028. septembra 2012<\/strong> je \u017dilinsk\u00fd samospr\u00e1vny kraj a Pova\u017esk\u00e9 m\u00fazeum v\u00a0\u017diline.<\/p>\n","protected":false},"excerpt":{"rendered":"<p>Po \u00faspe\u0161nom pilotnom ro\u010dn\u00edku projektu pod n\u00e1zvom Exped\u00edcia Budat\u00ednsky park, Pova\u017esk\u00e9 m\u00fazeum v\u00a0\u017diline aj t\u00fato jese\u0148 pripravilo pre \u017eiakov \u017eilinsk\u00fdch z\u00e1kladn\u00fdch \u0161k\u00f4l jeho \u010fal\u0161\u00ed ro\u010dn\u00edk. \u201eV\u00a0roku 2011 sme pon\u00fakli \u017eilinsk\u00fdm z\u00e1kladn\u00fdm \u0161kol\u00e1m zauj\u00edmav\u00fa doplnkov\u00fa formu vyu\u010dovania region\u00e1lnych dej\u00edn, kde sa dozvedeli viac o\u00a0hist\u00f3rii Budat\u00ednskeho hradu, jeho zn\u00e1mych rodoch a\u00a0legend\u00e1ch. Taktie\u017e sa zozn\u00e1mili so vz\u00e1cnymi stromami [&hellip;]<\/p>\n","protected":false},"author":2,"featured_media":0,"comment_status":"closed","ping_status":"closed","sticky":false,"template":"","format":"standard","meta":{"site-sidebar-layout":"default","site-content-layout":"","ast-site-content-layout":"","site-content-style":"default","site-sidebar-style":"default","ast-global-header-display":"","ast-banner-title-visibility":"","ast-main-header-display":"","ast-hfb-above-header-display":"","ast-hfb-below-header-display":"","ast-hfb-mobile-header-display":"","site-post-title":"","ast-breadcrumbs-content":"","ast-featured-img":"","footer-sml-layout":"","theme-transparent-header-meta":"","adv-header-id-meta":"","stick-header-meta":"","header-above-stick-meta":"","header-main-stick-meta":"","header-below-stick-meta":"","astra-migrate-meta-layouts":"default","ast-page-background-enabled":"default","ast-page-background-meta":{"desktop":{"background-color":"var(--ast-global-color-4)","background-image":"","background-repeat":"repeat","background-position":"center center","background-size":"auto","background-attachment":"scroll","background-type":"","background-media":"","overlay-type":"","overlay-color":"","overlay-opacity":"","overlay-gradient":""},"tablet":{"background-color":"","background-image":"","background-repeat":"repeat","background-position":"center center","background-size":"auto","background-attachment":"scroll","background-type":"","background-media":"","overlay-type":"","overlay-color":"","overlay-opacity":"","overlay-gradient":""},"mobile":{"background-color":"","background-image":"","background-repeat":"repeat","background-position":"center center","background-size":"auto","background-attachment":"scroll","background-type":"","background-media":"","overlay-type":"","overlay-color":"","overlay-opacity":"","overlay-gradient":""}},"ast-content-background-meta":{"desktop":{"background-color":"var(--ast-global-color-5)","background-image":"","background-repeat":"repeat","background-position":"center center","background-size":"auto","background-attachment":"scroll","background-type":"","background-media":"","overlay-type":"","overlay-color":"","overlay-opacity":"","overlay-gradient":""},"tablet":{"background-color":"var(--ast-global-color-5)","background-image":"","background-repeat":"repeat","background-position":"center center","background-size":"auto","background-attachment":"scroll","background-type":"","background-media":"","overlay-type":"","overlay-color":"","overlay-opacity":"","overlay-gradient":""},"mobile":{"background-color":"var(--ast-global-color-5)","background-image":"","background-repeat":"repeat","background-position":"center center","background-size":"auto","background-attachment":"scroll","background-type":"","background-media":"","overlay-type":"","overlay-color":"","overlay-opacity":"","overlay-gradient":""}},"footnotes":""},"categories":[32],"tags":[],"class_list":["post-6172","post","type-post","status-publish","format-standard","hentry","category-archiv-2012"],"yoast_head":"<!-- This site is optimized with the Yoast SEO plugin v27.4 - https:\/\/yoast.com\/product\/yoast-seo-wordpress\/ -->\n<title>\u010eal\u0161ia exped\u00edcia v Budat\u00ednskom parku - Pova\u017esk\u00e9 m\u00fazeum<\/title>\n<meta name=\"robots\" content=\"index, follow, max-snippet:-1, max-image-preview:large, max-video-preview:-1\" \/>\n<link rel=\"canonical\" href=\"https:\/\/pmza.sk\/?p=6172\" \/>\n<meta property=\"og:locale\" content=\"sk_SK\" \/>\n<meta property=\"og:type\" content=\"article\" \/>\n<meta property=\"og:title\" content=\"\u010eal\u0161ia exped\u00edcia v Budat\u00ednskom parku - Pova\u017esk\u00e9 m\u00fazeum\" \/>\n<meta property=\"og:description\" content=\"Po \u00faspe\u0161nom pilotnom ro\u010dn\u00edku projektu pod n\u00e1zvom Exped\u00edcia Budat\u00ednsky park, Pova\u017esk\u00e9 m\u00fazeum v\u00a0\u017diline aj t\u00fato jese\u0148 pripravilo pre \u017eiakov \u017eilinsk\u00fdch z\u00e1kladn\u00fdch \u0161k\u00f4l jeho \u010fal\u0161\u00ed ro\u010dn\u00edk. \u201eV\u00a0roku 2011 sme pon\u00fakli \u017eilinsk\u00fdm z\u00e1kladn\u00fdm \u0161kol\u00e1m zauj\u00edmav\u00fa doplnkov\u00fa formu vyu\u010dovania region\u00e1lnych dej\u00edn, kde sa dozvedeli viac o\u00a0hist\u00f3rii Budat\u00ednskeho hradu, jeho zn\u00e1mych rodoch a\u00a0legend\u00e1ch. Taktie\u017e sa zozn\u00e1mili so vz\u00e1cnymi stromami [&hellip;]\" \/>\n<meta property=\"og:url\" content=\"https:\/\/pmza.sk\/?p=6172\" \/>\n<meta property=\"og:site_name\" content=\"Pova\u017esk\u00e9 m\u00fazeum\" \/>\n<meta property=\"article:publisher\" content=\"https:\/\/www.facebook.com\/povazskemuzeum\" \/>\n<meta property=\"article:published_time\" content=\"2012-09-04T07:48:30+00:00\" \/>\n<meta property=\"og:image\" content=\"https:\/\/pmza.sk.sk\/wp-content\/uploads\/2012\/09\/expedicia-2011-1-300x200.jpg\" \/>\n<meta name=\"author\" content=\"Pova\u017esk\u00e9 m\u00fazeum\" \/>\n<meta name=\"twitter:card\" content=\"summary_large_image\" \/>\n<meta name=\"twitter:label1\" content=\"Autor\" \/>\n\t<meta name=\"twitter:data1\" content=\"Pova\u017esk\u00e9 m\u00fazeum\" \/>\n\t<meta name=\"twitter:label2\" content=\"Predpokladan\u00fd \u010das \u010d\u00edtania\" \/>\n\t<meta name=\"twitter:data2\" content=\"2 min\u00faty\" \/>\n<script type=\"application\/ld+json\" class=\"yoast-schema-graph\">{\"@context\":\"https:\\\/\\\/schema.org\",\"@graph\":[{\"@type\":\"Article\",\"@id\":\"https:\\\/\\\/pmza.sk\\\/?p=6172#article\",\"isPartOf\":{\"@id\":\"https:\\\/\\\/pmza.sk\\\/?p=6172\"},\"author\":{\"name\":\"Pova\u017esk\u00e9 m\u00fazeum\",\"@id\":\"https:\\\/\\\/pmza.sk\\\/#\\\/schema\\\/person\\\/595e6a2ce731ea94dcd5d7f50a41ae33\"},\"headline\":\"\u010eal\u0161ia exped\u00edcia v Budat\u00ednskom parku\",\"datePublished\":\"2012-09-04T07:48:30+00:00\",\"mainEntityOfPage\":{\"@id\":\"https:\\\/\\\/pmza.sk\\\/?p=6172\"},\"wordCount\":382,\"publisher\":{\"@id\":\"https:\\\/\\\/pmza.sk\\\/#organization\"},\"image\":{\"@id\":\"https:\\\/\\\/pmza.sk\\\/?p=6172#primaryimage\"},\"thumbnailUrl\":\"http:\\\/\\\/pmza.sk.sk\\\/wp-content\\\/uploads\\\/2012\\\/09\\\/expedicia-2011-1-300x200.jpg\",\"articleSection\":[\"Arch\u00edv 2012\"],\"inLanguage\":\"sk-SK\"},{\"@type\":\"WebPage\",\"@id\":\"https:\\\/\\\/pmza.sk\\\/?p=6172\",\"url\":\"https:\\\/\\\/pmza.sk\\\/?p=6172\",\"name\":\"\u010eal\u0161ia exped\u00edcia v Budat\u00ednskom parku - Pova\u017esk\u00e9 m\u00fazeum\",\"isPartOf\":{\"@id\":\"https:\\\/\\\/pmza.sk\\\/#website\"},\"primaryImageOfPage\":{\"@id\":\"https:\\\/\\\/pmza.sk\\\/?p=6172#primaryimage\"},\"image\":{\"@id\":\"https:\\\/\\\/pmza.sk\\\/?p=6172#primaryimage\"},\"thumbnailUrl\":\"http:\\\/\\\/pmza.sk.sk\\\/wp-content\\\/uploads\\\/2012\\\/09\\\/expedicia-2011-1-300x200.jpg\",\"datePublished\":\"2012-09-04T07:48:30+00:00\",\"breadcrumb\":{\"@id\":\"https:\\\/\\\/pmza.sk\\\/?p=6172#breadcrumb\"},\"inLanguage\":\"sk-SK\",\"potentialAction\":[{\"@type\":\"ReadAction\",\"target\":[\"https:\\\/\\\/pmza.sk\\\/?p=6172\"]}]},{\"@type\":\"ImageObject\",\"inLanguage\":\"sk-SK\",\"@id\":\"https:\\\/\\\/pmza.sk\\\/?p=6172#primaryimage\",\"url\":\"http:\\\/\\\/pmza.sk.sk\\\/wp-content\\\/uploads\\\/2012\\\/09\\\/expedicia-2011-1-300x200.jpg\",\"contentUrl\":\"http:\\\/\\\/pmza.sk.sk\\\/wp-content\\\/uploads\\\/2012\\\/09\\\/expedicia-2011-1-300x200.jpg\"},{\"@type\":\"BreadcrumbList\",\"@id\":\"https:\\\/\\\/pmza.sk\\\/?p=6172#breadcrumb\",\"itemListElement\":[{\"@type\":\"ListItem\",\"position\":1,\"name\":\"Domovsk\u00e1 str\u00e1nka\",\"item\":\"https:\\\/\\\/pmza.sk\\\/\"},{\"@type\":\"ListItem\",\"position\":2,\"name\":\"\u010eal\u0161ia exped\u00edcia v Budat\u00ednskom parku\"}]},{\"@type\":\"WebSite\",\"@id\":\"https:\\\/\\\/pmza.sk\\\/#website\",\"url\":\"https:\\\/\\\/pmza.sk\\\/\",\"name\":\"Pova\u017esk\u00e9 m\u00fazeum\",\"description\":\"Pova\u017esk\u00e9 m\u00fazeum v \u017diline je region\u00e1lne m\u00fazeum so s\u00eddlom v Budat\u00edne. Jeho expoz\u00edcie s\u00fa zameran\u00e9 na dejiny slovensk\u00e9ho umenia, kult\u00fary a dopravy.\",\"publisher\":{\"@id\":\"https:\\\/\\\/pmza.sk\\\/#organization\"},\"potentialAction\":[{\"@type\":\"SearchAction\",\"target\":{\"@type\":\"EntryPoint\",\"urlTemplate\":\"https:\\\/\\\/pmza.sk\\\/?s={search_term_string}\"},\"query-input\":{\"@type\":\"PropertyValueSpecification\",\"valueRequired\":true,\"valueName\":\"search_term_string\"}}],\"inLanguage\":\"sk-SK\"},{\"@type\":\"Organization\",\"@id\":\"https:\\\/\\\/pmza.sk\\\/#organization\",\"name\":\"Pova\u017esk\u00e9 m\u00fazeum\",\"url\":\"https:\\\/\\\/pmza.sk\\\/\",\"logo\":{\"@type\":\"ImageObject\",\"inLanguage\":\"sk-SK\",\"@id\":\"https:\\\/\\\/pmza.sk\\\/#\\\/schema\\\/logo\\\/image\\\/\",\"url\":\"https:\\\/\\\/pmza.sk\\\/wp-content\\\/uploads\\\/2022\\\/01\\\/logo_PM_horizontal.jpg\",\"contentUrl\":\"https:\\\/\\\/pmza.sk\\\/wp-content\\\/uploads\\\/2022\\\/01\\\/logo_PM_horizontal.jpg\",\"width\":231,\"height\":142,\"caption\":\"Pova\u017esk\u00e9 m\u00fazeum\"},\"image\":{\"@id\":\"https:\\\/\\\/pmza.sk\\\/#\\\/schema\\\/logo\\\/image\\\/\"},\"sameAs\":[\"https:\\\/\\\/www.facebook.com\\\/povazskemuzeum\",\"https:\\\/\\\/www.instagram.com\\\/povazskemuzeum\\\/\"]},{\"@type\":\"Person\",\"@id\":\"https:\\\/\\\/pmza.sk\\\/#\\\/schema\\\/person\\\/595e6a2ce731ea94dcd5d7f50a41ae33\",\"name\":\"Pova\u017esk\u00e9 m\u00fazeum\",\"image\":{\"@type\":\"ImageObject\",\"inLanguage\":\"sk-SK\",\"@id\":\"https:\\\/\\\/secure.gravatar.com\\\/avatar\\\/2bb7f1561282132fb5826dfeccc66c7996d11ee392ac6aaf7ced8a1c2027fbb2?s=96&d=mm&r=g\",\"url\":\"https:\\\/\\\/secure.gravatar.com\\\/avatar\\\/2bb7f1561282132fb5826dfeccc66c7996d11ee392ac6aaf7ced8a1c2027fbb2?s=96&d=mm&r=g\",\"contentUrl\":\"https:\\\/\\\/secure.gravatar.com\\\/avatar\\\/2bb7f1561282132fb5826dfeccc66c7996d11ee392ac6aaf7ced8a1c2027fbb2?s=96&d=mm&r=g\",\"caption\":\"Pova\u017esk\u00e9 m\u00fazeum\"}}]}<\/script>\n<!-- \/ Yoast SEO plugin. -->","yoast_head_json":{"title":"\u010eal\u0161ia exped\u00edcia v Budat\u00ednskom parku - Pova\u017esk\u00e9 m\u00fazeum","robots":{"index":"index","follow":"follow","max-snippet":"max-snippet:-1","max-image-preview":"max-image-preview:large","max-video-preview":"max-video-preview:-1"},"canonical":"https:\/\/pmza.sk\/?p=6172","og_locale":"sk_SK","og_type":"article","og_title":"\u010eal\u0161ia exped\u00edcia v Budat\u00ednskom parku - Pova\u017esk\u00e9 m\u00fazeum","og_description":"Po \u00faspe\u0161nom pilotnom ro\u010dn\u00edku projektu pod n\u00e1zvom Exped\u00edcia Budat\u00ednsky park, Pova\u017esk\u00e9 m\u00fazeum v\u00a0\u017diline aj t\u00fato jese\u0148 pripravilo pre \u017eiakov \u017eilinsk\u00fdch z\u00e1kladn\u00fdch \u0161k\u00f4l jeho \u010fal\u0161\u00ed ro\u010dn\u00edk. \u201eV\u00a0roku 2011 sme pon\u00fakli \u017eilinsk\u00fdm z\u00e1kladn\u00fdm \u0161kol\u00e1m zauj\u00edmav\u00fa doplnkov\u00fa formu vyu\u010dovania region\u00e1lnych dej\u00edn, kde sa dozvedeli viac o\u00a0hist\u00f3rii Budat\u00ednskeho hradu, jeho zn\u00e1mych rodoch a\u00a0legend\u00e1ch. Taktie\u017e sa zozn\u00e1mili so vz\u00e1cnymi stromami [&hellip;]","og_url":"https:\/\/pmza.sk\/?p=6172","og_site_name":"Pova\u017esk\u00e9 m\u00fazeum","article_publisher":"https:\/\/www.facebook.com\/povazskemuzeum","article_published_time":"2012-09-04T07:48:30+00:00","og_image":[{"url":"https:\/\/pmza.sk.sk\/wp-content\/uploads\/2012\/09\/expedicia-2011-1-300x200.jpg","type":"","width":"","height":""}],"author":"Pova\u017esk\u00e9 m\u00fazeum","twitter_card":"summary_large_image","twitter_misc":{"Autor":"Pova\u017esk\u00e9 m\u00fazeum","Predpokladan\u00fd \u010das \u010d\u00edtania":"2 min\u00faty"},"schema":{"@context":"https:\/\/schema.org","@graph":[{"@type":"Article","@id":"https:\/\/pmza.sk\/?p=6172#article","isPartOf":{"@id":"https:\/\/pmza.sk\/?p=6172"},"author":{"name":"Pova\u017esk\u00e9 m\u00fazeum","@id":"https:\/\/pmza.sk\/#\/schema\/person\/595e6a2ce731ea94dcd5d7f50a41ae33"},"headline":"\u010eal\u0161ia exped\u00edcia v Budat\u00ednskom parku","datePublished":"2012-09-04T07:48:30+00:00","mainEntityOfPage":{"@id":"https:\/\/pmza.sk\/?p=6172"},"wordCount":382,"publisher":{"@id":"https:\/\/pmza.sk\/#organization"},"image":{"@id":"https:\/\/pmza.sk\/?p=6172#primaryimage"},"thumbnailUrl":"https:\/\/pmza.sk.sk\/wp-content\/uploads\/2012\/09\/expedicia-2011-1-300x200.jpg","articleSection":["Arch\u00edv 2012"],"inLanguage":"sk-SK"},{"@type":"WebPage","@id":"https:\/\/pmza.sk\/?p=6172","url":"https:\/\/pmza.sk\/?p=6172","name":"\u010eal\u0161ia exped\u00edcia v Budat\u00ednskom parku - Pova\u017esk\u00e9 m\u00fazeum","isPartOf":{"@id":"https:\/\/pmza.sk\/#website"},"primaryImageOfPage":{"@id":"https:\/\/pmza.sk\/?p=6172#primaryimage"},"image":{"@id":"https:\/\/pmza.sk\/?p=6172#primaryimage"},"thumbnailUrl":"https:\/\/pmza.sk.sk\/wp-content\/uploads\/2012\/09\/expedicia-2011-1-300x200.jpg","datePublished":"2012-09-04T07:48:30+00:00","breadcrumb":{"@id":"https:\/\/pmza.sk\/?p=6172#breadcrumb"},"inLanguage":"sk-SK","potentialAction":[{"@type":"ReadAction","target":["https:\/\/pmza.sk\/?p=6172"]}]},{"@type":"ImageObject","inLanguage":"sk-SK","@id":"https:\/\/pmza.sk\/?p=6172#primaryimage","url":"https:\/\/pmza.sk.sk\/wp-content\/uploads\/2012\/09\/expedicia-2011-1-300x200.jpg","contentUrl":"https:\/\/pmza.sk.sk\/wp-content\/uploads\/2012\/09\/expedicia-2011-1-300x200.jpg"},{"@type":"BreadcrumbList","@id":"https:\/\/pmza.sk\/?p=6172#breadcrumb","itemListElement":[{"@type":"ListItem","position":1,"name":"Domovsk\u00e1 str\u00e1nka","item":"https:\/\/pmza.sk\/"},{"@type":"ListItem","position":2,"name":"\u010eal\u0161ia exped\u00edcia v Budat\u00ednskom parku"}]},{"@type":"WebSite","@id":"https:\/\/pmza.sk\/#website","url":"https:\/\/pmza.sk\/","name":"Pova\u017esk\u00e9 m\u00fazeum","description":"Pova\u017esk\u00e9 m\u00fazeum v \u017diline je region\u00e1lne m\u00fazeum so s\u00eddlom v Budat\u00edne. Jeho expoz\u00edcie s\u00fa zameran\u00e9 na dejiny slovensk\u00e9ho umenia, kult\u00fary a dopravy.","publisher":{"@id":"https:\/\/pmza.sk\/#organization"},"potentialAction":[{"@type":"SearchAction","target":{"@type":"EntryPoint","urlTemplate":"https:\/\/pmza.sk\/?s={search_term_string}"},"query-input":{"@type":"PropertyValueSpecification","valueRequired":true,"valueName":"search_term_string"}}],"inLanguage":"sk-SK"},{"@type":"Organization","@id":"https:\/\/pmza.sk\/#organization","name":"Pova\u017esk\u00e9 m\u00fazeum","url":"https:\/\/pmza.sk\/","logo":{"@type":"ImageObject","inLanguage":"sk-SK","@id":"https:\/\/pmza.sk\/#\/schema\/logo\/image\/","url":"https:\/\/pmza.sk\/wp-content\/uploads\/2022\/01\/logo_PM_horizontal.jpg","contentUrl":"https:\/\/pmza.sk\/wp-content\/uploads\/2022\/01\/logo_PM_horizontal.jpg","width":231,"height":142,"caption":"Pova\u017esk\u00e9 m\u00fazeum"},"image":{"@id":"https:\/\/pmza.sk\/#\/schema\/logo\/image\/"},"sameAs":["https:\/\/www.facebook.com\/povazskemuzeum","https:\/\/www.instagram.com\/povazskemuzeum\/"]},{"@type":"Person","@id":"https:\/\/pmza.sk\/#\/schema\/person\/595e6a2ce731ea94dcd5d7f50a41ae33","name":"Pova\u017esk\u00e9 m\u00fazeum","image":{"@type":"ImageObject","inLanguage":"sk-SK","@id":"https:\/\/secure.gravatar.com\/avatar\/2bb7f1561282132fb5826dfeccc66c7996d11ee392ac6aaf7ced8a1c2027fbb2?s=96&d=mm&r=g","url":"https:\/\/secure.gravatar.com\/avatar\/2bb7f1561282132fb5826dfeccc66c7996d11ee392ac6aaf7ced8a1c2027fbb2?s=96&d=mm&r=g","contentUrl":"https:\/\/secure.gravatar.com\/avatar\/2bb7f1561282132fb5826dfeccc66c7996d11ee392ac6aaf7ced8a1c2027fbb2?s=96&d=mm&r=g","caption":"Pova\u017esk\u00e9 m\u00fazeum"}}]}},"_links":{"self":[{"href":"https:\/\/pmza.sk\/index.php?rest_route=\/wp\/v2\/posts\/6172","targetHints":{"allow":["GET"]}}],"collection":[{"href":"https:\/\/pmza.sk\/index.php?rest_route=\/wp\/v2\/posts"}],"about":[{"href":"https:\/\/pmza.sk\/index.php?rest_route=\/wp\/v2\/types\/post"}],"author":[{"embeddable":true,"href":"https:\/\/pmza.sk\/index.php?rest_route=\/wp\/v2\/users\/2"}],"replies":[{"embeddable":true,"href":"https:\/\/pmza.sk\/index.php?rest_route=%2Fwp%2Fv2%2Fcomments&post=6172"}],"version-history":[{"count":0,"href":"https:\/\/pmza.sk\/index.php?rest_route=\/wp\/v2\/posts\/6172\/revisions"}],"wp:attachment":[{"href":"https:\/\/pmza.sk\/index.php?rest_route=%2Fwp%2Fv2%2Fmedia&parent=6172"}],"wp:term":[{"taxonomy":"category","embeddable":true,"href":"https:\/\/pmza.sk\/index.php?rest_route=%2Fwp%2Fv2%2Fcategories&post=6172"},{"taxonomy":"post_tag","embeddable":true,"href":"https:\/\/pmza.sk\/index.php?rest_route=%2Fwp%2Fv2%2Ftags&post=6172"}],"curies":[{"name":"wp","href":"https:\/\/api.w.org\/{rel}","templated":true}]}}