{"id":6206,"date":"2012-09-12T14:49:43","date_gmt":"2012-09-12T12:49:43","guid":{"rendered":"https:\/\/pmza.sk.sk\/?p=6206"},"modified":"2012-09-12T14:49:43","modified_gmt":"2012-09-12T12:49:43","slug":"v-povazskom-muzeu-v-ziline-svetovy-den-cestovneho-ruchu-v-medzinarodnom-meradle","status":"publish","type":"post","link":"https:\/\/pmza.sk\/?p=6206","title":{"rendered":"V Pova\u017eskom m\u00fazeu v \u017diline Svetov\u00fd de\u0148 cestovn\u00e9ho ruchu v medzin\u00e1rodnom meradle"},"content":{"rendered":"<p><strong><\/strong><a href=\"https:\/\/pmza.sk\/wp-content\/uploads\/2012\/09\/z-tvorby-T.-Buzu.jpg\"><img fetchpriority=\"high\" decoding=\"async\" class=\"alignleft size-medium wp-image-6207\" style=\"margin: 4px; border: 2px solid black;\" title=\"z tvorby T. Buzu\" src=\"https:\/\/pmza.sk.sk\/wp-content\/uploads\/2012\/09\/z-tvorby-T.-Buzu-300x271.jpg\" alt=\"\" width=\"300\" height=\"271\" \/><\/a><span style=\"color: #ff0000;\">Miesto: Hrad Stre\u010dno<\/span><br \/>\n<span style=\"color: #ff0000;\">Term\u00edn: 14.9.-31.10 2012<\/span><\/p>\n<p>U\u017e onedlho n\u00e1v\u0161tevn\u00edci Pova\u017esk\u00e9ho m\u00fazea v \u017diline m\u00f4\u017eu nav\u0161t\u00edvi\u0165 v\u0161etky jeho expoz\u00edcie s\u00a0v\u00fdraznou z\u013eavou na vstupnom. \u201e <em>Nieko\u013eko rokov si m\u00fazeum\u00a0 pripom\u00edna oslavy Svetov\u00e9ho d\u0148a cestovn\u00e9ho ruchu jednak symbolick\u00fdm vstupn\u00fdm, ale taktie\u017e atrakt\u00edvnym programom, konaj\u00facim sa preva\u017ene na hrade Stre\u010dno. Nebude tomu inak ani tento rok<\/em>,\u201c uviedol Boris Schubert, riadite\u013e Pova\u017esk\u00e9ho m\u00fazea v\u00a0\u017diline.<!--more--><\/p>\n<p>Vo <strong>\u0161tvrtok 20. septembra 2012 o\u00a017,00 h,<\/strong> otv\u00e1rac\u00edm podujat\u00edm osl\u00e1v d\u0148a cestovn\u00e9ho ruchu bude vernis\u00e1\u017e v\u00fdstavy z\u00a0cyklu <strong>Umenie na hrade.<\/strong> Posledn\u00fa tohoro\u010dn\u00fa umeleck\u00fa prezent\u00e1ciu v\u00a0Severnom pal\u00e1ci hradu Stre\u010dno uzavrie v\u00fdber v\u00fdtvarn\u00fdch diel z\u00a0medzin\u00e1rodn\u00fdch symp\u00f3zi\u00ed, ktor\u00e9 sa od roku 2009 pravidelne konaj\u00fa v\u00a0Terchovej pod n\u00e1zvom <strong>Terchovsk\u00e1 paleta.<\/strong> \u201e<em>V\u00fdstava \u00fa\u010dastn\u00edkov medzin\u00e1rodn\u00e9ho symp\u00f3zia v\u00fdtvarn\u00edkov stredoeur\u00f3pskeho regi\u00f3nu je odli\u0161n\u00e1 v tom, \u017ee poukazuje na kontinuitu s\u00fa\u010dasn\u00fdch trendov modernej tvorby v\u00fdtvarn\u00fdch umelcov z jednotliv\u00fdch kraj\u00edn. Ako je zn\u00e1me, generaliz\u00e1cia v\u00fdtvarnej tvorby prebieha u\u017e dlh\u0161iu dobu. Av\u0161ak, ka\u017ed\u00fd si zachov\u00e1va n\u00e1rodn\u00fd akcent, ktor\u00fd mnohokr\u00e1t na prv\u00fd poh\u013ead je \u0165a\u017eko pozorovate\u013en\u00fd. V tom pretrv\u00e1va bohatstvo n\u00e1rodn\u00fdch kult\u00far. A to, na na\u0161ej expoz\u00edcii, \u010do i malej, mo\u017eno pobada\u0165 \u010di u\u017e koloritom, tak i poh\u013eadom n\u00e1metu, \u010di \u0161t\u00fdlu tvorby. Ka\u017ed\u00fd z autorov, \u010di u\u017e chce, alebo nie, nesie pe\u010da\u0165 kult\u00farnej minulosti svojho n\u00e1roda. Ale \u010dosi je tu zjednocuj\u00face) porozumenie globaliz\u00e1cie modernej v\u00fdtvarnej tvorby<\/em>,\u201c upozornil J\u00e1n Feranec, kur\u00e1tor v\u00fdstavy. Svoju tvorbu predstav\u00ed a\u017e trin\u00e1s\u0165 autorov zo Slovenska (Jozef Vydrn\u00e1k, Lucia \u010cernekov\u00e1, Lucia Klasov\u00e1, J\u00e1n Feranec, Mari\u00e1n Pre\u0161najder) \u010ceska (Teodor Buzu, Ladislav Hodn\u00fd), Bulharska (Dmitar Velichkov), Moldavska (Viktor Christov) a\u00a0Bieloruska (Axana Hajdukovich, Alaex Faley, Hleb Otchik)\u00a0 do 31. okt\u00f3bra 2012.<\/p>\n<p>V\u00a0predposledn\u00fd septembrov\u00fd v\u00edkend 22. a\u00a023. septembra 2012 bud\u00fa oslavy d\u0148a cestovn\u00e9ho ruchu na hrade Stre\u010dno pokra\u010dova\u0165 \u010falej. Posledn\u00fd kr\u00e1t v\u00a0tomto roku vystrelia salvy z\u00a0hradn\u00e9ho dela, predstav\u00ed sa skupina historick\u00e9ho \u0161ermu Bojn\u00edk, sokoliari sv. Bavona \u00a0a<\/p>\n<p>FS Zvonica zo Stre\u010dna. \u201e<em>Taktie\u017e v\u00a0are\u00e1li Budat\u00ednskeho hradu si tento v\u00edkend n\u00e1v\u0161tevn\u00edci m\u00f4\u017eu pozrie\u0165 expoz\u00edciu Drot\u00e1rstva, v\u00a0\u010ci\u010dmanoch Objekty \u013eudovej architekt\u00fary a\u00a0v\u00a0Terchovej Expoz\u00edciu J\u00e1no\u0161\u00edk a\u00a0Terchov\u00e1 za symbolick\u00e9 jednotn\u00e9 vstupn<\/em>\u00e9,\u201c uzavrel Boris Schubert.<\/p>\n<p>Organiz\u00e1torom podujat\u00ed v\u00a0kontexte Svetov\u00e9ho d\u0148a cestovn\u00e9ho ruchu je \u017dilinsk\u00fd samospr\u00e1vny kraj, Pova\u017esk\u00e9 m\u00fazeum v\u00a0\u017diline a\u00a0hotel Gold v\u00a0Terchovej.<\/p>\n","protected":false},"excerpt":{"rendered":"<p>Miesto: Hrad Stre\u010dno Term\u00edn: 14.9.-31.10 2012 U\u017e onedlho n\u00e1v\u0161tevn\u00edci Pova\u017esk\u00e9ho m\u00fazea v \u017diline m\u00f4\u017eu nav\u0161t\u00edvi\u0165 v\u0161etky jeho expoz\u00edcie s\u00a0v\u00fdraznou z\u013eavou na vstupnom. \u201e Nieko\u013eko rokov si m\u00fazeum\u00a0 pripom\u00edna oslavy Svetov\u00e9ho d\u0148a cestovn\u00e9ho ruchu jednak symbolick\u00fdm vstupn\u00fdm, ale taktie\u017e atrakt\u00edvnym programom, konaj\u00facim sa preva\u017ene na hrade Stre\u010dno. Nebude tomu inak ani tento rok,\u201c uviedol Boris Schubert, [&hellip;]<\/p>\n","protected":false},"author":2,"featured_media":0,"comment_status":"closed","ping_status":"closed","sticky":false,"template":"","format":"standard","meta":{"site-sidebar-layout":"default","site-content-layout":"","ast-site-content-layout":"","site-content-style":"default","site-sidebar-style":"default","ast-global-header-display":"","ast-banner-title-visibility":"","ast-main-header-display":"","ast-hfb-above-header-display":"","ast-hfb-below-header-display":"","ast-hfb-mobile-header-display":"","site-post-title":"","ast-breadcrumbs-content":"","ast-featured-img":"","footer-sml-layout":"","theme-transparent-header-meta":"","adv-header-id-meta":"","stick-header-meta":"","header-above-stick-meta":"","header-main-stick-meta":"","header-below-stick-meta":"","astra-migrate-meta-layouts":"default","ast-page-background-enabled":"default","ast-page-background-meta":{"desktop":{"background-color":"var(--ast-global-color-4)","background-image":"","background-repeat":"repeat","background-position":"center center","background-size":"auto","background-attachment":"scroll","background-type":"","background-media":"","overlay-type":"","overlay-color":"","overlay-opacity":"","overlay-gradient":""},"tablet":{"background-color":"","background-image":"","background-repeat":"repeat","background-position":"center center","background-size":"auto","background-attachment":"scroll","background-type":"","background-media":"","overlay-type":"","overlay-color":"","overlay-opacity":"","overlay-gradient":""},"mobile":{"background-color":"","background-image":"","background-repeat":"repeat","background-position":"center center","background-size":"auto","background-attachment":"scroll","background-type":"","background-media":"","overlay-type":"","overlay-color":"","overlay-opacity":"","overlay-gradient":""}},"ast-content-background-meta":{"desktop":{"background-color":"var(--ast-global-color-5)","background-image":"","background-repeat":"repeat","background-position":"center center","background-size":"auto","background-attachment":"scroll","background-type":"","background-media":"","overlay-type":"","overlay-color":"","overlay-opacity":"","overlay-gradient":""},"tablet":{"background-color":"var(--ast-global-color-5)","background-image":"","background-repeat":"repeat","background-position":"center center","background-size":"auto","background-attachment":"scroll","background-type":"","background-media":"","overlay-type":"","overlay-color":"","overlay-opacity":"","overlay-gradient":""},"mobile":{"background-color":"var(--ast-global-color-5)","background-image":"","background-repeat":"repeat","background-position":"center center","background-size":"auto","background-attachment":"scroll","background-type":"","background-media":"","overlay-type":"","overlay-color":"","overlay-opacity":"","overlay-gradient":""}},"footnotes":""},"categories":[32],"tags":[],"class_list":["post-6206","post","type-post","status-publish","format-standard","hentry","category-archiv-2012"],"yoast_head":"<!-- This site is optimized with the Yoast SEO plugin v27.4 - https:\/\/yoast.com\/product\/yoast-seo-wordpress\/ -->\n<title>V Pova\u017eskom m\u00fazeu v \u017diline Svetov\u00fd de\u0148 cestovn\u00e9ho ruchu v medzin\u00e1rodnom meradle - Pova\u017esk\u00e9 m\u00fazeum<\/title>\n<meta name=\"robots\" content=\"index, follow, max-snippet:-1, max-image-preview:large, max-video-preview:-1\" \/>\n<link rel=\"canonical\" href=\"https:\/\/pmza.sk\/?p=6206\" \/>\n<meta property=\"og:locale\" content=\"sk_SK\" \/>\n<meta property=\"og:type\" content=\"article\" \/>\n<meta property=\"og:title\" content=\"V Pova\u017eskom m\u00fazeu v \u017diline Svetov\u00fd de\u0148 cestovn\u00e9ho ruchu v medzin\u00e1rodnom meradle - Pova\u017esk\u00e9 m\u00fazeum\" \/>\n<meta property=\"og:description\" content=\"Miesto: Hrad Stre\u010dno Term\u00edn: 14.9.-31.10 2012 U\u017e onedlho n\u00e1v\u0161tevn\u00edci Pova\u017esk\u00e9ho m\u00fazea v \u017diline m\u00f4\u017eu nav\u0161t\u00edvi\u0165 v\u0161etky jeho expoz\u00edcie s\u00a0v\u00fdraznou z\u013eavou na vstupnom. \u201e Nieko\u013eko rokov si m\u00fazeum\u00a0 pripom\u00edna oslavy Svetov\u00e9ho d\u0148a cestovn\u00e9ho ruchu jednak symbolick\u00fdm vstupn\u00fdm, ale taktie\u017e atrakt\u00edvnym programom, konaj\u00facim sa preva\u017ene na hrade Stre\u010dno. Nebude tomu inak ani tento rok,\u201c uviedol Boris Schubert, [&hellip;]\" \/>\n<meta property=\"og:url\" content=\"https:\/\/pmza.sk\/?p=6206\" \/>\n<meta property=\"og:site_name\" content=\"Pova\u017esk\u00e9 m\u00fazeum\" \/>\n<meta property=\"article:publisher\" content=\"https:\/\/www.facebook.com\/povazskemuzeum\" \/>\n<meta property=\"article:published_time\" content=\"2012-09-12T12:49:43+00:00\" \/>\n<meta property=\"og:image\" content=\"https:\/\/pmza.sk.sk\/wp-content\/uploads\/2012\/09\/z-tvorby-T.-Buzu-300x271.jpg\" \/>\n<meta name=\"author\" content=\"Pova\u017esk\u00e9 m\u00fazeum\" \/>\n<meta name=\"twitter:card\" content=\"summary_large_image\" \/>\n<meta name=\"twitter:label1\" content=\"Autor\" \/>\n\t<meta name=\"twitter:data1\" content=\"Pova\u017esk\u00e9 m\u00fazeum\" \/>\n\t<meta name=\"twitter:label2\" content=\"Predpokladan\u00fd \u010das \u010d\u00edtania\" \/>\n\t<meta name=\"twitter:data2\" content=\"2 min\u00faty\" \/>\n<script type=\"application\/ld+json\" class=\"yoast-schema-graph\">{\"@context\":\"https:\\\/\\\/schema.org\",\"@graph\":[{\"@type\":\"Article\",\"@id\":\"https:\\\/\\\/pmza.sk\\\/?p=6206#article\",\"isPartOf\":{\"@id\":\"https:\\\/\\\/pmza.sk\\\/?p=6206\"},\"author\":{\"name\":\"Pova\u017esk\u00e9 m\u00fazeum\",\"@id\":\"https:\\\/\\\/pmza.sk\\\/#\\\/schema\\\/person\\\/595e6a2ce731ea94dcd5d7f50a41ae33\"},\"headline\":\"V Pova\u017eskom m\u00fazeu v \u017diline Svetov\u00fd de\u0148 cestovn\u00e9ho ruchu v medzin\u00e1rodnom meradle\",\"datePublished\":\"2012-09-12T12:49:43+00:00\",\"mainEntityOfPage\":{\"@id\":\"https:\\\/\\\/pmza.sk\\\/?p=6206\"},\"wordCount\":490,\"publisher\":{\"@id\":\"https:\\\/\\\/pmza.sk\\\/#organization\"},\"image\":{\"@id\":\"https:\\\/\\\/pmza.sk\\\/?p=6206#primaryimage\"},\"thumbnailUrl\":\"http:\\\/\\\/pmza.sk.sk\\\/wp-content\\\/uploads\\\/2012\\\/09\\\/z-tvorby-T.-Buzu-300x271.jpg\",\"articleSection\":[\"Arch\u00edv 2012\"],\"inLanguage\":\"sk-SK\"},{\"@type\":\"WebPage\",\"@id\":\"https:\\\/\\\/pmza.sk\\\/?p=6206\",\"url\":\"https:\\\/\\\/pmza.sk\\\/?p=6206\",\"name\":\"V Pova\u017eskom m\u00fazeu v \u017diline Svetov\u00fd de\u0148 cestovn\u00e9ho ruchu v medzin\u00e1rodnom meradle - Pova\u017esk\u00e9 m\u00fazeum\",\"isPartOf\":{\"@id\":\"https:\\\/\\\/pmza.sk\\\/#website\"},\"primaryImageOfPage\":{\"@id\":\"https:\\\/\\\/pmza.sk\\\/?p=6206#primaryimage\"},\"image\":{\"@id\":\"https:\\\/\\\/pmza.sk\\\/?p=6206#primaryimage\"},\"thumbnailUrl\":\"http:\\\/\\\/pmza.sk.sk\\\/wp-content\\\/uploads\\\/2012\\\/09\\\/z-tvorby-T.-Buzu-300x271.jpg\",\"datePublished\":\"2012-09-12T12:49:43+00:00\",\"breadcrumb\":{\"@id\":\"https:\\\/\\\/pmza.sk\\\/?p=6206#breadcrumb\"},\"inLanguage\":\"sk-SK\",\"potentialAction\":[{\"@type\":\"ReadAction\",\"target\":[\"https:\\\/\\\/pmza.sk\\\/?p=6206\"]}]},{\"@type\":\"ImageObject\",\"inLanguage\":\"sk-SK\",\"@id\":\"https:\\\/\\\/pmza.sk\\\/?p=6206#primaryimage\",\"url\":\"http:\\\/\\\/pmza.sk.sk\\\/wp-content\\\/uploads\\\/2012\\\/09\\\/z-tvorby-T.-Buzu-300x271.jpg\",\"contentUrl\":\"http:\\\/\\\/pmza.sk.sk\\\/wp-content\\\/uploads\\\/2012\\\/09\\\/z-tvorby-T.-Buzu-300x271.jpg\"},{\"@type\":\"BreadcrumbList\",\"@id\":\"https:\\\/\\\/pmza.sk\\\/?p=6206#breadcrumb\",\"itemListElement\":[{\"@type\":\"ListItem\",\"position\":1,\"name\":\"Domovsk\u00e1 str\u00e1nka\",\"item\":\"https:\\\/\\\/pmza.sk\\\/\"},{\"@type\":\"ListItem\",\"position\":2,\"name\":\"V Pova\u017eskom m\u00fazeu v \u017diline Svetov\u00fd de\u0148 cestovn\u00e9ho ruchu v medzin\u00e1rodnom meradle\"}]},{\"@type\":\"WebSite\",\"@id\":\"https:\\\/\\\/pmza.sk\\\/#website\",\"url\":\"https:\\\/\\\/pmza.sk\\\/\",\"name\":\"Pova\u017esk\u00e9 m\u00fazeum\",\"description\":\"Pova\u017esk\u00e9 m\u00fazeum v \u017diline je region\u00e1lne m\u00fazeum so s\u00eddlom v Budat\u00edne. Jeho expoz\u00edcie s\u00fa zameran\u00e9 na dejiny slovensk\u00e9ho umenia, kult\u00fary a dopravy.\",\"publisher\":{\"@id\":\"https:\\\/\\\/pmza.sk\\\/#organization\"},\"potentialAction\":[{\"@type\":\"SearchAction\",\"target\":{\"@type\":\"EntryPoint\",\"urlTemplate\":\"https:\\\/\\\/pmza.sk\\\/?s={search_term_string}\"},\"query-input\":{\"@type\":\"PropertyValueSpecification\",\"valueRequired\":true,\"valueName\":\"search_term_string\"}}],\"inLanguage\":\"sk-SK\"},{\"@type\":\"Organization\",\"@id\":\"https:\\\/\\\/pmza.sk\\\/#organization\",\"name\":\"Pova\u017esk\u00e9 m\u00fazeum\",\"url\":\"https:\\\/\\\/pmza.sk\\\/\",\"logo\":{\"@type\":\"ImageObject\",\"inLanguage\":\"sk-SK\",\"@id\":\"https:\\\/\\\/pmza.sk\\\/#\\\/schema\\\/logo\\\/image\\\/\",\"url\":\"https:\\\/\\\/pmza.sk\\\/wp-content\\\/uploads\\\/2022\\\/01\\\/logo_PM_horizontal.jpg\",\"contentUrl\":\"https:\\\/\\\/pmza.sk\\\/wp-content\\\/uploads\\\/2022\\\/01\\\/logo_PM_horizontal.jpg\",\"width\":231,\"height\":142,\"caption\":\"Pova\u017esk\u00e9 m\u00fazeum\"},\"image\":{\"@id\":\"https:\\\/\\\/pmza.sk\\\/#\\\/schema\\\/logo\\\/image\\\/\"},\"sameAs\":[\"https:\\\/\\\/www.facebook.com\\\/povazskemuzeum\",\"https:\\\/\\\/www.instagram.com\\\/povazskemuzeum\\\/\"]},{\"@type\":\"Person\",\"@id\":\"https:\\\/\\\/pmza.sk\\\/#\\\/schema\\\/person\\\/595e6a2ce731ea94dcd5d7f50a41ae33\",\"name\":\"Pova\u017esk\u00e9 m\u00fazeum\",\"image\":{\"@type\":\"ImageObject\",\"inLanguage\":\"sk-SK\",\"@id\":\"https:\\\/\\\/secure.gravatar.com\\\/avatar\\\/2bb7f1561282132fb5826dfeccc66c7996d11ee392ac6aaf7ced8a1c2027fbb2?s=96&d=mm&r=g\",\"url\":\"https:\\\/\\\/secure.gravatar.com\\\/avatar\\\/2bb7f1561282132fb5826dfeccc66c7996d11ee392ac6aaf7ced8a1c2027fbb2?s=96&d=mm&r=g\",\"contentUrl\":\"https:\\\/\\\/secure.gravatar.com\\\/avatar\\\/2bb7f1561282132fb5826dfeccc66c7996d11ee392ac6aaf7ced8a1c2027fbb2?s=96&d=mm&r=g\",\"caption\":\"Pova\u017esk\u00e9 m\u00fazeum\"}}]}<\/script>\n<!-- \/ Yoast SEO plugin. -->","yoast_head_json":{"title":"V Pova\u017eskom m\u00fazeu v \u017diline Svetov\u00fd de\u0148 cestovn\u00e9ho ruchu v medzin\u00e1rodnom meradle - Pova\u017esk\u00e9 m\u00fazeum","robots":{"index":"index","follow":"follow","max-snippet":"max-snippet:-1","max-image-preview":"max-image-preview:large","max-video-preview":"max-video-preview:-1"},"canonical":"https:\/\/pmza.sk\/?p=6206","og_locale":"sk_SK","og_type":"article","og_title":"V Pova\u017eskom m\u00fazeu v \u017diline Svetov\u00fd de\u0148 cestovn\u00e9ho ruchu v medzin\u00e1rodnom meradle - Pova\u017esk\u00e9 m\u00fazeum","og_description":"Miesto: Hrad Stre\u010dno Term\u00edn: 14.9.-31.10 2012 U\u017e onedlho n\u00e1v\u0161tevn\u00edci Pova\u017esk\u00e9ho m\u00fazea v \u017diline m\u00f4\u017eu nav\u0161t\u00edvi\u0165 v\u0161etky jeho expoz\u00edcie s\u00a0v\u00fdraznou z\u013eavou na vstupnom. \u201e Nieko\u013eko rokov si m\u00fazeum\u00a0 pripom\u00edna oslavy Svetov\u00e9ho d\u0148a cestovn\u00e9ho ruchu jednak symbolick\u00fdm vstupn\u00fdm, ale taktie\u017e atrakt\u00edvnym programom, konaj\u00facim sa preva\u017ene na hrade Stre\u010dno. Nebude tomu inak ani tento rok,\u201c uviedol Boris Schubert, [&hellip;]","og_url":"https:\/\/pmza.sk\/?p=6206","og_site_name":"Pova\u017esk\u00e9 m\u00fazeum","article_publisher":"https:\/\/www.facebook.com\/povazskemuzeum","article_published_time":"2012-09-12T12:49:43+00:00","og_image":[{"url":"https:\/\/pmza.sk.sk\/wp-content\/uploads\/2012\/09\/z-tvorby-T.-Buzu-300x271.jpg","type":"","width":"","height":""}],"author":"Pova\u017esk\u00e9 m\u00fazeum","twitter_card":"summary_large_image","twitter_misc":{"Autor":"Pova\u017esk\u00e9 m\u00fazeum","Predpokladan\u00fd \u010das \u010d\u00edtania":"2 min\u00faty"},"schema":{"@context":"https:\/\/schema.org","@graph":[{"@type":"Article","@id":"https:\/\/pmza.sk\/?p=6206#article","isPartOf":{"@id":"https:\/\/pmza.sk\/?p=6206"},"author":{"name":"Pova\u017esk\u00e9 m\u00fazeum","@id":"https:\/\/pmza.sk\/#\/schema\/person\/595e6a2ce731ea94dcd5d7f50a41ae33"},"headline":"V Pova\u017eskom m\u00fazeu v \u017diline Svetov\u00fd de\u0148 cestovn\u00e9ho ruchu v medzin\u00e1rodnom meradle","datePublished":"2012-09-12T12:49:43+00:00","mainEntityOfPage":{"@id":"https:\/\/pmza.sk\/?p=6206"},"wordCount":490,"publisher":{"@id":"https:\/\/pmza.sk\/#organization"},"image":{"@id":"https:\/\/pmza.sk\/?p=6206#primaryimage"},"thumbnailUrl":"https:\/\/pmza.sk.sk\/wp-content\/uploads\/2012\/09\/z-tvorby-T.-Buzu-300x271.jpg","articleSection":["Arch\u00edv 2012"],"inLanguage":"sk-SK"},{"@type":"WebPage","@id":"https:\/\/pmza.sk\/?p=6206","url":"https:\/\/pmza.sk\/?p=6206","name":"V Pova\u017eskom m\u00fazeu v \u017diline Svetov\u00fd de\u0148 cestovn\u00e9ho ruchu v medzin\u00e1rodnom meradle - Pova\u017esk\u00e9 m\u00fazeum","isPartOf":{"@id":"https:\/\/pmza.sk\/#website"},"primaryImageOfPage":{"@id":"https:\/\/pmza.sk\/?p=6206#primaryimage"},"image":{"@id":"https:\/\/pmza.sk\/?p=6206#primaryimage"},"thumbnailUrl":"https:\/\/pmza.sk.sk\/wp-content\/uploads\/2012\/09\/z-tvorby-T.-Buzu-300x271.jpg","datePublished":"2012-09-12T12:49:43+00:00","breadcrumb":{"@id":"https:\/\/pmza.sk\/?p=6206#breadcrumb"},"inLanguage":"sk-SK","potentialAction":[{"@type":"ReadAction","target":["https:\/\/pmza.sk\/?p=6206"]}]},{"@type":"ImageObject","inLanguage":"sk-SK","@id":"https:\/\/pmza.sk\/?p=6206#primaryimage","url":"https:\/\/pmza.sk.sk\/wp-content\/uploads\/2012\/09\/z-tvorby-T.-Buzu-300x271.jpg","contentUrl":"https:\/\/pmza.sk.sk\/wp-content\/uploads\/2012\/09\/z-tvorby-T.-Buzu-300x271.jpg"},{"@type":"BreadcrumbList","@id":"https:\/\/pmza.sk\/?p=6206#breadcrumb","itemListElement":[{"@type":"ListItem","position":1,"name":"Domovsk\u00e1 str\u00e1nka","item":"https:\/\/pmza.sk\/"},{"@type":"ListItem","position":2,"name":"V Pova\u017eskom m\u00fazeu v \u017diline Svetov\u00fd de\u0148 cestovn\u00e9ho ruchu v medzin\u00e1rodnom meradle"}]},{"@type":"WebSite","@id":"https:\/\/pmza.sk\/#website","url":"https:\/\/pmza.sk\/","name":"Pova\u017esk\u00e9 m\u00fazeum","description":"Pova\u017esk\u00e9 m\u00fazeum v \u017diline je region\u00e1lne m\u00fazeum so s\u00eddlom v Budat\u00edne. Jeho expoz\u00edcie s\u00fa zameran\u00e9 na dejiny slovensk\u00e9ho umenia, kult\u00fary a dopravy.","publisher":{"@id":"https:\/\/pmza.sk\/#organization"},"potentialAction":[{"@type":"SearchAction","target":{"@type":"EntryPoint","urlTemplate":"https:\/\/pmza.sk\/?s={search_term_string}"},"query-input":{"@type":"PropertyValueSpecification","valueRequired":true,"valueName":"search_term_string"}}],"inLanguage":"sk-SK"},{"@type":"Organization","@id":"https:\/\/pmza.sk\/#organization","name":"Pova\u017esk\u00e9 m\u00fazeum","url":"https:\/\/pmza.sk\/","logo":{"@type":"ImageObject","inLanguage":"sk-SK","@id":"https:\/\/pmza.sk\/#\/schema\/logo\/image\/","url":"https:\/\/pmza.sk\/wp-content\/uploads\/2022\/01\/logo_PM_horizontal.jpg","contentUrl":"https:\/\/pmza.sk\/wp-content\/uploads\/2022\/01\/logo_PM_horizontal.jpg","width":231,"height":142,"caption":"Pova\u017esk\u00e9 m\u00fazeum"},"image":{"@id":"https:\/\/pmza.sk\/#\/schema\/logo\/image\/"},"sameAs":["https:\/\/www.facebook.com\/povazskemuzeum","https:\/\/www.instagram.com\/povazskemuzeum\/"]},{"@type":"Person","@id":"https:\/\/pmza.sk\/#\/schema\/person\/595e6a2ce731ea94dcd5d7f50a41ae33","name":"Pova\u017esk\u00e9 m\u00fazeum","image":{"@type":"ImageObject","inLanguage":"sk-SK","@id":"https:\/\/secure.gravatar.com\/avatar\/2bb7f1561282132fb5826dfeccc66c7996d11ee392ac6aaf7ced8a1c2027fbb2?s=96&d=mm&r=g","url":"https:\/\/secure.gravatar.com\/avatar\/2bb7f1561282132fb5826dfeccc66c7996d11ee392ac6aaf7ced8a1c2027fbb2?s=96&d=mm&r=g","contentUrl":"https:\/\/secure.gravatar.com\/avatar\/2bb7f1561282132fb5826dfeccc66c7996d11ee392ac6aaf7ced8a1c2027fbb2?s=96&d=mm&r=g","caption":"Pova\u017esk\u00e9 m\u00fazeum"}}]}},"_links":{"self":[{"href":"https:\/\/pmza.sk\/index.php?rest_route=\/wp\/v2\/posts\/6206","targetHints":{"allow":["GET"]}}],"collection":[{"href":"https:\/\/pmza.sk\/index.php?rest_route=\/wp\/v2\/posts"}],"about":[{"href":"https:\/\/pmza.sk\/index.php?rest_route=\/wp\/v2\/types\/post"}],"author":[{"embeddable":true,"href":"https:\/\/pmza.sk\/index.php?rest_route=\/wp\/v2\/users\/2"}],"replies":[{"embeddable":true,"href":"https:\/\/pmza.sk\/index.php?rest_route=%2Fwp%2Fv2%2Fcomments&post=6206"}],"version-history":[{"count":0,"href":"https:\/\/pmza.sk\/index.php?rest_route=\/wp\/v2\/posts\/6206\/revisions"}],"wp:attachment":[{"href":"https:\/\/pmza.sk\/index.php?rest_route=%2Fwp%2Fv2%2Fmedia&parent=6206"}],"wp:term":[{"taxonomy":"category","embeddable":true,"href":"https:\/\/pmza.sk\/index.php?rest_route=%2Fwp%2Fv2%2Fcategories&post=6206"},{"taxonomy":"post_tag","embeddable":true,"href":"https:\/\/pmza.sk\/index.php?rest_route=%2Fwp%2Fv2%2Ftags&post=6206"}],"curies":[{"name":"wp","href":"https:\/\/api.w.org\/{rel}","templated":true}]}}