{"id":62188,"date":"2024-03-11T14:53:01","date_gmt":"2024-03-11T13:53:01","guid":{"rendered":"https:\/\/pmza.sk\/?p=62188"},"modified":"2024-05-23T08:31:32","modified_gmt":"2024-05-23T06:31:32","slug":"pozdravy-jari","status":"publish","type":"post","link":"https:\/\/pmza.sk\/?p=62188","title":{"rendered":"Pozdravy jari"},"content":{"rendered":"<p>Pova\u017esk\u00e9 m\u00fazeum priv\u00edta obdobie spojen\u00e9 s\u00a0preb\u00fadzan\u00edm pr\u00edrody, ale aj ve\u013ekono\u010dn\u00fdmi sviatkami v\u00fdstavou s\u00a0n\u00e1zvom Pozdravy jari. N\u00e1v\u0161tevn\u00edkom predstav\u00ed nev\u0161edn\u00e9 papierov\u00e9 kol\u00e1\u017ee in\u0161pirovan\u00e9 pr\u00edrodou a\u00a0ma\u013eovan\u00e9 perforovan\u00e9 kraslice Eleny Majer\u00edkovej z\u00a0Doln\u00e9ho Vadi\u010dova.<\/p>\n<p>Autorka patr\u00ed do skupiny tvorcov, ktor\u00ed sa umeniu venuj\u00fa v\u00a0r\u00e1mci vo\u013eno\u010dasov\u00fdch aktiv\u00edt. Je v\u0161estranne nadan\u00e1. <em>\u201e<\/em><em>Elena Majer\u00edkov\u00e1 rada kresl\u00ed,\u00a0ma\u013euje, pr\u00edle\u017eitostne sk\u00fa\u0161a modelova\u0165 z hliny. Na v\u00fdstavu sme v\u0161ak vybrali kolekciu kol\u00e1\u017e\u00ed. S\u00fa pln\u00e9 kvet\u00edn, vt\u00e1kov, ornament\u00e1lnych mand\u00e1l a\u00a0farieb. Vy\u017earuj\u00fa optimistick\u00fa n\u00e1ladu, evokuj\u00fa preb\u00fadzaj\u00facu sa pr\u00edrodu a\u00a0predznamen\u00e1vaj\u00fa pr\u00edchod pestr\u00e9ho hor\u00faceho leta. Z\u00e1rove\u0148 sme chceli predstavi\u0165 menej zn\u00e1mu v\u00fdtvarn\u00fa techniku, n\u00e1ro\u010dn\u00fa najm\u00e4 na trpezlivos\u0165 a\u00a0presnos\u0165. V\u00a0autorkinom pr\u00edpade s\u00fa obr\u00e1zky mimoriadne prec\u00edzne spracovan\u00e9 a\u00a0dokazuj\u00fa nielen jej v\u00fdtvarn\u00fd cit, ale aj v\u00fdnimo\u010dn\u00fa zru\u010dnos\u0165. V\u00fdsledn\u00e9 pr\u00e1ce s\u00fa po technickej str\u00e1nke dokonal\u00e9 a\u00a0bezchybn\u00e9. Elena Majer\u00edkov\u00e1 ovl\u00e1da techniku kol\u00e1\u017ee naozaj majstrovsky a\u00a0rovnako dobre zdob\u00ed aj ve\u013ekono\u010dn\u00e9 vaj\u00ed\u010dka, ktor\u00e9 s\u00fabor obrazov dop\u013a\u0148aj\u00fa,\u201c\u00a0 <\/em>pribli\u017euje kur\u00e1torka v\u00fdstavy Katar\u00edna Hallonov\u00e1 z\u00a0Pova\u017esk\u00e9ho m\u00fazea.<\/p>\n<p>Elena Majern\u00edkov\u00e1 m\u00e1 okrem nesporn\u00e9ho v\u00fdtvarn\u00e9ho talentu aj liter\u00e1rne amb\u00edcie (l\u00e1ka ju najm\u00e4 po\u00e9zia) a fotografuje. V\u00a0posledn\u00fdch rokoch sa intenz\u00edvne venuje tvorbe pre deti. Je\u00a0 autorkou\u00a0aj\u00a0ilustr\u00e1torkou \u00faspe\u0161nej knihy o\u00a0p\u00edsmen\u00e1ch i\u00a0hrav\u00fdch didaktick\u00fdch pom\u00f4cok \u2013 ma\u013eovaniek, pracovn\u00fdch zo\u0161itov, pexesa \u010di z\u00e1lo\u017eiek do u\u010debn\u00edc, ktor\u00e9 mlad\u0161\u00edm \u017eiakom pom\u00e1haj\u00fa zvl\u00e1da\u0165 n\u00e1strahy abecedy.<\/p>\n<p><em>\u00a0<\/em>V\u00fdstava Pozdravy jari patr\u00ed k aktivit\u00e1m, ktor\u00fdmi sa Pova\u017esk\u00e9 m\u00fazeum sna\u017e\u00ed podpori\u0165 zauj\u00edmav\u00fdch talentovan\u00fdch neprofesion\u00e1lnych autorov z regi\u00f3nu v ich umeleckom sna\u017een\u00ed a z\u00e1rove\u0148\u00a0 podnieti\u0165 \u0161irok\u00fa verejnos\u0165 k h\u013eadaniu vlastnej cesty k tvoriv\u00e9mu tr\u00e1veniu vo\u013en\u00e9ho \u010dasu. In\u0161pirova\u0165 sa a vychutna\u0165 si jarn\u00fa n\u00e1ladu bud\u00fa m\u00f4c\u0165 n\u00e1v\u0161tevn\u00edci po\u010das be\u017en\u00fdch otv\u00e1rac\u00edch hod\u00edn od 19. marca do 19. m\u00e1ja v Drot\u00e1rskom pavil\u00f3ne v are\u00e1li Budat\u00ednskeho hradu.<\/p>\n<div class=\"wp-block-image\">\n<div class=\"wp-block-image\"><img fetchpriority=\"high\" decoding=\"async\" class=\"wpa-warning wpa-image-missing-alt alignnone size-medium wp-image-62267\" src=\"https:\/\/pmza.sk\/wp-content\/uploads\/2024\/03\/Pozdravy_jari_K1-1-255x360.jpg\" alt=\"\" width=\"255\" height=\"360\" data-warning=\"Missing alt text\" srcset=\"https:\/\/pmza.sk\/wp-content\/uploads\/2024\/03\/Pozdravy_jari_K1-1-255x360.jpg 255w, https:\/\/pmza.sk\/wp-content\/uploads\/2024\/03\/Pozdravy_jari_K1-1-520x736.jpg 520w, https:\/\/pmza.sk\/wp-content\/uploads\/2024\/03\/Pozdravy_jari_K1-1-768x1086.jpg 768w, https:\/\/pmza.sk\/wp-content\/uploads\/2024\/03\/Pozdravy_jari_K1-1-1086x1536.jpg 1086w, https:\/\/pmza.sk\/wp-content\/uploads\/2024\/03\/Pozdravy_jari_K1-1-1448x2048.jpg 1448w, https:\/\/pmza.sk\/wp-content\/uploads\/2024\/03\/Pozdravy_jari_K1-1-600x849.jpg 600w, https:\/\/pmza.sk\/wp-content\/uploads\/2024\/03\/Pozdravy_jari_K1-1-scaled.jpg 1810w\" sizes=\"(max-width: 255px) 100vw, 255px\" \/><\/div>\n<\/div>\n<div><\/div>\n<div>Plag\u00e1t v plnej ve\u013ekosti <a href=\"https:\/\/pmza.sk\/wp-content\/uploads\/2024\/03\/Pozdravy_jari_K1-2.pdf\">TU<\/a><\/div>\n","protected":false},"excerpt":{"rendered":"<p>Pova\u017esk\u00e9 m\u00fazeum priv\u00edta obdobie spojen\u00e9 s\u00a0preb\u00fadzan\u00edm pr\u00edrody, ale aj ve\u013ekono\u010dn\u00fdmi sviatkami v\u00fdstavou s\u00a0n\u00e1zvom Pozdravy jari. N\u00e1v\u0161tevn\u00edkom predstav\u00ed nev\u0161edn\u00e9 papierov\u00e9 kol\u00e1\u017ee in\u0161pirovan\u00e9 pr\u00edrodou a\u00a0ma\u013eovan\u00e9 perforovan\u00e9 kraslice Eleny Majer\u00edkovej z\u00a0Doln\u00e9ho Vadi\u010dova. Autorka patr\u00ed do skupiny tvorcov, ktor\u00ed sa umeniu venuj\u00fa v\u00a0r\u00e1mci vo\u013eno\u010dasov\u00fdch aktiv\u00edt. Je v\u0161estranne nadan\u00e1. \u201eElena Majer\u00edkov\u00e1 rada kresl\u00ed,\u00a0ma\u013euje, pr\u00edle\u017eitostne sk\u00fa\u0161a modelova\u0165 z hliny. Na v\u00fdstavu [&hellip;]<\/p>\n","protected":false},"author":2,"featured_media":62269,"comment_status":"closed","ping_status":"closed","sticky":false,"template":"","format":"standard","meta":{"site-sidebar-layout":"default","site-content-layout":"default","ast-site-content-layout":"","site-content-style":"default","site-sidebar-style":"default","ast-global-header-display":"","ast-banner-title-visibility":"","ast-main-header-display":"","ast-hfb-above-header-display":"","ast-hfb-below-header-display":"","ast-hfb-mobile-header-display":"","site-post-title":"","ast-breadcrumbs-content":"","ast-featured-img":"","footer-sml-layout":"","theme-transparent-header-meta":"default","adv-header-id-meta":"","stick-header-meta":"default","header-above-stick-meta":"","header-main-stick-meta":"","header-below-stick-meta":"","astra-migrate-meta-layouts":"default","ast-page-background-enabled":"default","ast-page-background-meta":{"desktop":{"background-color":"var(--ast-global-color-4)","background-image":"","background-repeat":"repeat","background-position":"center center","background-size":"auto","background-attachment":"scroll","background-type":"","background-media":"","overlay-type":"","overlay-color":"","overlay-opacity":"","overlay-gradient":""},"tablet":{"background-color":"","background-image":"","background-repeat":"repeat","background-position":"center center","background-size":"auto","background-attachment":"scroll","background-type":"","background-media":"","overlay-type":"","overlay-color":"","overlay-opacity":"","overlay-gradient":""},"mobile":{"background-color":"","background-image":"","background-repeat":"repeat","background-position":"center center","background-size":"auto","background-attachment":"scroll","background-type":"","background-media":"","overlay-type":"","overlay-color":"","overlay-opacity":"","overlay-gradient":""}},"ast-content-background-meta":{"desktop":{"background-color":"var(--ast-global-color-5)","background-image":"","background-repeat":"repeat","background-position":"center center","background-size":"auto","background-attachment":"scroll","background-type":"","background-media":"","overlay-type":"","overlay-color":"","overlay-opacity":"","overlay-gradient":""},"tablet":{"background-color":"var(--ast-global-color-5)","background-image":"","background-repeat":"repeat","background-position":"center center","background-size":"auto","background-attachment":"scroll","background-type":"","background-media":"","overlay-type":"","overlay-color":"","overlay-opacity":"","overlay-gradient":""},"mobile":{"background-color":"var(--ast-global-color-5)","background-image":"","background-repeat":"repeat","background-position":"center center","background-size":"auto","background-attachment":"scroll","background-type":"","background-media":"","overlay-type":"","overlay-color":"","overlay-opacity":"","overlay-gradient":""}},"footnotes":""},"categories":[72],"tags":[],"class_list":["post-62188","post","type-post","status-publish","format-standard","has-post-thumbnail","hentry","category-vystavy"],"yoast_head":"<!-- This site is optimized with the Yoast SEO plugin v27.4 - https:\/\/yoast.com\/product\/yoast-seo-wordpress\/ -->\n<title>Pozdravy jari - Pova\u017esk\u00e9 m\u00fazeum<\/title>\n<meta name=\"robots\" content=\"index, follow, max-snippet:-1, max-image-preview:large, max-video-preview:-1\" \/>\n<link rel=\"canonical\" href=\"https:\/\/pmza.sk\/?p=62188\" \/>\n<meta property=\"og:locale\" content=\"sk_SK\" \/>\n<meta property=\"og:type\" content=\"article\" \/>\n<meta property=\"og:title\" content=\"Pozdravy jari - Pova\u017esk\u00e9 m\u00fazeum\" \/>\n<meta property=\"og:description\" content=\"Pova\u017esk\u00e9 m\u00fazeum priv\u00edta obdobie spojen\u00e9 s\u00a0preb\u00fadzan\u00edm pr\u00edrody, ale aj ve\u013ekono\u010dn\u00fdmi sviatkami v\u00fdstavou s\u00a0n\u00e1zvom Pozdravy jari. N\u00e1v\u0161tevn\u00edkom predstav\u00ed nev\u0161edn\u00e9 papierov\u00e9 kol\u00e1\u017ee in\u0161pirovan\u00e9 pr\u00edrodou a\u00a0ma\u013eovan\u00e9 perforovan\u00e9 kraslice Eleny Majer\u00edkovej z\u00a0Doln\u00e9ho Vadi\u010dova. Autorka patr\u00ed do skupiny tvorcov, ktor\u00ed sa umeniu venuj\u00fa v\u00a0r\u00e1mci vo\u013eno\u010dasov\u00fdch aktiv\u00edt. Je v\u0161estranne nadan\u00e1. \u201eElena Majer\u00edkov\u00e1 rada kresl\u00ed,\u00a0ma\u013euje, pr\u00edle\u017eitostne sk\u00fa\u0161a modelova\u0165 z hliny. Na v\u00fdstavu [&hellip;]\" \/>\n<meta property=\"og:url\" content=\"https:\/\/pmza.sk\/?p=62188\" \/>\n<meta property=\"og:site_name\" content=\"Pova\u017esk\u00e9 m\u00fazeum\" \/>\n<meta property=\"article:publisher\" content=\"https:\/\/www.facebook.com\/povazskemuzeum\" \/>\n<meta property=\"article:published_time\" content=\"2024-03-11T13:53:01+00:00\" \/>\n<meta property=\"article:modified_time\" content=\"2024-05-23T06:31:32+00:00\" \/>\n<meta property=\"og:image\" content=\"https:\/\/pmza.sk\/wp-content\/uploads\/2024\/03\/Pozdravy_jari_web-1-scaled.jpg\" \/>\n\t<meta property=\"og:image:width\" content=\"2560\" \/>\n\t<meta property=\"og:image:height\" content=\"2560\" \/>\n\t<meta property=\"og:image:type\" content=\"image\/jpeg\" \/>\n<meta name=\"author\" content=\"Pova\u017esk\u00e9 m\u00fazeum\" \/>\n<meta name=\"twitter:card\" content=\"summary_large_image\" \/>\n<meta name=\"twitter:label1\" content=\"Autor\" \/>\n\t<meta name=\"twitter:data1\" content=\"Pova\u017esk\u00e9 m\u00fazeum\" \/>\n\t<meta name=\"twitter:label2\" content=\"Predpokladan\u00fd \u010das \u010d\u00edtania\" \/>\n\t<meta name=\"twitter:data2\" content=\"2 min\u00faty\" \/>\n<script type=\"application\/ld+json\" class=\"yoast-schema-graph\">{\"@context\":\"https:\\\/\\\/schema.org\",\"@graph\":[{\"@type\":\"Article\",\"@id\":\"https:\\\/\\\/pmza.sk\\\/?p=62188#article\",\"isPartOf\":{\"@id\":\"https:\\\/\\\/pmza.sk\\\/?p=62188\"},\"author\":{\"name\":\"Pova\u017esk\u00e9 m\u00fazeum\",\"@id\":\"https:\\\/\\\/pmza.sk\\\/#\\\/schema\\\/person\\\/595e6a2ce731ea94dcd5d7f50a41ae33\"},\"headline\":\"Pozdravy jari\",\"datePublished\":\"2024-03-11T13:53:01+00:00\",\"dateModified\":\"2024-05-23T06:31:32+00:00\",\"mainEntityOfPage\":{\"@id\":\"https:\\\/\\\/pmza.sk\\\/?p=62188\"},\"wordCount\":416,\"publisher\":{\"@id\":\"https:\\\/\\\/pmza.sk\\\/#organization\"},\"image\":{\"@id\":\"https:\\\/\\\/pmza.sk\\\/?p=62188#primaryimage\"},\"thumbnailUrl\":\"https:\\\/\\\/pmza.sk\\\/wp-content\\\/uploads\\\/2024\\\/03\\\/Pozdravy_jari_web-1-scaled.jpg\",\"articleSection\":[\"V\u00fdstavy\"],\"inLanguage\":\"sk-SK\"},{\"@type\":\"WebPage\",\"@id\":\"https:\\\/\\\/pmza.sk\\\/?p=62188\",\"url\":\"https:\\\/\\\/pmza.sk\\\/?p=62188\",\"name\":\"Pozdravy jari - Pova\u017esk\u00e9 m\u00fazeum\",\"isPartOf\":{\"@id\":\"https:\\\/\\\/pmza.sk\\\/#website\"},\"primaryImageOfPage\":{\"@id\":\"https:\\\/\\\/pmza.sk\\\/?p=62188#primaryimage\"},\"image\":{\"@id\":\"https:\\\/\\\/pmza.sk\\\/?p=62188#primaryimage\"},\"thumbnailUrl\":\"https:\\\/\\\/pmza.sk\\\/wp-content\\\/uploads\\\/2024\\\/03\\\/Pozdravy_jari_web-1-scaled.jpg\",\"datePublished\":\"2024-03-11T13:53:01+00:00\",\"dateModified\":\"2024-05-23T06:31:32+00:00\",\"breadcrumb\":{\"@id\":\"https:\\\/\\\/pmza.sk\\\/?p=62188#breadcrumb\"},\"inLanguage\":\"sk-SK\",\"potentialAction\":[{\"@type\":\"ReadAction\",\"target\":[\"https:\\\/\\\/pmza.sk\\\/?p=62188\"]}]},{\"@type\":\"ImageObject\",\"inLanguage\":\"sk-SK\",\"@id\":\"https:\\\/\\\/pmza.sk\\\/?p=62188#primaryimage\",\"url\":\"https:\\\/\\\/pmza.sk\\\/wp-content\\\/uploads\\\/2024\\\/03\\\/Pozdravy_jari_web-1-scaled.jpg\",\"contentUrl\":\"https:\\\/\\\/pmza.sk\\\/wp-content\\\/uploads\\\/2024\\\/03\\\/Pozdravy_jari_web-1-scaled.jpg\",\"width\":2560,\"height\":2560},{\"@type\":\"BreadcrumbList\",\"@id\":\"https:\\\/\\\/pmza.sk\\\/?p=62188#breadcrumb\",\"itemListElement\":[{\"@type\":\"ListItem\",\"position\":1,\"name\":\"Domovsk\u00e1 str\u00e1nka\",\"item\":\"https:\\\/\\\/pmza.sk\\\/\"},{\"@type\":\"ListItem\",\"position\":2,\"name\":\"Pozdravy jari\"}]},{\"@type\":\"WebSite\",\"@id\":\"https:\\\/\\\/pmza.sk\\\/#website\",\"url\":\"https:\\\/\\\/pmza.sk\\\/\",\"name\":\"Pova\u017esk\u00e9 m\u00fazeum\",\"description\":\"Pova\u017esk\u00e9 m\u00fazeum v \u017diline je region\u00e1lne m\u00fazeum so s\u00eddlom v Budat\u00edne. Jeho expoz\u00edcie s\u00fa zameran\u00e9 na dejiny slovensk\u00e9ho umenia, kult\u00fary a dopravy.\",\"publisher\":{\"@id\":\"https:\\\/\\\/pmza.sk\\\/#organization\"},\"potentialAction\":[{\"@type\":\"SearchAction\",\"target\":{\"@type\":\"EntryPoint\",\"urlTemplate\":\"https:\\\/\\\/pmza.sk\\\/?s={search_term_string}\"},\"query-input\":{\"@type\":\"PropertyValueSpecification\",\"valueRequired\":true,\"valueName\":\"search_term_string\"}}],\"inLanguage\":\"sk-SK\"},{\"@type\":\"Organization\",\"@id\":\"https:\\\/\\\/pmza.sk\\\/#organization\",\"name\":\"Pova\u017esk\u00e9 m\u00fazeum\",\"url\":\"https:\\\/\\\/pmza.sk\\\/\",\"logo\":{\"@type\":\"ImageObject\",\"inLanguage\":\"sk-SK\",\"@id\":\"https:\\\/\\\/pmza.sk\\\/#\\\/schema\\\/logo\\\/image\\\/\",\"url\":\"https:\\\/\\\/pmza.sk\\\/wp-content\\\/uploads\\\/2022\\\/01\\\/logo_PM_horizontal.jpg\",\"contentUrl\":\"https:\\\/\\\/pmza.sk\\\/wp-content\\\/uploads\\\/2022\\\/01\\\/logo_PM_horizontal.jpg\",\"width\":231,\"height\":142,\"caption\":\"Pova\u017esk\u00e9 m\u00fazeum\"},\"image\":{\"@id\":\"https:\\\/\\\/pmza.sk\\\/#\\\/schema\\\/logo\\\/image\\\/\"},\"sameAs\":[\"https:\\\/\\\/www.facebook.com\\\/povazskemuzeum\",\"https:\\\/\\\/www.instagram.com\\\/povazskemuzeum\\\/\"]},{\"@type\":\"Person\",\"@id\":\"https:\\\/\\\/pmza.sk\\\/#\\\/schema\\\/person\\\/595e6a2ce731ea94dcd5d7f50a41ae33\",\"name\":\"Pova\u017esk\u00e9 m\u00fazeum\",\"image\":{\"@type\":\"ImageObject\",\"inLanguage\":\"sk-SK\",\"@id\":\"https:\\\/\\\/secure.gravatar.com\\\/avatar\\\/2bb7f1561282132fb5826dfeccc66c7996d11ee392ac6aaf7ced8a1c2027fbb2?s=96&d=mm&r=g\",\"url\":\"https:\\\/\\\/secure.gravatar.com\\\/avatar\\\/2bb7f1561282132fb5826dfeccc66c7996d11ee392ac6aaf7ced8a1c2027fbb2?s=96&d=mm&r=g\",\"contentUrl\":\"https:\\\/\\\/secure.gravatar.com\\\/avatar\\\/2bb7f1561282132fb5826dfeccc66c7996d11ee392ac6aaf7ced8a1c2027fbb2?s=96&d=mm&r=g\",\"caption\":\"Pova\u017esk\u00e9 m\u00fazeum\"}}]}<\/script>\n<!-- \/ Yoast SEO plugin. -->","yoast_head_json":{"title":"Pozdravy jari - Pova\u017esk\u00e9 m\u00fazeum","robots":{"index":"index","follow":"follow","max-snippet":"max-snippet:-1","max-image-preview":"max-image-preview:large","max-video-preview":"max-video-preview:-1"},"canonical":"https:\/\/pmza.sk\/?p=62188","og_locale":"sk_SK","og_type":"article","og_title":"Pozdravy jari - Pova\u017esk\u00e9 m\u00fazeum","og_description":"Pova\u017esk\u00e9 m\u00fazeum priv\u00edta obdobie spojen\u00e9 s\u00a0preb\u00fadzan\u00edm pr\u00edrody, ale aj ve\u013ekono\u010dn\u00fdmi sviatkami v\u00fdstavou s\u00a0n\u00e1zvom Pozdravy jari. N\u00e1v\u0161tevn\u00edkom predstav\u00ed nev\u0161edn\u00e9 papierov\u00e9 kol\u00e1\u017ee in\u0161pirovan\u00e9 pr\u00edrodou a\u00a0ma\u013eovan\u00e9 perforovan\u00e9 kraslice Eleny Majer\u00edkovej z\u00a0Doln\u00e9ho Vadi\u010dova. Autorka patr\u00ed do skupiny tvorcov, ktor\u00ed sa umeniu venuj\u00fa v\u00a0r\u00e1mci vo\u013eno\u010dasov\u00fdch aktiv\u00edt. Je v\u0161estranne nadan\u00e1. \u201eElena Majer\u00edkov\u00e1 rada kresl\u00ed,\u00a0ma\u013euje, pr\u00edle\u017eitostne sk\u00fa\u0161a modelova\u0165 z hliny. Na v\u00fdstavu [&hellip;]","og_url":"https:\/\/pmza.sk\/?p=62188","og_site_name":"Pova\u017esk\u00e9 m\u00fazeum","article_publisher":"https:\/\/www.facebook.com\/povazskemuzeum","article_published_time":"2024-03-11T13:53:01+00:00","article_modified_time":"2024-05-23T06:31:32+00:00","og_image":[{"width":2560,"height":2560,"url":"https:\/\/pmza.sk\/wp-content\/uploads\/2024\/03\/Pozdravy_jari_web-1-scaled.jpg","type":"image\/jpeg"}],"author":"Pova\u017esk\u00e9 m\u00fazeum","twitter_card":"summary_large_image","twitter_misc":{"Autor":"Pova\u017esk\u00e9 m\u00fazeum","Predpokladan\u00fd \u010das \u010d\u00edtania":"2 min\u00faty"},"schema":{"@context":"https:\/\/schema.org","@graph":[{"@type":"Article","@id":"https:\/\/pmza.sk\/?p=62188#article","isPartOf":{"@id":"https:\/\/pmza.sk\/?p=62188"},"author":{"name":"Pova\u017esk\u00e9 m\u00fazeum","@id":"https:\/\/pmza.sk\/#\/schema\/person\/595e6a2ce731ea94dcd5d7f50a41ae33"},"headline":"Pozdravy jari","datePublished":"2024-03-11T13:53:01+00:00","dateModified":"2024-05-23T06:31:32+00:00","mainEntityOfPage":{"@id":"https:\/\/pmza.sk\/?p=62188"},"wordCount":416,"publisher":{"@id":"https:\/\/pmza.sk\/#organization"},"image":{"@id":"https:\/\/pmza.sk\/?p=62188#primaryimage"},"thumbnailUrl":"https:\/\/pmza.sk\/wp-content\/uploads\/2024\/03\/Pozdravy_jari_web-1-scaled.jpg","articleSection":["V\u00fdstavy"],"inLanguage":"sk-SK"},{"@type":"WebPage","@id":"https:\/\/pmza.sk\/?p=62188","url":"https:\/\/pmza.sk\/?p=62188","name":"Pozdravy jari - Pova\u017esk\u00e9 m\u00fazeum","isPartOf":{"@id":"https:\/\/pmza.sk\/#website"},"primaryImageOfPage":{"@id":"https:\/\/pmza.sk\/?p=62188#primaryimage"},"image":{"@id":"https:\/\/pmza.sk\/?p=62188#primaryimage"},"thumbnailUrl":"https:\/\/pmza.sk\/wp-content\/uploads\/2024\/03\/Pozdravy_jari_web-1-scaled.jpg","datePublished":"2024-03-11T13:53:01+00:00","dateModified":"2024-05-23T06:31:32+00:00","breadcrumb":{"@id":"https:\/\/pmza.sk\/?p=62188#breadcrumb"},"inLanguage":"sk-SK","potentialAction":[{"@type":"ReadAction","target":["https:\/\/pmza.sk\/?p=62188"]}]},{"@type":"ImageObject","inLanguage":"sk-SK","@id":"https:\/\/pmza.sk\/?p=62188#primaryimage","url":"https:\/\/pmza.sk\/wp-content\/uploads\/2024\/03\/Pozdravy_jari_web-1-scaled.jpg","contentUrl":"https:\/\/pmza.sk\/wp-content\/uploads\/2024\/03\/Pozdravy_jari_web-1-scaled.jpg","width":2560,"height":2560},{"@type":"BreadcrumbList","@id":"https:\/\/pmza.sk\/?p=62188#breadcrumb","itemListElement":[{"@type":"ListItem","position":1,"name":"Domovsk\u00e1 str\u00e1nka","item":"https:\/\/pmza.sk\/"},{"@type":"ListItem","position":2,"name":"Pozdravy jari"}]},{"@type":"WebSite","@id":"https:\/\/pmza.sk\/#website","url":"https:\/\/pmza.sk\/","name":"Pova\u017esk\u00e9 m\u00fazeum","description":"Pova\u017esk\u00e9 m\u00fazeum v \u017diline je region\u00e1lne m\u00fazeum so s\u00eddlom v Budat\u00edne. Jeho expoz\u00edcie s\u00fa zameran\u00e9 na dejiny slovensk\u00e9ho umenia, kult\u00fary a dopravy.","publisher":{"@id":"https:\/\/pmza.sk\/#organization"},"potentialAction":[{"@type":"SearchAction","target":{"@type":"EntryPoint","urlTemplate":"https:\/\/pmza.sk\/?s={search_term_string}"},"query-input":{"@type":"PropertyValueSpecification","valueRequired":true,"valueName":"search_term_string"}}],"inLanguage":"sk-SK"},{"@type":"Organization","@id":"https:\/\/pmza.sk\/#organization","name":"Pova\u017esk\u00e9 m\u00fazeum","url":"https:\/\/pmza.sk\/","logo":{"@type":"ImageObject","inLanguage":"sk-SK","@id":"https:\/\/pmza.sk\/#\/schema\/logo\/image\/","url":"https:\/\/pmza.sk\/wp-content\/uploads\/2022\/01\/logo_PM_horizontal.jpg","contentUrl":"https:\/\/pmza.sk\/wp-content\/uploads\/2022\/01\/logo_PM_horizontal.jpg","width":231,"height":142,"caption":"Pova\u017esk\u00e9 m\u00fazeum"},"image":{"@id":"https:\/\/pmza.sk\/#\/schema\/logo\/image\/"},"sameAs":["https:\/\/www.facebook.com\/povazskemuzeum","https:\/\/www.instagram.com\/povazskemuzeum\/"]},{"@type":"Person","@id":"https:\/\/pmza.sk\/#\/schema\/person\/595e6a2ce731ea94dcd5d7f50a41ae33","name":"Pova\u017esk\u00e9 m\u00fazeum","image":{"@type":"ImageObject","inLanguage":"sk-SK","@id":"https:\/\/secure.gravatar.com\/avatar\/2bb7f1561282132fb5826dfeccc66c7996d11ee392ac6aaf7ced8a1c2027fbb2?s=96&d=mm&r=g","url":"https:\/\/secure.gravatar.com\/avatar\/2bb7f1561282132fb5826dfeccc66c7996d11ee392ac6aaf7ced8a1c2027fbb2?s=96&d=mm&r=g","contentUrl":"https:\/\/secure.gravatar.com\/avatar\/2bb7f1561282132fb5826dfeccc66c7996d11ee392ac6aaf7ced8a1c2027fbb2?s=96&d=mm&r=g","caption":"Pova\u017esk\u00e9 m\u00fazeum"}}]}},"_links":{"self":[{"href":"https:\/\/pmza.sk\/index.php?rest_route=\/wp\/v2\/posts\/62188","targetHints":{"allow":["GET"]}}],"collection":[{"href":"https:\/\/pmza.sk\/index.php?rest_route=\/wp\/v2\/posts"}],"about":[{"href":"https:\/\/pmza.sk\/index.php?rest_route=\/wp\/v2\/types\/post"}],"author":[{"embeddable":true,"href":"https:\/\/pmza.sk\/index.php?rest_route=\/wp\/v2\/users\/2"}],"replies":[{"embeddable":true,"href":"https:\/\/pmza.sk\/index.php?rest_route=%2Fwp%2Fv2%2Fcomments&post=62188"}],"version-history":[{"count":0,"href":"https:\/\/pmza.sk\/index.php?rest_route=\/wp\/v2\/posts\/62188\/revisions"}],"wp:featuredmedia":[{"embeddable":true,"href":"https:\/\/pmza.sk\/index.php?rest_route=\/wp\/v2\/media\/62269"}],"wp:attachment":[{"href":"https:\/\/pmza.sk\/index.php?rest_route=%2Fwp%2Fv2%2Fmedia&parent=62188"}],"wp:term":[{"taxonomy":"category","embeddable":true,"href":"https:\/\/pmza.sk\/index.php?rest_route=%2Fwp%2Fv2%2Fcategories&post=62188"},{"taxonomy":"post_tag","embeddable":true,"href":"https:\/\/pmza.sk\/index.php?rest_route=%2Fwp%2Fv2%2Ftags&post=62188"}],"curies":[{"name":"wp","href":"https:\/\/api.w.org\/{rel}","templated":true}]}}