{"id":62273,"date":"2024-03-18T14:36:29","date_gmt":"2024-03-18T13:36:29","guid":{"rendered":"https:\/\/pmza.sk\/?p=62273"},"modified":"2024-05-13T10:30:58","modified_gmt":"2024-05-13T08:30:58","slug":"hrad-strecno-otvorime-uz-na-velku-noc","status":"publish","type":"post","link":"https:\/\/pmza.sk\/?p=62273","title":{"rendered":"Hrad Stre\u010dno otvor\u00edme u\u017e na Ve\u013ek\u00fa noc"},"content":{"rendered":"<p>Tohtoro\u010dn\u00e1 sez\u00f3na na hrade Stre\u010dno za\u010d\u00edna u\u017e na Ve\u013ek\u00fa noc. V\u00a0tomto roku otvor\u00ed hrad prv\u00fdkr\u00e1t svoje br\u00e1ny v\u00a0sobotu 30. marca. N\u00e1v\u0161tevn\u00edci si tak m\u00f4\u017eu u\u017ei\u0165 prehliadku aj po\u010das ve\u013ekono\u010dn\u00fdch sviatkov. Okrem osvie\u017euj\u00facej prech\u00e1dzky ich \u010dak\u00e1 pr\u00edjemn\u00e9 sprievodn\u00e9 slovo i n\u00e1dhern\u00fd v\u00fdh\u013ead z\u00a0ve\u017ee.<\/p>\n<p><em>\u201eZ\u00e1ujemcovia sa m\u00f4\u017eu te\u0161i\u0165 na sprev\u00e1dzan\u00e9 prehliadky, typick\u00fa atmosf\u00e9ru stredovek\u00e9ho hradu a\u00a0ver\u00edme, \u017ee ich zaujme aj nov\u00e1 interakt\u00edvna expoz\u00edcia, ktor\u00fa sme spr\u00edstupnili v\u00a0minulom roku.\u00a0 <\/em><em>Venovan\u00e1 je majite\u013eom a\u00a0spr\u00e1vcom hradu, ale tie\u017e vojensk\u00fdm dejin\u00e1m. To v\u0161etko je predstaven\u00e9 formou videopr\u00edbehu v\u00a0hlavnej \u00falohe so \u017dofiou Bosniakovou. Podrobnej\u0161ie inform\u00e1cie n\u00e1v\u0161tevn\u00edci z\u00edskaj\u00fa v\u00a0infokiosku a\u00a0zabavi\u0165 sa m\u00f4\u017eu pri selfie wall alebo tie\u0148ohre,\u201c<\/em> poz\u00fdva riadite\u013e Pova\u017esk\u00e9ho m\u00fazea Mgr. Michal Jureck\u00fd.<\/p>\n<p>Hrad Stre\u010dno bude od 30. 3. otvoren\u00fd ka\u017ed\u00fd de\u0148 v \u010dase od 9.00 do 17.00. Tento rok bude \u0161peci\u00e1lne venovan\u00fd najzn\u00e1mej\u0161ej majite\u013eke. Prv\u00e9 podujatie s n\u00e1zvom So \u017dofiou na hrade sa bude kona\u0165 v de\u0148 380. v\u00fdro\u010dia jej \u00famrtia \u2013 v nede\u013eu 28. 4. De\u0148 det\u00ed bude zase spojen\u00fd so 415. v\u00fdro\u010d\u00edm jej narodenia. Po\u010das leta nebud\u00fa ch\u00fdba\u0165 ob\u013e\u00faben\u00e9 no\u010dn\u00e9 prehliadky \u010di Hradn\u00e9 hry \u017dofie Bosniakovej. Do minulosti sa hrad vr\u00e1ti na jesennom podujat\u00ed Cestovanie v \u010dase a koniec sez\u00f3ny si z\u00e1ujemcovia u\u017eij\u00fa v okt\u00f3bri na podujat\u00ed Noc duchov, tekv\u00edc a stra\u0161idiel.<\/p>\n<p>Priaznivci Pova\u017esk\u00e9ho m\u00fazea m\u00f4\u017eu po\u010das ve\u013ekono\u010dn\u00fdch sviatkov nav\u0161t\u00edvi\u0165 aj in\u00e9 expoz\u00edcie, v\u0161etky bud\u00fa otvoren\u00e9 od 30. 3. do 1. 4. 2024.<\/p>\n","protected":false},"excerpt":{"rendered":"<p>Tohtoro\u010dn\u00e1 sez\u00f3na na hrade Stre\u010dno za\u010d\u00edna u\u017e na Ve\u013ek\u00fa noc. V\u00a0tomto roku otvor\u00ed hrad prv\u00fdkr\u00e1t svoje br\u00e1ny v\u00a0sobotu 30. marca. N\u00e1v\u0161tevn\u00edci si tak m\u00f4\u017eu u\u017ei\u0165 prehliadku aj po\u010das ve\u013ekono\u010dn\u00fdch sviatkov. Okrem osvie\u017euj\u00facej prech\u00e1dzky ich \u010dak\u00e1 pr\u00edjemn\u00e9 sprievodn\u00e9 slovo i n\u00e1dhern\u00fd v\u00fdh\u013ead z\u00a0ve\u017ee. \u201eZ\u00e1ujemcovia sa m\u00f4\u017eu te\u0161i\u0165 na sprev\u00e1dzan\u00e9 prehliadky, typick\u00fa atmosf\u00e9ru stredovek\u00e9ho hradu a\u00a0ver\u00edme, \u017ee [&hellip;]<\/p>\n","protected":false},"author":2,"featured_media":62274,"comment_status":"closed","ping_status":"closed","sticky":false,"template":"","format":"standard","meta":{"site-sidebar-layout":"default","site-content-layout":"default","ast-site-content-layout":"","site-content-style":"default","site-sidebar-style":"default","ast-global-header-display":"","ast-banner-title-visibility":"","ast-main-header-display":"","ast-hfb-above-header-display":"","ast-hfb-below-header-display":"","ast-hfb-mobile-header-display":"","site-post-title":"","ast-breadcrumbs-content":"","ast-featured-img":"","footer-sml-layout":"","theme-transparent-header-meta":"default","adv-header-id-meta":"","stick-header-meta":"default","header-above-stick-meta":"","header-main-stick-meta":"","header-below-stick-meta":"","astra-migrate-meta-layouts":"default","ast-page-background-enabled":"default","ast-page-background-meta":{"desktop":{"background-color":"var(--ast-global-color-4)","background-image":"","background-repeat":"repeat","background-position":"center center","background-size":"auto","background-attachment":"scroll","background-type":"","background-media":"","overlay-type":"","overlay-color":"","overlay-opacity":"","overlay-gradient":""},"tablet":{"background-color":"","background-image":"","background-repeat":"repeat","background-position":"center center","background-size":"auto","background-attachment":"scroll","background-type":"","background-media":"","overlay-type":"","overlay-color":"","overlay-opacity":"","overlay-gradient":""},"mobile":{"background-color":"","background-image":"","background-repeat":"repeat","background-position":"center center","background-size":"auto","background-attachment":"scroll","background-type":"","background-media":"","overlay-type":"","overlay-color":"","overlay-opacity":"","overlay-gradient":""}},"ast-content-background-meta":{"desktop":{"background-color":"var(--ast-global-color-5)","background-image":"","background-repeat":"repeat","background-position":"center center","background-size":"auto","background-attachment":"scroll","background-type":"","background-media":"","overlay-type":"","overlay-color":"","overlay-opacity":"","overlay-gradient":""},"tablet":{"background-color":"var(--ast-global-color-5)","background-image":"","background-repeat":"repeat","background-position":"center center","background-size":"auto","background-attachment":"scroll","background-type":"","background-media":"","overlay-type":"","overlay-color":"","overlay-opacity":"","overlay-gradient":""},"mobile":{"background-color":"var(--ast-global-color-5)","background-image":"","background-repeat":"repeat","background-position":"center center","background-size":"auto","background-attachment":"scroll","background-type":"","background-media":"","overlay-type":"","overlay-color":"","overlay-opacity":"","overlay-gradient":""}},"footnotes":""},"categories":[31],"tags":[],"class_list":["post-62273","post","type-post","status-publish","format-standard","has-post-thumbnail","hentry","category-aktuality"],"yoast_head":"<!-- This site is optimized with the Yoast SEO plugin v27.4 - https:\/\/yoast.com\/product\/yoast-seo-wordpress\/ -->\n<title>Hrad Stre\u010dno otvor\u00edme u\u017e na Ve\u013ek\u00fa noc - Pova\u017esk\u00e9 m\u00fazeum<\/title>\n<meta name=\"robots\" content=\"index, follow, max-snippet:-1, max-image-preview:large, max-video-preview:-1\" \/>\n<link rel=\"canonical\" href=\"https:\/\/pmza.sk\/?p=62273\" \/>\n<meta property=\"og:locale\" content=\"sk_SK\" \/>\n<meta property=\"og:type\" content=\"article\" \/>\n<meta property=\"og:title\" content=\"Hrad Stre\u010dno otvor\u00edme u\u017e na Ve\u013ek\u00fa noc - Pova\u017esk\u00e9 m\u00fazeum\" \/>\n<meta property=\"og:description\" content=\"Tohtoro\u010dn\u00e1 sez\u00f3na na hrade Stre\u010dno za\u010d\u00edna u\u017e na Ve\u013ek\u00fa noc. V\u00a0tomto roku otvor\u00ed hrad prv\u00fdkr\u00e1t svoje br\u00e1ny v\u00a0sobotu 30. marca. N\u00e1v\u0161tevn\u00edci si tak m\u00f4\u017eu u\u017ei\u0165 prehliadku aj po\u010das ve\u013ekono\u010dn\u00fdch sviatkov. Okrem osvie\u017euj\u00facej prech\u00e1dzky ich \u010dak\u00e1 pr\u00edjemn\u00e9 sprievodn\u00e9 slovo i n\u00e1dhern\u00fd v\u00fdh\u013ead z\u00a0ve\u017ee. \u201eZ\u00e1ujemcovia sa m\u00f4\u017eu te\u0161i\u0165 na sprev\u00e1dzan\u00e9 prehliadky, typick\u00fa atmosf\u00e9ru stredovek\u00e9ho hradu a\u00a0ver\u00edme, \u017ee [&hellip;]\" \/>\n<meta property=\"og:url\" content=\"https:\/\/pmza.sk\/?p=62273\" \/>\n<meta property=\"og:site_name\" content=\"Pova\u017esk\u00e9 m\u00fazeum\" \/>\n<meta property=\"article:publisher\" content=\"https:\/\/www.facebook.com\/povazskemuzeum\" \/>\n<meta property=\"article:published_time\" content=\"2024-03-18T13:36:29+00:00\" \/>\n<meta property=\"article:modified_time\" content=\"2024-05-13T08:30:58+00:00\" \/>\n<meta property=\"og:image\" content=\"https:\/\/pmza.sk\/wp-content\/uploads\/2024\/03\/hrad-Strecno-exterier.jpg\" \/>\n\t<meta property=\"og:image:width\" content=\"1920\" \/>\n\t<meta property=\"og:image:height\" content=\"1280\" \/>\n\t<meta property=\"og:image:type\" content=\"image\/jpeg\" \/>\n<meta name=\"author\" content=\"Pova\u017esk\u00e9 m\u00fazeum\" \/>\n<meta name=\"twitter:card\" content=\"summary_large_image\" \/>\n<meta name=\"twitter:label1\" content=\"Autor\" \/>\n\t<meta name=\"twitter:data1\" content=\"Pova\u017esk\u00e9 m\u00fazeum\" \/>\n\t<meta name=\"twitter:label2\" content=\"Predpokladan\u00fd \u010das \u010d\u00edtania\" \/>\n\t<meta name=\"twitter:data2\" content=\"2 min\u00faty\" \/>\n<script type=\"application\/ld+json\" class=\"yoast-schema-graph\">{\"@context\":\"https:\\\/\\\/schema.org\",\"@graph\":[{\"@type\":\"Article\",\"@id\":\"https:\\\/\\\/pmza.sk\\\/?p=62273#article\",\"isPartOf\":{\"@id\":\"https:\\\/\\\/pmza.sk\\\/?p=62273\"},\"author\":{\"name\":\"Pova\u017esk\u00e9 m\u00fazeum\",\"@id\":\"https:\\\/\\\/pmza.sk\\\/#\\\/schema\\\/person\\\/595e6a2ce731ea94dcd5d7f50a41ae33\"},\"headline\":\"Hrad Stre\u010dno otvor\u00edme u\u017e na Ve\u013ek\u00fa noc\",\"datePublished\":\"2024-03-18T13:36:29+00:00\",\"dateModified\":\"2024-05-13T08:30:58+00:00\",\"mainEntityOfPage\":{\"@id\":\"https:\\\/\\\/pmza.sk\\\/?p=62273\"},\"wordCount\":311,\"publisher\":{\"@id\":\"https:\\\/\\\/pmza.sk\\\/#organization\"},\"image\":{\"@id\":\"https:\\\/\\\/pmza.sk\\\/?p=62273#primaryimage\"},\"thumbnailUrl\":\"https:\\\/\\\/pmza.sk\\\/wp-content\\\/uploads\\\/2024\\\/03\\\/hrad-Strecno-exterier.jpg\",\"articleSection\":[\"Aktuality\"],\"inLanguage\":\"sk-SK\"},{\"@type\":\"WebPage\",\"@id\":\"https:\\\/\\\/pmza.sk\\\/?p=62273\",\"url\":\"https:\\\/\\\/pmza.sk\\\/?p=62273\",\"name\":\"Hrad Stre\u010dno otvor\u00edme u\u017e na Ve\u013ek\u00fa noc - Pova\u017esk\u00e9 m\u00fazeum\",\"isPartOf\":{\"@id\":\"https:\\\/\\\/pmza.sk\\\/#website\"},\"primaryImageOfPage\":{\"@id\":\"https:\\\/\\\/pmza.sk\\\/?p=62273#primaryimage\"},\"image\":{\"@id\":\"https:\\\/\\\/pmza.sk\\\/?p=62273#primaryimage\"},\"thumbnailUrl\":\"https:\\\/\\\/pmza.sk\\\/wp-content\\\/uploads\\\/2024\\\/03\\\/hrad-Strecno-exterier.jpg\",\"datePublished\":\"2024-03-18T13:36:29+00:00\",\"dateModified\":\"2024-05-13T08:30:58+00:00\",\"breadcrumb\":{\"@id\":\"https:\\\/\\\/pmza.sk\\\/?p=62273#breadcrumb\"},\"inLanguage\":\"sk-SK\",\"potentialAction\":[{\"@type\":\"ReadAction\",\"target\":[\"https:\\\/\\\/pmza.sk\\\/?p=62273\"]}]},{\"@type\":\"ImageObject\",\"inLanguage\":\"sk-SK\",\"@id\":\"https:\\\/\\\/pmza.sk\\\/?p=62273#primaryimage\",\"url\":\"https:\\\/\\\/pmza.sk\\\/wp-content\\\/uploads\\\/2024\\\/03\\\/hrad-Strecno-exterier.jpg\",\"contentUrl\":\"https:\\\/\\\/pmza.sk\\\/wp-content\\\/uploads\\\/2024\\\/03\\\/hrad-Strecno-exterier.jpg\",\"width\":1920,\"height\":1280},{\"@type\":\"BreadcrumbList\",\"@id\":\"https:\\\/\\\/pmza.sk\\\/?p=62273#breadcrumb\",\"itemListElement\":[{\"@type\":\"ListItem\",\"position\":1,\"name\":\"Domovsk\u00e1 str\u00e1nka\",\"item\":\"https:\\\/\\\/pmza.sk\\\/\"},{\"@type\":\"ListItem\",\"position\":2,\"name\":\"Hrad Stre\u010dno otvor\u00edme u\u017e na Ve\u013ek\u00fa noc\"}]},{\"@type\":\"WebSite\",\"@id\":\"https:\\\/\\\/pmza.sk\\\/#website\",\"url\":\"https:\\\/\\\/pmza.sk\\\/\",\"name\":\"Pova\u017esk\u00e9 m\u00fazeum\",\"description\":\"Pova\u017esk\u00e9 m\u00fazeum v \u017diline je region\u00e1lne m\u00fazeum so s\u00eddlom v Budat\u00edne. Jeho expoz\u00edcie s\u00fa zameran\u00e9 na dejiny slovensk\u00e9ho umenia, kult\u00fary a dopravy.\",\"publisher\":{\"@id\":\"https:\\\/\\\/pmza.sk\\\/#organization\"},\"potentialAction\":[{\"@type\":\"SearchAction\",\"target\":{\"@type\":\"EntryPoint\",\"urlTemplate\":\"https:\\\/\\\/pmza.sk\\\/?s={search_term_string}\"},\"query-input\":{\"@type\":\"PropertyValueSpecification\",\"valueRequired\":true,\"valueName\":\"search_term_string\"}}],\"inLanguage\":\"sk-SK\"},{\"@type\":\"Organization\",\"@id\":\"https:\\\/\\\/pmza.sk\\\/#organization\",\"name\":\"Pova\u017esk\u00e9 m\u00fazeum\",\"url\":\"https:\\\/\\\/pmza.sk\\\/\",\"logo\":{\"@type\":\"ImageObject\",\"inLanguage\":\"sk-SK\",\"@id\":\"https:\\\/\\\/pmza.sk\\\/#\\\/schema\\\/logo\\\/image\\\/\",\"url\":\"https:\\\/\\\/pmza.sk\\\/wp-content\\\/uploads\\\/2022\\\/01\\\/logo_PM_horizontal.jpg\",\"contentUrl\":\"https:\\\/\\\/pmza.sk\\\/wp-content\\\/uploads\\\/2022\\\/01\\\/logo_PM_horizontal.jpg\",\"width\":231,\"height\":142,\"caption\":\"Pova\u017esk\u00e9 m\u00fazeum\"},\"image\":{\"@id\":\"https:\\\/\\\/pmza.sk\\\/#\\\/schema\\\/logo\\\/image\\\/\"},\"sameAs\":[\"https:\\\/\\\/www.facebook.com\\\/povazskemuzeum\",\"https:\\\/\\\/www.instagram.com\\\/povazskemuzeum\\\/\"]},{\"@type\":\"Person\",\"@id\":\"https:\\\/\\\/pmza.sk\\\/#\\\/schema\\\/person\\\/595e6a2ce731ea94dcd5d7f50a41ae33\",\"name\":\"Pova\u017esk\u00e9 m\u00fazeum\",\"image\":{\"@type\":\"ImageObject\",\"inLanguage\":\"sk-SK\",\"@id\":\"https:\\\/\\\/secure.gravatar.com\\\/avatar\\\/2bb7f1561282132fb5826dfeccc66c7996d11ee392ac6aaf7ced8a1c2027fbb2?s=96&d=mm&r=g\",\"url\":\"https:\\\/\\\/secure.gravatar.com\\\/avatar\\\/2bb7f1561282132fb5826dfeccc66c7996d11ee392ac6aaf7ced8a1c2027fbb2?s=96&d=mm&r=g\",\"contentUrl\":\"https:\\\/\\\/secure.gravatar.com\\\/avatar\\\/2bb7f1561282132fb5826dfeccc66c7996d11ee392ac6aaf7ced8a1c2027fbb2?s=96&d=mm&r=g\",\"caption\":\"Pova\u017esk\u00e9 m\u00fazeum\"}}]}<\/script>\n<!-- \/ Yoast SEO plugin. -->","yoast_head_json":{"title":"Hrad Stre\u010dno otvor\u00edme u\u017e na Ve\u013ek\u00fa noc - Pova\u017esk\u00e9 m\u00fazeum","robots":{"index":"index","follow":"follow","max-snippet":"max-snippet:-1","max-image-preview":"max-image-preview:large","max-video-preview":"max-video-preview:-1"},"canonical":"https:\/\/pmza.sk\/?p=62273","og_locale":"sk_SK","og_type":"article","og_title":"Hrad Stre\u010dno otvor\u00edme u\u017e na Ve\u013ek\u00fa noc - Pova\u017esk\u00e9 m\u00fazeum","og_description":"Tohtoro\u010dn\u00e1 sez\u00f3na na hrade Stre\u010dno za\u010d\u00edna u\u017e na Ve\u013ek\u00fa noc. V\u00a0tomto roku otvor\u00ed hrad prv\u00fdkr\u00e1t svoje br\u00e1ny v\u00a0sobotu 30. marca. N\u00e1v\u0161tevn\u00edci si tak m\u00f4\u017eu u\u017ei\u0165 prehliadku aj po\u010das ve\u013ekono\u010dn\u00fdch sviatkov. Okrem osvie\u017euj\u00facej prech\u00e1dzky ich \u010dak\u00e1 pr\u00edjemn\u00e9 sprievodn\u00e9 slovo i n\u00e1dhern\u00fd v\u00fdh\u013ead z\u00a0ve\u017ee. \u201eZ\u00e1ujemcovia sa m\u00f4\u017eu te\u0161i\u0165 na sprev\u00e1dzan\u00e9 prehliadky, typick\u00fa atmosf\u00e9ru stredovek\u00e9ho hradu a\u00a0ver\u00edme, \u017ee [&hellip;]","og_url":"https:\/\/pmza.sk\/?p=62273","og_site_name":"Pova\u017esk\u00e9 m\u00fazeum","article_publisher":"https:\/\/www.facebook.com\/povazskemuzeum","article_published_time":"2024-03-18T13:36:29+00:00","article_modified_time":"2024-05-13T08:30:58+00:00","og_image":[{"width":1920,"height":1280,"url":"https:\/\/pmza.sk\/wp-content\/uploads\/2024\/03\/hrad-Strecno-exterier.jpg","type":"image\/jpeg"}],"author":"Pova\u017esk\u00e9 m\u00fazeum","twitter_card":"summary_large_image","twitter_misc":{"Autor":"Pova\u017esk\u00e9 m\u00fazeum","Predpokladan\u00fd \u010das \u010d\u00edtania":"2 min\u00faty"},"schema":{"@context":"https:\/\/schema.org","@graph":[{"@type":"Article","@id":"https:\/\/pmza.sk\/?p=62273#article","isPartOf":{"@id":"https:\/\/pmza.sk\/?p=62273"},"author":{"name":"Pova\u017esk\u00e9 m\u00fazeum","@id":"https:\/\/pmza.sk\/#\/schema\/person\/595e6a2ce731ea94dcd5d7f50a41ae33"},"headline":"Hrad Stre\u010dno otvor\u00edme u\u017e na Ve\u013ek\u00fa noc","datePublished":"2024-03-18T13:36:29+00:00","dateModified":"2024-05-13T08:30:58+00:00","mainEntityOfPage":{"@id":"https:\/\/pmza.sk\/?p=62273"},"wordCount":311,"publisher":{"@id":"https:\/\/pmza.sk\/#organization"},"image":{"@id":"https:\/\/pmza.sk\/?p=62273#primaryimage"},"thumbnailUrl":"https:\/\/pmza.sk\/wp-content\/uploads\/2024\/03\/hrad-Strecno-exterier.jpg","articleSection":["Aktuality"],"inLanguage":"sk-SK"},{"@type":"WebPage","@id":"https:\/\/pmza.sk\/?p=62273","url":"https:\/\/pmza.sk\/?p=62273","name":"Hrad Stre\u010dno otvor\u00edme u\u017e na Ve\u013ek\u00fa noc - Pova\u017esk\u00e9 m\u00fazeum","isPartOf":{"@id":"https:\/\/pmza.sk\/#website"},"primaryImageOfPage":{"@id":"https:\/\/pmza.sk\/?p=62273#primaryimage"},"image":{"@id":"https:\/\/pmza.sk\/?p=62273#primaryimage"},"thumbnailUrl":"https:\/\/pmza.sk\/wp-content\/uploads\/2024\/03\/hrad-Strecno-exterier.jpg","datePublished":"2024-03-18T13:36:29+00:00","dateModified":"2024-05-13T08:30:58+00:00","breadcrumb":{"@id":"https:\/\/pmza.sk\/?p=62273#breadcrumb"},"inLanguage":"sk-SK","potentialAction":[{"@type":"ReadAction","target":["https:\/\/pmza.sk\/?p=62273"]}]},{"@type":"ImageObject","inLanguage":"sk-SK","@id":"https:\/\/pmza.sk\/?p=62273#primaryimage","url":"https:\/\/pmza.sk\/wp-content\/uploads\/2024\/03\/hrad-Strecno-exterier.jpg","contentUrl":"https:\/\/pmza.sk\/wp-content\/uploads\/2024\/03\/hrad-Strecno-exterier.jpg","width":1920,"height":1280},{"@type":"BreadcrumbList","@id":"https:\/\/pmza.sk\/?p=62273#breadcrumb","itemListElement":[{"@type":"ListItem","position":1,"name":"Domovsk\u00e1 str\u00e1nka","item":"https:\/\/pmza.sk\/"},{"@type":"ListItem","position":2,"name":"Hrad Stre\u010dno otvor\u00edme u\u017e na Ve\u013ek\u00fa noc"}]},{"@type":"WebSite","@id":"https:\/\/pmza.sk\/#website","url":"https:\/\/pmza.sk\/","name":"Pova\u017esk\u00e9 m\u00fazeum","description":"Pova\u017esk\u00e9 m\u00fazeum v \u017diline je region\u00e1lne m\u00fazeum so s\u00eddlom v Budat\u00edne. Jeho expoz\u00edcie s\u00fa zameran\u00e9 na dejiny slovensk\u00e9ho umenia, kult\u00fary a dopravy.","publisher":{"@id":"https:\/\/pmza.sk\/#organization"},"potentialAction":[{"@type":"SearchAction","target":{"@type":"EntryPoint","urlTemplate":"https:\/\/pmza.sk\/?s={search_term_string}"},"query-input":{"@type":"PropertyValueSpecification","valueRequired":true,"valueName":"search_term_string"}}],"inLanguage":"sk-SK"},{"@type":"Organization","@id":"https:\/\/pmza.sk\/#organization","name":"Pova\u017esk\u00e9 m\u00fazeum","url":"https:\/\/pmza.sk\/","logo":{"@type":"ImageObject","inLanguage":"sk-SK","@id":"https:\/\/pmza.sk\/#\/schema\/logo\/image\/","url":"https:\/\/pmza.sk\/wp-content\/uploads\/2022\/01\/logo_PM_horizontal.jpg","contentUrl":"https:\/\/pmza.sk\/wp-content\/uploads\/2022\/01\/logo_PM_horizontal.jpg","width":231,"height":142,"caption":"Pova\u017esk\u00e9 m\u00fazeum"},"image":{"@id":"https:\/\/pmza.sk\/#\/schema\/logo\/image\/"},"sameAs":["https:\/\/www.facebook.com\/povazskemuzeum","https:\/\/www.instagram.com\/povazskemuzeum\/"]},{"@type":"Person","@id":"https:\/\/pmza.sk\/#\/schema\/person\/595e6a2ce731ea94dcd5d7f50a41ae33","name":"Pova\u017esk\u00e9 m\u00fazeum","image":{"@type":"ImageObject","inLanguage":"sk-SK","@id":"https:\/\/secure.gravatar.com\/avatar\/2bb7f1561282132fb5826dfeccc66c7996d11ee392ac6aaf7ced8a1c2027fbb2?s=96&d=mm&r=g","url":"https:\/\/secure.gravatar.com\/avatar\/2bb7f1561282132fb5826dfeccc66c7996d11ee392ac6aaf7ced8a1c2027fbb2?s=96&d=mm&r=g","contentUrl":"https:\/\/secure.gravatar.com\/avatar\/2bb7f1561282132fb5826dfeccc66c7996d11ee392ac6aaf7ced8a1c2027fbb2?s=96&d=mm&r=g","caption":"Pova\u017esk\u00e9 m\u00fazeum"}}]}},"_links":{"self":[{"href":"https:\/\/pmza.sk\/index.php?rest_route=\/wp\/v2\/posts\/62273","targetHints":{"allow":["GET"]}}],"collection":[{"href":"https:\/\/pmza.sk\/index.php?rest_route=\/wp\/v2\/posts"}],"about":[{"href":"https:\/\/pmza.sk\/index.php?rest_route=\/wp\/v2\/types\/post"}],"author":[{"embeddable":true,"href":"https:\/\/pmza.sk\/index.php?rest_route=\/wp\/v2\/users\/2"}],"replies":[{"embeddable":true,"href":"https:\/\/pmza.sk\/index.php?rest_route=%2Fwp%2Fv2%2Fcomments&post=62273"}],"version-history":[{"count":0,"href":"https:\/\/pmza.sk\/index.php?rest_route=\/wp\/v2\/posts\/62273\/revisions"}],"wp:featuredmedia":[{"embeddable":true,"href":"https:\/\/pmza.sk\/index.php?rest_route=\/wp\/v2\/media\/62274"}],"wp:attachment":[{"href":"https:\/\/pmza.sk\/index.php?rest_route=%2Fwp%2Fv2%2Fmedia&parent=62273"}],"wp:term":[{"taxonomy":"category","embeddable":true,"href":"https:\/\/pmza.sk\/index.php?rest_route=%2Fwp%2Fv2%2Fcategories&post=62273"},{"taxonomy":"post_tag","embeddable":true,"href":"https:\/\/pmza.sk\/index.php?rest_route=%2Fwp%2Fv2%2Ftags&post=62273"}],"curies":[{"name":"wp","href":"https:\/\/api.w.org\/{rel}","templated":true}]}}