{"id":62991,"date":"2024-04-26T13:43:28","date_gmt":"2024-04-26T11:43:28","guid":{"rendered":"https:\/\/pmza.sk\/?p=62991"},"modified":"2024-06-11T09:53:30","modified_gmt":"2024-06-11T07:53:30","slug":"na-hrade-a-pod-hradom-2","status":"publish","type":"post","link":"https:\/\/pmza.sk\/?p=62991","title":{"rendered":"Na hrade a pod hradom"},"content":{"rendered":"<p>V\u00a0priestoroch stredovekej dediny Paseka bude od 20. m\u00e1ja spr\u00edstupnen\u00e1 v\u00fdstava s\u00a0n\u00e1zvom Na hrade a pod hradom. V\u00fdstava prezentuje pr\u00e1ce \u017eiakov ZU\u0160 M. R. \u0160tef\u00e1nika v\u00a0\u010cadci. Diela vznikli v\u00fdtvarnou technikou \u2013 ma\u013eba na pl\u00e1tno s\u00a0akrylov\u00fdmi farbami.<\/p>\n<p>V\u00fdstava mala minul\u00fd rok ve\u013ek\u00fd \u00faspech, preto sa organiz\u00e1torky rozhodli n\u00e1met zopakova\u0165. Deti pod veden\u00edm v\u00fdtvarn\u00fdch pedagogi\u010diek Ingrid \u0160i\u0161kovej, Miroslavy Hab\u010d\u00e1kovej Samsonovej a\u00a0Petronely Vlhovej op\u00e4\u0165 pustili uzdu svojej fant\u00e1zii a\u00a0vznikli origin\u00e1lne obrazy na t\u00e9mu \u017eivot na hrade a\u00a0pod hradom. Tentokr\u00e1t sa do projektu zapojilo 102 \u017eiakov. <em>\u201eDeti maj\u00fa mo\u017enos\u0165 prezentova\u0165 svoje umenie a n\u00e1v\u0161tevn\u00edkom m\u00f4\u017ee po\u010das cesty na hrad Stre\u010dno pookria\u0165 du\u0161a pri kr\u00e1snych dielach,\u201c<\/em> doplnila kur\u00e1torka v\u00fdstavy Petronela Vlhov\u00e1.<\/p>\n<p>V\u00fdstava Na hrade a\u00a0pod hradom v\u00a0stredovekej dedine Paseka bude pre verejnos\u0165 pr\u00edstupn\u00e1 do 31. okt\u00f3bra 2024.<\/p>\n<div class=\"wp-block-image\"><img fetchpriority=\"high\" decoding=\"async\" class=\"wpa-warning wpa-image-missing-alt alignnone size-medium wp-image-62992\" src=\"https:\/\/pmza.sk\/wp-content\/uploads\/2024\/04\/Na_hrade_a_pod_2024_K7-509x360.jpg\" alt=\"\" width=\"509\" height=\"360\" data-warning=\"Missing alt text\" srcset=\"https:\/\/pmza.sk\/wp-content\/uploads\/2024\/04\/Na_hrade_a_pod_2024_K7-509x360.jpg 509w, https:\/\/pmza.sk\/wp-content\/uploads\/2024\/04\/Na_hrade_a_pod_2024_K7-1041x736.jpg 1041w, https:\/\/pmza.sk\/wp-content\/uploads\/2024\/04\/Na_hrade_a_pod_2024_K7-768x543.jpg 768w, https:\/\/pmza.sk\/wp-content\/uploads\/2024\/04\/Na_hrade_a_pod_2024_K7-1536x1086.jpg 1536w, https:\/\/pmza.sk\/wp-content\/uploads\/2024\/04\/Na_hrade_a_pod_2024_K7-2048x1448.jpg 2048w, https:\/\/pmza.sk\/wp-content\/uploads\/2024\/04\/Na_hrade_a_pod_2024_K7-600x424.jpg 600w\" sizes=\"(max-width: 509px) 100vw, 509px\" \/><\/div>\n<div>Plag\u00e1t v plnej ve\u013ekosti <a href=\"https:\/\/pmza.sk\/wp-content\/uploads\/2024\/04\/Na_hrade_a_pod_2024_K7.pdf\">TU<\/a><\/div>\n","protected":false},"excerpt":{"rendered":"<p>V\u00a0priestoroch stredovekej dediny Paseka bude od 20. m\u00e1ja spr\u00edstupnen\u00e1 v\u00fdstava s\u00a0n\u00e1zvom Na hrade a pod hradom. V\u00fdstava prezentuje pr\u00e1ce \u017eiakov ZU\u0160 M. R. \u0160tef\u00e1nika v\u00a0\u010cadci. Diela vznikli v\u00fdtvarnou technikou \u2013 ma\u013eba na pl\u00e1tno s\u00a0akrylov\u00fdmi farbami. V\u00fdstava mala minul\u00fd rok ve\u013ek\u00fd \u00faspech, preto sa organiz\u00e1torky rozhodli n\u00e1met zopakova\u0165. Deti pod veden\u00edm v\u00fdtvarn\u00fdch pedagogi\u010diek Ingrid \u0160i\u0161kovej, Miroslavy [&hellip;]<\/p>\n","protected":false},"author":2,"featured_media":62994,"comment_status":"closed","ping_status":"closed","sticky":false,"template":"","format":"standard","meta":{"site-sidebar-layout":"default","site-content-layout":"default","ast-site-content-layout":"","site-content-style":"default","site-sidebar-style":"default","ast-global-header-display":"","ast-banner-title-visibility":"","ast-main-header-display":"","ast-hfb-above-header-display":"","ast-hfb-below-header-display":"","ast-hfb-mobile-header-display":"","site-post-title":"","ast-breadcrumbs-content":"","ast-featured-img":"","footer-sml-layout":"","theme-transparent-header-meta":"default","adv-header-id-meta":"","stick-header-meta":"default","header-above-stick-meta":"","header-main-stick-meta":"","header-below-stick-meta":"","astra-migrate-meta-layouts":"default","ast-page-background-enabled":"default","ast-page-background-meta":{"desktop":{"background-color":"var(--ast-global-color-4)","background-image":"","background-repeat":"repeat","background-position":"center center","background-size":"auto","background-attachment":"scroll","background-type":"","background-media":"","overlay-type":"","overlay-color":"","overlay-opacity":"","overlay-gradient":""},"tablet":{"background-color":"","background-image":"","background-repeat":"repeat","background-position":"center center","background-size":"auto","background-attachment":"scroll","background-type":"","background-media":"","overlay-type":"","overlay-color":"","overlay-opacity":"","overlay-gradient":""},"mobile":{"background-color":"","background-image":"","background-repeat":"repeat","background-position":"center center","background-size":"auto","background-attachment":"scroll","background-type":"","background-media":"","overlay-type":"","overlay-color":"","overlay-opacity":"","overlay-gradient":""}},"ast-content-background-meta":{"desktop":{"background-color":"var(--ast-global-color-5)","background-image":"","background-repeat":"repeat","background-position":"center center","background-size":"auto","background-attachment":"scroll","background-type":"","background-media":"","overlay-type":"","overlay-color":"","overlay-opacity":"","overlay-gradient":""},"tablet":{"background-color":"var(--ast-global-color-5)","background-image":"","background-repeat":"repeat","background-position":"center center","background-size":"auto","background-attachment":"scroll","background-type":"","background-media":"","overlay-type":"","overlay-color":"","overlay-opacity":"","overlay-gradient":""},"mobile":{"background-color":"var(--ast-global-color-5)","background-image":"","background-repeat":"repeat","background-position":"center center","background-size":"auto","background-attachment":"scroll","background-type":"","background-media":"","overlay-type":"","overlay-color":"","overlay-opacity":"","overlay-gradient":""}},"footnotes":""},"categories":[72],"tags":[],"class_list":["post-62991","post","type-post","status-publish","format-standard","has-post-thumbnail","hentry","category-vystavy"],"yoast_head":"<!-- This site is optimized with the Yoast SEO plugin v27.4 - https:\/\/yoast.com\/product\/yoast-seo-wordpress\/ -->\n<title>Na hrade a pod hradom - Pova\u017esk\u00e9 m\u00fazeum<\/title>\n<meta name=\"robots\" content=\"index, follow, max-snippet:-1, max-image-preview:large, max-video-preview:-1\" \/>\n<link rel=\"canonical\" href=\"https:\/\/pmza.sk\/?p=62991\" \/>\n<meta property=\"og:locale\" content=\"sk_SK\" \/>\n<meta property=\"og:type\" content=\"article\" \/>\n<meta property=\"og:title\" content=\"Na hrade a pod hradom - Pova\u017esk\u00e9 m\u00fazeum\" \/>\n<meta property=\"og:description\" content=\"V\u00a0priestoroch stredovekej dediny Paseka bude od 20. m\u00e1ja spr\u00edstupnen\u00e1 v\u00fdstava s\u00a0n\u00e1zvom Na hrade a pod hradom. V\u00fdstava prezentuje pr\u00e1ce \u017eiakov ZU\u0160 M. R. \u0160tef\u00e1nika v\u00a0\u010cadci. Diela vznikli v\u00fdtvarnou technikou \u2013 ma\u013eba na pl\u00e1tno s\u00a0akrylov\u00fdmi farbami. V\u00fdstava mala minul\u00fd rok ve\u013ek\u00fd \u00faspech, preto sa organiz\u00e1torky rozhodli n\u00e1met zopakova\u0165. Deti pod veden\u00edm v\u00fdtvarn\u00fdch pedagogi\u010diek Ingrid \u0160i\u0161kovej, Miroslavy [&hellip;]\" \/>\n<meta property=\"og:url\" content=\"https:\/\/pmza.sk\/?p=62991\" \/>\n<meta property=\"og:site_name\" content=\"Pova\u017esk\u00e9 m\u00fazeum\" \/>\n<meta property=\"article:publisher\" content=\"https:\/\/www.facebook.com\/povazskemuzeum\" \/>\n<meta property=\"article:published_time\" content=\"2024-04-26T11:43:28+00:00\" \/>\n<meta property=\"article:modified_time\" content=\"2024-06-11T07:53:30+00:00\" \/>\n<meta property=\"og:image\" content=\"https:\/\/pmza.sk\/wp-content\/uploads\/2024\/04\/Na_hrade_a_pod_2024_web-scaled.jpg\" \/>\n\t<meta property=\"og:image:width\" content=\"2560\" \/>\n\t<meta property=\"og:image:height\" content=\"2560\" \/>\n\t<meta property=\"og:image:type\" content=\"image\/jpeg\" \/>\n<meta name=\"author\" content=\"Pova\u017esk\u00e9 m\u00fazeum\" \/>\n<meta name=\"twitter:card\" content=\"summary_large_image\" \/>\n<meta name=\"twitter:label1\" content=\"Autor\" \/>\n\t<meta name=\"twitter:data1\" content=\"Pova\u017esk\u00e9 m\u00fazeum\" \/>\n\t<meta name=\"twitter:label2\" content=\"Predpokladan\u00fd \u010das \u010d\u00edtania\" \/>\n\t<meta name=\"twitter:data2\" content=\"1 min\u00fata\" \/>\n<script type=\"application\/ld+json\" class=\"yoast-schema-graph\">{\"@context\":\"https:\\\/\\\/schema.org\",\"@graph\":[{\"@type\":\"Article\",\"@id\":\"https:\\\/\\\/pmza.sk\\\/?p=62991#article\",\"isPartOf\":{\"@id\":\"https:\\\/\\\/pmza.sk\\\/?p=62991\"},\"author\":{\"name\":\"Pova\u017esk\u00e9 m\u00fazeum\",\"@id\":\"https:\\\/\\\/pmza.sk\\\/#\\\/schema\\\/person\\\/595e6a2ce731ea94dcd5d7f50a41ae33\"},\"headline\":\"Na hrade a pod hradom\",\"datePublished\":\"2024-04-26T11:43:28+00:00\",\"dateModified\":\"2024-06-11T07:53:30+00:00\",\"mainEntityOfPage\":{\"@id\":\"https:\\\/\\\/pmza.sk\\\/?p=62991\"},\"wordCount\":176,\"publisher\":{\"@id\":\"https:\\\/\\\/pmza.sk\\\/#organization\"},\"image\":{\"@id\":\"https:\\\/\\\/pmza.sk\\\/?p=62991#primaryimage\"},\"thumbnailUrl\":\"https:\\\/\\\/pmza.sk\\\/wp-content\\\/uploads\\\/2024\\\/04\\\/Na_hrade_a_pod_2024_web-scaled.jpg\",\"articleSection\":[\"V\u00fdstavy\"],\"inLanguage\":\"sk-SK\"},{\"@type\":\"WebPage\",\"@id\":\"https:\\\/\\\/pmza.sk\\\/?p=62991\",\"url\":\"https:\\\/\\\/pmza.sk\\\/?p=62991\",\"name\":\"Na hrade a pod hradom - Pova\u017esk\u00e9 m\u00fazeum\",\"isPartOf\":{\"@id\":\"https:\\\/\\\/pmza.sk\\\/#website\"},\"primaryImageOfPage\":{\"@id\":\"https:\\\/\\\/pmza.sk\\\/?p=62991#primaryimage\"},\"image\":{\"@id\":\"https:\\\/\\\/pmza.sk\\\/?p=62991#primaryimage\"},\"thumbnailUrl\":\"https:\\\/\\\/pmza.sk\\\/wp-content\\\/uploads\\\/2024\\\/04\\\/Na_hrade_a_pod_2024_web-scaled.jpg\",\"datePublished\":\"2024-04-26T11:43:28+00:00\",\"dateModified\":\"2024-06-11T07:53:30+00:00\",\"breadcrumb\":{\"@id\":\"https:\\\/\\\/pmza.sk\\\/?p=62991#breadcrumb\"},\"inLanguage\":\"sk-SK\",\"potentialAction\":[{\"@type\":\"ReadAction\",\"target\":[\"https:\\\/\\\/pmza.sk\\\/?p=62991\"]}]},{\"@type\":\"ImageObject\",\"inLanguage\":\"sk-SK\",\"@id\":\"https:\\\/\\\/pmza.sk\\\/?p=62991#primaryimage\",\"url\":\"https:\\\/\\\/pmza.sk\\\/wp-content\\\/uploads\\\/2024\\\/04\\\/Na_hrade_a_pod_2024_web-scaled.jpg\",\"contentUrl\":\"https:\\\/\\\/pmza.sk\\\/wp-content\\\/uploads\\\/2024\\\/04\\\/Na_hrade_a_pod_2024_web-scaled.jpg\",\"width\":2560,\"height\":2560},{\"@type\":\"BreadcrumbList\",\"@id\":\"https:\\\/\\\/pmza.sk\\\/?p=62991#breadcrumb\",\"itemListElement\":[{\"@type\":\"ListItem\",\"position\":1,\"name\":\"Domovsk\u00e1 str\u00e1nka\",\"item\":\"https:\\\/\\\/pmza.sk\\\/\"},{\"@type\":\"ListItem\",\"position\":2,\"name\":\"Na hrade a pod hradom\"}]},{\"@type\":\"WebSite\",\"@id\":\"https:\\\/\\\/pmza.sk\\\/#website\",\"url\":\"https:\\\/\\\/pmza.sk\\\/\",\"name\":\"Pova\u017esk\u00e9 m\u00fazeum\",\"description\":\"Pova\u017esk\u00e9 m\u00fazeum v \u017diline je region\u00e1lne m\u00fazeum so s\u00eddlom v Budat\u00edne. Jeho expoz\u00edcie s\u00fa zameran\u00e9 na dejiny slovensk\u00e9ho umenia, kult\u00fary a dopravy.\",\"publisher\":{\"@id\":\"https:\\\/\\\/pmza.sk\\\/#organization\"},\"potentialAction\":[{\"@type\":\"SearchAction\",\"target\":{\"@type\":\"EntryPoint\",\"urlTemplate\":\"https:\\\/\\\/pmza.sk\\\/?s={search_term_string}\"},\"query-input\":{\"@type\":\"PropertyValueSpecification\",\"valueRequired\":true,\"valueName\":\"search_term_string\"}}],\"inLanguage\":\"sk-SK\"},{\"@type\":\"Organization\",\"@id\":\"https:\\\/\\\/pmza.sk\\\/#organization\",\"name\":\"Pova\u017esk\u00e9 m\u00fazeum\",\"url\":\"https:\\\/\\\/pmza.sk\\\/\",\"logo\":{\"@type\":\"ImageObject\",\"inLanguage\":\"sk-SK\",\"@id\":\"https:\\\/\\\/pmza.sk\\\/#\\\/schema\\\/logo\\\/image\\\/\",\"url\":\"https:\\\/\\\/pmza.sk\\\/wp-content\\\/uploads\\\/2022\\\/01\\\/logo_PM_horizontal.jpg\",\"contentUrl\":\"https:\\\/\\\/pmza.sk\\\/wp-content\\\/uploads\\\/2022\\\/01\\\/logo_PM_horizontal.jpg\",\"width\":231,\"height\":142,\"caption\":\"Pova\u017esk\u00e9 m\u00fazeum\"},\"image\":{\"@id\":\"https:\\\/\\\/pmza.sk\\\/#\\\/schema\\\/logo\\\/image\\\/\"},\"sameAs\":[\"https:\\\/\\\/www.facebook.com\\\/povazskemuzeum\",\"https:\\\/\\\/www.instagram.com\\\/povazskemuzeum\\\/\"]},{\"@type\":\"Person\",\"@id\":\"https:\\\/\\\/pmza.sk\\\/#\\\/schema\\\/person\\\/595e6a2ce731ea94dcd5d7f50a41ae33\",\"name\":\"Pova\u017esk\u00e9 m\u00fazeum\",\"image\":{\"@type\":\"ImageObject\",\"inLanguage\":\"sk-SK\",\"@id\":\"https:\\\/\\\/secure.gravatar.com\\\/avatar\\\/2bb7f1561282132fb5826dfeccc66c7996d11ee392ac6aaf7ced8a1c2027fbb2?s=96&d=mm&r=g\",\"url\":\"https:\\\/\\\/secure.gravatar.com\\\/avatar\\\/2bb7f1561282132fb5826dfeccc66c7996d11ee392ac6aaf7ced8a1c2027fbb2?s=96&d=mm&r=g\",\"contentUrl\":\"https:\\\/\\\/secure.gravatar.com\\\/avatar\\\/2bb7f1561282132fb5826dfeccc66c7996d11ee392ac6aaf7ced8a1c2027fbb2?s=96&d=mm&r=g\",\"caption\":\"Pova\u017esk\u00e9 m\u00fazeum\"}}]}<\/script>\n<!-- \/ Yoast SEO plugin. -->","yoast_head_json":{"title":"Na hrade a pod hradom - Pova\u017esk\u00e9 m\u00fazeum","robots":{"index":"index","follow":"follow","max-snippet":"max-snippet:-1","max-image-preview":"max-image-preview:large","max-video-preview":"max-video-preview:-1"},"canonical":"https:\/\/pmza.sk\/?p=62991","og_locale":"sk_SK","og_type":"article","og_title":"Na hrade a pod hradom - Pova\u017esk\u00e9 m\u00fazeum","og_description":"V\u00a0priestoroch stredovekej dediny Paseka bude od 20. m\u00e1ja spr\u00edstupnen\u00e1 v\u00fdstava s\u00a0n\u00e1zvom Na hrade a pod hradom. V\u00fdstava prezentuje pr\u00e1ce \u017eiakov ZU\u0160 M. R. \u0160tef\u00e1nika v\u00a0\u010cadci. Diela vznikli v\u00fdtvarnou technikou \u2013 ma\u013eba na pl\u00e1tno s\u00a0akrylov\u00fdmi farbami. V\u00fdstava mala minul\u00fd rok ve\u013ek\u00fd \u00faspech, preto sa organiz\u00e1torky rozhodli n\u00e1met zopakova\u0165. Deti pod veden\u00edm v\u00fdtvarn\u00fdch pedagogi\u010diek Ingrid \u0160i\u0161kovej, Miroslavy [&hellip;]","og_url":"https:\/\/pmza.sk\/?p=62991","og_site_name":"Pova\u017esk\u00e9 m\u00fazeum","article_publisher":"https:\/\/www.facebook.com\/povazskemuzeum","article_published_time":"2024-04-26T11:43:28+00:00","article_modified_time":"2024-06-11T07:53:30+00:00","og_image":[{"width":2560,"height":2560,"url":"https:\/\/pmza.sk\/wp-content\/uploads\/2024\/04\/Na_hrade_a_pod_2024_web-scaled.jpg","type":"image\/jpeg"}],"author":"Pova\u017esk\u00e9 m\u00fazeum","twitter_card":"summary_large_image","twitter_misc":{"Autor":"Pova\u017esk\u00e9 m\u00fazeum","Predpokladan\u00fd \u010das \u010d\u00edtania":"1 min\u00fata"},"schema":{"@context":"https:\/\/schema.org","@graph":[{"@type":"Article","@id":"https:\/\/pmza.sk\/?p=62991#article","isPartOf":{"@id":"https:\/\/pmza.sk\/?p=62991"},"author":{"name":"Pova\u017esk\u00e9 m\u00fazeum","@id":"https:\/\/pmza.sk\/#\/schema\/person\/595e6a2ce731ea94dcd5d7f50a41ae33"},"headline":"Na hrade a pod hradom","datePublished":"2024-04-26T11:43:28+00:00","dateModified":"2024-06-11T07:53:30+00:00","mainEntityOfPage":{"@id":"https:\/\/pmza.sk\/?p=62991"},"wordCount":176,"publisher":{"@id":"https:\/\/pmza.sk\/#organization"},"image":{"@id":"https:\/\/pmza.sk\/?p=62991#primaryimage"},"thumbnailUrl":"https:\/\/pmza.sk\/wp-content\/uploads\/2024\/04\/Na_hrade_a_pod_2024_web-scaled.jpg","articleSection":["V\u00fdstavy"],"inLanguage":"sk-SK"},{"@type":"WebPage","@id":"https:\/\/pmza.sk\/?p=62991","url":"https:\/\/pmza.sk\/?p=62991","name":"Na hrade a pod hradom - Pova\u017esk\u00e9 m\u00fazeum","isPartOf":{"@id":"https:\/\/pmza.sk\/#website"},"primaryImageOfPage":{"@id":"https:\/\/pmza.sk\/?p=62991#primaryimage"},"image":{"@id":"https:\/\/pmza.sk\/?p=62991#primaryimage"},"thumbnailUrl":"https:\/\/pmza.sk\/wp-content\/uploads\/2024\/04\/Na_hrade_a_pod_2024_web-scaled.jpg","datePublished":"2024-04-26T11:43:28+00:00","dateModified":"2024-06-11T07:53:30+00:00","breadcrumb":{"@id":"https:\/\/pmza.sk\/?p=62991#breadcrumb"},"inLanguage":"sk-SK","potentialAction":[{"@type":"ReadAction","target":["https:\/\/pmza.sk\/?p=62991"]}]},{"@type":"ImageObject","inLanguage":"sk-SK","@id":"https:\/\/pmza.sk\/?p=62991#primaryimage","url":"https:\/\/pmza.sk\/wp-content\/uploads\/2024\/04\/Na_hrade_a_pod_2024_web-scaled.jpg","contentUrl":"https:\/\/pmza.sk\/wp-content\/uploads\/2024\/04\/Na_hrade_a_pod_2024_web-scaled.jpg","width":2560,"height":2560},{"@type":"BreadcrumbList","@id":"https:\/\/pmza.sk\/?p=62991#breadcrumb","itemListElement":[{"@type":"ListItem","position":1,"name":"Domovsk\u00e1 str\u00e1nka","item":"https:\/\/pmza.sk\/"},{"@type":"ListItem","position":2,"name":"Na hrade a pod hradom"}]},{"@type":"WebSite","@id":"https:\/\/pmza.sk\/#website","url":"https:\/\/pmza.sk\/","name":"Pova\u017esk\u00e9 m\u00fazeum","description":"Pova\u017esk\u00e9 m\u00fazeum v \u017diline je region\u00e1lne m\u00fazeum so s\u00eddlom v Budat\u00edne. Jeho expoz\u00edcie s\u00fa zameran\u00e9 na dejiny slovensk\u00e9ho umenia, kult\u00fary a dopravy.","publisher":{"@id":"https:\/\/pmza.sk\/#organization"},"potentialAction":[{"@type":"SearchAction","target":{"@type":"EntryPoint","urlTemplate":"https:\/\/pmza.sk\/?s={search_term_string}"},"query-input":{"@type":"PropertyValueSpecification","valueRequired":true,"valueName":"search_term_string"}}],"inLanguage":"sk-SK"},{"@type":"Organization","@id":"https:\/\/pmza.sk\/#organization","name":"Pova\u017esk\u00e9 m\u00fazeum","url":"https:\/\/pmza.sk\/","logo":{"@type":"ImageObject","inLanguage":"sk-SK","@id":"https:\/\/pmza.sk\/#\/schema\/logo\/image\/","url":"https:\/\/pmza.sk\/wp-content\/uploads\/2022\/01\/logo_PM_horizontal.jpg","contentUrl":"https:\/\/pmza.sk\/wp-content\/uploads\/2022\/01\/logo_PM_horizontal.jpg","width":231,"height":142,"caption":"Pova\u017esk\u00e9 m\u00fazeum"},"image":{"@id":"https:\/\/pmza.sk\/#\/schema\/logo\/image\/"},"sameAs":["https:\/\/www.facebook.com\/povazskemuzeum","https:\/\/www.instagram.com\/povazskemuzeum\/"]},{"@type":"Person","@id":"https:\/\/pmza.sk\/#\/schema\/person\/595e6a2ce731ea94dcd5d7f50a41ae33","name":"Pova\u017esk\u00e9 m\u00fazeum","image":{"@type":"ImageObject","inLanguage":"sk-SK","@id":"https:\/\/secure.gravatar.com\/avatar\/2bb7f1561282132fb5826dfeccc66c7996d11ee392ac6aaf7ced8a1c2027fbb2?s=96&d=mm&r=g","url":"https:\/\/secure.gravatar.com\/avatar\/2bb7f1561282132fb5826dfeccc66c7996d11ee392ac6aaf7ced8a1c2027fbb2?s=96&d=mm&r=g","contentUrl":"https:\/\/secure.gravatar.com\/avatar\/2bb7f1561282132fb5826dfeccc66c7996d11ee392ac6aaf7ced8a1c2027fbb2?s=96&d=mm&r=g","caption":"Pova\u017esk\u00e9 m\u00fazeum"}}]}},"_links":{"self":[{"href":"https:\/\/pmza.sk\/index.php?rest_route=\/wp\/v2\/posts\/62991","targetHints":{"allow":["GET"]}}],"collection":[{"href":"https:\/\/pmza.sk\/index.php?rest_route=\/wp\/v2\/posts"}],"about":[{"href":"https:\/\/pmza.sk\/index.php?rest_route=\/wp\/v2\/types\/post"}],"author":[{"embeddable":true,"href":"https:\/\/pmza.sk\/index.php?rest_route=\/wp\/v2\/users\/2"}],"replies":[{"embeddable":true,"href":"https:\/\/pmza.sk\/index.php?rest_route=%2Fwp%2Fv2%2Fcomments&post=62991"}],"version-history":[{"count":0,"href":"https:\/\/pmza.sk\/index.php?rest_route=\/wp\/v2\/posts\/62991\/revisions"}],"wp:featuredmedia":[{"embeddable":true,"href":"https:\/\/pmza.sk\/index.php?rest_route=\/wp\/v2\/media\/62994"}],"wp:attachment":[{"href":"https:\/\/pmza.sk\/index.php?rest_route=%2Fwp%2Fv2%2Fmedia&parent=62991"}],"wp:term":[{"taxonomy":"category","embeddable":true,"href":"https:\/\/pmza.sk\/index.php?rest_route=%2Fwp%2Fv2%2Fcategories&post=62991"},{"taxonomy":"post_tag","embeddable":true,"href":"https:\/\/pmza.sk\/index.php?rest_route=%2Fwp%2Fv2%2Ftags&post=62991"}],"curies":[{"name":"wp","href":"https:\/\/api.w.org\/{rel}","templated":true}]}}