{"id":6357,"date":"2012-10-10T07:28:18","date_gmt":"2012-10-10T05:28:18","guid":{"rendered":"https:\/\/pmza.sk.sk\/?p=6357"},"modified":"2012-10-10T07:28:18","modified_gmt":"2012-10-10T05:28:18","slug":"na-budatinskom-rinku-2012-zahlaholia-hodiny-veze-budatinskeho-hradu","status":"publish","type":"post","link":"https:\/\/pmza.sk\/?p=6357","title":{"rendered":"Na Budat\u00ednskom r\u00ednku 2012 zahlaholia hodiny ve\u017ee Budat\u00ednskeho hradu"},"content":{"rendered":"<p><strong> <\/strong><\/p>\n<p><a href=\"https:\/\/pmza.sk\/wp-content\/uploads\/2012\/10\/bud.rinok-2011-1.jpg\"><img fetchpriority=\"high\" decoding=\"async\" class=\"alignleft size-medium wp-image-6358\" style=\"border: 2px solid black; margin: 4px;\" title=\"bud.rinok 2011 - 1\" src=\"https:\/\/pmza.sk.sk\/wp-content\/uploads\/2012\/10\/bud.rinok-2011-1-200x300.jpg\" alt=\"\" width=\"200\" height=\"300\" \/><\/a>Pova\u017esk\u00e9 m\u00fazeum v\u00a0\u017diline v\u00a0spolupr\u00e1ci s\u00a0Mestom \u017dilina\u00a0 a\u00a0\u010fal\u0161\u00edmi partnermi m\u00fazea pripravuje u\u017e tradi\u010dn\u00e9 z\u00e1vere\u010dn\u00e9 sez\u00f3nne podujatie v\u00a0Budat\u00ednskom parku pod n\u00e1zvom <strong>Budat\u00ednsky r\u00ednok<\/strong>, ktor\u00e9 sa bude kona\u0165 v\u00a0<strong>sobotu 20. okt\u00f3bra 2012<\/strong> od 10,00 h a\u017e do neskor\u00fdch ve\u010dern\u00fdch hod\u00edn. \u201e <em>Program druh\u00e9ho\u00a0 ro\u010dn\u00edka <strong>Budat\u00ednskeho\u00a0 r\u00ednoku 2012<\/strong> bude op\u00e4\u0165 bohat\u00fd na r\u00f4zne hudobn\u00e9 \u017e\u00e1nre, divadeln\u00e9 predstavenie, uk\u00e1\u017eky remesiel a\u00a0gastronomick\u00e9 poch\u00fa\u0165ky. Na hlavnom p\u00f3diu sa predstavia ob\u013e\u00faben\u00e9 \u017eilinsk\u00e9 hudobn\u00e9 zoskupenia ako V8 band, \u013dudov\u00e1 hudba Michala Kvitkovsk\u00e9ho, DH Fatranka, orient\u00e1lne tance alebo divadlo pre deti v\u00a0podan\u00ed Divadla Na Hojda\u010dke. Hos\u0165om hlavn\u00e9ho programu bude aj po\u013esk\u00fd Zespol Regionalny Strumie\u0144, ktor\u00fd sa predstav\u00ed nielen svojim region\u00e1lnym folkl\u00f3rom, ale aj slovensk\u00fdm,<\/em> \u201c upozornil Boris Schubert, riadite\u013e Pova\u017esk\u00e9ho m\u00fazea v \u017diline.<!--more--><\/p>\n<p>Ke\u010f\u017ee sa cel\u00fd rok 2012 niesol v\u00a0znamen\u00ed osl\u00e1v 70. v\u00fdro\u010dia vzniku m\u00fazea, bude Budat\u00ednsky r\u00ednok v\u00a0popolud\u0148aj\u0161\u00edch hodin\u00e1ch miestom ich vyvrcholenia. Hodiny ve\u017ee Budat\u00ednskeho hradu presne o\u00a013, 45 h odbij\u00fa akt uvedenia do \u017eivota \u00a0monografie 70 \u2013 Pova\u017esk\u00e9 m\u00fazeum v\u00a0\u017diline. ktor\u00fd bude spojen\u00fd s\u00a0prekvapen\u00edm.<\/p>\n<p>N\u00e1v\u0161tevn\u00edkov Budat\u00ednskeho r\u00ednku \u010dak\u00e1 aj atrakt\u00edvny sprievodn\u00fd program. Vyhliadkov\u00e9 lety vrtu\u013en\u00edkom, jazdy kon\u00edkmi pre deti, ochutn\u00e1vky slovensk\u00fdch v\u00edn a\u00a0syrov. Nebud\u00fa ch\u00fdba\u0165 gastronomick\u00e9 \u0161pecialitky \u0161\u00e9fkuch\u00e1ra Ladislava Boto\u0161a \u2013 pe\u010den\u00e9 prasiatka, zab\u00edja\u010dkov\u00e9 poch\u00fa\u0165ky, dom\u00e1ci pe\u010den\u00fd chlieb priamo z\u00a0pece na drevo a\u00a0kol\u00e1\u010de. Novinkou tohoro\u010dn\u00e9ho r\u00ednku bude veselica vo vyhrievanom party stane takmer do polnoci.<\/p>\n<p>\u201e <em>Minul\u00fd rok bol zauj\u00edmavos\u0165ou podujatia pokus o\u00a0slovensk\u00fd rekord vo vytvoren\u00ed maxire\u0165aze z\u00a0napadan\u00e9ho l\u00edstia, \u010do sa aj podarilo- takmer 700 metrov\u00e1 re\u0165az sa stala nov\u00fdm slovensk\u00fdm ustanovuj\u00facim rekordom. Aj v\u00a0sobotu 20. okt\u00f3bra 2012 sa chyst\u00e1 podobn\u00e1 aktivita. Div\u00e1ci sa bud\u00fa m\u00f4c\u0165 zapoji\u0165 do vytvorenia obrovsk\u00e9ho \u010d\u00edsla \u2013 70 zo such\u00e9ho l\u00edstia. Op\u00e4tovne v\u00edtame v\u0161etk\u00fdch dobrovo\u013en\u00edkov, ktor\u00ed n\u00e1m pom\u00f4\u017eu v\u00a0parku hraba\u0165 l\u00edstie. Ver\u00edme, \u017ee minuloro\u010dn\u00fa n\u00e1v\u0161tevnos\u0165 Budat\u00ednskeho r\u00ednku, ktor\u00e1 bola okolo 3\u00a0000 \u013eud\u00ed, v\u00a0sobotu 20. okt\u00f3bra 2012 prekon\u00e1me<\/em>, \u201cdodal na z\u00e1ver Boris Schubert.<\/p>\n<p>Organiz\u00e1tormi Budat\u00ednskeho r\u00ednku 2012 je \u017dilinsk\u00fd samospr\u00e1vny kraj, Pova\u017esk\u00e9 m\u00fazeum v\u00a0\u017diline, Mesto \u017dilina a Villa Budat\u00edn.<\/p>\n","protected":false},"excerpt":{"rendered":"<p>Pova\u017esk\u00e9 m\u00fazeum v\u00a0\u017diline v\u00a0spolupr\u00e1ci s\u00a0Mestom \u017dilina\u00a0 a\u00a0\u010fal\u0161\u00edmi partnermi m\u00fazea pripravuje u\u017e tradi\u010dn\u00e9 z\u00e1vere\u010dn\u00e9 sez\u00f3nne podujatie v\u00a0Budat\u00ednskom parku pod n\u00e1zvom Budat\u00ednsky r\u00ednok, ktor\u00e9 sa bude kona\u0165 v\u00a0sobotu 20. okt\u00f3bra 2012 od 10,00 h a\u017e do neskor\u00fdch ve\u010dern\u00fdch hod\u00edn. \u201e Program druh\u00e9ho\u00a0 ro\u010dn\u00edka Budat\u00ednskeho\u00a0 r\u00ednoku 2012 bude op\u00e4\u0165 bohat\u00fd na r\u00f4zne hudobn\u00e9 \u017e\u00e1nre, divadeln\u00e9 predstavenie, uk\u00e1\u017eky remesiel [&hellip;]<\/p>\n","protected":false},"author":2,"featured_media":0,"comment_status":"closed","ping_status":"closed","sticky":false,"template":"","format":"standard","meta":{"site-sidebar-layout":"default","site-content-layout":"","ast-site-content-layout":"","site-content-style":"default","site-sidebar-style":"default","ast-global-header-display":"","ast-banner-title-visibility":"","ast-main-header-display":"","ast-hfb-above-header-display":"","ast-hfb-below-header-display":"","ast-hfb-mobile-header-display":"","site-post-title":"","ast-breadcrumbs-content":"","ast-featured-img":"","footer-sml-layout":"","theme-transparent-header-meta":"","adv-header-id-meta":"","stick-header-meta":"","header-above-stick-meta":"","header-main-stick-meta":"","header-below-stick-meta":"","astra-migrate-meta-layouts":"default","ast-page-background-enabled":"default","ast-page-background-meta":{"desktop":{"background-color":"var(--ast-global-color-4)","background-image":"","background-repeat":"repeat","background-position":"center center","background-size":"auto","background-attachment":"scroll","background-type":"","background-media":"","overlay-type":"","overlay-color":"","overlay-opacity":"","overlay-gradient":""},"tablet":{"background-color":"","background-image":"","background-repeat":"repeat","background-position":"center center","background-size":"auto","background-attachment":"scroll","background-type":"","background-media":"","overlay-type":"","overlay-color":"","overlay-opacity":"","overlay-gradient":""},"mobile":{"background-color":"","background-image":"","background-repeat":"repeat","background-position":"center center","background-size":"auto","background-attachment":"scroll","background-type":"","background-media":"","overlay-type":"","overlay-color":"","overlay-opacity":"","overlay-gradient":""}},"ast-content-background-meta":{"desktop":{"background-color":"var(--ast-global-color-5)","background-image":"","background-repeat":"repeat","background-position":"center center","background-size":"auto","background-attachment":"scroll","background-type":"","background-media":"","overlay-type":"","overlay-color":"","overlay-opacity":"","overlay-gradient":""},"tablet":{"background-color":"var(--ast-global-color-5)","background-image":"","background-repeat":"repeat","background-position":"center center","background-size":"auto","background-attachment":"scroll","background-type":"","background-media":"","overlay-type":"","overlay-color":"","overlay-opacity":"","overlay-gradient":""},"mobile":{"background-color":"var(--ast-global-color-5)","background-image":"","background-repeat":"repeat","background-position":"center center","background-size":"auto","background-attachment":"scroll","background-type":"","background-media":"","overlay-type":"","overlay-color":"","overlay-opacity":"","overlay-gradient":""}},"footnotes":""},"categories":[32],"tags":[],"class_list":["post-6357","post","type-post","status-publish","format-standard","hentry","category-archiv-2012"],"yoast_head":"<!-- This site is optimized with the Yoast SEO plugin v27.4 - https:\/\/yoast.com\/product\/yoast-seo-wordpress\/ -->\n<title>Na Budat\u00ednskom r\u00ednku 2012 zahlaholia hodiny ve\u017ee Budat\u00ednskeho hradu - Pova\u017esk\u00e9 m\u00fazeum<\/title>\n<meta name=\"robots\" content=\"index, follow, max-snippet:-1, max-image-preview:large, max-video-preview:-1\" \/>\n<link rel=\"canonical\" href=\"https:\/\/pmza.sk\/?p=6357\" \/>\n<meta property=\"og:locale\" content=\"sk_SK\" \/>\n<meta property=\"og:type\" content=\"article\" \/>\n<meta property=\"og:title\" content=\"Na Budat\u00ednskom r\u00ednku 2012 zahlaholia hodiny ve\u017ee Budat\u00ednskeho hradu - Pova\u017esk\u00e9 m\u00fazeum\" \/>\n<meta property=\"og:description\" content=\"Pova\u017esk\u00e9 m\u00fazeum v\u00a0\u017diline v\u00a0spolupr\u00e1ci s\u00a0Mestom \u017dilina\u00a0 a\u00a0\u010fal\u0161\u00edmi partnermi m\u00fazea pripravuje u\u017e tradi\u010dn\u00e9 z\u00e1vere\u010dn\u00e9 sez\u00f3nne podujatie v\u00a0Budat\u00ednskom parku pod n\u00e1zvom Budat\u00ednsky r\u00ednok, ktor\u00e9 sa bude kona\u0165 v\u00a0sobotu 20. okt\u00f3bra 2012 od 10,00 h a\u017e do neskor\u00fdch ve\u010dern\u00fdch hod\u00edn. \u201e Program druh\u00e9ho\u00a0 ro\u010dn\u00edka Budat\u00ednskeho\u00a0 r\u00ednoku 2012 bude op\u00e4\u0165 bohat\u00fd na r\u00f4zne hudobn\u00e9 \u017e\u00e1nre, divadeln\u00e9 predstavenie, uk\u00e1\u017eky remesiel [&hellip;]\" \/>\n<meta property=\"og:url\" content=\"https:\/\/pmza.sk\/?p=6357\" \/>\n<meta property=\"og:site_name\" content=\"Pova\u017esk\u00e9 m\u00fazeum\" \/>\n<meta property=\"article:publisher\" content=\"https:\/\/www.facebook.com\/povazskemuzeum\" \/>\n<meta property=\"article:published_time\" content=\"2012-10-10T05:28:18+00:00\" \/>\n<meta property=\"og:image\" content=\"https:\/\/pmza.sk.sk\/wp-content\/uploads\/2012\/10\/bud.rinok-2011-1-200x300.jpg\" \/>\n<meta name=\"author\" content=\"Pova\u017esk\u00e9 m\u00fazeum\" \/>\n<meta name=\"twitter:card\" content=\"summary_large_image\" \/>\n<meta name=\"twitter:label1\" content=\"Autor\" \/>\n\t<meta name=\"twitter:data1\" content=\"Pova\u017esk\u00e9 m\u00fazeum\" \/>\n\t<meta name=\"twitter:label2\" content=\"Predpokladan\u00fd \u010das \u010d\u00edtania\" \/>\n\t<meta name=\"twitter:data2\" content=\"2 min\u00faty\" \/>\n<script type=\"application\/ld+json\" class=\"yoast-schema-graph\">{\"@context\":\"https:\\\/\\\/schema.org\",\"@graph\":[{\"@type\":\"Article\",\"@id\":\"https:\\\/\\\/pmza.sk\\\/?p=6357#article\",\"isPartOf\":{\"@id\":\"https:\\\/\\\/pmza.sk\\\/?p=6357\"},\"author\":{\"name\":\"Pova\u017esk\u00e9 m\u00fazeum\",\"@id\":\"https:\\\/\\\/pmza.sk\\\/#\\\/schema\\\/person\\\/595e6a2ce731ea94dcd5d7f50a41ae33\"},\"headline\":\"Na Budat\u00ednskom r\u00ednku 2012 zahlaholia hodiny ve\u017ee Budat\u00ednskeho hradu\",\"datePublished\":\"2012-10-10T05:28:18+00:00\",\"mainEntityOfPage\":{\"@id\":\"https:\\\/\\\/pmza.sk\\\/?p=6357\"},\"wordCount\":436,\"publisher\":{\"@id\":\"https:\\\/\\\/pmza.sk\\\/#organization\"},\"image\":{\"@id\":\"https:\\\/\\\/pmza.sk\\\/?p=6357#primaryimage\"},\"thumbnailUrl\":\"http:\\\/\\\/pmza.sk.sk\\\/wp-content\\\/uploads\\\/2012\\\/10\\\/bud.rinok-2011-1-200x300.jpg\",\"articleSection\":[\"Arch\u00edv 2012\"],\"inLanguage\":\"sk-SK\"},{\"@type\":\"WebPage\",\"@id\":\"https:\\\/\\\/pmza.sk\\\/?p=6357\",\"url\":\"https:\\\/\\\/pmza.sk\\\/?p=6357\",\"name\":\"Na Budat\u00ednskom r\u00ednku 2012 zahlaholia hodiny ve\u017ee Budat\u00ednskeho hradu - Pova\u017esk\u00e9 m\u00fazeum\",\"isPartOf\":{\"@id\":\"https:\\\/\\\/pmza.sk\\\/#website\"},\"primaryImageOfPage\":{\"@id\":\"https:\\\/\\\/pmza.sk\\\/?p=6357#primaryimage\"},\"image\":{\"@id\":\"https:\\\/\\\/pmza.sk\\\/?p=6357#primaryimage\"},\"thumbnailUrl\":\"http:\\\/\\\/pmza.sk.sk\\\/wp-content\\\/uploads\\\/2012\\\/10\\\/bud.rinok-2011-1-200x300.jpg\",\"datePublished\":\"2012-10-10T05:28:18+00:00\",\"breadcrumb\":{\"@id\":\"https:\\\/\\\/pmza.sk\\\/?p=6357#breadcrumb\"},\"inLanguage\":\"sk-SK\",\"potentialAction\":[{\"@type\":\"ReadAction\",\"target\":[\"https:\\\/\\\/pmza.sk\\\/?p=6357\"]}]},{\"@type\":\"ImageObject\",\"inLanguage\":\"sk-SK\",\"@id\":\"https:\\\/\\\/pmza.sk\\\/?p=6357#primaryimage\",\"url\":\"http:\\\/\\\/pmza.sk.sk\\\/wp-content\\\/uploads\\\/2012\\\/10\\\/bud.rinok-2011-1-200x300.jpg\",\"contentUrl\":\"http:\\\/\\\/pmza.sk.sk\\\/wp-content\\\/uploads\\\/2012\\\/10\\\/bud.rinok-2011-1-200x300.jpg\"},{\"@type\":\"BreadcrumbList\",\"@id\":\"https:\\\/\\\/pmza.sk\\\/?p=6357#breadcrumb\",\"itemListElement\":[{\"@type\":\"ListItem\",\"position\":1,\"name\":\"Domovsk\u00e1 str\u00e1nka\",\"item\":\"https:\\\/\\\/pmza.sk\\\/\"},{\"@type\":\"ListItem\",\"position\":2,\"name\":\"Na Budat\u00ednskom r\u00ednku 2012 zahlaholia hodiny ve\u017ee Budat\u00ednskeho hradu\"}]},{\"@type\":\"WebSite\",\"@id\":\"https:\\\/\\\/pmza.sk\\\/#website\",\"url\":\"https:\\\/\\\/pmza.sk\\\/\",\"name\":\"Pova\u017esk\u00e9 m\u00fazeum\",\"description\":\"Pova\u017esk\u00e9 m\u00fazeum v \u017diline je region\u00e1lne m\u00fazeum so s\u00eddlom v Budat\u00edne. Jeho expoz\u00edcie s\u00fa zameran\u00e9 na dejiny slovensk\u00e9ho umenia, kult\u00fary a dopravy.\",\"publisher\":{\"@id\":\"https:\\\/\\\/pmza.sk\\\/#organization\"},\"potentialAction\":[{\"@type\":\"SearchAction\",\"target\":{\"@type\":\"EntryPoint\",\"urlTemplate\":\"https:\\\/\\\/pmza.sk\\\/?s={search_term_string}\"},\"query-input\":{\"@type\":\"PropertyValueSpecification\",\"valueRequired\":true,\"valueName\":\"search_term_string\"}}],\"inLanguage\":\"sk-SK\"},{\"@type\":\"Organization\",\"@id\":\"https:\\\/\\\/pmza.sk\\\/#organization\",\"name\":\"Pova\u017esk\u00e9 m\u00fazeum\",\"url\":\"https:\\\/\\\/pmza.sk\\\/\",\"logo\":{\"@type\":\"ImageObject\",\"inLanguage\":\"sk-SK\",\"@id\":\"https:\\\/\\\/pmza.sk\\\/#\\\/schema\\\/logo\\\/image\\\/\",\"url\":\"https:\\\/\\\/pmza.sk\\\/wp-content\\\/uploads\\\/2022\\\/01\\\/logo_PM_horizontal.jpg\",\"contentUrl\":\"https:\\\/\\\/pmza.sk\\\/wp-content\\\/uploads\\\/2022\\\/01\\\/logo_PM_horizontal.jpg\",\"width\":231,\"height\":142,\"caption\":\"Pova\u017esk\u00e9 m\u00fazeum\"},\"image\":{\"@id\":\"https:\\\/\\\/pmza.sk\\\/#\\\/schema\\\/logo\\\/image\\\/\"},\"sameAs\":[\"https:\\\/\\\/www.facebook.com\\\/povazskemuzeum\",\"https:\\\/\\\/www.instagram.com\\\/povazskemuzeum\\\/\"]},{\"@type\":\"Person\",\"@id\":\"https:\\\/\\\/pmza.sk\\\/#\\\/schema\\\/person\\\/595e6a2ce731ea94dcd5d7f50a41ae33\",\"name\":\"Pova\u017esk\u00e9 m\u00fazeum\",\"image\":{\"@type\":\"ImageObject\",\"inLanguage\":\"sk-SK\",\"@id\":\"https:\\\/\\\/secure.gravatar.com\\\/avatar\\\/2bb7f1561282132fb5826dfeccc66c7996d11ee392ac6aaf7ced8a1c2027fbb2?s=96&d=mm&r=g\",\"url\":\"https:\\\/\\\/secure.gravatar.com\\\/avatar\\\/2bb7f1561282132fb5826dfeccc66c7996d11ee392ac6aaf7ced8a1c2027fbb2?s=96&d=mm&r=g\",\"contentUrl\":\"https:\\\/\\\/secure.gravatar.com\\\/avatar\\\/2bb7f1561282132fb5826dfeccc66c7996d11ee392ac6aaf7ced8a1c2027fbb2?s=96&d=mm&r=g\",\"caption\":\"Pova\u017esk\u00e9 m\u00fazeum\"}}]}<\/script>\n<!-- \/ Yoast SEO plugin. -->","yoast_head_json":{"title":"Na Budat\u00ednskom r\u00ednku 2012 zahlaholia hodiny ve\u017ee Budat\u00ednskeho hradu - Pova\u017esk\u00e9 m\u00fazeum","robots":{"index":"index","follow":"follow","max-snippet":"max-snippet:-1","max-image-preview":"max-image-preview:large","max-video-preview":"max-video-preview:-1"},"canonical":"https:\/\/pmza.sk\/?p=6357","og_locale":"sk_SK","og_type":"article","og_title":"Na Budat\u00ednskom r\u00ednku 2012 zahlaholia hodiny ve\u017ee Budat\u00ednskeho hradu - Pova\u017esk\u00e9 m\u00fazeum","og_description":"Pova\u017esk\u00e9 m\u00fazeum v\u00a0\u017diline v\u00a0spolupr\u00e1ci s\u00a0Mestom \u017dilina\u00a0 a\u00a0\u010fal\u0161\u00edmi partnermi m\u00fazea pripravuje u\u017e tradi\u010dn\u00e9 z\u00e1vere\u010dn\u00e9 sez\u00f3nne podujatie v\u00a0Budat\u00ednskom parku pod n\u00e1zvom Budat\u00ednsky r\u00ednok, ktor\u00e9 sa bude kona\u0165 v\u00a0sobotu 20. okt\u00f3bra 2012 od 10,00 h a\u017e do neskor\u00fdch ve\u010dern\u00fdch hod\u00edn. \u201e Program druh\u00e9ho\u00a0 ro\u010dn\u00edka Budat\u00ednskeho\u00a0 r\u00ednoku 2012 bude op\u00e4\u0165 bohat\u00fd na r\u00f4zne hudobn\u00e9 \u017e\u00e1nre, divadeln\u00e9 predstavenie, uk\u00e1\u017eky remesiel [&hellip;]","og_url":"https:\/\/pmza.sk\/?p=6357","og_site_name":"Pova\u017esk\u00e9 m\u00fazeum","article_publisher":"https:\/\/www.facebook.com\/povazskemuzeum","article_published_time":"2012-10-10T05:28:18+00:00","og_image":[{"url":"https:\/\/pmza.sk.sk\/wp-content\/uploads\/2012\/10\/bud.rinok-2011-1-200x300.jpg","type":"","width":"","height":""}],"author":"Pova\u017esk\u00e9 m\u00fazeum","twitter_card":"summary_large_image","twitter_misc":{"Autor":"Pova\u017esk\u00e9 m\u00fazeum","Predpokladan\u00fd \u010das \u010d\u00edtania":"2 min\u00faty"},"schema":{"@context":"https:\/\/schema.org","@graph":[{"@type":"Article","@id":"https:\/\/pmza.sk\/?p=6357#article","isPartOf":{"@id":"https:\/\/pmza.sk\/?p=6357"},"author":{"name":"Pova\u017esk\u00e9 m\u00fazeum","@id":"https:\/\/pmza.sk\/#\/schema\/person\/595e6a2ce731ea94dcd5d7f50a41ae33"},"headline":"Na Budat\u00ednskom r\u00ednku 2012 zahlaholia hodiny ve\u017ee Budat\u00ednskeho hradu","datePublished":"2012-10-10T05:28:18+00:00","mainEntityOfPage":{"@id":"https:\/\/pmza.sk\/?p=6357"},"wordCount":436,"publisher":{"@id":"https:\/\/pmza.sk\/#organization"},"image":{"@id":"https:\/\/pmza.sk\/?p=6357#primaryimage"},"thumbnailUrl":"https:\/\/pmza.sk.sk\/wp-content\/uploads\/2012\/10\/bud.rinok-2011-1-200x300.jpg","articleSection":["Arch\u00edv 2012"],"inLanguage":"sk-SK"},{"@type":"WebPage","@id":"https:\/\/pmza.sk\/?p=6357","url":"https:\/\/pmza.sk\/?p=6357","name":"Na Budat\u00ednskom r\u00ednku 2012 zahlaholia hodiny ve\u017ee Budat\u00ednskeho hradu - Pova\u017esk\u00e9 m\u00fazeum","isPartOf":{"@id":"https:\/\/pmza.sk\/#website"},"primaryImageOfPage":{"@id":"https:\/\/pmza.sk\/?p=6357#primaryimage"},"image":{"@id":"https:\/\/pmza.sk\/?p=6357#primaryimage"},"thumbnailUrl":"https:\/\/pmza.sk.sk\/wp-content\/uploads\/2012\/10\/bud.rinok-2011-1-200x300.jpg","datePublished":"2012-10-10T05:28:18+00:00","breadcrumb":{"@id":"https:\/\/pmza.sk\/?p=6357#breadcrumb"},"inLanguage":"sk-SK","potentialAction":[{"@type":"ReadAction","target":["https:\/\/pmza.sk\/?p=6357"]}]},{"@type":"ImageObject","inLanguage":"sk-SK","@id":"https:\/\/pmza.sk\/?p=6357#primaryimage","url":"https:\/\/pmza.sk.sk\/wp-content\/uploads\/2012\/10\/bud.rinok-2011-1-200x300.jpg","contentUrl":"https:\/\/pmza.sk.sk\/wp-content\/uploads\/2012\/10\/bud.rinok-2011-1-200x300.jpg"},{"@type":"BreadcrumbList","@id":"https:\/\/pmza.sk\/?p=6357#breadcrumb","itemListElement":[{"@type":"ListItem","position":1,"name":"Domovsk\u00e1 str\u00e1nka","item":"https:\/\/pmza.sk\/"},{"@type":"ListItem","position":2,"name":"Na Budat\u00ednskom r\u00ednku 2012 zahlaholia hodiny ve\u017ee Budat\u00ednskeho hradu"}]},{"@type":"WebSite","@id":"https:\/\/pmza.sk\/#website","url":"https:\/\/pmza.sk\/","name":"Pova\u017esk\u00e9 m\u00fazeum","description":"Pova\u017esk\u00e9 m\u00fazeum v \u017diline je region\u00e1lne m\u00fazeum so s\u00eddlom v Budat\u00edne. Jeho expoz\u00edcie s\u00fa zameran\u00e9 na dejiny slovensk\u00e9ho umenia, kult\u00fary a dopravy.","publisher":{"@id":"https:\/\/pmza.sk\/#organization"},"potentialAction":[{"@type":"SearchAction","target":{"@type":"EntryPoint","urlTemplate":"https:\/\/pmza.sk\/?s={search_term_string}"},"query-input":{"@type":"PropertyValueSpecification","valueRequired":true,"valueName":"search_term_string"}}],"inLanguage":"sk-SK"},{"@type":"Organization","@id":"https:\/\/pmza.sk\/#organization","name":"Pova\u017esk\u00e9 m\u00fazeum","url":"https:\/\/pmza.sk\/","logo":{"@type":"ImageObject","inLanguage":"sk-SK","@id":"https:\/\/pmza.sk\/#\/schema\/logo\/image\/","url":"https:\/\/pmza.sk\/wp-content\/uploads\/2022\/01\/logo_PM_horizontal.jpg","contentUrl":"https:\/\/pmza.sk\/wp-content\/uploads\/2022\/01\/logo_PM_horizontal.jpg","width":231,"height":142,"caption":"Pova\u017esk\u00e9 m\u00fazeum"},"image":{"@id":"https:\/\/pmza.sk\/#\/schema\/logo\/image\/"},"sameAs":["https:\/\/www.facebook.com\/povazskemuzeum","https:\/\/www.instagram.com\/povazskemuzeum\/"]},{"@type":"Person","@id":"https:\/\/pmza.sk\/#\/schema\/person\/595e6a2ce731ea94dcd5d7f50a41ae33","name":"Pova\u017esk\u00e9 m\u00fazeum","image":{"@type":"ImageObject","inLanguage":"sk-SK","@id":"https:\/\/secure.gravatar.com\/avatar\/2bb7f1561282132fb5826dfeccc66c7996d11ee392ac6aaf7ced8a1c2027fbb2?s=96&d=mm&r=g","url":"https:\/\/secure.gravatar.com\/avatar\/2bb7f1561282132fb5826dfeccc66c7996d11ee392ac6aaf7ced8a1c2027fbb2?s=96&d=mm&r=g","contentUrl":"https:\/\/secure.gravatar.com\/avatar\/2bb7f1561282132fb5826dfeccc66c7996d11ee392ac6aaf7ced8a1c2027fbb2?s=96&d=mm&r=g","caption":"Pova\u017esk\u00e9 m\u00fazeum"}}]}},"_links":{"self":[{"href":"https:\/\/pmza.sk\/index.php?rest_route=\/wp\/v2\/posts\/6357","targetHints":{"allow":["GET"]}}],"collection":[{"href":"https:\/\/pmza.sk\/index.php?rest_route=\/wp\/v2\/posts"}],"about":[{"href":"https:\/\/pmza.sk\/index.php?rest_route=\/wp\/v2\/types\/post"}],"author":[{"embeddable":true,"href":"https:\/\/pmza.sk\/index.php?rest_route=\/wp\/v2\/users\/2"}],"replies":[{"embeddable":true,"href":"https:\/\/pmza.sk\/index.php?rest_route=%2Fwp%2Fv2%2Fcomments&post=6357"}],"version-history":[{"count":0,"href":"https:\/\/pmza.sk\/index.php?rest_route=\/wp\/v2\/posts\/6357\/revisions"}],"wp:attachment":[{"href":"https:\/\/pmza.sk\/index.php?rest_route=%2Fwp%2Fv2%2Fmedia&parent=6357"}],"wp:term":[{"taxonomy":"category","embeddable":true,"href":"https:\/\/pmza.sk\/index.php?rest_route=%2Fwp%2Fv2%2Fcategories&post=6357"},{"taxonomy":"post_tag","embeddable":true,"href":"https:\/\/pmza.sk\/index.php?rest_route=%2Fwp%2Fv2%2Ftags&post=6357"}],"curies":[{"name":"wp","href":"https:\/\/api.w.org\/{rel}","templated":true}]}}