{"id":6384,"date":"2012-10-11T13:54:02","date_gmt":"2012-10-11T11:54:02","guid":{"rendered":"https:\/\/pmza.sk.sk\/?p=6384"},"modified":"2012-10-11T13:54:02","modified_gmt":"2012-10-11T11:54:02","slug":"rajecka-anca-2012-a-ukazka-bojov-o-budatin-z-aprila-1945","status":"publish","type":"post","link":"https:\/\/pmza.sk\/?p=6384","title":{"rendered":"Rajeck\u00e1 An\u010da 2012 a Uk\u00e1\u017eka bojov o Budat\u00edn z apr\u00edla 1945"},"content":{"rendered":"<p><span style=\"color: #ff0000;\"><a href=\"https:\/\/pmza.sk\/wp-content\/uploads\/2012\/10\/Rajecka-Anca-2012-f1.jpg\"><img fetchpriority=\"high\" decoding=\"async\" class=\"alignleft size-medium wp-image-6389\" style=\"border: 3px solid black; margin-left: 3px; margin-right: 3px;\" title=\"Rajecka An\u010da 2012-f1\" src=\"https:\/\/pmza.sk.sk\/wp-content\/uploads\/2012\/10\/Rajecka-An\u010da-2012-f1-247x300.jpg\" alt=\"\" width=\"247\" height=\"300\" \/><\/a><\/span>Region\u00e1lny vl\u00e1\u010dik jazdiaci na trati \u017dilina \u2013 Rajec si v\u00a0tomto roku pripom\u00edna svoje 113. narodeniny. Spolo\u010dnos\u0165 Pova\u017eskej dr\u00e1hy \u017dilina, Pova\u017esk\u00e9 m\u00fazeum v\u00a0\u017diline a\u00a0Klub vojenskej hist\u00f3rie Slovensko pripravili dvojd\u0148ov\u00fd atrakt\u00edvny program, ktor\u00fd za\u010d\u00edna v\u00a0sobotu 20. okt\u00f3bra 2012 spanilou jazdou historick\u00e9ho vlaku a\u00a0ru\u0161\u0148a Hurv\u00ednka s odchodom 10,00 h z hlavnej stanice v\u00a0\u017diline. \u201e<em>\u010eal\u0161ia jazda sa uskuto\u010dn\u00ed v\u00a0poobed\u0148aj\u0161\u00edch hodin\u00e1ch, kedy Hurv\u00ednek odch\u00e1dza zo \u017diliny do Rajca o\u00a013,30 h. Ke\u010f\u017ee Pova\u017esk\u00e9 m\u00fazeum v\u00a0\u017diline v\u00a0sobotu paralelne organizuje multi\u017e\u00e1nrov\u00e9 podujatie Budat\u00ednsky r\u00ednok 2012, pre cestuj\u00facich prvej nostalgickej jazdy a\u00a0pre z\u00e1ujemcov z Budat\u00ednskeho r\u00ednku o\u00a0druh\u00fa poobed\u0148aj\u0161iu jazdu bude pripraven\u00e1 kyvadlov\u00e1 doprava z\u00a0hlavnej stanice k\u00a0Budat\u00ednskemu hradu a\u00a0sp\u00e4\u0165,\u201c<\/em> <!--more-->povedal Peter \u0160imko, historik dopravy a\u00a0organiz\u00e1tor osl\u00e1v v\u00fdro\u010dia Rajeckej An\u010de. Po\u010das pobytu historick\u00e9ho vlaku v stanici Rajec maj\u00fa \u00fa\u010dastn\u00edci mo\u017enos\u0165 nav\u0161t\u00edvi\u0165 Mestsk\u00e9 m\u00fazeum v Rajci v strede mesta na N\u00e1m. SNP.<\/p>\n<p style=\"text-align: center;\"><a href=\"https:\/\/pmza.sk\/wp-content\/uploads\/2012\/10\/anca-20111.jpg\"><img decoding=\"async\" class=\"aligncenter size-full wp-image-6395\" title=\"anca 2011\" src=\"https:\/\/pmza.sk\/wp-content\/uploads\/2012\/10\/anca-20111.jpg\" alt=\"\" width=\"560\" height=\"420\" srcset=\"https:\/\/pmza.sk\/wp-content\/uploads\/2012\/10\/anca-20111.jpg 800w, https:\/\/pmza.sk\/wp-content\/uploads\/2012\/10\/anca-20111-600x450.jpg 600w, https:\/\/pmza.sk\/wp-content\/uploads\/2012\/10\/anca-20111-480x360.jpg 480w, https:\/\/pmza.sk\/wp-content\/uploads\/2012\/10\/anca-20111-768x576.jpg 768w\" sizes=\"(max-width: 560px) 100vw, 560px\" \/><\/a><\/p>\n<p style=\"text-align: center;\">&nbsp;<\/p>\n<p>V\u00a0nede\u013eu sa bude \u010dasov\u00fd scen\u00e1r nostalgick\u00fdch j\u00e1zd opakova\u0165. Spestren\u00edm nede\u013en\u00fdch osl\u00e1v bude uk\u00e1\u017eka historick\u00fdch bojov z konca apr\u00edla 1945 v obci Budat\u00edn z\u00a0roku 1945 medzi nemeckou a\u00a0sovietskou arm\u00e1dou. Boje vypukn\u00fa o 12,30 h v\u00a0are\u00e1li Budat\u00ednskeho hradu. \u00a0Budat\u00edn &#8222;oslobodili&#8220; d\u0148a 30. apr\u00edla 1945\u00a0 jednotky 138. streleckej  div\u00edzie\u00a0\u010cervenej arm\u00e1dy. <em> &#8222;Herci oble\u010den\u00ed v historick\u00fdch rovno\u0161at\u00e1ch  \u010cervenej\u00a0arm\u00e1dy, nemeck\u00e9ho Wehrmachtu a ma\u010farsk\u00e9ho Honv\u00e9ds\u00e9gu za  pou\u017eitia\u00a0dobov\u00fdch paln\u00fdch zbran\u00ed odohraj\u00fa pred zrakom div\u00e1kov v  are\u00e1li\u00a0Budat\u00ednskeho hradu uk\u00e1\u017eku, \u010diasto\u010dne zobrazuj\u00facu epiz\u00f3dy pr\u00e1ve  z\u00a0t\u00fdchto \u00a0bojov,\u00a0 ktor\u00e9 sa odohrali na\u00a0sklonku vojny.&#8220;<\/em> Uviedol Boris \u0160eliga, predseda ob\u010dianskeho zdru\u017eenia Klub vojenskej hist\u00f3rie Slovensko.<\/p>\n<p>&nbsp;<\/p>\n<p>\u017delezni\u010dn\u00e1 tra\u0165 \u010d. 126 \u017dilina \u2013 Rajec , ktorej vlaky prez\u00fdvaj\u00fa aj Rajeck\u00e1 An\u010da, za\u010dala p\u00edsa\u0165 svoju hist\u00f3riu 10. okt\u00f3bra 1899  a do dne\u0161n\u00fdch dn\u00ed pre\u0161la mnoh\u00fdmi prev\u00e1dzkov\u00fdmi zmenami. Pova\u017esk\u00e9 m\u00fazeum v\u00a0\u017diline z\u00edskalo v\u00a0tomto roku v\u00a0kontexte v\u00fdskumu v\u00a0budape\u0161tianskych arch\u00edvoch nov\u00e9 materi\u00e1ly o\u00a0v\u00fdstavbe trate. V bl\u00edzkej bud\u00facnosti bud\u00fa publikovan\u00e9.<\/p>\n<p>Organiz\u00e1tormi osl\u00e1v v\u00fdro\u010dia Rajeckej An\u010de \u00a0je \u017dilinsk\u00fd samospr\u00e1vny kraj, Pova\u017esk\u00e9 m\u00fazeum v\u00a0\u017diline, Spolo\u010dnos\u0165 Pova\u017eskej dr\u00e1hy \u017dilina, Mesto Rajec a Klub vojenskej hist\u00f3rie Slovensko.<\/p>\n<p><a href=\"https:\/\/pmza.sk\/wp-content\/uploads\/2012\/10\/Rajecka-Anca-2012-scaled-1.jpg\"><img decoding=\"async\" class=\"alignleft size-large wp-image-6388\" title=\"Rajecka An\u010da 2012\" src=\"https:\/\/pmza.sk.sk\/wp-content\/uploads\/2012\/10\/Rajecka-An\u010da-2012-724x1024.jpg\" alt=\"\" width=\"724\" height=\"1024\" \/><\/a><\/p>\n","protected":false},"excerpt":{"rendered":"<p>Region\u00e1lny vl\u00e1\u010dik jazdiaci na trati \u017dilina \u2013 Rajec si v\u00a0tomto roku pripom\u00edna svoje 113. narodeniny. Spolo\u010dnos\u0165 Pova\u017eskej dr\u00e1hy \u017dilina, Pova\u017esk\u00e9 m\u00fazeum v\u00a0\u017diline a\u00a0Klub vojenskej hist\u00f3rie Slovensko pripravili dvojd\u0148ov\u00fd atrakt\u00edvny program, ktor\u00fd za\u010d\u00edna v\u00a0sobotu 20. okt\u00f3bra 2012 spanilou jazdou historick\u00e9ho vlaku a\u00a0ru\u0161\u0148a Hurv\u00ednka s odchodom 10,00 h z hlavnej stanice v\u00a0\u017diline. \u201e\u010eal\u0161ia jazda sa uskuto\u010dn\u00ed v\u00a0poobed\u0148aj\u0161\u00edch [&hellip;]<\/p>\n","protected":false},"author":2,"featured_media":0,"comment_status":"closed","ping_status":"closed","sticky":false,"template":"","format":"standard","meta":{"site-sidebar-layout":"default","site-content-layout":"","ast-site-content-layout":"","site-content-style":"default","site-sidebar-style":"default","ast-global-header-display":"","ast-banner-title-visibility":"","ast-main-header-display":"","ast-hfb-above-header-display":"","ast-hfb-below-header-display":"","ast-hfb-mobile-header-display":"","site-post-title":"","ast-breadcrumbs-content":"","ast-featured-img":"","footer-sml-layout":"","theme-transparent-header-meta":"","adv-header-id-meta":"","stick-header-meta":"","header-above-stick-meta":"","header-main-stick-meta":"","header-below-stick-meta":"","astra-migrate-meta-layouts":"default","ast-page-background-enabled":"default","ast-page-background-meta":{"desktop":{"background-color":"var(--ast-global-color-4)","background-image":"","background-repeat":"repeat","background-position":"center center","background-size":"auto","background-attachment":"scroll","background-type":"","background-media":"","overlay-type":"","overlay-color":"","overlay-opacity":"","overlay-gradient":""},"tablet":{"background-color":"","background-image":"","background-repeat":"repeat","background-position":"center center","background-size":"auto","background-attachment":"scroll","background-type":"","background-media":"","overlay-type":"","overlay-color":"","overlay-opacity":"","overlay-gradient":""},"mobile":{"background-color":"","background-image":"","background-repeat":"repeat","background-position":"center center","background-size":"auto","background-attachment":"scroll","background-type":"","background-media":"","overlay-type":"","overlay-color":"","overlay-opacity":"","overlay-gradient":""}},"ast-content-background-meta":{"desktop":{"background-color":"var(--ast-global-color-5)","background-image":"","background-repeat":"repeat","background-position":"center center","background-size":"auto","background-attachment":"scroll","background-type":"","background-media":"","overlay-type":"","overlay-color":"","overlay-opacity":"","overlay-gradient":""},"tablet":{"background-color":"var(--ast-global-color-5)","background-image":"","background-repeat":"repeat","background-position":"center center","background-size":"auto","background-attachment":"scroll","background-type":"","background-media":"","overlay-type":"","overlay-color":"","overlay-opacity":"","overlay-gradient":""},"mobile":{"background-color":"var(--ast-global-color-5)","background-image":"","background-repeat":"repeat","background-position":"center center","background-size":"auto","background-attachment":"scroll","background-type":"","background-media":"","overlay-type":"","overlay-color":"","overlay-opacity":"","overlay-gradient":""}},"footnotes":""},"categories":[32],"tags":[],"class_list":["post-6384","post","type-post","status-publish","format-standard","hentry","category-archiv-2012"],"yoast_head":"<!-- This site is optimized with the Yoast SEO plugin v27.4 - https:\/\/yoast.com\/product\/yoast-seo-wordpress\/ -->\n<title>Rajeck\u00e1 An\u010da 2012 a Uk\u00e1\u017eka bojov o Budat\u00edn z apr\u00edla 1945 - Pova\u017esk\u00e9 m\u00fazeum<\/title>\n<meta name=\"robots\" content=\"index, follow, max-snippet:-1, max-image-preview:large, max-video-preview:-1\" \/>\n<link rel=\"canonical\" href=\"https:\/\/pmza.sk\/?p=6384\" \/>\n<meta property=\"og:locale\" content=\"sk_SK\" \/>\n<meta property=\"og:type\" content=\"article\" \/>\n<meta property=\"og:title\" content=\"Rajeck\u00e1 An\u010da 2012 a Uk\u00e1\u017eka bojov o Budat\u00edn z apr\u00edla 1945 - Pova\u017esk\u00e9 m\u00fazeum\" \/>\n<meta property=\"og:description\" content=\"Region\u00e1lny vl\u00e1\u010dik jazdiaci na trati \u017dilina \u2013 Rajec si v\u00a0tomto roku pripom\u00edna svoje 113. narodeniny. Spolo\u010dnos\u0165 Pova\u017eskej dr\u00e1hy \u017dilina, Pova\u017esk\u00e9 m\u00fazeum v\u00a0\u017diline a\u00a0Klub vojenskej hist\u00f3rie Slovensko pripravili dvojd\u0148ov\u00fd atrakt\u00edvny program, ktor\u00fd za\u010d\u00edna v\u00a0sobotu 20. okt\u00f3bra 2012 spanilou jazdou historick\u00e9ho vlaku a\u00a0ru\u0161\u0148a Hurv\u00ednka s odchodom 10,00 h z hlavnej stanice v\u00a0\u017diline. \u201e\u010eal\u0161ia jazda sa uskuto\u010dn\u00ed v\u00a0poobed\u0148aj\u0161\u00edch [&hellip;]\" \/>\n<meta property=\"og:url\" content=\"https:\/\/pmza.sk\/?p=6384\" \/>\n<meta property=\"og:site_name\" content=\"Pova\u017esk\u00e9 m\u00fazeum\" \/>\n<meta property=\"article:publisher\" content=\"https:\/\/www.facebook.com\/povazskemuzeum\" \/>\n<meta property=\"article:published_time\" content=\"2012-10-11T11:54:02+00:00\" \/>\n<meta property=\"og:image\" content=\"https:\/\/pmza.sk\/wp-content\/uploads\/2012\/10\/anca-20111.jpg\" \/>\n<meta name=\"author\" content=\"Pova\u017esk\u00e9 m\u00fazeum\" \/>\n<meta name=\"twitter:card\" content=\"summary_large_image\" \/>\n<meta name=\"twitter:label1\" content=\"Autor\" \/>\n\t<meta name=\"twitter:data1\" content=\"Pova\u017esk\u00e9 m\u00fazeum\" \/>\n\t<meta name=\"twitter:label2\" content=\"Predpokladan\u00fd \u010das \u010d\u00edtania\" \/>\n\t<meta name=\"twitter:data2\" content=\"2 min\u00faty\" \/>\n<script type=\"application\/ld+json\" class=\"yoast-schema-graph\">{\"@context\":\"https:\\\/\\\/schema.org\",\"@graph\":[{\"@type\":\"Article\",\"@id\":\"https:\\\/\\\/pmza.sk\\\/?p=6384#article\",\"isPartOf\":{\"@id\":\"https:\\\/\\\/pmza.sk\\\/?p=6384\"},\"author\":{\"name\":\"Pova\u017esk\u00e9 m\u00fazeum\",\"@id\":\"https:\\\/\\\/pmza.sk\\\/#\\\/schema\\\/person\\\/595e6a2ce731ea94dcd5d7f50a41ae33\"},\"headline\":\"Rajeck\u00e1 An\u010da 2012 a Uk\u00e1\u017eka bojov o Budat\u00edn z apr\u00edla 1945\",\"datePublished\":\"2012-10-11T11:54:02+00:00\",\"mainEntityOfPage\":{\"@id\":\"https:\\\/\\\/pmza.sk\\\/?p=6384\"},\"wordCount\":449,\"publisher\":{\"@id\":\"https:\\\/\\\/pmza.sk\\\/#organization\"},\"image\":{\"@id\":\"https:\\\/\\\/pmza.sk\\\/?p=6384#primaryimage\"},\"thumbnailUrl\":\"http:\\\/\\\/pmza.sk\\\/wp-content\\\/uploads\\\/2012\\\/10\\\/anca-20111.jpg\",\"articleSection\":[\"Arch\u00edv 2012\"],\"inLanguage\":\"sk-SK\"},{\"@type\":\"WebPage\",\"@id\":\"https:\\\/\\\/pmza.sk\\\/?p=6384\",\"url\":\"https:\\\/\\\/pmza.sk\\\/?p=6384\",\"name\":\"Rajeck\u00e1 An\u010da 2012 a Uk\u00e1\u017eka bojov o Budat\u00edn z apr\u00edla 1945 - Pova\u017esk\u00e9 m\u00fazeum\",\"isPartOf\":{\"@id\":\"https:\\\/\\\/pmza.sk\\\/#website\"},\"primaryImageOfPage\":{\"@id\":\"https:\\\/\\\/pmza.sk\\\/?p=6384#primaryimage\"},\"image\":{\"@id\":\"https:\\\/\\\/pmza.sk\\\/?p=6384#primaryimage\"},\"thumbnailUrl\":\"http:\\\/\\\/pmza.sk\\\/wp-content\\\/uploads\\\/2012\\\/10\\\/anca-20111.jpg\",\"datePublished\":\"2012-10-11T11:54:02+00:00\",\"breadcrumb\":{\"@id\":\"https:\\\/\\\/pmza.sk\\\/?p=6384#breadcrumb\"},\"inLanguage\":\"sk-SK\",\"potentialAction\":[{\"@type\":\"ReadAction\",\"target\":[\"https:\\\/\\\/pmza.sk\\\/?p=6384\"]}]},{\"@type\":\"ImageObject\",\"inLanguage\":\"sk-SK\",\"@id\":\"https:\\\/\\\/pmza.sk\\\/?p=6384#primaryimage\",\"url\":\"https:\\\/\\\/pmza.sk\\\/wp-content\\\/uploads\\\/2012\\\/10\\\/anca-20111.jpg\",\"contentUrl\":\"https:\\\/\\\/pmza.sk\\\/wp-content\\\/uploads\\\/2012\\\/10\\\/anca-20111.jpg\",\"width\":800,\"height\":600},{\"@type\":\"BreadcrumbList\",\"@id\":\"https:\\\/\\\/pmza.sk\\\/?p=6384#breadcrumb\",\"itemListElement\":[{\"@type\":\"ListItem\",\"position\":1,\"name\":\"Domovsk\u00e1 str\u00e1nka\",\"item\":\"https:\\\/\\\/pmza.sk\\\/\"},{\"@type\":\"ListItem\",\"position\":2,\"name\":\"Rajeck\u00e1 An\u010da 2012 a Uk\u00e1\u017eka bojov o Budat\u00edn z apr\u00edla 1945\"}]},{\"@type\":\"WebSite\",\"@id\":\"https:\\\/\\\/pmza.sk\\\/#website\",\"url\":\"https:\\\/\\\/pmza.sk\\\/\",\"name\":\"Pova\u017esk\u00e9 m\u00fazeum\",\"description\":\"Pova\u017esk\u00e9 m\u00fazeum v \u017diline je region\u00e1lne m\u00fazeum so s\u00eddlom v Budat\u00edne. Jeho expoz\u00edcie s\u00fa zameran\u00e9 na dejiny slovensk\u00e9ho umenia, kult\u00fary a dopravy.\",\"publisher\":{\"@id\":\"https:\\\/\\\/pmza.sk\\\/#organization\"},\"potentialAction\":[{\"@type\":\"SearchAction\",\"target\":{\"@type\":\"EntryPoint\",\"urlTemplate\":\"https:\\\/\\\/pmza.sk\\\/?s={search_term_string}\"},\"query-input\":{\"@type\":\"PropertyValueSpecification\",\"valueRequired\":true,\"valueName\":\"search_term_string\"}}],\"inLanguage\":\"sk-SK\"},{\"@type\":\"Organization\",\"@id\":\"https:\\\/\\\/pmza.sk\\\/#organization\",\"name\":\"Pova\u017esk\u00e9 m\u00fazeum\",\"url\":\"https:\\\/\\\/pmza.sk\\\/\",\"logo\":{\"@type\":\"ImageObject\",\"inLanguage\":\"sk-SK\",\"@id\":\"https:\\\/\\\/pmza.sk\\\/#\\\/schema\\\/logo\\\/image\\\/\",\"url\":\"https:\\\/\\\/pmza.sk\\\/wp-content\\\/uploads\\\/2022\\\/01\\\/logo_PM_horizontal.jpg\",\"contentUrl\":\"https:\\\/\\\/pmza.sk\\\/wp-content\\\/uploads\\\/2022\\\/01\\\/logo_PM_horizontal.jpg\",\"width\":231,\"height\":142,\"caption\":\"Pova\u017esk\u00e9 m\u00fazeum\"},\"image\":{\"@id\":\"https:\\\/\\\/pmza.sk\\\/#\\\/schema\\\/logo\\\/image\\\/\"},\"sameAs\":[\"https:\\\/\\\/www.facebook.com\\\/povazskemuzeum\",\"https:\\\/\\\/www.instagram.com\\\/povazskemuzeum\\\/\"]},{\"@type\":\"Person\",\"@id\":\"https:\\\/\\\/pmza.sk\\\/#\\\/schema\\\/person\\\/595e6a2ce731ea94dcd5d7f50a41ae33\",\"name\":\"Pova\u017esk\u00e9 m\u00fazeum\",\"image\":{\"@type\":\"ImageObject\",\"inLanguage\":\"sk-SK\",\"@id\":\"https:\\\/\\\/secure.gravatar.com\\\/avatar\\\/2bb7f1561282132fb5826dfeccc66c7996d11ee392ac6aaf7ced8a1c2027fbb2?s=96&d=mm&r=g\",\"url\":\"https:\\\/\\\/secure.gravatar.com\\\/avatar\\\/2bb7f1561282132fb5826dfeccc66c7996d11ee392ac6aaf7ced8a1c2027fbb2?s=96&d=mm&r=g\",\"contentUrl\":\"https:\\\/\\\/secure.gravatar.com\\\/avatar\\\/2bb7f1561282132fb5826dfeccc66c7996d11ee392ac6aaf7ced8a1c2027fbb2?s=96&d=mm&r=g\",\"caption\":\"Pova\u017esk\u00e9 m\u00fazeum\"}}]}<\/script>\n<!-- \/ Yoast SEO plugin. -->","yoast_head_json":{"title":"Rajeck\u00e1 An\u010da 2012 a Uk\u00e1\u017eka bojov o Budat\u00edn z apr\u00edla 1945 - Pova\u017esk\u00e9 m\u00fazeum","robots":{"index":"index","follow":"follow","max-snippet":"max-snippet:-1","max-image-preview":"max-image-preview:large","max-video-preview":"max-video-preview:-1"},"canonical":"https:\/\/pmza.sk\/?p=6384","og_locale":"sk_SK","og_type":"article","og_title":"Rajeck\u00e1 An\u010da 2012 a Uk\u00e1\u017eka bojov o Budat\u00edn z apr\u00edla 1945 - Pova\u017esk\u00e9 m\u00fazeum","og_description":"Region\u00e1lny vl\u00e1\u010dik jazdiaci na trati \u017dilina \u2013 Rajec si v\u00a0tomto roku pripom\u00edna svoje 113. narodeniny. Spolo\u010dnos\u0165 Pova\u017eskej dr\u00e1hy \u017dilina, Pova\u017esk\u00e9 m\u00fazeum v\u00a0\u017diline a\u00a0Klub vojenskej hist\u00f3rie Slovensko pripravili dvojd\u0148ov\u00fd atrakt\u00edvny program, ktor\u00fd za\u010d\u00edna v\u00a0sobotu 20. okt\u00f3bra 2012 spanilou jazdou historick\u00e9ho vlaku a\u00a0ru\u0161\u0148a Hurv\u00ednka s odchodom 10,00 h z hlavnej stanice v\u00a0\u017diline. \u201e\u010eal\u0161ia jazda sa uskuto\u010dn\u00ed v\u00a0poobed\u0148aj\u0161\u00edch [&hellip;]","og_url":"https:\/\/pmza.sk\/?p=6384","og_site_name":"Pova\u017esk\u00e9 m\u00fazeum","article_publisher":"https:\/\/www.facebook.com\/povazskemuzeum","article_published_time":"2012-10-11T11:54:02+00:00","og_image":[{"url":"https:\/\/pmza.sk\/wp-content\/uploads\/2012\/10\/anca-20111.jpg","type":"","width":"","height":""}],"author":"Pova\u017esk\u00e9 m\u00fazeum","twitter_card":"summary_large_image","twitter_misc":{"Autor":"Pova\u017esk\u00e9 m\u00fazeum","Predpokladan\u00fd \u010das \u010d\u00edtania":"2 min\u00faty"},"schema":{"@context":"https:\/\/schema.org","@graph":[{"@type":"Article","@id":"https:\/\/pmza.sk\/?p=6384#article","isPartOf":{"@id":"https:\/\/pmza.sk\/?p=6384"},"author":{"name":"Pova\u017esk\u00e9 m\u00fazeum","@id":"https:\/\/pmza.sk\/#\/schema\/person\/595e6a2ce731ea94dcd5d7f50a41ae33"},"headline":"Rajeck\u00e1 An\u010da 2012 a Uk\u00e1\u017eka bojov o Budat\u00edn z apr\u00edla 1945","datePublished":"2012-10-11T11:54:02+00:00","mainEntityOfPage":{"@id":"https:\/\/pmza.sk\/?p=6384"},"wordCount":449,"publisher":{"@id":"https:\/\/pmza.sk\/#organization"},"image":{"@id":"https:\/\/pmza.sk\/?p=6384#primaryimage"},"thumbnailUrl":"https:\/\/pmza.sk\/wp-content\/uploads\/2012\/10\/anca-20111.jpg","articleSection":["Arch\u00edv 2012"],"inLanguage":"sk-SK"},{"@type":"WebPage","@id":"https:\/\/pmza.sk\/?p=6384","url":"https:\/\/pmza.sk\/?p=6384","name":"Rajeck\u00e1 An\u010da 2012 a Uk\u00e1\u017eka bojov o Budat\u00edn z apr\u00edla 1945 - Pova\u017esk\u00e9 m\u00fazeum","isPartOf":{"@id":"https:\/\/pmza.sk\/#website"},"primaryImageOfPage":{"@id":"https:\/\/pmza.sk\/?p=6384#primaryimage"},"image":{"@id":"https:\/\/pmza.sk\/?p=6384#primaryimage"},"thumbnailUrl":"https:\/\/pmza.sk\/wp-content\/uploads\/2012\/10\/anca-20111.jpg","datePublished":"2012-10-11T11:54:02+00:00","breadcrumb":{"@id":"https:\/\/pmza.sk\/?p=6384#breadcrumb"},"inLanguage":"sk-SK","potentialAction":[{"@type":"ReadAction","target":["https:\/\/pmza.sk\/?p=6384"]}]},{"@type":"ImageObject","inLanguage":"sk-SK","@id":"https:\/\/pmza.sk\/?p=6384#primaryimage","url":"https:\/\/pmza.sk\/wp-content\/uploads\/2012\/10\/anca-20111.jpg","contentUrl":"https:\/\/pmza.sk\/wp-content\/uploads\/2012\/10\/anca-20111.jpg","width":800,"height":600},{"@type":"BreadcrumbList","@id":"https:\/\/pmza.sk\/?p=6384#breadcrumb","itemListElement":[{"@type":"ListItem","position":1,"name":"Domovsk\u00e1 str\u00e1nka","item":"https:\/\/pmza.sk\/"},{"@type":"ListItem","position":2,"name":"Rajeck\u00e1 An\u010da 2012 a Uk\u00e1\u017eka bojov o Budat\u00edn z apr\u00edla 1945"}]},{"@type":"WebSite","@id":"https:\/\/pmza.sk\/#website","url":"https:\/\/pmza.sk\/","name":"Pova\u017esk\u00e9 m\u00fazeum","description":"Pova\u017esk\u00e9 m\u00fazeum v \u017diline je region\u00e1lne m\u00fazeum so s\u00eddlom v Budat\u00edne. Jeho expoz\u00edcie s\u00fa zameran\u00e9 na dejiny slovensk\u00e9ho umenia, kult\u00fary a dopravy.","publisher":{"@id":"https:\/\/pmza.sk\/#organization"},"potentialAction":[{"@type":"SearchAction","target":{"@type":"EntryPoint","urlTemplate":"https:\/\/pmza.sk\/?s={search_term_string}"},"query-input":{"@type":"PropertyValueSpecification","valueRequired":true,"valueName":"search_term_string"}}],"inLanguage":"sk-SK"},{"@type":"Organization","@id":"https:\/\/pmza.sk\/#organization","name":"Pova\u017esk\u00e9 m\u00fazeum","url":"https:\/\/pmza.sk\/","logo":{"@type":"ImageObject","inLanguage":"sk-SK","@id":"https:\/\/pmza.sk\/#\/schema\/logo\/image\/","url":"https:\/\/pmza.sk\/wp-content\/uploads\/2022\/01\/logo_PM_horizontal.jpg","contentUrl":"https:\/\/pmza.sk\/wp-content\/uploads\/2022\/01\/logo_PM_horizontal.jpg","width":231,"height":142,"caption":"Pova\u017esk\u00e9 m\u00fazeum"},"image":{"@id":"https:\/\/pmza.sk\/#\/schema\/logo\/image\/"},"sameAs":["https:\/\/www.facebook.com\/povazskemuzeum","https:\/\/www.instagram.com\/povazskemuzeum\/"]},{"@type":"Person","@id":"https:\/\/pmza.sk\/#\/schema\/person\/595e6a2ce731ea94dcd5d7f50a41ae33","name":"Pova\u017esk\u00e9 m\u00fazeum","image":{"@type":"ImageObject","inLanguage":"sk-SK","@id":"https:\/\/secure.gravatar.com\/avatar\/2bb7f1561282132fb5826dfeccc66c7996d11ee392ac6aaf7ced8a1c2027fbb2?s=96&d=mm&r=g","url":"https:\/\/secure.gravatar.com\/avatar\/2bb7f1561282132fb5826dfeccc66c7996d11ee392ac6aaf7ced8a1c2027fbb2?s=96&d=mm&r=g","contentUrl":"https:\/\/secure.gravatar.com\/avatar\/2bb7f1561282132fb5826dfeccc66c7996d11ee392ac6aaf7ced8a1c2027fbb2?s=96&d=mm&r=g","caption":"Pova\u017esk\u00e9 m\u00fazeum"}}]}},"_links":{"self":[{"href":"https:\/\/pmza.sk\/index.php?rest_route=\/wp\/v2\/posts\/6384","targetHints":{"allow":["GET"]}}],"collection":[{"href":"https:\/\/pmza.sk\/index.php?rest_route=\/wp\/v2\/posts"}],"about":[{"href":"https:\/\/pmza.sk\/index.php?rest_route=\/wp\/v2\/types\/post"}],"author":[{"embeddable":true,"href":"https:\/\/pmza.sk\/index.php?rest_route=\/wp\/v2\/users\/2"}],"replies":[{"embeddable":true,"href":"https:\/\/pmza.sk\/index.php?rest_route=%2Fwp%2Fv2%2Fcomments&post=6384"}],"version-history":[{"count":0,"href":"https:\/\/pmza.sk\/index.php?rest_route=\/wp\/v2\/posts\/6384\/revisions"}],"wp:attachment":[{"href":"https:\/\/pmza.sk\/index.php?rest_route=%2Fwp%2Fv2%2Fmedia&parent=6384"}],"wp:term":[{"taxonomy":"category","embeddable":true,"href":"https:\/\/pmza.sk\/index.php?rest_route=%2Fwp%2Fv2%2Fcategories&post=6384"},{"taxonomy":"post_tag","embeddable":true,"href":"https:\/\/pmza.sk\/index.php?rest_route=%2Fwp%2Fv2%2Ftags&post=6384"}],"curies":[{"name":"wp","href":"https:\/\/api.w.org\/{rel}","templated":true}]}}