{"id":63932,"date":"2024-06-11T09:42:53","date_gmt":"2024-06-11T07:42:53","guid":{"rendered":"https:\/\/pmza.sk\/?p=63932"},"modified":"2024-09-16T07:39:44","modified_gmt":"2024-09-16T05:39:44","slug":"d1-mytus-o-dialnici","status":"publish","type":"post","link":"https:\/\/pmza.sk\/?p=63932","title":{"rendered":"D1\/M\u00fdtus o dia\u013enici"},"content":{"rendered":"<p>Na hrad Stre\u010dno mieri nev\u0161edn\u00e1 v\u00fdstava. D1\/M\u00fdtus o\u00a0dia\u013enici je vizu\u00e1lnou prezent\u00e1ciou \u00faspe\u0161n\u00e9ho divadeln\u00e9ho predstavenia s\u00a0ofici\u00e1lnym n\u00e1zvom: \u201eD1 (pracovn\u00fd n\u00e1zov)\u201c, poch\u00e1dzaj\u00faceho zo Slovensk\u00e9ho komorn\u00e9ho divadla v\u00a0Martine. Inscen\u00e1cia o\u00a0v\u00fdstavbe dia\u013enice prep\u00e1jaj\u00facej Bratislavu s\u00a0Ko\u0161icami, ale aj o\u00a0Slovensku a\u00a0Slov\u00e1koch\u00a0z\u00edskala viacero ocenen\u00ed \u2013 na festivale Nov\u00e1 dr\u00e1ma\/New Drama 2021 Grand Prix a\u00a0Cenu bratislavsk\u00e9ho div\u00e1ka, a tie\u017e Cenu Akad\u00e9mie divadeln\u00fdch tvorcov 2020\/2021.<\/p>\n<p>Martinsk\u00e1 inscen\u00e1cia <em>D1 (pracovn\u00fd n\u00e1zov)<\/em> otvorila mno\u017estvo podnetn\u00fdch ot\u00e1zok. <em>\u201eBrutovsk\u00fd ako autor textu zvolil cestu poetick\u00e9ho jazyka, ktor\u00fd je ak\u00fdmsi \u017ealospevom za lep\u0161iu v\u00edziu bud\u00facnosti. Celou inscen\u00e1ciou sa nesie leitmot\u00edv spojnice. Nehovor\u00edme v\u0161ak len o\u00a0spojen\u00ed miest zo z\u00e1padu na v\u00fdchod, ale aj o\u00a0spojen\u00ed \u013eud\u00ed. T\u00e1to psychologick\u00e1 \u010das\u0165 je rovnako, ak nie e\u0161te ove\u013ea viac podstatnej\u0161ia. Cel\u00e9 predstavenie p\u00f4sob\u00ed, napriek deprimuj\u00facej realite, harmonicky. Ka\u017ed\u00e1 zo zlo\u017eiek potvrdzuje a\u00a0umoc\u0148uje druh\u00fa. Martinsk\u00ed tvorcovia t\u00fdmto pr\u00ednosom z\u00e1rove\u0148 otvorili ot\u00e1zku do diskusie, \u010di m\u00e1 divadlo len zab\u00e1va\u0165, alebo m\u00e1 prin\u00e1\u0161a\u0165 pr\u00e1ve tak\u00e9to aktu\u00e1lne t\u00e9my, ku ktor\u00fdm my ako div\u00e1ci, m\u00f4\u017eeme zauja\u0165 akt\u00edvny postoj,\u201c <\/em>pribl\u00ed\u017eila teatrologi\u010dka a\u00a0m\u00fazejn\u00e1 pedagogi\u010dka Pova\u017esk\u00e9ho m\u00fazea Mgr. Tatiana Kub\u00e1\u0148ov\u00e1.<\/p>\n<p>Na v\u00fdstave D1 bude inscen\u00e1cia spr\u00edtomnen\u00e1 prostredn\u00edctvom zachovan\u00fdch rekviz\u00edt a\u00a0obrazov\u00e9ho materi\u00e1lu. Autorom objektov je v\u00fdtvarn\u00edk Mgr. art. Juraj Poliak a\u00a0sn\u00edmok fotograf Bra\u0148o Kone\u010dn\u00fd. Kur\u00e1tormi v\u00fdstavy s\u00fa Mgr. Zdeno Hogh a\u00a0Mgr. Tatiana Kub\u00e1\u0148ov\u00e1. V\u00fdstava bude pr\u00edstupn\u00e1 v\u00a0r\u00e1mci prehliadky hradu Stre\u010dno od 14. 6. do 15. 9. 2024.<\/p>\n<div class=\"wp-block-image\"><img fetchpriority=\"high\" decoding=\"async\" class=\"wpa-warning wpa-image-missing-alt alignnone size-medium wp-image-63933\" src=\"https:\/\/pmza.sk\/wp-content\/uploads\/2024\/06\/D1_K1-255x360.jpg\" alt=\"\" width=\"255\" height=\"360\" data-warning=\"Missing alt text\" srcset=\"https:\/\/pmza.sk\/wp-content\/uploads\/2024\/06\/D1_K1-255x360.jpg 255w, https:\/\/pmza.sk\/wp-content\/uploads\/2024\/06\/D1_K1-520x736.jpg 520w, https:\/\/pmza.sk\/wp-content\/uploads\/2024\/06\/D1_K1-768x1086.jpg 768w, https:\/\/pmza.sk\/wp-content\/uploads\/2024\/06\/D1_K1-1086x1536.jpg 1086w, https:\/\/pmza.sk\/wp-content\/uploads\/2024\/06\/D1_K1-1448x2048.jpg 1448w, https:\/\/pmza.sk\/wp-content\/uploads\/2024\/06\/D1_K1-600x849.jpg 600w, https:\/\/pmza.sk\/wp-content\/uploads\/2024\/06\/D1_K1-scaled.jpg 1810w\" sizes=\"(max-width: 255px) 100vw, 255px\" \/><\/div>\n<div>Plag\u00e1t v plnej ve\u013ekosti <a href=\"https:\/\/pmza.sk\/wp-content\/uploads\/2024\/06\/D1_K1.pdf\">TU<\/a><\/div>\n","protected":false},"excerpt":{"rendered":"<p>Na hrad Stre\u010dno mieri nev\u0161edn\u00e1 v\u00fdstava. D1\/M\u00fdtus o\u00a0dia\u013enici je vizu\u00e1lnou prezent\u00e1ciou \u00faspe\u0161n\u00e9ho divadeln\u00e9ho predstavenia s\u00a0ofici\u00e1lnym n\u00e1zvom: \u201eD1 (pracovn\u00fd n\u00e1zov)\u201c, poch\u00e1dzaj\u00faceho zo Slovensk\u00e9ho komorn\u00e9ho divadla v\u00a0Martine. Inscen\u00e1cia o\u00a0v\u00fdstavbe dia\u013enice prep\u00e1jaj\u00facej Bratislavu s\u00a0Ko\u0161icami, ale aj o\u00a0Slovensku a\u00a0Slov\u00e1koch\u00a0z\u00edskala viacero ocenen\u00ed \u2013 na festivale Nov\u00e1 dr\u00e1ma\/New Drama 2021 Grand Prix a\u00a0Cenu bratislavsk\u00e9ho div\u00e1ka, a tie\u017e Cenu Akad\u00e9mie divadeln\u00fdch tvorcov [&hellip;]<\/p>\n","protected":false},"author":2,"featured_media":63935,"comment_status":"closed","ping_status":"closed","sticky":false,"template":"","format":"standard","meta":{"site-sidebar-layout":"default","site-content-layout":"default","ast-site-content-layout":"","site-content-style":"default","site-sidebar-style":"default","ast-global-header-display":"","ast-banner-title-visibility":"","ast-main-header-display":"","ast-hfb-above-header-display":"","ast-hfb-below-header-display":"","ast-hfb-mobile-header-display":"","site-post-title":"","ast-breadcrumbs-content":"","ast-featured-img":"","footer-sml-layout":"","theme-transparent-header-meta":"default","adv-header-id-meta":"","stick-header-meta":"default","header-above-stick-meta":"","header-main-stick-meta":"","header-below-stick-meta":"","astra-migrate-meta-layouts":"default","ast-page-background-enabled":"default","ast-page-background-meta":{"desktop":{"background-color":"var(--ast-global-color-4)","background-image":"","background-repeat":"repeat","background-position":"center center","background-size":"auto","background-attachment":"scroll","background-type":"","background-media":"","overlay-type":"","overlay-color":"","overlay-opacity":"","overlay-gradient":""},"tablet":{"background-color":"","background-image":"","background-repeat":"repeat","background-position":"center center","background-size":"auto","background-attachment":"scroll","background-type":"","background-media":"","overlay-type":"","overlay-color":"","overlay-opacity":"","overlay-gradient":""},"mobile":{"background-color":"","background-image":"","background-repeat":"repeat","background-position":"center center","background-size":"auto","background-attachment":"scroll","background-type":"","background-media":"","overlay-type":"","overlay-color":"","overlay-opacity":"","overlay-gradient":""}},"ast-content-background-meta":{"desktop":{"background-color":"var(--ast-global-color-5)","background-image":"","background-repeat":"repeat","background-position":"center center","background-size":"auto","background-attachment":"scroll","background-type":"","background-media":"","overlay-type":"","overlay-color":"","overlay-opacity":"","overlay-gradient":""},"tablet":{"background-color":"var(--ast-global-color-5)","background-image":"","background-repeat":"repeat","background-position":"center center","background-size":"auto","background-attachment":"scroll","background-type":"","background-media":"","overlay-type":"","overlay-color":"","overlay-opacity":"","overlay-gradient":""},"mobile":{"background-color":"var(--ast-global-color-5)","background-image":"","background-repeat":"repeat","background-position":"center center","background-size":"auto","background-attachment":"scroll","background-type":"","background-media":"","overlay-type":"","overlay-color":"","overlay-opacity":"","overlay-gradient":""}},"footnotes":""},"categories":[72],"tags":[],"class_list":["post-63932","post","type-post","status-publish","format-standard","has-post-thumbnail","hentry","category-vystavy"],"yoast_head":"<!-- This site is optimized with the Yoast SEO plugin v27.4 - https:\/\/yoast.com\/product\/yoast-seo-wordpress\/ -->\n<title>D1\/M\u00fdtus o dia\u013enici - Pova\u017esk\u00e9 m\u00fazeum<\/title>\n<meta name=\"robots\" content=\"index, follow, max-snippet:-1, max-image-preview:large, max-video-preview:-1\" \/>\n<link rel=\"canonical\" href=\"https:\/\/pmza.sk\/?p=63932\" \/>\n<meta property=\"og:locale\" content=\"sk_SK\" \/>\n<meta property=\"og:type\" content=\"article\" \/>\n<meta property=\"og:title\" content=\"D1\/M\u00fdtus o dia\u013enici - Pova\u017esk\u00e9 m\u00fazeum\" \/>\n<meta property=\"og:description\" content=\"Na hrad Stre\u010dno mieri nev\u0161edn\u00e1 v\u00fdstava. D1\/M\u00fdtus o\u00a0dia\u013enici je vizu\u00e1lnou prezent\u00e1ciou \u00faspe\u0161n\u00e9ho divadeln\u00e9ho predstavenia s\u00a0ofici\u00e1lnym n\u00e1zvom: \u201eD1 (pracovn\u00fd n\u00e1zov)\u201c, poch\u00e1dzaj\u00faceho zo Slovensk\u00e9ho komorn\u00e9ho divadla v\u00a0Martine. Inscen\u00e1cia o\u00a0v\u00fdstavbe dia\u013enice prep\u00e1jaj\u00facej Bratislavu s\u00a0Ko\u0161icami, ale aj o\u00a0Slovensku a\u00a0Slov\u00e1koch\u00a0z\u00edskala viacero ocenen\u00ed \u2013 na festivale Nov\u00e1 dr\u00e1ma\/New Drama 2021 Grand Prix a\u00a0Cenu bratislavsk\u00e9ho div\u00e1ka, a tie\u017e Cenu Akad\u00e9mie divadeln\u00fdch tvorcov [&hellip;]\" \/>\n<meta property=\"og:url\" content=\"https:\/\/pmza.sk\/?p=63932\" \/>\n<meta property=\"og:site_name\" content=\"Pova\u017esk\u00e9 m\u00fazeum\" \/>\n<meta property=\"article:publisher\" content=\"https:\/\/www.facebook.com\/povazskemuzeum\" \/>\n<meta property=\"article:published_time\" content=\"2024-06-11T07:42:53+00:00\" \/>\n<meta property=\"article:modified_time\" content=\"2024-09-16T05:39:44+00:00\" \/>\n<meta property=\"og:image\" content=\"https:\/\/pmza.sk\/wp-content\/uploads\/2024\/06\/D1_web-scaled.jpg\" \/>\n\t<meta property=\"og:image:width\" content=\"2560\" \/>\n\t<meta property=\"og:image:height\" content=\"2560\" \/>\n\t<meta property=\"og:image:type\" content=\"image\/jpeg\" \/>\n<meta name=\"author\" content=\"Pova\u017esk\u00e9 m\u00fazeum\" \/>\n<meta name=\"twitter:card\" content=\"summary_large_image\" \/>\n<meta name=\"twitter:label1\" content=\"Autor\" \/>\n\t<meta name=\"twitter:data1\" content=\"Pova\u017esk\u00e9 m\u00fazeum\" \/>\n\t<meta name=\"twitter:label2\" content=\"Predpokladan\u00fd \u010das \u010d\u00edtania\" \/>\n\t<meta name=\"twitter:data2\" content=\"2 min\u00faty\" \/>\n<script type=\"application\/ld+json\" class=\"yoast-schema-graph\">{\"@context\":\"https:\\\/\\\/schema.org\",\"@graph\":[{\"@type\":\"Article\",\"@id\":\"https:\\\/\\\/pmza.sk\\\/?p=63932#article\",\"isPartOf\":{\"@id\":\"https:\\\/\\\/pmza.sk\\\/?p=63932\"},\"author\":{\"name\":\"Pova\u017esk\u00e9 m\u00fazeum\",\"@id\":\"https:\\\/\\\/pmza.sk\\\/#\\\/schema\\\/person\\\/595e6a2ce731ea94dcd5d7f50a41ae33\"},\"headline\":\"D1\\\/M\u00fdtus o dia\u013enici\",\"datePublished\":\"2024-06-11T07:42:53+00:00\",\"dateModified\":\"2024-09-16T05:39:44+00:00\",\"mainEntityOfPage\":{\"@id\":\"https:\\\/\\\/pmza.sk\\\/?p=63932\"},\"wordCount\":330,\"publisher\":{\"@id\":\"https:\\\/\\\/pmza.sk\\\/#organization\"},\"image\":{\"@id\":\"https:\\\/\\\/pmza.sk\\\/?p=63932#primaryimage\"},\"thumbnailUrl\":\"https:\\\/\\\/pmza.sk\\\/wp-content\\\/uploads\\\/2024\\\/06\\\/D1_web-scaled.jpg\",\"articleSection\":[\"V\u00fdstavy\"],\"inLanguage\":\"sk-SK\"},{\"@type\":\"WebPage\",\"@id\":\"https:\\\/\\\/pmza.sk\\\/?p=63932\",\"url\":\"https:\\\/\\\/pmza.sk\\\/?p=63932\",\"name\":\"D1\\\/M\u00fdtus o dia\u013enici - Pova\u017esk\u00e9 m\u00fazeum\",\"isPartOf\":{\"@id\":\"https:\\\/\\\/pmza.sk\\\/#website\"},\"primaryImageOfPage\":{\"@id\":\"https:\\\/\\\/pmza.sk\\\/?p=63932#primaryimage\"},\"image\":{\"@id\":\"https:\\\/\\\/pmza.sk\\\/?p=63932#primaryimage\"},\"thumbnailUrl\":\"https:\\\/\\\/pmza.sk\\\/wp-content\\\/uploads\\\/2024\\\/06\\\/D1_web-scaled.jpg\",\"datePublished\":\"2024-06-11T07:42:53+00:00\",\"dateModified\":\"2024-09-16T05:39:44+00:00\",\"breadcrumb\":{\"@id\":\"https:\\\/\\\/pmza.sk\\\/?p=63932#breadcrumb\"},\"inLanguage\":\"sk-SK\",\"potentialAction\":[{\"@type\":\"ReadAction\",\"target\":[\"https:\\\/\\\/pmza.sk\\\/?p=63932\"]}]},{\"@type\":\"ImageObject\",\"inLanguage\":\"sk-SK\",\"@id\":\"https:\\\/\\\/pmza.sk\\\/?p=63932#primaryimage\",\"url\":\"https:\\\/\\\/pmza.sk\\\/wp-content\\\/uploads\\\/2024\\\/06\\\/D1_web-scaled.jpg\",\"contentUrl\":\"https:\\\/\\\/pmza.sk\\\/wp-content\\\/uploads\\\/2024\\\/06\\\/D1_web-scaled.jpg\",\"width\":2560,\"height\":2560},{\"@type\":\"BreadcrumbList\",\"@id\":\"https:\\\/\\\/pmza.sk\\\/?p=63932#breadcrumb\",\"itemListElement\":[{\"@type\":\"ListItem\",\"position\":1,\"name\":\"Domovsk\u00e1 str\u00e1nka\",\"item\":\"https:\\\/\\\/pmza.sk\\\/\"},{\"@type\":\"ListItem\",\"position\":2,\"name\":\"D1\\\/M\u00fdtus o dia\u013enici\"}]},{\"@type\":\"WebSite\",\"@id\":\"https:\\\/\\\/pmza.sk\\\/#website\",\"url\":\"https:\\\/\\\/pmza.sk\\\/\",\"name\":\"Pova\u017esk\u00e9 m\u00fazeum\",\"description\":\"Pova\u017esk\u00e9 m\u00fazeum v \u017diline je region\u00e1lne m\u00fazeum so s\u00eddlom v Budat\u00edne. Jeho expoz\u00edcie s\u00fa zameran\u00e9 na dejiny slovensk\u00e9ho umenia, kult\u00fary a dopravy.\",\"publisher\":{\"@id\":\"https:\\\/\\\/pmza.sk\\\/#organization\"},\"potentialAction\":[{\"@type\":\"SearchAction\",\"target\":{\"@type\":\"EntryPoint\",\"urlTemplate\":\"https:\\\/\\\/pmza.sk\\\/?s={search_term_string}\"},\"query-input\":{\"@type\":\"PropertyValueSpecification\",\"valueRequired\":true,\"valueName\":\"search_term_string\"}}],\"inLanguage\":\"sk-SK\"},{\"@type\":\"Organization\",\"@id\":\"https:\\\/\\\/pmza.sk\\\/#organization\",\"name\":\"Pova\u017esk\u00e9 m\u00fazeum\",\"url\":\"https:\\\/\\\/pmza.sk\\\/\",\"logo\":{\"@type\":\"ImageObject\",\"inLanguage\":\"sk-SK\",\"@id\":\"https:\\\/\\\/pmza.sk\\\/#\\\/schema\\\/logo\\\/image\\\/\",\"url\":\"https:\\\/\\\/pmza.sk\\\/wp-content\\\/uploads\\\/2022\\\/01\\\/logo_PM_horizontal.jpg\",\"contentUrl\":\"https:\\\/\\\/pmza.sk\\\/wp-content\\\/uploads\\\/2022\\\/01\\\/logo_PM_horizontal.jpg\",\"width\":231,\"height\":142,\"caption\":\"Pova\u017esk\u00e9 m\u00fazeum\"},\"image\":{\"@id\":\"https:\\\/\\\/pmza.sk\\\/#\\\/schema\\\/logo\\\/image\\\/\"},\"sameAs\":[\"https:\\\/\\\/www.facebook.com\\\/povazskemuzeum\",\"https:\\\/\\\/www.instagram.com\\\/povazskemuzeum\\\/\"]},{\"@type\":\"Person\",\"@id\":\"https:\\\/\\\/pmza.sk\\\/#\\\/schema\\\/person\\\/595e6a2ce731ea94dcd5d7f50a41ae33\",\"name\":\"Pova\u017esk\u00e9 m\u00fazeum\",\"image\":{\"@type\":\"ImageObject\",\"inLanguage\":\"sk-SK\",\"@id\":\"https:\\\/\\\/secure.gravatar.com\\\/avatar\\\/2bb7f1561282132fb5826dfeccc66c7996d11ee392ac6aaf7ced8a1c2027fbb2?s=96&d=mm&r=g\",\"url\":\"https:\\\/\\\/secure.gravatar.com\\\/avatar\\\/2bb7f1561282132fb5826dfeccc66c7996d11ee392ac6aaf7ced8a1c2027fbb2?s=96&d=mm&r=g\",\"contentUrl\":\"https:\\\/\\\/secure.gravatar.com\\\/avatar\\\/2bb7f1561282132fb5826dfeccc66c7996d11ee392ac6aaf7ced8a1c2027fbb2?s=96&d=mm&r=g\",\"caption\":\"Pova\u017esk\u00e9 m\u00fazeum\"}}]}<\/script>\n<!-- \/ Yoast SEO plugin. -->","yoast_head_json":{"title":"D1\/M\u00fdtus o dia\u013enici - Pova\u017esk\u00e9 m\u00fazeum","robots":{"index":"index","follow":"follow","max-snippet":"max-snippet:-1","max-image-preview":"max-image-preview:large","max-video-preview":"max-video-preview:-1"},"canonical":"https:\/\/pmza.sk\/?p=63932","og_locale":"sk_SK","og_type":"article","og_title":"D1\/M\u00fdtus o dia\u013enici - Pova\u017esk\u00e9 m\u00fazeum","og_description":"Na hrad Stre\u010dno mieri nev\u0161edn\u00e1 v\u00fdstava. D1\/M\u00fdtus o\u00a0dia\u013enici je vizu\u00e1lnou prezent\u00e1ciou \u00faspe\u0161n\u00e9ho divadeln\u00e9ho predstavenia s\u00a0ofici\u00e1lnym n\u00e1zvom: \u201eD1 (pracovn\u00fd n\u00e1zov)\u201c, poch\u00e1dzaj\u00faceho zo Slovensk\u00e9ho komorn\u00e9ho divadla v\u00a0Martine. Inscen\u00e1cia o\u00a0v\u00fdstavbe dia\u013enice prep\u00e1jaj\u00facej Bratislavu s\u00a0Ko\u0161icami, ale aj o\u00a0Slovensku a\u00a0Slov\u00e1koch\u00a0z\u00edskala viacero ocenen\u00ed \u2013 na festivale Nov\u00e1 dr\u00e1ma\/New Drama 2021 Grand Prix a\u00a0Cenu bratislavsk\u00e9ho div\u00e1ka, a tie\u017e Cenu Akad\u00e9mie divadeln\u00fdch tvorcov [&hellip;]","og_url":"https:\/\/pmza.sk\/?p=63932","og_site_name":"Pova\u017esk\u00e9 m\u00fazeum","article_publisher":"https:\/\/www.facebook.com\/povazskemuzeum","article_published_time":"2024-06-11T07:42:53+00:00","article_modified_time":"2024-09-16T05:39:44+00:00","og_image":[{"width":2560,"height":2560,"url":"https:\/\/pmza.sk\/wp-content\/uploads\/2024\/06\/D1_web-scaled.jpg","type":"image\/jpeg"}],"author":"Pova\u017esk\u00e9 m\u00fazeum","twitter_card":"summary_large_image","twitter_misc":{"Autor":"Pova\u017esk\u00e9 m\u00fazeum","Predpokladan\u00fd \u010das \u010d\u00edtania":"2 min\u00faty"},"schema":{"@context":"https:\/\/schema.org","@graph":[{"@type":"Article","@id":"https:\/\/pmza.sk\/?p=63932#article","isPartOf":{"@id":"https:\/\/pmza.sk\/?p=63932"},"author":{"name":"Pova\u017esk\u00e9 m\u00fazeum","@id":"https:\/\/pmza.sk\/#\/schema\/person\/595e6a2ce731ea94dcd5d7f50a41ae33"},"headline":"D1\/M\u00fdtus o dia\u013enici","datePublished":"2024-06-11T07:42:53+00:00","dateModified":"2024-09-16T05:39:44+00:00","mainEntityOfPage":{"@id":"https:\/\/pmza.sk\/?p=63932"},"wordCount":330,"publisher":{"@id":"https:\/\/pmza.sk\/#organization"},"image":{"@id":"https:\/\/pmza.sk\/?p=63932#primaryimage"},"thumbnailUrl":"https:\/\/pmza.sk\/wp-content\/uploads\/2024\/06\/D1_web-scaled.jpg","articleSection":["V\u00fdstavy"],"inLanguage":"sk-SK"},{"@type":"WebPage","@id":"https:\/\/pmza.sk\/?p=63932","url":"https:\/\/pmza.sk\/?p=63932","name":"D1\/M\u00fdtus o dia\u013enici - Pova\u017esk\u00e9 m\u00fazeum","isPartOf":{"@id":"https:\/\/pmza.sk\/#website"},"primaryImageOfPage":{"@id":"https:\/\/pmza.sk\/?p=63932#primaryimage"},"image":{"@id":"https:\/\/pmza.sk\/?p=63932#primaryimage"},"thumbnailUrl":"https:\/\/pmza.sk\/wp-content\/uploads\/2024\/06\/D1_web-scaled.jpg","datePublished":"2024-06-11T07:42:53+00:00","dateModified":"2024-09-16T05:39:44+00:00","breadcrumb":{"@id":"https:\/\/pmza.sk\/?p=63932#breadcrumb"},"inLanguage":"sk-SK","potentialAction":[{"@type":"ReadAction","target":["https:\/\/pmza.sk\/?p=63932"]}]},{"@type":"ImageObject","inLanguage":"sk-SK","@id":"https:\/\/pmza.sk\/?p=63932#primaryimage","url":"https:\/\/pmza.sk\/wp-content\/uploads\/2024\/06\/D1_web-scaled.jpg","contentUrl":"https:\/\/pmza.sk\/wp-content\/uploads\/2024\/06\/D1_web-scaled.jpg","width":2560,"height":2560},{"@type":"BreadcrumbList","@id":"https:\/\/pmza.sk\/?p=63932#breadcrumb","itemListElement":[{"@type":"ListItem","position":1,"name":"Domovsk\u00e1 str\u00e1nka","item":"https:\/\/pmza.sk\/"},{"@type":"ListItem","position":2,"name":"D1\/M\u00fdtus o dia\u013enici"}]},{"@type":"WebSite","@id":"https:\/\/pmza.sk\/#website","url":"https:\/\/pmza.sk\/","name":"Pova\u017esk\u00e9 m\u00fazeum","description":"Pova\u017esk\u00e9 m\u00fazeum v \u017diline je region\u00e1lne m\u00fazeum so s\u00eddlom v Budat\u00edne. Jeho expoz\u00edcie s\u00fa zameran\u00e9 na dejiny slovensk\u00e9ho umenia, kult\u00fary a dopravy.","publisher":{"@id":"https:\/\/pmza.sk\/#organization"},"potentialAction":[{"@type":"SearchAction","target":{"@type":"EntryPoint","urlTemplate":"https:\/\/pmza.sk\/?s={search_term_string}"},"query-input":{"@type":"PropertyValueSpecification","valueRequired":true,"valueName":"search_term_string"}}],"inLanguage":"sk-SK"},{"@type":"Organization","@id":"https:\/\/pmza.sk\/#organization","name":"Pova\u017esk\u00e9 m\u00fazeum","url":"https:\/\/pmza.sk\/","logo":{"@type":"ImageObject","inLanguage":"sk-SK","@id":"https:\/\/pmza.sk\/#\/schema\/logo\/image\/","url":"https:\/\/pmza.sk\/wp-content\/uploads\/2022\/01\/logo_PM_horizontal.jpg","contentUrl":"https:\/\/pmza.sk\/wp-content\/uploads\/2022\/01\/logo_PM_horizontal.jpg","width":231,"height":142,"caption":"Pova\u017esk\u00e9 m\u00fazeum"},"image":{"@id":"https:\/\/pmza.sk\/#\/schema\/logo\/image\/"},"sameAs":["https:\/\/www.facebook.com\/povazskemuzeum","https:\/\/www.instagram.com\/povazskemuzeum\/"]},{"@type":"Person","@id":"https:\/\/pmza.sk\/#\/schema\/person\/595e6a2ce731ea94dcd5d7f50a41ae33","name":"Pova\u017esk\u00e9 m\u00fazeum","image":{"@type":"ImageObject","inLanguage":"sk-SK","@id":"https:\/\/secure.gravatar.com\/avatar\/2bb7f1561282132fb5826dfeccc66c7996d11ee392ac6aaf7ced8a1c2027fbb2?s=96&d=mm&r=g","url":"https:\/\/secure.gravatar.com\/avatar\/2bb7f1561282132fb5826dfeccc66c7996d11ee392ac6aaf7ced8a1c2027fbb2?s=96&d=mm&r=g","contentUrl":"https:\/\/secure.gravatar.com\/avatar\/2bb7f1561282132fb5826dfeccc66c7996d11ee392ac6aaf7ced8a1c2027fbb2?s=96&d=mm&r=g","caption":"Pova\u017esk\u00e9 m\u00fazeum"}}]}},"_links":{"self":[{"href":"https:\/\/pmza.sk\/index.php?rest_route=\/wp\/v2\/posts\/63932","targetHints":{"allow":["GET"]}}],"collection":[{"href":"https:\/\/pmza.sk\/index.php?rest_route=\/wp\/v2\/posts"}],"about":[{"href":"https:\/\/pmza.sk\/index.php?rest_route=\/wp\/v2\/types\/post"}],"author":[{"embeddable":true,"href":"https:\/\/pmza.sk\/index.php?rest_route=\/wp\/v2\/users\/2"}],"replies":[{"embeddable":true,"href":"https:\/\/pmza.sk\/index.php?rest_route=%2Fwp%2Fv2%2Fcomments&post=63932"}],"version-history":[{"count":0,"href":"https:\/\/pmza.sk\/index.php?rest_route=\/wp\/v2\/posts\/63932\/revisions"}],"wp:featuredmedia":[{"embeddable":true,"href":"https:\/\/pmza.sk\/index.php?rest_route=\/wp\/v2\/media\/63935"}],"wp:attachment":[{"href":"https:\/\/pmza.sk\/index.php?rest_route=%2Fwp%2Fv2%2Fmedia&parent=63932"}],"wp:term":[{"taxonomy":"category","embeddable":true,"href":"https:\/\/pmza.sk\/index.php?rest_route=%2Fwp%2Fv2%2Fcategories&post=63932"},{"taxonomy":"post_tag","embeddable":true,"href":"https:\/\/pmza.sk\/index.php?rest_route=%2Fwp%2Fv2%2Ftags&post=63932"}],"curies":[{"name":"wp","href":"https:\/\/api.w.org\/{rel}","templated":true}]}}