{"id":64360,"date":"2024-06-28T07:51:48","date_gmt":"2024-06-28T05:51:48","guid":{"rendered":"https:\/\/pmza.sk\/?p=64360"},"modified":"2024-10-17T09:25:41","modified_gmt":"2024-10-17T07:25:41","slug":"prekvapive-archeologicke-nalezy-zo-starhradu","status":"publish","type":"post","link":"https:\/\/pmza.sk\/?p=64360","title":{"rendered":"Prekvapiv\u00e9 archeologick\u00e9 n\u00e1lezy zo Starhradu"},"content":{"rendered":"<p>Na Starhrade sa v\u00a0mesiaci j\u00fan so s\u00fahlasom Krajsk\u00e9ho pamiatkov\u00e9ho \u00faradu v\u00a0\u017diline realizoval archeologick\u00fd v\u00fdskum severn\u00e9ho svahu hradn\u00e9ho kopca, ktor\u00fd u\u017e v\u00a0minulosti uk\u00e1zal, \u017ee toto skalnat\u00e9 bralo t\u00fd\u010diace sa nad meandrom V\u00e1hu bolo zrejme os\u00eddlen\u00e9 u\u017e v\u00a0praveku.<\/p>\n<p>Prudk\u00fd severn\u00fd svah, so sklonom presahuj\u00facim 45\u02da bol systematicky presk\u00faman\u00fd pomocou detektorov kovov vo viacer\u00fdch etap\u00e1ch archeol\u00f3gmi Zuzanou Stanekovou (Pova\u017esk\u00e9 m\u00fazeum) a\u00a0Marekom Bothom (SNM v\u00a0Martine). Po\u010das z\u00e1vere\u010dnej f\u00e1zy, ke\u010f bolo jednozna\u010dne potvrden\u00e9, \u017ee tento druh v\u00fdskumu je ve\u013emi pr\u00ednosn\u00fd, boli na spolupr\u00e1cu prizvan\u00e9 ob\u010dianske zdru\u017eenia Slovansk\u00e9 hradisk\u00e1 a\u00a0Spolok Septentrio, ktor\u00e9 sa dlhoro\u010dne z\u00fa\u010dast\u0148uj\u00fa na archeologick\u00fdch v\u00fdskumoch po celom Slovensku. Pod pr\u00edsnym doh\u013eadom archeol\u00f3gov sa teda v\u00a0piatok 21. 6. 2024 realizovala z\u00e1vere\u010dn\u00e1 etapa v\u00fdskumu severn\u00e9ho svahu. V\u0161etky z\u00edskan\u00e9 n\u00e1lezy boli starostlivo fotograficky aj polohopisne zdokumentovan\u00e9 (GPS s\u00faradnice).<\/p>\n<p>Po\u010das j\u00fanov\u00e9ho archeologick\u00e9ho v\u00fdskumu bolo pod\u013ea o\u010dak\u00e1van\u00ed objaven\u00e9 mno\u017estvo n\u00e1lezov zo stredoveku, ale i\u00a0z\u00a0praveku, konkr\u00e9tne z\u00a0obdobia prelomu letopo\u010dtov, ke\u010f na bud\u00facom hradnom kopci existovalo v\u00fd\u0161inn\u00e9 s\u00eddlisko p\u00fachovskej kult\u00fary, bezpochyby str\u00e1\u017eiace vodn\u00fa cestu a\u00a0brod pod bralom. Z\u00a0najzauj\u00edmavej\u0161\u00edch n\u00e1lezov mo\u017eno spomen\u00fa\u0165 ostrohy a\u00a0\u017eelezn\u00e9 a\u00a0bronzov\u00e9 spony na sp\u00ednanie odevu \u010di predmincovn\u00e9 platidlo. Mlad\u0161iu, stredovek\u00fa f\u00e1zu os\u00eddlenia reprezentuj\u00fa n\u00e1lezy hrotov \u0161\u00edpov do ku\u0161\u00ed, konsk\u00e9 podkovy, ostroha, pracka z\u00a0ostrohy, stavebn\u00e9 kovania a\u00a0podobne. Najv\u00fdznamnej\u0161\u00edm n\u00e1lezom je strieborn\u00e1 minca uhorsk\u00e9ho kr\u00e1\u013ea Ondreja II z\u00a0rokov 1205 \u2013 1235. D\u00e1tum razby tejto mince toti\u017e o\u00a0nieko\u013eko desa\u0165ro\u010d\u00ed predbieha dosia\u013e predpokladan\u00fd vznik hradu, ktor\u00fd sa datoval niekedy na koniec 13. stor. Objav mince zo za\u010diatku 13. storo\u010dia nazna\u010duje, \u017ee hrad zrejme vznikol e\u0161te pred tat\u00e1rskym (mongolsk\u00fdm) vp\u00e1dom do Uhorska, ku ktor\u00e9mu do\u0161lo v\u00a0rokoch 1241 \u2013 1242.<\/p>\n<p>Mal\u00fa uk\u00e1\u017eku n\u00e1lezov si m\u00f4\u017eete pozrie\u0165 na obr\u00e1zkoch ni\u017e\u0161ie. V\u0161etky predmety bud\u00fa n\u00e1sledne skatalogizovan\u00e9 a odovzdan\u00e9 konzerv\u00e1torke kovu Pova\u017esk\u00e9ho m\u00fazea, Barbore Lokajovej, ktor\u00e1 ich zbav\u00ed kor\u00f3zie a\u00a0zakonzervuje tak, aby nedoch\u00e1dzalo k\u00a0ich \u010fal\u0161iemu po\u0161kodzovaniu. \u010casom ich budete m\u00f4c\u0165 vidie\u0165 aj na\u017eivo v\u00a0archeologickej expoz\u00edcii venovanej opevneniam, ktor\u00e1 je in\u0161talovan\u00e1 v\u00a0Budat\u00ednskom hrade.<\/p>\n<p>PhDr. Zuzana Stanekov\u00e1, Mgr. Marek Both<\/p>\n<div class=\"wp-block-image\"><img fetchpriority=\"high\" decoding=\"async\" class=\"wpa-warning wpa-image-missing-alt alignnone wp-image-64456\" src=\"https:\/\/pmza.sk\/wp-content\/uploads\/2024\/06\/Untitled-2-293x360.jpg\" alt=\"\" width=\"385\" height=\"473\" data-warning=\"Missing alt text\" srcset=\"https:\/\/pmza.sk\/wp-content\/uploads\/2024\/06\/Untitled-2-293x360.jpg 293w, https:\/\/pmza.sk\/wp-content\/uploads\/2024\/06\/Untitled-2-598x736.jpg 598w, https:\/\/pmza.sk\/wp-content\/uploads\/2024\/06\/Untitled-2-768x945.jpg 768w, https:\/\/pmza.sk\/wp-content\/uploads\/2024\/06\/Untitled-2-1248x1536.jpg 1248w, https:\/\/pmza.sk\/wp-content\/uploads\/2024\/06\/Untitled-2-600x738.jpg 600w, https:\/\/pmza.sk\/wp-content\/uploads\/2024\/06\/Untitled-2.jpg 1649w\" sizes=\"(max-width: 385px) 100vw, 385px\" \/><\/div>\n<div><\/div>\n<div>\n<div class=\"wp-block-image\"><img decoding=\"async\" class=\"wpa-warning wpa-image-missing-alt alignnone wp-image-64455\" src=\"https:\/\/pmza.sk\/wp-content\/uploads\/2024\/06\/Untitled-1-570x203.jpg\" alt=\"\" width=\"738\" height=\"263\" data-warning=\"Missing alt text\" srcset=\"https:\/\/pmza.sk\/wp-content\/uploads\/2024\/06\/Untitled-1-570x203.jpg 570w, https:\/\/pmza.sk\/wp-content\/uploads\/2024\/06\/Untitled-1-1170x417.jpg 1170w, https:\/\/pmza.sk\/wp-content\/uploads\/2024\/06\/Untitled-1-768x274.jpg 768w, https:\/\/pmza.sk\/wp-content\/uploads\/2024\/06\/Untitled-1-1536x548.jpg 1536w, https:\/\/pmza.sk\/wp-content\/uploads\/2024\/06\/Untitled-1-600x214.jpg 600w, https:\/\/pmza.sk\/wp-content\/uploads\/2024\/06\/Untitled-1.jpg 2043w\" sizes=\"(max-width: 738px) 100vw, 738px\" \/><\/div>\n<\/div>\n<p>&nbsp;<\/p>\n<p>&nbsp;<\/p>\n","protected":false},"excerpt":{"rendered":"<p>Na Starhrade sa v\u00a0mesiaci j\u00fan so s\u00fahlasom Krajsk\u00e9ho pamiatkov\u00e9ho \u00faradu v\u00a0\u017diline realizoval archeologick\u00fd v\u00fdskum severn\u00e9ho svahu hradn\u00e9ho kopca, ktor\u00fd u\u017e v\u00a0minulosti uk\u00e1zal, \u017ee toto skalnat\u00e9 bralo t\u00fd\u010diace sa nad meandrom V\u00e1hu bolo zrejme os\u00eddlen\u00e9 u\u017e v\u00a0praveku. Prudk\u00fd severn\u00fd svah, so sklonom presahuj\u00facim 45\u02da bol systematicky presk\u00faman\u00fd pomocou detektorov kovov vo viacer\u00fdch etap\u00e1ch archeol\u00f3gmi Zuzanou Stanekovou [&hellip;]<\/p>\n","protected":false},"author":2,"featured_media":64436,"comment_status":"closed","ping_status":"closed","sticky":false,"template":"","format":"standard","meta":{"site-sidebar-layout":"default","site-content-layout":"default","ast-site-content-layout":"","site-content-style":"default","site-sidebar-style":"default","ast-global-header-display":"","ast-banner-title-visibility":"","ast-main-header-display":"","ast-hfb-above-header-display":"","ast-hfb-below-header-display":"","ast-hfb-mobile-header-display":"","site-post-title":"","ast-breadcrumbs-content":"","ast-featured-img":"","footer-sml-layout":"","theme-transparent-header-meta":"default","adv-header-id-meta":"","stick-header-meta":"default","header-above-stick-meta":"","header-main-stick-meta":"","header-below-stick-meta":"","astra-migrate-meta-layouts":"default","ast-page-background-enabled":"default","ast-page-background-meta":{"desktop":{"background-color":"var(--ast-global-color-4)","background-image":"","background-repeat":"repeat","background-position":"center center","background-size":"auto","background-attachment":"scroll","background-type":"","background-media":"","overlay-type":"","overlay-color":"","overlay-opacity":"","overlay-gradient":""},"tablet":{"background-color":"","background-image":"","background-repeat":"repeat","background-position":"center center","background-size":"auto","background-attachment":"scroll","background-type":"","background-media":"","overlay-type":"","overlay-color":"","overlay-opacity":"","overlay-gradient":""},"mobile":{"background-color":"","background-image":"","background-repeat":"repeat","background-position":"center center","background-size":"auto","background-attachment":"scroll","background-type":"","background-media":"","overlay-type":"","overlay-color":"","overlay-opacity":"","overlay-gradient":""}},"ast-content-background-meta":{"desktop":{"background-color":"var(--ast-global-color-5)","background-image":"","background-repeat":"repeat","background-position":"center center","background-size":"auto","background-attachment":"scroll","background-type":"","background-media":"","overlay-type":"","overlay-color":"","overlay-opacity":"","overlay-gradient":""},"tablet":{"background-color":"var(--ast-global-color-5)","background-image":"","background-repeat":"repeat","background-position":"center center","background-size":"auto","background-attachment":"scroll","background-type":"","background-media":"","overlay-type":"","overlay-color":"","overlay-opacity":"","overlay-gradient":""},"mobile":{"background-color":"var(--ast-global-color-5)","background-image":"","background-repeat":"repeat","background-position":"center center","background-size":"auto","background-attachment":"scroll","background-type":"","background-media":"","overlay-type":"","overlay-color":"","overlay-opacity":"","overlay-gradient":""}},"footnotes":""},"categories":[31],"tags":[],"class_list":["post-64360","post","type-post","status-publish","format-standard","has-post-thumbnail","hentry","category-aktuality"],"yoast_head":"<!-- This site is optimized with the Yoast SEO plugin v27.4 - https:\/\/yoast.com\/product\/yoast-seo-wordpress\/ -->\n<title>Prekvapiv\u00e9 archeologick\u00e9 n\u00e1lezy zo Starhradu - Pova\u017esk\u00e9 m\u00fazeum<\/title>\n<meta name=\"robots\" content=\"index, follow, max-snippet:-1, max-image-preview:large, max-video-preview:-1\" \/>\n<link rel=\"canonical\" href=\"https:\/\/pmza.sk\/?p=64360\" \/>\n<meta property=\"og:locale\" content=\"sk_SK\" \/>\n<meta property=\"og:type\" content=\"article\" \/>\n<meta property=\"og:title\" content=\"Prekvapiv\u00e9 archeologick\u00e9 n\u00e1lezy zo Starhradu - Pova\u017esk\u00e9 m\u00fazeum\" \/>\n<meta property=\"og:description\" content=\"Na Starhrade sa v\u00a0mesiaci j\u00fan so s\u00fahlasom Krajsk\u00e9ho pamiatkov\u00e9ho \u00faradu v\u00a0\u017diline realizoval archeologick\u00fd v\u00fdskum severn\u00e9ho svahu hradn\u00e9ho kopca, ktor\u00fd u\u017e v\u00a0minulosti uk\u00e1zal, \u017ee toto skalnat\u00e9 bralo t\u00fd\u010diace sa nad meandrom V\u00e1hu bolo zrejme os\u00eddlen\u00e9 u\u017e v\u00a0praveku. Prudk\u00fd severn\u00fd svah, so sklonom presahuj\u00facim 45\u02da bol systematicky presk\u00faman\u00fd pomocou detektorov kovov vo viacer\u00fdch etap\u00e1ch archeol\u00f3gmi Zuzanou Stanekovou [&hellip;]\" \/>\n<meta property=\"og:url\" content=\"https:\/\/pmza.sk\/?p=64360\" \/>\n<meta property=\"og:site_name\" content=\"Pova\u017esk\u00e9 m\u00fazeum\" \/>\n<meta property=\"article:publisher\" content=\"https:\/\/www.facebook.com\/povazskemuzeum\" \/>\n<meta property=\"article:published_time\" content=\"2024-06-28T05:51:48+00:00\" \/>\n<meta property=\"article:modified_time\" content=\"2024-10-17T07:25:41+00:00\" \/>\n<meta property=\"og:image\" content=\"https:\/\/pmza.sk\/wp-content\/uploads\/2024\/06\/IMG_20200821_132126_1.jpg\" \/>\n\t<meta property=\"og:image:width\" content=\"2041\" \/>\n\t<meta property=\"og:image:height\" content=\"1780\" \/>\n\t<meta property=\"og:image:type\" content=\"image\/jpeg\" \/>\n<meta name=\"author\" content=\"Pova\u017esk\u00e9 m\u00fazeum\" \/>\n<meta name=\"twitter:card\" content=\"summary_large_image\" \/>\n<meta name=\"twitter:label1\" content=\"Autor\" \/>\n\t<meta name=\"twitter:data1\" content=\"Pova\u017esk\u00e9 m\u00fazeum\" \/>\n\t<meta name=\"twitter:label2\" content=\"Predpokladan\u00fd \u010das \u010d\u00edtania\" \/>\n\t<meta name=\"twitter:data2\" content=\"2 min\u00faty\" \/>\n<script type=\"application\/ld+json\" class=\"yoast-schema-graph\">{\"@context\":\"https:\\\/\\\/schema.org\",\"@graph\":[{\"@type\":\"Article\",\"@id\":\"https:\\\/\\\/pmza.sk\\\/?p=64360#article\",\"isPartOf\":{\"@id\":\"https:\\\/\\\/pmza.sk\\\/?p=64360\"},\"author\":{\"name\":\"Pova\u017esk\u00e9 m\u00fazeum\",\"@id\":\"https:\\\/\\\/pmza.sk\\\/#\\\/schema\\\/person\\\/595e6a2ce731ea94dcd5d7f50a41ae33\"},\"headline\":\"Prekvapiv\u00e9 archeologick\u00e9 n\u00e1lezy zo Starhradu\",\"datePublished\":\"2024-06-28T05:51:48+00:00\",\"dateModified\":\"2024-10-17T07:25:41+00:00\",\"mainEntityOfPage\":{\"@id\":\"https:\\\/\\\/pmza.sk\\\/?p=64360\"},\"wordCount\":431,\"publisher\":{\"@id\":\"https:\\\/\\\/pmza.sk\\\/#organization\"},\"image\":{\"@id\":\"https:\\\/\\\/pmza.sk\\\/?p=64360#primaryimage\"},\"thumbnailUrl\":\"https:\\\/\\\/pmza.sk\\\/wp-content\\\/uploads\\\/2024\\\/06\\\/IMG_20200821_132126_1.jpg\",\"articleSection\":[\"Aktuality\"],\"inLanguage\":\"sk-SK\"},{\"@type\":\"WebPage\",\"@id\":\"https:\\\/\\\/pmza.sk\\\/?p=64360\",\"url\":\"https:\\\/\\\/pmza.sk\\\/?p=64360\",\"name\":\"Prekvapiv\u00e9 archeologick\u00e9 n\u00e1lezy zo Starhradu - Pova\u017esk\u00e9 m\u00fazeum\",\"isPartOf\":{\"@id\":\"https:\\\/\\\/pmza.sk\\\/#website\"},\"primaryImageOfPage\":{\"@id\":\"https:\\\/\\\/pmza.sk\\\/?p=64360#primaryimage\"},\"image\":{\"@id\":\"https:\\\/\\\/pmza.sk\\\/?p=64360#primaryimage\"},\"thumbnailUrl\":\"https:\\\/\\\/pmza.sk\\\/wp-content\\\/uploads\\\/2024\\\/06\\\/IMG_20200821_132126_1.jpg\",\"datePublished\":\"2024-06-28T05:51:48+00:00\",\"dateModified\":\"2024-10-17T07:25:41+00:00\",\"breadcrumb\":{\"@id\":\"https:\\\/\\\/pmza.sk\\\/?p=64360#breadcrumb\"},\"inLanguage\":\"sk-SK\",\"potentialAction\":[{\"@type\":\"ReadAction\",\"target\":[\"https:\\\/\\\/pmza.sk\\\/?p=64360\"]}]},{\"@type\":\"ImageObject\",\"inLanguage\":\"sk-SK\",\"@id\":\"https:\\\/\\\/pmza.sk\\\/?p=64360#primaryimage\",\"url\":\"https:\\\/\\\/pmza.sk\\\/wp-content\\\/uploads\\\/2024\\\/06\\\/IMG_20200821_132126_1.jpg\",\"contentUrl\":\"https:\\\/\\\/pmza.sk\\\/wp-content\\\/uploads\\\/2024\\\/06\\\/IMG_20200821_132126_1.jpg\",\"width\":2041,\"height\":1780},{\"@type\":\"BreadcrumbList\",\"@id\":\"https:\\\/\\\/pmza.sk\\\/?p=64360#breadcrumb\",\"itemListElement\":[{\"@type\":\"ListItem\",\"position\":1,\"name\":\"Domovsk\u00e1 str\u00e1nka\",\"item\":\"https:\\\/\\\/pmza.sk\\\/\"},{\"@type\":\"ListItem\",\"position\":2,\"name\":\"Prekvapiv\u00e9 archeologick\u00e9 n\u00e1lezy zo Starhradu\"}]},{\"@type\":\"WebSite\",\"@id\":\"https:\\\/\\\/pmza.sk\\\/#website\",\"url\":\"https:\\\/\\\/pmza.sk\\\/\",\"name\":\"Pova\u017esk\u00e9 m\u00fazeum\",\"description\":\"Pova\u017esk\u00e9 m\u00fazeum v \u017diline je region\u00e1lne m\u00fazeum so s\u00eddlom v Budat\u00edne. Jeho expoz\u00edcie s\u00fa zameran\u00e9 na dejiny slovensk\u00e9ho umenia, kult\u00fary a dopravy.\",\"publisher\":{\"@id\":\"https:\\\/\\\/pmza.sk\\\/#organization\"},\"potentialAction\":[{\"@type\":\"SearchAction\",\"target\":{\"@type\":\"EntryPoint\",\"urlTemplate\":\"https:\\\/\\\/pmza.sk\\\/?s={search_term_string}\"},\"query-input\":{\"@type\":\"PropertyValueSpecification\",\"valueRequired\":true,\"valueName\":\"search_term_string\"}}],\"inLanguage\":\"sk-SK\"},{\"@type\":\"Organization\",\"@id\":\"https:\\\/\\\/pmza.sk\\\/#organization\",\"name\":\"Pova\u017esk\u00e9 m\u00fazeum\",\"url\":\"https:\\\/\\\/pmza.sk\\\/\",\"logo\":{\"@type\":\"ImageObject\",\"inLanguage\":\"sk-SK\",\"@id\":\"https:\\\/\\\/pmza.sk\\\/#\\\/schema\\\/logo\\\/image\\\/\",\"url\":\"https:\\\/\\\/pmza.sk\\\/wp-content\\\/uploads\\\/2022\\\/01\\\/logo_PM_horizontal.jpg\",\"contentUrl\":\"https:\\\/\\\/pmza.sk\\\/wp-content\\\/uploads\\\/2022\\\/01\\\/logo_PM_horizontal.jpg\",\"width\":231,\"height\":142,\"caption\":\"Pova\u017esk\u00e9 m\u00fazeum\"},\"image\":{\"@id\":\"https:\\\/\\\/pmza.sk\\\/#\\\/schema\\\/logo\\\/image\\\/\"},\"sameAs\":[\"https:\\\/\\\/www.facebook.com\\\/povazskemuzeum\",\"https:\\\/\\\/www.instagram.com\\\/povazskemuzeum\\\/\"]},{\"@type\":\"Person\",\"@id\":\"https:\\\/\\\/pmza.sk\\\/#\\\/schema\\\/person\\\/595e6a2ce731ea94dcd5d7f50a41ae33\",\"name\":\"Pova\u017esk\u00e9 m\u00fazeum\",\"image\":{\"@type\":\"ImageObject\",\"inLanguage\":\"sk-SK\",\"@id\":\"https:\\\/\\\/secure.gravatar.com\\\/avatar\\\/2bb7f1561282132fb5826dfeccc66c7996d11ee392ac6aaf7ced8a1c2027fbb2?s=96&d=mm&r=g\",\"url\":\"https:\\\/\\\/secure.gravatar.com\\\/avatar\\\/2bb7f1561282132fb5826dfeccc66c7996d11ee392ac6aaf7ced8a1c2027fbb2?s=96&d=mm&r=g\",\"contentUrl\":\"https:\\\/\\\/secure.gravatar.com\\\/avatar\\\/2bb7f1561282132fb5826dfeccc66c7996d11ee392ac6aaf7ced8a1c2027fbb2?s=96&d=mm&r=g\",\"caption\":\"Pova\u017esk\u00e9 m\u00fazeum\"}}]}<\/script>\n<!-- \/ Yoast SEO plugin. -->","yoast_head_json":{"title":"Prekvapiv\u00e9 archeologick\u00e9 n\u00e1lezy zo Starhradu - Pova\u017esk\u00e9 m\u00fazeum","robots":{"index":"index","follow":"follow","max-snippet":"max-snippet:-1","max-image-preview":"max-image-preview:large","max-video-preview":"max-video-preview:-1"},"canonical":"https:\/\/pmza.sk\/?p=64360","og_locale":"sk_SK","og_type":"article","og_title":"Prekvapiv\u00e9 archeologick\u00e9 n\u00e1lezy zo Starhradu - Pova\u017esk\u00e9 m\u00fazeum","og_description":"Na Starhrade sa v\u00a0mesiaci j\u00fan so s\u00fahlasom Krajsk\u00e9ho pamiatkov\u00e9ho \u00faradu v\u00a0\u017diline realizoval archeologick\u00fd v\u00fdskum severn\u00e9ho svahu hradn\u00e9ho kopca, ktor\u00fd u\u017e v\u00a0minulosti uk\u00e1zal, \u017ee toto skalnat\u00e9 bralo t\u00fd\u010diace sa nad meandrom V\u00e1hu bolo zrejme os\u00eddlen\u00e9 u\u017e v\u00a0praveku. Prudk\u00fd severn\u00fd svah, so sklonom presahuj\u00facim 45\u02da bol systematicky presk\u00faman\u00fd pomocou detektorov kovov vo viacer\u00fdch etap\u00e1ch archeol\u00f3gmi Zuzanou Stanekovou [&hellip;]","og_url":"https:\/\/pmza.sk\/?p=64360","og_site_name":"Pova\u017esk\u00e9 m\u00fazeum","article_publisher":"https:\/\/www.facebook.com\/povazskemuzeum","article_published_time":"2024-06-28T05:51:48+00:00","article_modified_time":"2024-10-17T07:25:41+00:00","og_image":[{"width":2041,"height":1780,"url":"https:\/\/pmza.sk\/wp-content\/uploads\/2024\/06\/IMG_20200821_132126_1.jpg","type":"image\/jpeg"}],"author":"Pova\u017esk\u00e9 m\u00fazeum","twitter_card":"summary_large_image","twitter_misc":{"Autor":"Pova\u017esk\u00e9 m\u00fazeum","Predpokladan\u00fd \u010das \u010d\u00edtania":"2 min\u00faty"},"schema":{"@context":"https:\/\/schema.org","@graph":[{"@type":"Article","@id":"https:\/\/pmza.sk\/?p=64360#article","isPartOf":{"@id":"https:\/\/pmza.sk\/?p=64360"},"author":{"name":"Pova\u017esk\u00e9 m\u00fazeum","@id":"https:\/\/pmza.sk\/#\/schema\/person\/595e6a2ce731ea94dcd5d7f50a41ae33"},"headline":"Prekvapiv\u00e9 archeologick\u00e9 n\u00e1lezy zo Starhradu","datePublished":"2024-06-28T05:51:48+00:00","dateModified":"2024-10-17T07:25:41+00:00","mainEntityOfPage":{"@id":"https:\/\/pmza.sk\/?p=64360"},"wordCount":431,"publisher":{"@id":"https:\/\/pmza.sk\/#organization"},"image":{"@id":"https:\/\/pmza.sk\/?p=64360#primaryimage"},"thumbnailUrl":"https:\/\/pmza.sk\/wp-content\/uploads\/2024\/06\/IMG_20200821_132126_1.jpg","articleSection":["Aktuality"],"inLanguage":"sk-SK"},{"@type":"WebPage","@id":"https:\/\/pmza.sk\/?p=64360","url":"https:\/\/pmza.sk\/?p=64360","name":"Prekvapiv\u00e9 archeologick\u00e9 n\u00e1lezy zo Starhradu - Pova\u017esk\u00e9 m\u00fazeum","isPartOf":{"@id":"https:\/\/pmza.sk\/#website"},"primaryImageOfPage":{"@id":"https:\/\/pmza.sk\/?p=64360#primaryimage"},"image":{"@id":"https:\/\/pmza.sk\/?p=64360#primaryimage"},"thumbnailUrl":"https:\/\/pmza.sk\/wp-content\/uploads\/2024\/06\/IMG_20200821_132126_1.jpg","datePublished":"2024-06-28T05:51:48+00:00","dateModified":"2024-10-17T07:25:41+00:00","breadcrumb":{"@id":"https:\/\/pmza.sk\/?p=64360#breadcrumb"},"inLanguage":"sk-SK","potentialAction":[{"@type":"ReadAction","target":["https:\/\/pmza.sk\/?p=64360"]}]},{"@type":"ImageObject","inLanguage":"sk-SK","@id":"https:\/\/pmza.sk\/?p=64360#primaryimage","url":"https:\/\/pmza.sk\/wp-content\/uploads\/2024\/06\/IMG_20200821_132126_1.jpg","contentUrl":"https:\/\/pmza.sk\/wp-content\/uploads\/2024\/06\/IMG_20200821_132126_1.jpg","width":2041,"height":1780},{"@type":"BreadcrumbList","@id":"https:\/\/pmza.sk\/?p=64360#breadcrumb","itemListElement":[{"@type":"ListItem","position":1,"name":"Domovsk\u00e1 str\u00e1nka","item":"https:\/\/pmza.sk\/"},{"@type":"ListItem","position":2,"name":"Prekvapiv\u00e9 archeologick\u00e9 n\u00e1lezy zo Starhradu"}]},{"@type":"WebSite","@id":"https:\/\/pmza.sk\/#website","url":"https:\/\/pmza.sk\/","name":"Pova\u017esk\u00e9 m\u00fazeum","description":"Pova\u017esk\u00e9 m\u00fazeum v \u017diline je region\u00e1lne m\u00fazeum so s\u00eddlom v Budat\u00edne. Jeho expoz\u00edcie s\u00fa zameran\u00e9 na dejiny slovensk\u00e9ho umenia, kult\u00fary a dopravy.","publisher":{"@id":"https:\/\/pmza.sk\/#organization"},"potentialAction":[{"@type":"SearchAction","target":{"@type":"EntryPoint","urlTemplate":"https:\/\/pmza.sk\/?s={search_term_string}"},"query-input":{"@type":"PropertyValueSpecification","valueRequired":true,"valueName":"search_term_string"}}],"inLanguage":"sk-SK"},{"@type":"Organization","@id":"https:\/\/pmza.sk\/#organization","name":"Pova\u017esk\u00e9 m\u00fazeum","url":"https:\/\/pmza.sk\/","logo":{"@type":"ImageObject","inLanguage":"sk-SK","@id":"https:\/\/pmza.sk\/#\/schema\/logo\/image\/","url":"https:\/\/pmza.sk\/wp-content\/uploads\/2022\/01\/logo_PM_horizontal.jpg","contentUrl":"https:\/\/pmza.sk\/wp-content\/uploads\/2022\/01\/logo_PM_horizontal.jpg","width":231,"height":142,"caption":"Pova\u017esk\u00e9 m\u00fazeum"},"image":{"@id":"https:\/\/pmza.sk\/#\/schema\/logo\/image\/"},"sameAs":["https:\/\/www.facebook.com\/povazskemuzeum","https:\/\/www.instagram.com\/povazskemuzeum\/"]},{"@type":"Person","@id":"https:\/\/pmza.sk\/#\/schema\/person\/595e6a2ce731ea94dcd5d7f50a41ae33","name":"Pova\u017esk\u00e9 m\u00fazeum","image":{"@type":"ImageObject","inLanguage":"sk-SK","@id":"https:\/\/secure.gravatar.com\/avatar\/2bb7f1561282132fb5826dfeccc66c7996d11ee392ac6aaf7ced8a1c2027fbb2?s=96&d=mm&r=g","url":"https:\/\/secure.gravatar.com\/avatar\/2bb7f1561282132fb5826dfeccc66c7996d11ee392ac6aaf7ced8a1c2027fbb2?s=96&d=mm&r=g","contentUrl":"https:\/\/secure.gravatar.com\/avatar\/2bb7f1561282132fb5826dfeccc66c7996d11ee392ac6aaf7ced8a1c2027fbb2?s=96&d=mm&r=g","caption":"Pova\u017esk\u00e9 m\u00fazeum"}}]}},"_links":{"self":[{"href":"https:\/\/pmza.sk\/index.php?rest_route=\/wp\/v2\/posts\/64360","targetHints":{"allow":["GET"]}}],"collection":[{"href":"https:\/\/pmza.sk\/index.php?rest_route=\/wp\/v2\/posts"}],"about":[{"href":"https:\/\/pmza.sk\/index.php?rest_route=\/wp\/v2\/types\/post"}],"author":[{"embeddable":true,"href":"https:\/\/pmza.sk\/index.php?rest_route=\/wp\/v2\/users\/2"}],"replies":[{"embeddable":true,"href":"https:\/\/pmza.sk\/index.php?rest_route=%2Fwp%2Fv2%2Fcomments&post=64360"}],"version-history":[{"count":0,"href":"https:\/\/pmza.sk\/index.php?rest_route=\/wp\/v2\/posts\/64360\/revisions"}],"wp:featuredmedia":[{"embeddable":true,"href":"https:\/\/pmza.sk\/index.php?rest_route=\/wp\/v2\/media\/64436"}],"wp:attachment":[{"href":"https:\/\/pmza.sk\/index.php?rest_route=%2Fwp%2Fv2%2Fmedia&parent=64360"}],"wp:term":[{"taxonomy":"category","embeddable":true,"href":"https:\/\/pmza.sk\/index.php?rest_route=%2Fwp%2Fv2%2Fcategories&post=64360"},{"taxonomy":"post_tag","embeddable":true,"href":"https:\/\/pmza.sk\/index.php?rest_route=%2Fwp%2Fv2%2Ftags&post=64360"}],"curies":[{"name":"wp","href":"https:\/\/api.w.org\/{rel}","templated":true}]}}