{"id":64366,"date":"2024-06-28T14:39:08","date_gmt":"2024-06-28T12:39:08","guid":{"rendered":"https:\/\/pmza.sk\/?p=64366"},"modified":"2024-09-30T07:57:45","modified_gmt":"2024-09-30T05:57:45","slug":"prebudena-plastika","status":"publish","type":"post","link":"https:\/\/pmza.sk\/?p=64366","title":{"rendered":"Prebuden\u00e1 plastika"},"content":{"rendered":"<p>V\u00a0kaplnke Budat\u00ednskeho hradu te\u0161\u00ed n\u00e1v\u0161tevn\u00edkov od 5. 7. 2024 nov\u00e1 v\u00fdstava s\u00a0n\u00e1zvom Prebuden\u00e1 plastika, ktor\u00e1 poz\u00fdva nahliadnu\u0165 do sveta ukryt\u00e9ho v depozit\u00e1roch Pova\u017esk\u00e9ho m\u00fazea. V\u00fdber z diel pod gesciou historika umenia Mgr. Zdena Hogha o\u017eivuje soch\u00e1rka a re\u0161taur\u00e1torka Mgr. art. Barbora Lokajov\u00e1. In\u0161tal\u00e1cia v\u00fdstavy\u00a0 pon\u00faka nielen poh\u013ead na samotn\u00e9 vystaven\u00e9 diela, ale zachyt\u00e1va aj gen\u00e9zu ich obnovy, teda \u201ecestu prebudenia.\u201c<\/p>\n<p>Kolekcia umeleck\u00fdch diel \u2013 zbierkov\u00fdch predmetov, pribli\u017euje \u017eivot drevenej plastiky po tom, ako sa dostane z depozit\u00e1ra m\u00fazea na st\u00f4l a do r\u00fak konzerv\u00e1tora\/re\u0161taur\u00e1tora. V\u00fdstava zasaden\u00e1 v priestore zrekon\u0161truovanej kaplnky d\u00e1va mo\u017enos\u0165 na jednom mieste vynikn\u00fa\u0165 dielam, ktor\u00e9 medzi sebou ladia aj napriek tomu, \u017ee poch\u00e1dzaj\u00fa z r\u00f4znych obdob\u00ed a dieln\u00ed, od t\u00fdch vych\u00fdren\u00fdch a\u017e po tie insitn\u00e9 \u2013 plastiky nezn\u00e1mej lokality, autora a vzniku.<\/p>\n<p><em>\u201eDlhodob\u00e9\u00a0 expoz\u00edcie s\u00fa najstatickej\u0161\u00edm odborn\u00fdm v\u00fdstupom m\u00fazea \u2013\u00a0 b\u00fdvaj\u00fa v\u00e1\u017ene a\u00a0sol\u00eddne, tradi\u010dne komunikuj\u00fa poklady in\u0161tit\u00facie.\u00a0 No \u010do ak v\u0161etky poklady nena\u0161li svoje stabiln\u00e9 miesto v expoz\u00edci\u00e1ch?! Aj preto vznikla idea aspo\u0148 kr\u00e1tkodobej v\u00fdstavy \u2013 poh\u013eadu na diela, ktor\u00e9 sa nedostali do hlavn\u00fdch sien\u00ed,\u201c<\/em> vysvet\u013euje z\u00e1mer v\u00fdstavy Barbora Lokajov\u00e1 a\u00a0pokra\u010duje: <em>\u201e\u017d\u00e1ner v\u00fdstavy nem\u00e1 amb\u00edciu by\u0165 za\u0165a\u017een\u00fdm a\u00a0komplikovan\u00fdm cez prezent\u00e1ciu d\u00e1t a\u00a0umelecko \u2013 historick\u00e9ho dialektu. Ako soch\u00e1r re\u0161taur\u00e1tor, c\u00edtim predov\u0161etk\u00fdm \u00factu k\u00a0samotn\u00e9mu predmetu umelecko \u2013 remeselnej tvorby, napriek tomu, \u017ee nenesie n\u00e1lepku kult\u00farnej pamiatky.\u201c<\/em><\/p>\n<p>V\u00fdstava bude v\u00a0priestoroch kaplnky pr\u00edstupn\u00e1 do 30. 9. 2024 v\u00a0\u010dase otv\u00e1rac\u00edch hod\u00edn od utorka do nedele.<\/p>\n<div class=\"wp-block-image\"><img fetchpriority=\"high\" decoding=\"async\" class=\"wpa-warning wpa-image-missing-alt alignnone size-medium wp-image-64367\" src=\"https:\/\/pmza.sk\/wp-content\/uploads\/2024\/06\/Prebudena_plastika_K1-255x360.jpg\" alt=\"\" width=\"255\" height=\"360\" data-warning=\"Missing alt text\" srcset=\"https:\/\/pmza.sk\/wp-content\/uploads\/2024\/06\/Prebudena_plastika_K1-255x360.jpg 255w, https:\/\/pmza.sk\/wp-content\/uploads\/2024\/06\/Prebudena_plastika_K1-520x736.jpg 520w, https:\/\/pmza.sk\/wp-content\/uploads\/2024\/06\/Prebudena_plastika_K1-768x1086.jpg 768w, https:\/\/pmza.sk\/wp-content\/uploads\/2024\/06\/Prebudena_plastika_K1-1086x1536.jpg 1086w, https:\/\/pmza.sk\/wp-content\/uploads\/2024\/06\/Prebudena_plastika_K1-1448x2048.jpg 1448w, https:\/\/pmza.sk\/wp-content\/uploads\/2024\/06\/Prebudena_plastika_K1-600x849.jpg 600w, https:\/\/pmza.sk\/wp-content\/uploads\/2024\/06\/Prebudena_plastika_K1-scaled.jpg 1810w\" sizes=\"(max-width: 255px) 100vw, 255px\" \/><\/div>\n<div>Plag\u00e1t v plnej ve\u013ekosti <a href=\"https:\/\/pmza.sk\/wp-content\/uploads\/2024\/06\/Prebudena_plastika_K1.pdf\">TU<\/a><\/div>\n","protected":false},"excerpt":{"rendered":"<p>V\u00a0kaplnke Budat\u00ednskeho hradu te\u0161\u00ed n\u00e1v\u0161tevn\u00edkov od 5. 7. 2024 nov\u00e1 v\u00fdstava s\u00a0n\u00e1zvom Prebuden\u00e1 plastika, ktor\u00e1 poz\u00fdva nahliadnu\u0165 do sveta ukryt\u00e9ho v depozit\u00e1roch Pova\u017esk\u00e9ho m\u00fazea. V\u00fdber z diel pod gesciou historika umenia Mgr. Zdena Hogha o\u017eivuje soch\u00e1rka a re\u0161taur\u00e1torka Mgr. art. Barbora Lokajov\u00e1. In\u0161tal\u00e1cia v\u00fdstavy\u00a0 pon\u00faka nielen poh\u013ead na samotn\u00e9 vystaven\u00e9 diela, ale zachyt\u00e1va aj gen\u00e9zu [&hellip;]<\/p>\n","protected":false},"author":2,"featured_media":64369,"comment_status":"closed","ping_status":"closed","sticky":false,"template":"","format":"standard","meta":{"site-sidebar-layout":"default","site-content-layout":"default","ast-site-content-layout":"","site-content-style":"default","site-sidebar-style":"default","ast-global-header-display":"","ast-banner-title-visibility":"","ast-main-header-display":"","ast-hfb-above-header-display":"","ast-hfb-below-header-display":"","ast-hfb-mobile-header-display":"","site-post-title":"","ast-breadcrumbs-content":"","ast-featured-img":"","footer-sml-layout":"","theme-transparent-header-meta":"default","adv-header-id-meta":"","stick-header-meta":"default","header-above-stick-meta":"","header-main-stick-meta":"","header-below-stick-meta":"","astra-migrate-meta-layouts":"default","ast-page-background-enabled":"default","ast-page-background-meta":{"desktop":{"background-color":"var(--ast-global-color-4)","background-image":"","background-repeat":"repeat","background-position":"center center","background-size":"auto","background-attachment":"scroll","background-type":"","background-media":"","overlay-type":"","overlay-color":"","overlay-opacity":"","overlay-gradient":""},"tablet":{"background-color":"","background-image":"","background-repeat":"repeat","background-position":"center center","background-size":"auto","background-attachment":"scroll","background-type":"","background-media":"","overlay-type":"","overlay-color":"","overlay-opacity":"","overlay-gradient":""},"mobile":{"background-color":"","background-image":"","background-repeat":"repeat","background-position":"center center","background-size":"auto","background-attachment":"scroll","background-type":"","background-media":"","overlay-type":"","overlay-color":"","overlay-opacity":"","overlay-gradient":""}},"ast-content-background-meta":{"desktop":{"background-color":"var(--ast-global-color-5)","background-image":"","background-repeat":"repeat","background-position":"center center","background-size":"auto","background-attachment":"scroll","background-type":"","background-media":"","overlay-type":"","overlay-color":"","overlay-opacity":"","overlay-gradient":""},"tablet":{"background-color":"var(--ast-global-color-5)","background-image":"","background-repeat":"repeat","background-position":"center center","background-size":"auto","background-attachment":"scroll","background-type":"","background-media":"","overlay-type":"","overlay-color":"","overlay-opacity":"","overlay-gradient":""},"mobile":{"background-color":"var(--ast-global-color-5)","background-image":"","background-repeat":"repeat","background-position":"center center","background-size":"auto","background-attachment":"scroll","background-type":"","background-media":"","overlay-type":"","overlay-color":"","overlay-opacity":"","overlay-gradient":""}},"footnotes":""},"categories":[72],"tags":[],"class_list":["post-64366","post","type-post","status-publish","format-standard","has-post-thumbnail","hentry","category-vystavy"],"yoast_head":"<!-- This site is optimized with the Yoast SEO plugin v27.4 - https:\/\/yoast.com\/product\/yoast-seo-wordpress\/ -->\n<title>Prebuden\u00e1 plastika - Pova\u017esk\u00e9 m\u00fazeum<\/title>\n<meta name=\"robots\" content=\"index, follow, max-snippet:-1, max-image-preview:large, max-video-preview:-1\" \/>\n<link rel=\"canonical\" href=\"https:\/\/pmza.sk\/?p=64366\" \/>\n<meta property=\"og:locale\" content=\"sk_SK\" \/>\n<meta property=\"og:type\" content=\"article\" \/>\n<meta property=\"og:title\" content=\"Prebuden\u00e1 plastika - Pova\u017esk\u00e9 m\u00fazeum\" \/>\n<meta property=\"og:description\" content=\"V\u00a0kaplnke Budat\u00ednskeho hradu te\u0161\u00ed n\u00e1v\u0161tevn\u00edkov od 5. 7. 2024 nov\u00e1 v\u00fdstava s\u00a0n\u00e1zvom Prebuden\u00e1 plastika, ktor\u00e1 poz\u00fdva nahliadnu\u0165 do sveta ukryt\u00e9ho v depozit\u00e1roch Pova\u017esk\u00e9ho m\u00fazea. V\u00fdber z diel pod gesciou historika umenia Mgr. Zdena Hogha o\u017eivuje soch\u00e1rka a re\u0161taur\u00e1torka Mgr. art. Barbora Lokajov\u00e1. In\u0161tal\u00e1cia v\u00fdstavy\u00a0 pon\u00faka nielen poh\u013ead na samotn\u00e9 vystaven\u00e9 diela, ale zachyt\u00e1va aj gen\u00e9zu [&hellip;]\" \/>\n<meta property=\"og:url\" content=\"https:\/\/pmza.sk\/?p=64366\" \/>\n<meta property=\"og:site_name\" content=\"Pova\u017esk\u00e9 m\u00fazeum\" \/>\n<meta property=\"article:publisher\" content=\"https:\/\/www.facebook.com\/povazskemuzeum\" \/>\n<meta property=\"article:published_time\" content=\"2024-06-28T12:39:08+00:00\" \/>\n<meta property=\"article:modified_time\" content=\"2024-09-30T05:57:45+00:00\" \/>\n<meta property=\"og:image\" content=\"https:\/\/pmza.sk\/wp-content\/uploads\/2024\/06\/Prebudena_web-2-scaled.jpg\" \/>\n\t<meta property=\"og:image:width\" content=\"2560\" \/>\n\t<meta property=\"og:image:height\" content=\"2560\" \/>\n\t<meta property=\"og:image:type\" content=\"image\/jpeg\" \/>\n<meta name=\"author\" content=\"Pova\u017esk\u00e9 m\u00fazeum\" \/>\n<meta name=\"twitter:card\" content=\"summary_large_image\" \/>\n<meta name=\"twitter:label1\" content=\"Autor\" \/>\n\t<meta name=\"twitter:data1\" content=\"Pova\u017esk\u00e9 m\u00fazeum\" \/>\n\t<meta name=\"twitter:label2\" content=\"Predpokladan\u00fd \u010das \u010d\u00edtania\" \/>\n\t<meta name=\"twitter:data2\" content=\"2 min\u00faty\" \/>\n<script type=\"application\/ld+json\" class=\"yoast-schema-graph\">{\"@context\":\"https:\\\/\\\/schema.org\",\"@graph\":[{\"@type\":\"Article\",\"@id\":\"https:\\\/\\\/pmza.sk\\\/?p=64366#article\",\"isPartOf\":{\"@id\":\"https:\\\/\\\/pmza.sk\\\/?p=64366\"},\"author\":{\"name\":\"Pova\u017esk\u00e9 m\u00fazeum\",\"@id\":\"https:\\\/\\\/pmza.sk\\\/#\\\/schema\\\/person\\\/595e6a2ce731ea94dcd5d7f50a41ae33\"},\"headline\":\"Prebuden\u00e1 plastika\",\"datePublished\":\"2024-06-28T12:39:08+00:00\",\"dateModified\":\"2024-09-30T05:57:45+00:00\",\"mainEntityOfPage\":{\"@id\":\"https:\\\/\\\/pmza.sk\\\/?p=64366\"},\"wordCount\":320,\"publisher\":{\"@id\":\"https:\\\/\\\/pmza.sk\\\/#organization\"},\"image\":{\"@id\":\"https:\\\/\\\/pmza.sk\\\/?p=64366#primaryimage\"},\"thumbnailUrl\":\"https:\\\/\\\/pmza.sk\\\/wp-content\\\/uploads\\\/2024\\\/06\\\/Prebudena_web-2-scaled.jpg\",\"articleSection\":[\"V\u00fdstavy\"],\"inLanguage\":\"sk-SK\"},{\"@type\":\"WebPage\",\"@id\":\"https:\\\/\\\/pmza.sk\\\/?p=64366\",\"url\":\"https:\\\/\\\/pmza.sk\\\/?p=64366\",\"name\":\"Prebuden\u00e1 plastika - Pova\u017esk\u00e9 m\u00fazeum\",\"isPartOf\":{\"@id\":\"https:\\\/\\\/pmza.sk\\\/#website\"},\"primaryImageOfPage\":{\"@id\":\"https:\\\/\\\/pmza.sk\\\/?p=64366#primaryimage\"},\"image\":{\"@id\":\"https:\\\/\\\/pmza.sk\\\/?p=64366#primaryimage\"},\"thumbnailUrl\":\"https:\\\/\\\/pmza.sk\\\/wp-content\\\/uploads\\\/2024\\\/06\\\/Prebudena_web-2-scaled.jpg\",\"datePublished\":\"2024-06-28T12:39:08+00:00\",\"dateModified\":\"2024-09-30T05:57:45+00:00\",\"breadcrumb\":{\"@id\":\"https:\\\/\\\/pmza.sk\\\/?p=64366#breadcrumb\"},\"inLanguage\":\"sk-SK\",\"potentialAction\":[{\"@type\":\"ReadAction\",\"target\":[\"https:\\\/\\\/pmza.sk\\\/?p=64366\"]}]},{\"@type\":\"ImageObject\",\"inLanguage\":\"sk-SK\",\"@id\":\"https:\\\/\\\/pmza.sk\\\/?p=64366#primaryimage\",\"url\":\"https:\\\/\\\/pmza.sk\\\/wp-content\\\/uploads\\\/2024\\\/06\\\/Prebudena_web-2-scaled.jpg\",\"contentUrl\":\"https:\\\/\\\/pmza.sk\\\/wp-content\\\/uploads\\\/2024\\\/06\\\/Prebudena_web-2-scaled.jpg\",\"width\":2560,\"height\":2560},{\"@type\":\"BreadcrumbList\",\"@id\":\"https:\\\/\\\/pmza.sk\\\/?p=64366#breadcrumb\",\"itemListElement\":[{\"@type\":\"ListItem\",\"position\":1,\"name\":\"Domovsk\u00e1 str\u00e1nka\",\"item\":\"https:\\\/\\\/pmza.sk\\\/\"},{\"@type\":\"ListItem\",\"position\":2,\"name\":\"Prebuden\u00e1 plastika\"}]},{\"@type\":\"WebSite\",\"@id\":\"https:\\\/\\\/pmza.sk\\\/#website\",\"url\":\"https:\\\/\\\/pmza.sk\\\/\",\"name\":\"Pova\u017esk\u00e9 m\u00fazeum\",\"description\":\"Pova\u017esk\u00e9 m\u00fazeum v \u017diline je region\u00e1lne m\u00fazeum so s\u00eddlom v Budat\u00edne. Jeho expoz\u00edcie s\u00fa zameran\u00e9 na dejiny slovensk\u00e9ho umenia, kult\u00fary a dopravy.\",\"publisher\":{\"@id\":\"https:\\\/\\\/pmza.sk\\\/#organization\"},\"potentialAction\":[{\"@type\":\"SearchAction\",\"target\":{\"@type\":\"EntryPoint\",\"urlTemplate\":\"https:\\\/\\\/pmza.sk\\\/?s={search_term_string}\"},\"query-input\":{\"@type\":\"PropertyValueSpecification\",\"valueRequired\":true,\"valueName\":\"search_term_string\"}}],\"inLanguage\":\"sk-SK\"},{\"@type\":\"Organization\",\"@id\":\"https:\\\/\\\/pmza.sk\\\/#organization\",\"name\":\"Pova\u017esk\u00e9 m\u00fazeum\",\"url\":\"https:\\\/\\\/pmza.sk\\\/\",\"logo\":{\"@type\":\"ImageObject\",\"inLanguage\":\"sk-SK\",\"@id\":\"https:\\\/\\\/pmza.sk\\\/#\\\/schema\\\/logo\\\/image\\\/\",\"url\":\"https:\\\/\\\/pmza.sk\\\/wp-content\\\/uploads\\\/2022\\\/01\\\/logo_PM_horizontal.jpg\",\"contentUrl\":\"https:\\\/\\\/pmza.sk\\\/wp-content\\\/uploads\\\/2022\\\/01\\\/logo_PM_horizontal.jpg\",\"width\":231,\"height\":142,\"caption\":\"Pova\u017esk\u00e9 m\u00fazeum\"},\"image\":{\"@id\":\"https:\\\/\\\/pmza.sk\\\/#\\\/schema\\\/logo\\\/image\\\/\"},\"sameAs\":[\"https:\\\/\\\/www.facebook.com\\\/povazskemuzeum\",\"https:\\\/\\\/www.instagram.com\\\/povazskemuzeum\\\/\"]},{\"@type\":\"Person\",\"@id\":\"https:\\\/\\\/pmza.sk\\\/#\\\/schema\\\/person\\\/595e6a2ce731ea94dcd5d7f50a41ae33\",\"name\":\"Pova\u017esk\u00e9 m\u00fazeum\",\"image\":{\"@type\":\"ImageObject\",\"inLanguage\":\"sk-SK\",\"@id\":\"https:\\\/\\\/secure.gravatar.com\\\/avatar\\\/2bb7f1561282132fb5826dfeccc66c7996d11ee392ac6aaf7ced8a1c2027fbb2?s=96&d=mm&r=g\",\"url\":\"https:\\\/\\\/secure.gravatar.com\\\/avatar\\\/2bb7f1561282132fb5826dfeccc66c7996d11ee392ac6aaf7ced8a1c2027fbb2?s=96&d=mm&r=g\",\"contentUrl\":\"https:\\\/\\\/secure.gravatar.com\\\/avatar\\\/2bb7f1561282132fb5826dfeccc66c7996d11ee392ac6aaf7ced8a1c2027fbb2?s=96&d=mm&r=g\",\"caption\":\"Pova\u017esk\u00e9 m\u00fazeum\"}}]}<\/script>\n<!-- \/ Yoast SEO plugin. -->","yoast_head_json":{"title":"Prebuden\u00e1 plastika - Pova\u017esk\u00e9 m\u00fazeum","robots":{"index":"index","follow":"follow","max-snippet":"max-snippet:-1","max-image-preview":"max-image-preview:large","max-video-preview":"max-video-preview:-1"},"canonical":"https:\/\/pmza.sk\/?p=64366","og_locale":"sk_SK","og_type":"article","og_title":"Prebuden\u00e1 plastika - Pova\u017esk\u00e9 m\u00fazeum","og_description":"V\u00a0kaplnke Budat\u00ednskeho hradu te\u0161\u00ed n\u00e1v\u0161tevn\u00edkov od 5. 7. 2024 nov\u00e1 v\u00fdstava s\u00a0n\u00e1zvom Prebuden\u00e1 plastika, ktor\u00e1 poz\u00fdva nahliadnu\u0165 do sveta ukryt\u00e9ho v depozit\u00e1roch Pova\u017esk\u00e9ho m\u00fazea. V\u00fdber z diel pod gesciou historika umenia Mgr. Zdena Hogha o\u017eivuje soch\u00e1rka a re\u0161taur\u00e1torka Mgr. art. Barbora Lokajov\u00e1. In\u0161tal\u00e1cia v\u00fdstavy\u00a0 pon\u00faka nielen poh\u013ead na samotn\u00e9 vystaven\u00e9 diela, ale zachyt\u00e1va aj gen\u00e9zu [&hellip;]","og_url":"https:\/\/pmza.sk\/?p=64366","og_site_name":"Pova\u017esk\u00e9 m\u00fazeum","article_publisher":"https:\/\/www.facebook.com\/povazskemuzeum","article_published_time":"2024-06-28T12:39:08+00:00","article_modified_time":"2024-09-30T05:57:45+00:00","og_image":[{"width":2560,"height":2560,"url":"https:\/\/pmza.sk\/wp-content\/uploads\/2024\/06\/Prebudena_web-2-scaled.jpg","type":"image\/jpeg"}],"author":"Pova\u017esk\u00e9 m\u00fazeum","twitter_card":"summary_large_image","twitter_misc":{"Autor":"Pova\u017esk\u00e9 m\u00fazeum","Predpokladan\u00fd \u010das \u010d\u00edtania":"2 min\u00faty"},"schema":{"@context":"https:\/\/schema.org","@graph":[{"@type":"Article","@id":"https:\/\/pmza.sk\/?p=64366#article","isPartOf":{"@id":"https:\/\/pmza.sk\/?p=64366"},"author":{"name":"Pova\u017esk\u00e9 m\u00fazeum","@id":"https:\/\/pmza.sk\/#\/schema\/person\/595e6a2ce731ea94dcd5d7f50a41ae33"},"headline":"Prebuden\u00e1 plastika","datePublished":"2024-06-28T12:39:08+00:00","dateModified":"2024-09-30T05:57:45+00:00","mainEntityOfPage":{"@id":"https:\/\/pmza.sk\/?p=64366"},"wordCount":320,"publisher":{"@id":"https:\/\/pmza.sk\/#organization"},"image":{"@id":"https:\/\/pmza.sk\/?p=64366#primaryimage"},"thumbnailUrl":"https:\/\/pmza.sk\/wp-content\/uploads\/2024\/06\/Prebudena_web-2-scaled.jpg","articleSection":["V\u00fdstavy"],"inLanguage":"sk-SK"},{"@type":"WebPage","@id":"https:\/\/pmza.sk\/?p=64366","url":"https:\/\/pmza.sk\/?p=64366","name":"Prebuden\u00e1 plastika - Pova\u017esk\u00e9 m\u00fazeum","isPartOf":{"@id":"https:\/\/pmza.sk\/#website"},"primaryImageOfPage":{"@id":"https:\/\/pmza.sk\/?p=64366#primaryimage"},"image":{"@id":"https:\/\/pmza.sk\/?p=64366#primaryimage"},"thumbnailUrl":"https:\/\/pmza.sk\/wp-content\/uploads\/2024\/06\/Prebudena_web-2-scaled.jpg","datePublished":"2024-06-28T12:39:08+00:00","dateModified":"2024-09-30T05:57:45+00:00","breadcrumb":{"@id":"https:\/\/pmza.sk\/?p=64366#breadcrumb"},"inLanguage":"sk-SK","potentialAction":[{"@type":"ReadAction","target":["https:\/\/pmza.sk\/?p=64366"]}]},{"@type":"ImageObject","inLanguage":"sk-SK","@id":"https:\/\/pmza.sk\/?p=64366#primaryimage","url":"https:\/\/pmza.sk\/wp-content\/uploads\/2024\/06\/Prebudena_web-2-scaled.jpg","contentUrl":"https:\/\/pmza.sk\/wp-content\/uploads\/2024\/06\/Prebudena_web-2-scaled.jpg","width":2560,"height":2560},{"@type":"BreadcrumbList","@id":"https:\/\/pmza.sk\/?p=64366#breadcrumb","itemListElement":[{"@type":"ListItem","position":1,"name":"Domovsk\u00e1 str\u00e1nka","item":"https:\/\/pmza.sk\/"},{"@type":"ListItem","position":2,"name":"Prebuden\u00e1 plastika"}]},{"@type":"WebSite","@id":"https:\/\/pmza.sk\/#website","url":"https:\/\/pmza.sk\/","name":"Pova\u017esk\u00e9 m\u00fazeum","description":"Pova\u017esk\u00e9 m\u00fazeum v \u017diline je region\u00e1lne m\u00fazeum so s\u00eddlom v Budat\u00edne. Jeho expoz\u00edcie s\u00fa zameran\u00e9 na dejiny slovensk\u00e9ho umenia, kult\u00fary a dopravy.","publisher":{"@id":"https:\/\/pmza.sk\/#organization"},"potentialAction":[{"@type":"SearchAction","target":{"@type":"EntryPoint","urlTemplate":"https:\/\/pmza.sk\/?s={search_term_string}"},"query-input":{"@type":"PropertyValueSpecification","valueRequired":true,"valueName":"search_term_string"}}],"inLanguage":"sk-SK"},{"@type":"Organization","@id":"https:\/\/pmza.sk\/#organization","name":"Pova\u017esk\u00e9 m\u00fazeum","url":"https:\/\/pmza.sk\/","logo":{"@type":"ImageObject","inLanguage":"sk-SK","@id":"https:\/\/pmza.sk\/#\/schema\/logo\/image\/","url":"https:\/\/pmza.sk\/wp-content\/uploads\/2022\/01\/logo_PM_horizontal.jpg","contentUrl":"https:\/\/pmza.sk\/wp-content\/uploads\/2022\/01\/logo_PM_horizontal.jpg","width":231,"height":142,"caption":"Pova\u017esk\u00e9 m\u00fazeum"},"image":{"@id":"https:\/\/pmza.sk\/#\/schema\/logo\/image\/"},"sameAs":["https:\/\/www.facebook.com\/povazskemuzeum","https:\/\/www.instagram.com\/povazskemuzeum\/"]},{"@type":"Person","@id":"https:\/\/pmza.sk\/#\/schema\/person\/595e6a2ce731ea94dcd5d7f50a41ae33","name":"Pova\u017esk\u00e9 m\u00fazeum","image":{"@type":"ImageObject","inLanguage":"sk-SK","@id":"https:\/\/secure.gravatar.com\/avatar\/2bb7f1561282132fb5826dfeccc66c7996d11ee392ac6aaf7ced8a1c2027fbb2?s=96&d=mm&r=g","url":"https:\/\/secure.gravatar.com\/avatar\/2bb7f1561282132fb5826dfeccc66c7996d11ee392ac6aaf7ced8a1c2027fbb2?s=96&d=mm&r=g","contentUrl":"https:\/\/secure.gravatar.com\/avatar\/2bb7f1561282132fb5826dfeccc66c7996d11ee392ac6aaf7ced8a1c2027fbb2?s=96&d=mm&r=g","caption":"Pova\u017esk\u00e9 m\u00fazeum"}}]}},"_links":{"self":[{"href":"https:\/\/pmza.sk\/index.php?rest_route=\/wp\/v2\/posts\/64366","targetHints":{"allow":["GET"]}}],"collection":[{"href":"https:\/\/pmza.sk\/index.php?rest_route=\/wp\/v2\/posts"}],"about":[{"href":"https:\/\/pmza.sk\/index.php?rest_route=\/wp\/v2\/types\/post"}],"author":[{"embeddable":true,"href":"https:\/\/pmza.sk\/index.php?rest_route=\/wp\/v2\/users\/2"}],"replies":[{"embeddable":true,"href":"https:\/\/pmza.sk\/index.php?rest_route=%2Fwp%2Fv2%2Fcomments&post=64366"}],"version-history":[{"count":0,"href":"https:\/\/pmza.sk\/index.php?rest_route=\/wp\/v2\/posts\/64366\/revisions"}],"wp:featuredmedia":[{"embeddable":true,"href":"https:\/\/pmza.sk\/index.php?rest_route=\/wp\/v2\/media\/64369"}],"wp:attachment":[{"href":"https:\/\/pmza.sk\/index.php?rest_route=%2Fwp%2Fv2%2Fmedia&parent=64366"}],"wp:term":[{"taxonomy":"category","embeddable":true,"href":"https:\/\/pmza.sk\/index.php?rest_route=%2Fwp%2Fv2%2Fcategories&post=64366"},{"taxonomy":"post_tag","embeddable":true,"href":"https:\/\/pmza.sk\/index.php?rest_route=%2Fwp%2Fv2%2Ftags&post=64366"}],"curies":[{"name":"wp","href":"https:\/\/api.w.org\/{rel}","templated":true}]}}