{"id":64430,"date":"2024-07-01T10:52:39","date_gmt":"2024-07-01T08:52:39","guid":{"rendered":"https:\/\/pmza.sk\/?p=64430"},"modified":"2024-07-29T08:31:51","modified_gmt":"2024-07-29T06:31:51","slug":"povedacky-na-pavlaci-2","status":"publish","type":"post","link":"https:\/\/pmza.sk\/?p=64430","title":{"rendered":"Poveda\u010dky na pavla\u010di"},"content":{"rendered":"<p>Tento rok si pripom\u00edname 100. v\u00fdro\u010die Radenovho domu v\u00a0Objektoch \u013eudovej architekt\u00fary v\u00a0\u010ci\u010dmanoch. Pri tejto pr\u00edle\u017eitosti pripravilo Pova\u017esk\u00e9 m\u00fazeum v spolupr\u00e1ci s divadelno-hrav\u00fdm zoskupen\u00edm RAZCA podujatie s n\u00e1zvom Poveda\u010dky na pavla\u010di, ktor\u00e9 sa bude kona\u0165 v\u00a0nede\u013eu 28. 7. 2024.<\/p>\n<p>Radenov dom bol postaven\u00fd v\u00a0roku 1924 v\u00a0r\u00e1mci obnovy \u010ci\u010dmian po ve\u013ekom po\u017eiari v\u00a0roku 1921. <em>\u201ePod\u013ea projektu boli postaven\u00e9 len tri poschodov\u00e9 domy a\u00a0dva z\u00a0nich boli po druhej svetovej vojne upraven\u00e9 na pr\u00edzemn\u00e9. Radenov dom je tak posledn\u00fd zachovan\u00fd poschodov\u00fd dom v\u00a0\u010ci\u010dmanoch. Pova\u017esk\u00e9 m\u00fazeum ho k\u00fapilo v\u00a0 roku 1966 a o\u00a0rok nesk\u00f4r tu bola otvoren\u00e1 muze\u00e1lna expoz\u00edcia \u010derpaj\u00faca z\u00a0\u013eudovej kult\u00fary \u010ci\u010dmian,\u201c <\/em>pribli\u017euje etnologi\u010dka Pova\u017esk\u00e9ho m\u00fazea Mgr. Adriana B\u00e1rdyov\u00e1. V\u00a080. rokoch 20. storo\u010dia bola p\u00f4vodn\u00e1 expoz\u00edcia obnoven\u00e1 a\u00a0dostala n\u00e1zov Zo \u017eivota a\u00a0pr\u00e1ce \u010di\u010dmianskeho \u013eudu. O\u00a0desa\u0165ro\u010die nesk\u00f4r ju obohatili expon\u00e1ty s\u00favisiace s\u00a0\u010di\u010dmianskymi zvykmi. S\u00fa\u010dasn\u00e1 expoz\u00edcia s\u00a0n\u00e1zvom \u010ci\u010dmany, \u010ci\u010dmany, chim\u00e1rna dedina je pr\u00edstupn\u00e1 od roku 2014.<\/p>\n<p>Objekty \u013eudovej architekt\u00fary v\u00a0\u010ci\u010dmanoch bud\u00fa po\u010das podujatia otvoren\u00e9 od 9.00 do 17.00. Hran\u00e9 sc\u00e9nky bud\u00fa prebieha\u0165 o\u00a011.00, 13.00 a\u00a015.00. <em>\u201eV pr\u00edbehu predstav\u00ed pani Radenov\u00e1 svojej kamar\u00e1tke z Terchovej svoju kr\u00e1snu drevenicu. Do \u010ci\u010dmian zav\u00edta aj sl\u00e1vny slovensk\u00fd architekt Du\u0161an Jurkovi\u010d so svojou man\u017eelkou Bo\u017eenkou. Ste zvedav\u00ed, \u010do m\u00e1 pr\u00e1ve on spolo\u010dn\u00e9 s touto dedinkou? A zauj\u00edma v\u00e1s, odkia\u013e sa v\u00f4bec vzali biele ornamenty na miestnych chalup\u00e1ch? Nev\u00e1hajte a pr\u00ed\u010fte si vypo\u010du\u0165 Poveda\u010dky na pavla\u010di,\u201c<\/em> poz\u00fdva autorka scen\u00e1ra Mgr. Katar\u00edna Mar\u0161alov\u00e1.<\/p>\n<p>S\u00fa\u010das\u0165ou programu bude tie\u017e pe\u010denia chleba v\u00a0takmer storo\u010dnej peci, ktor\u00e1 sa nach\u00e1dza v\u00a0Dome \u010d. 42. <em>\u201eTento dom patr\u00ed k\u00a0autentick\u00fdm pamiatkam \u013eudovej architekt\u00fary zachovan\u00fdm z\u00a0obdobia pred ve\u013ek\u00fdm po\u017eiarom. <\/em><em>V\u00a0pitvore domu dodnes stoja funk\u010dn\u00e9 murovan\u00e9 spor\u00e1ky s\u00a0chlebov\u00fdmi pecami, ktor\u00e9 boli dostavan\u00e9 pri moderniz\u00e1cii domu majite\u013emi v\u00a0roku 1938,\u201c <\/em>doplnila A. B\u00e1rdyov\u00e1. Po\u010das d\u0148a si m\u00f4\u017eu z\u00e1ujemcovia vysk\u00fa\u0161a\u0165 aj tvoriv\u00e9 dielne spojen\u00e9 s typickou \u010di\u010dmianskou v\u00fdzdobou. Vstupn\u00e9 na podujatie je rovnak\u00e9 ako be\u017en\u00e9 vstupn\u00e9 do expoz\u00edcie, 5 eur z\u00e1kladn\u00e9 a\u00a02,50 z\u013eavnen\u00e9.<\/p>\n<p>&nbsp;<\/p>\n<div class=\"wp-block-image\"><img fetchpriority=\"high\" decoding=\"async\" class=\"wpa-warning wpa-image-missing-alt alignnone size-medium wp-image-64431\" src=\"https:\/\/pmza.sk\/wp-content\/uploads\/2024\/07\/Povedacky_K2-255x360.jpg\" alt=\"\" width=\"255\" height=\"360\" data-warning=\"Missing alt text\" srcset=\"https:\/\/pmza.sk\/wp-content\/uploads\/2024\/07\/Povedacky_K2-255x360.jpg 255w, https:\/\/pmza.sk\/wp-content\/uploads\/2024\/07\/Povedacky_K2-520x736.jpg 520w, https:\/\/pmza.sk\/wp-content\/uploads\/2024\/07\/Povedacky_K2-768x1086.jpg 768w, https:\/\/pmza.sk\/wp-content\/uploads\/2024\/07\/Povedacky_K2-1086x1536.jpg 1086w, https:\/\/pmza.sk\/wp-content\/uploads\/2024\/07\/Povedacky_K2-1448x2048.jpg 1448w, https:\/\/pmza.sk\/wp-content\/uploads\/2024\/07\/Povedacky_K2-600x849.jpg 600w, https:\/\/pmza.sk\/wp-content\/uploads\/2024\/07\/Povedacky_K2-scaled.jpg 1810w\" sizes=\"(max-width: 255px) 100vw, 255px\" \/><\/div>\n<div>Plag\u00e1t v plnej ve\u013ekosti <a href=\"https:\/\/pmza.sk\/wp-content\/uploads\/2024\/07\/Povedacky_K2.pdf\">TU<\/a><\/div>\n","protected":false},"excerpt":{"rendered":"<p>Tento rok si pripom\u00edname 100. v\u00fdro\u010die Radenovho domu v\u00a0Objektoch \u013eudovej architekt\u00fary v\u00a0\u010ci\u010dmanoch. Pri tejto pr\u00edle\u017eitosti pripravilo Pova\u017esk\u00e9 m\u00fazeum v spolupr\u00e1ci s divadelno-hrav\u00fdm zoskupen\u00edm RAZCA podujatie s n\u00e1zvom Poveda\u010dky na pavla\u010di, ktor\u00e9 sa bude kona\u0165 v\u00a0nede\u013eu 28. 7. 2024. Radenov dom bol postaven\u00fd v\u00a0roku 1924 v\u00a0r\u00e1mci obnovy \u010ci\u010dmian po ve\u013ekom po\u017eiari v\u00a0roku 1921. \u201ePod\u013ea projektu boli [&hellip;]<\/p>\n","protected":false},"author":2,"featured_media":64433,"comment_status":"closed","ping_status":"closed","sticky":false,"template":"","format":"standard","meta":{"site-sidebar-layout":"default","site-content-layout":"default","ast-site-content-layout":"","site-content-style":"default","site-sidebar-style":"default","ast-global-header-display":"","ast-banner-title-visibility":"","ast-main-header-display":"","ast-hfb-above-header-display":"","ast-hfb-below-header-display":"","ast-hfb-mobile-header-display":"","site-post-title":"","ast-breadcrumbs-content":"","ast-featured-img":"","footer-sml-layout":"","theme-transparent-header-meta":"default","adv-header-id-meta":"","stick-header-meta":"default","header-above-stick-meta":"","header-main-stick-meta":"","header-below-stick-meta":"","astra-migrate-meta-layouts":"default","ast-page-background-enabled":"default","ast-page-background-meta":{"desktop":{"background-color":"var(--ast-global-color-4)","background-image":"","background-repeat":"repeat","background-position":"center center","background-size":"auto","background-attachment":"scroll","background-type":"","background-media":"","overlay-type":"","overlay-color":"","overlay-opacity":"","overlay-gradient":""},"tablet":{"background-color":"","background-image":"","background-repeat":"repeat","background-position":"center center","background-size":"auto","background-attachment":"scroll","background-type":"","background-media":"","overlay-type":"","overlay-color":"","overlay-opacity":"","overlay-gradient":""},"mobile":{"background-color":"","background-image":"","background-repeat":"repeat","background-position":"center center","background-size":"auto","background-attachment":"scroll","background-type":"","background-media":"","overlay-type":"","overlay-color":"","overlay-opacity":"","overlay-gradient":""}},"ast-content-background-meta":{"desktop":{"background-color":"var(--ast-global-color-5)","background-image":"","background-repeat":"repeat","background-position":"center center","background-size":"auto","background-attachment":"scroll","background-type":"","background-media":"","overlay-type":"","overlay-color":"","overlay-opacity":"","overlay-gradient":""},"tablet":{"background-color":"var(--ast-global-color-5)","background-image":"","background-repeat":"repeat","background-position":"center center","background-size":"auto","background-attachment":"scroll","background-type":"","background-media":"","overlay-type":"","overlay-color":"","overlay-opacity":"","overlay-gradient":""},"mobile":{"background-color":"var(--ast-global-color-5)","background-image":"","background-repeat":"repeat","background-position":"center center","background-size":"auto","background-attachment":"scroll","background-type":"","background-media":"","overlay-type":"","overlay-color":"","overlay-opacity":"","overlay-gradient":""}},"footnotes":""},"categories":[71],"tags":[],"class_list":["post-64430","post","type-post","status-publish","format-standard","has-post-thumbnail","hentry","category-podujatia"],"yoast_head":"<!-- This site is optimized with the Yoast SEO plugin v27.4 - https:\/\/yoast.com\/product\/yoast-seo-wordpress\/ -->\n<title>Poveda\u010dky na pavla\u010di - Pova\u017esk\u00e9 m\u00fazeum<\/title>\n<meta name=\"robots\" content=\"index, follow, max-snippet:-1, max-image-preview:large, max-video-preview:-1\" \/>\n<link rel=\"canonical\" href=\"https:\/\/pmza.sk\/?p=64430\" \/>\n<meta property=\"og:locale\" content=\"sk_SK\" \/>\n<meta property=\"og:type\" content=\"article\" \/>\n<meta property=\"og:title\" content=\"Poveda\u010dky na pavla\u010di - Pova\u017esk\u00e9 m\u00fazeum\" \/>\n<meta property=\"og:description\" content=\"Tento rok si pripom\u00edname 100. v\u00fdro\u010die Radenovho domu v\u00a0Objektoch \u013eudovej architekt\u00fary v\u00a0\u010ci\u010dmanoch. Pri tejto pr\u00edle\u017eitosti pripravilo Pova\u017esk\u00e9 m\u00fazeum v spolupr\u00e1ci s divadelno-hrav\u00fdm zoskupen\u00edm RAZCA podujatie s n\u00e1zvom Poveda\u010dky na pavla\u010di, ktor\u00e9 sa bude kona\u0165 v\u00a0nede\u013eu 28. 7. 2024. Radenov dom bol postaven\u00fd v\u00a0roku 1924 v\u00a0r\u00e1mci obnovy \u010ci\u010dmian po ve\u013ekom po\u017eiari v\u00a0roku 1921. \u201ePod\u013ea projektu boli [&hellip;]\" \/>\n<meta property=\"og:url\" content=\"https:\/\/pmza.sk\/?p=64430\" \/>\n<meta property=\"og:site_name\" content=\"Pova\u017esk\u00e9 m\u00fazeum\" \/>\n<meta property=\"article:publisher\" content=\"https:\/\/www.facebook.com\/povazskemuzeum\" \/>\n<meta property=\"article:published_time\" content=\"2024-07-01T08:52:39+00:00\" \/>\n<meta property=\"article:modified_time\" content=\"2024-07-29T06:31:51+00:00\" \/>\n<meta property=\"og:image\" content=\"https:\/\/pmza.sk\/wp-content\/uploads\/2024\/07\/Povedacky_web-scaled.jpg\" \/>\n\t<meta property=\"og:image:width\" content=\"2560\" \/>\n\t<meta property=\"og:image:height\" content=\"2560\" \/>\n\t<meta property=\"og:image:type\" content=\"image\/jpeg\" \/>\n<meta name=\"author\" content=\"Pova\u017esk\u00e9 m\u00fazeum\" \/>\n<meta name=\"twitter:card\" content=\"summary_large_image\" \/>\n<meta name=\"twitter:label1\" content=\"Autor\" \/>\n\t<meta name=\"twitter:data1\" content=\"Pova\u017esk\u00e9 m\u00fazeum\" \/>\n\t<meta name=\"twitter:label2\" content=\"Predpokladan\u00fd \u010das \u010d\u00edtania\" \/>\n\t<meta name=\"twitter:data2\" content=\"2 min\u00faty\" \/>\n<script type=\"application\/ld+json\" class=\"yoast-schema-graph\">{\"@context\":\"https:\\\/\\\/schema.org\",\"@graph\":[{\"@type\":\"Article\",\"@id\":\"https:\\\/\\\/pmza.sk\\\/?p=64430#article\",\"isPartOf\":{\"@id\":\"https:\\\/\\\/pmza.sk\\\/?p=64430\"},\"author\":{\"name\":\"Pova\u017esk\u00e9 m\u00fazeum\",\"@id\":\"https:\\\/\\\/pmza.sk\\\/#\\\/schema\\\/person\\\/595e6a2ce731ea94dcd5d7f50a41ae33\"},\"headline\":\"Poveda\u010dky na pavla\u010di\",\"datePublished\":\"2024-07-01T08:52:39+00:00\",\"dateModified\":\"2024-07-29T06:31:51+00:00\",\"mainEntityOfPage\":{\"@id\":\"https:\\\/\\\/pmza.sk\\\/?p=64430\"},\"wordCount\":431,\"publisher\":{\"@id\":\"https:\\\/\\\/pmza.sk\\\/#organization\"},\"image\":{\"@id\":\"https:\\\/\\\/pmza.sk\\\/?p=64430#primaryimage\"},\"thumbnailUrl\":\"https:\\\/\\\/pmza.sk\\\/wp-content\\\/uploads\\\/2024\\\/07\\\/Povedacky_web-scaled.jpg\",\"articleSection\":[\"Podujatia\"],\"inLanguage\":\"sk-SK\"},{\"@type\":\"WebPage\",\"@id\":\"https:\\\/\\\/pmza.sk\\\/?p=64430\",\"url\":\"https:\\\/\\\/pmza.sk\\\/?p=64430\",\"name\":\"Poveda\u010dky na pavla\u010di - Pova\u017esk\u00e9 m\u00fazeum\",\"isPartOf\":{\"@id\":\"https:\\\/\\\/pmza.sk\\\/#website\"},\"primaryImageOfPage\":{\"@id\":\"https:\\\/\\\/pmza.sk\\\/?p=64430#primaryimage\"},\"image\":{\"@id\":\"https:\\\/\\\/pmza.sk\\\/?p=64430#primaryimage\"},\"thumbnailUrl\":\"https:\\\/\\\/pmza.sk\\\/wp-content\\\/uploads\\\/2024\\\/07\\\/Povedacky_web-scaled.jpg\",\"datePublished\":\"2024-07-01T08:52:39+00:00\",\"dateModified\":\"2024-07-29T06:31:51+00:00\",\"breadcrumb\":{\"@id\":\"https:\\\/\\\/pmza.sk\\\/?p=64430#breadcrumb\"},\"inLanguage\":\"sk-SK\",\"potentialAction\":[{\"@type\":\"ReadAction\",\"target\":[\"https:\\\/\\\/pmza.sk\\\/?p=64430\"]}]},{\"@type\":\"ImageObject\",\"inLanguage\":\"sk-SK\",\"@id\":\"https:\\\/\\\/pmza.sk\\\/?p=64430#primaryimage\",\"url\":\"https:\\\/\\\/pmza.sk\\\/wp-content\\\/uploads\\\/2024\\\/07\\\/Povedacky_web-scaled.jpg\",\"contentUrl\":\"https:\\\/\\\/pmza.sk\\\/wp-content\\\/uploads\\\/2024\\\/07\\\/Povedacky_web-scaled.jpg\",\"width\":2560,\"height\":2560},{\"@type\":\"BreadcrumbList\",\"@id\":\"https:\\\/\\\/pmza.sk\\\/?p=64430#breadcrumb\",\"itemListElement\":[{\"@type\":\"ListItem\",\"position\":1,\"name\":\"Domovsk\u00e1 str\u00e1nka\",\"item\":\"https:\\\/\\\/pmza.sk\\\/\"},{\"@type\":\"ListItem\",\"position\":2,\"name\":\"Poveda\u010dky na pavla\u010di\"}]},{\"@type\":\"WebSite\",\"@id\":\"https:\\\/\\\/pmza.sk\\\/#website\",\"url\":\"https:\\\/\\\/pmza.sk\\\/\",\"name\":\"Pova\u017esk\u00e9 m\u00fazeum\",\"description\":\"Pova\u017esk\u00e9 m\u00fazeum v \u017diline je region\u00e1lne m\u00fazeum so s\u00eddlom v Budat\u00edne. Jeho expoz\u00edcie s\u00fa zameran\u00e9 na dejiny slovensk\u00e9ho umenia, kult\u00fary a dopravy.\",\"publisher\":{\"@id\":\"https:\\\/\\\/pmza.sk\\\/#organization\"},\"potentialAction\":[{\"@type\":\"SearchAction\",\"target\":{\"@type\":\"EntryPoint\",\"urlTemplate\":\"https:\\\/\\\/pmza.sk\\\/?s={search_term_string}\"},\"query-input\":{\"@type\":\"PropertyValueSpecification\",\"valueRequired\":true,\"valueName\":\"search_term_string\"}}],\"inLanguage\":\"sk-SK\"},{\"@type\":\"Organization\",\"@id\":\"https:\\\/\\\/pmza.sk\\\/#organization\",\"name\":\"Pova\u017esk\u00e9 m\u00fazeum\",\"url\":\"https:\\\/\\\/pmza.sk\\\/\",\"logo\":{\"@type\":\"ImageObject\",\"inLanguage\":\"sk-SK\",\"@id\":\"https:\\\/\\\/pmza.sk\\\/#\\\/schema\\\/logo\\\/image\\\/\",\"url\":\"https:\\\/\\\/pmza.sk\\\/wp-content\\\/uploads\\\/2022\\\/01\\\/logo_PM_horizontal.jpg\",\"contentUrl\":\"https:\\\/\\\/pmza.sk\\\/wp-content\\\/uploads\\\/2022\\\/01\\\/logo_PM_horizontal.jpg\",\"width\":231,\"height\":142,\"caption\":\"Pova\u017esk\u00e9 m\u00fazeum\"},\"image\":{\"@id\":\"https:\\\/\\\/pmza.sk\\\/#\\\/schema\\\/logo\\\/image\\\/\"},\"sameAs\":[\"https:\\\/\\\/www.facebook.com\\\/povazskemuzeum\",\"https:\\\/\\\/www.instagram.com\\\/povazskemuzeum\\\/\"]},{\"@type\":\"Person\",\"@id\":\"https:\\\/\\\/pmza.sk\\\/#\\\/schema\\\/person\\\/595e6a2ce731ea94dcd5d7f50a41ae33\",\"name\":\"Pova\u017esk\u00e9 m\u00fazeum\",\"image\":{\"@type\":\"ImageObject\",\"inLanguage\":\"sk-SK\",\"@id\":\"https:\\\/\\\/secure.gravatar.com\\\/avatar\\\/2bb7f1561282132fb5826dfeccc66c7996d11ee392ac6aaf7ced8a1c2027fbb2?s=96&d=mm&r=g\",\"url\":\"https:\\\/\\\/secure.gravatar.com\\\/avatar\\\/2bb7f1561282132fb5826dfeccc66c7996d11ee392ac6aaf7ced8a1c2027fbb2?s=96&d=mm&r=g\",\"contentUrl\":\"https:\\\/\\\/secure.gravatar.com\\\/avatar\\\/2bb7f1561282132fb5826dfeccc66c7996d11ee392ac6aaf7ced8a1c2027fbb2?s=96&d=mm&r=g\",\"caption\":\"Pova\u017esk\u00e9 m\u00fazeum\"}}]}<\/script>\n<!-- \/ Yoast SEO plugin. -->","yoast_head_json":{"title":"Poveda\u010dky na pavla\u010di - Pova\u017esk\u00e9 m\u00fazeum","robots":{"index":"index","follow":"follow","max-snippet":"max-snippet:-1","max-image-preview":"max-image-preview:large","max-video-preview":"max-video-preview:-1"},"canonical":"https:\/\/pmza.sk\/?p=64430","og_locale":"sk_SK","og_type":"article","og_title":"Poveda\u010dky na pavla\u010di - Pova\u017esk\u00e9 m\u00fazeum","og_description":"Tento rok si pripom\u00edname 100. v\u00fdro\u010die Radenovho domu v\u00a0Objektoch \u013eudovej architekt\u00fary v\u00a0\u010ci\u010dmanoch. Pri tejto pr\u00edle\u017eitosti pripravilo Pova\u017esk\u00e9 m\u00fazeum v spolupr\u00e1ci s divadelno-hrav\u00fdm zoskupen\u00edm RAZCA podujatie s n\u00e1zvom Poveda\u010dky na pavla\u010di, ktor\u00e9 sa bude kona\u0165 v\u00a0nede\u013eu 28. 7. 2024. Radenov dom bol postaven\u00fd v\u00a0roku 1924 v\u00a0r\u00e1mci obnovy \u010ci\u010dmian po ve\u013ekom po\u017eiari v\u00a0roku 1921. \u201ePod\u013ea projektu boli [&hellip;]","og_url":"https:\/\/pmza.sk\/?p=64430","og_site_name":"Pova\u017esk\u00e9 m\u00fazeum","article_publisher":"https:\/\/www.facebook.com\/povazskemuzeum","article_published_time":"2024-07-01T08:52:39+00:00","article_modified_time":"2024-07-29T06:31:51+00:00","og_image":[{"width":2560,"height":2560,"url":"https:\/\/pmza.sk\/wp-content\/uploads\/2024\/07\/Povedacky_web-scaled.jpg","type":"image\/jpeg"}],"author":"Pova\u017esk\u00e9 m\u00fazeum","twitter_card":"summary_large_image","twitter_misc":{"Autor":"Pova\u017esk\u00e9 m\u00fazeum","Predpokladan\u00fd \u010das \u010d\u00edtania":"2 min\u00faty"},"schema":{"@context":"https:\/\/schema.org","@graph":[{"@type":"Article","@id":"https:\/\/pmza.sk\/?p=64430#article","isPartOf":{"@id":"https:\/\/pmza.sk\/?p=64430"},"author":{"name":"Pova\u017esk\u00e9 m\u00fazeum","@id":"https:\/\/pmza.sk\/#\/schema\/person\/595e6a2ce731ea94dcd5d7f50a41ae33"},"headline":"Poveda\u010dky na pavla\u010di","datePublished":"2024-07-01T08:52:39+00:00","dateModified":"2024-07-29T06:31:51+00:00","mainEntityOfPage":{"@id":"https:\/\/pmza.sk\/?p=64430"},"wordCount":431,"publisher":{"@id":"https:\/\/pmza.sk\/#organization"},"image":{"@id":"https:\/\/pmza.sk\/?p=64430#primaryimage"},"thumbnailUrl":"https:\/\/pmza.sk\/wp-content\/uploads\/2024\/07\/Povedacky_web-scaled.jpg","articleSection":["Podujatia"],"inLanguage":"sk-SK"},{"@type":"WebPage","@id":"https:\/\/pmza.sk\/?p=64430","url":"https:\/\/pmza.sk\/?p=64430","name":"Poveda\u010dky na pavla\u010di - Pova\u017esk\u00e9 m\u00fazeum","isPartOf":{"@id":"https:\/\/pmza.sk\/#website"},"primaryImageOfPage":{"@id":"https:\/\/pmza.sk\/?p=64430#primaryimage"},"image":{"@id":"https:\/\/pmza.sk\/?p=64430#primaryimage"},"thumbnailUrl":"https:\/\/pmza.sk\/wp-content\/uploads\/2024\/07\/Povedacky_web-scaled.jpg","datePublished":"2024-07-01T08:52:39+00:00","dateModified":"2024-07-29T06:31:51+00:00","breadcrumb":{"@id":"https:\/\/pmza.sk\/?p=64430#breadcrumb"},"inLanguage":"sk-SK","potentialAction":[{"@type":"ReadAction","target":["https:\/\/pmza.sk\/?p=64430"]}]},{"@type":"ImageObject","inLanguage":"sk-SK","@id":"https:\/\/pmza.sk\/?p=64430#primaryimage","url":"https:\/\/pmza.sk\/wp-content\/uploads\/2024\/07\/Povedacky_web-scaled.jpg","contentUrl":"https:\/\/pmza.sk\/wp-content\/uploads\/2024\/07\/Povedacky_web-scaled.jpg","width":2560,"height":2560},{"@type":"BreadcrumbList","@id":"https:\/\/pmza.sk\/?p=64430#breadcrumb","itemListElement":[{"@type":"ListItem","position":1,"name":"Domovsk\u00e1 str\u00e1nka","item":"https:\/\/pmza.sk\/"},{"@type":"ListItem","position":2,"name":"Poveda\u010dky na pavla\u010di"}]},{"@type":"WebSite","@id":"https:\/\/pmza.sk\/#website","url":"https:\/\/pmza.sk\/","name":"Pova\u017esk\u00e9 m\u00fazeum","description":"Pova\u017esk\u00e9 m\u00fazeum v \u017diline je region\u00e1lne m\u00fazeum so s\u00eddlom v Budat\u00edne. Jeho expoz\u00edcie s\u00fa zameran\u00e9 na dejiny slovensk\u00e9ho umenia, kult\u00fary a dopravy.","publisher":{"@id":"https:\/\/pmza.sk\/#organization"},"potentialAction":[{"@type":"SearchAction","target":{"@type":"EntryPoint","urlTemplate":"https:\/\/pmza.sk\/?s={search_term_string}"},"query-input":{"@type":"PropertyValueSpecification","valueRequired":true,"valueName":"search_term_string"}}],"inLanguage":"sk-SK"},{"@type":"Organization","@id":"https:\/\/pmza.sk\/#organization","name":"Pova\u017esk\u00e9 m\u00fazeum","url":"https:\/\/pmza.sk\/","logo":{"@type":"ImageObject","inLanguage":"sk-SK","@id":"https:\/\/pmza.sk\/#\/schema\/logo\/image\/","url":"https:\/\/pmza.sk\/wp-content\/uploads\/2022\/01\/logo_PM_horizontal.jpg","contentUrl":"https:\/\/pmza.sk\/wp-content\/uploads\/2022\/01\/logo_PM_horizontal.jpg","width":231,"height":142,"caption":"Pova\u017esk\u00e9 m\u00fazeum"},"image":{"@id":"https:\/\/pmza.sk\/#\/schema\/logo\/image\/"},"sameAs":["https:\/\/www.facebook.com\/povazskemuzeum","https:\/\/www.instagram.com\/povazskemuzeum\/"]},{"@type":"Person","@id":"https:\/\/pmza.sk\/#\/schema\/person\/595e6a2ce731ea94dcd5d7f50a41ae33","name":"Pova\u017esk\u00e9 m\u00fazeum","image":{"@type":"ImageObject","inLanguage":"sk-SK","@id":"https:\/\/secure.gravatar.com\/avatar\/2bb7f1561282132fb5826dfeccc66c7996d11ee392ac6aaf7ced8a1c2027fbb2?s=96&d=mm&r=g","url":"https:\/\/secure.gravatar.com\/avatar\/2bb7f1561282132fb5826dfeccc66c7996d11ee392ac6aaf7ced8a1c2027fbb2?s=96&d=mm&r=g","contentUrl":"https:\/\/secure.gravatar.com\/avatar\/2bb7f1561282132fb5826dfeccc66c7996d11ee392ac6aaf7ced8a1c2027fbb2?s=96&d=mm&r=g","caption":"Pova\u017esk\u00e9 m\u00fazeum"}}]}},"_links":{"self":[{"href":"https:\/\/pmza.sk\/index.php?rest_route=\/wp\/v2\/posts\/64430","targetHints":{"allow":["GET"]}}],"collection":[{"href":"https:\/\/pmza.sk\/index.php?rest_route=\/wp\/v2\/posts"}],"about":[{"href":"https:\/\/pmza.sk\/index.php?rest_route=\/wp\/v2\/types\/post"}],"author":[{"embeddable":true,"href":"https:\/\/pmza.sk\/index.php?rest_route=\/wp\/v2\/users\/2"}],"replies":[{"embeddable":true,"href":"https:\/\/pmza.sk\/index.php?rest_route=%2Fwp%2Fv2%2Fcomments&post=64430"}],"version-history":[{"count":0,"href":"https:\/\/pmza.sk\/index.php?rest_route=\/wp\/v2\/posts\/64430\/revisions"}],"wp:featuredmedia":[{"embeddable":true,"href":"https:\/\/pmza.sk\/index.php?rest_route=\/wp\/v2\/media\/64433"}],"wp:attachment":[{"href":"https:\/\/pmza.sk\/index.php?rest_route=%2Fwp%2Fv2%2Fmedia&parent=64430"}],"wp:term":[{"taxonomy":"category","embeddable":true,"href":"https:\/\/pmza.sk\/index.php?rest_route=%2Fwp%2Fv2%2Fcategories&post=64430"},{"taxonomy":"post_tag","embeddable":true,"href":"https:\/\/pmza.sk\/index.php?rest_route=%2Fwp%2Fv2%2Ftags&post=64430"}],"curies":[{"name":"wp","href":"https:\/\/api.w.org\/{rel}","templated":true}]}}