{"id":6466,"date":"2012-10-26T13:42:27","date_gmt":"2012-10-26T11:42:27","guid":{"rendered":"https:\/\/pmza.sk.sk\/?p=6466"},"modified":"2012-10-26T13:42:27","modified_gmt":"2012-10-26T11:42:27","slug":"noc-duchov-tekvic-a-strasidiel-na-hrade-strecno","status":"publish","type":"post","link":"https:\/\/pmza.sk\/?p=6466","title":{"rendered":"Noc duchov, tekv\u00edc a stra\u0161idiel na hrade Stre\u010dno"},"content":{"rendered":"<p><strong> <\/strong><\/p>\n<p><strong> <\/strong><a href=\"https:\/\/pmza.sk\/wp-content\/uploads\/2012\/10\/793_9369.jpg\"><img fetchpriority=\"high\" decoding=\"async\" class=\"alignleft size-full wp-image-6469\" style=\"margin: 4px; border: 2px solid black;\" title=\"793_9369\" src=\"https:\/\/pmza.sk\/wp-content\/uploads\/2012\/10\/793_9369.jpg\" alt=\"\" width=\"295\" height=\"393\" srcset=\"https:\/\/pmza.sk\/wp-content\/uploads\/2012\/10\/793_9369.jpg 480w, https:\/\/pmza.sk\/wp-content\/uploads\/2012\/10\/793_9369-270x360.jpg 270w\" sizes=\"(max-width: 295px) 100vw, 295px\" \/><\/a>Pova\u017esk\u00e9 m\u00fazeum v\u00a0\u017diline poz\u00fdva v\u0161etk\u00fdch nad\u0161encov a\u00a0priaznivcov stra\u0161ideln\u00fdch prehliadok hradu Stre\u010dno na posledn\u00fa tohoro\u010dn\u00fa no\u010dn\u00fa prehliadku. Podujatie <strong>Noc duchov, tekv\u00edc a\u00a0stra\u0161idiel<\/strong> v stredu 31. okt\u00f3bra 2012 symbolicky ukon\u010d\u00ed s\u00e9riu stra\u0161ideln\u00fdch prehliadok, po\u010das ktor\u00fdch n\u00e1v\u0161tevn\u00edci mohli nieko\u013ekokr\u00e1t spozn\u00e1va\u0165 tajomstv\u00e1 no\u010dn\u00e9ho hradu.<br \/>\nDiv\u00e1ci sa tento kr\u00e1t okrem in\u00fdch pr\u00edzrakov stretn\u00fa\u00a0 so svalovcom, ktor\u00e9mu v\u00a0ten ve\u010der ur\u010dite nebude zima, katom, ktor\u00fd r\u00e1d sed\u00e1va v\u00a0hradnej kuchyni, ale aj v\u00fdnimo\u010dn\u00fdm duchom hudobn\u00edkov hr\u00e1vaj\u00facich v\u00a0hradnej kaplnke. U\u017e tradi\u010dn\u00fdm vyvrcholen\u00edm ve\u010dera bude sc\u00e9nka divadelno-improviza\u010dnej skupiny Kapor na sc\u00e9ne. ,,<em>Na hlavnom n\u00e1dvor\u00ed pon\u00fakneme skuto\u010dn\u00fd pr\u00edbeh o tom, ako Jack Rozparova\u010d pri\u0161iel k svojej povesti a ak\u00fa \u00falohu v tom zohrala hmlist\u00e1, posledn\u00e1 okt\u00f3brov\u00e1 noc,\u201c<\/em> dodala Michaela Pastorkov\u00e1, \u010dlenka skupiny Kapor na sc\u00e9ne.\u00a0 Sez\u00f3nu 2012 na hrade symbolicky ukon\u010dia delostreleck\u00e9 salvy Stre\u010dnianskych hradn\u00fdch delostrelcov.<br \/>\nNoc duchov, tekv\u00edc a\u00a0stra\u0161idiel na hrade Stre\u010dno sa uskuto\u010dn\u00ed v\u00a0stredu 31. okt\u00f3bra 2011 od 18,00h do 21,00h s posledn\u00fdm vstupom o\u00a020,30 h. Organiz\u00e1torom je \u017dilinsk\u00fd samospr\u00e1vny kraj a\u00a0Pova\u017esk\u00e9 m\u00fazeum v\u00a0\u017diline.<\/p>\n","protected":false},"excerpt":{"rendered":"<p>Pova\u017esk\u00e9 m\u00fazeum v\u00a0\u017diline poz\u00fdva v\u0161etk\u00fdch nad\u0161encov a\u00a0priaznivcov stra\u0161ideln\u00fdch prehliadok hradu Stre\u010dno na posledn\u00fa tohoro\u010dn\u00fa no\u010dn\u00fa prehliadku. Podujatie Noc duchov, tekv\u00edc a\u00a0stra\u0161idiel v stredu 31. okt\u00f3bra 2012 symbolicky ukon\u010d\u00ed s\u00e9riu stra\u0161ideln\u00fdch prehliadok, po\u010das ktor\u00fdch n\u00e1v\u0161tevn\u00edci mohli nieko\u013ekokr\u00e1t spozn\u00e1va\u0165 tajomstv\u00e1 no\u010dn\u00e9ho hradu. Div\u00e1ci sa tento kr\u00e1t okrem in\u00fdch pr\u00edzrakov stretn\u00fa\u00a0 so svalovcom, ktor\u00e9mu v\u00a0ten ve\u010der ur\u010dite nebude [&hellip;]<\/p>\n","protected":false},"author":2,"featured_media":0,"comment_status":"closed","ping_status":"closed","sticky":false,"template":"","format":"standard","meta":{"site-sidebar-layout":"default","site-content-layout":"","ast-site-content-layout":"","site-content-style":"default","site-sidebar-style":"default","ast-global-header-display":"","ast-banner-title-visibility":"","ast-main-header-display":"","ast-hfb-above-header-display":"","ast-hfb-below-header-display":"","ast-hfb-mobile-header-display":"","site-post-title":"","ast-breadcrumbs-content":"","ast-featured-img":"","footer-sml-layout":"","theme-transparent-header-meta":"","adv-header-id-meta":"","stick-header-meta":"","header-above-stick-meta":"","header-main-stick-meta":"","header-below-stick-meta":"","astra-migrate-meta-layouts":"default","ast-page-background-enabled":"default","ast-page-background-meta":{"desktop":{"background-color":"var(--ast-global-color-4)","background-image":"","background-repeat":"repeat","background-position":"center center","background-size":"auto","background-attachment":"scroll","background-type":"","background-media":"","overlay-type":"","overlay-color":"","overlay-opacity":"","overlay-gradient":""},"tablet":{"background-color":"","background-image":"","background-repeat":"repeat","background-position":"center center","background-size":"auto","background-attachment":"scroll","background-type":"","background-media":"","overlay-type":"","overlay-color":"","overlay-opacity":"","overlay-gradient":""},"mobile":{"background-color":"","background-image":"","background-repeat":"repeat","background-position":"center center","background-size":"auto","background-attachment":"scroll","background-type":"","background-media":"","overlay-type":"","overlay-color":"","overlay-opacity":"","overlay-gradient":""}},"ast-content-background-meta":{"desktop":{"background-color":"var(--ast-global-color-5)","background-image":"","background-repeat":"repeat","background-position":"center center","background-size":"auto","background-attachment":"scroll","background-type":"","background-media":"","overlay-type":"","overlay-color":"","overlay-opacity":"","overlay-gradient":""},"tablet":{"background-color":"var(--ast-global-color-5)","background-image":"","background-repeat":"repeat","background-position":"center center","background-size":"auto","background-attachment":"scroll","background-type":"","background-media":"","overlay-type":"","overlay-color":"","overlay-opacity":"","overlay-gradient":""},"mobile":{"background-color":"var(--ast-global-color-5)","background-image":"","background-repeat":"repeat","background-position":"center center","background-size":"auto","background-attachment":"scroll","background-type":"","background-media":"","overlay-type":"","overlay-color":"","overlay-opacity":"","overlay-gradient":""}},"footnotes":""},"categories":[32],"tags":[],"class_list":["post-6466","post","type-post","status-publish","format-standard","hentry","category-archiv-2012"],"yoast_head":"<!-- This site is optimized with the Yoast SEO plugin v27.4 - https:\/\/yoast.com\/product\/yoast-seo-wordpress\/ -->\n<title>Noc duchov, tekv\u00edc a stra\u0161idiel na hrade Stre\u010dno - Pova\u017esk\u00e9 m\u00fazeum<\/title>\n<meta name=\"robots\" content=\"index, follow, max-snippet:-1, max-image-preview:large, max-video-preview:-1\" \/>\n<link rel=\"canonical\" href=\"https:\/\/pmza.sk\/?p=6466\" \/>\n<meta property=\"og:locale\" content=\"sk_SK\" \/>\n<meta property=\"og:type\" content=\"article\" \/>\n<meta property=\"og:title\" content=\"Noc duchov, tekv\u00edc a stra\u0161idiel na hrade Stre\u010dno - Pova\u017esk\u00e9 m\u00fazeum\" \/>\n<meta property=\"og:description\" content=\"Pova\u017esk\u00e9 m\u00fazeum v\u00a0\u017diline poz\u00fdva v\u0161etk\u00fdch nad\u0161encov a\u00a0priaznivcov stra\u0161ideln\u00fdch prehliadok hradu Stre\u010dno na posledn\u00fa tohoro\u010dn\u00fa no\u010dn\u00fa prehliadku. Podujatie Noc duchov, tekv\u00edc a\u00a0stra\u0161idiel v stredu 31. okt\u00f3bra 2012 symbolicky ukon\u010d\u00ed s\u00e9riu stra\u0161ideln\u00fdch prehliadok, po\u010das ktor\u00fdch n\u00e1v\u0161tevn\u00edci mohli nieko\u013ekokr\u00e1t spozn\u00e1va\u0165 tajomstv\u00e1 no\u010dn\u00e9ho hradu. Div\u00e1ci sa tento kr\u00e1t okrem in\u00fdch pr\u00edzrakov stretn\u00fa\u00a0 so svalovcom, ktor\u00e9mu v\u00a0ten ve\u010der ur\u010dite nebude [&hellip;]\" \/>\n<meta property=\"og:url\" content=\"https:\/\/pmza.sk\/?p=6466\" \/>\n<meta property=\"og:site_name\" content=\"Pova\u017esk\u00e9 m\u00fazeum\" \/>\n<meta property=\"article:publisher\" content=\"https:\/\/www.facebook.com\/povazskemuzeum\" \/>\n<meta property=\"article:published_time\" content=\"2012-10-26T11:42:27+00:00\" \/>\n<meta property=\"og:image\" content=\"https:\/\/pmza.sk\/wp-content\/uploads\/2012\/10\/793_9369.jpg\" \/>\n<meta name=\"author\" content=\"Pova\u017esk\u00e9 m\u00fazeum\" \/>\n<meta name=\"twitter:card\" content=\"summary_large_image\" \/>\n<meta name=\"twitter:label1\" content=\"Autor\" \/>\n\t<meta name=\"twitter:data1\" content=\"Pova\u017esk\u00e9 m\u00fazeum\" \/>\n\t<meta name=\"twitter:label2\" content=\"Predpokladan\u00fd \u010das \u010d\u00edtania\" \/>\n\t<meta name=\"twitter:data2\" content=\"1 min\u00fata\" \/>\n<script type=\"application\/ld+json\" class=\"yoast-schema-graph\">{\"@context\":\"https:\\\/\\\/schema.org\",\"@graph\":[{\"@type\":\"Article\",\"@id\":\"https:\\\/\\\/pmza.sk\\\/?p=6466#article\",\"isPartOf\":{\"@id\":\"https:\\\/\\\/pmza.sk\\\/?p=6466\"},\"author\":{\"name\":\"Pova\u017esk\u00e9 m\u00fazeum\",\"@id\":\"https:\\\/\\\/pmza.sk\\\/#\\\/schema\\\/person\\\/595e6a2ce731ea94dcd5d7f50a41ae33\"},\"headline\":\"Noc duchov, tekv\u00edc a stra\u0161idiel na hrade Stre\u010dno\",\"datePublished\":\"2012-10-26T11:42:27+00:00\",\"mainEntityOfPage\":{\"@id\":\"https:\\\/\\\/pmza.sk\\\/?p=6466\"},\"wordCount\":241,\"publisher\":{\"@id\":\"https:\\\/\\\/pmza.sk\\\/#organization\"},\"image\":{\"@id\":\"https:\\\/\\\/pmza.sk\\\/?p=6466#primaryimage\"},\"thumbnailUrl\":\"http:\\\/\\\/pmza.sk\\\/wp-content\\\/uploads\\\/2012\\\/10\\\/793_9369.jpg\",\"articleSection\":[\"Arch\u00edv 2012\"],\"inLanguage\":\"sk-SK\"},{\"@type\":\"WebPage\",\"@id\":\"https:\\\/\\\/pmza.sk\\\/?p=6466\",\"url\":\"https:\\\/\\\/pmza.sk\\\/?p=6466\",\"name\":\"Noc duchov, tekv\u00edc a stra\u0161idiel na hrade Stre\u010dno - Pova\u017esk\u00e9 m\u00fazeum\",\"isPartOf\":{\"@id\":\"https:\\\/\\\/pmza.sk\\\/#website\"},\"primaryImageOfPage\":{\"@id\":\"https:\\\/\\\/pmza.sk\\\/?p=6466#primaryimage\"},\"image\":{\"@id\":\"https:\\\/\\\/pmza.sk\\\/?p=6466#primaryimage\"},\"thumbnailUrl\":\"http:\\\/\\\/pmza.sk\\\/wp-content\\\/uploads\\\/2012\\\/10\\\/793_9369.jpg\",\"datePublished\":\"2012-10-26T11:42:27+00:00\",\"breadcrumb\":{\"@id\":\"https:\\\/\\\/pmza.sk\\\/?p=6466#breadcrumb\"},\"inLanguage\":\"sk-SK\",\"potentialAction\":[{\"@type\":\"ReadAction\",\"target\":[\"https:\\\/\\\/pmza.sk\\\/?p=6466\"]}]},{\"@type\":\"ImageObject\",\"inLanguage\":\"sk-SK\",\"@id\":\"https:\\\/\\\/pmza.sk\\\/?p=6466#primaryimage\",\"url\":\"https:\\\/\\\/pmza.sk\\\/wp-content\\\/uploads\\\/2012\\\/10\\\/793_9369.jpg\",\"contentUrl\":\"https:\\\/\\\/pmza.sk\\\/wp-content\\\/uploads\\\/2012\\\/10\\\/793_9369.jpg\",\"width\":480,\"height\":640},{\"@type\":\"BreadcrumbList\",\"@id\":\"https:\\\/\\\/pmza.sk\\\/?p=6466#breadcrumb\",\"itemListElement\":[{\"@type\":\"ListItem\",\"position\":1,\"name\":\"Domovsk\u00e1 str\u00e1nka\",\"item\":\"https:\\\/\\\/pmza.sk\\\/\"},{\"@type\":\"ListItem\",\"position\":2,\"name\":\"Noc duchov, tekv\u00edc a stra\u0161idiel na hrade Stre\u010dno\"}]},{\"@type\":\"WebSite\",\"@id\":\"https:\\\/\\\/pmza.sk\\\/#website\",\"url\":\"https:\\\/\\\/pmza.sk\\\/\",\"name\":\"Pova\u017esk\u00e9 m\u00fazeum\",\"description\":\"Pova\u017esk\u00e9 m\u00fazeum v \u017diline je region\u00e1lne m\u00fazeum so s\u00eddlom v Budat\u00edne. Jeho expoz\u00edcie s\u00fa zameran\u00e9 na dejiny slovensk\u00e9ho umenia, kult\u00fary a dopravy.\",\"publisher\":{\"@id\":\"https:\\\/\\\/pmza.sk\\\/#organization\"},\"potentialAction\":[{\"@type\":\"SearchAction\",\"target\":{\"@type\":\"EntryPoint\",\"urlTemplate\":\"https:\\\/\\\/pmza.sk\\\/?s={search_term_string}\"},\"query-input\":{\"@type\":\"PropertyValueSpecification\",\"valueRequired\":true,\"valueName\":\"search_term_string\"}}],\"inLanguage\":\"sk-SK\"},{\"@type\":\"Organization\",\"@id\":\"https:\\\/\\\/pmza.sk\\\/#organization\",\"name\":\"Pova\u017esk\u00e9 m\u00fazeum\",\"url\":\"https:\\\/\\\/pmza.sk\\\/\",\"logo\":{\"@type\":\"ImageObject\",\"inLanguage\":\"sk-SK\",\"@id\":\"https:\\\/\\\/pmza.sk\\\/#\\\/schema\\\/logo\\\/image\\\/\",\"url\":\"https:\\\/\\\/pmza.sk\\\/wp-content\\\/uploads\\\/2022\\\/01\\\/logo_PM_horizontal.jpg\",\"contentUrl\":\"https:\\\/\\\/pmza.sk\\\/wp-content\\\/uploads\\\/2022\\\/01\\\/logo_PM_horizontal.jpg\",\"width\":231,\"height\":142,\"caption\":\"Pova\u017esk\u00e9 m\u00fazeum\"},\"image\":{\"@id\":\"https:\\\/\\\/pmza.sk\\\/#\\\/schema\\\/logo\\\/image\\\/\"},\"sameAs\":[\"https:\\\/\\\/www.facebook.com\\\/povazskemuzeum\",\"https:\\\/\\\/www.instagram.com\\\/povazskemuzeum\\\/\"]},{\"@type\":\"Person\",\"@id\":\"https:\\\/\\\/pmza.sk\\\/#\\\/schema\\\/person\\\/595e6a2ce731ea94dcd5d7f50a41ae33\",\"name\":\"Pova\u017esk\u00e9 m\u00fazeum\",\"image\":{\"@type\":\"ImageObject\",\"inLanguage\":\"sk-SK\",\"@id\":\"https:\\\/\\\/secure.gravatar.com\\\/avatar\\\/2bb7f1561282132fb5826dfeccc66c7996d11ee392ac6aaf7ced8a1c2027fbb2?s=96&d=mm&r=g\",\"url\":\"https:\\\/\\\/secure.gravatar.com\\\/avatar\\\/2bb7f1561282132fb5826dfeccc66c7996d11ee392ac6aaf7ced8a1c2027fbb2?s=96&d=mm&r=g\",\"contentUrl\":\"https:\\\/\\\/secure.gravatar.com\\\/avatar\\\/2bb7f1561282132fb5826dfeccc66c7996d11ee392ac6aaf7ced8a1c2027fbb2?s=96&d=mm&r=g\",\"caption\":\"Pova\u017esk\u00e9 m\u00fazeum\"}}]}<\/script>\n<!-- \/ Yoast SEO plugin. -->","yoast_head_json":{"title":"Noc duchov, tekv\u00edc a stra\u0161idiel na hrade Stre\u010dno - Pova\u017esk\u00e9 m\u00fazeum","robots":{"index":"index","follow":"follow","max-snippet":"max-snippet:-1","max-image-preview":"max-image-preview:large","max-video-preview":"max-video-preview:-1"},"canonical":"https:\/\/pmza.sk\/?p=6466","og_locale":"sk_SK","og_type":"article","og_title":"Noc duchov, tekv\u00edc a stra\u0161idiel na hrade Stre\u010dno - Pova\u017esk\u00e9 m\u00fazeum","og_description":"Pova\u017esk\u00e9 m\u00fazeum v\u00a0\u017diline poz\u00fdva v\u0161etk\u00fdch nad\u0161encov a\u00a0priaznivcov stra\u0161ideln\u00fdch prehliadok hradu Stre\u010dno na posledn\u00fa tohoro\u010dn\u00fa no\u010dn\u00fa prehliadku. Podujatie Noc duchov, tekv\u00edc a\u00a0stra\u0161idiel v stredu 31. okt\u00f3bra 2012 symbolicky ukon\u010d\u00ed s\u00e9riu stra\u0161ideln\u00fdch prehliadok, po\u010das ktor\u00fdch n\u00e1v\u0161tevn\u00edci mohli nieko\u013ekokr\u00e1t spozn\u00e1va\u0165 tajomstv\u00e1 no\u010dn\u00e9ho hradu. Div\u00e1ci sa tento kr\u00e1t okrem in\u00fdch pr\u00edzrakov stretn\u00fa\u00a0 so svalovcom, ktor\u00e9mu v\u00a0ten ve\u010der ur\u010dite nebude [&hellip;]","og_url":"https:\/\/pmza.sk\/?p=6466","og_site_name":"Pova\u017esk\u00e9 m\u00fazeum","article_publisher":"https:\/\/www.facebook.com\/povazskemuzeum","article_published_time":"2012-10-26T11:42:27+00:00","og_image":[{"url":"https:\/\/pmza.sk\/wp-content\/uploads\/2012\/10\/793_9369.jpg","type":"","width":"","height":""}],"author":"Pova\u017esk\u00e9 m\u00fazeum","twitter_card":"summary_large_image","twitter_misc":{"Autor":"Pova\u017esk\u00e9 m\u00fazeum","Predpokladan\u00fd \u010das \u010d\u00edtania":"1 min\u00fata"},"schema":{"@context":"https:\/\/schema.org","@graph":[{"@type":"Article","@id":"https:\/\/pmza.sk\/?p=6466#article","isPartOf":{"@id":"https:\/\/pmza.sk\/?p=6466"},"author":{"name":"Pova\u017esk\u00e9 m\u00fazeum","@id":"https:\/\/pmza.sk\/#\/schema\/person\/595e6a2ce731ea94dcd5d7f50a41ae33"},"headline":"Noc duchov, tekv\u00edc a stra\u0161idiel na hrade Stre\u010dno","datePublished":"2012-10-26T11:42:27+00:00","mainEntityOfPage":{"@id":"https:\/\/pmza.sk\/?p=6466"},"wordCount":241,"publisher":{"@id":"https:\/\/pmza.sk\/#organization"},"image":{"@id":"https:\/\/pmza.sk\/?p=6466#primaryimage"},"thumbnailUrl":"https:\/\/pmza.sk\/wp-content\/uploads\/2012\/10\/793_9369.jpg","articleSection":["Arch\u00edv 2012"],"inLanguage":"sk-SK"},{"@type":"WebPage","@id":"https:\/\/pmza.sk\/?p=6466","url":"https:\/\/pmza.sk\/?p=6466","name":"Noc duchov, tekv\u00edc a stra\u0161idiel na hrade Stre\u010dno - Pova\u017esk\u00e9 m\u00fazeum","isPartOf":{"@id":"https:\/\/pmza.sk\/#website"},"primaryImageOfPage":{"@id":"https:\/\/pmza.sk\/?p=6466#primaryimage"},"image":{"@id":"https:\/\/pmza.sk\/?p=6466#primaryimage"},"thumbnailUrl":"https:\/\/pmza.sk\/wp-content\/uploads\/2012\/10\/793_9369.jpg","datePublished":"2012-10-26T11:42:27+00:00","breadcrumb":{"@id":"https:\/\/pmza.sk\/?p=6466#breadcrumb"},"inLanguage":"sk-SK","potentialAction":[{"@type":"ReadAction","target":["https:\/\/pmza.sk\/?p=6466"]}]},{"@type":"ImageObject","inLanguage":"sk-SK","@id":"https:\/\/pmza.sk\/?p=6466#primaryimage","url":"https:\/\/pmza.sk\/wp-content\/uploads\/2012\/10\/793_9369.jpg","contentUrl":"https:\/\/pmza.sk\/wp-content\/uploads\/2012\/10\/793_9369.jpg","width":480,"height":640},{"@type":"BreadcrumbList","@id":"https:\/\/pmza.sk\/?p=6466#breadcrumb","itemListElement":[{"@type":"ListItem","position":1,"name":"Domovsk\u00e1 str\u00e1nka","item":"https:\/\/pmza.sk\/"},{"@type":"ListItem","position":2,"name":"Noc duchov, tekv\u00edc a stra\u0161idiel na hrade Stre\u010dno"}]},{"@type":"WebSite","@id":"https:\/\/pmza.sk\/#website","url":"https:\/\/pmza.sk\/","name":"Pova\u017esk\u00e9 m\u00fazeum","description":"Pova\u017esk\u00e9 m\u00fazeum v \u017diline je region\u00e1lne m\u00fazeum so s\u00eddlom v Budat\u00edne. Jeho expoz\u00edcie s\u00fa zameran\u00e9 na dejiny slovensk\u00e9ho umenia, kult\u00fary a dopravy.","publisher":{"@id":"https:\/\/pmza.sk\/#organization"},"potentialAction":[{"@type":"SearchAction","target":{"@type":"EntryPoint","urlTemplate":"https:\/\/pmza.sk\/?s={search_term_string}"},"query-input":{"@type":"PropertyValueSpecification","valueRequired":true,"valueName":"search_term_string"}}],"inLanguage":"sk-SK"},{"@type":"Organization","@id":"https:\/\/pmza.sk\/#organization","name":"Pova\u017esk\u00e9 m\u00fazeum","url":"https:\/\/pmza.sk\/","logo":{"@type":"ImageObject","inLanguage":"sk-SK","@id":"https:\/\/pmza.sk\/#\/schema\/logo\/image\/","url":"https:\/\/pmza.sk\/wp-content\/uploads\/2022\/01\/logo_PM_horizontal.jpg","contentUrl":"https:\/\/pmza.sk\/wp-content\/uploads\/2022\/01\/logo_PM_horizontal.jpg","width":231,"height":142,"caption":"Pova\u017esk\u00e9 m\u00fazeum"},"image":{"@id":"https:\/\/pmza.sk\/#\/schema\/logo\/image\/"},"sameAs":["https:\/\/www.facebook.com\/povazskemuzeum","https:\/\/www.instagram.com\/povazskemuzeum\/"]},{"@type":"Person","@id":"https:\/\/pmza.sk\/#\/schema\/person\/595e6a2ce731ea94dcd5d7f50a41ae33","name":"Pova\u017esk\u00e9 m\u00fazeum","image":{"@type":"ImageObject","inLanguage":"sk-SK","@id":"https:\/\/secure.gravatar.com\/avatar\/2bb7f1561282132fb5826dfeccc66c7996d11ee392ac6aaf7ced8a1c2027fbb2?s=96&d=mm&r=g","url":"https:\/\/secure.gravatar.com\/avatar\/2bb7f1561282132fb5826dfeccc66c7996d11ee392ac6aaf7ced8a1c2027fbb2?s=96&d=mm&r=g","contentUrl":"https:\/\/secure.gravatar.com\/avatar\/2bb7f1561282132fb5826dfeccc66c7996d11ee392ac6aaf7ced8a1c2027fbb2?s=96&d=mm&r=g","caption":"Pova\u017esk\u00e9 m\u00fazeum"}}]}},"_links":{"self":[{"href":"https:\/\/pmza.sk\/index.php?rest_route=\/wp\/v2\/posts\/6466","targetHints":{"allow":["GET"]}}],"collection":[{"href":"https:\/\/pmza.sk\/index.php?rest_route=\/wp\/v2\/posts"}],"about":[{"href":"https:\/\/pmza.sk\/index.php?rest_route=\/wp\/v2\/types\/post"}],"author":[{"embeddable":true,"href":"https:\/\/pmza.sk\/index.php?rest_route=\/wp\/v2\/users\/2"}],"replies":[{"embeddable":true,"href":"https:\/\/pmza.sk\/index.php?rest_route=%2Fwp%2Fv2%2Fcomments&post=6466"}],"version-history":[{"count":0,"href":"https:\/\/pmza.sk\/index.php?rest_route=\/wp\/v2\/posts\/6466\/revisions"}],"wp:attachment":[{"href":"https:\/\/pmza.sk\/index.php?rest_route=%2Fwp%2Fv2%2Fmedia&parent=6466"}],"wp:term":[{"taxonomy":"category","embeddable":true,"href":"https:\/\/pmza.sk\/index.php?rest_route=%2Fwp%2Fv2%2Fcategories&post=6466"},{"taxonomy":"post_tag","embeddable":true,"href":"https:\/\/pmza.sk\/index.php?rest_route=%2Fwp%2Fv2%2Ftags&post=6466"}],"curies":[{"name":"wp","href":"https:\/\/api.w.org\/{rel}","templated":true}]}}