{"id":64778,"date":"2024-07-26T08:33:36","date_gmt":"2024-07-26T06:33:36","guid":{"rendered":"https:\/\/pmza.sk\/?p=64778"},"modified":"2024-10-17T09:26:13","modified_gmt":"2024-10-17T07:26:13","slug":"vyskum-kastiela-v-bytci-sa-chyli-ku-koncu","status":"publish","type":"post","link":"https:\/\/pmza.sk\/?p=64778","title":{"rendered":"V\u00fdskum ka\u0161tie\u013ea v Byt\u010di sa ch\u00fdli ku koncu"},"content":{"rendered":"<p>Z\u00e1vere\u010dn\u00e1 \u0161tvrt\u00e1 sez\u00f3na archeologick\u00e9ho v\u00fdskumu ka\u0161tie\u013ea v\u00a0Byt\u010di sa pomaly ch\u00fdli ku koncu. Archeol\u00f3govia aktu\u00e1lne sk\u00famaj\u00fa opevnenie hradnej ve\u017ee, ktor\u00e1 st\u00e1la v\u00a0mieste dne\u0161n\u00e9ho n\u00e1dvoria pred vybudovan\u00edm turzovsk\u00e9ho objektu. Tento stredovek\u00fd mestsk\u00fd hrad zrejme v\u00a0polovici 15. storo\u010dia zasiahol po\u017eiar, ktor\u00e9ho stopy s\u00fa evidentn\u00e9 pr\u00e1ve aj v\u00a0sk\u00famanej hradbe miestami sp\u00e1lenej do\u010dervena.<\/p>\n<p>Po ukon\u010den\u00ed ter\u00e9nnych pr\u00e1c bud\u00fa archeol\u00f3govia sumarizova\u0165 svoje zistenia a\u00a0ur\u010dite bud\u00fa \u0161irok\u00fa verejnos\u0165 informova\u0165 o\u00a0najnov\u0161\u00edch poznatkoch a\u00a0hist\u00f3rii Byt\u010de.<\/p>\n<p>V\u00fdskum realizuje Pova\u017esk\u00e9 m\u00fazeum v spolupr\u00e1ci so Slovensk\u00fdm n\u00e1rodn\u00fdm m\u00fazeom v Martine.<\/p>\n<div class=\"wp-block-image\"><img fetchpriority=\"high\" decoding=\"async\" class=\"wpa-warning wpa-image-missing-alt alignnone size-medium wp-image-64782\" src=\"https:\/\/pmza.sk\/wp-content\/uploads\/2024\/07\/IMG_9130-475x360.jpg\" alt=\"\" width=\"475\" height=\"360\" data-warning=\"Missing alt text\" srcset=\"https:\/\/pmza.sk\/wp-content\/uploads\/2024\/07\/IMG_9130-475x360.jpg 475w, https:\/\/pmza.sk\/wp-content\/uploads\/2024\/07\/IMG_9130-972x736.jpg 972w, https:\/\/pmza.sk\/wp-content\/uploads\/2024\/07\/IMG_9130-768x582.jpg 768w, https:\/\/pmza.sk\/wp-content\/uploads\/2024\/07\/IMG_9130-1536x1164.jpg 1536w, https:\/\/pmza.sk\/wp-content\/uploads\/2024\/07\/IMG_9130-2048x1552.jpg 2048w, https:\/\/pmza.sk\/wp-content\/uploads\/2024\/07\/IMG_9130-600x455.jpg 600w\" sizes=\"(max-width: 475px) 100vw, 475px\" \/><\/div>\n<div><\/div>\n<div>\n<div class=\"wp-block-image\"><img decoding=\"async\" class=\"wpa-warning wpa-image-missing-alt alignnone size-medium wp-image-64779\" src=\"https:\/\/pmza.sk\/wp-content\/uploads\/2024\/07\/IMG_8914-240x360.jpg\" alt=\"\" width=\"240\" height=\"360\" data-warning=\"Missing alt text\" srcset=\"https:\/\/pmza.sk\/wp-content\/uploads\/2024\/07\/IMG_8914-240x360.jpg 240w, https:\/\/pmza.sk\/wp-content\/uploads\/2024\/07\/IMG_8914-491x736.jpg 491w, https:\/\/pmza.sk\/wp-content\/uploads\/2024\/07\/IMG_8914-768x1152.jpg 768w, https:\/\/pmza.sk\/wp-content\/uploads\/2024\/07\/IMG_8914-1024x1536.jpg 1024w, https:\/\/pmza.sk\/wp-content\/uploads\/2024\/07\/IMG_8914-1365x2048.jpg 1365w, https:\/\/pmza.sk\/wp-content\/uploads\/2024\/07\/IMG_8914-600x900.jpg 600w, https:\/\/pmza.sk\/wp-content\/uploads\/2024\/07\/IMG_8914.jpg 1600w\" sizes=\"(max-width: 240px) 100vw, 240px\" \/><\/div>\n<\/div>\n<div><\/div>\n<div>\n<div class=\"wp-block-image\"><img decoding=\"async\" class=\"wpa-warning wpa-image-missing-alt alignnone size-medium wp-image-64783\" src=\"https:\/\/pmza.sk\/wp-content\/uploads\/2024\/07\/IMG_9134-475x360.jpg\" alt=\"\" width=\"475\" height=\"360\" data-warning=\"Missing alt text\" srcset=\"https:\/\/pmza.sk\/wp-content\/uploads\/2024\/07\/IMG_9134-475x360.jpg 475w, https:\/\/pmza.sk\/wp-content\/uploads\/2024\/07\/IMG_9134-972x736.jpg 972w, https:\/\/pmza.sk\/wp-content\/uploads\/2024\/07\/IMG_9134-768x582.jpg 768w, https:\/\/pmza.sk\/wp-content\/uploads\/2024\/07\/IMG_9134-1536x1164.jpg 1536w, https:\/\/pmza.sk\/wp-content\/uploads\/2024\/07\/IMG_9134-2048x1552.jpg 2048w, https:\/\/pmza.sk\/wp-content\/uploads\/2024\/07\/IMG_9134-600x455.jpg 600w\" sizes=\"(max-width: 475px) 100vw, 475px\" \/><\/div>\n<\/div>\n","protected":false},"excerpt":{"rendered":"<p>Z\u00e1vere\u010dn\u00e1 \u0161tvrt\u00e1 sez\u00f3na archeologick\u00e9ho v\u00fdskumu ka\u0161tie\u013ea v\u00a0Byt\u010di sa pomaly ch\u00fdli ku koncu. Archeol\u00f3govia aktu\u00e1lne sk\u00famaj\u00fa opevnenie hradnej ve\u017ee, ktor\u00e1 st\u00e1la v\u00a0mieste dne\u0161n\u00e9ho n\u00e1dvoria pred vybudovan\u00edm turzovsk\u00e9ho objektu. Tento stredovek\u00fd mestsk\u00fd hrad zrejme v\u00a0polovici 15. storo\u010dia zasiahol po\u017eiar, ktor\u00e9ho stopy s\u00fa evidentn\u00e9 pr\u00e1ve aj v\u00a0sk\u00famanej hradbe miestami sp\u00e1lenej do\u010dervena. Po ukon\u010den\u00ed ter\u00e9nnych pr\u00e1c bud\u00fa archeol\u00f3govia sumarizova\u0165 [&hellip;]<\/p>\n","protected":false},"author":2,"featured_media":64784,"comment_status":"closed","ping_status":"closed","sticky":false,"template":"","format":"standard","meta":{"site-sidebar-layout":"default","site-content-layout":"default","ast-site-content-layout":"","site-content-style":"default","site-sidebar-style":"default","ast-global-header-display":"","ast-banner-title-visibility":"","ast-main-header-display":"","ast-hfb-above-header-display":"","ast-hfb-below-header-display":"","ast-hfb-mobile-header-display":"","site-post-title":"","ast-breadcrumbs-content":"","ast-featured-img":"","footer-sml-layout":"","theme-transparent-header-meta":"default","adv-header-id-meta":"","stick-header-meta":"default","header-above-stick-meta":"","header-main-stick-meta":"","header-below-stick-meta":"","astra-migrate-meta-layouts":"default","ast-page-background-enabled":"default","ast-page-background-meta":{"desktop":{"background-color":"var(--ast-global-color-4)","background-image":"","background-repeat":"repeat","background-position":"center center","background-size":"auto","background-attachment":"scroll","background-type":"","background-media":"","overlay-type":"","overlay-color":"","overlay-opacity":"","overlay-gradient":""},"tablet":{"background-color":"","background-image":"","background-repeat":"repeat","background-position":"center center","background-size":"auto","background-attachment":"scroll","background-type":"","background-media":"","overlay-type":"","overlay-color":"","overlay-opacity":"","overlay-gradient":""},"mobile":{"background-color":"","background-image":"","background-repeat":"repeat","background-position":"center center","background-size":"auto","background-attachment":"scroll","background-type":"","background-media":"","overlay-type":"","overlay-color":"","overlay-opacity":"","overlay-gradient":""}},"ast-content-background-meta":{"desktop":{"background-color":"var(--ast-global-color-5)","background-image":"","background-repeat":"repeat","background-position":"center center","background-size":"auto","background-attachment":"scroll","background-type":"","background-media":"","overlay-type":"","overlay-color":"","overlay-opacity":"","overlay-gradient":""},"tablet":{"background-color":"var(--ast-global-color-5)","background-image":"","background-repeat":"repeat","background-position":"center center","background-size":"auto","background-attachment":"scroll","background-type":"","background-media":"","overlay-type":"","overlay-color":"","overlay-opacity":"","overlay-gradient":""},"mobile":{"background-color":"var(--ast-global-color-5)","background-image":"","background-repeat":"repeat","background-position":"center center","background-size":"auto","background-attachment":"scroll","background-type":"","background-media":"","overlay-type":"","overlay-color":"","overlay-opacity":"","overlay-gradient":""}},"footnotes":""},"categories":[31],"tags":[],"class_list":["post-64778","post","type-post","status-publish","format-standard","has-post-thumbnail","hentry","category-aktuality"],"yoast_head":"<!-- This site is optimized with the Yoast SEO plugin v27.4 - https:\/\/yoast.com\/product\/yoast-seo-wordpress\/ -->\n<title>V\u00fdskum ka\u0161tie\u013ea v Byt\u010di sa ch\u00fdli ku koncu - Pova\u017esk\u00e9 m\u00fazeum<\/title>\n<meta name=\"robots\" content=\"index, follow, max-snippet:-1, max-image-preview:large, max-video-preview:-1\" \/>\n<link rel=\"canonical\" href=\"https:\/\/pmza.sk\/?p=64778\" \/>\n<meta property=\"og:locale\" content=\"sk_SK\" \/>\n<meta property=\"og:type\" content=\"article\" \/>\n<meta property=\"og:title\" content=\"V\u00fdskum ka\u0161tie\u013ea v Byt\u010di sa ch\u00fdli ku koncu - Pova\u017esk\u00e9 m\u00fazeum\" \/>\n<meta property=\"og:description\" content=\"Z\u00e1vere\u010dn\u00e1 \u0161tvrt\u00e1 sez\u00f3na archeologick\u00e9ho v\u00fdskumu ka\u0161tie\u013ea v\u00a0Byt\u010di sa pomaly ch\u00fdli ku koncu. Archeol\u00f3govia aktu\u00e1lne sk\u00famaj\u00fa opevnenie hradnej ve\u017ee, ktor\u00e1 st\u00e1la v\u00a0mieste dne\u0161n\u00e9ho n\u00e1dvoria pred vybudovan\u00edm turzovsk\u00e9ho objektu. Tento stredovek\u00fd mestsk\u00fd hrad zrejme v\u00a0polovici 15. storo\u010dia zasiahol po\u017eiar, ktor\u00e9ho stopy s\u00fa evidentn\u00e9 pr\u00e1ve aj v\u00a0sk\u00famanej hradbe miestami sp\u00e1lenej do\u010dervena. Po ukon\u010den\u00ed ter\u00e9nnych pr\u00e1c bud\u00fa archeol\u00f3govia sumarizova\u0165 [&hellip;]\" \/>\n<meta property=\"og:url\" content=\"https:\/\/pmza.sk\/?p=64778\" \/>\n<meta property=\"og:site_name\" content=\"Pova\u017esk\u00e9 m\u00fazeum\" \/>\n<meta property=\"article:publisher\" content=\"https:\/\/www.facebook.com\/povazskemuzeum\" \/>\n<meta property=\"article:published_time\" content=\"2024-07-26T06:33:36+00:00\" \/>\n<meta property=\"article:modified_time\" content=\"2024-10-17T07:26:13+00:00\" \/>\n<meta property=\"og:image\" content=\"https:\/\/pmza.sk\/wp-content\/uploads\/2024\/07\/20220723_133606-scaled.jpg\" \/>\n\t<meta property=\"og:image:width\" content=\"2560\" \/>\n\t<meta property=\"og:image:height\" content=\"2546\" \/>\n\t<meta property=\"og:image:type\" content=\"image\/jpeg\" \/>\n<meta name=\"author\" content=\"Pova\u017esk\u00e9 m\u00fazeum\" \/>\n<meta name=\"twitter:card\" content=\"summary_large_image\" \/>\n<meta name=\"twitter:label1\" content=\"Autor\" \/>\n\t<meta name=\"twitter:data1\" content=\"Pova\u017esk\u00e9 m\u00fazeum\" \/>\n\t<meta name=\"twitter:label2\" content=\"Predpokladan\u00fd \u010das \u010d\u00edtania\" \/>\n\t<meta name=\"twitter:data2\" content=\"1 min\u00fata\" \/>\n<script type=\"application\/ld+json\" class=\"yoast-schema-graph\">{\"@context\":\"https:\\\/\\\/schema.org\",\"@graph\":[{\"@type\":\"Article\",\"@id\":\"https:\\\/\\\/pmza.sk\\\/?p=64778#article\",\"isPartOf\":{\"@id\":\"https:\\\/\\\/pmza.sk\\\/?p=64778\"},\"author\":{\"name\":\"Pova\u017esk\u00e9 m\u00fazeum\",\"@id\":\"https:\\\/\\\/pmza.sk\\\/#\\\/schema\\\/person\\\/595e6a2ce731ea94dcd5d7f50a41ae33\"},\"headline\":\"V\u00fdskum ka\u0161tie\u013ea v Byt\u010di sa ch\u00fdli ku koncu\",\"datePublished\":\"2024-07-26T06:33:36+00:00\",\"dateModified\":\"2024-10-17T07:26:13+00:00\",\"mainEntityOfPage\":{\"@id\":\"https:\\\/\\\/pmza.sk\\\/?p=64778\"},\"wordCount\":139,\"publisher\":{\"@id\":\"https:\\\/\\\/pmza.sk\\\/#organization\"},\"image\":{\"@id\":\"https:\\\/\\\/pmza.sk\\\/?p=64778#primaryimage\"},\"thumbnailUrl\":\"https:\\\/\\\/pmza.sk\\\/wp-content\\\/uploads\\\/2024\\\/07\\\/20220723_133606-scaled.jpg\",\"articleSection\":[\"Aktuality\"],\"inLanguage\":\"sk-SK\"},{\"@type\":\"WebPage\",\"@id\":\"https:\\\/\\\/pmza.sk\\\/?p=64778\",\"url\":\"https:\\\/\\\/pmza.sk\\\/?p=64778\",\"name\":\"V\u00fdskum ka\u0161tie\u013ea v Byt\u010di sa ch\u00fdli ku koncu - Pova\u017esk\u00e9 m\u00fazeum\",\"isPartOf\":{\"@id\":\"https:\\\/\\\/pmza.sk\\\/#website\"},\"primaryImageOfPage\":{\"@id\":\"https:\\\/\\\/pmza.sk\\\/?p=64778#primaryimage\"},\"image\":{\"@id\":\"https:\\\/\\\/pmza.sk\\\/?p=64778#primaryimage\"},\"thumbnailUrl\":\"https:\\\/\\\/pmza.sk\\\/wp-content\\\/uploads\\\/2024\\\/07\\\/20220723_133606-scaled.jpg\",\"datePublished\":\"2024-07-26T06:33:36+00:00\",\"dateModified\":\"2024-10-17T07:26:13+00:00\",\"breadcrumb\":{\"@id\":\"https:\\\/\\\/pmza.sk\\\/?p=64778#breadcrumb\"},\"inLanguage\":\"sk-SK\",\"potentialAction\":[{\"@type\":\"ReadAction\",\"target\":[\"https:\\\/\\\/pmza.sk\\\/?p=64778\"]}]},{\"@type\":\"ImageObject\",\"inLanguage\":\"sk-SK\",\"@id\":\"https:\\\/\\\/pmza.sk\\\/?p=64778#primaryimage\",\"url\":\"https:\\\/\\\/pmza.sk\\\/wp-content\\\/uploads\\\/2024\\\/07\\\/20220723_133606-scaled.jpg\",\"contentUrl\":\"https:\\\/\\\/pmza.sk\\\/wp-content\\\/uploads\\\/2024\\\/07\\\/20220723_133606-scaled.jpg\",\"width\":2560,\"height\":2546},{\"@type\":\"BreadcrumbList\",\"@id\":\"https:\\\/\\\/pmza.sk\\\/?p=64778#breadcrumb\",\"itemListElement\":[{\"@type\":\"ListItem\",\"position\":1,\"name\":\"Domovsk\u00e1 str\u00e1nka\",\"item\":\"https:\\\/\\\/pmza.sk\\\/\"},{\"@type\":\"ListItem\",\"position\":2,\"name\":\"V\u00fdskum ka\u0161tie\u013ea v Byt\u010di sa ch\u00fdli ku koncu\"}]},{\"@type\":\"WebSite\",\"@id\":\"https:\\\/\\\/pmza.sk\\\/#website\",\"url\":\"https:\\\/\\\/pmza.sk\\\/\",\"name\":\"Pova\u017esk\u00e9 m\u00fazeum\",\"description\":\"Pova\u017esk\u00e9 m\u00fazeum v \u017diline je region\u00e1lne m\u00fazeum so s\u00eddlom v Budat\u00edne. Jeho expoz\u00edcie s\u00fa zameran\u00e9 na dejiny slovensk\u00e9ho umenia, kult\u00fary a dopravy.\",\"publisher\":{\"@id\":\"https:\\\/\\\/pmza.sk\\\/#organization\"},\"potentialAction\":[{\"@type\":\"SearchAction\",\"target\":{\"@type\":\"EntryPoint\",\"urlTemplate\":\"https:\\\/\\\/pmza.sk\\\/?s={search_term_string}\"},\"query-input\":{\"@type\":\"PropertyValueSpecification\",\"valueRequired\":true,\"valueName\":\"search_term_string\"}}],\"inLanguage\":\"sk-SK\"},{\"@type\":\"Organization\",\"@id\":\"https:\\\/\\\/pmza.sk\\\/#organization\",\"name\":\"Pova\u017esk\u00e9 m\u00fazeum\",\"url\":\"https:\\\/\\\/pmza.sk\\\/\",\"logo\":{\"@type\":\"ImageObject\",\"inLanguage\":\"sk-SK\",\"@id\":\"https:\\\/\\\/pmza.sk\\\/#\\\/schema\\\/logo\\\/image\\\/\",\"url\":\"https:\\\/\\\/pmza.sk\\\/wp-content\\\/uploads\\\/2022\\\/01\\\/logo_PM_horizontal.jpg\",\"contentUrl\":\"https:\\\/\\\/pmza.sk\\\/wp-content\\\/uploads\\\/2022\\\/01\\\/logo_PM_horizontal.jpg\",\"width\":231,\"height\":142,\"caption\":\"Pova\u017esk\u00e9 m\u00fazeum\"},\"image\":{\"@id\":\"https:\\\/\\\/pmza.sk\\\/#\\\/schema\\\/logo\\\/image\\\/\"},\"sameAs\":[\"https:\\\/\\\/www.facebook.com\\\/povazskemuzeum\",\"https:\\\/\\\/www.instagram.com\\\/povazskemuzeum\\\/\"]},{\"@type\":\"Person\",\"@id\":\"https:\\\/\\\/pmza.sk\\\/#\\\/schema\\\/person\\\/595e6a2ce731ea94dcd5d7f50a41ae33\",\"name\":\"Pova\u017esk\u00e9 m\u00fazeum\",\"image\":{\"@type\":\"ImageObject\",\"inLanguage\":\"sk-SK\",\"@id\":\"https:\\\/\\\/secure.gravatar.com\\\/avatar\\\/2bb7f1561282132fb5826dfeccc66c7996d11ee392ac6aaf7ced8a1c2027fbb2?s=96&d=mm&r=g\",\"url\":\"https:\\\/\\\/secure.gravatar.com\\\/avatar\\\/2bb7f1561282132fb5826dfeccc66c7996d11ee392ac6aaf7ced8a1c2027fbb2?s=96&d=mm&r=g\",\"contentUrl\":\"https:\\\/\\\/secure.gravatar.com\\\/avatar\\\/2bb7f1561282132fb5826dfeccc66c7996d11ee392ac6aaf7ced8a1c2027fbb2?s=96&d=mm&r=g\",\"caption\":\"Pova\u017esk\u00e9 m\u00fazeum\"}}]}<\/script>\n<!-- \/ Yoast SEO plugin. -->","yoast_head_json":{"title":"V\u00fdskum ka\u0161tie\u013ea v Byt\u010di sa ch\u00fdli ku koncu - Pova\u017esk\u00e9 m\u00fazeum","robots":{"index":"index","follow":"follow","max-snippet":"max-snippet:-1","max-image-preview":"max-image-preview:large","max-video-preview":"max-video-preview:-1"},"canonical":"https:\/\/pmza.sk\/?p=64778","og_locale":"sk_SK","og_type":"article","og_title":"V\u00fdskum ka\u0161tie\u013ea v Byt\u010di sa ch\u00fdli ku koncu - Pova\u017esk\u00e9 m\u00fazeum","og_description":"Z\u00e1vere\u010dn\u00e1 \u0161tvrt\u00e1 sez\u00f3na archeologick\u00e9ho v\u00fdskumu ka\u0161tie\u013ea v\u00a0Byt\u010di sa pomaly ch\u00fdli ku koncu. Archeol\u00f3govia aktu\u00e1lne sk\u00famaj\u00fa opevnenie hradnej ve\u017ee, ktor\u00e1 st\u00e1la v\u00a0mieste dne\u0161n\u00e9ho n\u00e1dvoria pred vybudovan\u00edm turzovsk\u00e9ho objektu. Tento stredovek\u00fd mestsk\u00fd hrad zrejme v\u00a0polovici 15. storo\u010dia zasiahol po\u017eiar, ktor\u00e9ho stopy s\u00fa evidentn\u00e9 pr\u00e1ve aj v\u00a0sk\u00famanej hradbe miestami sp\u00e1lenej do\u010dervena. Po ukon\u010den\u00ed ter\u00e9nnych pr\u00e1c bud\u00fa archeol\u00f3govia sumarizova\u0165 [&hellip;]","og_url":"https:\/\/pmza.sk\/?p=64778","og_site_name":"Pova\u017esk\u00e9 m\u00fazeum","article_publisher":"https:\/\/www.facebook.com\/povazskemuzeum","article_published_time":"2024-07-26T06:33:36+00:00","article_modified_time":"2024-10-17T07:26:13+00:00","og_image":[{"width":2560,"height":2546,"url":"https:\/\/pmza.sk\/wp-content\/uploads\/2024\/07\/20220723_133606-scaled.jpg","type":"image\/jpeg"}],"author":"Pova\u017esk\u00e9 m\u00fazeum","twitter_card":"summary_large_image","twitter_misc":{"Autor":"Pova\u017esk\u00e9 m\u00fazeum","Predpokladan\u00fd \u010das \u010d\u00edtania":"1 min\u00fata"},"schema":{"@context":"https:\/\/schema.org","@graph":[{"@type":"Article","@id":"https:\/\/pmza.sk\/?p=64778#article","isPartOf":{"@id":"https:\/\/pmza.sk\/?p=64778"},"author":{"name":"Pova\u017esk\u00e9 m\u00fazeum","@id":"https:\/\/pmza.sk\/#\/schema\/person\/595e6a2ce731ea94dcd5d7f50a41ae33"},"headline":"V\u00fdskum ka\u0161tie\u013ea v Byt\u010di sa ch\u00fdli ku koncu","datePublished":"2024-07-26T06:33:36+00:00","dateModified":"2024-10-17T07:26:13+00:00","mainEntityOfPage":{"@id":"https:\/\/pmza.sk\/?p=64778"},"wordCount":139,"publisher":{"@id":"https:\/\/pmza.sk\/#organization"},"image":{"@id":"https:\/\/pmza.sk\/?p=64778#primaryimage"},"thumbnailUrl":"https:\/\/pmza.sk\/wp-content\/uploads\/2024\/07\/20220723_133606-scaled.jpg","articleSection":["Aktuality"],"inLanguage":"sk-SK"},{"@type":"WebPage","@id":"https:\/\/pmza.sk\/?p=64778","url":"https:\/\/pmza.sk\/?p=64778","name":"V\u00fdskum ka\u0161tie\u013ea v Byt\u010di sa ch\u00fdli ku koncu - Pova\u017esk\u00e9 m\u00fazeum","isPartOf":{"@id":"https:\/\/pmza.sk\/#website"},"primaryImageOfPage":{"@id":"https:\/\/pmza.sk\/?p=64778#primaryimage"},"image":{"@id":"https:\/\/pmza.sk\/?p=64778#primaryimage"},"thumbnailUrl":"https:\/\/pmza.sk\/wp-content\/uploads\/2024\/07\/20220723_133606-scaled.jpg","datePublished":"2024-07-26T06:33:36+00:00","dateModified":"2024-10-17T07:26:13+00:00","breadcrumb":{"@id":"https:\/\/pmza.sk\/?p=64778#breadcrumb"},"inLanguage":"sk-SK","potentialAction":[{"@type":"ReadAction","target":["https:\/\/pmza.sk\/?p=64778"]}]},{"@type":"ImageObject","inLanguage":"sk-SK","@id":"https:\/\/pmza.sk\/?p=64778#primaryimage","url":"https:\/\/pmza.sk\/wp-content\/uploads\/2024\/07\/20220723_133606-scaled.jpg","contentUrl":"https:\/\/pmza.sk\/wp-content\/uploads\/2024\/07\/20220723_133606-scaled.jpg","width":2560,"height":2546},{"@type":"BreadcrumbList","@id":"https:\/\/pmza.sk\/?p=64778#breadcrumb","itemListElement":[{"@type":"ListItem","position":1,"name":"Domovsk\u00e1 str\u00e1nka","item":"https:\/\/pmza.sk\/"},{"@type":"ListItem","position":2,"name":"V\u00fdskum ka\u0161tie\u013ea v Byt\u010di sa ch\u00fdli ku koncu"}]},{"@type":"WebSite","@id":"https:\/\/pmza.sk\/#website","url":"https:\/\/pmza.sk\/","name":"Pova\u017esk\u00e9 m\u00fazeum","description":"Pova\u017esk\u00e9 m\u00fazeum v \u017diline je region\u00e1lne m\u00fazeum so s\u00eddlom v Budat\u00edne. Jeho expoz\u00edcie s\u00fa zameran\u00e9 na dejiny slovensk\u00e9ho umenia, kult\u00fary a dopravy.","publisher":{"@id":"https:\/\/pmza.sk\/#organization"},"potentialAction":[{"@type":"SearchAction","target":{"@type":"EntryPoint","urlTemplate":"https:\/\/pmza.sk\/?s={search_term_string}"},"query-input":{"@type":"PropertyValueSpecification","valueRequired":true,"valueName":"search_term_string"}}],"inLanguage":"sk-SK"},{"@type":"Organization","@id":"https:\/\/pmza.sk\/#organization","name":"Pova\u017esk\u00e9 m\u00fazeum","url":"https:\/\/pmza.sk\/","logo":{"@type":"ImageObject","inLanguage":"sk-SK","@id":"https:\/\/pmza.sk\/#\/schema\/logo\/image\/","url":"https:\/\/pmza.sk\/wp-content\/uploads\/2022\/01\/logo_PM_horizontal.jpg","contentUrl":"https:\/\/pmza.sk\/wp-content\/uploads\/2022\/01\/logo_PM_horizontal.jpg","width":231,"height":142,"caption":"Pova\u017esk\u00e9 m\u00fazeum"},"image":{"@id":"https:\/\/pmza.sk\/#\/schema\/logo\/image\/"},"sameAs":["https:\/\/www.facebook.com\/povazskemuzeum","https:\/\/www.instagram.com\/povazskemuzeum\/"]},{"@type":"Person","@id":"https:\/\/pmza.sk\/#\/schema\/person\/595e6a2ce731ea94dcd5d7f50a41ae33","name":"Pova\u017esk\u00e9 m\u00fazeum","image":{"@type":"ImageObject","inLanguage":"sk-SK","@id":"https:\/\/secure.gravatar.com\/avatar\/2bb7f1561282132fb5826dfeccc66c7996d11ee392ac6aaf7ced8a1c2027fbb2?s=96&d=mm&r=g","url":"https:\/\/secure.gravatar.com\/avatar\/2bb7f1561282132fb5826dfeccc66c7996d11ee392ac6aaf7ced8a1c2027fbb2?s=96&d=mm&r=g","contentUrl":"https:\/\/secure.gravatar.com\/avatar\/2bb7f1561282132fb5826dfeccc66c7996d11ee392ac6aaf7ced8a1c2027fbb2?s=96&d=mm&r=g","caption":"Pova\u017esk\u00e9 m\u00fazeum"}}]}},"_links":{"self":[{"href":"https:\/\/pmza.sk\/index.php?rest_route=\/wp\/v2\/posts\/64778","targetHints":{"allow":["GET"]}}],"collection":[{"href":"https:\/\/pmza.sk\/index.php?rest_route=\/wp\/v2\/posts"}],"about":[{"href":"https:\/\/pmza.sk\/index.php?rest_route=\/wp\/v2\/types\/post"}],"author":[{"embeddable":true,"href":"https:\/\/pmza.sk\/index.php?rest_route=\/wp\/v2\/users\/2"}],"replies":[{"embeddable":true,"href":"https:\/\/pmza.sk\/index.php?rest_route=%2Fwp%2Fv2%2Fcomments&post=64778"}],"version-history":[{"count":0,"href":"https:\/\/pmza.sk\/index.php?rest_route=\/wp\/v2\/posts\/64778\/revisions"}],"wp:featuredmedia":[{"embeddable":true,"href":"https:\/\/pmza.sk\/index.php?rest_route=\/wp\/v2\/media\/64784"}],"wp:attachment":[{"href":"https:\/\/pmza.sk\/index.php?rest_route=%2Fwp%2Fv2%2Fmedia&parent=64778"}],"wp:term":[{"taxonomy":"category","embeddable":true,"href":"https:\/\/pmza.sk\/index.php?rest_route=%2Fwp%2Fv2%2Fcategories&post=64778"},{"taxonomy":"post_tag","embeddable":true,"href":"https:\/\/pmza.sk\/index.php?rest_route=%2Fwp%2Fv2%2Ftags&post=64778"}],"curies":[{"name":"wp","href":"https:\/\/api.w.org\/{rel}","templated":true}]}}