{"id":6485,"date":"2012-10-31T14:47:25","date_gmt":"2012-10-31T13:47:25","guid":{"rendered":"https:\/\/pmza.sk.sk\/?p=6485"},"modified":"2012-10-31T14:47:25","modified_gmt":"2012-10-31T13:47:25","slug":"vystava-prve-kroky-jedneho-muzea-na-zilinskej-radnici","status":"publish","type":"post","link":"https:\/\/pmza.sk\/?p=6485","title":{"rendered":"V\u00fdstava Prv\u00e9 kroky jedn\u00e9ho m\u00fazea na \u017eilinskej radnici"},"content":{"rendered":"<p><strong> <\/strong><a href=\"https:\/\/pmza.sk\/wp-content\/uploads\/2012\/10\/Radnica.jpg\"><img fetchpriority=\"high\" decoding=\"async\" class=\"alignleft size-full wp-image-6486\" style=\"margin: 4px; border: 2px solid black;\" title=\"Radnica\" src=\"https:\/\/pmza.sk\/wp-content\/uploads\/2012\/10\/Radnica.jpg\" alt=\"\" width=\"342\" height=\"226\" srcset=\"https:\/\/pmza.sk\/wp-content\/uploads\/2012\/10\/Radnica.jpg 640w, https:\/\/pmza.sk\/wp-content\/uploads\/2012\/10\/Radnica-600x398.jpg 600w, https:\/\/pmza.sk\/wp-content\/uploads\/2012\/10\/Radnica-542x360.jpg 542w\" sizes=\"(max-width: 342px) 100vw, 342px\" \/><\/a>Pova\u017esk\u00e9 m\u00fazeum v\u00a0\u017diline si tento rok pripom\u00edna 70. v\u00fdro\u010die svojho vzniku. V\u00a0s\u00favislosti s v\u00fdro\u010d\u00edm bola u\u017e vydan\u00e1 monografia, ktor\u00e1 zachyt\u00e1va cel\u00e9 obdobie existencie m\u00fazea. Oslavy vyvrcholili 20. okt\u00f3bra v\u00a0Budat\u00ednskom parku po\u010das podujatia Budat\u00ednsky r\u00ednok.Poslednou aktivitou m\u00fazea pri pr\u00edle\u017eitosti jeho v\u00fdro\u010dia je v\u00fdstava Prv\u00e9 kroky jedn\u00e9ho m\u00fazea, ktor\u00e1 bude spr\u00edstupnen\u00e1 v\u00a0priestoroch \u017eilinskej radnice od 7. novembra 2012.<em> ,,N\u00e1zov v\u00fdstavy prezr\u00e1dza, \u017ee sa venuje po\u010diatkom existencie m\u00fazea, ktor\u00e9 vtedy nieslo n\u00e1zov M\u00fazeum \u017diliny a\u00a0okolia v\u00a0\u017diline (alebo aj Mestsk\u00e9 m\u00fazeum). Prv\u00e9 m\u00fazeum vzniklo predov\u0161etk\u00fdm v\u010faka ochote \u013eud\u00ed darova\u0165 vz\u00e1cne predmety, ktor\u00e9 vlastnili. Aj dnes si ve\u013emi v\u00e1\u017eime ochotu hrd\u00fdch \u017dilin\u010danov, ktor\u00ed sa rozhodn\u00fa predmety s\u00a0historickou hodnotou darova\u0165 pr\u00e1ve m\u00fazeu,\u201c uviedol Michal Jureck\u00fd, historik Pova\u017esk\u00e9ho m\u00fazea v\u00a0\u017diline a\u00a0jeden z\u00a0autorov v\u00fdstavy.<!--more--> <\/em>Vystaven\u00e9 s\u00fa drot\u00e1rske v\u00fdrobky ka\u017edodennej potreby, ale aj predmety s\u00a0umeleckou hodnotou. Etnografick\u00fd fond je zast\u00fapen\u00fd skloma\u013ebami a viacer\u00fdmi druhmi keramiky. Zauj\u00edmav\u00e9 s\u00fa zbierky t\u00fdkaj\u00face sa pr\u00e1va me\u010da (Ius gladii), ktor\u00fdmi s\u00fa symbol ramena zvieraj\u00faceho me\u010d, obraz Just\u00edcie, ktor\u00e1 bola p\u00f4vodn\u00fdm invent\u00e1rom radnice ako aj katovsk\u00e9 me\u010de a misa, v\u00a0ktorej si pod\u013ea legendy kat um\u00fdval ruky po vykonan\u00ed popravy. \u017dilina bola mestom cechov a\u00a0remesiel, ktor\u00e9 pribli\u017euj\u00fa cechov\u00e9 tabu\u013eky, pe\u010datidl\u00e1 \u010di knihy. Kamenn\u00e1 plastika sv. Anny, ktor\u00e1 sa p\u00f4vodne nach\u00e1dzala na prie\u010del\u00ed fas\u00e1dy farsk\u00e9ho kostola, dne\u0161nej katedr\u00e1ly, patr\u00ed k\u00a0vz\u00e1cnym predmetom via\u017e\u00facim sa priamo k dejin\u00e1m\u00a0mesta \u017dilina.<\/p>\n<p><em>,,Amb\u00edciou tejto v\u00fdstavy je symbolicky vr\u00e1ti\u0165 prv\u00fa expoz\u00edciu, hoci nie v\u00a0plnom rozsahu, na jej p\u00f4vodn\u00e9 miesto. V\u00fdstava nie je z\u00e1merne koncipovan\u00e1 pod\u013ea najnov\u0161\u00edch trendov, ale sna\u017eili sme sa o\u00a0zachytenie p\u00f4vodnej atmosf\u00e9ry prv\u00fdch rokov m\u00fazea,\u201c\u00a0 dodal Michal Jureck\u00fd.<\/em> Vernis\u00e1\u017e v\u00fdstavy Prv\u00e9 kroky jedn\u00e9ho m\u00fazea sa uskuto\u010dn\u00ed v stredu 7. novembra 2012 o\u00a016,00 hod na Radnici mesta \u017dilina. Spr\u00edstupnen\u00e1 bude do 7. decembra 2012.<br \/>\nOrganiz\u00e1torom v\u00fdstavy je Mesto \u017dilina, \u017dilinsk\u00fd samospr\u00e1vny kraj a Pova\u017esk\u00e9 m\u00fazeum v\u00a0\u017diline.<\/p>\n<p>&nbsp;<\/p>\n","protected":false},"excerpt":{"rendered":"<p>Pova\u017esk\u00e9 m\u00fazeum v\u00a0\u017diline si tento rok pripom\u00edna 70. v\u00fdro\u010die svojho vzniku. V\u00a0s\u00favislosti s v\u00fdro\u010d\u00edm bola u\u017e vydan\u00e1 monografia, ktor\u00e1 zachyt\u00e1va cel\u00e9 obdobie existencie m\u00fazea. Oslavy vyvrcholili 20. okt\u00f3bra v\u00a0Budat\u00ednskom parku po\u010das podujatia Budat\u00ednsky r\u00ednok.Poslednou aktivitou m\u00fazea pri pr\u00edle\u017eitosti jeho v\u00fdro\u010dia je v\u00fdstava Prv\u00e9 kroky jedn\u00e9ho m\u00fazea, ktor\u00e1 bude spr\u00edstupnen\u00e1 v\u00a0priestoroch \u017eilinskej radnice od 7. novembra [&hellip;]<\/p>\n","protected":false},"author":2,"featured_media":0,"comment_status":"closed","ping_status":"closed","sticky":false,"template":"","format":"standard","meta":{"site-sidebar-layout":"default","site-content-layout":"","ast-site-content-layout":"","site-content-style":"default","site-sidebar-style":"default","ast-global-header-display":"","ast-banner-title-visibility":"","ast-main-header-display":"","ast-hfb-above-header-display":"","ast-hfb-below-header-display":"","ast-hfb-mobile-header-display":"","site-post-title":"","ast-breadcrumbs-content":"","ast-featured-img":"","footer-sml-layout":"","theme-transparent-header-meta":"","adv-header-id-meta":"","stick-header-meta":"","header-above-stick-meta":"","header-main-stick-meta":"","header-below-stick-meta":"","astra-migrate-meta-layouts":"default","ast-page-background-enabled":"default","ast-page-background-meta":{"desktop":{"background-color":"var(--ast-global-color-4)","background-image":"","background-repeat":"repeat","background-position":"center center","background-size":"auto","background-attachment":"scroll","background-type":"","background-media":"","overlay-type":"","overlay-color":"","overlay-opacity":"","overlay-gradient":""},"tablet":{"background-color":"","background-image":"","background-repeat":"repeat","background-position":"center center","background-size":"auto","background-attachment":"scroll","background-type":"","background-media":"","overlay-type":"","overlay-color":"","overlay-opacity":"","overlay-gradient":""},"mobile":{"background-color":"","background-image":"","background-repeat":"repeat","background-position":"center center","background-size":"auto","background-attachment":"scroll","background-type":"","background-media":"","overlay-type":"","overlay-color":"","overlay-opacity":"","overlay-gradient":""}},"ast-content-background-meta":{"desktop":{"background-color":"var(--ast-global-color-5)","background-image":"","background-repeat":"repeat","background-position":"center center","background-size":"auto","background-attachment":"scroll","background-type":"","background-media":"","overlay-type":"","overlay-color":"","overlay-opacity":"","overlay-gradient":""},"tablet":{"background-color":"var(--ast-global-color-5)","background-image":"","background-repeat":"repeat","background-position":"center center","background-size":"auto","background-attachment":"scroll","background-type":"","background-media":"","overlay-type":"","overlay-color":"","overlay-opacity":"","overlay-gradient":""},"mobile":{"background-color":"var(--ast-global-color-5)","background-image":"","background-repeat":"repeat","background-position":"center center","background-size":"auto","background-attachment":"scroll","background-type":"","background-media":"","overlay-type":"","overlay-color":"","overlay-opacity":"","overlay-gradient":""}},"footnotes":""},"categories":[32],"tags":[],"class_list":["post-6485","post","type-post","status-publish","format-standard","hentry","category-archiv-2012"],"yoast_head":"<!-- This site is optimized with the Yoast SEO plugin v27.4 - https:\/\/yoast.com\/product\/yoast-seo-wordpress\/ -->\n<title>V\u00fdstava Prv\u00e9 kroky jedn\u00e9ho m\u00fazea na \u017eilinskej radnici - Pova\u017esk\u00e9 m\u00fazeum<\/title>\n<meta name=\"robots\" content=\"index, follow, max-snippet:-1, max-image-preview:large, max-video-preview:-1\" \/>\n<link rel=\"canonical\" href=\"https:\/\/pmza.sk\/?p=6485\" \/>\n<meta property=\"og:locale\" content=\"sk_SK\" \/>\n<meta property=\"og:type\" content=\"article\" \/>\n<meta property=\"og:title\" content=\"V\u00fdstava Prv\u00e9 kroky jedn\u00e9ho m\u00fazea na \u017eilinskej radnici - Pova\u017esk\u00e9 m\u00fazeum\" \/>\n<meta property=\"og:description\" content=\"Pova\u017esk\u00e9 m\u00fazeum v\u00a0\u017diline si tento rok pripom\u00edna 70. v\u00fdro\u010die svojho vzniku. V\u00a0s\u00favislosti s v\u00fdro\u010d\u00edm bola u\u017e vydan\u00e1 monografia, ktor\u00e1 zachyt\u00e1va cel\u00e9 obdobie existencie m\u00fazea. Oslavy vyvrcholili 20. okt\u00f3bra v\u00a0Budat\u00ednskom parku po\u010das podujatia Budat\u00ednsky r\u00ednok.Poslednou aktivitou m\u00fazea pri pr\u00edle\u017eitosti jeho v\u00fdro\u010dia je v\u00fdstava Prv\u00e9 kroky jedn\u00e9ho m\u00fazea, ktor\u00e1 bude spr\u00edstupnen\u00e1 v\u00a0priestoroch \u017eilinskej radnice od 7. novembra [&hellip;]\" \/>\n<meta property=\"og:url\" content=\"https:\/\/pmza.sk\/?p=6485\" \/>\n<meta property=\"og:site_name\" content=\"Pova\u017esk\u00e9 m\u00fazeum\" \/>\n<meta property=\"article:publisher\" content=\"https:\/\/www.facebook.com\/povazskemuzeum\" \/>\n<meta property=\"article:published_time\" content=\"2012-10-31T13:47:25+00:00\" \/>\n<meta property=\"og:image\" content=\"https:\/\/pmza.sk\/wp-content\/uploads\/2012\/10\/Radnica.jpg\" \/>\n<meta name=\"author\" content=\"Pova\u017esk\u00e9 m\u00fazeum\" \/>\n<meta name=\"twitter:card\" content=\"summary_large_image\" \/>\n<meta name=\"twitter:label1\" content=\"Autor\" \/>\n\t<meta name=\"twitter:data1\" content=\"Pova\u017esk\u00e9 m\u00fazeum\" \/>\n\t<meta name=\"twitter:label2\" content=\"Predpokladan\u00fd \u010das \u010d\u00edtania\" \/>\n\t<meta name=\"twitter:data2\" content=\"2 min\u00faty\" \/>\n<script type=\"application\/ld+json\" class=\"yoast-schema-graph\">{\"@context\":\"https:\\\/\\\/schema.org\",\"@graph\":[{\"@type\":\"Article\",\"@id\":\"https:\\\/\\\/pmza.sk\\\/?p=6485#article\",\"isPartOf\":{\"@id\":\"https:\\\/\\\/pmza.sk\\\/?p=6485\"},\"author\":{\"name\":\"Pova\u017esk\u00e9 m\u00fazeum\",\"@id\":\"https:\\\/\\\/pmza.sk\\\/#\\\/schema\\\/person\\\/595e6a2ce731ea94dcd5d7f50a41ae33\"},\"headline\":\"V\u00fdstava Prv\u00e9 kroky jedn\u00e9ho m\u00fazea na \u017eilinskej radnici\",\"datePublished\":\"2012-10-31T13:47:25+00:00\",\"mainEntityOfPage\":{\"@id\":\"https:\\\/\\\/pmza.sk\\\/?p=6485\"},\"wordCount\":411,\"publisher\":{\"@id\":\"https:\\\/\\\/pmza.sk\\\/#organization\"},\"image\":{\"@id\":\"https:\\\/\\\/pmza.sk\\\/?p=6485#primaryimage\"},\"thumbnailUrl\":\"http:\\\/\\\/pmza.sk\\\/wp-content\\\/uploads\\\/2012\\\/10\\\/Radnica.jpg\",\"articleSection\":[\"Arch\u00edv 2012\"],\"inLanguage\":\"sk-SK\"},{\"@type\":\"WebPage\",\"@id\":\"https:\\\/\\\/pmza.sk\\\/?p=6485\",\"url\":\"https:\\\/\\\/pmza.sk\\\/?p=6485\",\"name\":\"V\u00fdstava Prv\u00e9 kroky jedn\u00e9ho m\u00fazea na \u017eilinskej radnici - Pova\u017esk\u00e9 m\u00fazeum\",\"isPartOf\":{\"@id\":\"https:\\\/\\\/pmza.sk\\\/#website\"},\"primaryImageOfPage\":{\"@id\":\"https:\\\/\\\/pmza.sk\\\/?p=6485#primaryimage\"},\"image\":{\"@id\":\"https:\\\/\\\/pmza.sk\\\/?p=6485#primaryimage\"},\"thumbnailUrl\":\"http:\\\/\\\/pmza.sk\\\/wp-content\\\/uploads\\\/2012\\\/10\\\/Radnica.jpg\",\"datePublished\":\"2012-10-31T13:47:25+00:00\",\"breadcrumb\":{\"@id\":\"https:\\\/\\\/pmza.sk\\\/?p=6485#breadcrumb\"},\"inLanguage\":\"sk-SK\",\"potentialAction\":[{\"@type\":\"ReadAction\",\"target\":[\"https:\\\/\\\/pmza.sk\\\/?p=6485\"]}]},{\"@type\":\"ImageObject\",\"inLanguage\":\"sk-SK\",\"@id\":\"https:\\\/\\\/pmza.sk\\\/?p=6485#primaryimage\",\"url\":\"https:\\\/\\\/pmza.sk\\\/wp-content\\\/uploads\\\/2012\\\/10\\\/Radnica.jpg\",\"contentUrl\":\"https:\\\/\\\/pmza.sk\\\/wp-content\\\/uploads\\\/2012\\\/10\\\/Radnica.jpg\",\"width\":640,\"height\":425},{\"@type\":\"BreadcrumbList\",\"@id\":\"https:\\\/\\\/pmza.sk\\\/?p=6485#breadcrumb\",\"itemListElement\":[{\"@type\":\"ListItem\",\"position\":1,\"name\":\"Domovsk\u00e1 str\u00e1nka\",\"item\":\"https:\\\/\\\/pmza.sk\\\/\"},{\"@type\":\"ListItem\",\"position\":2,\"name\":\"V\u00fdstava Prv\u00e9 kroky jedn\u00e9ho m\u00fazea na \u017eilinskej radnici\"}]},{\"@type\":\"WebSite\",\"@id\":\"https:\\\/\\\/pmza.sk\\\/#website\",\"url\":\"https:\\\/\\\/pmza.sk\\\/\",\"name\":\"Pova\u017esk\u00e9 m\u00fazeum\",\"description\":\"Pova\u017esk\u00e9 m\u00fazeum v \u017diline je region\u00e1lne m\u00fazeum so s\u00eddlom v Budat\u00edne. Jeho expoz\u00edcie s\u00fa zameran\u00e9 na dejiny slovensk\u00e9ho umenia, kult\u00fary a dopravy.\",\"publisher\":{\"@id\":\"https:\\\/\\\/pmza.sk\\\/#organization\"},\"potentialAction\":[{\"@type\":\"SearchAction\",\"target\":{\"@type\":\"EntryPoint\",\"urlTemplate\":\"https:\\\/\\\/pmza.sk\\\/?s={search_term_string}\"},\"query-input\":{\"@type\":\"PropertyValueSpecification\",\"valueRequired\":true,\"valueName\":\"search_term_string\"}}],\"inLanguage\":\"sk-SK\"},{\"@type\":\"Organization\",\"@id\":\"https:\\\/\\\/pmza.sk\\\/#organization\",\"name\":\"Pova\u017esk\u00e9 m\u00fazeum\",\"url\":\"https:\\\/\\\/pmza.sk\\\/\",\"logo\":{\"@type\":\"ImageObject\",\"inLanguage\":\"sk-SK\",\"@id\":\"https:\\\/\\\/pmza.sk\\\/#\\\/schema\\\/logo\\\/image\\\/\",\"url\":\"https:\\\/\\\/pmza.sk\\\/wp-content\\\/uploads\\\/2022\\\/01\\\/logo_PM_horizontal.jpg\",\"contentUrl\":\"https:\\\/\\\/pmza.sk\\\/wp-content\\\/uploads\\\/2022\\\/01\\\/logo_PM_horizontal.jpg\",\"width\":231,\"height\":142,\"caption\":\"Pova\u017esk\u00e9 m\u00fazeum\"},\"image\":{\"@id\":\"https:\\\/\\\/pmza.sk\\\/#\\\/schema\\\/logo\\\/image\\\/\"},\"sameAs\":[\"https:\\\/\\\/www.facebook.com\\\/povazskemuzeum\",\"https:\\\/\\\/www.instagram.com\\\/povazskemuzeum\\\/\"]},{\"@type\":\"Person\",\"@id\":\"https:\\\/\\\/pmza.sk\\\/#\\\/schema\\\/person\\\/595e6a2ce731ea94dcd5d7f50a41ae33\",\"name\":\"Pova\u017esk\u00e9 m\u00fazeum\",\"image\":{\"@type\":\"ImageObject\",\"inLanguage\":\"sk-SK\",\"@id\":\"https:\\\/\\\/secure.gravatar.com\\\/avatar\\\/2bb7f1561282132fb5826dfeccc66c7996d11ee392ac6aaf7ced8a1c2027fbb2?s=96&d=mm&r=g\",\"url\":\"https:\\\/\\\/secure.gravatar.com\\\/avatar\\\/2bb7f1561282132fb5826dfeccc66c7996d11ee392ac6aaf7ced8a1c2027fbb2?s=96&d=mm&r=g\",\"contentUrl\":\"https:\\\/\\\/secure.gravatar.com\\\/avatar\\\/2bb7f1561282132fb5826dfeccc66c7996d11ee392ac6aaf7ced8a1c2027fbb2?s=96&d=mm&r=g\",\"caption\":\"Pova\u017esk\u00e9 m\u00fazeum\"}}]}<\/script>\n<!-- \/ Yoast SEO plugin. -->","yoast_head_json":{"title":"V\u00fdstava Prv\u00e9 kroky jedn\u00e9ho m\u00fazea na \u017eilinskej radnici - Pova\u017esk\u00e9 m\u00fazeum","robots":{"index":"index","follow":"follow","max-snippet":"max-snippet:-1","max-image-preview":"max-image-preview:large","max-video-preview":"max-video-preview:-1"},"canonical":"https:\/\/pmza.sk\/?p=6485","og_locale":"sk_SK","og_type":"article","og_title":"V\u00fdstava Prv\u00e9 kroky jedn\u00e9ho m\u00fazea na \u017eilinskej radnici - Pova\u017esk\u00e9 m\u00fazeum","og_description":"Pova\u017esk\u00e9 m\u00fazeum v\u00a0\u017diline si tento rok pripom\u00edna 70. v\u00fdro\u010die svojho vzniku. V\u00a0s\u00favislosti s v\u00fdro\u010d\u00edm bola u\u017e vydan\u00e1 monografia, ktor\u00e1 zachyt\u00e1va cel\u00e9 obdobie existencie m\u00fazea. Oslavy vyvrcholili 20. okt\u00f3bra v\u00a0Budat\u00ednskom parku po\u010das podujatia Budat\u00ednsky r\u00ednok.Poslednou aktivitou m\u00fazea pri pr\u00edle\u017eitosti jeho v\u00fdro\u010dia je v\u00fdstava Prv\u00e9 kroky jedn\u00e9ho m\u00fazea, ktor\u00e1 bude spr\u00edstupnen\u00e1 v\u00a0priestoroch \u017eilinskej radnice od 7. novembra [&hellip;]","og_url":"https:\/\/pmza.sk\/?p=6485","og_site_name":"Pova\u017esk\u00e9 m\u00fazeum","article_publisher":"https:\/\/www.facebook.com\/povazskemuzeum","article_published_time":"2012-10-31T13:47:25+00:00","og_image":[{"url":"https:\/\/pmza.sk\/wp-content\/uploads\/2012\/10\/Radnica.jpg","type":"","width":"","height":""}],"author":"Pova\u017esk\u00e9 m\u00fazeum","twitter_card":"summary_large_image","twitter_misc":{"Autor":"Pova\u017esk\u00e9 m\u00fazeum","Predpokladan\u00fd \u010das \u010d\u00edtania":"2 min\u00faty"},"schema":{"@context":"https:\/\/schema.org","@graph":[{"@type":"Article","@id":"https:\/\/pmza.sk\/?p=6485#article","isPartOf":{"@id":"https:\/\/pmza.sk\/?p=6485"},"author":{"name":"Pova\u017esk\u00e9 m\u00fazeum","@id":"https:\/\/pmza.sk\/#\/schema\/person\/595e6a2ce731ea94dcd5d7f50a41ae33"},"headline":"V\u00fdstava Prv\u00e9 kroky jedn\u00e9ho m\u00fazea na \u017eilinskej radnici","datePublished":"2012-10-31T13:47:25+00:00","mainEntityOfPage":{"@id":"https:\/\/pmza.sk\/?p=6485"},"wordCount":411,"publisher":{"@id":"https:\/\/pmza.sk\/#organization"},"image":{"@id":"https:\/\/pmza.sk\/?p=6485#primaryimage"},"thumbnailUrl":"https:\/\/pmza.sk\/wp-content\/uploads\/2012\/10\/Radnica.jpg","articleSection":["Arch\u00edv 2012"],"inLanguage":"sk-SK"},{"@type":"WebPage","@id":"https:\/\/pmza.sk\/?p=6485","url":"https:\/\/pmza.sk\/?p=6485","name":"V\u00fdstava Prv\u00e9 kroky jedn\u00e9ho m\u00fazea na \u017eilinskej radnici - Pova\u017esk\u00e9 m\u00fazeum","isPartOf":{"@id":"https:\/\/pmza.sk\/#website"},"primaryImageOfPage":{"@id":"https:\/\/pmza.sk\/?p=6485#primaryimage"},"image":{"@id":"https:\/\/pmza.sk\/?p=6485#primaryimage"},"thumbnailUrl":"https:\/\/pmza.sk\/wp-content\/uploads\/2012\/10\/Radnica.jpg","datePublished":"2012-10-31T13:47:25+00:00","breadcrumb":{"@id":"https:\/\/pmza.sk\/?p=6485#breadcrumb"},"inLanguage":"sk-SK","potentialAction":[{"@type":"ReadAction","target":["https:\/\/pmza.sk\/?p=6485"]}]},{"@type":"ImageObject","inLanguage":"sk-SK","@id":"https:\/\/pmza.sk\/?p=6485#primaryimage","url":"https:\/\/pmza.sk\/wp-content\/uploads\/2012\/10\/Radnica.jpg","contentUrl":"https:\/\/pmza.sk\/wp-content\/uploads\/2012\/10\/Radnica.jpg","width":640,"height":425},{"@type":"BreadcrumbList","@id":"https:\/\/pmza.sk\/?p=6485#breadcrumb","itemListElement":[{"@type":"ListItem","position":1,"name":"Domovsk\u00e1 str\u00e1nka","item":"https:\/\/pmza.sk\/"},{"@type":"ListItem","position":2,"name":"V\u00fdstava Prv\u00e9 kroky jedn\u00e9ho m\u00fazea na \u017eilinskej radnici"}]},{"@type":"WebSite","@id":"https:\/\/pmza.sk\/#website","url":"https:\/\/pmza.sk\/","name":"Pova\u017esk\u00e9 m\u00fazeum","description":"Pova\u017esk\u00e9 m\u00fazeum v \u017diline je region\u00e1lne m\u00fazeum so s\u00eddlom v Budat\u00edne. Jeho expoz\u00edcie s\u00fa zameran\u00e9 na dejiny slovensk\u00e9ho umenia, kult\u00fary a dopravy.","publisher":{"@id":"https:\/\/pmza.sk\/#organization"},"potentialAction":[{"@type":"SearchAction","target":{"@type":"EntryPoint","urlTemplate":"https:\/\/pmza.sk\/?s={search_term_string}"},"query-input":{"@type":"PropertyValueSpecification","valueRequired":true,"valueName":"search_term_string"}}],"inLanguage":"sk-SK"},{"@type":"Organization","@id":"https:\/\/pmza.sk\/#organization","name":"Pova\u017esk\u00e9 m\u00fazeum","url":"https:\/\/pmza.sk\/","logo":{"@type":"ImageObject","inLanguage":"sk-SK","@id":"https:\/\/pmza.sk\/#\/schema\/logo\/image\/","url":"https:\/\/pmza.sk\/wp-content\/uploads\/2022\/01\/logo_PM_horizontal.jpg","contentUrl":"https:\/\/pmza.sk\/wp-content\/uploads\/2022\/01\/logo_PM_horizontal.jpg","width":231,"height":142,"caption":"Pova\u017esk\u00e9 m\u00fazeum"},"image":{"@id":"https:\/\/pmza.sk\/#\/schema\/logo\/image\/"},"sameAs":["https:\/\/www.facebook.com\/povazskemuzeum","https:\/\/www.instagram.com\/povazskemuzeum\/"]},{"@type":"Person","@id":"https:\/\/pmza.sk\/#\/schema\/person\/595e6a2ce731ea94dcd5d7f50a41ae33","name":"Pova\u017esk\u00e9 m\u00fazeum","image":{"@type":"ImageObject","inLanguage":"sk-SK","@id":"https:\/\/secure.gravatar.com\/avatar\/2bb7f1561282132fb5826dfeccc66c7996d11ee392ac6aaf7ced8a1c2027fbb2?s=96&d=mm&r=g","url":"https:\/\/secure.gravatar.com\/avatar\/2bb7f1561282132fb5826dfeccc66c7996d11ee392ac6aaf7ced8a1c2027fbb2?s=96&d=mm&r=g","contentUrl":"https:\/\/secure.gravatar.com\/avatar\/2bb7f1561282132fb5826dfeccc66c7996d11ee392ac6aaf7ced8a1c2027fbb2?s=96&d=mm&r=g","caption":"Pova\u017esk\u00e9 m\u00fazeum"}}]}},"_links":{"self":[{"href":"https:\/\/pmza.sk\/index.php?rest_route=\/wp\/v2\/posts\/6485","targetHints":{"allow":["GET"]}}],"collection":[{"href":"https:\/\/pmza.sk\/index.php?rest_route=\/wp\/v2\/posts"}],"about":[{"href":"https:\/\/pmza.sk\/index.php?rest_route=\/wp\/v2\/types\/post"}],"author":[{"embeddable":true,"href":"https:\/\/pmza.sk\/index.php?rest_route=\/wp\/v2\/users\/2"}],"replies":[{"embeddable":true,"href":"https:\/\/pmza.sk\/index.php?rest_route=%2Fwp%2Fv2%2Fcomments&post=6485"}],"version-history":[{"count":0,"href":"https:\/\/pmza.sk\/index.php?rest_route=\/wp\/v2\/posts\/6485\/revisions"}],"wp:attachment":[{"href":"https:\/\/pmza.sk\/index.php?rest_route=%2Fwp%2Fv2%2Fmedia&parent=6485"}],"wp:term":[{"taxonomy":"category","embeddable":true,"href":"https:\/\/pmza.sk\/index.php?rest_route=%2Fwp%2Fv2%2Fcategories&post=6485"},{"taxonomy":"post_tag","embeddable":true,"href":"https:\/\/pmza.sk\/index.php?rest_route=%2Fwp%2Fv2%2Ftags&post=6485"}],"curies":[{"name":"wp","href":"https:\/\/api.w.org\/{rel}","templated":true}]}}