{"id":65114,"date":"2024-08-21T08:56:38","date_gmt":"2024-08-21T06:56:38","guid":{"rendered":"https:\/\/pmza.sk\/?p=65114"},"modified":"2024-10-17T09:26:49","modified_gmt":"2024-10-17T07:26:49","slug":"vojska-varsavskej-zmluvy-vstupili-na-nase-uzemie-pred-56-rokmi","status":"publish","type":"post","link":"https:\/\/pmza.sk\/?p=65114","title":{"rendered":"Vojsk\u00e1 Var\u0161avskej zmluvy vst\u00fapili na na\u0161e \u00fazemie pred 56 rokmi"},"content":{"rendered":"<p>NEZAB\u00daDAME, PRIPOM\u00cdNAME!<\/p>\n<p>V stredu 21. 8. 2024 si pripom\u00edname 56 rokov od vstupu vojsk Var\u0161avskej zmluvy na \u00fazemie \u010ceskoslovenska. Okup\u00e1cia sa za\u010dala v noci z 20. na 21. augusta 1968. Okrem vojakov Sovietskeho zv\u00e4zu sa jej z\u00fa\u010dastnili aj jednotky Ma\u010farska, Bulharska, Po\u013eska a NDR.<\/p>\n<p>T\u00e1to udalos\u0165 potla\u010dila ak\u00e9ko\u013evek snahy o demokratiz\u00e1ciu komunistick\u00e9ho re\u017eimu a znamenala za\u010diatok okup\u00e1cie, ktor\u00e1 trvala viac ako 20 rokov.<\/p>\n<p>Foto: wikipedia<\/p>\n<p>Prv\u00e9 okamihy inv\u00e1zie si m\u00f4\u017eete pozrie\u0165 v kr\u00e1tkom videu:<\/p>\n<p>Okupace. Vp\u00e1d vojsk Var\u0161avsk\u00e9 smlouvy do \u010ceskoslovenska. \u010ceskoslovensk\u00fd filmov\u00fd t\u00fdden\u00edk 35\/1968<\/p>\n<p><a href=\"https:\/\/www.youtube.com\/watch?v=HCCjQAmB9Wg\">https:\/\/www.youtube.com\/watch?v=HCCjQAmB9Wg<\/a><\/p>\n<p>Viac inform\u00e1ci\u00ed n\u00e1jdete na:<\/p>\n<p>August 1968 &#8211; \u00dastav pam\u00e4ti n\u00e1roda<\/p>\n<p><a href=\"https:\/\/www.21august1968.sk\/\">https:\/\/www.21august1968.sk\/<\/a><\/p>\n<p>Sloboda je krehk\u00e1, nezab\u00fadajme na to!<\/p>\n<p>&nbsp;<\/p>\n<p>&nbsp;<\/p>\n","protected":false},"excerpt":{"rendered":"<p>NEZAB\u00daDAME, PRIPOM\u00cdNAME! V stredu 21. 8. 2024 si pripom\u00edname 56 rokov od vstupu vojsk Var\u0161avskej zmluvy na \u00fazemie \u010ceskoslovenska. Okup\u00e1cia sa za\u010dala v noci z 20. na 21. augusta 1968. Okrem vojakov Sovietskeho zv\u00e4zu sa jej z\u00fa\u010dastnili aj jednotky Ma\u010farska, Bulharska, Po\u013eska a NDR. T\u00e1to udalos\u0165 potla\u010dila ak\u00e9ko\u013evek snahy o demokratiz\u00e1ciu komunistick\u00e9ho re\u017eimu a znamenala [&hellip;]<\/p>\n","protected":false},"author":2,"featured_media":65115,"comment_status":"closed","ping_status":"closed","sticky":false,"template":"","format":"standard","meta":{"site-sidebar-layout":"default","site-content-layout":"default","ast-site-content-layout":"","site-content-style":"default","site-sidebar-style":"default","ast-global-header-display":"","ast-banner-title-visibility":"","ast-main-header-display":"","ast-hfb-above-header-display":"","ast-hfb-below-header-display":"","ast-hfb-mobile-header-display":"","site-post-title":"","ast-breadcrumbs-content":"","ast-featured-img":"","footer-sml-layout":"","theme-transparent-header-meta":"default","adv-header-id-meta":"","stick-header-meta":"default","header-above-stick-meta":"","header-main-stick-meta":"","header-below-stick-meta":"","astra-migrate-meta-layouts":"default","ast-page-background-enabled":"default","ast-page-background-meta":{"desktop":{"background-color":"var(--ast-global-color-4)","background-image":"","background-repeat":"repeat","background-position":"center center","background-size":"auto","background-attachment":"scroll","background-type":"","background-media":"","overlay-type":"","overlay-color":"","overlay-opacity":"","overlay-gradient":""},"tablet":{"background-color":"","background-image":"","background-repeat":"repeat","background-position":"center center","background-size":"auto","background-attachment":"scroll","background-type":"","background-media":"","overlay-type":"","overlay-color":"","overlay-opacity":"","overlay-gradient":""},"mobile":{"background-color":"","background-image":"","background-repeat":"repeat","background-position":"center center","background-size":"auto","background-attachment":"scroll","background-type":"","background-media":"","overlay-type":"","overlay-color":"","overlay-opacity":"","overlay-gradient":""}},"ast-content-background-meta":{"desktop":{"background-color":"var(--ast-global-color-5)","background-image":"","background-repeat":"repeat","background-position":"center center","background-size":"auto","background-attachment":"scroll","background-type":"","background-media":"","overlay-type":"","overlay-color":"","overlay-opacity":"","overlay-gradient":""},"tablet":{"background-color":"var(--ast-global-color-5)","background-image":"","background-repeat":"repeat","background-position":"center center","background-size":"auto","background-attachment":"scroll","background-type":"","background-media":"","overlay-type":"","overlay-color":"","overlay-opacity":"","overlay-gradient":""},"mobile":{"background-color":"var(--ast-global-color-5)","background-image":"","background-repeat":"repeat","background-position":"center center","background-size":"auto","background-attachment":"scroll","background-type":"","background-media":"","overlay-type":"","overlay-color":"","overlay-opacity":"","overlay-gradient":""}},"footnotes":""},"categories":[31],"tags":[],"class_list":["post-65114","post","type-post","status-publish","format-standard","has-post-thumbnail","hentry","category-aktuality"],"yoast_head":"<!-- This site is optimized with the Yoast SEO plugin v27.4 - https:\/\/yoast.com\/product\/yoast-seo-wordpress\/ -->\n<title>Vojsk\u00e1 Var\u0161avskej zmluvy vst\u00fapili na na\u0161e \u00fazemie pred 56 rokmi - Pova\u017esk\u00e9 m\u00fazeum<\/title>\n<meta name=\"robots\" content=\"index, follow, max-snippet:-1, max-image-preview:large, max-video-preview:-1\" \/>\n<link rel=\"canonical\" href=\"https:\/\/pmza.sk\/?p=65114\" \/>\n<meta property=\"og:locale\" content=\"sk_SK\" \/>\n<meta property=\"og:type\" content=\"article\" \/>\n<meta property=\"og:title\" content=\"Vojsk\u00e1 Var\u0161avskej zmluvy vst\u00fapili na na\u0161e \u00fazemie pred 56 rokmi - Pova\u017esk\u00e9 m\u00fazeum\" \/>\n<meta property=\"og:description\" content=\"NEZAB\u00daDAME, PRIPOM\u00cdNAME! V stredu 21. 8. 2024 si pripom\u00edname 56 rokov od vstupu vojsk Var\u0161avskej zmluvy na \u00fazemie \u010ceskoslovenska. Okup\u00e1cia sa za\u010dala v noci z 20. na 21. augusta 1968. Okrem vojakov Sovietskeho zv\u00e4zu sa jej z\u00fa\u010dastnili aj jednotky Ma\u010farska, Bulharska, Po\u013eska a NDR. T\u00e1to udalos\u0165 potla\u010dila ak\u00e9ko\u013evek snahy o demokratiz\u00e1ciu komunistick\u00e9ho re\u017eimu a znamenala [&hellip;]\" \/>\n<meta property=\"og:url\" content=\"https:\/\/pmza.sk\/?p=65114\" \/>\n<meta property=\"og:site_name\" content=\"Pova\u017esk\u00e9 m\u00fazeum\" \/>\n<meta property=\"article:publisher\" content=\"https:\/\/www.facebook.com\/povazskemuzeum\" \/>\n<meta property=\"article:published_time\" content=\"2024-08-21T06:56:38+00:00\" \/>\n<meta property=\"article:modified_time\" content=\"2024-10-17T07:26:49+00:00\" \/>\n<meta property=\"og:image\" content=\"https:\/\/pmza.sk\/wp-content\/uploads\/2024\/08\/10_Soviet_Invasion_of_Czechoslovakia_-_Flickr_-_The_Central_Intelligence_Agency-scaled.jpg\" \/>\n\t<meta property=\"og:image:width\" content=\"2560\" \/>\n\t<meta property=\"og:image:height\" content=\"1720\" \/>\n\t<meta property=\"og:image:type\" content=\"image\/jpeg\" \/>\n<meta name=\"author\" content=\"Pova\u017esk\u00e9 m\u00fazeum\" \/>\n<meta name=\"twitter:card\" content=\"summary_large_image\" \/>\n<meta name=\"twitter:label1\" content=\"Autor\" \/>\n\t<meta name=\"twitter:data1\" content=\"Pova\u017esk\u00e9 m\u00fazeum\" \/>\n\t<meta name=\"twitter:label2\" content=\"Predpokladan\u00fd \u010das \u010d\u00edtania\" \/>\n\t<meta name=\"twitter:data2\" content=\"1 min\u00fata\" \/>\n<script type=\"application\/ld+json\" class=\"yoast-schema-graph\">{\"@context\":\"https:\\\/\\\/schema.org\",\"@graph\":[{\"@type\":\"Article\",\"@id\":\"https:\\\/\\\/pmza.sk\\\/?p=65114#article\",\"isPartOf\":{\"@id\":\"https:\\\/\\\/pmza.sk\\\/?p=65114\"},\"author\":{\"name\":\"Pova\u017esk\u00e9 m\u00fazeum\",\"@id\":\"https:\\\/\\\/pmza.sk\\\/#\\\/schema\\\/person\\\/595e6a2ce731ea94dcd5d7f50a41ae33\"},\"headline\":\"Vojsk\u00e1 Var\u0161avskej zmluvy vst\u00fapili na na\u0161e \u00fazemie pred 56 rokmi\",\"datePublished\":\"2024-08-21T06:56:38+00:00\",\"dateModified\":\"2024-10-17T07:26:49+00:00\",\"mainEntityOfPage\":{\"@id\":\"https:\\\/\\\/pmza.sk\\\/?p=65114\"},\"wordCount\":148,\"publisher\":{\"@id\":\"https:\\\/\\\/pmza.sk\\\/#organization\"},\"image\":{\"@id\":\"https:\\\/\\\/pmza.sk\\\/?p=65114#primaryimage\"},\"thumbnailUrl\":\"https:\\\/\\\/pmza.sk\\\/wp-content\\\/uploads\\\/2024\\\/08\\\/10_Soviet_Invasion_of_Czechoslovakia_-_Flickr_-_The_Central_Intelligence_Agency-scaled.jpg\",\"articleSection\":[\"Aktuality\"],\"inLanguage\":\"sk-SK\"},{\"@type\":\"WebPage\",\"@id\":\"https:\\\/\\\/pmza.sk\\\/?p=65114\",\"url\":\"https:\\\/\\\/pmza.sk\\\/?p=65114\",\"name\":\"Vojsk\u00e1 Var\u0161avskej zmluvy vst\u00fapili na na\u0161e \u00fazemie pred 56 rokmi - Pova\u017esk\u00e9 m\u00fazeum\",\"isPartOf\":{\"@id\":\"https:\\\/\\\/pmza.sk\\\/#website\"},\"primaryImageOfPage\":{\"@id\":\"https:\\\/\\\/pmza.sk\\\/?p=65114#primaryimage\"},\"image\":{\"@id\":\"https:\\\/\\\/pmza.sk\\\/?p=65114#primaryimage\"},\"thumbnailUrl\":\"https:\\\/\\\/pmza.sk\\\/wp-content\\\/uploads\\\/2024\\\/08\\\/10_Soviet_Invasion_of_Czechoslovakia_-_Flickr_-_The_Central_Intelligence_Agency-scaled.jpg\",\"datePublished\":\"2024-08-21T06:56:38+00:00\",\"dateModified\":\"2024-10-17T07:26:49+00:00\",\"breadcrumb\":{\"@id\":\"https:\\\/\\\/pmza.sk\\\/?p=65114#breadcrumb\"},\"inLanguage\":\"sk-SK\",\"potentialAction\":[{\"@type\":\"ReadAction\",\"target\":[\"https:\\\/\\\/pmza.sk\\\/?p=65114\"]}]},{\"@type\":\"ImageObject\",\"inLanguage\":\"sk-SK\",\"@id\":\"https:\\\/\\\/pmza.sk\\\/?p=65114#primaryimage\",\"url\":\"https:\\\/\\\/pmza.sk\\\/wp-content\\\/uploads\\\/2024\\\/08\\\/10_Soviet_Invasion_of_Czechoslovakia_-_Flickr_-_The_Central_Intelligence_Agency-scaled.jpg\",\"contentUrl\":\"https:\\\/\\\/pmza.sk\\\/wp-content\\\/uploads\\\/2024\\\/08\\\/10_Soviet_Invasion_of_Czechoslovakia_-_Flickr_-_The_Central_Intelligence_Agency-scaled.jpg\",\"width\":2560,\"height\":1720},{\"@type\":\"BreadcrumbList\",\"@id\":\"https:\\\/\\\/pmza.sk\\\/?p=65114#breadcrumb\",\"itemListElement\":[{\"@type\":\"ListItem\",\"position\":1,\"name\":\"Domovsk\u00e1 str\u00e1nka\",\"item\":\"https:\\\/\\\/pmza.sk\\\/\"},{\"@type\":\"ListItem\",\"position\":2,\"name\":\"Vojsk\u00e1 Var\u0161avskej zmluvy vst\u00fapili na na\u0161e \u00fazemie pred 56 rokmi\"}]},{\"@type\":\"WebSite\",\"@id\":\"https:\\\/\\\/pmza.sk\\\/#website\",\"url\":\"https:\\\/\\\/pmza.sk\\\/\",\"name\":\"Pova\u017esk\u00e9 m\u00fazeum\",\"description\":\"Pova\u017esk\u00e9 m\u00fazeum v \u017diline je region\u00e1lne m\u00fazeum so s\u00eddlom v Budat\u00edne. Jeho expoz\u00edcie s\u00fa zameran\u00e9 na dejiny slovensk\u00e9ho umenia, kult\u00fary a dopravy.\",\"publisher\":{\"@id\":\"https:\\\/\\\/pmza.sk\\\/#organization\"},\"potentialAction\":[{\"@type\":\"SearchAction\",\"target\":{\"@type\":\"EntryPoint\",\"urlTemplate\":\"https:\\\/\\\/pmza.sk\\\/?s={search_term_string}\"},\"query-input\":{\"@type\":\"PropertyValueSpecification\",\"valueRequired\":true,\"valueName\":\"search_term_string\"}}],\"inLanguage\":\"sk-SK\"},{\"@type\":\"Organization\",\"@id\":\"https:\\\/\\\/pmza.sk\\\/#organization\",\"name\":\"Pova\u017esk\u00e9 m\u00fazeum\",\"url\":\"https:\\\/\\\/pmza.sk\\\/\",\"logo\":{\"@type\":\"ImageObject\",\"inLanguage\":\"sk-SK\",\"@id\":\"https:\\\/\\\/pmza.sk\\\/#\\\/schema\\\/logo\\\/image\\\/\",\"url\":\"https:\\\/\\\/pmza.sk\\\/wp-content\\\/uploads\\\/2022\\\/01\\\/logo_PM_horizontal.jpg\",\"contentUrl\":\"https:\\\/\\\/pmza.sk\\\/wp-content\\\/uploads\\\/2022\\\/01\\\/logo_PM_horizontal.jpg\",\"width\":231,\"height\":142,\"caption\":\"Pova\u017esk\u00e9 m\u00fazeum\"},\"image\":{\"@id\":\"https:\\\/\\\/pmza.sk\\\/#\\\/schema\\\/logo\\\/image\\\/\"},\"sameAs\":[\"https:\\\/\\\/www.facebook.com\\\/povazskemuzeum\",\"https:\\\/\\\/www.instagram.com\\\/povazskemuzeum\\\/\"]},{\"@type\":\"Person\",\"@id\":\"https:\\\/\\\/pmza.sk\\\/#\\\/schema\\\/person\\\/595e6a2ce731ea94dcd5d7f50a41ae33\",\"name\":\"Pova\u017esk\u00e9 m\u00fazeum\",\"image\":{\"@type\":\"ImageObject\",\"inLanguage\":\"sk-SK\",\"@id\":\"https:\\\/\\\/secure.gravatar.com\\\/avatar\\\/2bb7f1561282132fb5826dfeccc66c7996d11ee392ac6aaf7ced8a1c2027fbb2?s=96&d=mm&r=g\",\"url\":\"https:\\\/\\\/secure.gravatar.com\\\/avatar\\\/2bb7f1561282132fb5826dfeccc66c7996d11ee392ac6aaf7ced8a1c2027fbb2?s=96&d=mm&r=g\",\"contentUrl\":\"https:\\\/\\\/secure.gravatar.com\\\/avatar\\\/2bb7f1561282132fb5826dfeccc66c7996d11ee392ac6aaf7ced8a1c2027fbb2?s=96&d=mm&r=g\",\"caption\":\"Pova\u017esk\u00e9 m\u00fazeum\"}}]}<\/script>\n<!-- \/ Yoast SEO plugin. -->","yoast_head_json":{"title":"Vojsk\u00e1 Var\u0161avskej zmluvy vst\u00fapili na na\u0161e \u00fazemie pred 56 rokmi - Pova\u017esk\u00e9 m\u00fazeum","robots":{"index":"index","follow":"follow","max-snippet":"max-snippet:-1","max-image-preview":"max-image-preview:large","max-video-preview":"max-video-preview:-1"},"canonical":"https:\/\/pmza.sk\/?p=65114","og_locale":"sk_SK","og_type":"article","og_title":"Vojsk\u00e1 Var\u0161avskej zmluvy vst\u00fapili na na\u0161e \u00fazemie pred 56 rokmi - Pova\u017esk\u00e9 m\u00fazeum","og_description":"NEZAB\u00daDAME, PRIPOM\u00cdNAME! V stredu 21. 8. 2024 si pripom\u00edname 56 rokov od vstupu vojsk Var\u0161avskej zmluvy na \u00fazemie \u010ceskoslovenska. Okup\u00e1cia sa za\u010dala v noci z 20. na 21. augusta 1968. Okrem vojakov Sovietskeho zv\u00e4zu sa jej z\u00fa\u010dastnili aj jednotky Ma\u010farska, Bulharska, Po\u013eska a NDR. T\u00e1to udalos\u0165 potla\u010dila ak\u00e9ko\u013evek snahy o demokratiz\u00e1ciu komunistick\u00e9ho re\u017eimu a znamenala [&hellip;]","og_url":"https:\/\/pmza.sk\/?p=65114","og_site_name":"Pova\u017esk\u00e9 m\u00fazeum","article_publisher":"https:\/\/www.facebook.com\/povazskemuzeum","article_published_time":"2024-08-21T06:56:38+00:00","article_modified_time":"2024-10-17T07:26:49+00:00","og_image":[{"width":2560,"height":1720,"url":"https:\/\/pmza.sk\/wp-content\/uploads\/2024\/08\/10_Soviet_Invasion_of_Czechoslovakia_-_Flickr_-_The_Central_Intelligence_Agency-scaled.jpg","type":"image\/jpeg"}],"author":"Pova\u017esk\u00e9 m\u00fazeum","twitter_card":"summary_large_image","twitter_misc":{"Autor":"Pova\u017esk\u00e9 m\u00fazeum","Predpokladan\u00fd \u010das \u010d\u00edtania":"1 min\u00fata"},"schema":{"@context":"https:\/\/schema.org","@graph":[{"@type":"Article","@id":"https:\/\/pmza.sk\/?p=65114#article","isPartOf":{"@id":"https:\/\/pmza.sk\/?p=65114"},"author":{"name":"Pova\u017esk\u00e9 m\u00fazeum","@id":"https:\/\/pmza.sk\/#\/schema\/person\/595e6a2ce731ea94dcd5d7f50a41ae33"},"headline":"Vojsk\u00e1 Var\u0161avskej zmluvy vst\u00fapili na na\u0161e \u00fazemie pred 56 rokmi","datePublished":"2024-08-21T06:56:38+00:00","dateModified":"2024-10-17T07:26:49+00:00","mainEntityOfPage":{"@id":"https:\/\/pmza.sk\/?p=65114"},"wordCount":148,"publisher":{"@id":"https:\/\/pmza.sk\/#organization"},"image":{"@id":"https:\/\/pmza.sk\/?p=65114#primaryimage"},"thumbnailUrl":"https:\/\/pmza.sk\/wp-content\/uploads\/2024\/08\/10_Soviet_Invasion_of_Czechoslovakia_-_Flickr_-_The_Central_Intelligence_Agency-scaled.jpg","articleSection":["Aktuality"],"inLanguage":"sk-SK"},{"@type":"WebPage","@id":"https:\/\/pmza.sk\/?p=65114","url":"https:\/\/pmza.sk\/?p=65114","name":"Vojsk\u00e1 Var\u0161avskej zmluvy vst\u00fapili na na\u0161e \u00fazemie pred 56 rokmi - Pova\u017esk\u00e9 m\u00fazeum","isPartOf":{"@id":"https:\/\/pmza.sk\/#website"},"primaryImageOfPage":{"@id":"https:\/\/pmza.sk\/?p=65114#primaryimage"},"image":{"@id":"https:\/\/pmza.sk\/?p=65114#primaryimage"},"thumbnailUrl":"https:\/\/pmza.sk\/wp-content\/uploads\/2024\/08\/10_Soviet_Invasion_of_Czechoslovakia_-_Flickr_-_The_Central_Intelligence_Agency-scaled.jpg","datePublished":"2024-08-21T06:56:38+00:00","dateModified":"2024-10-17T07:26:49+00:00","breadcrumb":{"@id":"https:\/\/pmza.sk\/?p=65114#breadcrumb"},"inLanguage":"sk-SK","potentialAction":[{"@type":"ReadAction","target":["https:\/\/pmza.sk\/?p=65114"]}]},{"@type":"ImageObject","inLanguage":"sk-SK","@id":"https:\/\/pmza.sk\/?p=65114#primaryimage","url":"https:\/\/pmza.sk\/wp-content\/uploads\/2024\/08\/10_Soviet_Invasion_of_Czechoslovakia_-_Flickr_-_The_Central_Intelligence_Agency-scaled.jpg","contentUrl":"https:\/\/pmza.sk\/wp-content\/uploads\/2024\/08\/10_Soviet_Invasion_of_Czechoslovakia_-_Flickr_-_The_Central_Intelligence_Agency-scaled.jpg","width":2560,"height":1720},{"@type":"BreadcrumbList","@id":"https:\/\/pmza.sk\/?p=65114#breadcrumb","itemListElement":[{"@type":"ListItem","position":1,"name":"Domovsk\u00e1 str\u00e1nka","item":"https:\/\/pmza.sk\/"},{"@type":"ListItem","position":2,"name":"Vojsk\u00e1 Var\u0161avskej zmluvy vst\u00fapili na na\u0161e \u00fazemie pred 56 rokmi"}]},{"@type":"WebSite","@id":"https:\/\/pmza.sk\/#website","url":"https:\/\/pmza.sk\/","name":"Pova\u017esk\u00e9 m\u00fazeum","description":"Pova\u017esk\u00e9 m\u00fazeum v \u017diline je region\u00e1lne m\u00fazeum so s\u00eddlom v Budat\u00edne. Jeho expoz\u00edcie s\u00fa zameran\u00e9 na dejiny slovensk\u00e9ho umenia, kult\u00fary a dopravy.","publisher":{"@id":"https:\/\/pmza.sk\/#organization"},"potentialAction":[{"@type":"SearchAction","target":{"@type":"EntryPoint","urlTemplate":"https:\/\/pmza.sk\/?s={search_term_string}"},"query-input":{"@type":"PropertyValueSpecification","valueRequired":true,"valueName":"search_term_string"}}],"inLanguage":"sk-SK"},{"@type":"Organization","@id":"https:\/\/pmza.sk\/#organization","name":"Pova\u017esk\u00e9 m\u00fazeum","url":"https:\/\/pmza.sk\/","logo":{"@type":"ImageObject","inLanguage":"sk-SK","@id":"https:\/\/pmza.sk\/#\/schema\/logo\/image\/","url":"https:\/\/pmza.sk\/wp-content\/uploads\/2022\/01\/logo_PM_horizontal.jpg","contentUrl":"https:\/\/pmza.sk\/wp-content\/uploads\/2022\/01\/logo_PM_horizontal.jpg","width":231,"height":142,"caption":"Pova\u017esk\u00e9 m\u00fazeum"},"image":{"@id":"https:\/\/pmza.sk\/#\/schema\/logo\/image\/"},"sameAs":["https:\/\/www.facebook.com\/povazskemuzeum","https:\/\/www.instagram.com\/povazskemuzeum\/"]},{"@type":"Person","@id":"https:\/\/pmza.sk\/#\/schema\/person\/595e6a2ce731ea94dcd5d7f50a41ae33","name":"Pova\u017esk\u00e9 m\u00fazeum","image":{"@type":"ImageObject","inLanguage":"sk-SK","@id":"https:\/\/secure.gravatar.com\/avatar\/2bb7f1561282132fb5826dfeccc66c7996d11ee392ac6aaf7ced8a1c2027fbb2?s=96&d=mm&r=g","url":"https:\/\/secure.gravatar.com\/avatar\/2bb7f1561282132fb5826dfeccc66c7996d11ee392ac6aaf7ced8a1c2027fbb2?s=96&d=mm&r=g","contentUrl":"https:\/\/secure.gravatar.com\/avatar\/2bb7f1561282132fb5826dfeccc66c7996d11ee392ac6aaf7ced8a1c2027fbb2?s=96&d=mm&r=g","caption":"Pova\u017esk\u00e9 m\u00fazeum"}}]}},"_links":{"self":[{"href":"https:\/\/pmza.sk\/index.php?rest_route=\/wp\/v2\/posts\/65114","targetHints":{"allow":["GET"]}}],"collection":[{"href":"https:\/\/pmza.sk\/index.php?rest_route=\/wp\/v2\/posts"}],"about":[{"href":"https:\/\/pmza.sk\/index.php?rest_route=\/wp\/v2\/types\/post"}],"author":[{"embeddable":true,"href":"https:\/\/pmza.sk\/index.php?rest_route=\/wp\/v2\/users\/2"}],"replies":[{"embeddable":true,"href":"https:\/\/pmza.sk\/index.php?rest_route=%2Fwp%2Fv2%2Fcomments&post=65114"}],"version-history":[{"count":0,"href":"https:\/\/pmza.sk\/index.php?rest_route=\/wp\/v2\/posts\/65114\/revisions"}],"wp:featuredmedia":[{"embeddable":true,"href":"https:\/\/pmza.sk\/index.php?rest_route=\/wp\/v2\/media\/65115"}],"wp:attachment":[{"href":"https:\/\/pmza.sk\/index.php?rest_route=%2Fwp%2Fv2%2Fmedia&parent=65114"}],"wp:term":[{"taxonomy":"category","embeddable":true,"href":"https:\/\/pmza.sk\/index.php?rest_route=%2Fwp%2Fv2%2Fcategories&post=65114"},{"taxonomy":"post_tag","embeddable":true,"href":"https:\/\/pmza.sk\/index.php?rest_route=%2Fwp%2Fv2%2Ftags&post=65114"}],"curies":[{"name":"wp","href":"https:\/\/api.w.org\/{rel}","templated":true}]}}