{"id":65362,"date":"2024-09-03T11:21:15","date_gmt":"2024-09-03T09:21:15","guid":{"rendered":"https:\/\/pmza.sk\/?p=65362"},"modified":"2025-09-02T09:13:10","modified_gmt":"2025-09-02T07:13:10","slug":"dejiny-textilnej-vyroby-v-ziline-a-jej-okoli","status":"publish","type":"post","link":"https:\/\/pmza.sk\/?p=65362","title":{"rendered":"Dejiny textilnej v\u00fdroby v \u017diline a jej okol\u00ed"},"content":{"rendered":"<p>\u017dilina st\u00e1ro\u010dia patrila medzi d\u00f4le\u017eit\u00e9 centr\u00e1 textilnej produkcie. V\u00a0star\u0161om obdob\u00ed bola\u00a0 zn\u00e1ma kvalitn\u00fdm, remeseln\u00edcky vyr\u00e1ban\u00fdm s\u00faknom, od \u00a0konca 19. storo\u010dia modernou tov\u00e1r\u0148ou na spracovanie vlny a\u00a0v\u00a0druhej polovici 20. storo\u010dia aj \u0161it\u00edm kvalitn\u00fdch odevov. Pr\u00e1ve dejin\u00e1m textilnej v\u00fdroby v\u00a0\u017diline a\u00a0jej okol\u00ed je venovan\u00e1 nov\u00e1 v\u00fdstava v\u00a0Budat\u00ednskom hrade, ktor\u00e1 je verejnosti pr\u00edstupn\u00e1 do 31. augusta 2025.<\/p>\n<p><em>\u201eS\u00fakenn\u00e1 tov\u00e1re\u0148, dnes zn\u00e1ma ako Slovena, priniesla v\u00a0roku 1891 do \u017diliny nov\u00fd, v\u00a0tej dobe najmodernej\u0161\u00ed sp\u00f4sob spracovania vlny v\u00a0celom Uhorsku. Jej tovar si na\u0161iel odberate\u013eov nielen doma, ale aj v zahrani\u010d\u00ed. V\u00a0obdob\u00ed Rak\u00fasko-Uhorska napr\u00edklad dod\u00e1vala po\u0165ahov\u00e9 l\u00e1tky do vag\u00f3nov prvej triedy Uhorskej kr\u00e1\u013eovskej \u0161t\u00e1tnej \u017eeleznice,<\/em>\u201c hovor\u00ed histori\u010dka a\u00a0kur\u00e1torka v\u00fdstavy Zuzana Kudzbelov\u00e1.<\/p>\n<p>V \u017diline p\u00f4sobilo aj nieko\u013eko zauj\u00edmav\u00fdch odevn\u00fdch podnikov. Jedn\u00fdm z\u00a0nich bola Prv\u00e1 slovensk\u00e1 tov\u00e1re\u0148 odevov Roln\u00fd, zalo\u017een\u00e1 v\u00a0roku 1939 moravsk\u00fdm priemyseln\u00edkom Arno\u0161tom Roln\u00fdm. Ten nechal v\u00a0\u017diline postavi\u0165 aj Z\u00e1vodn\u00fa \u0161kolu pr\u00e1ce \u2013 prv\u00fa u\u010d\u0148ovsk\u00fa \u0161kolu svojho druhu na Slovensku, kde vychov\u00e1val svojich bud\u00facich zamestnancov. Podnik v\u0161ak nesk\u00f4r premiestnil do P\u00fachova. V\u00a0roku 1946 bol \u00a0zn\u00e1rodnen\u00fd, v\u00a0r\u00e1mci reorganiz\u00e1cie sa \u00a0z\u00a0neho v roku 1949 sformoval samostatn\u00fd podnik Makyta, odevn\u00e9 z\u00e1vody v\u00a0P\u00fachove, ktor\u00fd spustil pobo\u010dn\u00fa prev\u00e1dzku aj v\u00a0\u017diline.<\/p>\n<p>\u010eal\u0161\u00edm v\u00fdznamn\u00fdm odevn\u00fdm podnikom bol Modex. Vznikol v\u00a0roku 1950 zn\u00e1rodnen\u00edm kraj\u010d\u00edrskych \u017eivnostn\u00edkov zo \u017diliny a\u00a0jej okolia a \u00a0sna\u017eil sa uspokoji\u0165 dopyt po nekonfek\u010dnom oble\u010den\u00ed.<em> \u201ePodnik sa najsk\u00f4r volal Vkus a pozost\u00e1val z\u00a0nieko\u013ek\u00fdch dieln\u00ed, napr\u00edklad v roku 1961 ich bolo 16 a\u00a0p\u00f4sobilo v\u00a0nich 318 \u013eud\u00ed, preva\u017ene \u017eeny. V roku 1967 sa premenoval na Modex. O tri roky nesk\u00f4r mal 670\u00a0 zamestnancov a v polovici 70. rokov aj u\u010d\u0148ovsk\u00e9 stredisko s vy\u0161e 100 \u017eiakmi. Okrem z\u00e1kazkov\u00e9ho \u0161itia \u010dasom za\u010dal pon\u00faka\u0165 aj konfekciu. Aby sa v\u0161ak vyhol uniformite, vyr\u00e1bal odevy v\u00a0men\u0161om objeme. Presl\u00e1vil sa nielen kvalitou svojich v\u00fdrobkov, ale aj tzv. progres\u00edvnou z\u00e1kazkou. V\u00a0predajni v\u00a0\u017diline si z\u00e1kazn\u00edk vybral\u00a0 jeden z\u00a0pon\u00fakan\u00fdch modelov, vysk\u00fa\u0161al si ho a\u00a0zistil, \u010di mu sed\u00ed faz\u00f3na a\u00a0farba. Ak nebol spokojn\u00fd, mohol si\u00a0necha\u0165 upravi\u0165 odev na mieru, zvoli\u0165 in\u00fa farbu a za 16 <\/em>\u00a0\u2013\u00a0 <em>21 dn\u00ed sa te\u0161i\u0165 z\u00a0nov\u00e9ho, dobre sediaceho oble\u010denia<\/em><em>,\u201c <\/em>pribli\u017euje \u010falej histori\u010dka Kudzbelov\u00e1.<\/p>\n<p>V\u00fdstava\u00a0 spr\u00edstup\u0148uje verejnosti viac ako p\u00e4\u0165desiat predmetov dokumentuj\u00facich dlh\u00fa trad\u00edciu remeseln\u00e9ho a\u00a0nesk\u00f4r priemyseln\u00e9ho spracovania vlny a v\u00fdrobu odevov a\u00a0kobercov v\u00a0\u017diline a\u00a0jej okolia. Zo zbierkov\u00e9ho fondu Pova\u017esk\u00e9ho m\u00fazea n\u00e1v\u0161tevn\u00edk m\u00f4\u017ee obdivova\u0165 cechov\u00e9 knihy \u017eilinsk\u00fdch s\u00fakenn\u00edkov z\u00a018. storo\u010dia, s\u00e9riu fotografi\u00ed z\u00a0v\u00fdstavby s\u00fakennej tov\u00e1rne z\u00a019. storo\u010dia alebo detsk\u00e9 oble\u010denie zna\u010dky Vkus zo 60. rokov 20. storo\u010dia. Z\u00a0dielne Modexu s\u00fa vystaven\u00e9 napr\u00edklad d\u00e1mske \u0161aty zo zbierok Slovensk\u00e9ho m\u00fazea dizajnu a\u00a0M\u00fazea Janka Kr\u00e1\u013ea, alebo podnikov\u00e1 kronika zapo\u017ei\u010dan\u00e1 spolo\u010dnos\u0165ou Teraz a. s. \u00a0Medzi zauj\u00edmav\u00e9 predmety ur\u010dite patria aj poh\u013eadnice zobrazuj\u00face pobo\u010dku s\u00fakennej tov\u00e1rne v \u010cadci zo za\u010diatku 20. storo\u010dia, ktor\u00e9 zapo\u017ei\u010dal zberate\u013e Anton La\u0161. Vystaven\u00e9 expon\u00e1ty na v\u00fdstave dop\u013a\u0148aj\u00fa\u00a0 zauj\u00edmav\u00e9 videoz\u00e1znamy z\u00a0arch\u00edvu Slovensk\u00e9ho filmov\u00e9ho \u00fastavu.<\/p>\n<p>V\u00fdstavu z\u00a0verejn\u00fdch zdrojov podporil Fond na podporu umenia.<\/p>\n<div class=\"wp-block-image\"><img fetchpriority=\"high\" decoding=\"async\" class=\"wpa-warning wpa-image-missing-alt alignnone wp-image-65363\" src=\"https:\/\/pmza.sk\/wp-content\/uploads\/2024\/09\/FPU_logo1_modre-480x360.jpg\" alt=\"\" width=\"264\" height=\"198\" data-warning=\"Missing alt text\" srcset=\"https:\/\/pmza.sk\/wp-content\/uploads\/2024\/09\/FPU_logo1_modre-480x360.jpg 480w, https:\/\/pmza.sk\/wp-content\/uploads\/2024\/09\/FPU_logo1_modre-982x736.jpg 982w, https:\/\/pmza.sk\/wp-content\/uploads\/2024\/09\/FPU_logo1_modre-768x576.jpg 768w, https:\/\/pmza.sk\/wp-content\/uploads\/2024\/09\/FPU_logo1_modre-1536x1152.jpg 1536w, https:\/\/pmza.sk\/wp-content\/uploads\/2024\/09\/FPU_logo1_modre-2048x1536.jpg 2048w, https:\/\/pmza.sk\/wp-content\/uploads\/2024\/09\/FPU_logo1_modre-600x450.jpg 600w\" sizes=\"(max-width: 264px) 100vw, 264px\" \/><\/div>\n<div><\/div>\n<div>\n<div class=\"wp-block-image\"><img decoding=\"async\" class=\"wpa-warning wpa-image-missing-alt alignnone size-medium wp-image-65364\" src=\"https:\/\/pmza.sk\/wp-content\/uploads\/2024\/09\/Plagat-jpg-255x360.jpg\" alt=\"\" width=\"255\" height=\"360\" data-warning=\"Missing alt text\" srcset=\"https:\/\/pmza.sk\/wp-content\/uploads\/2024\/09\/Plagat-jpg-255x360.jpg 255w, https:\/\/pmza.sk\/wp-content\/uploads\/2024\/09\/Plagat-jpg-520x736.jpg 520w, https:\/\/pmza.sk\/wp-content\/uploads\/2024\/09\/Plagat-jpg-768x1086.jpg 768w, https:\/\/pmza.sk\/wp-content\/uploads\/2024\/09\/Plagat-jpg-1086x1536.jpg 1086w, https:\/\/pmza.sk\/wp-content\/uploads\/2024\/09\/Plagat-jpg-1448x2048.jpg 1448w, https:\/\/pmza.sk\/wp-content\/uploads\/2024\/09\/Plagat-jpg-600x849.jpg 600w, https:\/\/pmza.sk\/wp-content\/uploads\/2024\/09\/Plagat-jpg-scaled.jpg 1810w\" sizes=\"(max-width: 255px) 100vw, 255px\" \/><\/div>\n<\/div>\n<div><\/div>\n<div>Plag\u00e1t v plnej kvalite <a href=\"https:\/\/pmza.sk\/wp-content\/uploads\/2024\/09\/Plagat-Dejiny-textilnej-vyroby.pdf\">TU<\/a><\/div>\n<div><\/div>\n<div><\/div>\n<div><\/div>\n<p><strong>SPRIEVODN\u00c9 PODUJATIA<br \/>\n<\/strong><\/p>\n<p>&nbsp;<\/p>\n<div class=\"wp-block-image\"><img decoding=\"async\" class=\"wpa-warning wpa-image-missing-alt alignnone size-medium wp-image-68661\" src=\"https:\/\/pmza.sk\/wp-content\/uploads\/2024\/09\/Dejiny_textilnej_WS_K2_page-0001-255x360.jpg\" alt=\"\" width=\"255\" height=\"360\" data-warning=\"Missing alt text\" srcset=\"https:\/\/pmza.sk\/wp-content\/uploads\/2024\/09\/Dejiny_textilnej_WS_K2_page-0001-255x360.jpg 255w, https:\/\/pmza.sk\/wp-content\/uploads\/2024\/09\/Dejiny_textilnej_WS_K2_page-0001-520x736.jpg 520w, https:\/\/pmza.sk\/wp-content\/uploads\/2024\/09\/Dejiny_textilnej_WS_K2_page-0001-768x1086.jpg 768w, https:\/\/pmza.sk\/wp-content\/uploads\/2024\/09\/Dejiny_textilnej_WS_K2_page-0001-1086x1536.jpg 1086w, https:\/\/pmza.sk\/wp-content\/uploads\/2024\/09\/Dejiny_textilnej_WS_K2_page-0001-1448x2048.jpg 1448w, https:\/\/pmza.sk\/wp-content\/uploads\/2024\/09\/Dejiny_textilnej_WS_K2_page-0001-600x849.jpg 600w, https:\/\/pmza.sk\/wp-content\/uploads\/2024\/09\/Dejiny_textilnej_WS_K2_page-0001.jpg 1754w\" sizes=\"(max-width: 255px) 100vw, 255px\" \/><\/div>\n<div><\/div>\n<div>Fotografie z workshopu:<\/div>\n<div>\n<div class=\"wp-block-image\"><img loading=\"lazy\" decoding=\"async\" class=\"wpa-warning wpa-image-missing-alt alignnone size-medium wp-image-68662\" src=\"https:\/\/pmza.sk\/wp-content\/uploads\/2024\/09\/DSC_9247-Enhanced-NR-540x360.jpg\" alt=\"\" width=\"540\" height=\"360\" data-warning=\"Missing alt text\" srcset=\"https:\/\/pmza.sk\/wp-content\/uploads\/2024\/09\/DSC_9247-Enhanced-NR-540x360.jpg 540w, https:\/\/pmza.sk\/wp-content\/uploads\/2024\/09\/DSC_9247-Enhanced-NR-1104x736.jpg 1104w, https:\/\/pmza.sk\/wp-content\/uploads\/2024\/09\/DSC_9247-Enhanced-NR-768x512.jpg 768w, https:\/\/pmza.sk\/wp-content\/uploads\/2024\/09\/DSC_9247-Enhanced-NR-1536x1024.jpg 1536w, https:\/\/pmza.sk\/wp-content\/uploads\/2024\/09\/DSC_9247-Enhanced-NR-600x400.jpg 600w, https:\/\/pmza.sk\/wp-content\/uploads\/2024\/09\/DSC_9247-Enhanced-NR.jpg 1920w\" sizes=\"(max-width: 540px) 100vw, 540px\" \/><\/div>\n<\/div>\n<div><\/div>\n<div>\n<div class=\"wp-block-image\"><img loading=\"lazy\" decoding=\"async\" class=\"wpa-warning wpa-image-missing-alt alignnone size-medium wp-image-68663\" src=\"https:\/\/pmza.sk\/wp-content\/uploads\/2024\/09\/DSC_9343-Enhanced-NR-540x360.jpg\" alt=\"\" width=\"540\" height=\"360\" data-warning=\"Missing alt text\" srcset=\"https:\/\/pmza.sk\/wp-content\/uploads\/2024\/09\/DSC_9343-Enhanced-NR-540x360.jpg 540w, https:\/\/pmza.sk\/wp-content\/uploads\/2024\/09\/DSC_9343-Enhanced-NR-1104x736.jpg 1104w, https:\/\/pmza.sk\/wp-content\/uploads\/2024\/09\/DSC_9343-Enhanced-NR-768x512.jpg 768w, https:\/\/pmza.sk\/wp-content\/uploads\/2024\/09\/DSC_9343-Enhanced-NR-1536x1024.jpg 1536w, https:\/\/pmza.sk\/wp-content\/uploads\/2024\/09\/DSC_9343-Enhanced-NR-600x400.jpg 600w, https:\/\/pmza.sk\/wp-content\/uploads\/2024\/09\/DSC_9343-Enhanced-NR.jpg 1920w\" sizes=\"(max-width: 540px) 100vw, 540px\" \/><\/div>\n<div><\/div>\n<\/div>\n<div>\n<div class=\"wp-block-image\"><img loading=\"lazy\" decoding=\"async\" class=\"wpa-warning wpa-image-missing-alt alignnone size-medium wp-image-68664\" src=\"https:\/\/pmza.sk\/wp-content\/uploads\/2024\/09\/DSC_9424-Enhanced-NR-540x360.jpg\" alt=\"\" width=\"540\" height=\"360\" data-warning=\"Missing alt text\" srcset=\"https:\/\/pmza.sk\/wp-content\/uploads\/2024\/09\/DSC_9424-Enhanced-NR-540x360.jpg 540w, https:\/\/pmza.sk\/wp-content\/uploads\/2024\/09\/DSC_9424-Enhanced-NR-1104x736.jpg 1104w, https:\/\/pmza.sk\/wp-content\/uploads\/2024\/09\/DSC_9424-Enhanced-NR-768x512.jpg 768w, https:\/\/pmza.sk\/wp-content\/uploads\/2024\/09\/DSC_9424-Enhanced-NR-1536x1024.jpg 1536w, https:\/\/pmza.sk\/wp-content\/uploads\/2024\/09\/DSC_9424-Enhanced-NR-600x400.jpg 600w, https:\/\/pmza.sk\/wp-content\/uploads\/2024\/09\/DSC_9424-Enhanced-NR.jpg 1920w\" sizes=\"(max-width: 540px) 100vw, 540px\" \/><\/div>\n<\/div>\n<p>&nbsp;<\/p>\n<div class=\"wp-block-image\"><img loading=\"lazy\" decoding=\"async\" class=\"wpa-warning wpa-image-missing-alt alignnone size-medium wp-image-68665\" src=\"https:\/\/pmza.sk\/wp-content\/uploads\/2024\/09\/DSC_9436-Enhanced-NR-540x360.jpg\" alt=\"\" width=\"540\" height=\"360\" data-warning=\"Missing alt text\" srcset=\"https:\/\/pmza.sk\/wp-content\/uploads\/2024\/09\/DSC_9436-Enhanced-NR-540x360.jpg 540w, https:\/\/pmza.sk\/wp-content\/uploads\/2024\/09\/DSC_9436-Enhanced-NR-1104x736.jpg 1104w, https:\/\/pmza.sk\/wp-content\/uploads\/2024\/09\/DSC_9436-Enhanced-NR-768x512.jpg 768w, https:\/\/pmza.sk\/wp-content\/uploads\/2024\/09\/DSC_9436-Enhanced-NR-1536x1024.jpg 1536w, https:\/\/pmza.sk\/wp-content\/uploads\/2024\/09\/DSC_9436-Enhanced-NR-600x400.jpg 600w, https:\/\/pmza.sk\/wp-content\/uploads\/2024\/09\/DSC_9436-Enhanced-NR.jpg 1920w\" sizes=\"(max-width: 540px) 100vw, 540px\" \/><\/div>\n<div><\/div>\n<div>\n<div class=\"wp-block-image\"><img loading=\"lazy\" decoding=\"async\" class=\"wpa-warning wpa-image-missing-alt alignnone size-medium wp-image-68666\" src=\"https:\/\/pmza.sk\/wp-content\/uploads\/2024\/09\/DSC_9529-Enhanced-NR-540x360.jpg\" alt=\"\" width=\"540\" height=\"360\" data-warning=\"Missing alt text\" srcset=\"https:\/\/pmza.sk\/wp-content\/uploads\/2024\/09\/DSC_9529-Enhanced-NR-540x360.jpg 540w, https:\/\/pmza.sk\/wp-content\/uploads\/2024\/09\/DSC_9529-Enhanced-NR-1104x736.jpg 1104w, https:\/\/pmza.sk\/wp-content\/uploads\/2024\/09\/DSC_9529-Enhanced-NR-768x512.jpg 768w, https:\/\/pmza.sk\/wp-content\/uploads\/2024\/09\/DSC_9529-Enhanced-NR-1536x1024.jpg 1536w, https:\/\/pmza.sk\/wp-content\/uploads\/2024\/09\/DSC_9529-Enhanced-NR-600x400.jpg 600w, https:\/\/pmza.sk\/wp-content\/uploads\/2024\/09\/DSC_9529-Enhanced-NR.jpg 1920w\" sizes=\"(max-width: 540px) 100vw, 540px\" \/><\/div>\n<\/div>\n<div><\/div>\n<div>\n<div class=\"wp-block-image\"><img loading=\"lazy\" decoding=\"async\" class=\"wpa-warning wpa-image-missing-alt alignnone size-medium wp-image-68667\" src=\"https:\/\/pmza.sk\/wp-content\/uploads\/2024\/09\/DSC_9595-Enhanced-NR-540x360.jpg\" alt=\"\" width=\"540\" height=\"360\" data-warning=\"Missing alt text\" srcset=\"https:\/\/pmza.sk\/wp-content\/uploads\/2024\/09\/DSC_9595-Enhanced-NR-540x360.jpg 540w, https:\/\/pmza.sk\/wp-content\/uploads\/2024\/09\/DSC_9595-Enhanced-NR-1104x736.jpg 1104w, https:\/\/pmza.sk\/wp-content\/uploads\/2024\/09\/DSC_9595-Enhanced-NR-768x512.jpg 768w, https:\/\/pmza.sk\/wp-content\/uploads\/2024\/09\/DSC_9595-Enhanced-NR-1536x1024.jpg 1536w, https:\/\/pmza.sk\/wp-content\/uploads\/2024\/09\/DSC_9595-Enhanced-NR-600x400.jpg 600w, https:\/\/pmza.sk\/wp-content\/uploads\/2024\/09\/DSC_9595-Enhanced-NR.jpg 1920w\" sizes=\"(max-width: 540px) 100vw, 540px\" \/><\/div>\n<\/div>\n<div><\/div>\n<div>\n<div class=\"wp-block-image\"><img loading=\"lazy\" decoding=\"async\" class=\"wpa-warning wpa-image-missing-alt alignnone size-medium wp-image-68668\" src=\"https:\/\/pmza.sk\/wp-content\/uploads\/2024\/09\/DSC_9266-Enhanced-NR-540x360.jpg\" alt=\"\" width=\"540\" height=\"360\" data-warning=\"Missing alt text\" srcset=\"https:\/\/pmza.sk\/wp-content\/uploads\/2024\/09\/DSC_9266-Enhanced-NR-540x360.jpg 540w, https:\/\/pmza.sk\/wp-content\/uploads\/2024\/09\/DSC_9266-Enhanced-NR-1104x736.jpg 1104w, https:\/\/pmza.sk\/wp-content\/uploads\/2024\/09\/DSC_9266-Enhanced-NR-768x512.jpg 768w, https:\/\/pmza.sk\/wp-content\/uploads\/2024\/09\/DSC_9266-Enhanced-NR-1536x1024.jpg 1536w, https:\/\/pmza.sk\/wp-content\/uploads\/2024\/09\/DSC_9266-Enhanced-NR-600x400.jpg 600w, https:\/\/pmza.sk\/wp-content\/uploads\/2024\/09\/DSC_9266-Enhanced-NR.jpg 1920w\" sizes=\"(max-width: 540px) 100vw, 540px\" \/><\/div>\n<\/div>\n","protected":false},"excerpt":{"rendered":"<p>\u017dilina st\u00e1ro\u010dia patrila medzi d\u00f4le\u017eit\u00e9 centr\u00e1 textilnej produkcie. V\u00a0star\u0161om obdob\u00ed bola\u00a0 zn\u00e1ma kvalitn\u00fdm, remeseln\u00edcky vyr\u00e1ban\u00fdm s\u00faknom, od \u00a0konca 19. storo\u010dia modernou tov\u00e1r\u0148ou na spracovanie vlny a\u00a0v\u00a0druhej polovici 20. storo\u010dia aj \u0161it\u00edm kvalitn\u00fdch odevov. Pr\u00e1ve dejin\u00e1m textilnej v\u00fdroby v\u00a0\u017diline a\u00a0jej okol\u00ed je venovan\u00e1 nov\u00e1 v\u00fdstava v\u00a0Budat\u00ednskom hrade, ktor\u00e1 je verejnosti pr\u00edstupn\u00e1 do 31. augusta 2025. \u201eS\u00fakenn\u00e1 [&hellip;]<\/p>\n","protected":false},"author":2,"featured_media":65366,"comment_status":"closed","ping_status":"closed","sticky":false,"template":"","format":"standard","meta":{"site-sidebar-layout":"default","site-content-layout":"default","ast-site-content-layout":"default","site-content-style":"default","site-sidebar-style":"default","ast-global-header-display":"","ast-banner-title-visibility":"","ast-main-header-display":"","ast-hfb-above-header-display":"","ast-hfb-below-header-display":"","ast-hfb-mobile-header-display":"","site-post-title":"","ast-breadcrumbs-content":"","ast-featured-img":"","footer-sml-layout":"","theme-transparent-header-meta":"default","adv-header-id-meta":"","stick-header-meta":"default","header-above-stick-meta":"","header-main-stick-meta":"","header-below-stick-meta":"","astra-migrate-meta-layouts":"set","ast-page-background-enabled":"default","ast-page-background-meta":{"desktop":{"background-color":"var(--ast-global-color-4)","background-image":"","background-repeat":"repeat","background-position":"center center","background-size":"auto","background-attachment":"scroll","background-type":"","background-media":"","overlay-type":"","overlay-color":"","overlay-opacity":"","overlay-gradient":""},"tablet":{"background-color":"","background-image":"","background-repeat":"repeat","background-position":"center center","background-size":"auto","background-attachment":"scroll","background-type":"","background-media":"","overlay-type":"","overlay-color":"","overlay-opacity":"","overlay-gradient":""},"mobile":{"background-color":"","background-image":"","background-repeat":"repeat","background-position":"center center","background-size":"auto","background-attachment":"scroll","background-type":"","background-media":"","overlay-type":"","overlay-color":"","overlay-opacity":"","overlay-gradient":""}},"ast-content-background-meta":{"desktop":{"background-color":"var(--ast-global-color-5)","background-image":"","background-repeat":"repeat","background-position":"center center","background-size":"auto","background-attachment":"scroll","background-type":"","background-media":"","overlay-type":"","overlay-color":"","overlay-opacity":"","overlay-gradient":""},"tablet":{"background-color":"var(--ast-global-color-5)","background-image":"","background-repeat":"repeat","background-position":"center center","background-size":"auto","background-attachment":"scroll","background-type":"","background-media":"","overlay-type":"","overlay-color":"","overlay-opacity":"","overlay-gradient":""},"mobile":{"background-color":"var(--ast-global-color-5)","background-image":"","background-repeat":"repeat","background-position":"center center","background-size":"auto","background-attachment":"scroll","background-type":"","background-media":"","overlay-type":"","overlay-color":"","overlay-opacity":"","overlay-gradient":""}},"footnotes":""},"categories":[72],"tags":[],"class_list":["post-65362","post","type-post","status-publish","format-standard","has-post-thumbnail","hentry","category-vystavy"],"yoast_head":"<!-- This site is optimized with the Yoast SEO plugin v27.4 - https:\/\/yoast.com\/product\/yoast-seo-wordpress\/ -->\n<title>Dejiny textilnej v\u00fdroby v \u017diline a jej okol\u00ed - Pova\u017esk\u00e9 m\u00fazeum<\/title>\n<meta name=\"robots\" content=\"index, follow, max-snippet:-1, max-image-preview:large, max-video-preview:-1\" \/>\n<link rel=\"canonical\" href=\"https:\/\/pmza.sk\/?p=65362\" \/>\n<meta property=\"og:locale\" content=\"sk_SK\" \/>\n<meta property=\"og:type\" content=\"article\" \/>\n<meta property=\"og:title\" content=\"Dejiny textilnej v\u00fdroby v \u017diline a jej okol\u00ed - Pova\u017esk\u00e9 m\u00fazeum\" \/>\n<meta property=\"og:description\" content=\"\u017dilina st\u00e1ro\u010dia patrila medzi d\u00f4le\u017eit\u00e9 centr\u00e1 textilnej produkcie. V\u00a0star\u0161om obdob\u00ed bola\u00a0 zn\u00e1ma kvalitn\u00fdm, remeseln\u00edcky vyr\u00e1ban\u00fdm s\u00faknom, od \u00a0konca 19. storo\u010dia modernou tov\u00e1r\u0148ou na spracovanie vlny a\u00a0v\u00a0druhej polovici 20. storo\u010dia aj \u0161it\u00edm kvalitn\u00fdch odevov. Pr\u00e1ve dejin\u00e1m textilnej v\u00fdroby v\u00a0\u017diline a\u00a0jej okol\u00ed je venovan\u00e1 nov\u00e1 v\u00fdstava v\u00a0Budat\u00ednskom hrade, ktor\u00e1 je verejnosti pr\u00edstupn\u00e1 do 31. augusta 2025. \u201eS\u00fakenn\u00e1 [&hellip;]\" \/>\n<meta property=\"og:url\" content=\"https:\/\/pmza.sk\/?p=65362\" \/>\n<meta property=\"og:site_name\" content=\"Pova\u017esk\u00e9 m\u00fazeum\" \/>\n<meta property=\"article:publisher\" content=\"https:\/\/www.facebook.com\/povazskemuzeum\" \/>\n<meta property=\"article:published_time\" content=\"2024-09-03T09:21:15+00:00\" \/>\n<meta property=\"article:modified_time\" content=\"2025-09-02T07:13:10+00:00\" \/>\n<meta property=\"og:image\" content=\"https:\/\/pmza.sk\/wp-content\/uploads\/2024\/09\/WEB-IG.jpg\" \/>\n\t<meta property=\"og:image:width\" content=\"1080\" \/>\n\t<meta property=\"og:image:height\" content=\"1080\" \/>\n\t<meta property=\"og:image:type\" content=\"image\/jpeg\" \/>\n<meta name=\"author\" content=\"Pova\u017esk\u00e9 m\u00fazeum\" \/>\n<meta name=\"twitter:card\" content=\"summary_large_image\" \/>\n<meta name=\"twitter:label1\" content=\"Autor\" \/>\n\t<meta name=\"twitter:data1\" content=\"Pova\u017esk\u00e9 m\u00fazeum\" \/>\n\t<meta name=\"twitter:label2\" content=\"Predpokladan\u00fd \u010das \u010d\u00edtania\" \/>\n\t<meta name=\"twitter:data2\" content=\"3 min\u00faty\" \/>\n<script type=\"application\/ld+json\" class=\"yoast-schema-graph\">{\"@context\":\"https:\\\/\\\/schema.org\",\"@graph\":[{\"@type\":\"Article\",\"@id\":\"https:\\\/\\\/pmza.sk\\\/?p=65362#article\",\"isPartOf\":{\"@id\":\"https:\\\/\\\/pmza.sk\\\/?p=65362\"},\"author\":{\"name\":\"Pova\u017esk\u00e9 m\u00fazeum\",\"@id\":\"https:\\\/\\\/pmza.sk\\\/#\\\/schema\\\/person\\\/595e6a2ce731ea94dcd5d7f50a41ae33\"},\"headline\":\"Dejiny textilnej v\u00fdroby v \u017diline a jej okol\u00ed\",\"datePublished\":\"2024-09-03T09:21:15+00:00\",\"dateModified\":\"2025-09-02T07:13:10+00:00\",\"mainEntityOfPage\":{\"@id\":\"https:\\\/\\\/pmza.sk\\\/?p=65362\"},\"wordCount\":652,\"publisher\":{\"@id\":\"https:\\\/\\\/pmza.sk\\\/#organization\"},\"image\":{\"@id\":\"https:\\\/\\\/pmza.sk\\\/?p=65362#primaryimage\"},\"thumbnailUrl\":\"https:\\\/\\\/pmza.sk\\\/wp-content\\\/uploads\\\/2024\\\/09\\\/WEB-IG.jpg\",\"articleSection\":[\"V\u00fdstavy\"],\"inLanguage\":\"sk-SK\"},{\"@type\":\"WebPage\",\"@id\":\"https:\\\/\\\/pmza.sk\\\/?p=65362\",\"url\":\"https:\\\/\\\/pmza.sk\\\/?p=65362\",\"name\":\"Dejiny textilnej v\u00fdroby v \u017diline a jej okol\u00ed - Pova\u017esk\u00e9 m\u00fazeum\",\"isPartOf\":{\"@id\":\"https:\\\/\\\/pmza.sk\\\/#website\"},\"primaryImageOfPage\":{\"@id\":\"https:\\\/\\\/pmza.sk\\\/?p=65362#primaryimage\"},\"image\":{\"@id\":\"https:\\\/\\\/pmza.sk\\\/?p=65362#primaryimage\"},\"thumbnailUrl\":\"https:\\\/\\\/pmza.sk\\\/wp-content\\\/uploads\\\/2024\\\/09\\\/WEB-IG.jpg\",\"datePublished\":\"2024-09-03T09:21:15+00:00\",\"dateModified\":\"2025-09-02T07:13:10+00:00\",\"breadcrumb\":{\"@id\":\"https:\\\/\\\/pmza.sk\\\/?p=65362#breadcrumb\"},\"inLanguage\":\"sk-SK\",\"potentialAction\":[{\"@type\":\"ReadAction\",\"target\":[\"https:\\\/\\\/pmza.sk\\\/?p=65362\"]}]},{\"@type\":\"ImageObject\",\"inLanguage\":\"sk-SK\",\"@id\":\"https:\\\/\\\/pmza.sk\\\/?p=65362#primaryimage\",\"url\":\"https:\\\/\\\/pmza.sk\\\/wp-content\\\/uploads\\\/2024\\\/09\\\/WEB-IG.jpg\",\"contentUrl\":\"https:\\\/\\\/pmza.sk\\\/wp-content\\\/uploads\\\/2024\\\/09\\\/WEB-IG.jpg\",\"width\":1080,\"height\":1080},{\"@type\":\"BreadcrumbList\",\"@id\":\"https:\\\/\\\/pmza.sk\\\/?p=65362#breadcrumb\",\"itemListElement\":[{\"@type\":\"ListItem\",\"position\":1,\"name\":\"Domovsk\u00e1 str\u00e1nka\",\"item\":\"https:\\\/\\\/pmza.sk\\\/\"},{\"@type\":\"ListItem\",\"position\":2,\"name\":\"Dejiny textilnej v\u00fdroby v \u017diline a jej okol\u00ed\"}]},{\"@type\":\"WebSite\",\"@id\":\"https:\\\/\\\/pmza.sk\\\/#website\",\"url\":\"https:\\\/\\\/pmza.sk\\\/\",\"name\":\"Pova\u017esk\u00e9 m\u00fazeum\",\"description\":\"Pova\u017esk\u00e9 m\u00fazeum v \u017diline je region\u00e1lne m\u00fazeum so s\u00eddlom v Budat\u00edne. Jeho expoz\u00edcie s\u00fa zameran\u00e9 na dejiny slovensk\u00e9ho umenia, kult\u00fary a dopravy.\",\"publisher\":{\"@id\":\"https:\\\/\\\/pmza.sk\\\/#organization\"},\"potentialAction\":[{\"@type\":\"SearchAction\",\"target\":{\"@type\":\"EntryPoint\",\"urlTemplate\":\"https:\\\/\\\/pmza.sk\\\/?s={search_term_string}\"},\"query-input\":{\"@type\":\"PropertyValueSpecification\",\"valueRequired\":true,\"valueName\":\"search_term_string\"}}],\"inLanguage\":\"sk-SK\"},{\"@type\":\"Organization\",\"@id\":\"https:\\\/\\\/pmza.sk\\\/#organization\",\"name\":\"Pova\u017esk\u00e9 m\u00fazeum\",\"url\":\"https:\\\/\\\/pmza.sk\\\/\",\"logo\":{\"@type\":\"ImageObject\",\"inLanguage\":\"sk-SK\",\"@id\":\"https:\\\/\\\/pmza.sk\\\/#\\\/schema\\\/logo\\\/image\\\/\",\"url\":\"https:\\\/\\\/pmza.sk\\\/wp-content\\\/uploads\\\/2022\\\/01\\\/logo_PM_horizontal.jpg\",\"contentUrl\":\"https:\\\/\\\/pmza.sk\\\/wp-content\\\/uploads\\\/2022\\\/01\\\/logo_PM_horizontal.jpg\",\"width\":231,\"height\":142,\"caption\":\"Pova\u017esk\u00e9 m\u00fazeum\"},\"image\":{\"@id\":\"https:\\\/\\\/pmza.sk\\\/#\\\/schema\\\/logo\\\/image\\\/\"},\"sameAs\":[\"https:\\\/\\\/www.facebook.com\\\/povazskemuzeum\",\"https:\\\/\\\/www.instagram.com\\\/povazskemuzeum\\\/\"]},{\"@type\":\"Person\",\"@id\":\"https:\\\/\\\/pmza.sk\\\/#\\\/schema\\\/person\\\/595e6a2ce731ea94dcd5d7f50a41ae33\",\"name\":\"Pova\u017esk\u00e9 m\u00fazeum\",\"image\":{\"@type\":\"ImageObject\",\"inLanguage\":\"sk-SK\",\"@id\":\"https:\\\/\\\/secure.gravatar.com\\\/avatar\\\/2bb7f1561282132fb5826dfeccc66c7996d11ee392ac6aaf7ced8a1c2027fbb2?s=96&d=mm&r=g\",\"url\":\"https:\\\/\\\/secure.gravatar.com\\\/avatar\\\/2bb7f1561282132fb5826dfeccc66c7996d11ee392ac6aaf7ced8a1c2027fbb2?s=96&d=mm&r=g\",\"contentUrl\":\"https:\\\/\\\/secure.gravatar.com\\\/avatar\\\/2bb7f1561282132fb5826dfeccc66c7996d11ee392ac6aaf7ced8a1c2027fbb2?s=96&d=mm&r=g\",\"caption\":\"Pova\u017esk\u00e9 m\u00fazeum\"}}]}<\/script>\n<!-- \/ Yoast SEO plugin. -->","yoast_head_json":{"title":"Dejiny textilnej v\u00fdroby v \u017diline a jej okol\u00ed - Pova\u017esk\u00e9 m\u00fazeum","robots":{"index":"index","follow":"follow","max-snippet":"max-snippet:-1","max-image-preview":"max-image-preview:large","max-video-preview":"max-video-preview:-1"},"canonical":"https:\/\/pmza.sk\/?p=65362","og_locale":"sk_SK","og_type":"article","og_title":"Dejiny textilnej v\u00fdroby v \u017diline a jej okol\u00ed - Pova\u017esk\u00e9 m\u00fazeum","og_description":"\u017dilina st\u00e1ro\u010dia patrila medzi d\u00f4le\u017eit\u00e9 centr\u00e1 textilnej produkcie. V\u00a0star\u0161om obdob\u00ed bola\u00a0 zn\u00e1ma kvalitn\u00fdm, remeseln\u00edcky vyr\u00e1ban\u00fdm s\u00faknom, od \u00a0konca 19. storo\u010dia modernou tov\u00e1r\u0148ou na spracovanie vlny a\u00a0v\u00a0druhej polovici 20. storo\u010dia aj \u0161it\u00edm kvalitn\u00fdch odevov. Pr\u00e1ve dejin\u00e1m textilnej v\u00fdroby v\u00a0\u017diline a\u00a0jej okol\u00ed je venovan\u00e1 nov\u00e1 v\u00fdstava v\u00a0Budat\u00ednskom hrade, ktor\u00e1 je verejnosti pr\u00edstupn\u00e1 do 31. augusta 2025. \u201eS\u00fakenn\u00e1 [&hellip;]","og_url":"https:\/\/pmza.sk\/?p=65362","og_site_name":"Pova\u017esk\u00e9 m\u00fazeum","article_publisher":"https:\/\/www.facebook.com\/povazskemuzeum","article_published_time":"2024-09-03T09:21:15+00:00","article_modified_time":"2025-09-02T07:13:10+00:00","og_image":[{"width":1080,"height":1080,"url":"https:\/\/pmza.sk\/wp-content\/uploads\/2024\/09\/WEB-IG.jpg","type":"image\/jpeg"}],"author":"Pova\u017esk\u00e9 m\u00fazeum","twitter_card":"summary_large_image","twitter_misc":{"Autor":"Pova\u017esk\u00e9 m\u00fazeum","Predpokladan\u00fd \u010das \u010d\u00edtania":"3 min\u00faty"},"schema":{"@context":"https:\/\/schema.org","@graph":[{"@type":"Article","@id":"https:\/\/pmza.sk\/?p=65362#article","isPartOf":{"@id":"https:\/\/pmza.sk\/?p=65362"},"author":{"name":"Pova\u017esk\u00e9 m\u00fazeum","@id":"https:\/\/pmza.sk\/#\/schema\/person\/595e6a2ce731ea94dcd5d7f50a41ae33"},"headline":"Dejiny textilnej v\u00fdroby v \u017diline a jej okol\u00ed","datePublished":"2024-09-03T09:21:15+00:00","dateModified":"2025-09-02T07:13:10+00:00","mainEntityOfPage":{"@id":"https:\/\/pmza.sk\/?p=65362"},"wordCount":652,"publisher":{"@id":"https:\/\/pmza.sk\/#organization"},"image":{"@id":"https:\/\/pmza.sk\/?p=65362#primaryimage"},"thumbnailUrl":"https:\/\/pmza.sk\/wp-content\/uploads\/2024\/09\/WEB-IG.jpg","articleSection":["V\u00fdstavy"],"inLanguage":"sk-SK"},{"@type":"WebPage","@id":"https:\/\/pmza.sk\/?p=65362","url":"https:\/\/pmza.sk\/?p=65362","name":"Dejiny textilnej v\u00fdroby v \u017diline a jej okol\u00ed - Pova\u017esk\u00e9 m\u00fazeum","isPartOf":{"@id":"https:\/\/pmza.sk\/#website"},"primaryImageOfPage":{"@id":"https:\/\/pmza.sk\/?p=65362#primaryimage"},"image":{"@id":"https:\/\/pmza.sk\/?p=65362#primaryimage"},"thumbnailUrl":"https:\/\/pmza.sk\/wp-content\/uploads\/2024\/09\/WEB-IG.jpg","datePublished":"2024-09-03T09:21:15+00:00","dateModified":"2025-09-02T07:13:10+00:00","breadcrumb":{"@id":"https:\/\/pmza.sk\/?p=65362#breadcrumb"},"inLanguage":"sk-SK","potentialAction":[{"@type":"ReadAction","target":["https:\/\/pmza.sk\/?p=65362"]}]},{"@type":"ImageObject","inLanguage":"sk-SK","@id":"https:\/\/pmza.sk\/?p=65362#primaryimage","url":"https:\/\/pmza.sk\/wp-content\/uploads\/2024\/09\/WEB-IG.jpg","contentUrl":"https:\/\/pmza.sk\/wp-content\/uploads\/2024\/09\/WEB-IG.jpg","width":1080,"height":1080},{"@type":"BreadcrumbList","@id":"https:\/\/pmza.sk\/?p=65362#breadcrumb","itemListElement":[{"@type":"ListItem","position":1,"name":"Domovsk\u00e1 str\u00e1nka","item":"https:\/\/pmza.sk\/"},{"@type":"ListItem","position":2,"name":"Dejiny textilnej v\u00fdroby v \u017diline a jej okol\u00ed"}]},{"@type":"WebSite","@id":"https:\/\/pmza.sk\/#website","url":"https:\/\/pmza.sk\/","name":"Pova\u017esk\u00e9 m\u00fazeum","description":"Pova\u017esk\u00e9 m\u00fazeum v \u017diline je region\u00e1lne m\u00fazeum so s\u00eddlom v Budat\u00edne. Jeho expoz\u00edcie s\u00fa zameran\u00e9 na dejiny slovensk\u00e9ho umenia, kult\u00fary a dopravy.","publisher":{"@id":"https:\/\/pmza.sk\/#organization"},"potentialAction":[{"@type":"SearchAction","target":{"@type":"EntryPoint","urlTemplate":"https:\/\/pmza.sk\/?s={search_term_string}"},"query-input":{"@type":"PropertyValueSpecification","valueRequired":true,"valueName":"search_term_string"}}],"inLanguage":"sk-SK"},{"@type":"Organization","@id":"https:\/\/pmza.sk\/#organization","name":"Pova\u017esk\u00e9 m\u00fazeum","url":"https:\/\/pmza.sk\/","logo":{"@type":"ImageObject","inLanguage":"sk-SK","@id":"https:\/\/pmza.sk\/#\/schema\/logo\/image\/","url":"https:\/\/pmza.sk\/wp-content\/uploads\/2022\/01\/logo_PM_horizontal.jpg","contentUrl":"https:\/\/pmza.sk\/wp-content\/uploads\/2022\/01\/logo_PM_horizontal.jpg","width":231,"height":142,"caption":"Pova\u017esk\u00e9 m\u00fazeum"},"image":{"@id":"https:\/\/pmza.sk\/#\/schema\/logo\/image\/"},"sameAs":["https:\/\/www.facebook.com\/povazskemuzeum","https:\/\/www.instagram.com\/povazskemuzeum\/"]},{"@type":"Person","@id":"https:\/\/pmza.sk\/#\/schema\/person\/595e6a2ce731ea94dcd5d7f50a41ae33","name":"Pova\u017esk\u00e9 m\u00fazeum","image":{"@type":"ImageObject","inLanguage":"sk-SK","@id":"https:\/\/secure.gravatar.com\/avatar\/2bb7f1561282132fb5826dfeccc66c7996d11ee392ac6aaf7ced8a1c2027fbb2?s=96&d=mm&r=g","url":"https:\/\/secure.gravatar.com\/avatar\/2bb7f1561282132fb5826dfeccc66c7996d11ee392ac6aaf7ced8a1c2027fbb2?s=96&d=mm&r=g","contentUrl":"https:\/\/secure.gravatar.com\/avatar\/2bb7f1561282132fb5826dfeccc66c7996d11ee392ac6aaf7ced8a1c2027fbb2?s=96&d=mm&r=g","caption":"Pova\u017esk\u00e9 m\u00fazeum"}}]}},"_links":{"self":[{"href":"https:\/\/pmza.sk\/index.php?rest_route=\/wp\/v2\/posts\/65362","targetHints":{"allow":["GET"]}}],"collection":[{"href":"https:\/\/pmza.sk\/index.php?rest_route=\/wp\/v2\/posts"}],"about":[{"href":"https:\/\/pmza.sk\/index.php?rest_route=\/wp\/v2\/types\/post"}],"author":[{"embeddable":true,"href":"https:\/\/pmza.sk\/index.php?rest_route=\/wp\/v2\/users\/2"}],"replies":[{"embeddable":true,"href":"https:\/\/pmza.sk\/index.php?rest_route=%2Fwp%2Fv2%2Fcomments&post=65362"}],"version-history":[{"count":0,"href":"https:\/\/pmza.sk\/index.php?rest_route=\/wp\/v2\/posts\/65362\/revisions"}],"wp:featuredmedia":[{"embeddable":true,"href":"https:\/\/pmza.sk\/index.php?rest_route=\/wp\/v2\/media\/65366"}],"wp:attachment":[{"href":"https:\/\/pmza.sk\/index.php?rest_route=%2Fwp%2Fv2%2Fmedia&parent=65362"}],"wp:term":[{"taxonomy":"category","embeddable":true,"href":"https:\/\/pmza.sk\/index.php?rest_route=%2Fwp%2Fv2%2Fcategories&post=65362"},{"taxonomy":"post_tag","embeddable":true,"href":"https:\/\/pmza.sk\/index.php?rest_route=%2Fwp%2Fv2%2Ftags&post=65362"}],"curies":[{"name":"wp","href":"https:\/\/api.w.org\/{rel}","templated":true}]}}