{"id":65398,"date":"2024-09-05T07:51:13","date_gmt":"2024-09-05T05:51:13","guid":{"rendered":"https:\/\/pmza.sk\/?p=65398"},"modified":"2024-09-24T10:39:18","modified_gmt":"2024-09-24T08:39:18","slug":"skoncila-stvrta-sezona-archeologickeho-vyskumu-kastiela-v-bytci","status":"publish","type":"post","link":"https:\/\/pmza.sk\/?p=65398","title":{"rendered":"Skon\u010dila \u0161tvrt\u00e1 sez\u00f3na archeologick\u00e9ho v\u00fdskumu ka\u0161tie\u013ea v Byt\u010di"},"content":{"rendered":"<p>Tento rok cez letn\u00e9 pr\u00e1zdniny archeol\u00f3govia Zuzana Stanekov\u00e1 (Pova\u017esk\u00e9 m\u00fazeum) a\u00a0Marek Both (Slovensk\u00e9 n\u00e1rodn\u00e9 m\u00fazeum v\u00a0Martine \u2013 Etnografick\u00e9 m\u00fazeum) nadviazali na v\u00fdskum z\u00a0minul\u00e9ho roku, po\u010das ktor\u00e9ho sa v\u00a0sonde na n\u00e1dvor\u00ed podarilo odkry\u0165 dreven\u00e9 kon\u0161trukcie naviazan\u00e9 na exteri\u00e9rov\u00fa stranu severnej steny \u201eve\u017eovitej stavby\u201c. Po\u010das tohto leta bolo amb\u00edciou v\u00fdskumu odkry\u0165 viac z\u00a0t\u00fdchto kon\u0161trukci\u00ed a\u00a0pok\u00fasi\u0165 sa ich identifikova\u0165 a\u00a0datova\u0165. Paralelne s\u00a0m\u00farom \u201eve\u017eovitej stavby\u201c bol odkryt\u00fd \u010fal\u0161\u00ed m\u00far, ktor\u00fd azda poch\u00e1dza z\u00a0kamenno-hlinitej hradby s\u00a0dreven\u00fdmi prekladmi. Relat\u00edvne \u013eahk\u00e1 kon\u0161trukcia tejto hradby alebo sk\u00f4r valu mohla v\u00a0hornej nadzemnej \u010dasti nies\u0165 e\u0161te palis\u00e1du. Jej pr\u00edtomnos\u0165 a\u00a0ani \u0161\u00edrku hradby sa v\u0161ak archeol\u00f3gom zisti\u0165 neporadilo. Mo\u017eno predpoklada\u0165, \u017ee hradba obkolesovala \u201eve\u017eovit\u00fa stavbu\u201c pr\u00edpadne \u010fal\u0161ie, dosia\u013e nezisten\u00e9 architekt\u00fary. Z\u00e1rove\u0148 je pravdepodobn\u00e9, \u017ee po\u010das stavby bola vyu\u017eit\u00e1 star\u0161ia stavba taktie\u017e kamenno-hlinitej kon\u0161trukcie poch\u00e1dzaj\u00faca z\u00a0objektu, ktor\u00fd nebolo mo\u017en\u00e9 identifikova\u0165. Na objasnenie nezodpovedan\u00fdch ot\u00e1zok by bol v\u0161ak potrebn\u00fd \u010fal\u0161\u00ed archeologick\u00fd v\u00fdskum s\u00a0d\u00f4razom priamo na tieto najstar\u0161ie stavby, ktor\u00e9 zanikli e\u0161te pred v\u00fdstavbou samotn\u00e9ho ka\u0161tie\u013ea. N\u00e1lezy zo z\u00e1nikov\u00fdch vrstiev opevnenia a \u201eve\u017eovitej stavby\u201c sved\u010dia o\u00a0tom, \u017ee t\u00e1to pevnos\u0165 existovala do polovice 16. stor. Jej vznik sa v\u0161ak aj napriek snah\u00e1m nepodarilo datova\u0165.<\/p>\n<div class=\"wp-block-image\"><img fetchpriority=\"high\" decoding=\"async\" class=\"wpa-warning wpa-image-missing-alt alignnone wp-image-65401\" src=\"https:\/\/pmza.sk\/wp-content\/uploads\/2024\/09\/zlozenie-hradby-468x360.jpg\" alt=\"\" width=\"639\" height=\"492\" data-warning=\"Missing alt text\" srcset=\"https:\/\/pmza.sk\/wp-content\/uploads\/2024\/09\/zlozenie-hradby-468x360.jpg 468w, https:\/\/pmza.sk\/wp-content\/uploads\/2024\/09\/zlozenie-hradby-957x736.jpg 957w, https:\/\/pmza.sk\/wp-content\/uploads\/2024\/09\/zlozenie-hradby-768x591.jpg 768w, https:\/\/pmza.sk\/wp-content\/uploads\/2024\/09\/zlozenie-hradby-1536x1181.jpg 1536w, https:\/\/pmza.sk\/wp-content\/uploads\/2024\/09\/zlozenie-hradby-2048x1575.jpg 2048w, https:\/\/pmza.sk\/wp-content\/uploads\/2024\/09\/zlozenie-hradby-600x461.jpg 600w\" sizes=\"(max-width: 639px) 100vw, 639px\" \/><\/div>\n<div><\/div>\n<div>\n<div class=\"wp-block-image\"><img decoding=\"async\" class=\"wpa-warning wpa-image-missing-alt alignnone wp-image-65400\" src=\"https:\/\/pmza.sk\/wp-content\/uploads\/2024\/09\/hradba-273x360.jpg\" alt=\"\" width=\"378\" height=\"498\" data-warning=\"Missing alt text\" srcset=\"https:\/\/pmza.sk\/wp-content\/uploads\/2024\/09\/hradba-273x360.jpg 273w, https:\/\/pmza.sk\/wp-content\/uploads\/2024\/09\/hradba-558x736.jpg 558w, https:\/\/pmza.sk\/wp-content\/uploads\/2024\/09\/hradba-768x1013.jpg 768w, https:\/\/pmza.sk\/wp-content\/uploads\/2024\/09\/hradba-1165x1536.jpg 1165w, https:\/\/pmza.sk\/wp-content\/uploads\/2024\/09\/hradba-1553x2048.jpg 1553w, https:\/\/pmza.sk\/wp-content\/uploads\/2024\/09\/hradba-600x791.jpg 600w, https:\/\/pmza.sk\/wp-content\/uploads\/2024\/09\/hradba-scaled.jpg 1942w\" sizes=\"(max-width: 378px) 100vw, 378px\" \/><\/div>\n<\/div>\n<div><\/div>\n<div>\n<div class=\"wp-block-image\"><img decoding=\"async\" class=\"wpa-warning wpa-image-missing-alt alignnone wp-image-65399\" src=\"https:\/\/pmza.sk\/wp-content\/uploads\/2024\/09\/Bytca-2023_drevene-konstrukcie-459x360.jpg\" alt=\"\" width=\"599\" height=\"470\" data-warning=\"Missing alt text\" srcset=\"https:\/\/pmza.sk\/wp-content\/uploads\/2024\/09\/Bytca-2023_drevene-konstrukcie-459x360.jpg 459w, https:\/\/pmza.sk\/wp-content\/uploads\/2024\/09\/Bytca-2023_drevene-konstrukcie-938x736.jpg 938w, https:\/\/pmza.sk\/wp-content\/uploads\/2024\/09\/Bytca-2023_drevene-konstrukcie-768x603.jpg 768w, https:\/\/pmza.sk\/wp-content\/uploads\/2024\/09\/Bytca-2023_drevene-konstrukcie-1536x1206.jpg 1536w, https:\/\/pmza.sk\/wp-content\/uploads\/2024\/09\/Bytca-2023_drevene-konstrukcie-2048x1608.jpg 2048w, https:\/\/pmza.sk\/wp-content\/uploads\/2024\/09\/Bytca-2023_drevene-konstrukcie-600x471.jpg 600w\" sizes=\"(max-width: 599px) 100vw, 599px\" \/><\/div>\n<\/div>\n","protected":false},"excerpt":{"rendered":"<p>Tento rok cez letn\u00e9 pr\u00e1zdniny archeol\u00f3govia Zuzana Stanekov\u00e1 (Pova\u017esk\u00e9 m\u00fazeum) a\u00a0Marek Both (Slovensk\u00e9 n\u00e1rodn\u00e9 m\u00fazeum v\u00a0Martine \u2013 Etnografick\u00e9 m\u00fazeum) nadviazali na v\u00fdskum z\u00a0minul\u00e9ho roku, po\u010das ktor\u00e9ho sa v\u00a0sonde na n\u00e1dvor\u00ed podarilo odkry\u0165 dreven\u00e9 kon\u0161trukcie naviazan\u00e9 na exteri\u00e9rov\u00fa stranu severnej steny \u201eve\u017eovitej stavby\u201c. Po\u010das tohto leta bolo amb\u00edciou v\u00fdskumu odkry\u0165 viac z\u00a0t\u00fdchto kon\u0161trukci\u00ed a\u00a0pok\u00fasi\u0165 sa ich [&hellip;]<\/p>\n","protected":false},"author":2,"featured_media":65402,"comment_status":"closed","ping_status":"closed","sticky":false,"template":"","format":"standard","meta":{"site-sidebar-layout":"default","site-content-layout":"default","ast-site-content-layout":"","site-content-style":"default","site-sidebar-style":"default","ast-global-header-display":"","ast-banner-title-visibility":"","ast-main-header-display":"","ast-hfb-above-header-display":"","ast-hfb-below-header-display":"","ast-hfb-mobile-header-display":"","site-post-title":"","ast-breadcrumbs-content":"","ast-featured-img":"","footer-sml-layout":"","theme-transparent-header-meta":"default","adv-header-id-meta":"","stick-header-meta":"default","header-above-stick-meta":"","header-main-stick-meta":"","header-below-stick-meta":"","astra-migrate-meta-layouts":"default","ast-page-background-enabled":"default","ast-page-background-meta":{"desktop":{"background-color":"var(--ast-global-color-4)","background-image":"","background-repeat":"repeat","background-position":"center center","background-size":"auto","background-attachment":"scroll","background-type":"","background-media":"","overlay-type":"","overlay-color":"","overlay-opacity":"","overlay-gradient":""},"tablet":{"background-color":"","background-image":"","background-repeat":"repeat","background-position":"center center","background-size":"auto","background-attachment":"scroll","background-type":"","background-media":"","overlay-type":"","overlay-color":"","overlay-opacity":"","overlay-gradient":""},"mobile":{"background-color":"","background-image":"","background-repeat":"repeat","background-position":"center center","background-size":"auto","background-attachment":"scroll","background-type":"","background-media":"","overlay-type":"","overlay-color":"","overlay-opacity":"","overlay-gradient":""}},"ast-content-background-meta":{"desktop":{"background-color":"var(--ast-global-color-5)","background-image":"","background-repeat":"repeat","background-position":"center center","background-size":"auto","background-attachment":"scroll","background-type":"","background-media":"","overlay-type":"","overlay-color":"","overlay-opacity":"","overlay-gradient":""},"tablet":{"background-color":"var(--ast-global-color-5)","background-image":"","background-repeat":"repeat","background-position":"center center","background-size":"auto","background-attachment":"scroll","background-type":"","background-media":"","overlay-type":"","overlay-color":"","overlay-opacity":"","overlay-gradient":""},"mobile":{"background-color":"var(--ast-global-color-5)","background-image":"","background-repeat":"repeat","background-position":"center center","background-size":"auto","background-attachment":"scroll","background-type":"","background-media":"","overlay-type":"","overlay-color":"","overlay-opacity":"","overlay-gradient":""}},"footnotes":""},"categories":[31],"tags":[],"class_list":["post-65398","post","type-post","status-publish","format-standard","has-post-thumbnail","hentry","category-aktuality"],"yoast_head":"<!-- This site is optimized with the Yoast SEO plugin v27.4 - https:\/\/yoast.com\/product\/yoast-seo-wordpress\/ -->\n<title>Skon\u010dila \u0161tvrt\u00e1 sez\u00f3na archeologick\u00e9ho v\u00fdskumu ka\u0161tie\u013ea v Byt\u010di - Pova\u017esk\u00e9 m\u00fazeum<\/title>\n<meta name=\"robots\" content=\"index, follow, max-snippet:-1, max-image-preview:large, max-video-preview:-1\" \/>\n<link rel=\"canonical\" href=\"https:\/\/pmza.sk\/?p=65398\" \/>\n<meta property=\"og:locale\" content=\"sk_SK\" \/>\n<meta property=\"og:type\" content=\"article\" \/>\n<meta property=\"og:title\" content=\"Skon\u010dila \u0161tvrt\u00e1 sez\u00f3na archeologick\u00e9ho v\u00fdskumu ka\u0161tie\u013ea v Byt\u010di - Pova\u017esk\u00e9 m\u00fazeum\" \/>\n<meta property=\"og:description\" content=\"Tento rok cez letn\u00e9 pr\u00e1zdniny archeol\u00f3govia Zuzana Stanekov\u00e1 (Pova\u017esk\u00e9 m\u00fazeum) a\u00a0Marek Both (Slovensk\u00e9 n\u00e1rodn\u00e9 m\u00fazeum v\u00a0Martine \u2013 Etnografick\u00e9 m\u00fazeum) nadviazali na v\u00fdskum z\u00a0minul\u00e9ho roku, po\u010das ktor\u00e9ho sa v\u00a0sonde na n\u00e1dvor\u00ed podarilo odkry\u0165 dreven\u00e9 kon\u0161trukcie naviazan\u00e9 na exteri\u00e9rov\u00fa stranu severnej steny \u201eve\u017eovitej stavby\u201c. Po\u010das tohto leta bolo amb\u00edciou v\u00fdskumu odkry\u0165 viac z\u00a0t\u00fdchto kon\u0161trukci\u00ed a\u00a0pok\u00fasi\u0165 sa ich [&hellip;]\" \/>\n<meta property=\"og:url\" content=\"https:\/\/pmza.sk\/?p=65398\" \/>\n<meta property=\"og:site_name\" content=\"Pova\u017esk\u00e9 m\u00fazeum\" \/>\n<meta property=\"article:publisher\" content=\"https:\/\/www.facebook.com\/povazskemuzeum\" \/>\n<meta property=\"article:published_time\" content=\"2024-09-05T05:51:13+00:00\" \/>\n<meta property=\"article:modified_time\" content=\"2024-09-24T08:39:18+00:00\" \/>\n<meta property=\"og:image\" content=\"https:\/\/pmza.sk\/wp-content\/uploads\/2024\/09\/IMG_0374-scaled.jpg\" \/>\n\t<meta property=\"og:image:width\" content=\"2560\" \/>\n\t<meta property=\"og:image:height\" content=\"1707\" \/>\n\t<meta property=\"og:image:type\" content=\"image\/jpeg\" \/>\n<meta name=\"author\" content=\"Pova\u017esk\u00e9 m\u00fazeum\" \/>\n<meta name=\"twitter:card\" content=\"summary_large_image\" \/>\n<meta name=\"twitter:label1\" content=\"Autor\" \/>\n\t<meta name=\"twitter:data1\" content=\"Pova\u017esk\u00e9 m\u00fazeum\" \/>\n\t<meta name=\"twitter:label2\" content=\"Predpokladan\u00fd \u010das \u010d\u00edtania\" \/>\n\t<meta name=\"twitter:data2\" content=\"1 min\u00fata\" \/>\n<script type=\"application\/ld+json\" class=\"yoast-schema-graph\">{\"@context\":\"https:\\\/\\\/schema.org\",\"@graph\":[{\"@type\":\"Article\",\"@id\":\"https:\\\/\\\/pmza.sk\\\/?p=65398#article\",\"isPartOf\":{\"@id\":\"https:\\\/\\\/pmza.sk\\\/?p=65398\"},\"author\":{\"name\":\"Pova\u017esk\u00e9 m\u00fazeum\",\"@id\":\"https:\\\/\\\/pmza.sk\\\/#\\\/schema\\\/person\\\/595e6a2ce731ea94dcd5d7f50a41ae33\"},\"headline\":\"Skon\u010dila \u0161tvrt\u00e1 sez\u00f3na archeologick\u00e9ho v\u00fdskumu ka\u0161tie\u013ea v Byt\u010di\",\"datePublished\":\"2024-09-05T05:51:13+00:00\",\"dateModified\":\"2024-09-24T08:39:18+00:00\",\"mainEntityOfPage\":{\"@id\":\"https:\\\/\\\/pmza.sk\\\/?p=65398\"},\"wordCount\":273,\"publisher\":{\"@id\":\"https:\\\/\\\/pmza.sk\\\/#organization\"},\"image\":{\"@id\":\"https:\\\/\\\/pmza.sk\\\/?p=65398#primaryimage\"},\"thumbnailUrl\":\"https:\\\/\\\/pmza.sk\\\/wp-content\\\/uploads\\\/2024\\\/09\\\/IMG_0374-scaled.jpg\",\"articleSection\":[\"Aktuality\"],\"inLanguage\":\"sk-SK\"},{\"@type\":\"WebPage\",\"@id\":\"https:\\\/\\\/pmza.sk\\\/?p=65398\",\"url\":\"https:\\\/\\\/pmza.sk\\\/?p=65398\",\"name\":\"Skon\u010dila \u0161tvrt\u00e1 sez\u00f3na archeologick\u00e9ho v\u00fdskumu ka\u0161tie\u013ea v Byt\u010di - Pova\u017esk\u00e9 m\u00fazeum\",\"isPartOf\":{\"@id\":\"https:\\\/\\\/pmza.sk\\\/#website\"},\"primaryImageOfPage\":{\"@id\":\"https:\\\/\\\/pmza.sk\\\/?p=65398#primaryimage\"},\"image\":{\"@id\":\"https:\\\/\\\/pmza.sk\\\/?p=65398#primaryimage\"},\"thumbnailUrl\":\"https:\\\/\\\/pmza.sk\\\/wp-content\\\/uploads\\\/2024\\\/09\\\/IMG_0374-scaled.jpg\",\"datePublished\":\"2024-09-05T05:51:13+00:00\",\"dateModified\":\"2024-09-24T08:39:18+00:00\",\"breadcrumb\":{\"@id\":\"https:\\\/\\\/pmza.sk\\\/?p=65398#breadcrumb\"},\"inLanguage\":\"sk-SK\",\"potentialAction\":[{\"@type\":\"ReadAction\",\"target\":[\"https:\\\/\\\/pmza.sk\\\/?p=65398\"]}]},{\"@type\":\"ImageObject\",\"inLanguage\":\"sk-SK\",\"@id\":\"https:\\\/\\\/pmza.sk\\\/?p=65398#primaryimage\",\"url\":\"https:\\\/\\\/pmza.sk\\\/wp-content\\\/uploads\\\/2024\\\/09\\\/IMG_0374-scaled.jpg\",\"contentUrl\":\"https:\\\/\\\/pmza.sk\\\/wp-content\\\/uploads\\\/2024\\\/09\\\/IMG_0374-scaled.jpg\",\"width\":2560,\"height\":1707},{\"@type\":\"BreadcrumbList\",\"@id\":\"https:\\\/\\\/pmza.sk\\\/?p=65398#breadcrumb\",\"itemListElement\":[{\"@type\":\"ListItem\",\"position\":1,\"name\":\"Domovsk\u00e1 str\u00e1nka\",\"item\":\"https:\\\/\\\/pmza.sk\\\/\"},{\"@type\":\"ListItem\",\"position\":2,\"name\":\"Skon\u010dila \u0161tvrt\u00e1 sez\u00f3na archeologick\u00e9ho v\u00fdskumu ka\u0161tie\u013ea v Byt\u010di\"}]},{\"@type\":\"WebSite\",\"@id\":\"https:\\\/\\\/pmza.sk\\\/#website\",\"url\":\"https:\\\/\\\/pmza.sk\\\/\",\"name\":\"Pova\u017esk\u00e9 m\u00fazeum\",\"description\":\"Pova\u017esk\u00e9 m\u00fazeum v \u017diline je region\u00e1lne m\u00fazeum so s\u00eddlom v Budat\u00edne. Jeho expoz\u00edcie s\u00fa zameran\u00e9 na dejiny slovensk\u00e9ho umenia, kult\u00fary a dopravy.\",\"publisher\":{\"@id\":\"https:\\\/\\\/pmza.sk\\\/#organization\"},\"potentialAction\":[{\"@type\":\"SearchAction\",\"target\":{\"@type\":\"EntryPoint\",\"urlTemplate\":\"https:\\\/\\\/pmza.sk\\\/?s={search_term_string}\"},\"query-input\":{\"@type\":\"PropertyValueSpecification\",\"valueRequired\":true,\"valueName\":\"search_term_string\"}}],\"inLanguage\":\"sk-SK\"},{\"@type\":\"Organization\",\"@id\":\"https:\\\/\\\/pmza.sk\\\/#organization\",\"name\":\"Pova\u017esk\u00e9 m\u00fazeum\",\"url\":\"https:\\\/\\\/pmza.sk\\\/\",\"logo\":{\"@type\":\"ImageObject\",\"inLanguage\":\"sk-SK\",\"@id\":\"https:\\\/\\\/pmza.sk\\\/#\\\/schema\\\/logo\\\/image\\\/\",\"url\":\"https:\\\/\\\/pmza.sk\\\/wp-content\\\/uploads\\\/2022\\\/01\\\/logo_PM_horizontal.jpg\",\"contentUrl\":\"https:\\\/\\\/pmza.sk\\\/wp-content\\\/uploads\\\/2022\\\/01\\\/logo_PM_horizontal.jpg\",\"width\":231,\"height\":142,\"caption\":\"Pova\u017esk\u00e9 m\u00fazeum\"},\"image\":{\"@id\":\"https:\\\/\\\/pmza.sk\\\/#\\\/schema\\\/logo\\\/image\\\/\"},\"sameAs\":[\"https:\\\/\\\/www.facebook.com\\\/povazskemuzeum\",\"https:\\\/\\\/www.instagram.com\\\/povazskemuzeum\\\/\"]},{\"@type\":\"Person\",\"@id\":\"https:\\\/\\\/pmza.sk\\\/#\\\/schema\\\/person\\\/595e6a2ce731ea94dcd5d7f50a41ae33\",\"name\":\"Pova\u017esk\u00e9 m\u00fazeum\",\"image\":{\"@type\":\"ImageObject\",\"inLanguage\":\"sk-SK\",\"@id\":\"https:\\\/\\\/secure.gravatar.com\\\/avatar\\\/2bb7f1561282132fb5826dfeccc66c7996d11ee392ac6aaf7ced8a1c2027fbb2?s=96&d=mm&r=g\",\"url\":\"https:\\\/\\\/secure.gravatar.com\\\/avatar\\\/2bb7f1561282132fb5826dfeccc66c7996d11ee392ac6aaf7ced8a1c2027fbb2?s=96&d=mm&r=g\",\"contentUrl\":\"https:\\\/\\\/secure.gravatar.com\\\/avatar\\\/2bb7f1561282132fb5826dfeccc66c7996d11ee392ac6aaf7ced8a1c2027fbb2?s=96&d=mm&r=g\",\"caption\":\"Pova\u017esk\u00e9 m\u00fazeum\"}}]}<\/script>\n<!-- \/ Yoast SEO plugin. -->","yoast_head_json":{"title":"Skon\u010dila \u0161tvrt\u00e1 sez\u00f3na archeologick\u00e9ho v\u00fdskumu ka\u0161tie\u013ea v Byt\u010di - Pova\u017esk\u00e9 m\u00fazeum","robots":{"index":"index","follow":"follow","max-snippet":"max-snippet:-1","max-image-preview":"max-image-preview:large","max-video-preview":"max-video-preview:-1"},"canonical":"https:\/\/pmza.sk\/?p=65398","og_locale":"sk_SK","og_type":"article","og_title":"Skon\u010dila \u0161tvrt\u00e1 sez\u00f3na archeologick\u00e9ho v\u00fdskumu ka\u0161tie\u013ea v Byt\u010di - Pova\u017esk\u00e9 m\u00fazeum","og_description":"Tento rok cez letn\u00e9 pr\u00e1zdniny archeol\u00f3govia Zuzana Stanekov\u00e1 (Pova\u017esk\u00e9 m\u00fazeum) a\u00a0Marek Both (Slovensk\u00e9 n\u00e1rodn\u00e9 m\u00fazeum v\u00a0Martine \u2013 Etnografick\u00e9 m\u00fazeum) nadviazali na v\u00fdskum z\u00a0minul\u00e9ho roku, po\u010das ktor\u00e9ho sa v\u00a0sonde na n\u00e1dvor\u00ed podarilo odkry\u0165 dreven\u00e9 kon\u0161trukcie naviazan\u00e9 na exteri\u00e9rov\u00fa stranu severnej steny \u201eve\u017eovitej stavby\u201c. Po\u010das tohto leta bolo amb\u00edciou v\u00fdskumu odkry\u0165 viac z\u00a0t\u00fdchto kon\u0161trukci\u00ed a\u00a0pok\u00fasi\u0165 sa ich [&hellip;]","og_url":"https:\/\/pmza.sk\/?p=65398","og_site_name":"Pova\u017esk\u00e9 m\u00fazeum","article_publisher":"https:\/\/www.facebook.com\/povazskemuzeum","article_published_time":"2024-09-05T05:51:13+00:00","article_modified_time":"2024-09-24T08:39:18+00:00","og_image":[{"width":2560,"height":1707,"url":"https:\/\/pmza.sk\/wp-content\/uploads\/2024\/09\/IMG_0374-scaled.jpg","type":"image\/jpeg"}],"author":"Pova\u017esk\u00e9 m\u00fazeum","twitter_card":"summary_large_image","twitter_misc":{"Autor":"Pova\u017esk\u00e9 m\u00fazeum","Predpokladan\u00fd \u010das \u010d\u00edtania":"1 min\u00fata"},"schema":{"@context":"https:\/\/schema.org","@graph":[{"@type":"Article","@id":"https:\/\/pmza.sk\/?p=65398#article","isPartOf":{"@id":"https:\/\/pmza.sk\/?p=65398"},"author":{"name":"Pova\u017esk\u00e9 m\u00fazeum","@id":"https:\/\/pmza.sk\/#\/schema\/person\/595e6a2ce731ea94dcd5d7f50a41ae33"},"headline":"Skon\u010dila \u0161tvrt\u00e1 sez\u00f3na archeologick\u00e9ho v\u00fdskumu ka\u0161tie\u013ea v Byt\u010di","datePublished":"2024-09-05T05:51:13+00:00","dateModified":"2024-09-24T08:39:18+00:00","mainEntityOfPage":{"@id":"https:\/\/pmza.sk\/?p=65398"},"wordCount":273,"publisher":{"@id":"https:\/\/pmza.sk\/#organization"},"image":{"@id":"https:\/\/pmza.sk\/?p=65398#primaryimage"},"thumbnailUrl":"https:\/\/pmza.sk\/wp-content\/uploads\/2024\/09\/IMG_0374-scaled.jpg","articleSection":["Aktuality"],"inLanguage":"sk-SK"},{"@type":"WebPage","@id":"https:\/\/pmza.sk\/?p=65398","url":"https:\/\/pmza.sk\/?p=65398","name":"Skon\u010dila \u0161tvrt\u00e1 sez\u00f3na archeologick\u00e9ho v\u00fdskumu ka\u0161tie\u013ea v Byt\u010di - Pova\u017esk\u00e9 m\u00fazeum","isPartOf":{"@id":"https:\/\/pmza.sk\/#website"},"primaryImageOfPage":{"@id":"https:\/\/pmza.sk\/?p=65398#primaryimage"},"image":{"@id":"https:\/\/pmza.sk\/?p=65398#primaryimage"},"thumbnailUrl":"https:\/\/pmza.sk\/wp-content\/uploads\/2024\/09\/IMG_0374-scaled.jpg","datePublished":"2024-09-05T05:51:13+00:00","dateModified":"2024-09-24T08:39:18+00:00","breadcrumb":{"@id":"https:\/\/pmza.sk\/?p=65398#breadcrumb"},"inLanguage":"sk-SK","potentialAction":[{"@type":"ReadAction","target":["https:\/\/pmza.sk\/?p=65398"]}]},{"@type":"ImageObject","inLanguage":"sk-SK","@id":"https:\/\/pmza.sk\/?p=65398#primaryimage","url":"https:\/\/pmza.sk\/wp-content\/uploads\/2024\/09\/IMG_0374-scaled.jpg","contentUrl":"https:\/\/pmza.sk\/wp-content\/uploads\/2024\/09\/IMG_0374-scaled.jpg","width":2560,"height":1707},{"@type":"BreadcrumbList","@id":"https:\/\/pmza.sk\/?p=65398#breadcrumb","itemListElement":[{"@type":"ListItem","position":1,"name":"Domovsk\u00e1 str\u00e1nka","item":"https:\/\/pmza.sk\/"},{"@type":"ListItem","position":2,"name":"Skon\u010dila \u0161tvrt\u00e1 sez\u00f3na archeologick\u00e9ho v\u00fdskumu ka\u0161tie\u013ea v Byt\u010di"}]},{"@type":"WebSite","@id":"https:\/\/pmza.sk\/#website","url":"https:\/\/pmza.sk\/","name":"Pova\u017esk\u00e9 m\u00fazeum","description":"Pova\u017esk\u00e9 m\u00fazeum v \u017diline je region\u00e1lne m\u00fazeum so s\u00eddlom v Budat\u00edne. Jeho expoz\u00edcie s\u00fa zameran\u00e9 na dejiny slovensk\u00e9ho umenia, kult\u00fary a dopravy.","publisher":{"@id":"https:\/\/pmza.sk\/#organization"},"potentialAction":[{"@type":"SearchAction","target":{"@type":"EntryPoint","urlTemplate":"https:\/\/pmza.sk\/?s={search_term_string}"},"query-input":{"@type":"PropertyValueSpecification","valueRequired":true,"valueName":"search_term_string"}}],"inLanguage":"sk-SK"},{"@type":"Organization","@id":"https:\/\/pmza.sk\/#organization","name":"Pova\u017esk\u00e9 m\u00fazeum","url":"https:\/\/pmza.sk\/","logo":{"@type":"ImageObject","inLanguage":"sk-SK","@id":"https:\/\/pmza.sk\/#\/schema\/logo\/image\/","url":"https:\/\/pmza.sk\/wp-content\/uploads\/2022\/01\/logo_PM_horizontal.jpg","contentUrl":"https:\/\/pmza.sk\/wp-content\/uploads\/2022\/01\/logo_PM_horizontal.jpg","width":231,"height":142,"caption":"Pova\u017esk\u00e9 m\u00fazeum"},"image":{"@id":"https:\/\/pmza.sk\/#\/schema\/logo\/image\/"},"sameAs":["https:\/\/www.facebook.com\/povazskemuzeum","https:\/\/www.instagram.com\/povazskemuzeum\/"]},{"@type":"Person","@id":"https:\/\/pmza.sk\/#\/schema\/person\/595e6a2ce731ea94dcd5d7f50a41ae33","name":"Pova\u017esk\u00e9 m\u00fazeum","image":{"@type":"ImageObject","inLanguage":"sk-SK","@id":"https:\/\/secure.gravatar.com\/avatar\/2bb7f1561282132fb5826dfeccc66c7996d11ee392ac6aaf7ced8a1c2027fbb2?s=96&d=mm&r=g","url":"https:\/\/secure.gravatar.com\/avatar\/2bb7f1561282132fb5826dfeccc66c7996d11ee392ac6aaf7ced8a1c2027fbb2?s=96&d=mm&r=g","contentUrl":"https:\/\/secure.gravatar.com\/avatar\/2bb7f1561282132fb5826dfeccc66c7996d11ee392ac6aaf7ced8a1c2027fbb2?s=96&d=mm&r=g","caption":"Pova\u017esk\u00e9 m\u00fazeum"}}]}},"_links":{"self":[{"href":"https:\/\/pmza.sk\/index.php?rest_route=\/wp\/v2\/posts\/65398","targetHints":{"allow":["GET"]}}],"collection":[{"href":"https:\/\/pmza.sk\/index.php?rest_route=\/wp\/v2\/posts"}],"about":[{"href":"https:\/\/pmza.sk\/index.php?rest_route=\/wp\/v2\/types\/post"}],"author":[{"embeddable":true,"href":"https:\/\/pmza.sk\/index.php?rest_route=\/wp\/v2\/users\/2"}],"replies":[{"embeddable":true,"href":"https:\/\/pmza.sk\/index.php?rest_route=%2Fwp%2Fv2%2Fcomments&post=65398"}],"version-history":[{"count":0,"href":"https:\/\/pmza.sk\/index.php?rest_route=\/wp\/v2\/posts\/65398\/revisions"}],"wp:featuredmedia":[{"embeddable":true,"href":"https:\/\/pmza.sk\/index.php?rest_route=\/wp\/v2\/media\/65402"}],"wp:attachment":[{"href":"https:\/\/pmza.sk\/index.php?rest_route=%2Fwp%2Fv2%2Fmedia&parent=65398"}],"wp:term":[{"taxonomy":"category","embeddable":true,"href":"https:\/\/pmza.sk\/index.php?rest_route=%2Fwp%2Fv2%2Fcategories&post=65398"},{"taxonomy":"post_tag","embeddable":true,"href":"https:\/\/pmza.sk\/index.php?rest_route=%2Fwp%2Fv2%2Ftags&post=65398"}],"curies":[{"name":"wp","href":"https:\/\/api.w.org\/{rel}","templated":true}]}}