{"id":6545,"date":"2012-11-21T14:41:31","date_gmt":"2012-11-21T13:41:31","guid":{"rendered":"https:\/\/pmza.sk.sk\/?p=6545"},"modified":"2012-11-21T14:41:31","modified_gmt":"2012-11-21T13:41:31","slug":"dva-hrady-zhasnu-aby-sa-rozsvietili-vo-vacsej-krase","status":"publish","type":"post","link":"https:\/\/pmza.sk\/?p=6545","title":{"rendered":"Dva hrady zhasn\u00fa, aby sa rozsvietili vo v\u00e4\u010d\u0161ej kr\u00e1se"},"content":{"rendered":"<p><strong> <\/strong><\/p>\n<p>Hrad Stre\u010dno a\u00a0Budat\u00ednsky hrad sa op\u00e4\u0165 zahalia do tmy. D\u00f4vodom s\u00fa rekon\u0161truk\u010dn\u00e9 pr\u00e1ce a\u00a0v\u00fdmena osvetlenia. Stre\u010dniansku dominantu bolo mo\u017en\u00e9 v\u00a0plnej kr\u00e1se obdivova\u0165 aj po z\u00e1pade slnka v\u010faka 26 reflektorom, ktor\u00e9 hrad noc \u010do noc osvet\u013eovali. \u017dilinsk\u00fd samospr\u00e1vny kraj v\u00a0s\u00fa\u010dasnosti realizuje in\u0161tal\u00e1ciu efekt\u00edvnej\u0161ieho a\u00a0\u00faspornej\u0161ieho osvetlenia hradn\u00e9ho komplexu. S\u00fa\u010das\u0165ou obnovy bude v\u00fdmena nevyhovuj\u00faceho osvetlenia tak, aby sa hrad stal skuto\u010dnou dominantou no\u010dnej siluety Horn\u00e9ho Pova\u017eia.\u00a0 <!--more-->Hradn\u00e1 ve\u017ea bude osvetlen\u00e1 zvn\u00fatra bielym halogenidov\u00fdm zdrojom, ktor\u00fd bude tvori\u0165 farebn\u00fd kontrast a\u00a0zv\u00fdrazn\u00ed sa tak prie\u010delie ve\u017ee. Ostatn\u00e9 hradby bud\u00fa nasvieten\u00e9 v\u00a0bielom a\u00a0\u017eltom t\u00f3ne. 27 nov\u00fdch \u00fasporn\u00fdch svietidiel by malo by\u0165 osaden\u00fdch do tohtoro\u010dn\u00fdch viano\u010dn\u00fdch sviatkov. \u0160t\u00e1tna vlajka, ktor\u00e1 zdob\u00ed najvy\u0161\u0161iu hradn\u00fa ve\u017eu, bude po novom osvet\u013eova\u0165 samostatn\u00e9 nez\u00e1visl\u00e9 osvetlenie tvoren\u00e9 z\u00a0 LED halog\u00e9nov. Osvietenie hradn\u00e9ho komplexu sa bude zap\u00edna\u0165 naraz v\u00a0rovnakom \u010dase a\u00a0bude svieti\u0165 5 hod\u00edn denne \u2013 od 23:00 hod. ve\u010der do 5:00 hod. r\u00e1no. V\u010faka \u00faspornej\u0161\u00edm svetl\u00e1m v\u00fdrazne klesne spotreba energie. <strong>\u201eDoteraz sa na osvetlenie hradu spotrebovalo ro\u010dne pribli\u017ene 19\u00a0200 kWh, po novom predpoklad\u00e1me ro\u010dn\u00fa spotrebu asi 5\u00a0000 kWh, \u010do prestavuje rozdiel takmer 14\u00a0200 kWh, teda asi 75 % celkovej doteraj\u0161ej spotreby za rok. V\u010faka tomuto nov\u00e9mu syst\u00e9mu osvetlenia sa n\u00e1m podar\u00ed u\u0161etri\u0165 takmer 1\u00a0920 \u20ac ro\u010dne,\u201c<\/strong> vysvetlil predseda \u017dSK Juraj Blan\u00e1r, ktor\u00fd sl\u00e1vnostne rozsvieti Hrad Stre\u010dno v\u00a0piatok 7. decembra o\u00a017.00 hod. V\u00fdmena star\u00e9ho osvetlenia je financovan\u00e1 zo zdrojov \u017dilinsk\u00e9ho samospr\u00e1vneho kraja a\u00a0bude st\u00e1\u0165 pribli\u017ene 23\u00a0400 \u20ac. Na rozsvietenie Budat\u00ednskeho hradu si bud\u00fa musie\u0165 obyvatelia a\u00a0turisti po\u010dka\u0165 o\u00a0nie\u010do dlh\u0161ie. Predned\u00e1vnom sa rozbehli\u00a0pr\u00e1ce na rekon\u0161trukcii hradnej ve\u017ee, a\u00a0po ich ukon\u010den\u00ed, ktor\u00e9 je napl\u00e1novan\u00e9 v\u00a0j\u00fani 2014, sa Hrad Budat\u00edn op\u00e4\u0165 rozsvieti v\u00a0celej svojej kr\u00e1se. \u010eal\u0161\u00edm svietiacim maj\u00e1kom kult\u00fary v\u00a0\u017dilinskom samospr\u00e1vnom kraji je Oravsk\u00fd hrad, ktor\u00fd osvet\u013euje Oravu u\u017e \u0161tvrt\u00fd rok.<br \/>\nHana Danov\u00e1<br \/>\nhovorky\u0148a \u017dSK<\/p>\n","protected":false},"excerpt":{"rendered":"<p>Hrad Stre\u010dno a\u00a0Budat\u00ednsky hrad sa op\u00e4\u0165 zahalia do tmy. D\u00f4vodom s\u00fa rekon\u0161truk\u010dn\u00e9 pr\u00e1ce a\u00a0v\u00fdmena osvetlenia. Stre\u010dniansku dominantu bolo mo\u017en\u00e9 v\u00a0plnej kr\u00e1se obdivova\u0165 aj po z\u00e1pade slnka v\u010faka 26 reflektorom, ktor\u00e9 hrad noc \u010do noc osvet\u013eovali. \u017dilinsk\u00fd samospr\u00e1vny kraj v\u00a0s\u00fa\u010dasnosti realizuje in\u0161tal\u00e1ciu efekt\u00edvnej\u0161ieho a\u00a0\u00faspornej\u0161ieho osvetlenia hradn\u00e9ho komplexu. S\u00fa\u010das\u0165ou obnovy bude v\u00fdmena nevyhovuj\u00faceho osvetlenia tak, aby sa [&hellip;]<\/p>\n","protected":false},"author":2,"featured_media":0,"comment_status":"closed","ping_status":"closed","sticky":false,"template":"","format":"standard","meta":{"site-sidebar-layout":"default","site-content-layout":"","ast-site-content-layout":"","site-content-style":"default","site-sidebar-style":"default","ast-global-header-display":"","ast-banner-title-visibility":"","ast-main-header-display":"","ast-hfb-above-header-display":"","ast-hfb-below-header-display":"","ast-hfb-mobile-header-display":"","site-post-title":"","ast-breadcrumbs-content":"","ast-featured-img":"","footer-sml-layout":"","theme-transparent-header-meta":"","adv-header-id-meta":"","stick-header-meta":"","header-above-stick-meta":"","header-main-stick-meta":"","header-below-stick-meta":"","astra-migrate-meta-layouts":"default","ast-page-background-enabled":"default","ast-page-background-meta":{"desktop":{"background-color":"var(--ast-global-color-4)","background-image":"","background-repeat":"repeat","background-position":"center center","background-size":"auto","background-attachment":"scroll","background-type":"","background-media":"","overlay-type":"","overlay-color":"","overlay-opacity":"","overlay-gradient":""},"tablet":{"background-color":"","background-image":"","background-repeat":"repeat","background-position":"center center","background-size":"auto","background-attachment":"scroll","background-type":"","background-media":"","overlay-type":"","overlay-color":"","overlay-opacity":"","overlay-gradient":""},"mobile":{"background-color":"","background-image":"","background-repeat":"repeat","background-position":"center center","background-size":"auto","background-attachment":"scroll","background-type":"","background-media":"","overlay-type":"","overlay-color":"","overlay-opacity":"","overlay-gradient":""}},"ast-content-background-meta":{"desktop":{"background-color":"var(--ast-global-color-5)","background-image":"","background-repeat":"repeat","background-position":"center center","background-size":"auto","background-attachment":"scroll","background-type":"","background-media":"","overlay-type":"","overlay-color":"","overlay-opacity":"","overlay-gradient":""},"tablet":{"background-color":"var(--ast-global-color-5)","background-image":"","background-repeat":"repeat","background-position":"center center","background-size":"auto","background-attachment":"scroll","background-type":"","background-media":"","overlay-type":"","overlay-color":"","overlay-opacity":"","overlay-gradient":""},"mobile":{"background-color":"var(--ast-global-color-5)","background-image":"","background-repeat":"repeat","background-position":"center center","background-size":"auto","background-attachment":"scroll","background-type":"","background-media":"","overlay-type":"","overlay-color":"","overlay-opacity":"","overlay-gradient":""}},"footnotes":""},"categories":[32],"tags":[],"class_list":["post-6545","post","type-post","status-publish","format-standard","hentry","category-archiv-2012"],"yoast_head":"<!-- This site is optimized with the Yoast SEO plugin v27.4 - https:\/\/yoast.com\/product\/yoast-seo-wordpress\/ -->\n<title>Dva hrady zhasn\u00fa, aby sa rozsvietili vo v\u00e4\u010d\u0161ej kr\u00e1se - Pova\u017esk\u00e9 m\u00fazeum<\/title>\n<meta name=\"robots\" content=\"index, follow, max-snippet:-1, max-image-preview:large, max-video-preview:-1\" \/>\n<link rel=\"canonical\" href=\"https:\/\/pmza.sk\/?p=6545\" \/>\n<meta property=\"og:locale\" content=\"sk_SK\" \/>\n<meta property=\"og:type\" content=\"article\" \/>\n<meta property=\"og:title\" content=\"Dva hrady zhasn\u00fa, aby sa rozsvietili vo v\u00e4\u010d\u0161ej kr\u00e1se - Pova\u017esk\u00e9 m\u00fazeum\" \/>\n<meta property=\"og:description\" content=\"Hrad Stre\u010dno a\u00a0Budat\u00ednsky hrad sa op\u00e4\u0165 zahalia do tmy. D\u00f4vodom s\u00fa rekon\u0161truk\u010dn\u00e9 pr\u00e1ce a\u00a0v\u00fdmena osvetlenia. Stre\u010dniansku dominantu bolo mo\u017en\u00e9 v\u00a0plnej kr\u00e1se obdivova\u0165 aj po z\u00e1pade slnka v\u010faka 26 reflektorom, ktor\u00e9 hrad noc \u010do noc osvet\u013eovali. \u017dilinsk\u00fd samospr\u00e1vny kraj v\u00a0s\u00fa\u010dasnosti realizuje in\u0161tal\u00e1ciu efekt\u00edvnej\u0161ieho a\u00a0\u00faspornej\u0161ieho osvetlenia hradn\u00e9ho komplexu. S\u00fa\u010das\u0165ou obnovy bude v\u00fdmena nevyhovuj\u00faceho osvetlenia tak, aby sa [&hellip;]\" \/>\n<meta property=\"og:url\" content=\"https:\/\/pmza.sk\/?p=6545\" \/>\n<meta property=\"og:site_name\" content=\"Pova\u017esk\u00e9 m\u00fazeum\" \/>\n<meta property=\"article:publisher\" content=\"https:\/\/www.facebook.com\/povazskemuzeum\" \/>\n<meta property=\"article:published_time\" content=\"2012-11-21T13:41:31+00:00\" \/>\n<meta name=\"author\" content=\"Pova\u017esk\u00e9 m\u00fazeum\" \/>\n<meta name=\"twitter:card\" content=\"summary_large_image\" \/>\n<meta name=\"twitter:label1\" content=\"Autor\" \/>\n\t<meta name=\"twitter:data1\" content=\"Pova\u017esk\u00e9 m\u00fazeum\" \/>\n\t<meta name=\"twitter:label2\" content=\"Predpokladan\u00fd \u010das \u010d\u00edtania\" \/>\n\t<meta name=\"twitter:data2\" content=\"2 min\u00faty\" \/>\n<script type=\"application\/ld+json\" class=\"yoast-schema-graph\">{\"@context\":\"https:\\\/\\\/schema.org\",\"@graph\":[{\"@type\":\"Article\",\"@id\":\"https:\\\/\\\/pmza.sk\\\/?p=6545#article\",\"isPartOf\":{\"@id\":\"https:\\\/\\\/pmza.sk\\\/?p=6545\"},\"author\":{\"name\":\"Pova\u017esk\u00e9 m\u00fazeum\",\"@id\":\"https:\\\/\\\/pmza.sk\\\/#\\\/schema\\\/person\\\/595e6a2ce731ea94dcd5d7f50a41ae33\"},\"headline\":\"Dva hrady zhasn\u00fa, aby sa rozsvietili vo v\u00e4\u010d\u0161ej kr\u00e1se\",\"datePublished\":\"2012-11-21T13:41:31+00:00\",\"mainEntityOfPage\":{\"@id\":\"https:\\\/\\\/pmza.sk\\\/?p=6545\"},\"wordCount\":388,\"publisher\":{\"@id\":\"https:\\\/\\\/pmza.sk\\\/#organization\"},\"articleSection\":[\"Arch\u00edv 2012\"],\"inLanguage\":\"sk-SK\"},{\"@type\":\"WebPage\",\"@id\":\"https:\\\/\\\/pmza.sk\\\/?p=6545\",\"url\":\"https:\\\/\\\/pmza.sk\\\/?p=6545\",\"name\":\"Dva hrady zhasn\u00fa, aby sa rozsvietili vo v\u00e4\u010d\u0161ej kr\u00e1se - Pova\u017esk\u00e9 m\u00fazeum\",\"isPartOf\":{\"@id\":\"https:\\\/\\\/pmza.sk\\\/#website\"},\"datePublished\":\"2012-11-21T13:41:31+00:00\",\"breadcrumb\":{\"@id\":\"https:\\\/\\\/pmza.sk\\\/?p=6545#breadcrumb\"},\"inLanguage\":\"sk-SK\",\"potentialAction\":[{\"@type\":\"ReadAction\",\"target\":[\"https:\\\/\\\/pmza.sk\\\/?p=6545\"]}]},{\"@type\":\"BreadcrumbList\",\"@id\":\"https:\\\/\\\/pmza.sk\\\/?p=6545#breadcrumb\",\"itemListElement\":[{\"@type\":\"ListItem\",\"position\":1,\"name\":\"Domovsk\u00e1 str\u00e1nka\",\"item\":\"https:\\\/\\\/pmza.sk\\\/\"},{\"@type\":\"ListItem\",\"position\":2,\"name\":\"Dva hrady zhasn\u00fa, aby sa rozsvietili vo v\u00e4\u010d\u0161ej kr\u00e1se\"}]},{\"@type\":\"WebSite\",\"@id\":\"https:\\\/\\\/pmza.sk\\\/#website\",\"url\":\"https:\\\/\\\/pmza.sk\\\/\",\"name\":\"Pova\u017esk\u00e9 m\u00fazeum\",\"description\":\"Pova\u017esk\u00e9 m\u00fazeum v \u017diline je region\u00e1lne m\u00fazeum so s\u00eddlom v Budat\u00edne. Jeho expoz\u00edcie s\u00fa zameran\u00e9 na dejiny slovensk\u00e9ho umenia, kult\u00fary a dopravy.\",\"publisher\":{\"@id\":\"https:\\\/\\\/pmza.sk\\\/#organization\"},\"potentialAction\":[{\"@type\":\"SearchAction\",\"target\":{\"@type\":\"EntryPoint\",\"urlTemplate\":\"https:\\\/\\\/pmza.sk\\\/?s={search_term_string}\"},\"query-input\":{\"@type\":\"PropertyValueSpecification\",\"valueRequired\":true,\"valueName\":\"search_term_string\"}}],\"inLanguage\":\"sk-SK\"},{\"@type\":\"Organization\",\"@id\":\"https:\\\/\\\/pmza.sk\\\/#organization\",\"name\":\"Pova\u017esk\u00e9 m\u00fazeum\",\"url\":\"https:\\\/\\\/pmza.sk\\\/\",\"logo\":{\"@type\":\"ImageObject\",\"inLanguage\":\"sk-SK\",\"@id\":\"https:\\\/\\\/pmza.sk\\\/#\\\/schema\\\/logo\\\/image\\\/\",\"url\":\"https:\\\/\\\/pmza.sk\\\/wp-content\\\/uploads\\\/2022\\\/01\\\/logo_PM_horizontal.jpg\",\"contentUrl\":\"https:\\\/\\\/pmza.sk\\\/wp-content\\\/uploads\\\/2022\\\/01\\\/logo_PM_horizontal.jpg\",\"width\":231,\"height\":142,\"caption\":\"Pova\u017esk\u00e9 m\u00fazeum\"},\"image\":{\"@id\":\"https:\\\/\\\/pmza.sk\\\/#\\\/schema\\\/logo\\\/image\\\/\"},\"sameAs\":[\"https:\\\/\\\/www.facebook.com\\\/povazskemuzeum\",\"https:\\\/\\\/www.instagram.com\\\/povazskemuzeum\\\/\"]},{\"@type\":\"Person\",\"@id\":\"https:\\\/\\\/pmza.sk\\\/#\\\/schema\\\/person\\\/595e6a2ce731ea94dcd5d7f50a41ae33\",\"name\":\"Pova\u017esk\u00e9 m\u00fazeum\",\"image\":{\"@type\":\"ImageObject\",\"inLanguage\":\"sk-SK\",\"@id\":\"https:\\\/\\\/secure.gravatar.com\\\/avatar\\\/2bb7f1561282132fb5826dfeccc66c7996d11ee392ac6aaf7ced8a1c2027fbb2?s=96&d=mm&r=g\",\"url\":\"https:\\\/\\\/secure.gravatar.com\\\/avatar\\\/2bb7f1561282132fb5826dfeccc66c7996d11ee392ac6aaf7ced8a1c2027fbb2?s=96&d=mm&r=g\",\"contentUrl\":\"https:\\\/\\\/secure.gravatar.com\\\/avatar\\\/2bb7f1561282132fb5826dfeccc66c7996d11ee392ac6aaf7ced8a1c2027fbb2?s=96&d=mm&r=g\",\"caption\":\"Pova\u017esk\u00e9 m\u00fazeum\"}}]}<\/script>\n<!-- \/ Yoast SEO plugin. -->","yoast_head_json":{"title":"Dva hrady zhasn\u00fa, aby sa rozsvietili vo v\u00e4\u010d\u0161ej kr\u00e1se - Pova\u017esk\u00e9 m\u00fazeum","robots":{"index":"index","follow":"follow","max-snippet":"max-snippet:-1","max-image-preview":"max-image-preview:large","max-video-preview":"max-video-preview:-1"},"canonical":"https:\/\/pmza.sk\/?p=6545","og_locale":"sk_SK","og_type":"article","og_title":"Dva hrady zhasn\u00fa, aby sa rozsvietili vo v\u00e4\u010d\u0161ej kr\u00e1se - Pova\u017esk\u00e9 m\u00fazeum","og_description":"Hrad Stre\u010dno a\u00a0Budat\u00ednsky hrad sa op\u00e4\u0165 zahalia do tmy. D\u00f4vodom s\u00fa rekon\u0161truk\u010dn\u00e9 pr\u00e1ce a\u00a0v\u00fdmena osvetlenia. Stre\u010dniansku dominantu bolo mo\u017en\u00e9 v\u00a0plnej kr\u00e1se obdivova\u0165 aj po z\u00e1pade slnka v\u010faka 26 reflektorom, ktor\u00e9 hrad noc \u010do noc osvet\u013eovali. \u017dilinsk\u00fd samospr\u00e1vny kraj v\u00a0s\u00fa\u010dasnosti realizuje in\u0161tal\u00e1ciu efekt\u00edvnej\u0161ieho a\u00a0\u00faspornej\u0161ieho osvetlenia hradn\u00e9ho komplexu. S\u00fa\u010das\u0165ou obnovy bude v\u00fdmena nevyhovuj\u00faceho osvetlenia tak, aby sa [&hellip;]","og_url":"https:\/\/pmza.sk\/?p=6545","og_site_name":"Pova\u017esk\u00e9 m\u00fazeum","article_publisher":"https:\/\/www.facebook.com\/povazskemuzeum","article_published_time":"2012-11-21T13:41:31+00:00","author":"Pova\u017esk\u00e9 m\u00fazeum","twitter_card":"summary_large_image","twitter_misc":{"Autor":"Pova\u017esk\u00e9 m\u00fazeum","Predpokladan\u00fd \u010das \u010d\u00edtania":"2 min\u00faty"},"schema":{"@context":"https:\/\/schema.org","@graph":[{"@type":"Article","@id":"https:\/\/pmza.sk\/?p=6545#article","isPartOf":{"@id":"https:\/\/pmza.sk\/?p=6545"},"author":{"name":"Pova\u017esk\u00e9 m\u00fazeum","@id":"https:\/\/pmza.sk\/#\/schema\/person\/595e6a2ce731ea94dcd5d7f50a41ae33"},"headline":"Dva hrady zhasn\u00fa, aby sa rozsvietili vo v\u00e4\u010d\u0161ej kr\u00e1se","datePublished":"2012-11-21T13:41:31+00:00","mainEntityOfPage":{"@id":"https:\/\/pmza.sk\/?p=6545"},"wordCount":388,"publisher":{"@id":"https:\/\/pmza.sk\/#organization"},"articleSection":["Arch\u00edv 2012"],"inLanguage":"sk-SK"},{"@type":"WebPage","@id":"https:\/\/pmza.sk\/?p=6545","url":"https:\/\/pmza.sk\/?p=6545","name":"Dva hrady zhasn\u00fa, aby sa rozsvietili vo v\u00e4\u010d\u0161ej kr\u00e1se - Pova\u017esk\u00e9 m\u00fazeum","isPartOf":{"@id":"https:\/\/pmza.sk\/#website"},"datePublished":"2012-11-21T13:41:31+00:00","breadcrumb":{"@id":"https:\/\/pmza.sk\/?p=6545#breadcrumb"},"inLanguage":"sk-SK","potentialAction":[{"@type":"ReadAction","target":["https:\/\/pmza.sk\/?p=6545"]}]},{"@type":"BreadcrumbList","@id":"https:\/\/pmza.sk\/?p=6545#breadcrumb","itemListElement":[{"@type":"ListItem","position":1,"name":"Domovsk\u00e1 str\u00e1nka","item":"https:\/\/pmza.sk\/"},{"@type":"ListItem","position":2,"name":"Dva hrady zhasn\u00fa, aby sa rozsvietili vo v\u00e4\u010d\u0161ej kr\u00e1se"}]},{"@type":"WebSite","@id":"https:\/\/pmza.sk\/#website","url":"https:\/\/pmza.sk\/","name":"Pova\u017esk\u00e9 m\u00fazeum","description":"Pova\u017esk\u00e9 m\u00fazeum v \u017diline je region\u00e1lne m\u00fazeum so s\u00eddlom v Budat\u00edne. Jeho expoz\u00edcie s\u00fa zameran\u00e9 na dejiny slovensk\u00e9ho umenia, kult\u00fary a dopravy.","publisher":{"@id":"https:\/\/pmza.sk\/#organization"},"potentialAction":[{"@type":"SearchAction","target":{"@type":"EntryPoint","urlTemplate":"https:\/\/pmza.sk\/?s={search_term_string}"},"query-input":{"@type":"PropertyValueSpecification","valueRequired":true,"valueName":"search_term_string"}}],"inLanguage":"sk-SK"},{"@type":"Organization","@id":"https:\/\/pmza.sk\/#organization","name":"Pova\u017esk\u00e9 m\u00fazeum","url":"https:\/\/pmza.sk\/","logo":{"@type":"ImageObject","inLanguage":"sk-SK","@id":"https:\/\/pmza.sk\/#\/schema\/logo\/image\/","url":"https:\/\/pmza.sk\/wp-content\/uploads\/2022\/01\/logo_PM_horizontal.jpg","contentUrl":"https:\/\/pmza.sk\/wp-content\/uploads\/2022\/01\/logo_PM_horizontal.jpg","width":231,"height":142,"caption":"Pova\u017esk\u00e9 m\u00fazeum"},"image":{"@id":"https:\/\/pmza.sk\/#\/schema\/logo\/image\/"},"sameAs":["https:\/\/www.facebook.com\/povazskemuzeum","https:\/\/www.instagram.com\/povazskemuzeum\/"]},{"@type":"Person","@id":"https:\/\/pmza.sk\/#\/schema\/person\/595e6a2ce731ea94dcd5d7f50a41ae33","name":"Pova\u017esk\u00e9 m\u00fazeum","image":{"@type":"ImageObject","inLanguage":"sk-SK","@id":"https:\/\/secure.gravatar.com\/avatar\/2bb7f1561282132fb5826dfeccc66c7996d11ee392ac6aaf7ced8a1c2027fbb2?s=96&d=mm&r=g","url":"https:\/\/secure.gravatar.com\/avatar\/2bb7f1561282132fb5826dfeccc66c7996d11ee392ac6aaf7ced8a1c2027fbb2?s=96&d=mm&r=g","contentUrl":"https:\/\/secure.gravatar.com\/avatar\/2bb7f1561282132fb5826dfeccc66c7996d11ee392ac6aaf7ced8a1c2027fbb2?s=96&d=mm&r=g","caption":"Pova\u017esk\u00e9 m\u00fazeum"}}]}},"_links":{"self":[{"href":"https:\/\/pmza.sk\/index.php?rest_route=\/wp\/v2\/posts\/6545","targetHints":{"allow":["GET"]}}],"collection":[{"href":"https:\/\/pmza.sk\/index.php?rest_route=\/wp\/v2\/posts"}],"about":[{"href":"https:\/\/pmza.sk\/index.php?rest_route=\/wp\/v2\/types\/post"}],"author":[{"embeddable":true,"href":"https:\/\/pmza.sk\/index.php?rest_route=\/wp\/v2\/users\/2"}],"replies":[{"embeddable":true,"href":"https:\/\/pmza.sk\/index.php?rest_route=%2Fwp%2Fv2%2Fcomments&post=6545"}],"version-history":[{"count":0,"href":"https:\/\/pmza.sk\/index.php?rest_route=\/wp\/v2\/posts\/6545\/revisions"}],"wp:attachment":[{"href":"https:\/\/pmza.sk\/index.php?rest_route=%2Fwp%2Fv2%2Fmedia&parent=6545"}],"wp:term":[{"taxonomy":"category","embeddable":true,"href":"https:\/\/pmza.sk\/index.php?rest_route=%2Fwp%2Fv2%2Fcategories&post=6545"},{"taxonomy":"post_tag","embeddable":true,"href":"https:\/\/pmza.sk\/index.php?rest_route=%2Fwp%2Fv2%2Ftags&post=6545"}],"curies":[{"name":"wp","href":"https:\/\/api.w.org\/{rel}","templated":true}]}}