{"id":65688,"date":"2024-09-23T17:43:03","date_gmt":"2024-09-23T15:43:03","guid":{"rendered":"https:\/\/pmza.sk\/?p=65688"},"modified":"2024-10-11T08:04:05","modified_gmt":"2024-10-11T06:04:05","slug":"architektonicko-vytvarna-sutaz","status":"publish","type":"post","link":"https:\/\/pmza.sk\/?p=65688","title":{"rendered":"Pova\u017esk\u00e9 m\u00fazeum vyhlasuje architektonicko-v\u00fdtvarn\u00fa s\u00fa\u0165a\u017e"},"content":{"rendered":"<p style=\"text-align: center;\"><strong>Nov\u00e1 st\u00e1la expoz\u00edcia v Budat\u00ednskom hrade &#8211; DEJINY BUDAT\u00cdNSKEHO HRADU A DEJINY MESTA \u017dILINY<\/strong><\/p>\n<p><u>Vyhlasovate\u013e<br \/>\n<\/u>Pova\u017esk\u00e9 m\u00fazeum<br \/>\nPr\u00e1vna forma: pr\u00edspevkov\u00e1 organiz\u00e1cia v zria\u010fovate\u013eskej p\u00f4sobnosti \u017dilinsk\u00e9ho samospr\u00e1vneho kraja<br \/>\nS\u00eddlo: Topo\u013eov\u00e1 \u010d. 1, 010 03 \u017dilina, Slovensk\u00e1 republika<\/p>\n<p>Pova\u017esk\u00e9 m\u00fazeum vyhlasuje verejn\u00fa projektov\u00fa dvojetapov\u00fa architektonicko-v\u00fdtvarn\u00fa s\u00fa\u0165a\u017e Nov\u00e1 st\u00e1la expoz\u00edcia v Budat\u00ednskom hrade &#8211; DEJINY BUDAT\u00cdNSKEHO HRADU A DEJINY MESTA \u017dILINY. V priestoroch tretieho nadzemn\u00e9ho podla\u017eia a vo ve\u017ei Budat\u00ednskeho hradu, kde sa nach\u00e1dzaj\u00fa moment\u00e1lne tri expoz\u00edcie (<em>Dobov\u00fd interi\u00e9r<\/em>, <em>Dejiny \u017diliny, Hradn\u00e1 ve\u017ea<\/em>), chce Pova\u017esk\u00e9 m\u00fazeum vytvori\u0165 nov\u00fa expoz\u00edciu, ktor\u00e1 pomocou modern\u00fdch sp\u00f4sobov prezent\u00e1cie prinesie verejnosti najnov\u0161ie inform\u00e1cie o dejin\u00e1ch Budat\u00ednskeho hradu a mesta \u017diliny. \u00da\u010delom s\u00fa\u0165a\u017ee je n\u00e1js\u0165 n\u00e1vrh, ktor\u00fd spomedzi predlo\u017een\u00fdch n\u00e1vrhov najlep\u0161ie rie\u0161i po\u017eiadavky zadania a n\u00e1sledne umo\u017en\u00ed zada\u0165 z\u00e1kazku pod\u013ea bodu 14. Nadv\u00e4zuj\u00faca z\u00e1kazka s\u00fa\u0165a\u017en\u00fdch podmienok.<\/p>\n<p>S\u00fa\u0165a\u017en\u00e9 podmienky boli overen\u00e9 Slovenskou komorou architektov d\u0148a 23. 9. 2024 pod \u010d\u00edslom KA-869\/2024.<\/p>\n<p><u>Okruh \u00fa\u010dastn\u00edkov<br \/>\n<\/u>\u00da\u010dastn\u00edkom m\u00f4\u017ee by\u0165 jednotlivec alebo subjekt, kde aspo\u0148 jeden \u010dlen dosiahol vzdelanie 2. stup\u0148a v odbore architekt\u00fara, architektonick\u00e1 tvorba, dizajn (interi\u00e9rov\u00fd, produktov\u00fd, industri\u00e1lny, grafick\u00fd), sc\u00e9nografia alebo pod\u013ea ekvivalentnej pr\u00e1vnej \u00fapravy platnej v krajine s\u00eddla, podnikania, \u010di mieste inej adresy \u00fa\u010dastn\u00edka.<\/p>\n<p><u>Term\u00edny<br \/>\n<\/u>Term\u00edn vyhl\u00e1senia s\u00fa\u0165a\u017ee: 23. september 2024<br \/>\nLehota na predkladanie dokumentov \/ s\u00fa\u0165a\u017en\u00fdch n\u00e1vrhov: 10. okt\u00f3ber 2024, 3. december 2024<br \/>\nPredpokladan\u00fd term\u00edn hodnotiaceho zasadnutia poroty v 2. etape spojenej s prezent\u00e1ciou s\u00fa\u0165a\u017en\u00fdch n\u00e1vrhov: 6. december 2024<br \/>\nPredpokladan\u00fd term\u00edn ozn\u00e1menia a zverejnenia v\u00fdsledkov: 13. december 2024<\/p>\n<p><u>Porota<br \/>\n<\/u>Riadni \u010dlenovia<br \/>\ndoc. Mgr. art. Marcel Ben\u010d\u00edk, ArtD. \u2013 \u00a0predseda<br \/>\nIng. arch. \u013dubica Brunov\u00e1<br \/>\ndoc. akad. mal. Pavel Choma<br \/>\nMgr. Michal Jureck\u00fd (z\u00e1visl\u00fd na vyhlasovate\u013eovi)<br \/>\nMgr. Andrea Slan\u00e1, PhD. (z\u00e1visl\u00fd na vyhlasovate\u013eovi)<\/p>\n<p>N\u00e1hradn\u00edci poroty<br \/>\nIng. arch. Lucia Stre\u010fansk\u00e1<br \/>\nMgr. Peter \u0160imko, PhD. (z\u00e1visl\u00fd na vyhlasovate\u013eovi)<\/p>\n<p><span style=\"text-decoration: underline;\">Ceny<\/span><br \/>\nRe\u017eijn\u00e1 odmena za n\u00e1vrh v 2. kole \/ 2000 Eur<\/p>\n<p>&nbsp;<\/p>\n<p><a href=\"https:\/\/pmza.sk\/wp-content\/uploads\/2024\/09\/Sutazne-podmienky.pdf\">S\u00fa\u0165a\u017en\u00e9 podmienky<\/a><\/p>\n<p><a href=\"https:\/\/pmza.sk\/prilohy.zip\">Pr\u00edlohy s\u00fa\u0165a\u017en\u00fdch podmienok<\/a><\/p>\n<p>&nbsp;<\/p>\n<div class=\"wp-block-image\"><img fetchpriority=\"high\" decoding=\"async\" class=\"wpa-warning wpa-image-missing-alt alignnone size-medium wp-image-65690 aligncenter\" src=\"https:\/\/pmza.sk\/wp-content\/uploads\/2024\/09\/PF_2024_K3-480x360.jpg\" alt=\"\" width=\"480\" height=\"360\" data-warning=\"Missing alt text\" srcset=\"https:\/\/pmza.sk\/wp-content\/uploads\/2024\/09\/PF_2024_K3-480x360.jpg 480w, https:\/\/pmza.sk\/wp-content\/uploads\/2024\/09\/PF_2024_K3-982x736.jpg 982w, https:\/\/pmza.sk\/wp-content\/uploads\/2024\/09\/PF_2024_K3-768x576.jpg 768w, https:\/\/pmza.sk\/wp-content\/uploads\/2024\/09\/PF_2024_K3-1536x1152.jpg 1536w, https:\/\/pmza.sk\/wp-content\/uploads\/2024\/09\/PF_2024_K3-2048x1536.jpg 2048w, https:\/\/pmza.sk\/wp-content\/uploads\/2024\/09\/PF_2024_K3-600x450.jpg 600w\" sizes=\"(max-width: 480px) 100vw, 480px\" \/><\/div>\n<p style=\"text-align: center;\"><span style=\"color: #000080;\">S\u00fa\u0165a\u017e z verejn\u00fdch zdrojov podporil Fond na podporu umenia. Fond je hlavn\u00fdm partnerom projektu.<\/span><\/p>\n","protected":false},"excerpt":{"rendered":"<p>Nov\u00e1 st\u00e1la expoz\u00edcia v Budat\u00ednskom hrade &#8211; DEJINY BUDAT\u00cdNSKEHO HRADU A DEJINY MESTA \u017dILINY Vyhlasovate\u013e Pova\u017esk\u00e9 m\u00fazeum Pr\u00e1vna forma: pr\u00edspevkov\u00e1 organiz\u00e1cia v zria\u010fovate\u013eskej p\u00f4sobnosti \u017dilinsk\u00e9ho samospr\u00e1vneho kraja S\u00eddlo: Topo\u013eov\u00e1 \u010d. 1, 010 03 \u017dilina, Slovensk\u00e1 republika Pova\u017esk\u00e9 m\u00fazeum vyhlasuje verejn\u00fa projektov\u00fa dvojetapov\u00fa architektonicko-v\u00fdtvarn\u00fa s\u00fa\u0165a\u017e Nov\u00e1 st\u00e1la expoz\u00edcia v Budat\u00ednskom hrade &#8211; DEJINY BUDAT\u00cdNSKEHO HRADU A [&hellip;]<\/p>\n","protected":false},"author":2,"featured_media":65692,"comment_status":"closed","ping_status":"closed","sticky":false,"template":"","format":"standard","meta":{"site-sidebar-layout":"default","site-content-layout":"default","ast-site-content-layout":"","site-content-style":"default","site-sidebar-style":"default","ast-global-header-display":"","ast-banner-title-visibility":"","ast-main-header-display":"","ast-hfb-above-header-display":"","ast-hfb-below-header-display":"","ast-hfb-mobile-header-display":"","site-post-title":"","ast-breadcrumbs-content":"","ast-featured-img":"","footer-sml-layout":"","theme-transparent-header-meta":"default","adv-header-id-meta":"","stick-header-meta":"default","header-above-stick-meta":"","header-main-stick-meta":"","header-below-stick-meta":"","astra-migrate-meta-layouts":"default","ast-page-background-enabled":"default","ast-page-background-meta":{"desktop":{"background-color":"var(--ast-global-color-4)","background-image":"","background-repeat":"repeat","background-position":"center center","background-size":"auto","background-attachment":"scroll","background-type":"","background-media":"","overlay-type":"","overlay-color":"","overlay-opacity":"","overlay-gradient":""},"tablet":{"background-color":"","background-image":"","background-repeat":"repeat","background-position":"center center","background-size":"auto","background-attachment":"scroll","background-type":"","background-media":"","overlay-type":"","overlay-color":"","overlay-opacity":"","overlay-gradient":""},"mobile":{"background-color":"","background-image":"","background-repeat":"repeat","background-position":"center center","background-size":"auto","background-attachment":"scroll","background-type":"","background-media":"","overlay-type":"","overlay-color":"","overlay-opacity":"","overlay-gradient":""}},"ast-content-background-meta":{"desktop":{"background-color":"var(--ast-global-color-5)","background-image":"","background-repeat":"repeat","background-position":"center center","background-size":"auto","background-attachment":"scroll","background-type":"","background-media":"","overlay-type":"","overlay-color":"","overlay-opacity":"","overlay-gradient":""},"tablet":{"background-color":"var(--ast-global-color-5)","background-image":"","background-repeat":"repeat","background-position":"center center","background-size":"auto","background-attachment":"scroll","background-type":"","background-media":"","overlay-type":"","overlay-color":"","overlay-opacity":"","overlay-gradient":""},"mobile":{"background-color":"var(--ast-global-color-5)","background-image":"","background-repeat":"repeat","background-position":"center center","background-size":"auto","background-attachment":"scroll","background-type":"","background-media":"","overlay-type":"","overlay-color":"","overlay-opacity":"","overlay-gradient":""}},"footnotes":""},"categories":[31],"tags":[],"class_list":["post-65688","post","type-post","status-publish","format-standard","has-post-thumbnail","hentry","category-aktuality"],"yoast_head":"<!-- This site is optimized with the Yoast SEO plugin v27.4 - https:\/\/yoast.com\/product\/yoast-seo-wordpress\/ -->\n<title>Pova\u017esk\u00e9 m\u00fazeum vyhlasuje architektonicko-v\u00fdtvarn\u00fa s\u00fa\u0165a\u017e - Pova\u017esk\u00e9 m\u00fazeum<\/title>\n<meta name=\"robots\" content=\"index, follow, max-snippet:-1, max-image-preview:large, max-video-preview:-1\" \/>\n<link rel=\"canonical\" href=\"https:\/\/pmza.sk\/?p=65688\" \/>\n<meta property=\"og:locale\" content=\"sk_SK\" \/>\n<meta property=\"og:type\" content=\"article\" \/>\n<meta property=\"og:title\" content=\"Pova\u017esk\u00e9 m\u00fazeum vyhlasuje architektonicko-v\u00fdtvarn\u00fa s\u00fa\u0165a\u017e - Pova\u017esk\u00e9 m\u00fazeum\" \/>\n<meta property=\"og:description\" content=\"Nov\u00e1 st\u00e1la expoz\u00edcia v Budat\u00ednskom hrade &#8211; DEJINY BUDAT\u00cdNSKEHO HRADU A DEJINY MESTA \u017dILINY Vyhlasovate\u013e Pova\u017esk\u00e9 m\u00fazeum Pr\u00e1vna forma: pr\u00edspevkov\u00e1 organiz\u00e1cia v zria\u010fovate\u013eskej p\u00f4sobnosti \u017dilinsk\u00e9ho samospr\u00e1vneho kraja S\u00eddlo: Topo\u013eov\u00e1 \u010d. 1, 010 03 \u017dilina, Slovensk\u00e1 republika Pova\u017esk\u00e9 m\u00fazeum vyhlasuje verejn\u00fa projektov\u00fa dvojetapov\u00fa architektonicko-v\u00fdtvarn\u00fa s\u00fa\u0165a\u017e Nov\u00e1 st\u00e1la expoz\u00edcia v Budat\u00ednskom hrade &#8211; DEJINY BUDAT\u00cdNSKEHO HRADU A [&hellip;]\" \/>\n<meta property=\"og:url\" content=\"https:\/\/pmza.sk\/?p=65688\" \/>\n<meta property=\"og:site_name\" content=\"Pova\u017esk\u00e9 m\u00fazeum\" \/>\n<meta property=\"article:publisher\" content=\"https:\/\/www.facebook.com\/povazskemuzeum\" \/>\n<meta property=\"article:published_time\" content=\"2024-09-23T15:43:03+00:00\" \/>\n<meta property=\"article:modified_time\" content=\"2024-10-11T06:04:05+00:00\" \/>\n<meta property=\"og:image\" content=\"https:\/\/pmza.sk\/wp-content\/uploads\/2024\/09\/IMG_0055-scaled.jpg\" \/>\n\t<meta property=\"og:image:width\" content=\"2560\" \/>\n\t<meta property=\"og:image:height\" content=\"1707\" \/>\n\t<meta property=\"og:image:type\" content=\"image\/jpeg\" \/>\n<meta name=\"author\" content=\"Pova\u017esk\u00e9 m\u00fazeum\" \/>\n<meta name=\"twitter:card\" content=\"summary_large_image\" \/>\n<meta name=\"twitter:label1\" content=\"Autor\" \/>\n\t<meta name=\"twitter:data1\" content=\"Pova\u017esk\u00e9 m\u00fazeum\" \/>\n\t<meta name=\"twitter:label2\" content=\"Predpokladan\u00fd \u010das \u010d\u00edtania\" \/>\n\t<meta name=\"twitter:data2\" content=\"2 min\u00faty\" \/>\n<script type=\"application\/ld+json\" class=\"yoast-schema-graph\">{\"@context\":\"https:\\\/\\\/schema.org\",\"@graph\":[{\"@type\":\"Article\",\"@id\":\"https:\\\/\\\/pmza.sk\\\/?p=65688#article\",\"isPartOf\":{\"@id\":\"https:\\\/\\\/pmza.sk\\\/?p=65688\"},\"author\":{\"name\":\"Pova\u017esk\u00e9 m\u00fazeum\",\"@id\":\"https:\\\/\\\/pmza.sk\\\/#\\\/schema\\\/person\\\/595e6a2ce731ea94dcd5d7f50a41ae33\"},\"headline\":\"Pova\u017esk\u00e9 m\u00fazeum vyhlasuje architektonicko-v\u00fdtvarn\u00fa s\u00fa\u0165a\u017e\",\"datePublished\":\"2024-09-23T15:43:03+00:00\",\"dateModified\":\"2024-10-11T06:04:05+00:00\",\"mainEntityOfPage\":{\"@id\":\"https:\\\/\\\/pmza.sk\\\/?p=65688\"},\"wordCount\":408,\"publisher\":{\"@id\":\"https:\\\/\\\/pmza.sk\\\/#organization\"},\"image\":{\"@id\":\"https:\\\/\\\/pmza.sk\\\/?p=65688#primaryimage\"},\"thumbnailUrl\":\"https:\\\/\\\/pmza.sk\\\/wp-content\\\/uploads\\\/2024\\\/09\\\/IMG_0055-scaled.jpg\",\"articleSection\":[\"Aktuality\"],\"inLanguage\":\"sk-SK\"},{\"@type\":\"WebPage\",\"@id\":\"https:\\\/\\\/pmza.sk\\\/?p=65688\",\"url\":\"https:\\\/\\\/pmza.sk\\\/?p=65688\",\"name\":\"Pova\u017esk\u00e9 m\u00fazeum vyhlasuje architektonicko-v\u00fdtvarn\u00fa s\u00fa\u0165a\u017e - Pova\u017esk\u00e9 m\u00fazeum\",\"isPartOf\":{\"@id\":\"https:\\\/\\\/pmza.sk\\\/#website\"},\"primaryImageOfPage\":{\"@id\":\"https:\\\/\\\/pmza.sk\\\/?p=65688#primaryimage\"},\"image\":{\"@id\":\"https:\\\/\\\/pmza.sk\\\/?p=65688#primaryimage\"},\"thumbnailUrl\":\"https:\\\/\\\/pmza.sk\\\/wp-content\\\/uploads\\\/2024\\\/09\\\/IMG_0055-scaled.jpg\",\"datePublished\":\"2024-09-23T15:43:03+00:00\",\"dateModified\":\"2024-10-11T06:04:05+00:00\",\"breadcrumb\":{\"@id\":\"https:\\\/\\\/pmza.sk\\\/?p=65688#breadcrumb\"},\"inLanguage\":\"sk-SK\",\"potentialAction\":[{\"@type\":\"ReadAction\",\"target\":[\"https:\\\/\\\/pmza.sk\\\/?p=65688\"]}]},{\"@type\":\"ImageObject\",\"inLanguage\":\"sk-SK\",\"@id\":\"https:\\\/\\\/pmza.sk\\\/?p=65688#primaryimage\",\"url\":\"https:\\\/\\\/pmza.sk\\\/wp-content\\\/uploads\\\/2024\\\/09\\\/IMG_0055-scaled.jpg\",\"contentUrl\":\"https:\\\/\\\/pmza.sk\\\/wp-content\\\/uploads\\\/2024\\\/09\\\/IMG_0055-scaled.jpg\",\"width\":2560,\"height\":1707},{\"@type\":\"BreadcrumbList\",\"@id\":\"https:\\\/\\\/pmza.sk\\\/?p=65688#breadcrumb\",\"itemListElement\":[{\"@type\":\"ListItem\",\"position\":1,\"name\":\"Domovsk\u00e1 str\u00e1nka\",\"item\":\"https:\\\/\\\/pmza.sk\\\/\"},{\"@type\":\"ListItem\",\"position\":2,\"name\":\"Pova\u017esk\u00e9 m\u00fazeum vyhlasuje architektonicko-v\u00fdtvarn\u00fa s\u00fa\u0165a\u017e\"}]},{\"@type\":\"WebSite\",\"@id\":\"https:\\\/\\\/pmza.sk\\\/#website\",\"url\":\"https:\\\/\\\/pmza.sk\\\/\",\"name\":\"Pova\u017esk\u00e9 m\u00fazeum\",\"description\":\"Pova\u017esk\u00e9 m\u00fazeum v \u017diline je region\u00e1lne m\u00fazeum so s\u00eddlom v Budat\u00edne. Jeho expoz\u00edcie s\u00fa zameran\u00e9 na dejiny slovensk\u00e9ho umenia, kult\u00fary a dopravy.\",\"publisher\":{\"@id\":\"https:\\\/\\\/pmza.sk\\\/#organization\"},\"potentialAction\":[{\"@type\":\"SearchAction\",\"target\":{\"@type\":\"EntryPoint\",\"urlTemplate\":\"https:\\\/\\\/pmza.sk\\\/?s={search_term_string}\"},\"query-input\":{\"@type\":\"PropertyValueSpecification\",\"valueRequired\":true,\"valueName\":\"search_term_string\"}}],\"inLanguage\":\"sk-SK\"},{\"@type\":\"Organization\",\"@id\":\"https:\\\/\\\/pmza.sk\\\/#organization\",\"name\":\"Pova\u017esk\u00e9 m\u00fazeum\",\"url\":\"https:\\\/\\\/pmza.sk\\\/\",\"logo\":{\"@type\":\"ImageObject\",\"inLanguage\":\"sk-SK\",\"@id\":\"https:\\\/\\\/pmza.sk\\\/#\\\/schema\\\/logo\\\/image\\\/\",\"url\":\"https:\\\/\\\/pmza.sk\\\/wp-content\\\/uploads\\\/2022\\\/01\\\/logo_PM_horizontal.jpg\",\"contentUrl\":\"https:\\\/\\\/pmza.sk\\\/wp-content\\\/uploads\\\/2022\\\/01\\\/logo_PM_horizontal.jpg\",\"width\":231,\"height\":142,\"caption\":\"Pova\u017esk\u00e9 m\u00fazeum\"},\"image\":{\"@id\":\"https:\\\/\\\/pmza.sk\\\/#\\\/schema\\\/logo\\\/image\\\/\"},\"sameAs\":[\"https:\\\/\\\/www.facebook.com\\\/povazskemuzeum\",\"https:\\\/\\\/www.instagram.com\\\/povazskemuzeum\\\/\"]},{\"@type\":\"Person\",\"@id\":\"https:\\\/\\\/pmza.sk\\\/#\\\/schema\\\/person\\\/595e6a2ce731ea94dcd5d7f50a41ae33\",\"name\":\"Pova\u017esk\u00e9 m\u00fazeum\",\"image\":{\"@type\":\"ImageObject\",\"inLanguage\":\"sk-SK\",\"@id\":\"https:\\\/\\\/secure.gravatar.com\\\/avatar\\\/2bb7f1561282132fb5826dfeccc66c7996d11ee392ac6aaf7ced8a1c2027fbb2?s=96&d=mm&r=g\",\"url\":\"https:\\\/\\\/secure.gravatar.com\\\/avatar\\\/2bb7f1561282132fb5826dfeccc66c7996d11ee392ac6aaf7ced8a1c2027fbb2?s=96&d=mm&r=g\",\"contentUrl\":\"https:\\\/\\\/secure.gravatar.com\\\/avatar\\\/2bb7f1561282132fb5826dfeccc66c7996d11ee392ac6aaf7ced8a1c2027fbb2?s=96&d=mm&r=g\",\"caption\":\"Pova\u017esk\u00e9 m\u00fazeum\"}}]}<\/script>\n<!-- \/ Yoast SEO plugin. -->","yoast_head_json":{"title":"Pova\u017esk\u00e9 m\u00fazeum vyhlasuje architektonicko-v\u00fdtvarn\u00fa s\u00fa\u0165a\u017e - Pova\u017esk\u00e9 m\u00fazeum","robots":{"index":"index","follow":"follow","max-snippet":"max-snippet:-1","max-image-preview":"max-image-preview:large","max-video-preview":"max-video-preview:-1"},"canonical":"https:\/\/pmza.sk\/?p=65688","og_locale":"sk_SK","og_type":"article","og_title":"Pova\u017esk\u00e9 m\u00fazeum vyhlasuje architektonicko-v\u00fdtvarn\u00fa s\u00fa\u0165a\u017e - Pova\u017esk\u00e9 m\u00fazeum","og_description":"Nov\u00e1 st\u00e1la expoz\u00edcia v Budat\u00ednskom hrade &#8211; DEJINY BUDAT\u00cdNSKEHO HRADU A DEJINY MESTA \u017dILINY Vyhlasovate\u013e Pova\u017esk\u00e9 m\u00fazeum Pr\u00e1vna forma: pr\u00edspevkov\u00e1 organiz\u00e1cia v zria\u010fovate\u013eskej p\u00f4sobnosti \u017dilinsk\u00e9ho samospr\u00e1vneho kraja S\u00eddlo: Topo\u013eov\u00e1 \u010d. 1, 010 03 \u017dilina, Slovensk\u00e1 republika Pova\u017esk\u00e9 m\u00fazeum vyhlasuje verejn\u00fa projektov\u00fa dvojetapov\u00fa architektonicko-v\u00fdtvarn\u00fa s\u00fa\u0165a\u017e Nov\u00e1 st\u00e1la expoz\u00edcia v Budat\u00ednskom hrade &#8211; DEJINY BUDAT\u00cdNSKEHO HRADU A [&hellip;]","og_url":"https:\/\/pmza.sk\/?p=65688","og_site_name":"Pova\u017esk\u00e9 m\u00fazeum","article_publisher":"https:\/\/www.facebook.com\/povazskemuzeum","article_published_time":"2024-09-23T15:43:03+00:00","article_modified_time":"2024-10-11T06:04:05+00:00","og_image":[{"width":2560,"height":1707,"url":"https:\/\/pmza.sk\/wp-content\/uploads\/2024\/09\/IMG_0055-scaled.jpg","type":"image\/jpeg"}],"author":"Pova\u017esk\u00e9 m\u00fazeum","twitter_card":"summary_large_image","twitter_misc":{"Autor":"Pova\u017esk\u00e9 m\u00fazeum","Predpokladan\u00fd \u010das \u010d\u00edtania":"2 min\u00faty"},"schema":{"@context":"https:\/\/schema.org","@graph":[{"@type":"Article","@id":"https:\/\/pmza.sk\/?p=65688#article","isPartOf":{"@id":"https:\/\/pmza.sk\/?p=65688"},"author":{"name":"Pova\u017esk\u00e9 m\u00fazeum","@id":"https:\/\/pmza.sk\/#\/schema\/person\/595e6a2ce731ea94dcd5d7f50a41ae33"},"headline":"Pova\u017esk\u00e9 m\u00fazeum vyhlasuje architektonicko-v\u00fdtvarn\u00fa s\u00fa\u0165a\u017e","datePublished":"2024-09-23T15:43:03+00:00","dateModified":"2024-10-11T06:04:05+00:00","mainEntityOfPage":{"@id":"https:\/\/pmza.sk\/?p=65688"},"wordCount":408,"publisher":{"@id":"https:\/\/pmza.sk\/#organization"},"image":{"@id":"https:\/\/pmza.sk\/?p=65688#primaryimage"},"thumbnailUrl":"https:\/\/pmza.sk\/wp-content\/uploads\/2024\/09\/IMG_0055-scaled.jpg","articleSection":["Aktuality"],"inLanguage":"sk-SK"},{"@type":"WebPage","@id":"https:\/\/pmza.sk\/?p=65688","url":"https:\/\/pmza.sk\/?p=65688","name":"Pova\u017esk\u00e9 m\u00fazeum vyhlasuje architektonicko-v\u00fdtvarn\u00fa s\u00fa\u0165a\u017e - Pova\u017esk\u00e9 m\u00fazeum","isPartOf":{"@id":"https:\/\/pmza.sk\/#website"},"primaryImageOfPage":{"@id":"https:\/\/pmza.sk\/?p=65688#primaryimage"},"image":{"@id":"https:\/\/pmza.sk\/?p=65688#primaryimage"},"thumbnailUrl":"https:\/\/pmza.sk\/wp-content\/uploads\/2024\/09\/IMG_0055-scaled.jpg","datePublished":"2024-09-23T15:43:03+00:00","dateModified":"2024-10-11T06:04:05+00:00","breadcrumb":{"@id":"https:\/\/pmza.sk\/?p=65688#breadcrumb"},"inLanguage":"sk-SK","potentialAction":[{"@type":"ReadAction","target":["https:\/\/pmza.sk\/?p=65688"]}]},{"@type":"ImageObject","inLanguage":"sk-SK","@id":"https:\/\/pmza.sk\/?p=65688#primaryimage","url":"https:\/\/pmza.sk\/wp-content\/uploads\/2024\/09\/IMG_0055-scaled.jpg","contentUrl":"https:\/\/pmza.sk\/wp-content\/uploads\/2024\/09\/IMG_0055-scaled.jpg","width":2560,"height":1707},{"@type":"BreadcrumbList","@id":"https:\/\/pmza.sk\/?p=65688#breadcrumb","itemListElement":[{"@type":"ListItem","position":1,"name":"Domovsk\u00e1 str\u00e1nka","item":"https:\/\/pmza.sk\/"},{"@type":"ListItem","position":2,"name":"Pova\u017esk\u00e9 m\u00fazeum vyhlasuje architektonicko-v\u00fdtvarn\u00fa s\u00fa\u0165a\u017e"}]},{"@type":"WebSite","@id":"https:\/\/pmza.sk\/#website","url":"https:\/\/pmza.sk\/","name":"Pova\u017esk\u00e9 m\u00fazeum","description":"Pova\u017esk\u00e9 m\u00fazeum v \u017diline je region\u00e1lne m\u00fazeum so s\u00eddlom v Budat\u00edne. Jeho expoz\u00edcie s\u00fa zameran\u00e9 na dejiny slovensk\u00e9ho umenia, kult\u00fary a dopravy.","publisher":{"@id":"https:\/\/pmza.sk\/#organization"},"potentialAction":[{"@type":"SearchAction","target":{"@type":"EntryPoint","urlTemplate":"https:\/\/pmza.sk\/?s={search_term_string}"},"query-input":{"@type":"PropertyValueSpecification","valueRequired":true,"valueName":"search_term_string"}}],"inLanguage":"sk-SK"},{"@type":"Organization","@id":"https:\/\/pmza.sk\/#organization","name":"Pova\u017esk\u00e9 m\u00fazeum","url":"https:\/\/pmza.sk\/","logo":{"@type":"ImageObject","inLanguage":"sk-SK","@id":"https:\/\/pmza.sk\/#\/schema\/logo\/image\/","url":"https:\/\/pmza.sk\/wp-content\/uploads\/2022\/01\/logo_PM_horizontal.jpg","contentUrl":"https:\/\/pmza.sk\/wp-content\/uploads\/2022\/01\/logo_PM_horizontal.jpg","width":231,"height":142,"caption":"Pova\u017esk\u00e9 m\u00fazeum"},"image":{"@id":"https:\/\/pmza.sk\/#\/schema\/logo\/image\/"},"sameAs":["https:\/\/www.facebook.com\/povazskemuzeum","https:\/\/www.instagram.com\/povazskemuzeum\/"]},{"@type":"Person","@id":"https:\/\/pmza.sk\/#\/schema\/person\/595e6a2ce731ea94dcd5d7f50a41ae33","name":"Pova\u017esk\u00e9 m\u00fazeum","image":{"@type":"ImageObject","inLanguage":"sk-SK","@id":"https:\/\/secure.gravatar.com\/avatar\/2bb7f1561282132fb5826dfeccc66c7996d11ee392ac6aaf7ced8a1c2027fbb2?s=96&d=mm&r=g","url":"https:\/\/secure.gravatar.com\/avatar\/2bb7f1561282132fb5826dfeccc66c7996d11ee392ac6aaf7ced8a1c2027fbb2?s=96&d=mm&r=g","contentUrl":"https:\/\/secure.gravatar.com\/avatar\/2bb7f1561282132fb5826dfeccc66c7996d11ee392ac6aaf7ced8a1c2027fbb2?s=96&d=mm&r=g","caption":"Pova\u017esk\u00e9 m\u00fazeum"}}]}},"_links":{"self":[{"href":"https:\/\/pmza.sk\/index.php?rest_route=\/wp\/v2\/posts\/65688","targetHints":{"allow":["GET"]}}],"collection":[{"href":"https:\/\/pmza.sk\/index.php?rest_route=\/wp\/v2\/posts"}],"about":[{"href":"https:\/\/pmza.sk\/index.php?rest_route=\/wp\/v2\/types\/post"}],"author":[{"embeddable":true,"href":"https:\/\/pmza.sk\/index.php?rest_route=\/wp\/v2\/users\/2"}],"replies":[{"embeddable":true,"href":"https:\/\/pmza.sk\/index.php?rest_route=%2Fwp%2Fv2%2Fcomments&post=65688"}],"version-history":[{"count":0,"href":"https:\/\/pmza.sk\/index.php?rest_route=\/wp\/v2\/posts\/65688\/revisions"}],"wp:featuredmedia":[{"embeddable":true,"href":"https:\/\/pmza.sk\/index.php?rest_route=\/wp\/v2\/media\/65692"}],"wp:attachment":[{"href":"https:\/\/pmza.sk\/index.php?rest_route=%2Fwp%2Fv2%2Fmedia&parent=65688"}],"wp:term":[{"taxonomy":"category","embeddable":true,"href":"https:\/\/pmza.sk\/index.php?rest_route=%2Fwp%2Fv2%2Fcategories&post=65688"},{"taxonomy":"post_tag","embeddable":true,"href":"https:\/\/pmza.sk\/index.php?rest_route=%2Fwp%2Fv2%2Ftags&post=65688"}],"curies":[{"name":"wp","href":"https:\/\/api.w.org\/{rel}","templated":true}]}}