{"id":6611,"date":"2012-12-06T15:54:59","date_gmt":"2012-12-06T14:54:59","guid":{"rendered":"https:\/\/pmza.sk.sk\/?p=6611"},"modified":"2012-12-06T15:54:59","modified_gmt":"2012-12-06T14:54:59","slug":"betlehemske-svetlo-opat-na-hrade-strecno","status":"publish","type":"post","link":"https:\/\/pmza.sk\/?p=6611","title":{"rendered":"Betlehemsk\u00e9 svetlo op\u00e4\u0165 na hrade Stre\u010dno"},"content":{"rendered":"<p><a href=\"https:\/\/pmza.sk\/wp-content\/uploads\/2012\/12\/Vianocny-vystup-na-hrad-Strecno-2012.jpg\"><img fetchpriority=\"high\" decoding=\"async\" class=\"alignleft size-full wp-image-6612\" style=\"margin: 4px; border: 2px solid black;\" title=\"Viano\u010dn\u00fd v\u00fdstup na hrad Stre\u010dno 2012\" src=\"https:\/\/pmza.sk\/wp-content\/uploads\/2012\/12\/Vianocny-vystup-na-hrad-Strecno-2012.jpg\" alt=\"\" width=\"309\" height=\"207\" srcset=\"https:\/\/pmza.sk\/wp-content\/uploads\/2012\/12\/Vianocny-vystup-na-hrad-Strecno-2012.jpg 640w, https:\/\/pmza.sk\/wp-content\/uploads\/2012\/12\/Vianocny-vystup-na-hrad-Strecno-2012-600x400.jpg 600w, https:\/\/pmza.sk\/wp-content\/uploads\/2012\/12\/Vianocny-vystup-na-hrad-Strecno-2012-540x360.jpg 540w\" sizes=\"(max-width: 309px) 100vw, 309px\" \/><\/a>Hrad Stre\u010dno u\u017e po \u0161tvrt\u00fd rok v\u00fdnimo\u010dne otvor\u00ed svoje br\u00e1ny aj v decembri. Podujatie Viano\u010dn\u00fd v\u00fdstup na hrad Stre\u010dno, ktor\u00e9 sa uskuto\u010dn\u00ed v nede\u013eu 16. decembra 2012, op\u00e4\u0165 prinesie do priestorov stredovek\u00e9ho hradu viac tepla, spevu a hudby.\u00a0<em>\u201eViano\u010dn\u00fd v\u00fdstup je najm\u00e4 o pr\u00edjemne str\u00e1venom \u010dase v pokojnej zimnej atmosf\u00e9re. Radi sa po kr\u00e1tkej prest\u00e1vke op\u00e4\u0165 na chv\u00ed\u013eu stret\u00e1vame s na\u0161imi vern\u00fdmi n\u00e1v\u0161tevn\u00edkmi a spolu si pri teplom viano\u010dnom \u010daji a viano\u010dn\u00fdch dobrot\u00e1ch vychutn\u00e1vame v\u00fdnimo\u010dn\u00e9 prostredie zimn\u00e9ho hradu<\/em>,\u201c uviedla Katar\u00edna Rep\u00e1\u0148ov\u00e1, spr\u00e1vky\u0148a hradu Stre\u010dno.<!--more-->Tak ako minul\u00fd rok, aj po\u010das tohtoro\u010dn\u00e9ho v\u00fdstupu si n\u00e1v\u0161tevn\u00edci bud\u00fa m\u00f4c\u0165 z\u00a0hradu odnies\u0165 Betlehemsk\u00e9 svetlo. Plamienok poch\u00e1dzaj\u00faci priamo z miesta narodenia Je\u017ei\u0161a Krista sl\u00e1vnostne priv\u00edtaj\u00fa na Slovensku skauti, ktor\u00ed ho odovzdaj\u00fa do r\u00fak slovenskej verejnosti v nede\u013eu 16. decembra 2012 po\u010das sv. om\u0161e v meste Svit. D\u0148a 22. decembra ho doru\u010dia po dvadsiatich hlavn\u00fdch i ved\u013eaj\u0161\u00edch \u017eelezni\u010dn\u00fdch tratiach do 300 miest a\u00a0obc\u00ed. Pova\u017esk\u00e9 m\u00fazeum v\u00a0\u017diline \u010fakuje Slovensk\u00e9mu skautingu za\u00a0 pr\u00edle\u017eitos\u0165 z\u00edska\u0165 Betlehemsk\u00e9 svetlo v\u00a0predstihu, pr\u00e1ve v\u00a0de\u0148 konania podujatia.<\/p>\n<p>Tematick\u00e1 prezent\u00e1cia betlehemov zo zbierkov\u00e9ho fondu etnol\u00f3gie bude mil\u00fdm spestren\u00edm prehliadky hradu a\u00a0predstav\u00ed n\u00e1v\u0161tevn\u00edkom mal\u00fa \u010das\u0165 bohat\u00e9ho zbierkov\u00e9ho fondu Pova\u017esk\u00e9ho m\u00fazea v\u00a0\u017diline. Hudobn\u00fd program u\u017e tradi\u010dne zabezpe\u010d\u00ed spev\u00e1cka skupina Zvonica zo Stre\u010dna s viano\u010dn\u00fdm zvykoslov\u00edm a koledami o\u00a011.00 a\u00a013.00 hod.\u00a0<em> \u201eT\u00fdmto viano\u010dn\u00fdm programom\u00a0 sa chceme po\u010fakova\u0165 v\u0161etk\u00fdm n\u00e1v\u0161tevn\u00edkom, ktor\u00ed pravidelne nav\u0161tevovali hrad Stre\u010dno a\u00a0pre ktor\u00fdch sme sa po\u010das cel\u00e9ho roka sna\u017eili zabezpe\u010di\u0165 pekn\u00e9 podujatia a\u00a0kvalitn\u00e9 slu\u017eby,&#8220; <\/em>dodala na z\u00e1ver Katar\u00edna Rep\u00e1\u0148ov\u00e1, spr\u00e1vky\u0148a hradu.<br \/>\nOrganiz\u00e1torom 4. ro\u010dn\u00edka Viano\u010dn\u00e9ho v\u00fdstupu na hrad Stre\u010dno v nede\u013eu 16. decembra 2012 od 10.00 hod. do 15.00 hod. je \u017dilinsk\u00fd samospr\u00e1vny kraj a Pova\u017esk\u00e9 m\u00fazeum v \u017diline.<\/p>\n","protected":false},"excerpt":{"rendered":"<p>Hrad Stre\u010dno u\u017e po \u0161tvrt\u00fd rok v\u00fdnimo\u010dne otvor\u00ed svoje br\u00e1ny aj v decembri. Podujatie Viano\u010dn\u00fd v\u00fdstup na hrad Stre\u010dno, ktor\u00e9 sa uskuto\u010dn\u00ed v nede\u013eu 16. decembra 2012, op\u00e4\u0165 prinesie do priestorov stredovek\u00e9ho hradu viac tepla, spevu a hudby.\u00a0\u201eViano\u010dn\u00fd v\u00fdstup je najm\u00e4 o pr\u00edjemne str\u00e1venom \u010dase v pokojnej zimnej atmosf\u00e9re. Radi sa po kr\u00e1tkej prest\u00e1vke op\u00e4\u0165 [&hellip;]<\/p>\n","protected":false},"author":2,"featured_media":0,"comment_status":"closed","ping_status":"closed","sticky":false,"template":"","format":"standard","meta":{"site-sidebar-layout":"default","site-content-layout":"","ast-site-content-layout":"","site-content-style":"default","site-sidebar-style":"default","ast-global-header-display":"","ast-banner-title-visibility":"","ast-main-header-display":"","ast-hfb-above-header-display":"","ast-hfb-below-header-display":"","ast-hfb-mobile-header-display":"","site-post-title":"","ast-breadcrumbs-content":"","ast-featured-img":"","footer-sml-layout":"","theme-transparent-header-meta":"","adv-header-id-meta":"","stick-header-meta":"","header-above-stick-meta":"","header-main-stick-meta":"","header-below-stick-meta":"","astra-migrate-meta-layouts":"default","ast-page-background-enabled":"default","ast-page-background-meta":{"desktop":{"background-color":"var(--ast-global-color-4)","background-image":"","background-repeat":"repeat","background-position":"center center","background-size":"auto","background-attachment":"scroll","background-type":"","background-media":"","overlay-type":"","overlay-color":"","overlay-opacity":"","overlay-gradient":""},"tablet":{"background-color":"","background-image":"","background-repeat":"repeat","background-position":"center center","background-size":"auto","background-attachment":"scroll","background-type":"","background-media":"","overlay-type":"","overlay-color":"","overlay-opacity":"","overlay-gradient":""},"mobile":{"background-color":"","background-image":"","background-repeat":"repeat","background-position":"center center","background-size":"auto","background-attachment":"scroll","background-type":"","background-media":"","overlay-type":"","overlay-color":"","overlay-opacity":"","overlay-gradient":""}},"ast-content-background-meta":{"desktop":{"background-color":"var(--ast-global-color-5)","background-image":"","background-repeat":"repeat","background-position":"center center","background-size":"auto","background-attachment":"scroll","background-type":"","background-media":"","overlay-type":"","overlay-color":"","overlay-opacity":"","overlay-gradient":""},"tablet":{"background-color":"var(--ast-global-color-5)","background-image":"","background-repeat":"repeat","background-position":"center center","background-size":"auto","background-attachment":"scroll","background-type":"","background-media":"","overlay-type":"","overlay-color":"","overlay-opacity":"","overlay-gradient":""},"mobile":{"background-color":"var(--ast-global-color-5)","background-image":"","background-repeat":"repeat","background-position":"center center","background-size":"auto","background-attachment":"scroll","background-type":"","background-media":"","overlay-type":"","overlay-color":"","overlay-opacity":"","overlay-gradient":""}},"footnotes":""},"categories":[32],"tags":[],"class_list":["post-6611","post","type-post","status-publish","format-standard","hentry","category-archiv-2012"],"yoast_head":"<!-- This site is optimized with the Yoast SEO plugin v27.4 - https:\/\/yoast.com\/product\/yoast-seo-wordpress\/ -->\n<title>Betlehemsk\u00e9 svetlo op\u00e4\u0165 na hrade Stre\u010dno - Pova\u017esk\u00e9 m\u00fazeum<\/title>\n<meta name=\"robots\" content=\"index, follow, max-snippet:-1, max-image-preview:large, max-video-preview:-1\" \/>\n<link rel=\"canonical\" href=\"https:\/\/pmza.sk\/?p=6611\" \/>\n<meta property=\"og:locale\" content=\"sk_SK\" \/>\n<meta property=\"og:type\" content=\"article\" \/>\n<meta property=\"og:title\" content=\"Betlehemsk\u00e9 svetlo op\u00e4\u0165 na hrade Stre\u010dno - Pova\u017esk\u00e9 m\u00fazeum\" \/>\n<meta property=\"og:description\" content=\"Hrad Stre\u010dno u\u017e po \u0161tvrt\u00fd rok v\u00fdnimo\u010dne otvor\u00ed svoje br\u00e1ny aj v decembri. Podujatie Viano\u010dn\u00fd v\u00fdstup na hrad Stre\u010dno, ktor\u00e9 sa uskuto\u010dn\u00ed v nede\u013eu 16. decembra 2012, op\u00e4\u0165 prinesie do priestorov stredovek\u00e9ho hradu viac tepla, spevu a hudby.\u00a0\u201eViano\u010dn\u00fd v\u00fdstup je najm\u00e4 o pr\u00edjemne str\u00e1venom \u010dase v pokojnej zimnej atmosf\u00e9re. Radi sa po kr\u00e1tkej prest\u00e1vke op\u00e4\u0165 [&hellip;]\" \/>\n<meta property=\"og:url\" content=\"https:\/\/pmza.sk\/?p=6611\" \/>\n<meta property=\"og:site_name\" content=\"Pova\u017esk\u00e9 m\u00fazeum\" \/>\n<meta property=\"article:publisher\" content=\"https:\/\/www.facebook.com\/povazskemuzeum\" \/>\n<meta property=\"article:published_time\" content=\"2012-12-06T14:54:59+00:00\" \/>\n<meta property=\"og:image\" content=\"https:\/\/pmza.sk\/wp-content\/uploads\/2012\/12\/Vianocny-vystup-na-hrad-Strecno-2012.jpg\" \/>\n<meta name=\"author\" content=\"Pova\u017esk\u00e9 m\u00fazeum\" \/>\n<meta name=\"twitter:card\" content=\"summary_large_image\" \/>\n<meta name=\"twitter:label1\" content=\"Autor\" \/>\n\t<meta name=\"twitter:data1\" content=\"Pova\u017esk\u00e9 m\u00fazeum\" \/>\n\t<meta name=\"twitter:label2\" content=\"Predpokladan\u00fd \u010das \u010d\u00edtania\" \/>\n\t<meta name=\"twitter:data2\" content=\"2 min\u00faty\" \/>\n<script type=\"application\/ld+json\" class=\"yoast-schema-graph\">{\"@context\":\"https:\\\/\\\/schema.org\",\"@graph\":[{\"@type\":\"Article\",\"@id\":\"https:\\\/\\\/pmza.sk\\\/?p=6611#article\",\"isPartOf\":{\"@id\":\"https:\\\/\\\/pmza.sk\\\/?p=6611\"},\"author\":{\"name\":\"Pova\u017esk\u00e9 m\u00fazeum\",\"@id\":\"https:\\\/\\\/pmza.sk\\\/#\\\/schema\\\/person\\\/595e6a2ce731ea94dcd5d7f50a41ae33\"},\"headline\":\"Betlehemsk\u00e9 svetlo op\u00e4\u0165 na hrade Stre\u010dno\",\"datePublished\":\"2012-12-06T14:54:59+00:00\",\"mainEntityOfPage\":{\"@id\":\"https:\\\/\\\/pmza.sk\\\/?p=6611\"},\"wordCount\":390,\"publisher\":{\"@id\":\"https:\\\/\\\/pmza.sk\\\/#organization\"},\"image\":{\"@id\":\"https:\\\/\\\/pmza.sk\\\/?p=6611#primaryimage\"},\"thumbnailUrl\":\"http:\\\/\\\/pmza.sk\\\/wp-content\\\/uploads\\\/2012\\\/12\\\/Vianocny-vystup-na-hrad-Strecno-2012.jpg\",\"articleSection\":[\"Arch\u00edv 2012\"],\"inLanguage\":\"sk-SK\"},{\"@type\":\"WebPage\",\"@id\":\"https:\\\/\\\/pmza.sk\\\/?p=6611\",\"url\":\"https:\\\/\\\/pmza.sk\\\/?p=6611\",\"name\":\"Betlehemsk\u00e9 svetlo op\u00e4\u0165 na hrade Stre\u010dno - Pova\u017esk\u00e9 m\u00fazeum\",\"isPartOf\":{\"@id\":\"https:\\\/\\\/pmza.sk\\\/#website\"},\"primaryImageOfPage\":{\"@id\":\"https:\\\/\\\/pmza.sk\\\/?p=6611#primaryimage\"},\"image\":{\"@id\":\"https:\\\/\\\/pmza.sk\\\/?p=6611#primaryimage\"},\"thumbnailUrl\":\"http:\\\/\\\/pmza.sk\\\/wp-content\\\/uploads\\\/2012\\\/12\\\/Vianocny-vystup-na-hrad-Strecno-2012.jpg\",\"datePublished\":\"2012-12-06T14:54:59+00:00\",\"breadcrumb\":{\"@id\":\"https:\\\/\\\/pmza.sk\\\/?p=6611#breadcrumb\"},\"inLanguage\":\"sk-SK\",\"potentialAction\":[{\"@type\":\"ReadAction\",\"target\":[\"https:\\\/\\\/pmza.sk\\\/?p=6611\"]}]},{\"@type\":\"ImageObject\",\"inLanguage\":\"sk-SK\",\"@id\":\"https:\\\/\\\/pmza.sk\\\/?p=6611#primaryimage\",\"url\":\"https:\\\/\\\/pmza.sk\\\/wp-content\\\/uploads\\\/2012\\\/12\\\/Vianocny-vystup-na-hrad-Strecno-2012.jpg\",\"contentUrl\":\"https:\\\/\\\/pmza.sk\\\/wp-content\\\/uploads\\\/2012\\\/12\\\/Vianocny-vystup-na-hrad-Strecno-2012.jpg\",\"width\":640,\"height\":427},{\"@type\":\"BreadcrumbList\",\"@id\":\"https:\\\/\\\/pmza.sk\\\/?p=6611#breadcrumb\",\"itemListElement\":[{\"@type\":\"ListItem\",\"position\":1,\"name\":\"Domovsk\u00e1 str\u00e1nka\",\"item\":\"https:\\\/\\\/pmza.sk\\\/\"},{\"@type\":\"ListItem\",\"position\":2,\"name\":\"Betlehemsk\u00e9 svetlo op\u00e4\u0165 na hrade Stre\u010dno\"}]},{\"@type\":\"WebSite\",\"@id\":\"https:\\\/\\\/pmza.sk\\\/#website\",\"url\":\"https:\\\/\\\/pmza.sk\\\/\",\"name\":\"Pova\u017esk\u00e9 m\u00fazeum\",\"description\":\"Pova\u017esk\u00e9 m\u00fazeum v \u017diline je region\u00e1lne m\u00fazeum so s\u00eddlom v Budat\u00edne. Jeho expoz\u00edcie s\u00fa zameran\u00e9 na dejiny slovensk\u00e9ho umenia, kult\u00fary a dopravy.\",\"publisher\":{\"@id\":\"https:\\\/\\\/pmza.sk\\\/#organization\"},\"potentialAction\":[{\"@type\":\"SearchAction\",\"target\":{\"@type\":\"EntryPoint\",\"urlTemplate\":\"https:\\\/\\\/pmza.sk\\\/?s={search_term_string}\"},\"query-input\":{\"@type\":\"PropertyValueSpecification\",\"valueRequired\":true,\"valueName\":\"search_term_string\"}}],\"inLanguage\":\"sk-SK\"},{\"@type\":\"Organization\",\"@id\":\"https:\\\/\\\/pmza.sk\\\/#organization\",\"name\":\"Pova\u017esk\u00e9 m\u00fazeum\",\"url\":\"https:\\\/\\\/pmza.sk\\\/\",\"logo\":{\"@type\":\"ImageObject\",\"inLanguage\":\"sk-SK\",\"@id\":\"https:\\\/\\\/pmza.sk\\\/#\\\/schema\\\/logo\\\/image\\\/\",\"url\":\"https:\\\/\\\/pmza.sk\\\/wp-content\\\/uploads\\\/2022\\\/01\\\/logo_PM_horizontal.jpg\",\"contentUrl\":\"https:\\\/\\\/pmza.sk\\\/wp-content\\\/uploads\\\/2022\\\/01\\\/logo_PM_horizontal.jpg\",\"width\":231,\"height\":142,\"caption\":\"Pova\u017esk\u00e9 m\u00fazeum\"},\"image\":{\"@id\":\"https:\\\/\\\/pmza.sk\\\/#\\\/schema\\\/logo\\\/image\\\/\"},\"sameAs\":[\"https:\\\/\\\/www.facebook.com\\\/povazskemuzeum\",\"https:\\\/\\\/www.instagram.com\\\/povazskemuzeum\\\/\"]},{\"@type\":\"Person\",\"@id\":\"https:\\\/\\\/pmza.sk\\\/#\\\/schema\\\/person\\\/595e6a2ce731ea94dcd5d7f50a41ae33\",\"name\":\"Pova\u017esk\u00e9 m\u00fazeum\",\"image\":{\"@type\":\"ImageObject\",\"inLanguage\":\"sk-SK\",\"@id\":\"https:\\\/\\\/secure.gravatar.com\\\/avatar\\\/2bb7f1561282132fb5826dfeccc66c7996d11ee392ac6aaf7ced8a1c2027fbb2?s=96&d=mm&r=g\",\"url\":\"https:\\\/\\\/secure.gravatar.com\\\/avatar\\\/2bb7f1561282132fb5826dfeccc66c7996d11ee392ac6aaf7ced8a1c2027fbb2?s=96&d=mm&r=g\",\"contentUrl\":\"https:\\\/\\\/secure.gravatar.com\\\/avatar\\\/2bb7f1561282132fb5826dfeccc66c7996d11ee392ac6aaf7ced8a1c2027fbb2?s=96&d=mm&r=g\",\"caption\":\"Pova\u017esk\u00e9 m\u00fazeum\"}}]}<\/script>\n<!-- \/ Yoast SEO plugin. -->","yoast_head_json":{"title":"Betlehemsk\u00e9 svetlo op\u00e4\u0165 na hrade Stre\u010dno - Pova\u017esk\u00e9 m\u00fazeum","robots":{"index":"index","follow":"follow","max-snippet":"max-snippet:-1","max-image-preview":"max-image-preview:large","max-video-preview":"max-video-preview:-1"},"canonical":"https:\/\/pmza.sk\/?p=6611","og_locale":"sk_SK","og_type":"article","og_title":"Betlehemsk\u00e9 svetlo op\u00e4\u0165 na hrade Stre\u010dno - Pova\u017esk\u00e9 m\u00fazeum","og_description":"Hrad Stre\u010dno u\u017e po \u0161tvrt\u00fd rok v\u00fdnimo\u010dne otvor\u00ed svoje br\u00e1ny aj v decembri. Podujatie Viano\u010dn\u00fd v\u00fdstup na hrad Stre\u010dno, ktor\u00e9 sa uskuto\u010dn\u00ed v nede\u013eu 16. decembra 2012, op\u00e4\u0165 prinesie do priestorov stredovek\u00e9ho hradu viac tepla, spevu a hudby.\u00a0\u201eViano\u010dn\u00fd v\u00fdstup je najm\u00e4 o pr\u00edjemne str\u00e1venom \u010dase v pokojnej zimnej atmosf\u00e9re. Radi sa po kr\u00e1tkej prest\u00e1vke op\u00e4\u0165 [&hellip;]","og_url":"https:\/\/pmza.sk\/?p=6611","og_site_name":"Pova\u017esk\u00e9 m\u00fazeum","article_publisher":"https:\/\/www.facebook.com\/povazskemuzeum","article_published_time":"2012-12-06T14:54:59+00:00","og_image":[{"url":"https:\/\/pmza.sk\/wp-content\/uploads\/2012\/12\/Vianocny-vystup-na-hrad-Strecno-2012.jpg","type":"","width":"","height":""}],"author":"Pova\u017esk\u00e9 m\u00fazeum","twitter_card":"summary_large_image","twitter_misc":{"Autor":"Pova\u017esk\u00e9 m\u00fazeum","Predpokladan\u00fd \u010das \u010d\u00edtania":"2 min\u00faty"},"schema":{"@context":"https:\/\/schema.org","@graph":[{"@type":"Article","@id":"https:\/\/pmza.sk\/?p=6611#article","isPartOf":{"@id":"https:\/\/pmza.sk\/?p=6611"},"author":{"name":"Pova\u017esk\u00e9 m\u00fazeum","@id":"https:\/\/pmza.sk\/#\/schema\/person\/595e6a2ce731ea94dcd5d7f50a41ae33"},"headline":"Betlehemsk\u00e9 svetlo op\u00e4\u0165 na hrade Stre\u010dno","datePublished":"2012-12-06T14:54:59+00:00","mainEntityOfPage":{"@id":"https:\/\/pmza.sk\/?p=6611"},"wordCount":390,"publisher":{"@id":"https:\/\/pmza.sk\/#organization"},"image":{"@id":"https:\/\/pmza.sk\/?p=6611#primaryimage"},"thumbnailUrl":"https:\/\/pmza.sk\/wp-content\/uploads\/2012\/12\/Vianocny-vystup-na-hrad-Strecno-2012.jpg","articleSection":["Arch\u00edv 2012"],"inLanguage":"sk-SK"},{"@type":"WebPage","@id":"https:\/\/pmza.sk\/?p=6611","url":"https:\/\/pmza.sk\/?p=6611","name":"Betlehemsk\u00e9 svetlo op\u00e4\u0165 na hrade Stre\u010dno - Pova\u017esk\u00e9 m\u00fazeum","isPartOf":{"@id":"https:\/\/pmza.sk\/#website"},"primaryImageOfPage":{"@id":"https:\/\/pmza.sk\/?p=6611#primaryimage"},"image":{"@id":"https:\/\/pmza.sk\/?p=6611#primaryimage"},"thumbnailUrl":"https:\/\/pmza.sk\/wp-content\/uploads\/2012\/12\/Vianocny-vystup-na-hrad-Strecno-2012.jpg","datePublished":"2012-12-06T14:54:59+00:00","breadcrumb":{"@id":"https:\/\/pmza.sk\/?p=6611#breadcrumb"},"inLanguage":"sk-SK","potentialAction":[{"@type":"ReadAction","target":["https:\/\/pmza.sk\/?p=6611"]}]},{"@type":"ImageObject","inLanguage":"sk-SK","@id":"https:\/\/pmza.sk\/?p=6611#primaryimage","url":"https:\/\/pmza.sk\/wp-content\/uploads\/2012\/12\/Vianocny-vystup-na-hrad-Strecno-2012.jpg","contentUrl":"https:\/\/pmza.sk\/wp-content\/uploads\/2012\/12\/Vianocny-vystup-na-hrad-Strecno-2012.jpg","width":640,"height":427},{"@type":"BreadcrumbList","@id":"https:\/\/pmza.sk\/?p=6611#breadcrumb","itemListElement":[{"@type":"ListItem","position":1,"name":"Domovsk\u00e1 str\u00e1nka","item":"https:\/\/pmza.sk\/"},{"@type":"ListItem","position":2,"name":"Betlehemsk\u00e9 svetlo op\u00e4\u0165 na hrade Stre\u010dno"}]},{"@type":"WebSite","@id":"https:\/\/pmza.sk\/#website","url":"https:\/\/pmza.sk\/","name":"Pova\u017esk\u00e9 m\u00fazeum","description":"Pova\u017esk\u00e9 m\u00fazeum v \u017diline je region\u00e1lne m\u00fazeum so s\u00eddlom v Budat\u00edne. Jeho expoz\u00edcie s\u00fa zameran\u00e9 na dejiny slovensk\u00e9ho umenia, kult\u00fary a dopravy.","publisher":{"@id":"https:\/\/pmza.sk\/#organization"},"potentialAction":[{"@type":"SearchAction","target":{"@type":"EntryPoint","urlTemplate":"https:\/\/pmza.sk\/?s={search_term_string}"},"query-input":{"@type":"PropertyValueSpecification","valueRequired":true,"valueName":"search_term_string"}}],"inLanguage":"sk-SK"},{"@type":"Organization","@id":"https:\/\/pmza.sk\/#organization","name":"Pova\u017esk\u00e9 m\u00fazeum","url":"https:\/\/pmza.sk\/","logo":{"@type":"ImageObject","inLanguage":"sk-SK","@id":"https:\/\/pmza.sk\/#\/schema\/logo\/image\/","url":"https:\/\/pmza.sk\/wp-content\/uploads\/2022\/01\/logo_PM_horizontal.jpg","contentUrl":"https:\/\/pmza.sk\/wp-content\/uploads\/2022\/01\/logo_PM_horizontal.jpg","width":231,"height":142,"caption":"Pova\u017esk\u00e9 m\u00fazeum"},"image":{"@id":"https:\/\/pmza.sk\/#\/schema\/logo\/image\/"},"sameAs":["https:\/\/www.facebook.com\/povazskemuzeum","https:\/\/www.instagram.com\/povazskemuzeum\/"]},{"@type":"Person","@id":"https:\/\/pmza.sk\/#\/schema\/person\/595e6a2ce731ea94dcd5d7f50a41ae33","name":"Pova\u017esk\u00e9 m\u00fazeum","image":{"@type":"ImageObject","inLanguage":"sk-SK","@id":"https:\/\/secure.gravatar.com\/avatar\/2bb7f1561282132fb5826dfeccc66c7996d11ee392ac6aaf7ced8a1c2027fbb2?s=96&d=mm&r=g","url":"https:\/\/secure.gravatar.com\/avatar\/2bb7f1561282132fb5826dfeccc66c7996d11ee392ac6aaf7ced8a1c2027fbb2?s=96&d=mm&r=g","contentUrl":"https:\/\/secure.gravatar.com\/avatar\/2bb7f1561282132fb5826dfeccc66c7996d11ee392ac6aaf7ced8a1c2027fbb2?s=96&d=mm&r=g","caption":"Pova\u017esk\u00e9 m\u00fazeum"}}]}},"_links":{"self":[{"href":"https:\/\/pmza.sk\/index.php?rest_route=\/wp\/v2\/posts\/6611","targetHints":{"allow":["GET"]}}],"collection":[{"href":"https:\/\/pmza.sk\/index.php?rest_route=\/wp\/v2\/posts"}],"about":[{"href":"https:\/\/pmza.sk\/index.php?rest_route=\/wp\/v2\/types\/post"}],"author":[{"embeddable":true,"href":"https:\/\/pmza.sk\/index.php?rest_route=\/wp\/v2\/users\/2"}],"replies":[{"embeddable":true,"href":"https:\/\/pmza.sk\/index.php?rest_route=%2Fwp%2Fv2%2Fcomments&post=6611"}],"version-history":[{"count":0,"href":"https:\/\/pmza.sk\/index.php?rest_route=\/wp\/v2\/posts\/6611\/revisions"}],"wp:attachment":[{"href":"https:\/\/pmza.sk\/index.php?rest_route=%2Fwp%2Fv2%2Fmedia&parent=6611"}],"wp:term":[{"taxonomy":"category","embeddable":true,"href":"https:\/\/pmza.sk\/index.php?rest_route=%2Fwp%2Fv2%2Fcategories&post=6611"},{"taxonomy":"post_tag","embeddable":true,"href":"https:\/\/pmza.sk\/index.php?rest_route=%2Fwp%2Fv2%2Ftags&post=6611"}],"curies":[{"name":"wp","href":"https:\/\/api.w.org\/{rel}","templated":true}]}}