{"id":6616,"date":"2012-12-07T09:12:12","date_gmt":"2012-12-07T08:12:12","guid":{"rendered":"https:\/\/pmza.sk.sk\/?p=6616"},"modified":"2012-12-07T09:12:12","modified_gmt":"2012-12-07T08:12:12","slug":"drotari-na-vandrovke-vo-frydku-mistku","status":"publish","type":"post","link":"https:\/\/pmza.sk\/?p=6616","title":{"rendered":"Drot\u00e1ri na vandrovke vo Fr\u00fddku-M\u00edstku"},"content":{"rendered":"<p><strong><\/strong><a href=\"https:\/\/pmza.sk\/wp-content\/uploads\/2012\/12\/drotar.jpg\"><img fetchpriority=\"high\" decoding=\"async\" class=\"alignleft size-full wp-image-6619\" style=\"margin: 4px; border: 2px solid black;\" title=\"drot\u00e1r\" src=\"https:\/\/pmza.sk\/wp-content\/uploads\/2012\/12\/drotar.jpg\" alt=\"\" width=\"297\" height=\"441\" \/><\/a>V\u00fdstava Ke\u010f sa drot\u00e1r narodil, ktor\u00e1 sa u\u017e nieko\u013eko mesiacov te\u0161\u00ed ve\u013ekej pozornosti a ob\u013eube u m\u00fazejn\u00e9ho publika, sa op\u00e4\u0165 predstav\u00ed v\u00a0jednom z\u00a0partnersk\u00fdch m\u00faze\u00ed Pova\u017esk\u00e9ho m\u00fazea v\u00a0\u017diline. Po jej uveden\u00ed v\u00a0Kysuckom m\u00fazeu v\u00a0\u010cadci, bude u\u017e 13. decembra 2012 sl\u00e1vnostne otvoren\u00e1 v\u00a0M\u00fazeu Beskyd vo Fr\u00fddku-M\u00edstku, tentokr\u00e1t pod n\u00e1zvom <strong>Dr\u00e1ten\u00edci<\/strong>. <em><\/em><br \/>\n,,<em>Reprezentat\u00edvna v\u00fdstava Dr\u00e1ten\u00edci predstavuje n\u00e1v\u0161tevn\u00edkom M\u00fazea Beskyd vo Fr\u00fddku-M\u00edstku dejiny a \u0161pecifick\u00e9 oby\u010daje najtypickej\u0161ieho slovensk\u00e9ho \u013eudov\u00e9ho remesla \u2013 drot\u00e1rstva. Jej \u00favodn\u00e1 \u010das\u0165 prin\u00e1\u0161a prostredn\u00edctvom bohat\u00e9ho autentick\u00e9ho fotografick\u00e9ho materi\u00e1lu i\u00a0pestrej palety \u00fa\u017eitkov\u00fdch a\u00a0umeleck\u00fdch predmetov z\u00a0dr\u00f4tu a\u00a0plechu z\u00e1kladn\u00e9 inform\u00e1cie o\u00a0historickom v\u00fdvoji remesla i jeho\u00a0nezvykl\u00fdch materi\u00e1lnych prejavoch. Jadrom v\u00fdstavy je netradi\u010dn\u00fd, no mimoriadne\u00a0zauj\u00edmav\u00fd poh\u013ead na vandrovn\u00fdch drot\u00e1rov a ich rodiny cez dnes u\u017e takmer zabudnut\u00e9 \u0161pecifick\u00e9 zvyky, praktizovan\u00e9 najm\u00e4 v\u00a0po\u010diatkoch remesla,\u201c <\/em>uviedla Mgr. Katar\u00edna Kendrov\u00e1, etnologi\u010dka drot\u00e1rstva Pova\u017esk\u00e9ho m\u00fazea v\u00a0\u017diline a\u00a0kur\u00e1torka v\u00fdstavy. <!--more-->V\u00fdstava je realizovan\u00e1 div\u00e1cky ve\u013emi pr\u00ed\u0165a\u017elivou formou na seba nadv\u00e4zuj\u00facich sc\u00e9nick\u00fdch obrazov, prestavuj\u00facich magick\u00e9 \u00fakony, ktor\u00e9 mali drot\u00e1rom zabezpe\u010di\u0165 prosperitu, zdravie,\u00a0\u00faspe\u0161n\u00fa vandrovku a \u0161\u0165astn\u00fd n\u00e1vrat domov. Dominuj\u00fa oby\u010dajov\u00e9 sc\u00e9ny spojen\u00e9 s\u00a0naroden\u00edm chlapca, s odchodom remeseln\u00edkov do sveta \u010di\u00a0s\u00a0prv\u00fdm d\u0148om drot\u00e1rky. <em>,,V\u00fdstava z\u00e1rove\u0148\u00a0pribli\u017euje ka\u017edodenn\u00fd \u017eivot drot\u00e1rov, ich odev, vybavenie i\u00a0charakteristick\u00e9 atrib\u00faty. V\u0161etci z\u00e1ujemcovia s\u00fa pozvan\u00ed\u00a0 na sl\u00e1vnostn\u00fa vernis\u00e1\u017e d\u0148a 13. decembra o\u00a017.00 hod. v\u00a0M\u00fazeu Beskyd vo Fr\u00fddku-M\u00edstku,\u201c<\/em> dodala Mgr. Katar\u00edna Hallonov\u00e1, histori\u010dka drot\u00e1rstva \u00a0Pova\u017esk\u00e9ho m\u00fazea v\u00a0\u017diline a\u00a0\u010fal\u0161ia kur\u00e1torka v\u00fdstavy.<\/p>\n<p>Organiz\u00e1tormi v\u00fdstavy Dr\u00e1ten\u00edci, ktor\u00e1 bude verejnosti spr\u00edstupnen\u00e1 od 13. decembra 2012 do 27. janu\u00e1ra 2013, s\u00fa M\u00fazeum Beskyd vo Fr\u00fddku-M\u00edstku, \u017dilinsk\u00fd samospr\u00e1vny kraj a\u00a0Pova\u017esk\u00e9 m\u00fazeum v\u00a0\u017diline. V\u00fdstava je realizovan\u00e1 v r\u00e1mci projektu cezhrani\u010dnej spolupr\u00e1ce \u010cR-SR 2007\/2013 <strong>Stredoeur\u00f3psky most Stre\u010dno \u2013 Hukvaldy. <\/strong><\/p>\n","protected":false},"excerpt":{"rendered":"<p>V\u00fdstava Ke\u010f sa drot\u00e1r narodil, ktor\u00e1 sa u\u017e nieko\u013eko mesiacov te\u0161\u00ed ve\u013ekej pozornosti a ob\u013eube u m\u00fazejn\u00e9ho publika, sa op\u00e4\u0165 predstav\u00ed v\u00a0jednom z\u00a0partnersk\u00fdch m\u00faze\u00ed Pova\u017esk\u00e9ho m\u00fazea v\u00a0\u017diline. Po jej uveden\u00ed v\u00a0Kysuckom m\u00fazeu v\u00a0\u010cadci, bude u\u017e 13. decembra 2012 sl\u00e1vnostne otvoren\u00e1 v\u00a0M\u00fazeu Beskyd vo Fr\u00fddku-M\u00edstku, tentokr\u00e1t pod n\u00e1zvom Dr\u00e1ten\u00edci. ,,Reprezentat\u00edvna v\u00fdstava Dr\u00e1ten\u00edci predstavuje n\u00e1v\u0161tevn\u00edkom M\u00fazea Beskyd [&hellip;]<\/p>\n","protected":false},"author":2,"featured_media":0,"comment_status":"closed","ping_status":"closed","sticky":false,"template":"","format":"standard","meta":{"site-sidebar-layout":"default","site-content-layout":"","ast-site-content-layout":"","site-content-style":"default","site-sidebar-style":"default","ast-global-header-display":"","ast-banner-title-visibility":"","ast-main-header-display":"","ast-hfb-above-header-display":"","ast-hfb-below-header-display":"","ast-hfb-mobile-header-display":"","site-post-title":"","ast-breadcrumbs-content":"","ast-featured-img":"","footer-sml-layout":"","theme-transparent-header-meta":"","adv-header-id-meta":"","stick-header-meta":"","header-above-stick-meta":"","header-main-stick-meta":"","header-below-stick-meta":"","astra-migrate-meta-layouts":"default","ast-page-background-enabled":"default","ast-page-background-meta":{"desktop":{"background-color":"var(--ast-global-color-4)","background-image":"","background-repeat":"repeat","background-position":"center center","background-size":"auto","background-attachment":"scroll","background-type":"","background-media":"","overlay-type":"","overlay-color":"","overlay-opacity":"","overlay-gradient":""},"tablet":{"background-color":"","background-image":"","background-repeat":"repeat","background-position":"center center","background-size":"auto","background-attachment":"scroll","background-type":"","background-media":"","overlay-type":"","overlay-color":"","overlay-opacity":"","overlay-gradient":""},"mobile":{"background-color":"","background-image":"","background-repeat":"repeat","background-position":"center center","background-size":"auto","background-attachment":"scroll","background-type":"","background-media":"","overlay-type":"","overlay-color":"","overlay-opacity":"","overlay-gradient":""}},"ast-content-background-meta":{"desktop":{"background-color":"var(--ast-global-color-5)","background-image":"","background-repeat":"repeat","background-position":"center center","background-size":"auto","background-attachment":"scroll","background-type":"","background-media":"","overlay-type":"","overlay-color":"","overlay-opacity":"","overlay-gradient":""},"tablet":{"background-color":"var(--ast-global-color-5)","background-image":"","background-repeat":"repeat","background-position":"center center","background-size":"auto","background-attachment":"scroll","background-type":"","background-media":"","overlay-type":"","overlay-color":"","overlay-opacity":"","overlay-gradient":""},"mobile":{"background-color":"var(--ast-global-color-5)","background-image":"","background-repeat":"repeat","background-position":"center center","background-size":"auto","background-attachment":"scroll","background-type":"","background-media":"","overlay-type":"","overlay-color":"","overlay-opacity":"","overlay-gradient":""}},"footnotes":""},"categories":[33],"tags":[],"class_list":["post-6616","post","type-post","status-publish","format-standard","hentry","category-archiv-2013"],"yoast_head":"<!-- This site is optimized with the Yoast SEO plugin v27.4 - https:\/\/yoast.com\/product\/yoast-seo-wordpress\/ -->\n<title>Drot\u00e1ri na vandrovke vo Fr\u00fddku-M\u00edstku - Pova\u017esk\u00e9 m\u00fazeum<\/title>\n<meta name=\"robots\" content=\"index, follow, max-snippet:-1, max-image-preview:large, max-video-preview:-1\" \/>\n<link rel=\"canonical\" href=\"https:\/\/pmza.sk\/?p=6616\" \/>\n<meta property=\"og:locale\" content=\"sk_SK\" \/>\n<meta property=\"og:type\" content=\"article\" \/>\n<meta property=\"og:title\" content=\"Drot\u00e1ri na vandrovke vo Fr\u00fddku-M\u00edstku - Pova\u017esk\u00e9 m\u00fazeum\" \/>\n<meta property=\"og:description\" content=\"V\u00fdstava Ke\u010f sa drot\u00e1r narodil, ktor\u00e1 sa u\u017e nieko\u013eko mesiacov te\u0161\u00ed ve\u013ekej pozornosti a ob\u013eube u m\u00fazejn\u00e9ho publika, sa op\u00e4\u0165 predstav\u00ed v\u00a0jednom z\u00a0partnersk\u00fdch m\u00faze\u00ed Pova\u017esk\u00e9ho m\u00fazea v\u00a0\u017diline. Po jej uveden\u00ed v\u00a0Kysuckom m\u00fazeu v\u00a0\u010cadci, bude u\u017e 13. decembra 2012 sl\u00e1vnostne otvoren\u00e1 v\u00a0M\u00fazeu Beskyd vo Fr\u00fddku-M\u00edstku, tentokr\u00e1t pod n\u00e1zvom Dr\u00e1ten\u00edci. ,,Reprezentat\u00edvna v\u00fdstava Dr\u00e1ten\u00edci predstavuje n\u00e1v\u0161tevn\u00edkom M\u00fazea Beskyd [&hellip;]\" \/>\n<meta property=\"og:url\" content=\"https:\/\/pmza.sk\/?p=6616\" \/>\n<meta property=\"og:site_name\" content=\"Pova\u017esk\u00e9 m\u00fazeum\" \/>\n<meta property=\"article:publisher\" content=\"https:\/\/www.facebook.com\/povazskemuzeum\" \/>\n<meta property=\"article:published_time\" content=\"2012-12-07T08:12:12+00:00\" \/>\n<meta property=\"og:image\" content=\"https:\/\/pmza.sk\/wp-content\/uploads\/2012\/12\/drotar.jpg\" \/>\n<meta name=\"author\" content=\"Pova\u017esk\u00e9 m\u00fazeum\" \/>\n<meta name=\"twitter:card\" content=\"summary_large_image\" \/>\n<meta name=\"twitter:label1\" content=\"Autor\" \/>\n\t<meta name=\"twitter:data1\" content=\"Pova\u017esk\u00e9 m\u00fazeum\" \/>\n\t<meta name=\"twitter:label2\" content=\"Predpokladan\u00fd \u010das \u010d\u00edtania\" \/>\n\t<meta name=\"twitter:data2\" content=\"2 min\u00faty\" \/>\n<script type=\"application\/ld+json\" class=\"yoast-schema-graph\">{\"@context\":\"https:\\\/\\\/schema.org\",\"@graph\":[{\"@type\":\"Article\",\"@id\":\"https:\\\/\\\/pmza.sk\\\/?p=6616#article\",\"isPartOf\":{\"@id\":\"https:\\\/\\\/pmza.sk\\\/?p=6616\"},\"author\":{\"name\":\"Pova\u017esk\u00e9 m\u00fazeum\",\"@id\":\"https:\\\/\\\/pmza.sk\\\/#\\\/schema\\\/person\\\/595e6a2ce731ea94dcd5d7f50a41ae33\"},\"headline\":\"Drot\u00e1ri na vandrovke vo Fr\u00fddku-M\u00edstku\",\"datePublished\":\"2012-12-07T08:12:12+00:00\",\"mainEntityOfPage\":{\"@id\":\"https:\\\/\\\/pmza.sk\\\/?p=6616\"},\"wordCount\":397,\"publisher\":{\"@id\":\"https:\\\/\\\/pmza.sk\\\/#organization\"},\"image\":{\"@id\":\"https:\\\/\\\/pmza.sk\\\/?p=6616#primaryimage\"},\"thumbnailUrl\":\"http:\\\/\\\/pmza.sk\\\/wp-content\\\/uploads\\\/2012\\\/12\\\/drotar.jpg\",\"articleSection\":[\"Arch\u00edv 2013\"],\"inLanguage\":\"sk-SK\"},{\"@type\":\"WebPage\",\"@id\":\"https:\\\/\\\/pmza.sk\\\/?p=6616\",\"url\":\"https:\\\/\\\/pmza.sk\\\/?p=6616\",\"name\":\"Drot\u00e1ri na vandrovke vo Fr\u00fddku-M\u00edstku - Pova\u017esk\u00e9 m\u00fazeum\",\"isPartOf\":{\"@id\":\"https:\\\/\\\/pmza.sk\\\/#website\"},\"primaryImageOfPage\":{\"@id\":\"https:\\\/\\\/pmza.sk\\\/?p=6616#primaryimage\"},\"image\":{\"@id\":\"https:\\\/\\\/pmza.sk\\\/?p=6616#primaryimage\"},\"thumbnailUrl\":\"http:\\\/\\\/pmza.sk\\\/wp-content\\\/uploads\\\/2012\\\/12\\\/drotar.jpg\",\"datePublished\":\"2012-12-07T08:12:12+00:00\",\"breadcrumb\":{\"@id\":\"https:\\\/\\\/pmza.sk\\\/?p=6616#breadcrumb\"},\"inLanguage\":\"sk-SK\",\"potentialAction\":[{\"@type\":\"ReadAction\",\"target\":[\"https:\\\/\\\/pmza.sk\\\/?p=6616\"]}]},{\"@type\":\"ImageObject\",\"inLanguage\":\"sk-SK\",\"@id\":\"https:\\\/\\\/pmza.sk\\\/?p=6616#primaryimage\",\"url\":\"https:\\\/\\\/pmza.sk\\\/wp-content\\\/uploads\\\/2012\\\/12\\\/drotar.jpg\",\"contentUrl\":\"https:\\\/\\\/pmza.sk\\\/wp-content\\\/uploads\\\/2012\\\/12\\\/drotar.jpg\",\"width\":427,\"height\":640},{\"@type\":\"BreadcrumbList\",\"@id\":\"https:\\\/\\\/pmza.sk\\\/?p=6616#breadcrumb\",\"itemListElement\":[{\"@type\":\"ListItem\",\"position\":1,\"name\":\"Domovsk\u00e1 str\u00e1nka\",\"item\":\"https:\\\/\\\/pmza.sk\\\/\"},{\"@type\":\"ListItem\",\"position\":2,\"name\":\"Drot\u00e1ri na vandrovke vo Fr\u00fddku-M\u00edstku\"}]},{\"@type\":\"WebSite\",\"@id\":\"https:\\\/\\\/pmza.sk\\\/#website\",\"url\":\"https:\\\/\\\/pmza.sk\\\/\",\"name\":\"Pova\u017esk\u00e9 m\u00fazeum\",\"description\":\"Pova\u017esk\u00e9 m\u00fazeum v \u017diline je region\u00e1lne m\u00fazeum so s\u00eddlom v Budat\u00edne. Jeho expoz\u00edcie s\u00fa zameran\u00e9 na dejiny slovensk\u00e9ho umenia, kult\u00fary a dopravy.\",\"publisher\":{\"@id\":\"https:\\\/\\\/pmza.sk\\\/#organization\"},\"potentialAction\":[{\"@type\":\"SearchAction\",\"target\":{\"@type\":\"EntryPoint\",\"urlTemplate\":\"https:\\\/\\\/pmza.sk\\\/?s={search_term_string}\"},\"query-input\":{\"@type\":\"PropertyValueSpecification\",\"valueRequired\":true,\"valueName\":\"search_term_string\"}}],\"inLanguage\":\"sk-SK\"},{\"@type\":\"Organization\",\"@id\":\"https:\\\/\\\/pmza.sk\\\/#organization\",\"name\":\"Pova\u017esk\u00e9 m\u00fazeum\",\"url\":\"https:\\\/\\\/pmza.sk\\\/\",\"logo\":{\"@type\":\"ImageObject\",\"inLanguage\":\"sk-SK\",\"@id\":\"https:\\\/\\\/pmza.sk\\\/#\\\/schema\\\/logo\\\/image\\\/\",\"url\":\"https:\\\/\\\/pmza.sk\\\/wp-content\\\/uploads\\\/2022\\\/01\\\/logo_PM_horizontal.jpg\",\"contentUrl\":\"https:\\\/\\\/pmza.sk\\\/wp-content\\\/uploads\\\/2022\\\/01\\\/logo_PM_horizontal.jpg\",\"width\":231,\"height\":142,\"caption\":\"Pova\u017esk\u00e9 m\u00fazeum\"},\"image\":{\"@id\":\"https:\\\/\\\/pmza.sk\\\/#\\\/schema\\\/logo\\\/image\\\/\"},\"sameAs\":[\"https:\\\/\\\/www.facebook.com\\\/povazskemuzeum\",\"https:\\\/\\\/www.instagram.com\\\/povazskemuzeum\\\/\"]},{\"@type\":\"Person\",\"@id\":\"https:\\\/\\\/pmza.sk\\\/#\\\/schema\\\/person\\\/595e6a2ce731ea94dcd5d7f50a41ae33\",\"name\":\"Pova\u017esk\u00e9 m\u00fazeum\",\"image\":{\"@type\":\"ImageObject\",\"inLanguage\":\"sk-SK\",\"@id\":\"https:\\\/\\\/secure.gravatar.com\\\/avatar\\\/2bb7f1561282132fb5826dfeccc66c7996d11ee392ac6aaf7ced8a1c2027fbb2?s=96&d=mm&r=g\",\"url\":\"https:\\\/\\\/secure.gravatar.com\\\/avatar\\\/2bb7f1561282132fb5826dfeccc66c7996d11ee392ac6aaf7ced8a1c2027fbb2?s=96&d=mm&r=g\",\"contentUrl\":\"https:\\\/\\\/secure.gravatar.com\\\/avatar\\\/2bb7f1561282132fb5826dfeccc66c7996d11ee392ac6aaf7ced8a1c2027fbb2?s=96&d=mm&r=g\",\"caption\":\"Pova\u017esk\u00e9 m\u00fazeum\"}}]}<\/script>\n<!-- \/ Yoast SEO plugin. -->","yoast_head_json":{"title":"Drot\u00e1ri na vandrovke vo Fr\u00fddku-M\u00edstku - Pova\u017esk\u00e9 m\u00fazeum","robots":{"index":"index","follow":"follow","max-snippet":"max-snippet:-1","max-image-preview":"max-image-preview:large","max-video-preview":"max-video-preview:-1"},"canonical":"https:\/\/pmza.sk\/?p=6616","og_locale":"sk_SK","og_type":"article","og_title":"Drot\u00e1ri na vandrovke vo Fr\u00fddku-M\u00edstku - Pova\u017esk\u00e9 m\u00fazeum","og_description":"V\u00fdstava Ke\u010f sa drot\u00e1r narodil, ktor\u00e1 sa u\u017e nieko\u013eko mesiacov te\u0161\u00ed ve\u013ekej pozornosti a ob\u013eube u m\u00fazejn\u00e9ho publika, sa op\u00e4\u0165 predstav\u00ed v\u00a0jednom z\u00a0partnersk\u00fdch m\u00faze\u00ed Pova\u017esk\u00e9ho m\u00fazea v\u00a0\u017diline. Po jej uveden\u00ed v\u00a0Kysuckom m\u00fazeu v\u00a0\u010cadci, bude u\u017e 13. decembra 2012 sl\u00e1vnostne otvoren\u00e1 v\u00a0M\u00fazeu Beskyd vo Fr\u00fddku-M\u00edstku, tentokr\u00e1t pod n\u00e1zvom Dr\u00e1ten\u00edci. ,,Reprezentat\u00edvna v\u00fdstava Dr\u00e1ten\u00edci predstavuje n\u00e1v\u0161tevn\u00edkom M\u00fazea Beskyd [&hellip;]","og_url":"https:\/\/pmza.sk\/?p=6616","og_site_name":"Pova\u017esk\u00e9 m\u00fazeum","article_publisher":"https:\/\/www.facebook.com\/povazskemuzeum","article_published_time":"2012-12-07T08:12:12+00:00","og_image":[{"url":"https:\/\/pmza.sk\/wp-content\/uploads\/2012\/12\/drotar.jpg","type":"","width":"","height":""}],"author":"Pova\u017esk\u00e9 m\u00fazeum","twitter_card":"summary_large_image","twitter_misc":{"Autor":"Pova\u017esk\u00e9 m\u00fazeum","Predpokladan\u00fd \u010das \u010d\u00edtania":"2 min\u00faty"},"schema":{"@context":"https:\/\/schema.org","@graph":[{"@type":"Article","@id":"https:\/\/pmza.sk\/?p=6616#article","isPartOf":{"@id":"https:\/\/pmza.sk\/?p=6616"},"author":{"name":"Pova\u017esk\u00e9 m\u00fazeum","@id":"https:\/\/pmza.sk\/#\/schema\/person\/595e6a2ce731ea94dcd5d7f50a41ae33"},"headline":"Drot\u00e1ri na vandrovke vo Fr\u00fddku-M\u00edstku","datePublished":"2012-12-07T08:12:12+00:00","mainEntityOfPage":{"@id":"https:\/\/pmza.sk\/?p=6616"},"wordCount":397,"publisher":{"@id":"https:\/\/pmza.sk\/#organization"},"image":{"@id":"https:\/\/pmza.sk\/?p=6616#primaryimage"},"thumbnailUrl":"https:\/\/pmza.sk\/wp-content\/uploads\/2012\/12\/drotar.jpg","articleSection":["Arch\u00edv 2013"],"inLanguage":"sk-SK"},{"@type":"WebPage","@id":"https:\/\/pmza.sk\/?p=6616","url":"https:\/\/pmza.sk\/?p=6616","name":"Drot\u00e1ri na vandrovke vo Fr\u00fddku-M\u00edstku - Pova\u017esk\u00e9 m\u00fazeum","isPartOf":{"@id":"https:\/\/pmza.sk\/#website"},"primaryImageOfPage":{"@id":"https:\/\/pmza.sk\/?p=6616#primaryimage"},"image":{"@id":"https:\/\/pmza.sk\/?p=6616#primaryimage"},"thumbnailUrl":"https:\/\/pmza.sk\/wp-content\/uploads\/2012\/12\/drotar.jpg","datePublished":"2012-12-07T08:12:12+00:00","breadcrumb":{"@id":"https:\/\/pmza.sk\/?p=6616#breadcrumb"},"inLanguage":"sk-SK","potentialAction":[{"@type":"ReadAction","target":["https:\/\/pmza.sk\/?p=6616"]}]},{"@type":"ImageObject","inLanguage":"sk-SK","@id":"https:\/\/pmza.sk\/?p=6616#primaryimage","url":"https:\/\/pmza.sk\/wp-content\/uploads\/2012\/12\/drotar.jpg","contentUrl":"https:\/\/pmza.sk\/wp-content\/uploads\/2012\/12\/drotar.jpg","width":427,"height":640},{"@type":"BreadcrumbList","@id":"https:\/\/pmza.sk\/?p=6616#breadcrumb","itemListElement":[{"@type":"ListItem","position":1,"name":"Domovsk\u00e1 str\u00e1nka","item":"https:\/\/pmza.sk\/"},{"@type":"ListItem","position":2,"name":"Drot\u00e1ri na vandrovke vo Fr\u00fddku-M\u00edstku"}]},{"@type":"WebSite","@id":"https:\/\/pmza.sk\/#website","url":"https:\/\/pmza.sk\/","name":"Pova\u017esk\u00e9 m\u00fazeum","description":"Pova\u017esk\u00e9 m\u00fazeum v \u017diline je region\u00e1lne m\u00fazeum so s\u00eddlom v Budat\u00edne. Jeho expoz\u00edcie s\u00fa zameran\u00e9 na dejiny slovensk\u00e9ho umenia, kult\u00fary a dopravy.","publisher":{"@id":"https:\/\/pmza.sk\/#organization"},"potentialAction":[{"@type":"SearchAction","target":{"@type":"EntryPoint","urlTemplate":"https:\/\/pmza.sk\/?s={search_term_string}"},"query-input":{"@type":"PropertyValueSpecification","valueRequired":true,"valueName":"search_term_string"}}],"inLanguage":"sk-SK"},{"@type":"Organization","@id":"https:\/\/pmza.sk\/#organization","name":"Pova\u017esk\u00e9 m\u00fazeum","url":"https:\/\/pmza.sk\/","logo":{"@type":"ImageObject","inLanguage":"sk-SK","@id":"https:\/\/pmza.sk\/#\/schema\/logo\/image\/","url":"https:\/\/pmza.sk\/wp-content\/uploads\/2022\/01\/logo_PM_horizontal.jpg","contentUrl":"https:\/\/pmza.sk\/wp-content\/uploads\/2022\/01\/logo_PM_horizontal.jpg","width":231,"height":142,"caption":"Pova\u017esk\u00e9 m\u00fazeum"},"image":{"@id":"https:\/\/pmza.sk\/#\/schema\/logo\/image\/"},"sameAs":["https:\/\/www.facebook.com\/povazskemuzeum","https:\/\/www.instagram.com\/povazskemuzeum\/"]},{"@type":"Person","@id":"https:\/\/pmza.sk\/#\/schema\/person\/595e6a2ce731ea94dcd5d7f50a41ae33","name":"Pova\u017esk\u00e9 m\u00fazeum","image":{"@type":"ImageObject","inLanguage":"sk-SK","@id":"https:\/\/secure.gravatar.com\/avatar\/2bb7f1561282132fb5826dfeccc66c7996d11ee392ac6aaf7ced8a1c2027fbb2?s=96&d=mm&r=g","url":"https:\/\/secure.gravatar.com\/avatar\/2bb7f1561282132fb5826dfeccc66c7996d11ee392ac6aaf7ced8a1c2027fbb2?s=96&d=mm&r=g","contentUrl":"https:\/\/secure.gravatar.com\/avatar\/2bb7f1561282132fb5826dfeccc66c7996d11ee392ac6aaf7ced8a1c2027fbb2?s=96&d=mm&r=g","caption":"Pova\u017esk\u00e9 m\u00fazeum"}}]}},"_links":{"self":[{"href":"https:\/\/pmza.sk\/index.php?rest_route=\/wp\/v2\/posts\/6616","targetHints":{"allow":["GET"]}}],"collection":[{"href":"https:\/\/pmza.sk\/index.php?rest_route=\/wp\/v2\/posts"}],"about":[{"href":"https:\/\/pmza.sk\/index.php?rest_route=\/wp\/v2\/types\/post"}],"author":[{"embeddable":true,"href":"https:\/\/pmza.sk\/index.php?rest_route=\/wp\/v2\/users\/2"}],"replies":[{"embeddable":true,"href":"https:\/\/pmza.sk\/index.php?rest_route=%2Fwp%2Fv2%2Fcomments&post=6616"}],"version-history":[{"count":0,"href":"https:\/\/pmza.sk\/index.php?rest_route=\/wp\/v2\/posts\/6616\/revisions"}],"wp:attachment":[{"href":"https:\/\/pmza.sk\/index.php?rest_route=%2Fwp%2Fv2%2Fmedia&parent=6616"}],"wp:term":[{"taxonomy":"category","embeddable":true,"href":"https:\/\/pmza.sk\/index.php?rest_route=%2Fwp%2Fv2%2Fcategories&post=6616"},{"taxonomy":"post_tag","embeddable":true,"href":"https:\/\/pmza.sk\/index.php?rest_route=%2Fwp%2Fv2%2Ftags&post=6616"}],"curies":[{"name":"wp","href":"https:\/\/api.w.org\/{rel}","templated":true}]}}