{"id":66392,"date":"2024-11-07T08:42:26","date_gmt":"2024-11-07T07:42:26","guid":{"rendered":"https:\/\/pmza.sk\/?p=66392"},"modified":"2024-11-07T09:11:24","modified_gmt":"2024-11-07T08:11:24","slug":"vytvaram-nieco-pekne-pre-buduce-generacie","status":"publish","type":"post","link":"https:\/\/pmza.sk\/?p=66392","title":{"rendered":"Vytv\u00e1ram nie\u010do pekn\u00e9 pre bud\u00face gener\u00e1cie"},"content":{"rendered":"<p>Fedor Sedilek pracuje na poz\u00edcii prepar\u00e1tor v\u00a0Pova\u017eskom m\u00fazeu od roku 2003. T\u00e1to profesia ho zauj\u00edmala odmali\u010dka a\u00a0napriek tomu, \u017ee je vyu\u010den\u00fd umeleck\u00fd rezb\u00e1r a\u00a0vy\u0161tudoval aj lesn\u00edcku \u0161kolu, sen o\u00a0preparovan\u00ed sa mu splnil pr\u00e1ve v\u00a0m\u00fazeu, kde ho zau\u010dil prepar\u00e1tor \u0160tefan Porub\u010dansk\u00fd. \u00a0Po\u010das svojho p\u00f4sobenia zhotovil stovky prepat\u00e1rov. Ak by sa zar\u00e1tal aj hmyz, m\u00f4\u017eeme si predstavi\u0165 trojcifern\u00e9 \u010d\u00edslo.<\/p>\n<p>V\u00a0jeho dielni je \u010disto a\u00a0o\u00a0z\u00e1pachu nem\u00f4\u017ee by\u0165 ani re\u010d, hoci ka\u017ed\u00e9 zviera m\u00e1 charakteristick\u00fd pach. Pri spr\u00e1vnom dodr\u017eiavan\u00ed hygieny je to pracov\u0148a ako ka\u017ed\u00e1 in\u00e1, akur\u00e1t skr\u00fdva uhynut\u00e9 zvierat\u00e1, ktor\u00e9 sa pod \u0161ikovn\u00fdmi rukami prepar\u00e1tora menia na v\u00fdstavn\u00e9 kusy. <em>\u201eNa preparovan\u00ed ma najviac bav\u00ed to, \u017ee z\u00a0nie\u010doho, \u010do je \u0161kared\u00e9, zne\u010disten\u00e9, zdeformovan\u00e9, urob\u00edm nie\u010do pekn\u00e9, na \u010do sa dobre pozer\u00e1. Zo \u017eivo\u010d\u00edcha, z\u00a0ktor\u00e9ho by u\u017e bol iba nejak\u00fd biologick\u00fd materi\u00e1l, ktor\u00fd by sa rozlo\u017eil v\u00a0pr\u00edrode, zachov\u00e1m nie\u010do pre bud\u00face gener\u00e1cie,\u201c \u00a0<\/em>rozpr\u00e1va Fedor Sedilek.<\/p>\n<p>Preparovanie je n\u00e1ro\u010dn\u00fd proces, pri ktorom sa z m\u0155tveho \u017eivo\u010d\u00edcha vytv\u00e1ra dermoplastick\u00fd alebo tekutinov\u00fd prepar\u00e1t, naz\u00fdvan\u00fd aj mokr\u00fd a\u00a0vyu\u017e\u00edva sa pri oboj\u017eiveln\u00edkoch, plazoch a\u00a0ja\u0161tericiach. Fedor Sedilek sa v\u0161ak viac venuje zhotovovaniu dermoplastick\u00fdch, takzvan\u00fdch such\u00fdch prepar\u00e1tov, ktor\u00e9 s\u00fa typick\u00e9 pre cicavce a\u00a0vt\u00e1ky.<em> \u201eZjednodu\u0161ene mo\u017eno poveda\u0165, \u017ee na zhotovenie prepar\u00e1tu sa u cicavcov pou\u017eije len ko\u017eu a srs\u0165 a u vt\u00e1kov okrem peria aj niektor\u00e9 kosti v kon\u010datin\u00e1ch a lebka. Ve\u013emi d\u00f4le\u017eit\u00e9 je zakonzervova\u0165 ko\u017eu chemicky, o\u010disti\u0165 ju od tuku a v pr\u00edpade potreby ju aj opra\u0165. Zauj\u00edmav\u00e9 je to najm\u00e4 pri vt\u00e1koch, perie po namo\u010den\u00ed toti\u017e v\u00f4bec nevyzer\u00e1 dobre, ale po vysu\u0161en\u00ed je kr\u00e1sne nad\u00fdchan\u00e9 a zakryje cel\u00fa plochu ko\u017ee,\u201c <\/em>pribli\u017euje prepar\u00e1tor.<\/p>\n<div class=\"wp-block-image\"><img fetchpriority=\"high\" decoding=\"async\" class=\"wpa-warning wpa-image-missing-alt alignnone size-medium wp-image-66396\" src=\"https:\/\/pmza.sk\/wp-content\/uploads\/2024\/11\/P1080672-270x360.jpg\" alt=\"\" width=\"270\" height=\"360\" data-warning=\"Missing alt text\" srcset=\"https:\/\/pmza.sk\/wp-content\/uploads\/2024\/11\/P1080672-270x360.jpg 270w, https:\/\/pmza.sk\/wp-content\/uploads\/2024\/11\/P1080672-552x736.jpg 552w, https:\/\/pmza.sk\/wp-content\/uploads\/2024\/11\/P1080672-768x1024.jpg 768w, https:\/\/pmza.sk\/wp-content\/uploads\/2024\/11\/P1080672-1152x1536.jpg 1152w, https:\/\/pmza.sk\/wp-content\/uploads\/2024\/11\/P1080672-1536x2048.jpg 1536w, https:\/\/pmza.sk\/wp-content\/uploads\/2024\/11\/P1080672-600x800.jpg 600w, https:\/\/pmza.sk\/wp-content\/uploads\/2024\/11\/P1080672-scaled.jpg 1920w\" sizes=\"(max-width: 270px) 100vw, 270px\" \/><\/div>\n<div><\/div>\n<p>Celkov\u00fd proces preparovania vt\u00e1ka \u00a0ve\u013ekosti orla skaln\u00e9ho trv\u00e1 pribli\u017ene dva mesiace. Najv\u00e4\u010d\u0161\u00edm prepar\u00e1tom bol orliak morsk\u00fd, ktor\u00e9ho pripravoval na v\u00fdstavu Kr\u00e1li oblohy. <em>\u201ePr\u00e1ve tam boli dva orliaky, jeden letiaci a\u00a0jeden sediaci, ale oba boli dos\u0165 komplikovan\u00e9. Najm\u00e4 sediaca samica, ktor\u00fa usmrtil po\u010das b\u00farky kon\u00e1r a\u00a0padol na \u0148u na hniezde. T\u00fdm, \u017ee bojovala o\u00a0\u017eivot, ko\u017eu si e\u0161te viac po\u0161kodila, preto bola dos\u0165 perforovan\u00e1. Niekedy je prepar\u00e1torstvo skoro ako plastick\u00e1 chirurgia,\u201c <\/em>vysvet\u013euje F. Sedilek. Pr\u00e1ve na tejto v\u00fdstave bolo ve\u013ea letiacich vt\u00e1kov, takzvan\u00fdch \u201eletoviek\u201c , nad ktor\u00fdmi prepar\u00e1tor uva\u017eoval u\u017e dlh\u0161iu dobu, ale a\u017e ned\u00e1vno pri\u0161iel na sp\u00f4sob, ako ich uchyti\u0165 tak, aby vyzerali autenticky. V\u00fdstavu Kr\u00e1li oblohy m\u00f4\u017eu n\u00e1v\u0161tevn\u00edci moment\u00e1lne vidie\u0165 v\u00a0Slovenskom m\u00fazeu ochrany pr\u00edrody a\u00a0jaskyniarstva v\u00a0Liptovskom Mikul\u00e1\u0161i.<\/p>\n<div class=\"wp-block-image\"><img decoding=\"async\" class=\"wpa-warning wpa-image-missing-alt alignnone size-medium wp-image-66394\" src=\"https:\/\/pmza.sk\/wp-content\/uploads\/2024\/11\/IMG_0988-240x360.jpg\" alt=\"\" width=\"240\" height=\"360\" data-warning=\"Missing alt text\" srcset=\"https:\/\/pmza.sk\/wp-content\/uploads\/2024\/11\/IMG_0988-240x360.jpg 240w, https:\/\/pmza.sk\/wp-content\/uploads\/2024\/11\/IMG_0988-491x736.jpg 491w, https:\/\/pmza.sk\/wp-content\/uploads\/2024\/11\/IMG_0988-768x1152.jpg 768w, https:\/\/pmza.sk\/wp-content\/uploads\/2024\/11\/IMG_0988-1024x1536.jpg 1024w, https:\/\/pmza.sk\/wp-content\/uploads\/2024\/11\/IMG_0988-1365x2048.jpg 1365w, https:\/\/pmza.sk\/wp-content\/uploads\/2024\/11\/IMG_0988-600x900.jpg 600w, https:\/\/pmza.sk\/wp-content\/uploads\/2024\/11\/IMG_0988-scaled.jpg 1707w\" sizes=\"(max-width: 240px) 100vw, 240px\" \/><\/div>\n<div><\/div>\n<p>Celkovo najv\u00e4\u010d\u0161\u00edm prepar\u00e1tom, s\u00a0ktor\u00fdm Fedor Sedilek pracoval, bol jele\u0148, ktor\u00e9ho preparoval spolo\u010dne so \u0160tefanom Porub\u010dansk\u00fdm a\u00a0je s\u00fa\u010das\u0165ou zbierok Pova\u017esk\u00e9ho m\u00fazea. Najkuri\u00f3znej\u0161\u00edm pr\u00edpadom v\u0161ak bolo exotick\u00e9 zviera. <em>\u201eZ centra vo\u013en\u00e9ho \u010dasu mi raz priniesli kenguru, ale bola vo ve\u013emi zlom stave, tak som z\u00a0nej u\u017e nemohol urobi\u0165 dermoplastick\u00fd prepar\u00e1t, ale zachr\u00e1nil som aspo\u0148 lebku. Ale bolo to naozaj nezvy\u010dajn\u00e9, preto\u017ee tak\u00fa lebku som nikdy predt\u00fdm nevidel,\u201c<\/em> opisuje prepar\u00e1tor.<\/p>\n<div class=\"wp-block-image\"><img decoding=\"async\" class=\"wpa-warning wpa-image-missing-alt alignnone size-medium wp-image-66395\" src=\"https:\/\/pmza.sk\/wp-content\/uploads\/2024\/11\/IMG_2238-540x360.jpg\" alt=\"\" width=\"540\" height=\"360\" data-warning=\"Missing alt text\" srcset=\"https:\/\/pmza.sk\/wp-content\/uploads\/2024\/11\/IMG_2238-540x360.jpg 540w, https:\/\/pmza.sk\/wp-content\/uploads\/2024\/11\/IMG_2238-768x512.jpg 768w, https:\/\/pmza.sk\/wp-content\/uploads\/2024\/11\/IMG_2238-600x400.jpg 600w, https:\/\/pmza.sk\/wp-content\/uploads\/2024\/11\/IMG_2238.jpg 1024w\" sizes=\"(max-width: 540px) 100vw, 540px\" \/><\/div>\n<div><\/div>\n<p>Fedor Sedilek aktu\u00e1lne pracuje na prepar\u00e1toch uhynut\u00e9ho \u017eeriava popolav\u00e9ho, medve\u010fa a\u00a0vlka usmrten\u00fdch pri automobilov\u00fdch nehod\u00e1ch a\u00a0ml\u00e1\u010fati medve\u010fa, ktor\u00e9 zabil dospel\u00fd jedinec. \u00a0Na cel\u00fd rozhovor s\u00a0prepar\u00e1torom Pova\u017esk\u00e9ho m\u00fazea sa m\u00f4\u017eete te\u0161i\u0165 v\u00a0bud\u00facom vydan\u00ed elektronick\u00e9ho \u010dasopisu M\u00faza.<\/p>\n<p>Text: Magdal\u00e9na Lackov\u00e1<\/p>\n<p>Foto: Jarom\u00edr Fa\u0161ianok a\u00a0arch\u00edv Pova\u017esk\u00e9ho m\u00fazea<\/p>\n","protected":false},"excerpt":{"rendered":"<p>Fedor Sedilek pracuje na poz\u00edcii prepar\u00e1tor v\u00a0Pova\u017eskom m\u00fazeu od roku 2003. T\u00e1to profesia ho zauj\u00edmala odmali\u010dka a\u00a0napriek tomu, \u017ee je vyu\u010den\u00fd umeleck\u00fd rezb\u00e1r a\u00a0vy\u0161tudoval aj lesn\u00edcku \u0161kolu, sen o\u00a0preparovan\u00ed sa mu splnil pr\u00e1ve v\u00a0m\u00fazeu, kde ho zau\u010dil prepar\u00e1tor \u0160tefan Porub\u010dansk\u00fd. \u00a0Po\u010das svojho p\u00f4sobenia zhotovil stovky prepat\u00e1rov. Ak by sa zar\u00e1tal aj hmyz, m\u00f4\u017eeme si predstavi\u0165 [&hellip;]<\/p>\n","protected":false},"author":2,"featured_media":66393,"comment_status":"closed","ping_status":"closed","sticky":false,"template":"","format":"standard","meta":{"site-sidebar-layout":"default","site-content-layout":"default","ast-site-content-layout":"","site-content-style":"default","site-sidebar-style":"default","ast-global-header-display":"","ast-banner-title-visibility":"","ast-main-header-display":"","ast-hfb-above-header-display":"","ast-hfb-below-header-display":"","ast-hfb-mobile-header-display":"","site-post-title":"","ast-breadcrumbs-content":"","ast-featured-img":"","footer-sml-layout":"","theme-transparent-header-meta":"default","adv-header-id-meta":"","stick-header-meta":"default","header-above-stick-meta":"","header-main-stick-meta":"","header-below-stick-meta":"","astra-migrate-meta-layouts":"default","ast-page-background-enabled":"default","ast-page-background-meta":{"desktop":{"background-color":"var(--ast-global-color-4)","background-image":"","background-repeat":"repeat","background-position":"center center","background-size":"auto","background-attachment":"scroll","background-type":"","background-media":"","overlay-type":"","overlay-color":"","overlay-opacity":"","overlay-gradient":""},"tablet":{"background-color":"","background-image":"","background-repeat":"repeat","background-position":"center center","background-size":"auto","background-attachment":"scroll","background-type":"","background-media":"","overlay-type":"","overlay-color":"","overlay-opacity":"","overlay-gradient":""},"mobile":{"background-color":"","background-image":"","background-repeat":"repeat","background-position":"center center","background-size":"auto","background-attachment":"scroll","background-type":"","background-media":"","overlay-type":"","overlay-color":"","overlay-opacity":"","overlay-gradient":""}},"ast-content-background-meta":{"desktop":{"background-color":"var(--ast-global-color-5)","background-image":"","background-repeat":"repeat","background-position":"center center","background-size":"auto","background-attachment":"scroll","background-type":"","background-media":"","overlay-type":"","overlay-color":"","overlay-opacity":"","overlay-gradient":""},"tablet":{"background-color":"var(--ast-global-color-5)","background-image":"","background-repeat":"repeat","background-position":"center center","background-size":"auto","background-attachment":"scroll","background-type":"","background-media":"","overlay-type":"","overlay-color":"","overlay-opacity":"","overlay-gradient":""},"mobile":{"background-color":"var(--ast-global-color-5)","background-image":"","background-repeat":"repeat","background-position":"center center","background-size":"auto","background-attachment":"scroll","background-type":"","background-media":"","overlay-type":"","overlay-color":"","overlay-opacity":"","overlay-gradient":""}},"footnotes":""},"categories":[31],"tags":[73],"class_list":["post-66392","post","type-post","status-publish","format-standard","has-post-thumbnail","hentry","category-aktuality","tag-uvod"],"yoast_head":"<!-- This site is optimized with the Yoast SEO plugin v27.4 - https:\/\/yoast.com\/product\/yoast-seo-wordpress\/ -->\n<title>Vytv\u00e1ram nie\u010do pekn\u00e9 pre bud\u00face gener\u00e1cie - Pova\u017esk\u00e9 m\u00fazeum<\/title>\n<meta name=\"robots\" content=\"index, follow, max-snippet:-1, max-image-preview:large, max-video-preview:-1\" \/>\n<link rel=\"canonical\" href=\"https:\/\/pmza.sk\/?p=66392\" \/>\n<meta property=\"og:locale\" content=\"sk_SK\" \/>\n<meta property=\"og:type\" content=\"article\" \/>\n<meta property=\"og:title\" content=\"Vytv\u00e1ram nie\u010do pekn\u00e9 pre bud\u00face gener\u00e1cie - Pova\u017esk\u00e9 m\u00fazeum\" \/>\n<meta property=\"og:description\" content=\"Fedor Sedilek pracuje na poz\u00edcii prepar\u00e1tor v\u00a0Pova\u017eskom m\u00fazeu od roku 2003. T\u00e1to profesia ho zauj\u00edmala odmali\u010dka a\u00a0napriek tomu, \u017ee je vyu\u010den\u00fd umeleck\u00fd rezb\u00e1r a\u00a0vy\u0161tudoval aj lesn\u00edcku \u0161kolu, sen o\u00a0preparovan\u00ed sa mu splnil pr\u00e1ve v\u00a0m\u00fazeu, kde ho zau\u010dil prepar\u00e1tor \u0160tefan Porub\u010dansk\u00fd. \u00a0Po\u010das svojho p\u00f4sobenia zhotovil stovky prepat\u00e1rov. Ak by sa zar\u00e1tal aj hmyz, m\u00f4\u017eeme si predstavi\u0165 [&hellip;]\" \/>\n<meta property=\"og:url\" content=\"https:\/\/pmza.sk\/?p=66392\" \/>\n<meta property=\"og:site_name\" content=\"Pova\u017esk\u00e9 m\u00fazeum\" \/>\n<meta property=\"article:publisher\" content=\"https:\/\/www.facebook.com\/povazskemuzeum\" \/>\n<meta property=\"article:published_time\" content=\"2024-11-07T07:42:26+00:00\" \/>\n<meta property=\"article:modified_time\" content=\"2024-11-07T08:11:24+00:00\" \/>\n<meta property=\"og:image\" content=\"https:\/\/pmza.sk\/wp-content\/uploads\/2024\/11\/IMG_0989-scaled.jpg\" \/>\n\t<meta property=\"og:image:width\" content=\"2560\" \/>\n\t<meta property=\"og:image:height\" content=\"1707\" \/>\n\t<meta property=\"og:image:type\" content=\"image\/jpeg\" \/>\n<meta name=\"author\" content=\"Pova\u017esk\u00e9 m\u00fazeum\" \/>\n<meta name=\"twitter:card\" content=\"summary_large_image\" \/>\n<meta name=\"twitter:label1\" content=\"Autor\" \/>\n\t<meta name=\"twitter:data1\" content=\"Pova\u017esk\u00e9 m\u00fazeum\" \/>\n\t<meta name=\"twitter:label2\" content=\"Predpokladan\u00fd \u010das \u010d\u00edtania\" \/>\n\t<meta name=\"twitter:data2\" content=\"3 min\u00faty\" \/>\n<script type=\"application\/ld+json\" class=\"yoast-schema-graph\">{\"@context\":\"https:\\\/\\\/schema.org\",\"@graph\":[{\"@type\":\"Article\",\"@id\":\"https:\\\/\\\/pmza.sk\\\/?p=66392#article\",\"isPartOf\":{\"@id\":\"https:\\\/\\\/pmza.sk\\\/?p=66392\"},\"author\":{\"name\":\"Pova\u017esk\u00e9 m\u00fazeum\",\"@id\":\"https:\\\/\\\/pmza.sk\\\/#\\\/schema\\\/person\\\/595e6a2ce731ea94dcd5d7f50a41ae33\"},\"headline\":\"Vytv\u00e1ram nie\u010do pekn\u00e9 pre bud\u00face gener\u00e1cie\",\"datePublished\":\"2024-11-07T07:42:26+00:00\",\"dateModified\":\"2024-11-07T08:11:24+00:00\",\"mainEntityOfPage\":{\"@id\":\"https:\\\/\\\/pmza.sk\\\/?p=66392\"},\"wordCount\":695,\"publisher\":{\"@id\":\"https:\\\/\\\/pmza.sk\\\/#organization\"},\"image\":{\"@id\":\"https:\\\/\\\/pmza.sk\\\/?p=66392#primaryimage\"},\"thumbnailUrl\":\"https:\\\/\\\/pmza.sk\\\/wp-content\\\/uploads\\\/2024\\\/11\\\/IMG_0989-scaled.jpg\",\"keywords\":[\"\u00davod\"],\"articleSection\":[\"Aktuality\"],\"inLanguage\":\"sk-SK\"},{\"@type\":\"WebPage\",\"@id\":\"https:\\\/\\\/pmza.sk\\\/?p=66392\",\"url\":\"https:\\\/\\\/pmza.sk\\\/?p=66392\",\"name\":\"Vytv\u00e1ram nie\u010do pekn\u00e9 pre bud\u00face gener\u00e1cie - Pova\u017esk\u00e9 m\u00fazeum\",\"isPartOf\":{\"@id\":\"https:\\\/\\\/pmza.sk\\\/#website\"},\"primaryImageOfPage\":{\"@id\":\"https:\\\/\\\/pmza.sk\\\/?p=66392#primaryimage\"},\"image\":{\"@id\":\"https:\\\/\\\/pmza.sk\\\/?p=66392#primaryimage\"},\"thumbnailUrl\":\"https:\\\/\\\/pmza.sk\\\/wp-content\\\/uploads\\\/2024\\\/11\\\/IMG_0989-scaled.jpg\",\"datePublished\":\"2024-11-07T07:42:26+00:00\",\"dateModified\":\"2024-11-07T08:11:24+00:00\",\"breadcrumb\":{\"@id\":\"https:\\\/\\\/pmza.sk\\\/?p=66392#breadcrumb\"},\"inLanguage\":\"sk-SK\",\"potentialAction\":[{\"@type\":\"ReadAction\",\"target\":[\"https:\\\/\\\/pmza.sk\\\/?p=66392\"]}]},{\"@type\":\"ImageObject\",\"inLanguage\":\"sk-SK\",\"@id\":\"https:\\\/\\\/pmza.sk\\\/?p=66392#primaryimage\",\"url\":\"https:\\\/\\\/pmza.sk\\\/wp-content\\\/uploads\\\/2024\\\/11\\\/IMG_0989-scaled.jpg\",\"contentUrl\":\"https:\\\/\\\/pmza.sk\\\/wp-content\\\/uploads\\\/2024\\\/11\\\/IMG_0989-scaled.jpg\",\"width\":2560,\"height\":1707},{\"@type\":\"BreadcrumbList\",\"@id\":\"https:\\\/\\\/pmza.sk\\\/?p=66392#breadcrumb\",\"itemListElement\":[{\"@type\":\"ListItem\",\"position\":1,\"name\":\"Domovsk\u00e1 str\u00e1nka\",\"item\":\"https:\\\/\\\/pmza.sk\\\/\"},{\"@type\":\"ListItem\",\"position\":2,\"name\":\"Vytv\u00e1ram nie\u010do pekn\u00e9 pre bud\u00face gener\u00e1cie\"}]},{\"@type\":\"WebSite\",\"@id\":\"https:\\\/\\\/pmza.sk\\\/#website\",\"url\":\"https:\\\/\\\/pmza.sk\\\/\",\"name\":\"Pova\u017esk\u00e9 m\u00fazeum\",\"description\":\"Pova\u017esk\u00e9 m\u00fazeum v \u017diline je region\u00e1lne m\u00fazeum so s\u00eddlom v Budat\u00edne. Jeho expoz\u00edcie s\u00fa zameran\u00e9 na dejiny slovensk\u00e9ho umenia, kult\u00fary a dopravy.\",\"publisher\":{\"@id\":\"https:\\\/\\\/pmza.sk\\\/#organization\"},\"potentialAction\":[{\"@type\":\"SearchAction\",\"target\":{\"@type\":\"EntryPoint\",\"urlTemplate\":\"https:\\\/\\\/pmza.sk\\\/?s={search_term_string}\"},\"query-input\":{\"@type\":\"PropertyValueSpecification\",\"valueRequired\":true,\"valueName\":\"search_term_string\"}}],\"inLanguage\":\"sk-SK\"},{\"@type\":\"Organization\",\"@id\":\"https:\\\/\\\/pmza.sk\\\/#organization\",\"name\":\"Pova\u017esk\u00e9 m\u00fazeum\",\"url\":\"https:\\\/\\\/pmza.sk\\\/\",\"logo\":{\"@type\":\"ImageObject\",\"inLanguage\":\"sk-SK\",\"@id\":\"https:\\\/\\\/pmza.sk\\\/#\\\/schema\\\/logo\\\/image\\\/\",\"url\":\"https:\\\/\\\/pmza.sk\\\/wp-content\\\/uploads\\\/2022\\\/01\\\/logo_PM_horizontal.jpg\",\"contentUrl\":\"https:\\\/\\\/pmza.sk\\\/wp-content\\\/uploads\\\/2022\\\/01\\\/logo_PM_horizontal.jpg\",\"width\":231,\"height\":142,\"caption\":\"Pova\u017esk\u00e9 m\u00fazeum\"},\"image\":{\"@id\":\"https:\\\/\\\/pmza.sk\\\/#\\\/schema\\\/logo\\\/image\\\/\"},\"sameAs\":[\"https:\\\/\\\/www.facebook.com\\\/povazskemuzeum\",\"https:\\\/\\\/www.instagram.com\\\/povazskemuzeum\\\/\"]},{\"@type\":\"Person\",\"@id\":\"https:\\\/\\\/pmza.sk\\\/#\\\/schema\\\/person\\\/595e6a2ce731ea94dcd5d7f50a41ae33\",\"name\":\"Pova\u017esk\u00e9 m\u00fazeum\",\"image\":{\"@type\":\"ImageObject\",\"inLanguage\":\"sk-SK\",\"@id\":\"https:\\\/\\\/secure.gravatar.com\\\/avatar\\\/2bb7f1561282132fb5826dfeccc66c7996d11ee392ac6aaf7ced8a1c2027fbb2?s=96&d=mm&r=g\",\"url\":\"https:\\\/\\\/secure.gravatar.com\\\/avatar\\\/2bb7f1561282132fb5826dfeccc66c7996d11ee392ac6aaf7ced8a1c2027fbb2?s=96&d=mm&r=g\",\"contentUrl\":\"https:\\\/\\\/secure.gravatar.com\\\/avatar\\\/2bb7f1561282132fb5826dfeccc66c7996d11ee392ac6aaf7ced8a1c2027fbb2?s=96&d=mm&r=g\",\"caption\":\"Pova\u017esk\u00e9 m\u00fazeum\"}}]}<\/script>\n<!-- \/ Yoast SEO plugin. -->","yoast_head_json":{"title":"Vytv\u00e1ram nie\u010do pekn\u00e9 pre bud\u00face gener\u00e1cie - Pova\u017esk\u00e9 m\u00fazeum","robots":{"index":"index","follow":"follow","max-snippet":"max-snippet:-1","max-image-preview":"max-image-preview:large","max-video-preview":"max-video-preview:-1"},"canonical":"https:\/\/pmza.sk\/?p=66392","og_locale":"sk_SK","og_type":"article","og_title":"Vytv\u00e1ram nie\u010do pekn\u00e9 pre bud\u00face gener\u00e1cie - Pova\u017esk\u00e9 m\u00fazeum","og_description":"Fedor Sedilek pracuje na poz\u00edcii prepar\u00e1tor v\u00a0Pova\u017eskom m\u00fazeu od roku 2003. T\u00e1to profesia ho zauj\u00edmala odmali\u010dka a\u00a0napriek tomu, \u017ee je vyu\u010den\u00fd umeleck\u00fd rezb\u00e1r a\u00a0vy\u0161tudoval aj lesn\u00edcku \u0161kolu, sen o\u00a0preparovan\u00ed sa mu splnil pr\u00e1ve v\u00a0m\u00fazeu, kde ho zau\u010dil prepar\u00e1tor \u0160tefan Porub\u010dansk\u00fd. \u00a0Po\u010das svojho p\u00f4sobenia zhotovil stovky prepat\u00e1rov. Ak by sa zar\u00e1tal aj hmyz, m\u00f4\u017eeme si predstavi\u0165 [&hellip;]","og_url":"https:\/\/pmza.sk\/?p=66392","og_site_name":"Pova\u017esk\u00e9 m\u00fazeum","article_publisher":"https:\/\/www.facebook.com\/povazskemuzeum","article_published_time":"2024-11-07T07:42:26+00:00","article_modified_time":"2024-11-07T08:11:24+00:00","og_image":[{"width":2560,"height":1707,"url":"https:\/\/pmza.sk\/wp-content\/uploads\/2024\/11\/IMG_0989-scaled.jpg","type":"image\/jpeg"}],"author":"Pova\u017esk\u00e9 m\u00fazeum","twitter_card":"summary_large_image","twitter_misc":{"Autor":"Pova\u017esk\u00e9 m\u00fazeum","Predpokladan\u00fd \u010das \u010d\u00edtania":"3 min\u00faty"},"schema":{"@context":"https:\/\/schema.org","@graph":[{"@type":"Article","@id":"https:\/\/pmza.sk\/?p=66392#article","isPartOf":{"@id":"https:\/\/pmza.sk\/?p=66392"},"author":{"name":"Pova\u017esk\u00e9 m\u00fazeum","@id":"https:\/\/pmza.sk\/#\/schema\/person\/595e6a2ce731ea94dcd5d7f50a41ae33"},"headline":"Vytv\u00e1ram nie\u010do pekn\u00e9 pre bud\u00face gener\u00e1cie","datePublished":"2024-11-07T07:42:26+00:00","dateModified":"2024-11-07T08:11:24+00:00","mainEntityOfPage":{"@id":"https:\/\/pmza.sk\/?p=66392"},"wordCount":695,"publisher":{"@id":"https:\/\/pmza.sk\/#organization"},"image":{"@id":"https:\/\/pmza.sk\/?p=66392#primaryimage"},"thumbnailUrl":"https:\/\/pmza.sk\/wp-content\/uploads\/2024\/11\/IMG_0989-scaled.jpg","keywords":["\u00davod"],"articleSection":["Aktuality"],"inLanguage":"sk-SK"},{"@type":"WebPage","@id":"https:\/\/pmza.sk\/?p=66392","url":"https:\/\/pmza.sk\/?p=66392","name":"Vytv\u00e1ram nie\u010do pekn\u00e9 pre bud\u00face gener\u00e1cie - Pova\u017esk\u00e9 m\u00fazeum","isPartOf":{"@id":"https:\/\/pmza.sk\/#website"},"primaryImageOfPage":{"@id":"https:\/\/pmza.sk\/?p=66392#primaryimage"},"image":{"@id":"https:\/\/pmza.sk\/?p=66392#primaryimage"},"thumbnailUrl":"https:\/\/pmza.sk\/wp-content\/uploads\/2024\/11\/IMG_0989-scaled.jpg","datePublished":"2024-11-07T07:42:26+00:00","dateModified":"2024-11-07T08:11:24+00:00","breadcrumb":{"@id":"https:\/\/pmza.sk\/?p=66392#breadcrumb"},"inLanguage":"sk-SK","potentialAction":[{"@type":"ReadAction","target":["https:\/\/pmza.sk\/?p=66392"]}]},{"@type":"ImageObject","inLanguage":"sk-SK","@id":"https:\/\/pmza.sk\/?p=66392#primaryimage","url":"https:\/\/pmza.sk\/wp-content\/uploads\/2024\/11\/IMG_0989-scaled.jpg","contentUrl":"https:\/\/pmza.sk\/wp-content\/uploads\/2024\/11\/IMG_0989-scaled.jpg","width":2560,"height":1707},{"@type":"BreadcrumbList","@id":"https:\/\/pmza.sk\/?p=66392#breadcrumb","itemListElement":[{"@type":"ListItem","position":1,"name":"Domovsk\u00e1 str\u00e1nka","item":"https:\/\/pmza.sk\/"},{"@type":"ListItem","position":2,"name":"Vytv\u00e1ram nie\u010do pekn\u00e9 pre bud\u00face gener\u00e1cie"}]},{"@type":"WebSite","@id":"https:\/\/pmza.sk\/#website","url":"https:\/\/pmza.sk\/","name":"Pova\u017esk\u00e9 m\u00fazeum","description":"Pova\u017esk\u00e9 m\u00fazeum v \u017diline je region\u00e1lne m\u00fazeum so s\u00eddlom v Budat\u00edne. Jeho expoz\u00edcie s\u00fa zameran\u00e9 na dejiny slovensk\u00e9ho umenia, kult\u00fary a dopravy.","publisher":{"@id":"https:\/\/pmza.sk\/#organization"},"potentialAction":[{"@type":"SearchAction","target":{"@type":"EntryPoint","urlTemplate":"https:\/\/pmza.sk\/?s={search_term_string}"},"query-input":{"@type":"PropertyValueSpecification","valueRequired":true,"valueName":"search_term_string"}}],"inLanguage":"sk-SK"},{"@type":"Organization","@id":"https:\/\/pmza.sk\/#organization","name":"Pova\u017esk\u00e9 m\u00fazeum","url":"https:\/\/pmza.sk\/","logo":{"@type":"ImageObject","inLanguage":"sk-SK","@id":"https:\/\/pmza.sk\/#\/schema\/logo\/image\/","url":"https:\/\/pmza.sk\/wp-content\/uploads\/2022\/01\/logo_PM_horizontal.jpg","contentUrl":"https:\/\/pmza.sk\/wp-content\/uploads\/2022\/01\/logo_PM_horizontal.jpg","width":231,"height":142,"caption":"Pova\u017esk\u00e9 m\u00fazeum"},"image":{"@id":"https:\/\/pmza.sk\/#\/schema\/logo\/image\/"},"sameAs":["https:\/\/www.facebook.com\/povazskemuzeum","https:\/\/www.instagram.com\/povazskemuzeum\/"]},{"@type":"Person","@id":"https:\/\/pmza.sk\/#\/schema\/person\/595e6a2ce731ea94dcd5d7f50a41ae33","name":"Pova\u017esk\u00e9 m\u00fazeum","image":{"@type":"ImageObject","inLanguage":"sk-SK","@id":"https:\/\/secure.gravatar.com\/avatar\/2bb7f1561282132fb5826dfeccc66c7996d11ee392ac6aaf7ced8a1c2027fbb2?s=96&d=mm&r=g","url":"https:\/\/secure.gravatar.com\/avatar\/2bb7f1561282132fb5826dfeccc66c7996d11ee392ac6aaf7ced8a1c2027fbb2?s=96&d=mm&r=g","contentUrl":"https:\/\/secure.gravatar.com\/avatar\/2bb7f1561282132fb5826dfeccc66c7996d11ee392ac6aaf7ced8a1c2027fbb2?s=96&d=mm&r=g","caption":"Pova\u017esk\u00e9 m\u00fazeum"}}]}},"_links":{"self":[{"href":"https:\/\/pmza.sk\/index.php?rest_route=\/wp\/v2\/posts\/66392","targetHints":{"allow":["GET"]}}],"collection":[{"href":"https:\/\/pmza.sk\/index.php?rest_route=\/wp\/v2\/posts"}],"about":[{"href":"https:\/\/pmza.sk\/index.php?rest_route=\/wp\/v2\/types\/post"}],"author":[{"embeddable":true,"href":"https:\/\/pmza.sk\/index.php?rest_route=\/wp\/v2\/users\/2"}],"replies":[{"embeddable":true,"href":"https:\/\/pmza.sk\/index.php?rest_route=%2Fwp%2Fv2%2Fcomments&post=66392"}],"version-history":[{"count":0,"href":"https:\/\/pmza.sk\/index.php?rest_route=\/wp\/v2\/posts\/66392\/revisions"}],"wp:featuredmedia":[{"embeddable":true,"href":"https:\/\/pmza.sk\/index.php?rest_route=\/wp\/v2\/media\/66393"}],"wp:attachment":[{"href":"https:\/\/pmza.sk\/index.php?rest_route=%2Fwp%2Fv2%2Fmedia&parent=66392"}],"wp:term":[{"taxonomy":"category","embeddable":true,"href":"https:\/\/pmza.sk\/index.php?rest_route=%2Fwp%2Fv2%2Fcategories&post=66392"},{"taxonomy":"post_tag","embeddable":true,"href":"https:\/\/pmza.sk\/index.php?rest_route=%2Fwp%2Fv2%2Ftags&post=66392"}],"curies":[{"name":"wp","href":"https:\/\/api.w.org\/{rel}","templated":true}]}}