{"id":66423,"date":"2024-11-08T12:53:17","date_gmt":"2024-11-08T11:53:17","guid":{"rendered":"https:\/\/pmza.sk\/?p=66423"},"modified":"2025-03-28T07:13:59","modified_gmt":"2025-03-28T06:13:59","slug":"zamestnanci-muzea-ziskali-ocenenie-zsk","status":"publish","type":"post","link":"https:\/\/pmza.sk\/?p=66423","title":{"rendered":"Zamestnanci m\u00fazea z\u00edskali ocenenie \u017dSK"},"content":{"rendered":"<p>\u0160tyria zamestnanci Pova\u017esk\u00e9ho m\u00fazea z\u00edskali ocenenie za dlhoro\u010dn\u00fd pr\u00ednos k rozvoju kult\u00farnej in\u0161tit\u00facie \u017dilinsk\u00e9ho samospr\u00e1vneho kraja.\u00a0 Odovzd\u00e1vanie sa konalo vo \u0161tvrtok 7. 11. v priestoroch Slovensk\u00e9ho komorn\u00e9ho divadla v Martine.<\/p>\n<p>Medzi ocenen\u00fdch patrili:<\/p>\n<p>Ing. Katar\u00edna Rep\u00e1\u0148ov\u00e1 \u2013 spr\u00e1vky\u0148a hradu Stre\u010dno, 30 odpracovan\u00fdch rokov<\/p>\n<p>Mgr. Jana Adamusov\u00e1 \u2013 dokument\u00e1torka, kust\u00f3dka (oddelenie drot\u00e1rstva), knihovn\u00ed\u010dka, 30 rokov<\/p>\n<p>J\u00e1n Krivko \u2013 \u00fadr\u017eb\u00e1r na hrade Stre\u010dno, 29 odpracovan\u00fdch rokov<\/p>\n<p>Viera S\u00fakenikov\u00e1 \u2013 re\u0161taur\u00e1torka, konzerv\u00e1torka (textil), 26 odpracovan\u00fdch rokov<\/p>\n<p>Na\u0161im kolegyniam a kolegovi srde\u010dne gratulujeme a \u017eel\u00e1me im ve\u013ea \u00faspechov v \u010fal\u0161ej pr\u00e1ci!<\/p>\n<figure id=\"attachment_66425\" aria-describedby=\"caption-attachment-66425\" style=\"width: 540px\" class=\"wp-caption alignnone\"><img fetchpriority=\"high\" decoding=\"async\" class=\"wpa-warning wpa-image-missing-alt size-medium wp-image-66425\" src=\"https:\/\/pmza.sk\/wp-content\/uploads\/2024\/11\/Katka-2-540x360.jpg\" alt=\"\" width=\"540\" height=\"360\" data-warning=\"Missing alt text\" srcset=\"https:\/\/pmza.sk\/wp-content\/uploads\/2024\/11\/Katka-2-540x360.jpg 540w, https:\/\/pmza.sk\/wp-content\/uploads\/2024\/11\/Katka-2-1104x736.jpg 1104w, https:\/\/pmza.sk\/wp-content\/uploads\/2024\/11\/Katka-2-768x512.jpg 768w, https:\/\/pmza.sk\/wp-content\/uploads\/2024\/11\/Katka-2-1536x1024.jpg 1536w, https:\/\/pmza.sk\/wp-content\/uploads\/2024\/11\/Katka-2-600x400.jpg 600w, https:\/\/pmza.sk\/wp-content\/uploads\/2024\/11\/Katka-2.jpg 1920w\" sizes=\"(max-width: 540px) 100vw, 540px\" \/><figcaption id=\"caption-attachment-66425\" class=\"wp-caption-text\">Katar\u00edna Rep\u00e1\u0148ov\u00e1 preber\u00e1 ocenenie od predsedn\u00ed\u010dky \u017dSK Eriky Jurinovej.<\/figcaption><\/figure>\n<figure id=\"attachment_66426\" aria-describedby=\"caption-attachment-66426\" style=\"width: 540px\" class=\"wp-caption alignnone\"><img decoding=\"async\" class=\"wpa-warning wpa-image-missing-alt size-medium wp-image-66426\" src=\"https:\/\/pmza.sk\/wp-content\/uploads\/2024\/11\/Jano-2-540x360.jpg\" alt=\"\" width=\"540\" height=\"360\" data-warning=\"Missing alt text\" srcset=\"https:\/\/pmza.sk\/wp-content\/uploads\/2024\/11\/Jano-2-540x360.jpg 540w, https:\/\/pmza.sk\/wp-content\/uploads\/2024\/11\/Jano-2-1104x736.jpg 1104w, https:\/\/pmza.sk\/wp-content\/uploads\/2024\/11\/Jano-2-768x512.jpg 768w, https:\/\/pmza.sk\/wp-content\/uploads\/2024\/11\/Jano-2-1536x1024.jpg 1536w, https:\/\/pmza.sk\/wp-content\/uploads\/2024\/11\/Jano-2-600x400.jpg 600w, https:\/\/pmza.sk\/wp-content\/uploads\/2024\/11\/Jano-2.jpg 1920w\" sizes=\"(max-width: 540px) 100vw, 540px\" \/><figcaption id=\"caption-attachment-66426\" class=\"wp-caption-text\">J\u00e1n Krivko preber\u00e1 ocenenie od predsedn\u00ed\u010dky \u017dSK Eriky Jurinovej.<\/figcaption><\/figure>\n<figure id=\"attachment_66427\" aria-describedby=\"caption-attachment-66427\" style=\"width: 540px\" class=\"wp-caption alignnone\"><img decoding=\"async\" class=\"wpa-warning wpa-image-missing-alt size-medium wp-image-66427\" src=\"https:\/\/pmza.sk\/wp-content\/uploads\/2024\/11\/Vierka-2-540x360.jpg\" alt=\"\" width=\"540\" height=\"360\" data-warning=\"Missing alt text\" srcset=\"https:\/\/pmza.sk\/wp-content\/uploads\/2024\/11\/Vierka-2-540x360.jpg 540w, https:\/\/pmza.sk\/wp-content\/uploads\/2024\/11\/Vierka-2-1104x736.jpg 1104w, https:\/\/pmza.sk\/wp-content\/uploads\/2024\/11\/Vierka-2-768x512.jpg 768w, https:\/\/pmza.sk\/wp-content\/uploads\/2024\/11\/Vierka-2-1536x1024.jpg 1536w, https:\/\/pmza.sk\/wp-content\/uploads\/2024\/11\/Vierka-2-600x400.jpg 600w, https:\/\/pmza.sk\/wp-content\/uploads\/2024\/11\/Vierka-2.jpg 1920w\" sizes=\"(max-width: 540px) 100vw, 540px\" \/><figcaption id=\"caption-attachment-66427\" class=\"wp-caption-text\">Viera S\u00fakenikov\u00e1 preber\u00e1 ocenenie od predsedn\u00ed\u010dky \u017dSK Eriky Jurinovej.<\/figcaption><\/figure>\n<figure id=\"attachment_66428\" aria-describedby=\"caption-attachment-66428\" style=\"width: 540px\" class=\"wp-caption alignnone\"><img loading=\"lazy\" decoding=\"async\" class=\"wpa-warning wpa-image-missing-alt size-medium wp-image-66428\" src=\"https:\/\/pmza.sk\/wp-content\/uploads\/2024\/11\/Kvetka-2-540x360.jpg\" alt=\"\" width=\"540\" height=\"360\" data-warning=\"Missing alt text\" srcset=\"https:\/\/pmza.sk\/wp-content\/uploads\/2024\/11\/Kvetka-2-540x360.jpg 540w, https:\/\/pmza.sk\/wp-content\/uploads\/2024\/11\/Kvetka-2-1104x736.jpg 1104w, https:\/\/pmza.sk\/wp-content\/uploads\/2024\/11\/Kvetka-2-768x512.jpg 768w, https:\/\/pmza.sk\/wp-content\/uploads\/2024\/11\/Kvetka-2-1536x1024.jpg 1536w, https:\/\/pmza.sk\/wp-content\/uploads\/2024\/11\/Kvetka-2-600x400.jpg 600w, https:\/\/pmza.sk\/wp-content\/uploads\/2024\/11\/Kvetka-2.jpg 1920w\" sizes=\"(max-width: 540px) 100vw, 540px\" \/><figcaption id=\"caption-attachment-66428\" class=\"wp-caption-text\">Ocenenie za Janu Adamusov\u00fa prebrala z r\u00fak predsedn\u00ed\u010dky \u017dSK Eriky Jurinovej z\u00e1stupky\u0148a riadite\u013ea PM Kv\u011bta Kickov\u00e1.<strong> <br \/><\/strong><\/figcaption><\/figure>\n<p><strong>Tla\u010dov\u00e1 spr\u00e1va \u017dSK<\/strong><\/p>\n<p><strong>V\u00a0Slovenskom komornom divadle v\u00a0Martine si\u00a0 prevzalo ocenenie 40 zamestnancov z\u00a012 kult\u00farnych organiz\u00e1ci\u00ed v\u00a0zria\u010fovate\u013eskej p\u00f4sobnosti \u017dSK. <\/strong><\/p>\n<p>Ocenenie je ude\u013eovan\u00e9 zamestnancom kult\u00farnych zariaden\u00ed v\u00a0zria\u010fovate\u013eskej p\u00f4sobnosti \u017dSK ka\u017edoro\u010dne, ako po\u010fakovanie za ich dlhoro\u010dn\u00fd pr\u00ednos k rozvoju kult\u00farnej in\u0161tit\u00facie \u017dilinsk\u00e9ho samospr\u00e1vneho kraja<em>. <\/em><\/p>\n<p>Oce\u0148ovanie sa uskuto\u010dnilo po tret\u00edkr\u00e1t (pozn. 2019, 2022 a\u00a02024) a\u00a0z\u00edskaj\u00fa ho zamestnanci kult\u00farnych organiz\u00e1ci\u00ed, ktor\u00ed v\u00a0jednotliv\u00fdch organiz\u00e1ci\u00e1ch odpracovali od 25 do 30 rokov.<em> \u201eNeoce\u0148ujeme pracovn\u00edkov po kateg\u00f3ri\u00e1ch, preto\u017ee si mysl\u00edme, \u017ee ka\u017ed\u00e1, aj menej vidite\u013en\u00e1 pr\u00e1ca m\u00e1 zmysel a\u00a0ak je preveden\u00e1 s\u00a0rados\u0165ou a\u00a0d\u00f4slednos\u0165ou prispieva k\u00a0rozvoju na\u0161ich kult\u00farnych in\u0161tit\u00faci\u00ed, k\u00a0rozvoju kult\u00farneho povedomia a\u00a0rozvoju spolo\u010dnosti. T\u00fato my\u0161lienku vyjadruje aj ocenenie, ktor\u00e9 si dnes zamestnanci prevzali z\u00a0r\u00fak predsedn\u00ed\u010dky \u017dSK Eriky Jurinovej. Je n\u00edm umeleck\u00e9 stv\u00e1rnenie anjela, ktor\u00fd chr\u00e1ni a\u00a0p\u00f4sob\u00ed v\u00a0skrytosti,\u201c <\/em>uviedla Da\u0161a Lofajov\u00e1, riadite\u013eka odboru kult\u00fary \u017dSK. Ocenenie vytvorila keramik\u00e1rka Anna Modelsk\u00e1, poch\u00e1dzaj\u00faca z\u00a0Oravy (Doln\u00fd Kub\u00edn).<\/p>\n<p>Svoju gratul\u00e1ciu a\u00a0po\u010fakovanie prejavila ocenen\u00fdm aj Erika Jurinov\u00e1, predsedn\u00ed\u010dka \u017dSK: \u201e<em>Kult\u00fara je d\u00f4le\u017eitou s\u00fa\u010das\u0165ou identity n\u00e1\u0161ho kraja. Sme krajom hradov, skanzenov, v\u00fdnimo\u010dn\u00fdch pamiatok i\u00a0umenia. Neust\u00e1le modernizujeme na\u0161e kult\u00farne in\u0161tit\u00facie, z\u00a0vlastn\u00fdch zdrojov i\u00a0z\u00a0eurofondov. Len v\u00a0tomto roku sme napr\u00edklad zrekon\u0161truovali Krajsk\u00fa kni\u017enicu v\u00a0\u017diline v\u00a0celkovej v\u00fd\u0161ke <\/em><em>255 164 eur, obnovili sme drevenicu J. H\u00e1lu vo Va\u017eci, ktor\u00e1 bola po\u0161koden\u00e1 po\u017eiarom, na jej rekon\u0161trukciu kraj prispel sumou 71 280 eur<\/em> (pozn. zvy\u0161n\u00e1 \u010diastka vykryt\u00e1 z\u00a0poistnej udalosti).<em> Stavebn\u00fdmi \u00fapravami pre\u0161iel aj sklad kul\u00eds a\u00a0gar\u00e1\u017e\u00ed v\u00a0martinskom divadle vo v\u00fd\u0161ke 249\u00a0617 eur.\u00a0 V\u00a0roku 2025 za\u010dneme realizova\u0165 z\u00a0programov Interreg Slovensko\u2013\u010cesko a\u00a0Interreg Po\u013esko\u2013Slovensko 4 projekty. V\u00a0spolupr\u00e1ci s\u00a0Liptovsk\u00fdm m\u00fazeom zrekon\u0161truujeme hrad Likava, oprav\u00edme strechu budovy Liptovsk\u00e9ho m\u00fazea, ako aj viacer\u00fdch stavieb M\u00fazea liptovskej dediny v\u00a0Pribyline a\u00a0zrealizujeme aj nov\u00fa pr\u00edrodovedn\u00fa expoz\u00edciu v\u00a0m\u00fazeu v\u00a0Ru\u017eomberku. V\u00a0Kysuckom m\u00fazeu zre\u0161taurujeme parn\u00fd ru\u0161e\u0148 a\u00a0postav\u00edme turistick\u00fd objekt Stani\u010dky u\u00a0Kub\u00e1tkov.<\/em> <em>Ide o\u00a0invest\u00edcie v celkovej v\u00fd\u0161ke 8\u00a0032\u00a0524 eur. <\/em>\u201c<\/p>\n<p>\u017dilinsk\u00fd samospr\u00e1vny kraj m\u00e1 v\u00a0zria\u010fovate\u013eskej p\u00f4sobnosti 22 kult\u00farnych zariaden\u00ed a\u00a0v\u00a0r\u00e1mci nich 4 hrady a\u00a02 skanzeny.<\/p>\n<figure id=\"attachment_66429\" aria-describedby=\"caption-attachment-66429\" style=\"width: 540px\" class=\"wp-caption alignnone\"><img loading=\"lazy\" decoding=\"async\" class=\"wpa-warning wpa-image-missing-alt size-medium wp-image-66429\" src=\"https:\/\/pmza.sk\/wp-content\/uploads\/2024\/11\/spolocna-vsetci-2-540x360.jpg\" alt=\"\" width=\"540\" height=\"360\" data-warning=\"Missing alt text\" srcset=\"https:\/\/pmza.sk\/wp-content\/uploads\/2024\/11\/spolocna-vsetci-2-540x360.jpg 540w, https:\/\/pmza.sk\/wp-content\/uploads\/2024\/11\/spolocna-vsetci-2-1104x736.jpg 1104w, https:\/\/pmza.sk\/wp-content\/uploads\/2024\/11\/spolocna-vsetci-2-768x512.jpg 768w, https:\/\/pmza.sk\/wp-content\/uploads\/2024\/11\/spolocna-vsetci-2-1536x1024.jpg 1536w, https:\/\/pmza.sk\/wp-content\/uploads\/2024\/11\/spolocna-vsetci-2-600x400.jpg 600w, https:\/\/pmza.sk\/wp-content\/uploads\/2024\/11\/spolocna-vsetci-2.jpg 1920w\" sizes=\"(max-width: 540px) 100vw, 540px\" \/><figcaption id=\"caption-attachment-66429\" class=\"wp-caption-text\">Spolo\u010dn\u00e1 fotografia v\u0161etk\u00fdch ocenen\u00fdch.<\/figcaption><\/figure>\n<p>Foto: Franti\u0161ek Dokoupil, \u017dSK<\/p>\n<p>&nbsp;<\/p>\n","protected":false},"excerpt":{"rendered":"<p>\u0160tyria zamestnanci Pova\u017esk\u00e9ho m\u00fazea z\u00edskali ocenenie za dlhoro\u010dn\u00fd pr\u00ednos k rozvoju kult\u00farnej in\u0161tit\u00facie \u017dilinsk\u00e9ho samospr\u00e1vneho kraja.\u00a0 Odovzd\u00e1vanie sa konalo vo \u0161tvrtok 7. 11. v priestoroch Slovensk\u00e9ho komorn\u00e9ho divadla v Martine. Medzi ocenen\u00fdch patrili: Ing. Katar\u00edna Rep\u00e1\u0148ov\u00e1 \u2013 spr\u00e1vky\u0148a hradu Stre\u010dno, 30 odpracovan\u00fdch rokov Mgr. Jana Adamusov\u00e1 \u2013 dokument\u00e1torka, kust\u00f3dka (oddelenie drot\u00e1rstva), knihovn\u00ed\u010dka, 30 rokov J\u00e1n [&hellip;]<\/p>\n","protected":false},"author":2,"featured_media":66424,"comment_status":"closed","ping_status":"closed","sticky":false,"template":"","format":"standard","meta":{"site-sidebar-layout":"default","site-content-layout":"default","ast-site-content-layout":"default","site-content-style":"default","site-sidebar-style":"default","ast-global-header-display":"","ast-banner-title-visibility":"","ast-main-header-display":"","ast-hfb-above-header-display":"","ast-hfb-below-header-display":"","ast-hfb-mobile-header-display":"","site-post-title":"","ast-breadcrumbs-content":"","ast-featured-img":"","footer-sml-layout":"","theme-transparent-header-meta":"default","adv-header-id-meta":"","stick-header-meta":"default","header-above-stick-meta":"","header-main-stick-meta":"","header-below-stick-meta":"","astra-migrate-meta-layouts":"set","ast-page-background-enabled":"default","ast-page-background-meta":{"desktop":{"background-color":"var(--ast-global-color-4)","background-image":"","background-repeat":"repeat","background-position":"center center","background-size":"auto","background-attachment":"scroll","background-type":"","background-media":"","overlay-type":"","overlay-color":"","overlay-opacity":"","overlay-gradient":""},"tablet":{"background-color":"","background-image":"","background-repeat":"repeat","background-position":"center center","background-size":"auto","background-attachment":"scroll","background-type":"","background-media":"","overlay-type":"","overlay-color":"","overlay-opacity":"","overlay-gradient":""},"mobile":{"background-color":"","background-image":"","background-repeat":"repeat","background-position":"center center","background-size":"auto","background-attachment":"scroll","background-type":"","background-media":"","overlay-type":"","overlay-color":"","overlay-opacity":"","overlay-gradient":""}},"ast-content-background-meta":{"desktop":{"background-color":"var(--ast-global-color-5)","background-image":"","background-repeat":"repeat","background-position":"center center","background-size":"auto","background-attachment":"scroll","background-type":"","background-media":"","overlay-type":"","overlay-color":"","overlay-opacity":"","overlay-gradient":""},"tablet":{"background-color":"var(--ast-global-color-5)","background-image":"","background-repeat":"repeat","background-position":"center center","background-size":"auto","background-attachment":"scroll","background-type":"","background-media":"","overlay-type":"","overlay-color":"","overlay-opacity":"","overlay-gradient":""},"mobile":{"background-color":"var(--ast-global-color-5)","background-image":"","background-repeat":"repeat","background-position":"center center","background-size":"auto","background-attachment":"scroll","background-type":"","background-media":"","overlay-type":"","overlay-color":"","overlay-opacity":"","overlay-gradient":""}},"footnotes":""},"categories":[31],"tags":[],"class_list":["post-66423","post","type-post","status-publish","format-standard","has-post-thumbnail","hentry","category-aktuality"],"yoast_head":"<!-- This site is optimized with the Yoast SEO plugin v27.4 - https:\/\/yoast.com\/product\/yoast-seo-wordpress\/ -->\n<title>Zamestnanci m\u00fazea z\u00edskali ocenenie \u017dSK - Pova\u017esk\u00e9 m\u00fazeum<\/title>\n<meta name=\"robots\" content=\"index, follow, max-snippet:-1, max-image-preview:large, max-video-preview:-1\" \/>\n<link rel=\"canonical\" href=\"https:\/\/pmza.sk\/?p=66423\" \/>\n<meta property=\"og:locale\" content=\"sk_SK\" \/>\n<meta property=\"og:type\" content=\"article\" \/>\n<meta property=\"og:title\" content=\"Zamestnanci m\u00fazea z\u00edskali ocenenie \u017dSK - Pova\u017esk\u00e9 m\u00fazeum\" \/>\n<meta property=\"og:description\" content=\"\u0160tyria zamestnanci Pova\u017esk\u00e9ho m\u00fazea z\u00edskali ocenenie za dlhoro\u010dn\u00fd pr\u00ednos k rozvoju kult\u00farnej in\u0161tit\u00facie \u017dilinsk\u00e9ho samospr\u00e1vneho kraja.\u00a0 Odovzd\u00e1vanie sa konalo vo \u0161tvrtok 7. 11. v priestoroch Slovensk\u00e9ho komorn\u00e9ho divadla v Martine. Medzi ocenen\u00fdch patrili: Ing. Katar\u00edna Rep\u00e1\u0148ov\u00e1 \u2013 spr\u00e1vky\u0148a hradu Stre\u010dno, 30 odpracovan\u00fdch rokov Mgr. Jana Adamusov\u00e1 \u2013 dokument\u00e1torka, kust\u00f3dka (oddelenie drot\u00e1rstva), knihovn\u00ed\u010dka, 30 rokov J\u00e1n [&hellip;]\" \/>\n<meta property=\"og:url\" content=\"https:\/\/pmza.sk\/?p=66423\" \/>\n<meta property=\"og:site_name\" content=\"Pova\u017esk\u00e9 m\u00fazeum\" \/>\n<meta property=\"article:publisher\" content=\"https:\/\/www.facebook.com\/povazskemuzeum\" \/>\n<meta property=\"article:published_time\" content=\"2024-11-08T11:53:17+00:00\" \/>\n<meta property=\"article:modified_time\" content=\"2025-03-28T06:13:59+00:00\" \/>\n<meta property=\"og:image\" content=\"https:\/\/pmza.sk\/wp-content\/uploads\/2024\/11\/spolocna-nasi-2.jpg\" \/>\n\t<meta property=\"og:image:width\" content=\"1920\" \/>\n\t<meta property=\"og:image:height\" content=\"1280\" \/>\n\t<meta property=\"og:image:type\" content=\"image\/jpeg\" \/>\n<meta name=\"author\" content=\"Pova\u017esk\u00e9 m\u00fazeum\" \/>\n<meta name=\"twitter:card\" content=\"summary_large_image\" \/>\n<meta name=\"twitter:label1\" content=\"Autor\" \/>\n\t<meta name=\"twitter:data1\" content=\"Pova\u017esk\u00e9 m\u00fazeum\" \/>\n\t<meta name=\"twitter:label2\" content=\"Predpokladan\u00fd \u010das \u010d\u00edtania\" \/>\n\t<meta name=\"twitter:data2\" content=\"3 min\u00faty\" \/>\n<script type=\"application\/ld+json\" class=\"yoast-schema-graph\">{\"@context\":\"https:\\\/\\\/schema.org\",\"@graph\":[{\"@type\":\"Article\",\"@id\":\"https:\\\/\\\/pmza.sk\\\/?p=66423#article\",\"isPartOf\":{\"@id\":\"https:\\\/\\\/pmza.sk\\\/?p=66423\"},\"author\":{\"name\":\"Pova\u017esk\u00e9 m\u00fazeum\",\"@id\":\"https:\\\/\\\/pmza.sk\\\/#\\\/schema\\\/person\\\/595e6a2ce731ea94dcd5d7f50a41ae33\"},\"headline\":\"Zamestnanci m\u00fazea z\u00edskali ocenenie \u017dSK\",\"datePublished\":\"2024-11-08T11:53:17+00:00\",\"dateModified\":\"2025-03-28T06:13:59+00:00\",\"mainEntityOfPage\":{\"@id\":\"https:\\\/\\\/pmza.sk\\\/?p=66423\"},\"wordCount\":675,\"publisher\":{\"@id\":\"https:\\\/\\\/pmza.sk\\\/#organization\"},\"image\":{\"@id\":\"https:\\\/\\\/pmza.sk\\\/?p=66423#primaryimage\"},\"thumbnailUrl\":\"https:\\\/\\\/pmza.sk\\\/wp-content\\\/uploads\\\/2024\\\/11\\\/spolocna-nasi-2.jpg\",\"articleSection\":[\"Aktuality\"],\"inLanguage\":\"sk-SK\"},{\"@type\":\"WebPage\",\"@id\":\"https:\\\/\\\/pmza.sk\\\/?p=66423\",\"url\":\"https:\\\/\\\/pmza.sk\\\/?p=66423\",\"name\":\"Zamestnanci m\u00fazea z\u00edskali ocenenie \u017dSK - Pova\u017esk\u00e9 m\u00fazeum\",\"isPartOf\":{\"@id\":\"https:\\\/\\\/pmza.sk\\\/#website\"},\"primaryImageOfPage\":{\"@id\":\"https:\\\/\\\/pmza.sk\\\/?p=66423#primaryimage\"},\"image\":{\"@id\":\"https:\\\/\\\/pmza.sk\\\/?p=66423#primaryimage\"},\"thumbnailUrl\":\"https:\\\/\\\/pmza.sk\\\/wp-content\\\/uploads\\\/2024\\\/11\\\/spolocna-nasi-2.jpg\",\"datePublished\":\"2024-11-08T11:53:17+00:00\",\"dateModified\":\"2025-03-28T06:13:59+00:00\",\"breadcrumb\":{\"@id\":\"https:\\\/\\\/pmza.sk\\\/?p=66423#breadcrumb\"},\"inLanguage\":\"sk-SK\",\"potentialAction\":[{\"@type\":\"ReadAction\",\"target\":[\"https:\\\/\\\/pmza.sk\\\/?p=66423\"]}]},{\"@type\":\"ImageObject\",\"inLanguage\":\"sk-SK\",\"@id\":\"https:\\\/\\\/pmza.sk\\\/?p=66423#primaryimage\",\"url\":\"https:\\\/\\\/pmza.sk\\\/wp-content\\\/uploads\\\/2024\\\/11\\\/spolocna-nasi-2.jpg\",\"contentUrl\":\"https:\\\/\\\/pmza.sk\\\/wp-content\\\/uploads\\\/2024\\\/11\\\/spolocna-nasi-2.jpg\",\"width\":1920,\"height\":1280},{\"@type\":\"BreadcrumbList\",\"@id\":\"https:\\\/\\\/pmza.sk\\\/?p=66423#breadcrumb\",\"itemListElement\":[{\"@type\":\"ListItem\",\"position\":1,\"name\":\"Domovsk\u00e1 str\u00e1nka\",\"item\":\"https:\\\/\\\/pmza.sk\\\/\"},{\"@type\":\"ListItem\",\"position\":2,\"name\":\"Zamestnanci m\u00fazea z\u00edskali ocenenie \u017dSK\"}]},{\"@type\":\"WebSite\",\"@id\":\"https:\\\/\\\/pmza.sk\\\/#website\",\"url\":\"https:\\\/\\\/pmza.sk\\\/\",\"name\":\"Pova\u017esk\u00e9 m\u00fazeum\",\"description\":\"Pova\u017esk\u00e9 m\u00fazeum v \u017diline je region\u00e1lne m\u00fazeum so s\u00eddlom v Budat\u00edne. Jeho expoz\u00edcie s\u00fa zameran\u00e9 na dejiny slovensk\u00e9ho umenia, kult\u00fary a dopravy.\",\"publisher\":{\"@id\":\"https:\\\/\\\/pmza.sk\\\/#organization\"},\"potentialAction\":[{\"@type\":\"SearchAction\",\"target\":{\"@type\":\"EntryPoint\",\"urlTemplate\":\"https:\\\/\\\/pmza.sk\\\/?s={search_term_string}\"},\"query-input\":{\"@type\":\"PropertyValueSpecification\",\"valueRequired\":true,\"valueName\":\"search_term_string\"}}],\"inLanguage\":\"sk-SK\"},{\"@type\":\"Organization\",\"@id\":\"https:\\\/\\\/pmza.sk\\\/#organization\",\"name\":\"Pova\u017esk\u00e9 m\u00fazeum\",\"url\":\"https:\\\/\\\/pmza.sk\\\/\",\"logo\":{\"@type\":\"ImageObject\",\"inLanguage\":\"sk-SK\",\"@id\":\"https:\\\/\\\/pmza.sk\\\/#\\\/schema\\\/logo\\\/image\\\/\",\"url\":\"https:\\\/\\\/pmza.sk\\\/wp-content\\\/uploads\\\/2022\\\/01\\\/logo_PM_horizontal.jpg\",\"contentUrl\":\"https:\\\/\\\/pmza.sk\\\/wp-content\\\/uploads\\\/2022\\\/01\\\/logo_PM_horizontal.jpg\",\"width\":231,\"height\":142,\"caption\":\"Pova\u017esk\u00e9 m\u00fazeum\"},\"image\":{\"@id\":\"https:\\\/\\\/pmza.sk\\\/#\\\/schema\\\/logo\\\/image\\\/\"},\"sameAs\":[\"https:\\\/\\\/www.facebook.com\\\/povazskemuzeum\",\"https:\\\/\\\/www.instagram.com\\\/povazskemuzeum\\\/\"]},{\"@type\":\"Person\",\"@id\":\"https:\\\/\\\/pmza.sk\\\/#\\\/schema\\\/person\\\/595e6a2ce731ea94dcd5d7f50a41ae33\",\"name\":\"Pova\u017esk\u00e9 m\u00fazeum\",\"image\":{\"@type\":\"ImageObject\",\"inLanguage\":\"sk-SK\",\"@id\":\"https:\\\/\\\/secure.gravatar.com\\\/avatar\\\/2bb7f1561282132fb5826dfeccc66c7996d11ee392ac6aaf7ced8a1c2027fbb2?s=96&d=mm&r=g\",\"url\":\"https:\\\/\\\/secure.gravatar.com\\\/avatar\\\/2bb7f1561282132fb5826dfeccc66c7996d11ee392ac6aaf7ced8a1c2027fbb2?s=96&d=mm&r=g\",\"contentUrl\":\"https:\\\/\\\/secure.gravatar.com\\\/avatar\\\/2bb7f1561282132fb5826dfeccc66c7996d11ee392ac6aaf7ced8a1c2027fbb2?s=96&d=mm&r=g\",\"caption\":\"Pova\u017esk\u00e9 m\u00fazeum\"}}]}<\/script>\n<!-- \/ Yoast SEO plugin. -->","yoast_head_json":{"title":"Zamestnanci m\u00fazea z\u00edskali ocenenie \u017dSK - Pova\u017esk\u00e9 m\u00fazeum","robots":{"index":"index","follow":"follow","max-snippet":"max-snippet:-1","max-image-preview":"max-image-preview:large","max-video-preview":"max-video-preview:-1"},"canonical":"https:\/\/pmza.sk\/?p=66423","og_locale":"sk_SK","og_type":"article","og_title":"Zamestnanci m\u00fazea z\u00edskali ocenenie \u017dSK - Pova\u017esk\u00e9 m\u00fazeum","og_description":"\u0160tyria zamestnanci Pova\u017esk\u00e9ho m\u00fazea z\u00edskali ocenenie za dlhoro\u010dn\u00fd pr\u00ednos k rozvoju kult\u00farnej in\u0161tit\u00facie \u017dilinsk\u00e9ho samospr\u00e1vneho kraja.\u00a0 Odovzd\u00e1vanie sa konalo vo \u0161tvrtok 7. 11. v priestoroch Slovensk\u00e9ho komorn\u00e9ho divadla v Martine. Medzi ocenen\u00fdch patrili: Ing. Katar\u00edna Rep\u00e1\u0148ov\u00e1 \u2013 spr\u00e1vky\u0148a hradu Stre\u010dno, 30 odpracovan\u00fdch rokov Mgr. Jana Adamusov\u00e1 \u2013 dokument\u00e1torka, kust\u00f3dka (oddelenie drot\u00e1rstva), knihovn\u00ed\u010dka, 30 rokov J\u00e1n [&hellip;]","og_url":"https:\/\/pmza.sk\/?p=66423","og_site_name":"Pova\u017esk\u00e9 m\u00fazeum","article_publisher":"https:\/\/www.facebook.com\/povazskemuzeum","article_published_time":"2024-11-08T11:53:17+00:00","article_modified_time":"2025-03-28T06:13:59+00:00","og_image":[{"width":1920,"height":1280,"url":"https:\/\/pmza.sk\/wp-content\/uploads\/2024\/11\/spolocna-nasi-2.jpg","type":"image\/jpeg"}],"author":"Pova\u017esk\u00e9 m\u00fazeum","twitter_card":"summary_large_image","twitter_misc":{"Autor":"Pova\u017esk\u00e9 m\u00fazeum","Predpokladan\u00fd \u010das \u010d\u00edtania":"3 min\u00faty"},"schema":{"@context":"https:\/\/schema.org","@graph":[{"@type":"Article","@id":"https:\/\/pmza.sk\/?p=66423#article","isPartOf":{"@id":"https:\/\/pmza.sk\/?p=66423"},"author":{"name":"Pova\u017esk\u00e9 m\u00fazeum","@id":"https:\/\/pmza.sk\/#\/schema\/person\/595e6a2ce731ea94dcd5d7f50a41ae33"},"headline":"Zamestnanci m\u00fazea z\u00edskali ocenenie \u017dSK","datePublished":"2024-11-08T11:53:17+00:00","dateModified":"2025-03-28T06:13:59+00:00","mainEntityOfPage":{"@id":"https:\/\/pmza.sk\/?p=66423"},"wordCount":675,"publisher":{"@id":"https:\/\/pmza.sk\/#organization"},"image":{"@id":"https:\/\/pmza.sk\/?p=66423#primaryimage"},"thumbnailUrl":"https:\/\/pmza.sk\/wp-content\/uploads\/2024\/11\/spolocna-nasi-2.jpg","articleSection":["Aktuality"],"inLanguage":"sk-SK"},{"@type":"WebPage","@id":"https:\/\/pmza.sk\/?p=66423","url":"https:\/\/pmza.sk\/?p=66423","name":"Zamestnanci m\u00fazea z\u00edskali ocenenie \u017dSK - Pova\u017esk\u00e9 m\u00fazeum","isPartOf":{"@id":"https:\/\/pmza.sk\/#website"},"primaryImageOfPage":{"@id":"https:\/\/pmza.sk\/?p=66423#primaryimage"},"image":{"@id":"https:\/\/pmza.sk\/?p=66423#primaryimage"},"thumbnailUrl":"https:\/\/pmza.sk\/wp-content\/uploads\/2024\/11\/spolocna-nasi-2.jpg","datePublished":"2024-11-08T11:53:17+00:00","dateModified":"2025-03-28T06:13:59+00:00","breadcrumb":{"@id":"https:\/\/pmza.sk\/?p=66423#breadcrumb"},"inLanguage":"sk-SK","potentialAction":[{"@type":"ReadAction","target":["https:\/\/pmza.sk\/?p=66423"]}]},{"@type":"ImageObject","inLanguage":"sk-SK","@id":"https:\/\/pmza.sk\/?p=66423#primaryimage","url":"https:\/\/pmza.sk\/wp-content\/uploads\/2024\/11\/spolocna-nasi-2.jpg","contentUrl":"https:\/\/pmza.sk\/wp-content\/uploads\/2024\/11\/spolocna-nasi-2.jpg","width":1920,"height":1280},{"@type":"BreadcrumbList","@id":"https:\/\/pmza.sk\/?p=66423#breadcrumb","itemListElement":[{"@type":"ListItem","position":1,"name":"Domovsk\u00e1 str\u00e1nka","item":"https:\/\/pmza.sk\/"},{"@type":"ListItem","position":2,"name":"Zamestnanci m\u00fazea z\u00edskali ocenenie \u017dSK"}]},{"@type":"WebSite","@id":"https:\/\/pmza.sk\/#website","url":"https:\/\/pmza.sk\/","name":"Pova\u017esk\u00e9 m\u00fazeum","description":"Pova\u017esk\u00e9 m\u00fazeum v \u017diline je region\u00e1lne m\u00fazeum so s\u00eddlom v Budat\u00edne. Jeho expoz\u00edcie s\u00fa zameran\u00e9 na dejiny slovensk\u00e9ho umenia, kult\u00fary a dopravy.","publisher":{"@id":"https:\/\/pmza.sk\/#organization"},"potentialAction":[{"@type":"SearchAction","target":{"@type":"EntryPoint","urlTemplate":"https:\/\/pmza.sk\/?s={search_term_string}"},"query-input":{"@type":"PropertyValueSpecification","valueRequired":true,"valueName":"search_term_string"}}],"inLanguage":"sk-SK"},{"@type":"Organization","@id":"https:\/\/pmza.sk\/#organization","name":"Pova\u017esk\u00e9 m\u00fazeum","url":"https:\/\/pmza.sk\/","logo":{"@type":"ImageObject","inLanguage":"sk-SK","@id":"https:\/\/pmza.sk\/#\/schema\/logo\/image\/","url":"https:\/\/pmza.sk\/wp-content\/uploads\/2022\/01\/logo_PM_horizontal.jpg","contentUrl":"https:\/\/pmza.sk\/wp-content\/uploads\/2022\/01\/logo_PM_horizontal.jpg","width":231,"height":142,"caption":"Pova\u017esk\u00e9 m\u00fazeum"},"image":{"@id":"https:\/\/pmza.sk\/#\/schema\/logo\/image\/"},"sameAs":["https:\/\/www.facebook.com\/povazskemuzeum","https:\/\/www.instagram.com\/povazskemuzeum\/"]},{"@type":"Person","@id":"https:\/\/pmza.sk\/#\/schema\/person\/595e6a2ce731ea94dcd5d7f50a41ae33","name":"Pova\u017esk\u00e9 m\u00fazeum","image":{"@type":"ImageObject","inLanguage":"sk-SK","@id":"https:\/\/secure.gravatar.com\/avatar\/2bb7f1561282132fb5826dfeccc66c7996d11ee392ac6aaf7ced8a1c2027fbb2?s=96&d=mm&r=g","url":"https:\/\/secure.gravatar.com\/avatar\/2bb7f1561282132fb5826dfeccc66c7996d11ee392ac6aaf7ced8a1c2027fbb2?s=96&d=mm&r=g","contentUrl":"https:\/\/secure.gravatar.com\/avatar\/2bb7f1561282132fb5826dfeccc66c7996d11ee392ac6aaf7ced8a1c2027fbb2?s=96&d=mm&r=g","caption":"Pova\u017esk\u00e9 m\u00fazeum"}}]}},"_links":{"self":[{"href":"https:\/\/pmza.sk\/index.php?rest_route=\/wp\/v2\/posts\/66423","targetHints":{"allow":["GET"]}}],"collection":[{"href":"https:\/\/pmza.sk\/index.php?rest_route=\/wp\/v2\/posts"}],"about":[{"href":"https:\/\/pmza.sk\/index.php?rest_route=\/wp\/v2\/types\/post"}],"author":[{"embeddable":true,"href":"https:\/\/pmza.sk\/index.php?rest_route=\/wp\/v2\/users\/2"}],"replies":[{"embeddable":true,"href":"https:\/\/pmza.sk\/index.php?rest_route=%2Fwp%2Fv2%2Fcomments&post=66423"}],"version-history":[{"count":0,"href":"https:\/\/pmza.sk\/index.php?rest_route=\/wp\/v2\/posts\/66423\/revisions"}],"wp:featuredmedia":[{"embeddable":true,"href":"https:\/\/pmza.sk\/index.php?rest_route=\/wp\/v2\/media\/66424"}],"wp:attachment":[{"href":"https:\/\/pmza.sk\/index.php?rest_route=%2Fwp%2Fv2%2Fmedia&parent=66423"}],"wp:term":[{"taxonomy":"category","embeddable":true,"href":"https:\/\/pmza.sk\/index.php?rest_route=%2Fwp%2Fv2%2Fcategories&post=66423"},{"taxonomy":"post_tag","embeddable":true,"href":"https:\/\/pmza.sk\/index.php?rest_route=%2Fwp%2Fv2%2Ftags&post=66423"}],"curies":[{"name":"wp","href":"https:\/\/api.w.org\/{rel}","templated":true}]}}