{"id":66446,"date":"2024-11-11T13:31:08","date_gmt":"2024-11-11T12:31:08","guid":{"rendered":"https:\/\/pmza.sk\/?p=66446"},"modified":"2024-12-09T07:52:57","modified_gmt":"2024-12-09T06:52:57","slug":"vianoce-v-budatine-7","status":"publish","type":"post","link":"https:\/\/pmza.sk\/?p=66446","title":{"rendered":"Vianoce v Budat\u00edne"},"content":{"rendered":"<p>Vr\u00e1\u0165te sa s\u00a0nami v\u00a0\u010dase a\u00a0za\u017eite Vianoce v\u00a0\u0161\u013eachtickej rodine.<\/p>\n<p>Pova\u017esk\u00e9 m\u00fazeum poz\u00fdva v\u0161etk\u00fdch svojich priaznivcov na podujatie Vianoce v\u00a0Budat\u00edne, ktor\u00e9 sa bude kona\u0165 v\u00a0nede\u013eu 8. decembra. N\u00e1v\u0161tevn\u00edci Budat\u00ednskeho hradu sa po\u010das druhej adventnej nedele prenes\u00fa do minulosti a zistia, ako asi mohli vyzera\u0165 sviatky v\u00a0panskom s\u00eddle. <em>\u201eTento rok sme sa rozhodli prinies\u0165 nov\u00fd koncept prehliadok. Nep\u00f4jde o\u00a0hran\u00e9 sc\u00e9nky, ale o\u017eiven\u00fa expoz\u00edciu so zbierkov\u00fdmi predmetmi, ktor\u00e9 \u013eudia v\u00a0hrade be\u017ene nevidia. Na\u0161i lektori v\u00a0dobov\u00fdch kost\u00fdmoch pribl\u00ed\u017eia atmosf\u00e9ru Vianoc v\u00a0\u0161\u013eachtick\u00fdch rodin\u00e1ch,\u201c <\/em>uviedla kult\u00farna mana\u017e\u00e9rku Sabina Pavl\u00edkov\u00e1. O\u017eiven\u00e9 prehliadky bud\u00fa prebieha\u0165 ka\u017ed\u00fa hodinu od 9.00 do 16.00 a\u00a0ich s\u00fa\u010das\u0165ou bude aj dobov\u00e1 hudba.<\/p>\n<p>Vo v\u00fdchodnom pal\u00e1ci hradu sa m\u00f4\u017eu deti, ale i dospel\u00ed te\u0161i\u0165 na viano\u010dn\u00e9 tvoriv\u00e9 dielne, z\u00a0ktor\u00fdch si odnes\u00fa origin\u00e1lne ozdoby a\u00a0dekor\u00e1cie. Kreat\u00edvne chv\u00edle spr\u00edjemn\u00ed v\u00f4\u0148a obl\u00e1tok a\u00a0medovn\u00edkov. Ich v\u00fdrobu dokonca uvidia na vlastn\u00e9 o\u010di. Ani tento rok nebude ch\u00fdba\u0165 viano\u010dn\u00fd strom\u010dek pred kaplnkou. Smrek od s\u00fakromn\u00e9ho darcu m\u00f4\u017eu vyzdobi\u0165 n\u00e1v\u0161tevn\u00edci parku a\u00a0da\u0165 tak druh\u00fa \u0161ancu nepotrebn\u00fdm ozdob\u00e1m zo svojich dom\u00e1cnost\u00ed.<\/p>\n<p>Po\u010das podujatia bude otvoren\u00fd aj Drot\u00e1rsky pavil\u00f3n, kde sa nach\u00e1dza v\u00fdstava s n\u00e1zvom \u010co dr\u00f4t spojil, \u010das nerozdel\u00ed a tie\u017e kaplnka, v ktorej z\u00e1ujemcovia n\u00e1jdu v\u00fdstavu \u010co na oblohe (ne)vid\u00edme.<\/p>\n<div class=\"wp-block-image\"><img fetchpriority=\"high\" decoding=\"async\" class=\"wpa-warning wpa-image-missing-alt alignnone size-medium wp-image-66447\" src=\"https:\/\/pmza.sk\/wp-content\/uploads\/2024\/11\/Vianoce_v_Budatine_24_K3-255x360.jpg\" alt=\"\" width=\"255\" height=\"360\" data-warning=\"Missing alt text\" srcset=\"https:\/\/pmza.sk\/wp-content\/uploads\/2024\/11\/Vianoce_v_Budatine_24_K3-255x360.jpg 255w, https:\/\/pmza.sk\/wp-content\/uploads\/2024\/11\/Vianoce_v_Budatine_24_K3-520x736.jpg 520w, https:\/\/pmza.sk\/wp-content\/uploads\/2024\/11\/Vianoce_v_Budatine_24_K3-768x1086.jpg 768w, https:\/\/pmza.sk\/wp-content\/uploads\/2024\/11\/Vianoce_v_Budatine_24_K3-1086x1536.jpg 1086w, https:\/\/pmza.sk\/wp-content\/uploads\/2024\/11\/Vianoce_v_Budatine_24_K3-1448x2048.jpg 1448w, https:\/\/pmza.sk\/wp-content\/uploads\/2024\/11\/Vianoce_v_Budatine_24_K3-600x849.jpg 600w, https:\/\/pmza.sk\/wp-content\/uploads\/2024\/11\/Vianoce_v_Budatine_24_K3-scaled.jpg 1810w\" sizes=\"(max-width: 255px) 100vw, 255px\" \/><\/div>\n<div>Plag\u00e1t v plnej ve\u013ekosti <a href=\"https:\/\/pmza.sk\/wp-content\/uploads\/2024\/11\/Vianoce_v_Budatine_24_K3.pdf\">TU<\/a><\/div>\n","protected":false},"excerpt":{"rendered":"<p>Vr\u00e1\u0165te sa s\u00a0nami v\u00a0\u010dase a\u00a0za\u017eite Vianoce v\u00a0\u0161\u013eachtickej rodine. Pova\u017esk\u00e9 m\u00fazeum poz\u00fdva v\u0161etk\u00fdch svojich priaznivcov na podujatie Vianoce v\u00a0Budat\u00edne, ktor\u00e9 sa bude kona\u0165 v\u00a0nede\u013eu 8. decembra. N\u00e1v\u0161tevn\u00edci Budat\u00ednskeho hradu sa po\u010das druhej adventnej nedele prenes\u00fa do minulosti a zistia, ako asi mohli vyzera\u0165 sviatky v\u00a0panskom s\u00eddle. \u201eTento rok sme sa rozhodli prinies\u0165 nov\u00fd koncept prehliadok. Nep\u00f4jde [&hellip;]<\/p>\n","protected":false},"author":2,"featured_media":66449,"comment_status":"closed","ping_status":"closed","sticky":false,"template":"","format":"standard","meta":{"site-sidebar-layout":"default","site-content-layout":"default","ast-site-content-layout":"","site-content-style":"default","site-sidebar-style":"default","ast-global-header-display":"","ast-banner-title-visibility":"","ast-main-header-display":"","ast-hfb-above-header-display":"","ast-hfb-below-header-display":"","ast-hfb-mobile-header-display":"","site-post-title":"","ast-breadcrumbs-content":"","ast-featured-img":"","footer-sml-layout":"","theme-transparent-header-meta":"default","adv-header-id-meta":"","stick-header-meta":"default","header-above-stick-meta":"","header-main-stick-meta":"","header-below-stick-meta":"","astra-migrate-meta-layouts":"default","ast-page-background-enabled":"default","ast-page-background-meta":{"desktop":{"background-color":"var(--ast-global-color-4)","background-image":"","background-repeat":"repeat","background-position":"center center","background-size":"auto","background-attachment":"scroll","background-type":"","background-media":"","overlay-type":"","overlay-color":"","overlay-opacity":"","overlay-gradient":""},"tablet":{"background-color":"","background-image":"","background-repeat":"repeat","background-position":"center center","background-size":"auto","background-attachment":"scroll","background-type":"","background-media":"","overlay-type":"","overlay-color":"","overlay-opacity":"","overlay-gradient":""},"mobile":{"background-color":"","background-image":"","background-repeat":"repeat","background-position":"center center","background-size":"auto","background-attachment":"scroll","background-type":"","background-media":"","overlay-type":"","overlay-color":"","overlay-opacity":"","overlay-gradient":""}},"ast-content-background-meta":{"desktop":{"background-color":"var(--ast-global-color-5)","background-image":"","background-repeat":"repeat","background-position":"center center","background-size":"auto","background-attachment":"scroll","background-type":"","background-media":"","overlay-type":"","overlay-color":"","overlay-opacity":"","overlay-gradient":""},"tablet":{"background-color":"var(--ast-global-color-5)","background-image":"","background-repeat":"repeat","background-position":"center center","background-size":"auto","background-attachment":"scroll","background-type":"","background-media":"","overlay-type":"","overlay-color":"","overlay-opacity":"","overlay-gradient":""},"mobile":{"background-color":"var(--ast-global-color-5)","background-image":"","background-repeat":"repeat","background-position":"center center","background-size":"auto","background-attachment":"scroll","background-type":"","background-media":"","overlay-type":"","overlay-color":"","overlay-opacity":"","overlay-gradient":""}},"footnotes":""},"categories":[71],"tags":[],"class_list":["post-66446","post","type-post","status-publish","format-standard","has-post-thumbnail","hentry","category-podujatia"],"yoast_head":"<!-- This site is optimized with the Yoast SEO plugin v27.4 - https:\/\/yoast.com\/product\/yoast-seo-wordpress\/ -->\n<title>Vianoce v Budat\u00edne - Pova\u017esk\u00e9 m\u00fazeum<\/title>\n<meta name=\"robots\" content=\"index, follow, max-snippet:-1, max-image-preview:large, max-video-preview:-1\" \/>\n<link rel=\"canonical\" href=\"https:\/\/pmza.sk\/?p=66446\" \/>\n<meta property=\"og:locale\" content=\"sk_SK\" \/>\n<meta property=\"og:type\" content=\"article\" \/>\n<meta property=\"og:title\" content=\"Vianoce v Budat\u00edne - Pova\u017esk\u00e9 m\u00fazeum\" \/>\n<meta property=\"og:description\" content=\"Vr\u00e1\u0165te sa s\u00a0nami v\u00a0\u010dase a\u00a0za\u017eite Vianoce v\u00a0\u0161\u013eachtickej rodine. Pova\u017esk\u00e9 m\u00fazeum poz\u00fdva v\u0161etk\u00fdch svojich priaznivcov na podujatie Vianoce v\u00a0Budat\u00edne, ktor\u00e9 sa bude kona\u0165 v\u00a0nede\u013eu 8. decembra. N\u00e1v\u0161tevn\u00edci Budat\u00ednskeho hradu sa po\u010das druhej adventnej nedele prenes\u00fa do minulosti a zistia, ako asi mohli vyzera\u0165 sviatky v\u00a0panskom s\u00eddle. \u201eTento rok sme sa rozhodli prinies\u0165 nov\u00fd koncept prehliadok. Nep\u00f4jde [&hellip;]\" \/>\n<meta property=\"og:url\" content=\"https:\/\/pmza.sk\/?p=66446\" \/>\n<meta property=\"og:site_name\" content=\"Pova\u017esk\u00e9 m\u00fazeum\" \/>\n<meta property=\"article:publisher\" content=\"https:\/\/www.facebook.com\/povazskemuzeum\" \/>\n<meta property=\"article:published_time\" content=\"2024-11-11T12:31:08+00:00\" \/>\n<meta property=\"article:modified_time\" content=\"2024-12-09T06:52:57+00:00\" \/>\n<meta property=\"og:image\" content=\"https:\/\/pmza.sk\/wp-content\/uploads\/2024\/11\/Vianoce_v_Budatine_24_web-scaled.jpg\" \/>\n\t<meta property=\"og:image:width\" content=\"2560\" \/>\n\t<meta property=\"og:image:height\" content=\"2560\" \/>\n\t<meta property=\"og:image:type\" content=\"image\/jpeg\" \/>\n<meta name=\"author\" content=\"Pova\u017esk\u00e9 m\u00fazeum\" \/>\n<meta name=\"twitter:card\" content=\"summary_large_image\" \/>\n<meta name=\"twitter:label1\" content=\"Autor\" \/>\n\t<meta name=\"twitter:data1\" content=\"Pova\u017esk\u00e9 m\u00fazeum\" \/>\n\t<meta name=\"twitter:label2\" content=\"Predpokladan\u00fd \u010das \u010d\u00edtania\" \/>\n\t<meta name=\"twitter:data2\" content=\"1 min\u00fata\" \/>\n<script type=\"application\/ld+json\" class=\"yoast-schema-graph\">{\"@context\":\"https:\\\/\\\/schema.org\",\"@graph\":[{\"@type\":\"Article\",\"@id\":\"https:\\\/\\\/pmza.sk\\\/?p=66446#article\",\"isPartOf\":{\"@id\":\"https:\\\/\\\/pmza.sk\\\/?p=66446\"},\"author\":{\"name\":\"Pova\u017esk\u00e9 m\u00fazeum\",\"@id\":\"https:\\\/\\\/pmza.sk\\\/#\\\/schema\\\/person\\\/595e6a2ce731ea94dcd5d7f50a41ae33\"},\"headline\":\"Vianoce v Budat\u00edne\",\"datePublished\":\"2024-11-11T12:31:08+00:00\",\"dateModified\":\"2024-12-09T06:52:57+00:00\",\"mainEntityOfPage\":{\"@id\":\"https:\\\/\\\/pmza.sk\\\/?p=66446\"},\"wordCount\":287,\"publisher\":{\"@id\":\"https:\\\/\\\/pmza.sk\\\/#organization\"},\"image\":{\"@id\":\"https:\\\/\\\/pmza.sk\\\/?p=66446#primaryimage\"},\"thumbnailUrl\":\"https:\\\/\\\/pmza.sk\\\/wp-content\\\/uploads\\\/2024\\\/11\\\/Vianoce_v_Budatine_24_web-scaled.jpg\",\"articleSection\":[\"Podujatia\"],\"inLanguage\":\"sk-SK\"},{\"@type\":\"WebPage\",\"@id\":\"https:\\\/\\\/pmza.sk\\\/?p=66446\",\"url\":\"https:\\\/\\\/pmza.sk\\\/?p=66446\",\"name\":\"Vianoce v Budat\u00edne - Pova\u017esk\u00e9 m\u00fazeum\",\"isPartOf\":{\"@id\":\"https:\\\/\\\/pmza.sk\\\/#website\"},\"primaryImageOfPage\":{\"@id\":\"https:\\\/\\\/pmza.sk\\\/?p=66446#primaryimage\"},\"image\":{\"@id\":\"https:\\\/\\\/pmza.sk\\\/?p=66446#primaryimage\"},\"thumbnailUrl\":\"https:\\\/\\\/pmza.sk\\\/wp-content\\\/uploads\\\/2024\\\/11\\\/Vianoce_v_Budatine_24_web-scaled.jpg\",\"datePublished\":\"2024-11-11T12:31:08+00:00\",\"dateModified\":\"2024-12-09T06:52:57+00:00\",\"breadcrumb\":{\"@id\":\"https:\\\/\\\/pmza.sk\\\/?p=66446#breadcrumb\"},\"inLanguage\":\"sk-SK\",\"potentialAction\":[{\"@type\":\"ReadAction\",\"target\":[\"https:\\\/\\\/pmza.sk\\\/?p=66446\"]}]},{\"@type\":\"ImageObject\",\"inLanguage\":\"sk-SK\",\"@id\":\"https:\\\/\\\/pmza.sk\\\/?p=66446#primaryimage\",\"url\":\"https:\\\/\\\/pmza.sk\\\/wp-content\\\/uploads\\\/2024\\\/11\\\/Vianoce_v_Budatine_24_web-scaled.jpg\",\"contentUrl\":\"https:\\\/\\\/pmza.sk\\\/wp-content\\\/uploads\\\/2024\\\/11\\\/Vianoce_v_Budatine_24_web-scaled.jpg\",\"width\":2560,\"height\":2560},{\"@type\":\"BreadcrumbList\",\"@id\":\"https:\\\/\\\/pmza.sk\\\/?p=66446#breadcrumb\",\"itemListElement\":[{\"@type\":\"ListItem\",\"position\":1,\"name\":\"Domovsk\u00e1 str\u00e1nka\",\"item\":\"https:\\\/\\\/pmza.sk\\\/\"},{\"@type\":\"ListItem\",\"position\":2,\"name\":\"Vianoce v Budat\u00edne\"}]},{\"@type\":\"WebSite\",\"@id\":\"https:\\\/\\\/pmza.sk\\\/#website\",\"url\":\"https:\\\/\\\/pmza.sk\\\/\",\"name\":\"Pova\u017esk\u00e9 m\u00fazeum\",\"description\":\"Pova\u017esk\u00e9 m\u00fazeum v \u017diline je region\u00e1lne m\u00fazeum so s\u00eddlom v Budat\u00edne. Jeho expoz\u00edcie s\u00fa zameran\u00e9 na dejiny slovensk\u00e9ho umenia, kult\u00fary a dopravy.\",\"publisher\":{\"@id\":\"https:\\\/\\\/pmza.sk\\\/#organization\"},\"potentialAction\":[{\"@type\":\"SearchAction\",\"target\":{\"@type\":\"EntryPoint\",\"urlTemplate\":\"https:\\\/\\\/pmza.sk\\\/?s={search_term_string}\"},\"query-input\":{\"@type\":\"PropertyValueSpecification\",\"valueRequired\":true,\"valueName\":\"search_term_string\"}}],\"inLanguage\":\"sk-SK\"},{\"@type\":\"Organization\",\"@id\":\"https:\\\/\\\/pmza.sk\\\/#organization\",\"name\":\"Pova\u017esk\u00e9 m\u00fazeum\",\"url\":\"https:\\\/\\\/pmza.sk\\\/\",\"logo\":{\"@type\":\"ImageObject\",\"inLanguage\":\"sk-SK\",\"@id\":\"https:\\\/\\\/pmza.sk\\\/#\\\/schema\\\/logo\\\/image\\\/\",\"url\":\"https:\\\/\\\/pmza.sk\\\/wp-content\\\/uploads\\\/2022\\\/01\\\/logo_PM_horizontal.jpg\",\"contentUrl\":\"https:\\\/\\\/pmza.sk\\\/wp-content\\\/uploads\\\/2022\\\/01\\\/logo_PM_horizontal.jpg\",\"width\":231,\"height\":142,\"caption\":\"Pova\u017esk\u00e9 m\u00fazeum\"},\"image\":{\"@id\":\"https:\\\/\\\/pmza.sk\\\/#\\\/schema\\\/logo\\\/image\\\/\"},\"sameAs\":[\"https:\\\/\\\/www.facebook.com\\\/povazskemuzeum\",\"https:\\\/\\\/www.instagram.com\\\/povazskemuzeum\\\/\"]},{\"@type\":\"Person\",\"@id\":\"https:\\\/\\\/pmza.sk\\\/#\\\/schema\\\/person\\\/595e6a2ce731ea94dcd5d7f50a41ae33\",\"name\":\"Pova\u017esk\u00e9 m\u00fazeum\",\"image\":{\"@type\":\"ImageObject\",\"inLanguage\":\"sk-SK\",\"@id\":\"https:\\\/\\\/secure.gravatar.com\\\/avatar\\\/2bb7f1561282132fb5826dfeccc66c7996d11ee392ac6aaf7ced8a1c2027fbb2?s=96&d=mm&r=g\",\"url\":\"https:\\\/\\\/secure.gravatar.com\\\/avatar\\\/2bb7f1561282132fb5826dfeccc66c7996d11ee392ac6aaf7ced8a1c2027fbb2?s=96&d=mm&r=g\",\"contentUrl\":\"https:\\\/\\\/secure.gravatar.com\\\/avatar\\\/2bb7f1561282132fb5826dfeccc66c7996d11ee392ac6aaf7ced8a1c2027fbb2?s=96&d=mm&r=g\",\"caption\":\"Pova\u017esk\u00e9 m\u00fazeum\"}}]}<\/script>\n<!-- \/ Yoast SEO plugin. -->","yoast_head_json":{"title":"Vianoce v Budat\u00edne - Pova\u017esk\u00e9 m\u00fazeum","robots":{"index":"index","follow":"follow","max-snippet":"max-snippet:-1","max-image-preview":"max-image-preview:large","max-video-preview":"max-video-preview:-1"},"canonical":"https:\/\/pmza.sk\/?p=66446","og_locale":"sk_SK","og_type":"article","og_title":"Vianoce v Budat\u00edne - Pova\u017esk\u00e9 m\u00fazeum","og_description":"Vr\u00e1\u0165te sa s\u00a0nami v\u00a0\u010dase a\u00a0za\u017eite Vianoce v\u00a0\u0161\u013eachtickej rodine. Pova\u017esk\u00e9 m\u00fazeum poz\u00fdva v\u0161etk\u00fdch svojich priaznivcov na podujatie Vianoce v\u00a0Budat\u00edne, ktor\u00e9 sa bude kona\u0165 v\u00a0nede\u013eu 8. decembra. N\u00e1v\u0161tevn\u00edci Budat\u00ednskeho hradu sa po\u010das druhej adventnej nedele prenes\u00fa do minulosti a zistia, ako asi mohli vyzera\u0165 sviatky v\u00a0panskom s\u00eddle. \u201eTento rok sme sa rozhodli prinies\u0165 nov\u00fd koncept prehliadok. Nep\u00f4jde [&hellip;]","og_url":"https:\/\/pmza.sk\/?p=66446","og_site_name":"Pova\u017esk\u00e9 m\u00fazeum","article_publisher":"https:\/\/www.facebook.com\/povazskemuzeum","article_published_time":"2024-11-11T12:31:08+00:00","article_modified_time":"2024-12-09T06:52:57+00:00","og_image":[{"width":2560,"height":2560,"url":"https:\/\/pmza.sk\/wp-content\/uploads\/2024\/11\/Vianoce_v_Budatine_24_web-scaled.jpg","type":"image\/jpeg"}],"author":"Pova\u017esk\u00e9 m\u00fazeum","twitter_card":"summary_large_image","twitter_misc":{"Autor":"Pova\u017esk\u00e9 m\u00fazeum","Predpokladan\u00fd \u010das \u010d\u00edtania":"1 min\u00fata"},"schema":{"@context":"https:\/\/schema.org","@graph":[{"@type":"Article","@id":"https:\/\/pmza.sk\/?p=66446#article","isPartOf":{"@id":"https:\/\/pmza.sk\/?p=66446"},"author":{"name":"Pova\u017esk\u00e9 m\u00fazeum","@id":"https:\/\/pmza.sk\/#\/schema\/person\/595e6a2ce731ea94dcd5d7f50a41ae33"},"headline":"Vianoce v Budat\u00edne","datePublished":"2024-11-11T12:31:08+00:00","dateModified":"2024-12-09T06:52:57+00:00","mainEntityOfPage":{"@id":"https:\/\/pmza.sk\/?p=66446"},"wordCount":287,"publisher":{"@id":"https:\/\/pmza.sk\/#organization"},"image":{"@id":"https:\/\/pmza.sk\/?p=66446#primaryimage"},"thumbnailUrl":"https:\/\/pmza.sk\/wp-content\/uploads\/2024\/11\/Vianoce_v_Budatine_24_web-scaled.jpg","articleSection":["Podujatia"],"inLanguage":"sk-SK"},{"@type":"WebPage","@id":"https:\/\/pmza.sk\/?p=66446","url":"https:\/\/pmza.sk\/?p=66446","name":"Vianoce v Budat\u00edne - Pova\u017esk\u00e9 m\u00fazeum","isPartOf":{"@id":"https:\/\/pmza.sk\/#website"},"primaryImageOfPage":{"@id":"https:\/\/pmza.sk\/?p=66446#primaryimage"},"image":{"@id":"https:\/\/pmza.sk\/?p=66446#primaryimage"},"thumbnailUrl":"https:\/\/pmza.sk\/wp-content\/uploads\/2024\/11\/Vianoce_v_Budatine_24_web-scaled.jpg","datePublished":"2024-11-11T12:31:08+00:00","dateModified":"2024-12-09T06:52:57+00:00","breadcrumb":{"@id":"https:\/\/pmza.sk\/?p=66446#breadcrumb"},"inLanguage":"sk-SK","potentialAction":[{"@type":"ReadAction","target":["https:\/\/pmza.sk\/?p=66446"]}]},{"@type":"ImageObject","inLanguage":"sk-SK","@id":"https:\/\/pmza.sk\/?p=66446#primaryimage","url":"https:\/\/pmza.sk\/wp-content\/uploads\/2024\/11\/Vianoce_v_Budatine_24_web-scaled.jpg","contentUrl":"https:\/\/pmza.sk\/wp-content\/uploads\/2024\/11\/Vianoce_v_Budatine_24_web-scaled.jpg","width":2560,"height":2560},{"@type":"BreadcrumbList","@id":"https:\/\/pmza.sk\/?p=66446#breadcrumb","itemListElement":[{"@type":"ListItem","position":1,"name":"Domovsk\u00e1 str\u00e1nka","item":"https:\/\/pmza.sk\/"},{"@type":"ListItem","position":2,"name":"Vianoce v Budat\u00edne"}]},{"@type":"WebSite","@id":"https:\/\/pmza.sk\/#website","url":"https:\/\/pmza.sk\/","name":"Pova\u017esk\u00e9 m\u00fazeum","description":"Pova\u017esk\u00e9 m\u00fazeum v \u017diline je region\u00e1lne m\u00fazeum so s\u00eddlom v Budat\u00edne. Jeho expoz\u00edcie s\u00fa zameran\u00e9 na dejiny slovensk\u00e9ho umenia, kult\u00fary a dopravy.","publisher":{"@id":"https:\/\/pmza.sk\/#organization"},"potentialAction":[{"@type":"SearchAction","target":{"@type":"EntryPoint","urlTemplate":"https:\/\/pmza.sk\/?s={search_term_string}"},"query-input":{"@type":"PropertyValueSpecification","valueRequired":true,"valueName":"search_term_string"}}],"inLanguage":"sk-SK"},{"@type":"Organization","@id":"https:\/\/pmza.sk\/#organization","name":"Pova\u017esk\u00e9 m\u00fazeum","url":"https:\/\/pmza.sk\/","logo":{"@type":"ImageObject","inLanguage":"sk-SK","@id":"https:\/\/pmza.sk\/#\/schema\/logo\/image\/","url":"https:\/\/pmza.sk\/wp-content\/uploads\/2022\/01\/logo_PM_horizontal.jpg","contentUrl":"https:\/\/pmza.sk\/wp-content\/uploads\/2022\/01\/logo_PM_horizontal.jpg","width":231,"height":142,"caption":"Pova\u017esk\u00e9 m\u00fazeum"},"image":{"@id":"https:\/\/pmza.sk\/#\/schema\/logo\/image\/"},"sameAs":["https:\/\/www.facebook.com\/povazskemuzeum","https:\/\/www.instagram.com\/povazskemuzeum\/"]},{"@type":"Person","@id":"https:\/\/pmza.sk\/#\/schema\/person\/595e6a2ce731ea94dcd5d7f50a41ae33","name":"Pova\u017esk\u00e9 m\u00fazeum","image":{"@type":"ImageObject","inLanguage":"sk-SK","@id":"https:\/\/secure.gravatar.com\/avatar\/2bb7f1561282132fb5826dfeccc66c7996d11ee392ac6aaf7ced8a1c2027fbb2?s=96&d=mm&r=g","url":"https:\/\/secure.gravatar.com\/avatar\/2bb7f1561282132fb5826dfeccc66c7996d11ee392ac6aaf7ced8a1c2027fbb2?s=96&d=mm&r=g","contentUrl":"https:\/\/secure.gravatar.com\/avatar\/2bb7f1561282132fb5826dfeccc66c7996d11ee392ac6aaf7ced8a1c2027fbb2?s=96&d=mm&r=g","caption":"Pova\u017esk\u00e9 m\u00fazeum"}}]}},"_links":{"self":[{"href":"https:\/\/pmza.sk\/index.php?rest_route=\/wp\/v2\/posts\/66446","targetHints":{"allow":["GET"]}}],"collection":[{"href":"https:\/\/pmza.sk\/index.php?rest_route=\/wp\/v2\/posts"}],"about":[{"href":"https:\/\/pmza.sk\/index.php?rest_route=\/wp\/v2\/types\/post"}],"author":[{"embeddable":true,"href":"https:\/\/pmza.sk\/index.php?rest_route=\/wp\/v2\/users\/2"}],"replies":[{"embeddable":true,"href":"https:\/\/pmza.sk\/index.php?rest_route=%2Fwp%2Fv2%2Fcomments&post=66446"}],"version-history":[{"count":0,"href":"https:\/\/pmza.sk\/index.php?rest_route=\/wp\/v2\/posts\/66446\/revisions"}],"wp:featuredmedia":[{"embeddable":true,"href":"https:\/\/pmza.sk\/index.php?rest_route=\/wp\/v2\/media\/66449"}],"wp:attachment":[{"href":"https:\/\/pmza.sk\/index.php?rest_route=%2Fwp%2Fv2%2Fmedia&parent=66446"}],"wp:term":[{"taxonomy":"category","embeddable":true,"href":"https:\/\/pmza.sk\/index.php?rest_route=%2Fwp%2Fv2%2Fcategories&post=66446"},{"taxonomy":"post_tag","embeddable":true,"href":"https:\/\/pmza.sk\/index.php?rest_route=%2Fwp%2Fv2%2Ftags&post=66446"}],"curies":[{"name":"wp","href":"https:\/\/api.w.org\/{rel}","templated":true}]}}