{"id":67247,"date":"2024-12-18T08:41:08","date_gmt":"2024-12-18T07:41:08","guid":{"rendered":"https:\/\/pmza.sk\/?p=67247"},"modified":"2025-03-11T08:09:03","modified_gmt":"2025-03-11T07:09:03","slug":"recyklacia-umenie-z-odpadu","status":"publish","type":"post","link":"https:\/\/pmza.sk\/?p=67247","title":{"rendered":"Recykl\u00e1cia &#8211; umenie z odpadu"},"content":{"rendered":"<p>Origin\u00e1lna v\u00fdstava predstavuje v\u00fdtvarn\u00e9 pr\u00e1ce s prvkami trash artu in\u0161pirovan\u00e9 t\u00e9mou 30. ro\u010dn\u00edka Stretnutia drot\u00e1rskych majstrov, ktor\u00e9 sa konalo v septembri 2024 na Budat\u00ednskom hrade. Stretnutie drot\u00e1rov v\u00a0Pova\u017eskom m\u00fazeu je najstar\u0161\u00edm a\u00a0z\u00e1rove\u0148 najdlh\u0161ie trvaj\u00facim pravideln\u00fdm podujat\u00edm svojho druhu orientovan\u00fdm na nosite\u013eov tohto nev\u0161edn\u00e9ho remesla v\u00f4bec a m\u00e1 medzin\u00e1rodn\u00fd charakter.<\/p>\n<p>Vrcholom programu je tematick\u00fd drot\u00e1rsky workshop pre prihl\u00e1sen\u00fdch remeseln\u00edkov a\u00a0v\u00fdtvarn\u00edkov pr\u00edstupn\u00fd \u0161irokej verejnosti. Prostredn\u00edctvom vopred zadan\u00fdch \u00faloh pom\u00e1ha rozv\u00edja\u0165 star\u00e9 pracovn\u00e9 postupy, h\u013eada\u0165 mo\u017enosti ich uplatnenia v modernej umeleckoremeselnej a v\u00fdtvarnej tvorbe, a\u00a0tak v\u00fdznamnou mierou prispieva k udr\u017eate\u013enosti drot\u00e1rskych zru\u010dnost\u00ed v\u00a0popul\u00e1cii.<\/p>\n<p><em>\u201eWorkshop aktu\u00e1lneho jubilejn\u00e9ho ro\u010dn\u00edka bol venovan\u00fd vo\u013enej tvorbe dr\u00f4ten\u00fdch v\u00fdtvarn\u00fdch objektov s prvkami trash artu. Mal pripomen\u00fa\u0165 glob\u00e1lne probl\u00e9my s\u00favisiace s\u00a0neust\u00e1lym rastom produkcie odpadu a upozorni\u0165 na potrebu vy\u0161\u0161ej environment\u00e1lnej zodpovednosti \u013eudstva. Z\u00e1rove\u0148 ideovo nadviazal na filozofiu drot\u00e1rstva, p\u00f4vodne oprav\u00e1renskej \u017eivnosti, ktorej podstatou bola recykl\u00e1cia predmetov ka\u017edodennej potreby a\u00a0ve\u013emi efekt\u00edvne vyu\u017e\u00edvanie z\u00e1kladn\u00e9ho materi\u00e1lu,\u201c <\/em>\u00a0pribli\u017euje kur\u00e1torka v\u00fdstavy, histori\u010dka drot\u00e1rstva Mgr. Katar\u00edna Hallonov\u00e1 a\u00a0dop\u013a\u0148a: <em>\u201eTradi\u010dn\u00e1 pr\u00e1ca s\u00a0dr\u00f4tom teda aj dnes sl\u00fa\u017ei ako pr\u00edklad takmer bezodpadovej tvorivej \u010dinnosti. M\u00f4\u017ee tak by\u0165 jednou z\u00a0mo\u017enost\u00ed ako da\u0165 veciam druh\u00fa \u0161ancu a\u00a0zmysluplne vyu\u017ei\u0165 aj zdanliv\u00e9 zbyto\u010dnosti na artefakty, ktor\u00e9 pote\u0161ia alebo skr\u00e1\u0161lia a\u00a0zu\u0161\u013eachtia n\u00e1\u0161 \u017eivotn\u00fd priestor.\u201c<\/em><\/p>\n<p>Workshopu sa akt\u00edvne z\u00fa\u010dastnilo 39 majstrov zo Slovenska a \u010ceskej republiky. T\u00e9ma v\u0161ak oslovila aj \u010fal\u0161\u00edch, ktor\u00ed z r\u00f4znych d\u00f4vodov neboli na podujat\u00ed\u00a0 pr\u00edtomn\u00ed. Do projektu sa teda zapojili dodato\u010dne a pon\u00fakli nielen svoje najnov\u0161ie diela, ale aj niektor\u00e9 star\u0161ie pr\u00e1ce kore\u0161ponduj\u00face s my\u0161lienkou tvorivej dielne. Pre ich n\u00e1padit\u00e9 stv\u00e1rnenie boli zaraden\u00e9 do prezent\u00e1cie.<\/p>\n<p>V\u00fdstava bude v\u00a0priestoroch Drot\u00e1rskeho pavil\u00f3nu pr\u00edstupn\u00e1 do konca febru\u00e1ra.<\/p>\n<div class=\"wp-block-image\"><img fetchpriority=\"high\" decoding=\"async\" class=\"wpa-warning wpa-image-missing-alt alignnone size-medium wp-image-67248\" src=\"https:\/\/pmza.sk\/wp-content\/uploads\/2024\/12\/Recyklacia_Plagat_A3-255x360.jpg\" alt=\"\" width=\"255\" height=\"360\" data-warning=\"Missing alt text\" srcset=\"https:\/\/pmza.sk\/wp-content\/uploads\/2024\/12\/Recyklacia_Plagat_A3-255x360.jpg 255w, https:\/\/pmza.sk\/wp-content\/uploads\/2024\/12\/Recyklacia_Plagat_A3-520x736.jpg 520w, https:\/\/pmza.sk\/wp-content\/uploads\/2024\/12\/Recyklacia_Plagat_A3-768x1086.jpg 768w, https:\/\/pmza.sk\/wp-content\/uploads\/2024\/12\/Recyklacia_Plagat_A3-1086x1536.jpg 1086w, https:\/\/pmza.sk\/wp-content\/uploads\/2024\/12\/Recyklacia_Plagat_A3-1448x2048.jpg 1448w, https:\/\/pmza.sk\/wp-content\/uploads\/2024\/12\/Recyklacia_Plagat_A3-600x849.jpg 600w, https:\/\/pmza.sk\/wp-content\/uploads\/2024\/12\/Recyklacia_Plagat_A3-scaled.jpg 1810w\" sizes=\"(max-width: 255px) 100vw, 255px\" \/><\/div>\n<div><\/div>\n<div>Plag\u00e1t v plnej kvalite <a href=\"https:\/\/pmza.sk\/wp-content\/uploads\/2024\/12\/Recyklacia_Plagat_A3.pdf\">TU <\/a><\/div>\n<div>Projekt z verejn\u00fdch zdrojov podporil Fond na podporu umenia.<\/div>\n<div><\/div>\n<div>\n<div class=\"wp-block-image\"><img decoding=\"async\" class=\"wpa-warning wpa-image-missing-alt alignnone wp-image-67250\" src=\"https:\/\/pmza.sk\/wp-content\/uploads\/2024\/12\/FPU_logo1_modre-1-480x360.jpg\" alt=\"\" width=\"257\" height=\"193\" data-warning=\"Missing alt text\" srcset=\"https:\/\/pmza.sk\/wp-content\/uploads\/2024\/12\/FPU_logo1_modre-1-480x360.jpg 480w, https:\/\/pmza.sk\/wp-content\/uploads\/2024\/12\/FPU_logo1_modre-1-982x736.jpg 982w, https:\/\/pmza.sk\/wp-content\/uploads\/2024\/12\/FPU_logo1_modre-1-768x576.jpg 768w, https:\/\/pmza.sk\/wp-content\/uploads\/2024\/12\/FPU_logo1_modre-1-1536x1152.jpg 1536w, https:\/\/pmza.sk\/wp-content\/uploads\/2024\/12\/FPU_logo1_modre-1-2048x1536.jpg 2048w, https:\/\/pmza.sk\/wp-content\/uploads\/2024\/12\/FPU_logo1_modre-1-600x450.jpg 600w\" sizes=\"(max-width: 257px) 100vw, 257px\" \/><\/div>\n<\/div>\n<div><\/div>\n","protected":false},"excerpt":{"rendered":"<p>Origin\u00e1lna v\u00fdstava predstavuje v\u00fdtvarn\u00e9 pr\u00e1ce s prvkami trash artu in\u0161pirovan\u00e9 t\u00e9mou 30. ro\u010dn\u00edka Stretnutia drot\u00e1rskych majstrov, ktor\u00e9 sa konalo v septembri 2024 na Budat\u00ednskom hrade. Stretnutie drot\u00e1rov v\u00a0Pova\u017eskom m\u00fazeu je najstar\u0161\u00edm a\u00a0z\u00e1rove\u0148 najdlh\u0161ie trvaj\u00facim pravideln\u00fdm podujat\u00edm svojho druhu orientovan\u00fdm na nosite\u013eov tohto nev\u0161edn\u00e9ho remesla v\u00f4bec a m\u00e1 medzin\u00e1rodn\u00fd charakter. Vrcholom programu je tematick\u00fd drot\u00e1rsky workshop [&hellip;]<\/p>\n","protected":false},"author":2,"featured_media":67252,"comment_status":"closed","ping_status":"closed","sticky":false,"template":"","format":"standard","meta":{"site-sidebar-layout":"default","site-content-layout":"default","ast-site-content-layout":"default","site-content-style":"default","site-sidebar-style":"default","ast-global-header-display":"","ast-banner-title-visibility":"","ast-main-header-display":"","ast-hfb-above-header-display":"","ast-hfb-below-header-display":"","ast-hfb-mobile-header-display":"","site-post-title":"","ast-breadcrumbs-content":"","ast-featured-img":"","footer-sml-layout":"","theme-transparent-header-meta":"default","adv-header-id-meta":"","stick-header-meta":"default","header-above-stick-meta":"","header-main-stick-meta":"","header-below-stick-meta":"","astra-migrate-meta-layouts":"set","ast-page-background-enabled":"default","ast-page-background-meta":{"desktop":{"background-color":"var(--ast-global-color-4)","background-image":"","background-repeat":"repeat","background-position":"center center","background-size":"auto","background-attachment":"scroll","background-type":"","background-media":"","overlay-type":"","overlay-color":"","overlay-opacity":"","overlay-gradient":""},"tablet":{"background-color":"","background-image":"","background-repeat":"repeat","background-position":"center center","background-size":"auto","background-attachment":"scroll","background-type":"","background-media":"","overlay-type":"","overlay-color":"","overlay-opacity":"","overlay-gradient":""},"mobile":{"background-color":"","background-image":"","background-repeat":"repeat","background-position":"center center","background-size":"auto","background-attachment":"scroll","background-type":"","background-media":"","overlay-type":"","overlay-color":"","overlay-opacity":"","overlay-gradient":""}},"ast-content-background-meta":{"desktop":{"background-color":"var(--ast-global-color-5)","background-image":"","background-repeat":"repeat","background-position":"center center","background-size":"auto","background-attachment":"scroll","background-type":"","background-media":"","overlay-type":"","overlay-color":"","overlay-opacity":"","overlay-gradient":""},"tablet":{"background-color":"var(--ast-global-color-5)","background-image":"","background-repeat":"repeat","background-position":"center center","background-size":"auto","background-attachment":"scroll","background-type":"","background-media":"","overlay-type":"","overlay-color":"","overlay-opacity":"","overlay-gradient":""},"mobile":{"background-color":"var(--ast-global-color-5)","background-image":"","background-repeat":"repeat","background-position":"center center","background-size":"auto","background-attachment":"scroll","background-type":"","background-media":"","overlay-type":"","overlay-color":"","overlay-opacity":"","overlay-gradient":""}},"footnotes":""},"categories":[72],"tags":[],"class_list":["post-67247","post","type-post","status-publish","format-standard","has-post-thumbnail","hentry","category-vystavy"],"yoast_head":"<!-- This site is optimized with the Yoast SEO plugin v27.4 - https:\/\/yoast.com\/product\/yoast-seo-wordpress\/ -->\n<title>Recykl\u00e1cia - umenie z odpadu - Pova\u017esk\u00e9 m\u00fazeum<\/title>\n<meta name=\"robots\" content=\"index, follow, max-snippet:-1, max-image-preview:large, max-video-preview:-1\" \/>\n<link rel=\"canonical\" href=\"https:\/\/pmza.sk\/?p=67247\" \/>\n<meta property=\"og:locale\" content=\"sk_SK\" \/>\n<meta property=\"og:type\" content=\"article\" \/>\n<meta property=\"og:title\" content=\"Recykl\u00e1cia - umenie z odpadu - Pova\u017esk\u00e9 m\u00fazeum\" \/>\n<meta property=\"og:description\" content=\"Origin\u00e1lna v\u00fdstava predstavuje v\u00fdtvarn\u00e9 pr\u00e1ce s prvkami trash artu in\u0161pirovan\u00e9 t\u00e9mou 30. ro\u010dn\u00edka Stretnutia drot\u00e1rskych majstrov, ktor\u00e9 sa konalo v septembri 2024 na Budat\u00ednskom hrade. Stretnutie drot\u00e1rov v\u00a0Pova\u017eskom m\u00fazeu je najstar\u0161\u00edm a\u00a0z\u00e1rove\u0148 najdlh\u0161ie trvaj\u00facim pravideln\u00fdm podujat\u00edm svojho druhu orientovan\u00fdm na nosite\u013eov tohto nev\u0161edn\u00e9ho remesla v\u00f4bec a m\u00e1 medzin\u00e1rodn\u00fd charakter. Vrcholom programu je tematick\u00fd drot\u00e1rsky workshop [&hellip;]\" \/>\n<meta property=\"og:url\" content=\"https:\/\/pmza.sk\/?p=67247\" \/>\n<meta property=\"og:site_name\" content=\"Pova\u017esk\u00e9 m\u00fazeum\" \/>\n<meta property=\"article:publisher\" content=\"https:\/\/www.facebook.com\/povazskemuzeum\" \/>\n<meta property=\"article:published_time\" content=\"2024-12-18T07:41:08+00:00\" \/>\n<meta property=\"article:modified_time\" content=\"2025-03-11T07:09:03+00:00\" \/>\n<meta property=\"og:image\" content=\"https:\/\/pmza.sk\/wp-content\/uploads\/2024\/12\/Recyklacia_web-scaled.jpg\" \/>\n\t<meta property=\"og:image:width\" content=\"2560\" \/>\n\t<meta property=\"og:image:height\" content=\"2560\" \/>\n\t<meta property=\"og:image:type\" content=\"image\/jpeg\" \/>\n<meta name=\"author\" content=\"Pova\u017esk\u00e9 m\u00fazeum\" \/>\n<meta name=\"twitter:card\" content=\"summary_large_image\" \/>\n<meta name=\"twitter:label1\" content=\"Autor\" \/>\n\t<meta name=\"twitter:data1\" content=\"Pova\u017esk\u00e9 m\u00fazeum\" \/>\n\t<meta name=\"twitter:label2\" content=\"Predpokladan\u00fd \u010das \u010d\u00edtania\" \/>\n\t<meta name=\"twitter:data2\" content=\"2 min\u00faty\" \/>\n<script type=\"application\/ld+json\" class=\"yoast-schema-graph\">{\"@context\":\"https:\\\/\\\/schema.org\",\"@graph\":[{\"@type\":\"Article\",\"@id\":\"https:\\\/\\\/pmza.sk\\\/?p=67247#article\",\"isPartOf\":{\"@id\":\"https:\\\/\\\/pmza.sk\\\/?p=67247\"},\"author\":{\"name\":\"Pova\u017esk\u00e9 m\u00fazeum\",\"@id\":\"https:\\\/\\\/pmza.sk\\\/#\\\/schema\\\/person\\\/595e6a2ce731ea94dcd5d7f50a41ae33\"},\"headline\":\"Recykl\u00e1cia &#8211; umenie z odpadu\",\"datePublished\":\"2024-12-18T07:41:08+00:00\",\"dateModified\":\"2025-03-11T07:09:03+00:00\",\"mainEntityOfPage\":{\"@id\":\"https:\\\/\\\/pmza.sk\\\/?p=67247\"},\"wordCount\":400,\"publisher\":{\"@id\":\"https:\\\/\\\/pmza.sk\\\/#organization\"},\"image\":{\"@id\":\"https:\\\/\\\/pmza.sk\\\/?p=67247#primaryimage\"},\"thumbnailUrl\":\"https:\\\/\\\/pmza.sk\\\/wp-content\\\/uploads\\\/2024\\\/12\\\/Recyklacia_web-scaled.jpg\",\"articleSection\":[\"V\u00fdstavy\"],\"inLanguage\":\"sk-SK\"},{\"@type\":\"WebPage\",\"@id\":\"https:\\\/\\\/pmza.sk\\\/?p=67247\",\"url\":\"https:\\\/\\\/pmza.sk\\\/?p=67247\",\"name\":\"Recykl\u00e1cia - umenie z odpadu - Pova\u017esk\u00e9 m\u00fazeum\",\"isPartOf\":{\"@id\":\"https:\\\/\\\/pmza.sk\\\/#website\"},\"primaryImageOfPage\":{\"@id\":\"https:\\\/\\\/pmza.sk\\\/?p=67247#primaryimage\"},\"image\":{\"@id\":\"https:\\\/\\\/pmza.sk\\\/?p=67247#primaryimage\"},\"thumbnailUrl\":\"https:\\\/\\\/pmza.sk\\\/wp-content\\\/uploads\\\/2024\\\/12\\\/Recyklacia_web-scaled.jpg\",\"datePublished\":\"2024-12-18T07:41:08+00:00\",\"dateModified\":\"2025-03-11T07:09:03+00:00\",\"breadcrumb\":{\"@id\":\"https:\\\/\\\/pmza.sk\\\/?p=67247#breadcrumb\"},\"inLanguage\":\"sk-SK\",\"potentialAction\":[{\"@type\":\"ReadAction\",\"target\":[\"https:\\\/\\\/pmza.sk\\\/?p=67247\"]}]},{\"@type\":\"ImageObject\",\"inLanguage\":\"sk-SK\",\"@id\":\"https:\\\/\\\/pmza.sk\\\/?p=67247#primaryimage\",\"url\":\"https:\\\/\\\/pmza.sk\\\/wp-content\\\/uploads\\\/2024\\\/12\\\/Recyklacia_web-scaled.jpg\",\"contentUrl\":\"https:\\\/\\\/pmza.sk\\\/wp-content\\\/uploads\\\/2024\\\/12\\\/Recyklacia_web-scaled.jpg\",\"width\":2560,\"height\":2560},{\"@type\":\"BreadcrumbList\",\"@id\":\"https:\\\/\\\/pmza.sk\\\/?p=67247#breadcrumb\",\"itemListElement\":[{\"@type\":\"ListItem\",\"position\":1,\"name\":\"Domovsk\u00e1 str\u00e1nka\",\"item\":\"https:\\\/\\\/pmza.sk\\\/\"},{\"@type\":\"ListItem\",\"position\":2,\"name\":\"Recykl\u00e1cia &#8211; umenie z odpadu\"}]},{\"@type\":\"WebSite\",\"@id\":\"https:\\\/\\\/pmza.sk\\\/#website\",\"url\":\"https:\\\/\\\/pmza.sk\\\/\",\"name\":\"Pova\u017esk\u00e9 m\u00fazeum\",\"description\":\"Pova\u017esk\u00e9 m\u00fazeum v \u017diline je region\u00e1lne m\u00fazeum so s\u00eddlom v Budat\u00edne. Jeho expoz\u00edcie s\u00fa zameran\u00e9 na dejiny slovensk\u00e9ho umenia, kult\u00fary a dopravy.\",\"publisher\":{\"@id\":\"https:\\\/\\\/pmza.sk\\\/#organization\"},\"potentialAction\":[{\"@type\":\"SearchAction\",\"target\":{\"@type\":\"EntryPoint\",\"urlTemplate\":\"https:\\\/\\\/pmza.sk\\\/?s={search_term_string}\"},\"query-input\":{\"@type\":\"PropertyValueSpecification\",\"valueRequired\":true,\"valueName\":\"search_term_string\"}}],\"inLanguage\":\"sk-SK\"},{\"@type\":\"Organization\",\"@id\":\"https:\\\/\\\/pmza.sk\\\/#organization\",\"name\":\"Pova\u017esk\u00e9 m\u00fazeum\",\"url\":\"https:\\\/\\\/pmza.sk\\\/\",\"logo\":{\"@type\":\"ImageObject\",\"inLanguage\":\"sk-SK\",\"@id\":\"https:\\\/\\\/pmza.sk\\\/#\\\/schema\\\/logo\\\/image\\\/\",\"url\":\"https:\\\/\\\/pmza.sk\\\/wp-content\\\/uploads\\\/2022\\\/01\\\/logo_PM_horizontal.jpg\",\"contentUrl\":\"https:\\\/\\\/pmza.sk\\\/wp-content\\\/uploads\\\/2022\\\/01\\\/logo_PM_horizontal.jpg\",\"width\":231,\"height\":142,\"caption\":\"Pova\u017esk\u00e9 m\u00fazeum\"},\"image\":{\"@id\":\"https:\\\/\\\/pmza.sk\\\/#\\\/schema\\\/logo\\\/image\\\/\"},\"sameAs\":[\"https:\\\/\\\/www.facebook.com\\\/povazskemuzeum\",\"https:\\\/\\\/www.instagram.com\\\/povazskemuzeum\\\/\"]},{\"@type\":\"Person\",\"@id\":\"https:\\\/\\\/pmza.sk\\\/#\\\/schema\\\/person\\\/595e6a2ce731ea94dcd5d7f50a41ae33\",\"name\":\"Pova\u017esk\u00e9 m\u00fazeum\",\"image\":{\"@type\":\"ImageObject\",\"inLanguage\":\"sk-SK\",\"@id\":\"https:\\\/\\\/secure.gravatar.com\\\/avatar\\\/2bb7f1561282132fb5826dfeccc66c7996d11ee392ac6aaf7ced8a1c2027fbb2?s=96&d=mm&r=g\",\"url\":\"https:\\\/\\\/secure.gravatar.com\\\/avatar\\\/2bb7f1561282132fb5826dfeccc66c7996d11ee392ac6aaf7ced8a1c2027fbb2?s=96&d=mm&r=g\",\"contentUrl\":\"https:\\\/\\\/secure.gravatar.com\\\/avatar\\\/2bb7f1561282132fb5826dfeccc66c7996d11ee392ac6aaf7ced8a1c2027fbb2?s=96&d=mm&r=g\",\"caption\":\"Pova\u017esk\u00e9 m\u00fazeum\"}}]}<\/script>\n<!-- \/ Yoast SEO plugin. -->","yoast_head_json":{"title":"Recykl\u00e1cia - umenie z odpadu - Pova\u017esk\u00e9 m\u00fazeum","robots":{"index":"index","follow":"follow","max-snippet":"max-snippet:-1","max-image-preview":"max-image-preview:large","max-video-preview":"max-video-preview:-1"},"canonical":"https:\/\/pmza.sk\/?p=67247","og_locale":"sk_SK","og_type":"article","og_title":"Recykl\u00e1cia - umenie z odpadu - Pova\u017esk\u00e9 m\u00fazeum","og_description":"Origin\u00e1lna v\u00fdstava predstavuje v\u00fdtvarn\u00e9 pr\u00e1ce s prvkami trash artu in\u0161pirovan\u00e9 t\u00e9mou 30. ro\u010dn\u00edka Stretnutia drot\u00e1rskych majstrov, ktor\u00e9 sa konalo v septembri 2024 na Budat\u00ednskom hrade. Stretnutie drot\u00e1rov v\u00a0Pova\u017eskom m\u00fazeu je najstar\u0161\u00edm a\u00a0z\u00e1rove\u0148 najdlh\u0161ie trvaj\u00facim pravideln\u00fdm podujat\u00edm svojho druhu orientovan\u00fdm na nosite\u013eov tohto nev\u0161edn\u00e9ho remesla v\u00f4bec a m\u00e1 medzin\u00e1rodn\u00fd charakter. Vrcholom programu je tematick\u00fd drot\u00e1rsky workshop [&hellip;]","og_url":"https:\/\/pmza.sk\/?p=67247","og_site_name":"Pova\u017esk\u00e9 m\u00fazeum","article_publisher":"https:\/\/www.facebook.com\/povazskemuzeum","article_published_time":"2024-12-18T07:41:08+00:00","article_modified_time":"2025-03-11T07:09:03+00:00","og_image":[{"width":2560,"height":2560,"url":"https:\/\/pmza.sk\/wp-content\/uploads\/2024\/12\/Recyklacia_web-scaled.jpg","type":"image\/jpeg"}],"author":"Pova\u017esk\u00e9 m\u00fazeum","twitter_card":"summary_large_image","twitter_misc":{"Autor":"Pova\u017esk\u00e9 m\u00fazeum","Predpokladan\u00fd \u010das \u010d\u00edtania":"2 min\u00faty"},"schema":{"@context":"https:\/\/schema.org","@graph":[{"@type":"Article","@id":"https:\/\/pmza.sk\/?p=67247#article","isPartOf":{"@id":"https:\/\/pmza.sk\/?p=67247"},"author":{"name":"Pova\u017esk\u00e9 m\u00fazeum","@id":"https:\/\/pmza.sk\/#\/schema\/person\/595e6a2ce731ea94dcd5d7f50a41ae33"},"headline":"Recykl\u00e1cia &#8211; umenie z odpadu","datePublished":"2024-12-18T07:41:08+00:00","dateModified":"2025-03-11T07:09:03+00:00","mainEntityOfPage":{"@id":"https:\/\/pmza.sk\/?p=67247"},"wordCount":400,"publisher":{"@id":"https:\/\/pmza.sk\/#organization"},"image":{"@id":"https:\/\/pmza.sk\/?p=67247#primaryimage"},"thumbnailUrl":"https:\/\/pmza.sk\/wp-content\/uploads\/2024\/12\/Recyklacia_web-scaled.jpg","articleSection":["V\u00fdstavy"],"inLanguage":"sk-SK"},{"@type":"WebPage","@id":"https:\/\/pmza.sk\/?p=67247","url":"https:\/\/pmza.sk\/?p=67247","name":"Recykl\u00e1cia - umenie z odpadu - Pova\u017esk\u00e9 m\u00fazeum","isPartOf":{"@id":"https:\/\/pmza.sk\/#website"},"primaryImageOfPage":{"@id":"https:\/\/pmza.sk\/?p=67247#primaryimage"},"image":{"@id":"https:\/\/pmza.sk\/?p=67247#primaryimage"},"thumbnailUrl":"https:\/\/pmza.sk\/wp-content\/uploads\/2024\/12\/Recyklacia_web-scaled.jpg","datePublished":"2024-12-18T07:41:08+00:00","dateModified":"2025-03-11T07:09:03+00:00","breadcrumb":{"@id":"https:\/\/pmza.sk\/?p=67247#breadcrumb"},"inLanguage":"sk-SK","potentialAction":[{"@type":"ReadAction","target":["https:\/\/pmza.sk\/?p=67247"]}]},{"@type":"ImageObject","inLanguage":"sk-SK","@id":"https:\/\/pmza.sk\/?p=67247#primaryimage","url":"https:\/\/pmza.sk\/wp-content\/uploads\/2024\/12\/Recyklacia_web-scaled.jpg","contentUrl":"https:\/\/pmza.sk\/wp-content\/uploads\/2024\/12\/Recyklacia_web-scaled.jpg","width":2560,"height":2560},{"@type":"BreadcrumbList","@id":"https:\/\/pmza.sk\/?p=67247#breadcrumb","itemListElement":[{"@type":"ListItem","position":1,"name":"Domovsk\u00e1 str\u00e1nka","item":"https:\/\/pmza.sk\/"},{"@type":"ListItem","position":2,"name":"Recykl\u00e1cia &#8211; umenie z odpadu"}]},{"@type":"WebSite","@id":"https:\/\/pmza.sk\/#website","url":"https:\/\/pmza.sk\/","name":"Pova\u017esk\u00e9 m\u00fazeum","description":"Pova\u017esk\u00e9 m\u00fazeum v \u017diline je region\u00e1lne m\u00fazeum so s\u00eddlom v Budat\u00edne. Jeho expoz\u00edcie s\u00fa zameran\u00e9 na dejiny slovensk\u00e9ho umenia, kult\u00fary a dopravy.","publisher":{"@id":"https:\/\/pmza.sk\/#organization"},"potentialAction":[{"@type":"SearchAction","target":{"@type":"EntryPoint","urlTemplate":"https:\/\/pmza.sk\/?s={search_term_string}"},"query-input":{"@type":"PropertyValueSpecification","valueRequired":true,"valueName":"search_term_string"}}],"inLanguage":"sk-SK"},{"@type":"Organization","@id":"https:\/\/pmza.sk\/#organization","name":"Pova\u017esk\u00e9 m\u00fazeum","url":"https:\/\/pmza.sk\/","logo":{"@type":"ImageObject","inLanguage":"sk-SK","@id":"https:\/\/pmza.sk\/#\/schema\/logo\/image\/","url":"https:\/\/pmza.sk\/wp-content\/uploads\/2022\/01\/logo_PM_horizontal.jpg","contentUrl":"https:\/\/pmza.sk\/wp-content\/uploads\/2022\/01\/logo_PM_horizontal.jpg","width":231,"height":142,"caption":"Pova\u017esk\u00e9 m\u00fazeum"},"image":{"@id":"https:\/\/pmza.sk\/#\/schema\/logo\/image\/"},"sameAs":["https:\/\/www.facebook.com\/povazskemuzeum","https:\/\/www.instagram.com\/povazskemuzeum\/"]},{"@type":"Person","@id":"https:\/\/pmza.sk\/#\/schema\/person\/595e6a2ce731ea94dcd5d7f50a41ae33","name":"Pova\u017esk\u00e9 m\u00fazeum","image":{"@type":"ImageObject","inLanguage":"sk-SK","@id":"https:\/\/secure.gravatar.com\/avatar\/2bb7f1561282132fb5826dfeccc66c7996d11ee392ac6aaf7ced8a1c2027fbb2?s=96&d=mm&r=g","url":"https:\/\/secure.gravatar.com\/avatar\/2bb7f1561282132fb5826dfeccc66c7996d11ee392ac6aaf7ced8a1c2027fbb2?s=96&d=mm&r=g","contentUrl":"https:\/\/secure.gravatar.com\/avatar\/2bb7f1561282132fb5826dfeccc66c7996d11ee392ac6aaf7ced8a1c2027fbb2?s=96&d=mm&r=g","caption":"Pova\u017esk\u00e9 m\u00fazeum"}}]}},"_links":{"self":[{"href":"https:\/\/pmza.sk\/index.php?rest_route=\/wp\/v2\/posts\/67247","targetHints":{"allow":["GET"]}}],"collection":[{"href":"https:\/\/pmza.sk\/index.php?rest_route=\/wp\/v2\/posts"}],"about":[{"href":"https:\/\/pmza.sk\/index.php?rest_route=\/wp\/v2\/types\/post"}],"author":[{"embeddable":true,"href":"https:\/\/pmza.sk\/index.php?rest_route=\/wp\/v2\/users\/2"}],"replies":[{"embeddable":true,"href":"https:\/\/pmza.sk\/index.php?rest_route=%2Fwp%2Fv2%2Fcomments&post=67247"}],"version-history":[{"count":0,"href":"https:\/\/pmza.sk\/index.php?rest_route=\/wp\/v2\/posts\/67247\/revisions"}],"wp:featuredmedia":[{"embeddable":true,"href":"https:\/\/pmza.sk\/index.php?rest_route=\/wp\/v2\/media\/67252"}],"wp:attachment":[{"href":"https:\/\/pmza.sk\/index.php?rest_route=%2Fwp%2Fv2%2Fmedia&parent=67247"}],"wp:term":[{"taxonomy":"category","embeddable":true,"href":"https:\/\/pmza.sk\/index.php?rest_route=%2Fwp%2Fv2%2Fcategories&post=67247"},{"taxonomy":"post_tag","embeddable":true,"href":"https:\/\/pmza.sk\/index.php?rest_route=%2Fwp%2Fv2%2Ftags&post=67247"}],"curies":[{"name":"wp","href":"https:\/\/api.w.org\/{rel}","templated":true}]}}