{"id":67260,"date":"2024-12-19T07:56:56","date_gmt":"2024-12-19T06:56:56","guid":{"rendered":"https:\/\/pmza.sk\/?p=67260"},"modified":"2025-06-26T08:46:40","modified_gmt":"2025-06-26T06:46:40","slug":"rok-2025-bude-drotarsky","status":"publish","type":"post","link":"https:\/\/pmza.sk\/?p=67260","title":{"rendered":"Rok 2025 bude drot\u00e1rsky"},"content":{"rendered":"<p>Pova\u017esk\u00e9 m\u00fazeum si bude v roku 2025 pripom\u00edna\u0165 35 rokov \u00fasilia venovan\u00e9ho obnoveniu drot\u00e1rskej trad\u00edcie na Slovensku. Preto m\u00e1 rok 2025 v in\u0161tit\u00facii pr\u00edvlastok drot\u00e1rsky.<\/p>\n<p>Spolu s hist\u00f3riou dopravy je drot\u00e1rstvo profilov\u00fdm odborom m\u00fazea. Dejiny remesla s\u00fa komplexne predstaven\u00e9 v\u00a0st\u00e1lej expoz\u00edcii a\u00a0s\u00a0po\u010dtom takmer 7\u00a0700 predmetov v drot\u00e1rskom fonde in\u0161tit\u00facia disponuje najv\u00e4\u010d\u0161ou zbierkou svojho druhu na svete. Na drot\u00e1rstvo sa zameriava u\u017e od svojho vzniku v\u00a0roku 1942. \u201e<em>V\u00a0tom \u010dase e\u0161te v \u017eilinskom mestskom m\u00fazeu, s\u00eddliacom v priestoroch Radnice na Mari\u00e1nskom n\u00e1mest\u00ed, bola, popri vlastivednej, vybudovan\u00e1 aj rozsiahla a\u00a0na svoju dobu ve\u013ekolep\u00e1 expoz\u00edcia venovan\u00e1 dejin\u00e1m tejto nev\u0161ednej \u017eivnosti. V\u010faka nej sa in\u0161tit\u00facia stala zn\u00e1ma ako drot\u00e1rske m\u00fazeum. Napriek s\u013eubn\u00e9mu za\u010diatku v\u0161ak mala len kr\u00e1tke trvanie. Pre\u00a0nedostato\u010dn\u00e9 finan\u010dn\u00e9 krytie v povojnovom chaose mesto jej \u010dinnos\u0165 utlmilo a\u00a0obe expoz\u00edcie zru\u0161ilo. M\u00fazeum op\u00e4\u0165 za\u010dalo pracova\u0165 v\u00a0roku 1953, av\u0161ak problematike drot\u00e1rstva sa venovalo u\u017e len okrajovo. Z\u00a0ideologick\u00fdch d\u00f4vodov sa t\u00e9ma vo v\u0161eobecnosti prezentovala jednostranne a\u00a0takmer v\u00fdlu\u010dne v\u00a0negat\u00edvnych historick\u00fdch konot\u00e1ci\u00e1ch odkazuj\u00facich na vykoris\u0165ovanie a\u00a0s t\u00fdm s\u00favisiacu biedu a utrpenie slovensk\u00e9ho \u013eudu. To ovplyvnilo i spolo\u010densk\u00e9 vn\u00edmanie drot\u00e1rstva ako ned\u00f4stojn\u00e9ho, ba a\u017e\u00a0potupn\u00e9ho dejinn\u00e9ho javu. Ke\u010f po prevrate v\u00a0roku 1948 zanikla aj samotn\u00e1 \u017eivnos\u0165, drot\u00e1rstvo postupne mizlo z verejn\u00e9ho \u017eivota i\u00a0povedomia a\u00a0so star\u00fdmi majstrami sa vytratila tie\u017e znalos\u0165 ru\u010dnej remeselnej pr\u00e1ce s\u00a0dr\u00f4tom,<\/em>\u201c vysvet\u013euje ved\u00faca oddelenia drot\u00e1rstva histori\u010dka Mgr. Katar\u00edna Hallonov\u00e1.<\/p>\n<p><em>\u00a0<\/em>Rok 1989 umo\u017enil Pova\u017esk\u00e9mu m\u00fazeu vr\u00e1ti\u0165 sa k\u00a0svojmu p\u00f4vodn\u00e9mu poslaniu. Organiz\u00e1cia stavila na potenci\u00e1l drot\u00e1rstva, ktor\u00e9 predstavovalo jedine\u010dn\u00fd autentick\u00fd dom\u00e1ci kult\u00farno-historick\u00fd fenom\u00e9n<em>. <\/em>\u201e<em>M\u00fazeum si obnovilo celoslovensk\u00fa \u0161pecializ\u00e1ciu v\u00a0tomto odbore a\u00a0zriadilo samostatn\u00e9 oddelenie drot\u00e1rstva, ktor\u00e9 sa vyprofilovalo na drot\u00e1rske dokumenta\u010dn\u00e9 centrum uzn\u00e1van\u00e9 doma i v\u00a0zahrani\u010d\u00ed. Svoju \u010dinnos\u0165 s\u00fastredilo na intenz\u00edvny v\u00fdskum, dokument\u00e1ciu, propag\u00e1ciu a populariz\u00e1ciu remesla s\u00a0cie\u013eom revitalizova\u0165 ho a\u00a0v\u00a0\u010do najv\u00e4\u010d\u0161ej miere roz\u0161\u00edri\u0165 drot\u00e1rske zru\u010dnosti v popul\u00e1cii. Hlb\u0161ie poznanie problematiky a\u00a0jej atrakt\u00edvnej\u0161ia prezent\u00e1cia viedli k\u00a0postupn\u00e9mu celospolo\u010densk\u00e9mu prijatiu drot\u00e1rstva ako vz\u00e1cneho historick\u00e9ho dedi\u010dstva a\u00a0n\u00e1rodn\u00e9ho kult\u00farneho identifika\u010dn\u00e9ho znaku. \u00daspe\u0161n\u00e9 p\u00f4sobenie centra bolo v\u00a0roku 2017 ocenen\u00e9 z\u00e1pisom do Zoznamu najlep\u0161\u00edch sp\u00f4sobov ochrany nehmotn\u00e9ho kult\u00farneho dedi\u010dstva Slovenska,<\/em>\u201c dod\u00e1va Hallonov\u00e1.<\/p>\n<p>Za tridsa\u0165p\u00e4\u0165 rokov pracovn\u00edci oddelenia drot\u00e1rstva zrealizovali mnoho projektov predstavuj\u00facich nekone\u010dn\u00e9 hodiny v\u00fdskumnej pr\u00e1ce, stovky v\u00fdstav, vzdel\u00e1vac\u00edch podujat\u00ed \u010di\u00a0tvoriv\u00fdch aktiv\u00edt, pripravili desiatky publika\u010dn\u00fdch v\u00fdstupov. Nebude tomu inak ani v\u00a0roku 2025. N\u00e1v\u0161tevn\u00edci m\u00fazea sa m\u00f4\u017eu te\u0161i\u0165 na predn\u00e1\u0161ky \u010di tvoriv\u00e9 dielne, ale i\u00a0nieko\u013eko ve\u013ek\u00fdch prezenta\u010dn\u00fdch podujat\u00ed. Od marca bude v\u00a0Drot\u00e1rskom pavil\u00f3ne in\u0161talovan\u00e1 origin\u00e1lna v\u00fdstava prezentuj\u00faca postavu drot\u00e1ra v\u00a0divadle. V m\u00e1ji sa zrealizuje v\u00a0Sob\u00e1\u0161nom pal\u00e1ci v\u00a0Byt\u010di reprezentat\u00edvna celoslovensk\u00e1 v\u00fdstava so zahrani\u010dnou \u00fa\u010das\u0165ou Premeny dr\u00f4tu, ktor\u00e1 mapuje stav a\u00a0v\u00fdvojov\u00e9 trendy modern\u00e9ho umelecko-remeseln\u00e9ho i v\u00fdtvarn\u00e9ho spracovania dr\u00f4tu na neprofesion\u00e1lnej aj\u00a0profesion\u00e1lnej \u00farovni. Od augusta bude v\u00a0Budat\u00ednskom hrade pr\u00edstupn\u00e1 v\u00fdstava predstavuj\u00faca v\u00fdber celo\u017eivotnej tvorby \u0161perk\u00e1rky vyu\u017e\u00edvaj\u00facej drot\u00e1rske techniky \u2013 Marty Filovej. V septembri sa v hrade uskuto\u010dn\u00ed 31. ro\u010dn\u00edk podujatia Stretnutie drot\u00e1rskych majstrov, ktor\u00e9 podstatnou mierou prispelo k roz\u0161\u00edreniu tradi\u010dnej pr\u00e1ce s\u00a0dr\u00f4tom najm\u00e4 ako vo\u013eno\u010dasovej aktivity v \u0161irokej verejnosti a\u00a0z\u00e1rove\u0148 pomohlo objavi\u0165 mnoh\u00e9 v\u00fdrazn\u00e9 remeseln\u00e9 aj v\u00fdtvarn\u00e9 talenty.<\/p>\n<p>Drot\u00e1rstvo m\u00e1 v\u00a0Pova\u017eskom m\u00fazeu jedine\u010dn\u00e9 miesto. <em>\u201eJe neoddelite\u013enou s\u00fa\u010das\u0165ou n\u00e1\u0161ho m\u00fazea. V\u010faka nemu sme jedine\u010dn\u00ed, rozpoznate\u013en\u00ed a\u00a0svetov\u00ed. M\u00fazeum nielen dokumentuje tento v\u00fdznamn\u00fd prvok n\u00e1\u0161ho kult\u00farneho dedi\u010dstva, ale ho aj podporuje \u00a0a\u00a0udr\u017eiava. Dr\u00f4t je v\u00a0podstate symbol. Sp\u00e1ja, opravuje, vinie sa do r\u00f4znych tvarov a\u00a0v\u00a0kone\u010dnom d\u00f4sledku vytv\u00e1ra nie\u010do u\u017eito\u010dn\u00e9 a\u00a0kr\u00e1sne,\u201c <\/em>uzatv\u00e1ra riadite\u013e Pova\u017esk\u00e9ho m\u00fazea Mgr. Michal Jureck\u00fd. <em>\u00a0\u00a0\u00a0<\/em><\/p>\n<p>&nbsp;<\/p>\n","protected":false},"excerpt":{"rendered":"<p>Pova\u017esk\u00e9 m\u00fazeum si bude v roku 2025 pripom\u00edna\u0165 35 rokov \u00fasilia venovan\u00e9ho obnoveniu drot\u00e1rskej trad\u00edcie na Slovensku. Preto m\u00e1 rok 2025 v in\u0161tit\u00facii pr\u00edvlastok drot\u00e1rsky. Spolu s hist\u00f3riou dopravy je drot\u00e1rstvo profilov\u00fdm odborom m\u00fazea. Dejiny remesla s\u00fa komplexne predstaven\u00e9 v\u00a0st\u00e1lej expoz\u00edcii a\u00a0s\u00a0po\u010dtom takmer 7\u00a0700 predmetov v drot\u00e1rskom fonde in\u0161tit\u00facia disponuje najv\u00e4\u010d\u0161ou zbierkou svojho druhu na [&hellip;]<\/p>\n","protected":false},"author":2,"featured_media":67261,"comment_status":"closed","ping_status":"closed","sticky":false,"template":"","format":"standard","meta":{"site-sidebar-layout":"default","site-content-layout":"default","ast-site-content-layout":"default","site-content-style":"default","site-sidebar-style":"default","ast-global-header-display":"","ast-banner-title-visibility":"","ast-main-header-display":"","ast-hfb-above-header-display":"","ast-hfb-below-header-display":"","ast-hfb-mobile-header-display":"","site-post-title":"","ast-breadcrumbs-content":"","ast-featured-img":"","footer-sml-layout":"","theme-transparent-header-meta":"default","adv-header-id-meta":"","stick-header-meta":"default","header-above-stick-meta":"","header-main-stick-meta":"","header-below-stick-meta":"","astra-migrate-meta-layouts":"set","ast-page-background-enabled":"default","ast-page-background-meta":{"desktop":{"background-color":"var(--ast-global-color-4)","background-image":"","background-repeat":"repeat","background-position":"center center","background-size":"auto","background-attachment":"scroll","background-type":"","background-media":"","overlay-type":"","overlay-color":"","overlay-opacity":"","overlay-gradient":""},"tablet":{"background-color":"","background-image":"","background-repeat":"repeat","background-position":"center center","background-size":"auto","background-attachment":"scroll","background-type":"","background-media":"","overlay-type":"","overlay-color":"","overlay-opacity":"","overlay-gradient":""},"mobile":{"background-color":"","background-image":"","background-repeat":"repeat","background-position":"center center","background-size":"auto","background-attachment":"scroll","background-type":"","background-media":"","overlay-type":"","overlay-color":"","overlay-opacity":"","overlay-gradient":""}},"ast-content-background-meta":{"desktop":{"background-color":"var(--ast-global-color-5)","background-image":"","background-repeat":"repeat","background-position":"center center","background-size":"auto","background-attachment":"scroll","background-type":"","background-media":"","overlay-type":"","overlay-color":"","overlay-opacity":"","overlay-gradient":""},"tablet":{"background-color":"var(--ast-global-color-5)","background-image":"","background-repeat":"repeat","background-position":"center center","background-size":"auto","background-attachment":"scroll","background-type":"","background-media":"","overlay-type":"","overlay-color":"","overlay-opacity":"","overlay-gradient":""},"mobile":{"background-color":"var(--ast-global-color-5)","background-image":"","background-repeat":"repeat","background-position":"center center","background-size":"auto","background-attachment":"scroll","background-type":"","background-media":"","overlay-type":"","overlay-color":"","overlay-opacity":"","overlay-gradient":""}},"footnotes":""},"categories":[31],"tags":[],"class_list":["post-67260","post","type-post","status-publish","format-standard","has-post-thumbnail","hentry","category-aktuality"],"yoast_head":"<!-- This site is optimized with the Yoast SEO plugin v27.4 - https:\/\/yoast.com\/product\/yoast-seo-wordpress\/ -->\n<title>Rok 2025 bude drot\u00e1rsky - Pova\u017esk\u00e9 m\u00fazeum<\/title>\n<meta name=\"robots\" content=\"index, follow, max-snippet:-1, max-image-preview:large, max-video-preview:-1\" \/>\n<link rel=\"canonical\" href=\"https:\/\/pmza.sk\/?p=67260\" \/>\n<meta property=\"og:locale\" content=\"sk_SK\" \/>\n<meta property=\"og:type\" content=\"article\" \/>\n<meta property=\"og:title\" content=\"Rok 2025 bude drot\u00e1rsky - Pova\u017esk\u00e9 m\u00fazeum\" \/>\n<meta property=\"og:description\" content=\"Pova\u017esk\u00e9 m\u00fazeum si bude v roku 2025 pripom\u00edna\u0165 35 rokov \u00fasilia venovan\u00e9ho obnoveniu drot\u00e1rskej trad\u00edcie na Slovensku. Preto m\u00e1 rok 2025 v in\u0161tit\u00facii pr\u00edvlastok drot\u00e1rsky. Spolu s hist\u00f3riou dopravy je drot\u00e1rstvo profilov\u00fdm odborom m\u00fazea. Dejiny remesla s\u00fa komplexne predstaven\u00e9 v\u00a0st\u00e1lej expoz\u00edcii a\u00a0s\u00a0po\u010dtom takmer 7\u00a0700 predmetov v drot\u00e1rskom fonde in\u0161tit\u00facia disponuje najv\u00e4\u010d\u0161ou zbierkou svojho druhu na [&hellip;]\" \/>\n<meta property=\"og:url\" content=\"https:\/\/pmza.sk\/?p=67260\" \/>\n<meta property=\"og:site_name\" content=\"Pova\u017esk\u00e9 m\u00fazeum\" \/>\n<meta property=\"article:publisher\" content=\"https:\/\/www.facebook.com\/povazskemuzeum\" \/>\n<meta property=\"article:published_time\" content=\"2024-12-19T06:56:56+00:00\" \/>\n<meta property=\"article:modified_time\" content=\"2025-06-26T06:46:40+00:00\" \/>\n<meta property=\"og:image\" content=\"https:\/\/pmza.sk\/wp-content\/uploads\/2024\/12\/Ilustracne-foto-zo-zbierok-PM.jpg\" \/>\n\t<meta property=\"og:image:width\" content=\"1920\" \/>\n\t<meta property=\"og:image:height\" content=\"1280\" \/>\n\t<meta property=\"og:image:type\" content=\"image\/jpeg\" \/>\n<meta name=\"author\" content=\"Pova\u017esk\u00e9 m\u00fazeum\" \/>\n<meta name=\"twitter:card\" content=\"summary_large_image\" \/>\n<meta name=\"twitter:label1\" content=\"Autor\" \/>\n\t<meta name=\"twitter:data1\" content=\"Pova\u017esk\u00e9 m\u00fazeum\" \/>\n\t<meta name=\"twitter:label2\" content=\"Predpokladan\u00fd \u010das \u010d\u00edtania\" \/>\n\t<meta name=\"twitter:data2\" content=\"4 min\u00faty\" \/>\n<script type=\"application\/ld+json\" class=\"yoast-schema-graph\">{\"@context\":\"https:\\\/\\\/schema.org\",\"@graph\":[{\"@type\":\"Article\",\"@id\":\"https:\\\/\\\/pmza.sk\\\/?p=67260#article\",\"isPartOf\":{\"@id\":\"https:\\\/\\\/pmza.sk\\\/?p=67260\"},\"author\":{\"name\":\"Pova\u017esk\u00e9 m\u00fazeum\",\"@id\":\"https:\\\/\\\/pmza.sk\\\/#\\\/schema\\\/person\\\/595e6a2ce731ea94dcd5d7f50a41ae33\"},\"headline\":\"Rok 2025 bude drot\u00e1rsky\",\"datePublished\":\"2024-12-19T06:56:56+00:00\",\"dateModified\":\"2025-06-26T06:46:40+00:00\",\"mainEntityOfPage\":{\"@id\":\"https:\\\/\\\/pmza.sk\\\/?p=67260\"},\"wordCount\":799,\"publisher\":{\"@id\":\"https:\\\/\\\/pmza.sk\\\/#organization\"},\"image\":{\"@id\":\"https:\\\/\\\/pmza.sk\\\/?p=67260#primaryimage\"},\"thumbnailUrl\":\"https:\\\/\\\/pmza.sk\\\/wp-content\\\/uploads\\\/2024\\\/12\\\/Ilustracne-foto-zo-zbierok-PM.jpg\",\"articleSection\":[\"Aktuality\"],\"inLanguage\":\"sk-SK\"},{\"@type\":\"WebPage\",\"@id\":\"https:\\\/\\\/pmza.sk\\\/?p=67260\",\"url\":\"https:\\\/\\\/pmza.sk\\\/?p=67260\",\"name\":\"Rok 2025 bude drot\u00e1rsky - Pova\u017esk\u00e9 m\u00fazeum\",\"isPartOf\":{\"@id\":\"https:\\\/\\\/pmza.sk\\\/#website\"},\"primaryImageOfPage\":{\"@id\":\"https:\\\/\\\/pmza.sk\\\/?p=67260#primaryimage\"},\"image\":{\"@id\":\"https:\\\/\\\/pmza.sk\\\/?p=67260#primaryimage\"},\"thumbnailUrl\":\"https:\\\/\\\/pmza.sk\\\/wp-content\\\/uploads\\\/2024\\\/12\\\/Ilustracne-foto-zo-zbierok-PM.jpg\",\"datePublished\":\"2024-12-19T06:56:56+00:00\",\"dateModified\":\"2025-06-26T06:46:40+00:00\",\"breadcrumb\":{\"@id\":\"https:\\\/\\\/pmza.sk\\\/?p=67260#breadcrumb\"},\"inLanguage\":\"sk-SK\",\"potentialAction\":[{\"@type\":\"ReadAction\",\"target\":[\"https:\\\/\\\/pmza.sk\\\/?p=67260\"]}]},{\"@type\":\"ImageObject\",\"inLanguage\":\"sk-SK\",\"@id\":\"https:\\\/\\\/pmza.sk\\\/?p=67260#primaryimage\",\"url\":\"https:\\\/\\\/pmza.sk\\\/wp-content\\\/uploads\\\/2024\\\/12\\\/Ilustracne-foto-zo-zbierok-PM.jpg\",\"contentUrl\":\"https:\\\/\\\/pmza.sk\\\/wp-content\\\/uploads\\\/2024\\\/12\\\/Ilustracne-foto-zo-zbierok-PM.jpg\",\"width\":1920,\"height\":1280},{\"@type\":\"BreadcrumbList\",\"@id\":\"https:\\\/\\\/pmza.sk\\\/?p=67260#breadcrumb\",\"itemListElement\":[{\"@type\":\"ListItem\",\"position\":1,\"name\":\"Domovsk\u00e1 str\u00e1nka\",\"item\":\"https:\\\/\\\/pmza.sk\\\/\"},{\"@type\":\"ListItem\",\"position\":2,\"name\":\"Rok 2025 bude drot\u00e1rsky\"}]},{\"@type\":\"WebSite\",\"@id\":\"https:\\\/\\\/pmza.sk\\\/#website\",\"url\":\"https:\\\/\\\/pmza.sk\\\/\",\"name\":\"Pova\u017esk\u00e9 m\u00fazeum\",\"description\":\"Pova\u017esk\u00e9 m\u00fazeum v \u017diline je region\u00e1lne m\u00fazeum so s\u00eddlom v Budat\u00edne. Jeho expoz\u00edcie s\u00fa zameran\u00e9 na dejiny slovensk\u00e9ho umenia, kult\u00fary a dopravy.\",\"publisher\":{\"@id\":\"https:\\\/\\\/pmza.sk\\\/#organization\"},\"potentialAction\":[{\"@type\":\"SearchAction\",\"target\":{\"@type\":\"EntryPoint\",\"urlTemplate\":\"https:\\\/\\\/pmza.sk\\\/?s={search_term_string}\"},\"query-input\":{\"@type\":\"PropertyValueSpecification\",\"valueRequired\":true,\"valueName\":\"search_term_string\"}}],\"inLanguage\":\"sk-SK\"},{\"@type\":\"Organization\",\"@id\":\"https:\\\/\\\/pmza.sk\\\/#organization\",\"name\":\"Pova\u017esk\u00e9 m\u00fazeum\",\"url\":\"https:\\\/\\\/pmza.sk\\\/\",\"logo\":{\"@type\":\"ImageObject\",\"inLanguage\":\"sk-SK\",\"@id\":\"https:\\\/\\\/pmza.sk\\\/#\\\/schema\\\/logo\\\/image\\\/\",\"url\":\"https:\\\/\\\/pmza.sk\\\/wp-content\\\/uploads\\\/2022\\\/01\\\/logo_PM_horizontal.jpg\",\"contentUrl\":\"https:\\\/\\\/pmza.sk\\\/wp-content\\\/uploads\\\/2022\\\/01\\\/logo_PM_horizontal.jpg\",\"width\":231,\"height\":142,\"caption\":\"Pova\u017esk\u00e9 m\u00fazeum\"},\"image\":{\"@id\":\"https:\\\/\\\/pmza.sk\\\/#\\\/schema\\\/logo\\\/image\\\/\"},\"sameAs\":[\"https:\\\/\\\/www.facebook.com\\\/povazskemuzeum\",\"https:\\\/\\\/www.instagram.com\\\/povazskemuzeum\\\/\"]},{\"@type\":\"Person\",\"@id\":\"https:\\\/\\\/pmza.sk\\\/#\\\/schema\\\/person\\\/595e6a2ce731ea94dcd5d7f50a41ae33\",\"name\":\"Pova\u017esk\u00e9 m\u00fazeum\",\"image\":{\"@type\":\"ImageObject\",\"inLanguage\":\"sk-SK\",\"@id\":\"https:\\\/\\\/secure.gravatar.com\\\/avatar\\\/2bb7f1561282132fb5826dfeccc66c7996d11ee392ac6aaf7ced8a1c2027fbb2?s=96&d=mm&r=g\",\"url\":\"https:\\\/\\\/secure.gravatar.com\\\/avatar\\\/2bb7f1561282132fb5826dfeccc66c7996d11ee392ac6aaf7ced8a1c2027fbb2?s=96&d=mm&r=g\",\"contentUrl\":\"https:\\\/\\\/secure.gravatar.com\\\/avatar\\\/2bb7f1561282132fb5826dfeccc66c7996d11ee392ac6aaf7ced8a1c2027fbb2?s=96&d=mm&r=g\",\"caption\":\"Pova\u017esk\u00e9 m\u00fazeum\"}}]}<\/script>\n<!-- \/ Yoast SEO plugin. -->","yoast_head_json":{"title":"Rok 2025 bude drot\u00e1rsky - Pova\u017esk\u00e9 m\u00fazeum","robots":{"index":"index","follow":"follow","max-snippet":"max-snippet:-1","max-image-preview":"max-image-preview:large","max-video-preview":"max-video-preview:-1"},"canonical":"https:\/\/pmza.sk\/?p=67260","og_locale":"sk_SK","og_type":"article","og_title":"Rok 2025 bude drot\u00e1rsky - Pova\u017esk\u00e9 m\u00fazeum","og_description":"Pova\u017esk\u00e9 m\u00fazeum si bude v roku 2025 pripom\u00edna\u0165 35 rokov \u00fasilia venovan\u00e9ho obnoveniu drot\u00e1rskej trad\u00edcie na Slovensku. Preto m\u00e1 rok 2025 v in\u0161tit\u00facii pr\u00edvlastok drot\u00e1rsky. Spolu s hist\u00f3riou dopravy je drot\u00e1rstvo profilov\u00fdm odborom m\u00fazea. Dejiny remesla s\u00fa komplexne predstaven\u00e9 v\u00a0st\u00e1lej expoz\u00edcii a\u00a0s\u00a0po\u010dtom takmer 7\u00a0700 predmetov v drot\u00e1rskom fonde in\u0161tit\u00facia disponuje najv\u00e4\u010d\u0161ou zbierkou svojho druhu na [&hellip;]","og_url":"https:\/\/pmza.sk\/?p=67260","og_site_name":"Pova\u017esk\u00e9 m\u00fazeum","article_publisher":"https:\/\/www.facebook.com\/povazskemuzeum","article_published_time":"2024-12-19T06:56:56+00:00","article_modified_time":"2025-06-26T06:46:40+00:00","og_image":[{"width":1920,"height":1280,"url":"https:\/\/pmza.sk\/wp-content\/uploads\/2024\/12\/Ilustracne-foto-zo-zbierok-PM.jpg","type":"image\/jpeg"}],"author":"Pova\u017esk\u00e9 m\u00fazeum","twitter_card":"summary_large_image","twitter_misc":{"Autor":"Pova\u017esk\u00e9 m\u00fazeum","Predpokladan\u00fd \u010das \u010d\u00edtania":"4 min\u00faty"},"schema":{"@context":"https:\/\/schema.org","@graph":[{"@type":"Article","@id":"https:\/\/pmza.sk\/?p=67260#article","isPartOf":{"@id":"https:\/\/pmza.sk\/?p=67260"},"author":{"name":"Pova\u017esk\u00e9 m\u00fazeum","@id":"https:\/\/pmza.sk\/#\/schema\/person\/595e6a2ce731ea94dcd5d7f50a41ae33"},"headline":"Rok 2025 bude drot\u00e1rsky","datePublished":"2024-12-19T06:56:56+00:00","dateModified":"2025-06-26T06:46:40+00:00","mainEntityOfPage":{"@id":"https:\/\/pmza.sk\/?p=67260"},"wordCount":799,"publisher":{"@id":"https:\/\/pmza.sk\/#organization"},"image":{"@id":"https:\/\/pmza.sk\/?p=67260#primaryimage"},"thumbnailUrl":"https:\/\/pmza.sk\/wp-content\/uploads\/2024\/12\/Ilustracne-foto-zo-zbierok-PM.jpg","articleSection":["Aktuality"],"inLanguage":"sk-SK"},{"@type":"WebPage","@id":"https:\/\/pmza.sk\/?p=67260","url":"https:\/\/pmza.sk\/?p=67260","name":"Rok 2025 bude drot\u00e1rsky - Pova\u017esk\u00e9 m\u00fazeum","isPartOf":{"@id":"https:\/\/pmza.sk\/#website"},"primaryImageOfPage":{"@id":"https:\/\/pmza.sk\/?p=67260#primaryimage"},"image":{"@id":"https:\/\/pmza.sk\/?p=67260#primaryimage"},"thumbnailUrl":"https:\/\/pmza.sk\/wp-content\/uploads\/2024\/12\/Ilustracne-foto-zo-zbierok-PM.jpg","datePublished":"2024-12-19T06:56:56+00:00","dateModified":"2025-06-26T06:46:40+00:00","breadcrumb":{"@id":"https:\/\/pmza.sk\/?p=67260#breadcrumb"},"inLanguage":"sk-SK","potentialAction":[{"@type":"ReadAction","target":["https:\/\/pmza.sk\/?p=67260"]}]},{"@type":"ImageObject","inLanguage":"sk-SK","@id":"https:\/\/pmza.sk\/?p=67260#primaryimage","url":"https:\/\/pmza.sk\/wp-content\/uploads\/2024\/12\/Ilustracne-foto-zo-zbierok-PM.jpg","contentUrl":"https:\/\/pmza.sk\/wp-content\/uploads\/2024\/12\/Ilustracne-foto-zo-zbierok-PM.jpg","width":1920,"height":1280},{"@type":"BreadcrumbList","@id":"https:\/\/pmza.sk\/?p=67260#breadcrumb","itemListElement":[{"@type":"ListItem","position":1,"name":"Domovsk\u00e1 str\u00e1nka","item":"https:\/\/pmza.sk\/"},{"@type":"ListItem","position":2,"name":"Rok 2025 bude drot\u00e1rsky"}]},{"@type":"WebSite","@id":"https:\/\/pmza.sk\/#website","url":"https:\/\/pmza.sk\/","name":"Pova\u017esk\u00e9 m\u00fazeum","description":"Pova\u017esk\u00e9 m\u00fazeum v \u017diline je region\u00e1lne m\u00fazeum so s\u00eddlom v Budat\u00edne. Jeho expoz\u00edcie s\u00fa zameran\u00e9 na dejiny slovensk\u00e9ho umenia, kult\u00fary a dopravy.","publisher":{"@id":"https:\/\/pmza.sk\/#organization"},"potentialAction":[{"@type":"SearchAction","target":{"@type":"EntryPoint","urlTemplate":"https:\/\/pmza.sk\/?s={search_term_string}"},"query-input":{"@type":"PropertyValueSpecification","valueRequired":true,"valueName":"search_term_string"}}],"inLanguage":"sk-SK"},{"@type":"Organization","@id":"https:\/\/pmza.sk\/#organization","name":"Pova\u017esk\u00e9 m\u00fazeum","url":"https:\/\/pmza.sk\/","logo":{"@type":"ImageObject","inLanguage":"sk-SK","@id":"https:\/\/pmza.sk\/#\/schema\/logo\/image\/","url":"https:\/\/pmza.sk\/wp-content\/uploads\/2022\/01\/logo_PM_horizontal.jpg","contentUrl":"https:\/\/pmza.sk\/wp-content\/uploads\/2022\/01\/logo_PM_horizontal.jpg","width":231,"height":142,"caption":"Pova\u017esk\u00e9 m\u00fazeum"},"image":{"@id":"https:\/\/pmza.sk\/#\/schema\/logo\/image\/"},"sameAs":["https:\/\/www.facebook.com\/povazskemuzeum","https:\/\/www.instagram.com\/povazskemuzeum\/"]},{"@type":"Person","@id":"https:\/\/pmza.sk\/#\/schema\/person\/595e6a2ce731ea94dcd5d7f50a41ae33","name":"Pova\u017esk\u00e9 m\u00fazeum","image":{"@type":"ImageObject","inLanguage":"sk-SK","@id":"https:\/\/secure.gravatar.com\/avatar\/2bb7f1561282132fb5826dfeccc66c7996d11ee392ac6aaf7ced8a1c2027fbb2?s=96&d=mm&r=g","url":"https:\/\/secure.gravatar.com\/avatar\/2bb7f1561282132fb5826dfeccc66c7996d11ee392ac6aaf7ced8a1c2027fbb2?s=96&d=mm&r=g","contentUrl":"https:\/\/secure.gravatar.com\/avatar\/2bb7f1561282132fb5826dfeccc66c7996d11ee392ac6aaf7ced8a1c2027fbb2?s=96&d=mm&r=g","caption":"Pova\u017esk\u00e9 m\u00fazeum"}}]}},"_links":{"self":[{"href":"https:\/\/pmza.sk\/index.php?rest_route=\/wp\/v2\/posts\/67260","targetHints":{"allow":["GET"]}}],"collection":[{"href":"https:\/\/pmza.sk\/index.php?rest_route=\/wp\/v2\/posts"}],"about":[{"href":"https:\/\/pmza.sk\/index.php?rest_route=\/wp\/v2\/types\/post"}],"author":[{"embeddable":true,"href":"https:\/\/pmza.sk\/index.php?rest_route=\/wp\/v2\/users\/2"}],"replies":[{"embeddable":true,"href":"https:\/\/pmza.sk\/index.php?rest_route=%2Fwp%2Fv2%2Fcomments&post=67260"}],"version-history":[{"count":0,"href":"https:\/\/pmza.sk\/index.php?rest_route=\/wp\/v2\/posts\/67260\/revisions"}],"wp:featuredmedia":[{"embeddable":true,"href":"https:\/\/pmza.sk\/index.php?rest_route=\/wp\/v2\/media\/67261"}],"wp:attachment":[{"href":"https:\/\/pmza.sk\/index.php?rest_route=%2Fwp%2Fv2%2Fmedia&parent=67260"}],"wp:term":[{"taxonomy":"category","embeddable":true,"href":"https:\/\/pmza.sk\/index.php?rest_route=%2Fwp%2Fv2%2Fcategories&post=67260"},{"taxonomy":"post_tag","embeddable":true,"href":"https:\/\/pmza.sk\/index.php?rest_route=%2Fwp%2Fv2%2Ftags&post=67260"}],"curies":[{"name":"wp","href":"https:\/\/api.w.org\/{rel}","templated":true}]}}