{"id":67536,"date":"2025-01-16T14:24:07","date_gmt":"2025-01-16T13:24:07","guid":{"rendered":"https:\/\/pmza.sk\/?p=67536"},"modified":"2025-05-23T07:00:19","modified_gmt":"2025-05-23T05:00:19","slug":"sanacne-prace-na-hrade-strecno","status":"publish","type":"post","link":"https:\/\/pmza.sk\/?p=67536","title":{"rendered":"Sana\u010dn\u00e9 pr\u00e1ce na hrade Stre\u010dno"},"content":{"rendered":"<p>V\u010faka podpore MK SR cez grantov\u00fd program \u201eObnovme si svoj Dom\u201c sa aj v roku 2024 podarilo odstr\u00e1ni\u0165 zisten\u00e9 sana\u010dn\u00e9 poruchy na hrade Stre\u010dno. Konkr\u00e9tne i\u0161lo o\u00a0budovu delovej ba\u0161ty na v\u00fdchodnej a\u00a0z\u00e1padnej strane.<\/p>\n<p>Je to trojpodla\u017en\u00fd renesan\u010dn\u00fd fortifika\u010dn\u00fd objekt, ktor\u00fd m\u00e1 \u010diasto\u010dne zachovan\u00fa v\u00fdchodn\u00fa a z\u00e1padn\u00fa obvodov\u00fa stenu s mot\u00fdlikov\u00fdmi strie\u013e\u0148ami. <em>\u201eZ v\u00fdchodnej steny sa za\u010dalo uvo\u013e\u0148ova\u0165 l\u00edcne murivo, \u010do ohrozovalo samotn\u00fdch n\u00e1v\u0161tevn\u00edkov hradu a za\u010dali vznika\u0165 kaverny, \u010do sp\u00f4sobovalo riziko pre samotn\u00fa statiku celej steny. Pre statick\u00e9 zabezpe\u010denie bolo potrebn\u00e9 postavi\u0165 le\u0161enie z vonkaj\u0161ej strany do v\u00fd\u0161ky 6 m a n\u00e1sledne ho prepoji\u0165 s le\u0161en\u00edm v interi\u00e9ri. V z\u00e1padnej stene boli zamurovan\u00e9 kaverny v p\u00e4te m\u00faru so stykom so skaln\u00fdm podlo\u017e\u00edm, taktie\u017e rozpad\u00e1vaj\u00face sa l\u00edcne murivo z interi\u00e9ru a lok\u00e1lne sa cel\u00fd \u00fasek pre\u0161k\u00e1roval,\u201c <\/em>pribl\u00ed\u017eil Branislav Piroha.<\/p>\n<p><em>\u201eSamotn\u00e1 san\u00e1cia spo\u010d\u00edvala v rozobrat\u00ed uvo\u013enen\u00e9ho muriva a zvetran\u00e9ho podlo\u017eia skaly na zdrav\u00fd z\u00e1klad a zasekan\u00edm z\u00e1kladov\u00e9ho vl\u00f4\u017eka do skaln\u00e9ho podlo\u017eia. V minulosti bolo murivo nevhodne sanovan\u00e9 s kotven\u00edm oce\u013eov\u00fdch kotviacich r\u00far a cementovej malty. Kovov\u00e9 kotviace prvky vplyvom vlhkosti skorodovali a zv\u00e4\u010d\u0161ili svoj objem v\u00a0murive, \u010do sp\u00f4sobilo de\u0161trukciu muriva vr\u00e1tane cementovej malty, ktor\u00e1 nie je dif\u00fazna a je nevhodn\u00e1 pre v\u00e1penn\u00e9 murivo,\u201c <\/em>doplnil.<\/p>\n<p>Cel\u00e1 realiz\u00e1cia na dan\u00fdch objektoch prebiehala kvalitnou remeselnou formou, v r\u00e1mci ktorej boli pou\u017eit\u00e9 p\u00f4vodn\u00e9 materi\u00e1ly. \u010ci u\u017e i\u0161lo o kame\u0148 z\u00edskan\u00fd z ne\u010falek\u00e9ho v\u00e1pencov\u00e9ho lomu, rovnak\u00e9ho, ak\u00fd bol pou\u017eit\u00fd na hrade v minulosti, alebo technol\u00f3gie, ktor\u00e9 spo\u010d\u00edvali v pr\u00edprave \u00a0v\u00e1pennej malty s pou\u017eit\u00edm vhodn\u00fdch pr\u00edsad.<\/p>\n<div class=\"wp-block-image\"><img fetchpriority=\"high\" decoding=\"async\" class=\"wpa-warning wpa-image-missing-alt alignnone size-medium wp-image-67538\" src=\"https:\/\/pmza.sk\/wp-content\/uploads\/2025\/01\/20241129_151958_resize-570x321.jpg\" alt=\"\" width=\"570\" height=\"321\" data-warning=\"Missing alt text\" srcset=\"https:\/\/pmza.sk\/wp-content\/uploads\/2025\/01\/20241129_151958_resize-570x321.jpg 570w, https:\/\/pmza.sk\/wp-content\/uploads\/2025\/01\/20241129_151958_resize-768x432.jpg 768w, https:\/\/pmza.sk\/wp-content\/uploads\/2025\/01\/20241129_151958_resize-600x338.jpg 600w, https:\/\/pmza.sk\/wp-content\/uploads\/2025\/01\/20241129_151958_resize.jpg 1000w\" sizes=\"(max-width: 570px) 100vw, 570px\" \/><\/div>\n<div><\/div>\n<div>\n<div class=\"wp-block-image\"><img decoding=\"async\" class=\"wpa-warning wpa-image-missing-alt alignnone size-medium wp-image-67540\" src=\"https:\/\/pmza.sk\/wp-content\/uploads\/2025\/01\/20241201_105416-1_resize-570x321.jpg\" alt=\"\" width=\"570\" height=\"321\" data-warning=\"Missing alt text\" srcset=\"https:\/\/pmza.sk\/wp-content\/uploads\/2025\/01\/20241201_105416-1_resize-570x321.jpg 570w, https:\/\/pmza.sk\/wp-content\/uploads\/2025\/01\/20241201_105416-1_resize-768x432.jpg 768w, https:\/\/pmza.sk\/wp-content\/uploads\/2025\/01\/20241201_105416-1_resize-600x338.jpg 600w, https:\/\/pmza.sk\/wp-content\/uploads\/2025\/01\/20241201_105416-1_resize.jpg 1000w\" sizes=\"(max-width: 570px) 100vw, 570px\" \/><\/div>\n<\/div>\n<div>\n<div class=\"wp-block-image\">\n<div class=\"wp-block-image\"><img decoding=\"async\" class=\"wpa-warning wpa-image-missing-alt alignnone size-medium wp-image-67542\" src=\"https:\/\/pmza.sk\/wp-content\/uploads\/2025\/01\/20241204_134139_resize-570x321.jpg\" alt=\"\" width=\"570\" height=\"321\" data-warning=\"Missing alt text\" srcset=\"https:\/\/pmza.sk\/wp-content\/uploads\/2025\/01\/20241204_134139_resize-570x321.jpg 570w, https:\/\/pmza.sk\/wp-content\/uploads\/2025\/01\/20241204_134139_resize-768x432.jpg 768w, https:\/\/pmza.sk\/wp-content\/uploads\/2025\/01\/20241204_134139_resize-600x338.jpg 600w, https:\/\/pmza.sk\/wp-content\/uploads\/2025\/01\/20241204_134139_resize.jpg 1000w\" sizes=\"(max-width: 570px) 100vw, 570px\" \/><\/div>\n<\/div>\n<\/div>\n<div><\/div>\n<div>\n<div class=\"wp-block-image\"><img loading=\"lazy\" decoding=\"async\" class=\"wpa-warning wpa-image-missing-alt alignnone size-medium wp-image-67541\" src=\"https:\/\/pmza.sk\/wp-content\/uploads\/2025\/01\/20241203_090957_resize-570x321.jpg\" alt=\"\" width=\"570\" height=\"321\" data-warning=\"Missing alt text\" srcset=\"https:\/\/pmza.sk\/wp-content\/uploads\/2025\/01\/20241203_090957_resize-570x321.jpg 570w, https:\/\/pmza.sk\/wp-content\/uploads\/2025\/01\/20241203_090957_resize-768x432.jpg 768w, https:\/\/pmza.sk\/wp-content\/uploads\/2025\/01\/20241203_090957_resize-600x338.jpg 600w, https:\/\/pmza.sk\/wp-content\/uploads\/2025\/01\/20241203_090957_resize.jpg 1000w\" sizes=\"(max-width: 570px) 100vw, 570px\" \/><\/div>\n<\/div>\n<div><\/div>\n<div>\n<div class=\"wp-block-image\"><img loading=\"lazy\" decoding=\"async\" class=\"wpa-warning wpa-image-missing-alt alignnone size-medium wp-image-67543\" src=\"https:\/\/pmza.sk\/wp-content\/uploads\/2025\/01\/20250111_151406_resize-570x321.jpg\" alt=\"\" width=\"570\" height=\"321\" data-warning=\"Missing alt text\" srcset=\"https:\/\/pmza.sk\/wp-content\/uploads\/2025\/01\/20250111_151406_resize-570x321.jpg 570w, https:\/\/pmza.sk\/wp-content\/uploads\/2025\/01\/20250111_151406_resize-768x432.jpg 768w, https:\/\/pmza.sk\/wp-content\/uploads\/2025\/01\/20250111_151406_resize-600x338.jpg 600w, https:\/\/pmza.sk\/wp-content\/uploads\/2025\/01\/20250111_151406_resize.jpg 1000w\" sizes=\"(max-width: 570px) 100vw, 570px\" \/><\/div>\n<\/div>\n<div><\/div>\n","protected":false},"excerpt":{"rendered":"<p>V\u010faka podpore MK SR cez grantov\u00fd program \u201eObnovme si svoj Dom\u201c sa aj v roku 2024 podarilo odstr\u00e1ni\u0165 zisten\u00e9 sana\u010dn\u00e9 poruchy na hrade Stre\u010dno. Konkr\u00e9tne i\u0161lo o\u00a0budovu delovej ba\u0161ty na v\u00fdchodnej a\u00a0z\u00e1padnej strane. Je to trojpodla\u017en\u00fd renesan\u010dn\u00fd fortifika\u010dn\u00fd objekt, ktor\u00fd m\u00e1 \u010diasto\u010dne zachovan\u00fa v\u00fdchodn\u00fa a z\u00e1padn\u00fa obvodov\u00fa stenu s mot\u00fdlikov\u00fdmi strie\u013e\u0148ami. \u201eZ v\u00fdchodnej steny sa [&hellip;]<\/p>\n","protected":false},"author":2,"featured_media":67539,"comment_status":"closed","ping_status":"closed","sticky":false,"template":"","format":"standard","meta":{"site-sidebar-layout":"default","site-content-layout":"","ast-site-content-layout":"default","site-content-style":"default","site-sidebar-style":"default","ast-global-header-display":"","ast-banner-title-visibility":"","ast-main-header-display":"","ast-hfb-above-header-display":"","ast-hfb-below-header-display":"","ast-hfb-mobile-header-display":"","site-post-title":"","ast-breadcrumbs-content":"","ast-featured-img":"","footer-sml-layout":"","theme-transparent-header-meta":"default","adv-header-id-meta":"","stick-header-meta":"default","header-above-stick-meta":"","header-main-stick-meta":"","header-below-stick-meta":"","astra-migrate-meta-layouts":"set","ast-page-background-enabled":"default","ast-page-background-meta":{"desktop":{"background-color":"var(--ast-global-color-4)","background-image":"","background-repeat":"repeat","background-position":"center center","background-size":"auto","background-attachment":"scroll","background-type":"","background-media":"","overlay-type":"","overlay-color":"","overlay-opacity":"","overlay-gradient":""},"tablet":{"background-color":"","background-image":"","background-repeat":"repeat","background-position":"center center","background-size":"auto","background-attachment":"scroll","background-type":"","background-media":"","overlay-type":"","overlay-color":"","overlay-opacity":"","overlay-gradient":""},"mobile":{"background-color":"","background-image":"","background-repeat":"repeat","background-position":"center center","background-size":"auto","background-attachment":"scroll","background-type":"","background-media":"","overlay-type":"","overlay-color":"","overlay-opacity":"","overlay-gradient":""}},"ast-content-background-meta":{"desktop":{"background-color":"var(--ast-global-color-5)","background-image":"","background-repeat":"repeat","background-position":"center center","background-size":"auto","background-attachment":"scroll","background-type":"","background-media":"","overlay-type":"","overlay-color":"","overlay-opacity":"","overlay-gradient":""},"tablet":{"background-color":"var(--ast-global-color-5)","background-image":"","background-repeat":"repeat","background-position":"center center","background-size":"auto","background-attachment":"scroll","background-type":"","background-media":"","overlay-type":"","overlay-color":"","overlay-opacity":"","overlay-gradient":""},"mobile":{"background-color":"var(--ast-global-color-5)","background-image":"","background-repeat":"repeat","background-position":"center center","background-size":"auto","background-attachment":"scroll","background-type":"","background-media":"","overlay-type":"","overlay-color":"","overlay-opacity":"","overlay-gradient":""}},"footnotes":""},"categories":[31],"tags":[],"class_list":["post-67536","post","type-post","status-publish","format-standard","has-post-thumbnail","hentry","category-aktuality"],"yoast_head":"<!-- This site is optimized with the Yoast SEO plugin v27.4 - https:\/\/yoast.com\/product\/yoast-seo-wordpress\/ -->\n<title>Sana\u010dn\u00e9 pr\u00e1ce na hrade Stre\u010dno - Pova\u017esk\u00e9 m\u00fazeum<\/title>\n<meta name=\"robots\" content=\"index, follow, max-snippet:-1, max-image-preview:large, max-video-preview:-1\" \/>\n<link rel=\"canonical\" href=\"https:\/\/pmza.sk\/?p=67536\" \/>\n<meta property=\"og:locale\" content=\"sk_SK\" \/>\n<meta property=\"og:type\" content=\"article\" \/>\n<meta property=\"og:title\" content=\"Sana\u010dn\u00e9 pr\u00e1ce na hrade Stre\u010dno - Pova\u017esk\u00e9 m\u00fazeum\" \/>\n<meta property=\"og:description\" content=\"V\u010faka podpore MK SR cez grantov\u00fd program \u201eObnovme si svoj Dom\u201c sa aj v roku 2024 podarilo odstr\u00e1ni\u0165 zisten\u00e9 sana\u010dn\u00e9 poruchy na hrade Stre\u010dno. Konkr\u00e9tne i\u0161lo o\u00a0budovu delovej ba\u0161ty na v\u00fdchodnej a\u00a0z\u00e1padnej strane. Je to trojpodla\u017en\u00fd renesan\u010dn\u00fd fortifika\u010dn\u00fd objekt, ktor\u00fd m\u00e1 \u010diasto\u010dne zachovan\u00fa v\u00fdchodn\u00fa a z\u00e1padn\u00fa obvodov\u00fa stenu s mot\u00fdlikov\u00fdmi strie\u013e\u0148ami. \u201eZ v\u00fdchodnej steny sa [&hellip;]\" \/>\n<meta property=\"og:url\" content=\"https:\/\/pmza.sk\/?p=67536\" \/>\n<meta property=\"og:site_name\" content=\"Pova\u017esk\u00e9 m\u00fazeum\" \/>\n<meta property=\"article:publisher\" content=\"https:\/\/www.facebook.com\/povazskemuzeum\" \/>\n<meta property=\"article:published_time\" content=\"2025-01-16T13:24:07+00:00\" \/>\n<meta property=\"article:modified_time\" content=\"2025-05-23T05:00:19+00:00\" \/>\n<meta property=\"og:image\" content=\"https:\/\/pmza.sk\/wp-content\/uploads\/2025\/01\/20241204_102134-1-1.jpg\" \/>\n\t<meta property=\"og:image:width\" content=\"1000\" \/>\n\t<meta property=\"og:image:height\" content=\"563\" \/>\n\t<meta property=\"og:image:type\" content=\"image\/jpeg\" \/>\n<meta name=\"author\" content=\"Pova\u017esk\u00e9 m\u00fazeum\" \/>\n<meta name=\"twitter:card\" content=\"summary_large_image\" \/>\n<meta name=\"twitter:label1\" content=\"Autor\" \/>\n\t<meta name=\"twitter:data1\" content=\"Pova\u017esk\u00e9 m\u00fazeum\" \/>\n\t<meta name=\"twitter:label2\" content=\"Predpokladan\u00fd \u010das \u010d\u00edtania\" \/>\n\t<meta name=\"twitter:data2\" content=\"2 min\u00faty\" \/>\n<script type=\"application\/ld+json\" class=\"yoast-schema-graph\">{\"@context\":\"https:\\\/\\\/schema.org\",\"@graph\":[{\"@type\":\"Article\",\"@id\":\"https:\\\/\\\/pmza.sk\\\/?p=67536#article\",\"isPartOf\":{\"@id\":\"https:\\\/\\\/pmza.sk\\\/?p=67536\"},\"author\":{\"name\":\"Pova\u017esk\u00e9 m\u00fazeum\",\"@id\":\"https:\\\/\\\/pmza.sk\\\/#\\\/schema\\\/person\\\/595e6a2ce731ea94dcd5d7f50a41ae33\"},\"headline\":\"Sana\u010dn\u00e9 pr\u00e1ce na hrade Stre\u010dno\",\"datePublished\":\"2025-01-16T13:24:07+00:00\",\"dateModified\":\"2025-05-23T05:00:19+00:00\",\"mainEntityOfPage\":{\"@id\":\"https:\\\/\\\/pmza.sk\\\/?p=67536\"},\"wordCount\":341,\"publisher\":{\"@id\":\"https:\\\/\\\/pmza.sk\\\/#organization\"},\"image\":{\"@id\":\"https:\\\/\\\/pmza.sk\\\/?p=67536#primaryimage\"},\"thumbnailUrl\":\"https:\\\/\\\/pmza.sk\\\/wp-content\\\/uploads\\\/2025\\\/01\\\/20241204_102134-1-1.jpg\",\"articleSection\":[\"Aktuality\"],\"inLanguage\":\"sk-SK\"},{\"@type\":\"WebPage\",\"@id\":\"https:\\\/\\\/pmza.sk\\\/?p=67536\",\"url\":\"https:\\\/\\\/pmza.sk\\\/?p=67536\",\"name\":\"Sana\u010dn\u00e9 pr\u00e1ce na hrade Stre\u010dno - Pova\u017esk\u00e9 m\u00fazeum\",\"isPartOf\":{\"@id\":\"https:\\\/\\\/pmza.sk\\\/#website\"},\"primaryImageOfPage\":{\"@id\":\"https:\\\/\\\/pmza.sk\\\/?p=67536#primaryimage\"},\"image\":{\"@id\":\"https:\\\/\\\/pmza.sk\\\/?p=67536#primaryimage\"},\"thumbnailUrl\":\"https:\\\/\\\/pmza.sk\\\/wp-content\\\/uploads\\\/2025\\\/01\\\/20241204_102134-1-1.jpg\",\"datePublished\":\"2025-01-16T13:24:07+00:00\",\"dateModified\":\"2025-05-23T05:00:19+00:00\",\"breadcrumb\":{\"@id\":\"https:\\\/\\\/pmza.sk\\\/?p=67536#breadcrumb\"},\"inLanguage\":\"sk-SK\",\"potentialAction\":[{\"@type\":\"ReadAction\",\"target\":[\"https:\\\/\\\/pmza.sk\\\/?p=67536\"]}]},{\"@type\":\"ImageObject\",\"inLanguage\":\"sk-SK\",\"@id\":\"https:\\\/\\\/pmza.sk\\\/?p=67536#primaryimage\",\"url\":\"https:\\\/\\\/pmza.sk\\\/wp-content\\\/uploads\\\/2025\\\/01\\\/20241204_102134-1-1.jpg\",\"contentUrl\":\"https:\\\/\\\/pmza.sk\\\/wp-content\\\/uploads\\\/2025\\\/01\\\/20241204_102134-1-1.jpg\",\"width\":1000,\"height\":563},{\"@type\":\"BreadcrumbList\",\"@id\":\"https:\\\/\\\/pmza.sk\\\/?p=67536#breadcrumb\",\"itemListElement\":[{\"@type\":\"ListItem\",\"position\":1,\"name\":\"Domovsk\u00e1 str\u00e1nka\",\"item\":\"https:\\\/\\\/pmza.sk\\\/\"},{\"@type\":\"ListItem\",\"position\":2,\"name\":\"Sana\u010dn\u00e9 pr\u00e1ce na hrade Stre\u010dno\"}]},{\"@type\":\"WebSite\",\"@id\":\"https:\\\/\\\/pmza.sk\\\/#website\",\"url\":\"https:\\\/\\\/pmza.sk\\\/\",\"name\":\"Pova\u017esk\u00e9 m\u00fazeum\",\"description\":\"Pova\u017esk\u00e9 m\u00fazeum v \u017diline je region\u00e1lne m\u00fazeum so s\u00eddlom v Budat\u00edne. Jeho expoz\u00edcie s\u00fa zameran\u00e9 na dejiny slovensk\u00e9ho umenia, kult\u00fary a dopravy.\",\"publisher\":{\"@id\":\"https:\\\/\\\/pmza.sk\\\/#organization\"},\"potentialAction\":[{\"@type\":\"SearchAction\",\"target\":{\"@type\":\"EntryPoint\",\"urlTemplate\":\"https:\\\/\\\/pmza.sk\\\/?s={search_term_string}\"},\"query-input\":{\"@type\":\"PropertyValueSpecification\",\"valueRequired\":true,\"valueName\":\"search_term_string\"}}],\"inLanguage\":\"sk-SK\"},{\"@type\":\"Organization\",\"@id\":\"https:\\\/\\\/pmza.sk\\\/#organization\",\"name\":\"Pova\u017esk\u00e9 m\u00fazeum\",\"url\":\"https:\\\/\\\/pmza.sk\\\/\",\"logo\":{\"@type\":\"ImageObject\",\"inLanguage\":\"sk-SK\",\"@id\":\"https:\\\/\\\/pmza.sk\\\/#\\\/schema\\\/logo\\\/image\\\/\",\"url\":\"https:\\\/\\\/pmza.sk\\\/wp-content\\\/uploads\\\/2022\\\/01\\\/logo_PM_horizontal.jpg\",\"contentUrl\":\"https:\\\/\\\/pmza.sk\\\/wp-content\\\/uploads\\\/2022\\\/01\\\/logo_PM_horizontal.jpg\",\"width\":231,\"height\":142,\"caption\":\"Pova\u017esk\u00e9 m\u00fazeum\"},\"image\":{\"@id\":\"https:\\\/\\\/pmza.sk\\\/#\\\/schema\\\/logo\\\/image\\\/\"},\"sameAs\":[\"https:\\\/\\\/www.facebook.com\\\/povazskemuzeum\",\"https:\\\/\\\/www.instagram.com\\\/povazskemuzeum\\\/\"]},{\"@type\":\"Person\",\"@id\":\"https:\\\/\\\/pmza.sk\\\/#\\\/schema\\\/person\\\/595e6a2ce731ea94dcd5d7f50a41ae33\",\"name\":\"Pova\u017esk\u00e9 m\u00fazeum\",\"image\":{\"@type\":\"ImageObject\",\"inLanguage\":\"sk-SK\",\"@id\":\"https:\\\/\\\/secure.gravatar.com\\\/avatar\\\/2bb7f1561282132fb5826dfeccc66c7996d11ee392ac6aaf7ced8a1c2027fbb2?s=96&d=mm&r=g\",\"url\":\"https:\\\/\\\/secure.gravatar.com\\\/avatar\\\/2bb7f1561282132fb5826dfeccc66c7996d11ee392ac6aaf7ced8a1c2027fbb2?s=96&d=mm&r=g\",\"contentUrl\":\"https:\\\/\\\/secure.gravatar.com\\\/avatar\\\/2bb7f1561282132fb5826dfeccc66c7996d11ee392ac6aaf7ced8a1c2027fbb2?s=96&d=mm&r=g\",\"caption\":\"Pova\u017esk\u00e9 m\u00fazeum\"}}]}<\/script>\n<!-- \/ Yoast SEO plugin. -->","yoast_head_json":{"title":"Sana\u010dn\u00e9 pr\u00e1ce na hrade Stre\u010dno - Pova\u017esk\u00e9 m\u00fazeum","robots":{"index":"index","follow":"follow","max-snippet":"max-snippet:-1","max-image-preview":"max-image-preview:large","max-video-preview":"max-video-preview:-1"},"canonical":"https:\/\/pmza.sk\/?p=67536","og_locale":"sk_SK","og_type":"article","og_title":"Sana\u010dn\u00e9 pr\u00e1ce na hrade Stre\u010dno - Pova\u017esk\u00e9 m\u00fazeum","og_description":"V\u010faka podpore MK SR cez grantov\u00fd program \u201eObnovme si svoj Dom\u201c sa aj v roku 2024 podarilo odstr\u00e1ni\u0165 zisten\u00e9 sana\u010dn\u00e9 poruchy na hrade Stre\u010dno. Konkr\u00e9tne i\u0161lo o\u00a0budovu delovej ba\u0161ty na v\u00fdchodnej a\u00a0z\u00e1padnej strane. Je to trojpodla\u017en\u00fd renesan\u010dn\u00fd fortifika\u010dn\u00fd objekt, ktor\u00fd m\u00e1 \u010diasto\u010dne zachovan\u00fa v\u00fdchodn\u00fa a z\u00e1padn\u00fa obvodov\u00fa stenu s mot\u00fdlikov\u00fdmi strie\u013e\u0148ami. \u201eZ v\u00fdchodnej steny sa [&hellip;]","og_url":"https:\/\/pmza.sk\/?p=67536","og_site_name":"Pova\u017esk\u00e9 m\u00fazeum","article_publisher":"https:\/\/www.facebook.com\/povazskemuzeum","article_published_time":"2025-01-16T13:24:07+00:00","article_modified_time":"2025-05-23T05:00:19+00:00","og_image":[{"width":1000,"height":563,"url":"https:\/\/pmza.sk\/wp-content\/uploads\/2025\/01\/20241204_102134-1-1.jpg","type":"image\/jpeg"}],"author":"Pova\u017esk\u00e9 m\u00fazeum","twitter_card":"summary_large_image","twitter_misc":{"Autor":"Pova\u017esk\u00e9 m\u00fazeum","Predpokladan\u00fd \u010das \u010d\u00edtania":"2 min\u00faty"},"schema":{"@context":"https:\/\/schema.org","@graph":[{"@type":"Article","@id":"https:\/\/pmza.sk\/?p=67536#article","isPartOf":{"@id":"https:\/\/pmza.sk\/?p=67536"},"author":{"name":"Pova\u017esk\u00e9 m\u00fazeum","@id":"https:\/\/pmza.sk\/#\/schema\/person\/595e6a2ce731ea94dcd5d7f50a41ae33"},"headline":"Sana\u010dn\u00e9 pr\u00e1ce na hrade Stre\u010dno","datePublished":"2025-01-16T13:24:07+00:00","dateModified":"2025-05-23T05:00:19+00:00","mainEntityOfPage":{"@id":"https:\/\/pmza.sk\/?p=67536"},"wordCount":341,"publisher":{"@id":"https:\/\/pmza.sk\/#organization"},"image":{"@id":"https:\/\/pmza.sk\/?p=67536#primaryimage"},"thumbnailUrl":"https:\/\/pmza.sk\/wp-content\/uploads\/2025\/01\/20241204_102134-1-1.jpg","articleSection":["Aktuality"],"inLanguage":"sk-SK"},{"@type":"WebPage","@id":"https:\/\/pmza.sk\/?p=67536","url":"https:\/\/pmza.sk\/?p=67536","name":"Sana\u010dn\u00e9 pr\u00e1ce na hrade Stre\u010dno - Pova\u017esk\u00e9 m\u00fazeum","isPartOf":{"@id":"https:\/\/pmza.sk\/#website"},"primaryImageOfPage":{"@id":"https:\/\/pmza.sk\/?p=67536#primaryimage"},"image":{"@id":"https:\/\/pmza.sk\/?p=67536#primaryimage"},"thumbnailUrl":"https:\/\/pmza.sk\/wp-content\/uploads\/2025\/01\/20241204_102134-1-1.jpg","datePublished":"2025-01-16T13:24:07+00:00","dateModified":"2025-05-23T05:00:19+00:00","breadcrumb":{"@id":"https:\/\/pmza.sk\/?p=67536#breadcrumb"},"inLanguage":"sk-SK","potentialAction":[{"@type":"ReadAction","target":["https:\/\/pmza.sk\/?p=67536"]}]},{"@type":"ImageObject","inLanguage":"sk-SK","@id":"https:\/\/pmza.sk\/?p=67536#primaryimage","url":"https:\/\/pmza.sk\/wp-content\/uploads\/2025\/01\/20241204_102134-1-1.jpg","contentUrl":"https:\/\/pmza.sk\/wp-content\/uploads\/2025\/01\/20241204_102134-1-1.jpg","width":1000,"height":563},{"@type":"BreadcrumbList","@id":"https:\/\/pmza.sk\/?p=67536#breadcrumb","itemListElement":[{"@type":"ListItem","position":1,"name":"Domovsk\u00e1 str\u00e1nka","item":"https:\/\/pmza.sk\/"},{"@type":"ListItem","position":2,"name":"Sana\u010dn\u00e9 pr\u00e1ce na hrade Stre\u010dno"}]},{"@type":"WebSite","@id":"https:\/\/pmza.sk\/#website","url":"https:\/\/pmza.sk\/","name":"Pova\u017esk\u00e9 m\u00fazeum","description":"Pova\u017esk\u00e9 m\u00fazeum v \u017diline je region\u00e1lne m\u00fazeum so s\u00eddlom v Budat\u00edne. Jeho expoz\u00edcie s\u00fa zameran\u00e9 na dejiny slovensk\u00e9ho umenia, kult\u00fary a dopravy.","publisher":{"@id":"https:\/\/pmza.sk\/#organization"},"potentialAction":[{"@type":"SearchAction","target":{"@type":"EntryPoint","urlTemplate":"https:\/\/pmza.sk\/?s={search_term_string}"},"query-input":{"@type":"PropertyValueSpecification","valueRequired":true,"valueName":"search_term_string"}}],"inLanguage":"sk-SK"},{"@type":"Organization","@id":"https:\/\/pmza.sk\/#organization","name":"Pova\u017esk\u00e9 m\u00fazeum","url":"https:\/\/pmza.sk\/","logo":{"@type":"ImageObject","inLanguage":"sk-SK","@id":"https:\/\/pmza.sk\/#\/schema\/logo\/image\/","url":"https:\/\/pmza.sk\/wp-content\/uploads\/2022\/01\/logo_PM_horizontal.jpg","contentUrl":"https:\/\/pmza.sk\/wp-content\/uploads\/2022\/01\/logo_PM_horizontal.jpg","width":231,"height":142,"caption":"Pova\u017esk\u00e9 m\u00fazeum"},"image":{"@id":"https:\/\/pmza.sk\/#\/schema\/logo\/image\/"},"sameAs":["https:\/\/www.facebook.com\/povazskemuzeum","https:\/\/www.instagram.com\/povazskemuzeum\/"]},{"@type":"Person","@id":"https:\/\/pmza.sk\/#\/schema\/person\/595e6a2ce731ea94dcd5d7f50a41ae33","name":"Pova\u017esk\u00e9 m\u00fazeum","image":{"@type":"ImageObject","inLanguage":"sk-SK","@id":"https:\/\/secure.gravatar.com\/avatar\/2bb7f1561282132fb5826dfeccc66c7996d11ee392ac6aaf7ced8a1c2027fbb2?s=96&d=mm&r=g","url":"https:\/\/secure.gravatar.com\/avatar\/2bb7f1561282132fb5826dfeccc66c7996d11ee392ac6aaf7ced8a1c2027fbb2?s=96&d=mm&r=g","contentUrl":"https:\/\/secure.gravatar.com\/avatar\/2bb7f1561282132fb5826dfeccc66c7996d11ee392ac6aaf7ced8a1c2027fbb2?s=96&d=mm&r=g","caption":"Pova\u017esk\u00e9 m\u00fazeum"}}]}},"_links":{"self":[{"href":"https:\/\/pmza.sk\/index.php?rest_route=\/wp\/v2\/posts\/67536","targetHints":{"allow":["GET"]}}],"collection":[{"href":"https:\/\/pmza.sk\/index.php?rest_route=\/wp\/v2\/posts"}],"about":[{"href":"https:\/\/pmza.sk\/index.php?rest_route=\/wp\/v2\/types\/post"}],"author":[{"embeddable":true,"href":"https:\/\/pmza.sk\/index.php?rest_route=\/wp\/v2\/users\/2"}],"replies":[{"embeddable":true,"href":"https:\/\/pmza.sk\/index.php?rest_route=%2Fwp%2Fv2%2Fcomments&post=67536"}],"version-history":[{"count":0,"href":"https:\/\/pmza.sk\/index.php?rest_route=\/wp\/v2\/posts\/67536\/revisions"}],"wp:featuredmedia":[{"embeddable":true,"href":"https:\/\/pmza.sk\/index.php?rest_route=\/wp\/v2\/media\/67539"}],"wp:attachment":[{"href":"https:\/\/pmza.sk\/index.php?rest_route=%2Fwp%2Fv2%2Fmedia&parent=67536"}],"wp:term":[{"taxonomy":"category","embeddable":true,"href":"https:\/\/pmza.sk\/index.php?rest_route=%2Fwp%2Fv2%2Fcategories&post=67536"},{"taxonomy":"post_tag","embeddable":true,"href":"https:\/\/pmza.sk\/index.php?rest_route=%2Fwp%2Fv2%2Ftags&post=67536"}],"curies":[{"name":"wp","href":"https:\/\/api.w.org\/{rel}","templated":true}]}}