{"id":67729,"date":"2025-01-23T09:49:26","date_gmt":"2025-01-23T08:49:26","guid":{"rendered":"https:\/\/pmza.sk\/?p=67729"},"modified":"2025-05-23T07:00:38","modified_gmt":"2025-05-23T05:00:38","slug":"zmeny-na-budatinskom-hrade","status":"publish","type":"post","link":"https:\/\/pmza.sk\/?p=67729","title":{"rendered":"Zmeny na Budat\u00ednskom hrade"},"content":{"rendered":"<p>Budat\u00ednsky hrad pre\u0161iel v\u00a0janu\u00e1ri 2025 nieko\u013ek\u00fdmi zmenami. N\u00e1v\u0161tevn\u00edci sa m\u00f4\u017eu te\u0161i\u0165 na upraven\u00fa expoz\u00edciu, ktorej s\u00fa\u010das\u0165ou s\u00fa r\u00f4zne zauj\u00edmav\u00e9 predmety zo zbierkov\u00e9ho fondu Pova\u017esk\u00e9ho m\u00fazea. Niektor\u00e9 z\u00a0nich e\u0161te vystaven\u00e9 neboli, in\u00e9 sa vr\u00e1tili na p\u00f4vodn\u00e9 miesto. \u201e<em>Expoz\u00edcia bola doplnen\u00e1 slohovo a\u00a0\u0161t\u00fdlovo tak, aby pribl\u00ed\u017eila interi\u00e9r \u0161\u013eachtick\u00e9ho s\u00eddla pod\u013ea jednotliv\u00fdch obdob\u00ed a\u00a0z\u00e1rove\u0148 predstavila expon\u00e1ty z\u00a0historick\u00e9ho depozit\u00e1ra,\u201c <\/em>uviedla histori\u010dka Pova\u017esk\u00e9ho m\u00fazea Mgr. Darina Bellovi\u010dov\u00e1.<\/p>\n<p>Z\u00a0fondu sa vr\u00e1tili expon\u00e1ty spojen\u00e9 s\u00a0v\u00fdvojom \u017diliny v\u00a020. storo\u010d\u00ed t\u00fdkaj\u00face sa najm\u00e4 odievania, priemyslu, \u017eivnost\u00ed a\u00a0obchodu. <em>\u201e\u013dudia si tak m\u00f4\u017eu op\u00e4\u0165 pozrie\u0165 artefakty, ktor\u00e9 s\u00fa sp\u00e1jan\u00e9 s\u00a0ka\u017edodenn\u00fdm \u017eivotom \u017eilinsk\u00e9ho ob\u010dana v\u00a0prvej polovici minul\u00e9ho storo\u010dia,\u201c<\/em> doplnil riadite\u013e Pova\u017esk\u00e9ho m\u00fazea Mgr. Michal Jureck\u00fd a\u00a0dodal: <em>\u201eVer\u00edme, \u017ee t\u00e1to zmena prispeje k\u00a0lep\u0161ej zrozumite\u013enosti expoz\u00edcie a\u00a0z\u00e1rove\u0148 predstavuje prv\u00fd krok k\u00a0vytvoreniu novej st\u00e1lej expoz\u00edcie, ktor\u00e1 prinesie verejnosti najnov\u0161ie inform\u00e1cie o\u00a0dejin\u00e1ch Budat\u00ednskeho hradu a\u00a0mesta \u017diliny. Pri jej realiz\u00e1cii budeme vych\u00e1dza\u0165 z\u00a0v\u00ed\u0165azn\u00e9ho projektu architektonicko-v\u00fdtvarnej s\u00fa\u0165a\u017ee.\u201c \u00a0<\/em><\/p>\n<p>Okrem \u00fapravy v\u00a0expoz\u00edcii sa zmenila aj organiz\u00e1cia prehliadok. Tie u\u017e prebiehaj\u00fa len s\u00a0lektorom, a\u00a0to ka\u017ed\u00fa cel\u00fa hodinu od 9.00 do 16.00, pri\u010dom obed\u0148aj\u0161ia prest\u00e1vka je od 12.15 do 12.45. Budat\u00ednsky hrad je otvoren\u00fd celoro\u010dne od utorka do nedele a\u00a0v\u00a0roku 2024 ho nav\u0161t\u00edvilo takmer 28\u00a0000 platiacich n\u00e1v\u0161tevn\u00edkov.<\/p>\n<div class=\"wp-block-image\"><img fetchpriority=\"high\" decoding=\"async\" class=\"wpa-warning wpa-image-missing-alt alignnone size-medium wp-image-67733\" src=\"https:\/\/pmza.sk\/wp-content\/uploads\/2025\/01\/DSC_4475-HDR-540x360.jpg\" alt=\"\" width=\"540\" height=\"360\" data-warning=\"Missing alt text\" srcset=\"https:\/\/pmza.sk\/wp-content\/uploads\/2025\/01\/DSC_4475-HDR-540x360.jpg 540w, https:\/\/pmza.sk\/wp-content\/uploads\/2025\/01\/DSC_4475-HDR-1104x736.jpg 1104w, https:\/\/pmza.sk\/wp-content\/uploads\/2025\/01\/DSC_4475-HDR-768x512.jpg 768w, https:\/\/pmza.sk\/wp-content\/uploads\/2025\/01\/DSC_4475-HDR-1536x1024.jpg 1536w, https:\/\/pmza.sk\/wp-content\/uploads\/2025\/01\/DSC_4475-HDR-600x400.jpg 600w, https:\/\/pmza.sk\/wp-content\/uploads\/2025\/01\/DSC_4475-HDR.jpg 2000w\" sizes=\"(max-width: 540px) 100vw, 540px\" \/><\/div>\n<div><\/div>\n<div>\n<div class=\"wp-block-image\"><img decoding=\"async\" class=\"wpa-warning wpa-image-missing-alt alignnone size-medium wp-image-67735\" src=\"https:\/\/pmza.sk\/wp-content\/uploads\/2025\/01\/DSC_4516-Enhanced-NR-540x360.jpg\" alt=\"\" width=\"540\" height=\"360\" data-warning=\"Missing alt text\" srcset=\"https:\/\/pmza.sk\/wp-content\/uploads\/2025\/01\/DSC_4516-Enhanced-NR-540x360.jpg 540w, https:\/\/pmza.sk\/wp-content\/uploads\/2025\/01\/DSC_4516-Enhanced-NR-1104x736.jpg 1104w, https:\/\/pmza.sk\/wp-content\/uploads\/2025\/01\/DSC_4516-Enhanced-NR-768x512.jpg 768w, https:\/\/pmza.sk\/wp-content\/uploads\/2025\/01\/DSC_4516-Enhanced-NR-1536x1024.jpg 1536w, https:\/\/pmza.sk\/wp-content\/uploads\/2025\/01\/DSC_4516-Enhanced-NR-600x400.jpg 600w, https:\/\/pmza.sk\/wp-content\/uploads\/2025\/01\/DSC_4516-Enhanced-NR.jpg 1920w\" sizes=\"(max-width: 540px) 100vw, 540px\" \/><\/div>\n<\/div>\n<p>&nbsp;<\/p>\n","protected":false},"excerpt":{"rendered":"<p>Budat\u00ednsky hrad pre\u0161iel v\u00a0janu\u00e1ri 2025 nieko\u013ek\u00fdmi zmenami. N\u00e1v\u0161tevn\u00edci sa m\u00f4\u017eu te\u0161i\u0165 na upraven\u00fa expoz\u00edciu, ktorej s\u00fa\u010das\u0165ou s\u00fa r\u00f4zne zauj\u00edmav\u00e9 predmety zo zbierkov\u00e9ho fondu Pova\u017esk\u00e9ho m\u00fazea. Niektor\u00e9 z\u00a0nich e\u0161te vystaven\u00e9 neboli, in\u00e9 sa vr\u00e1tili na p\u00f4vodn\u00e9 miesto. \u201eExpoz\u00edcia bola doplnen\u00e1 slohovo a\u00a0\u0161t\u00fdlovo tak, aby pribl\u00ed\u017eila interi\u00e9r \u0161\u013eachtick\u00e9ho s\u00eddla pod\u013ea jednotliv\u00fdch obdob\u00ed a\u00a0z\u00e1rove\u0148 predstavila expon\u00e1ty z\u00a0historick\u00e9ho depozit\u00e1ra,\u201c [&hellip;]<\/p>\n","protected":false},"author":2,"featured_media":67730,"comment_status":"closed","ping_status":"closed","sticky":false,"template":"","format":"standard","meta":{"site-sidebar-layout":"default","site-content-layout":"","ast-site-content-layout":"default","site-content-style":"default","site-sidebar-style":"default","ast-global-header-display":"","ast-banner-title-visibility":"","ast-main-header-display":"","ast-hfb-above-header-display":"","ast-hfb-below-header-display":"","ast-hfb-mobile-header-display":"","site-post-title":"","ast-breadcrumbs-content":"","ast-featured-img":"","footer-sml-layout":"","theme-transparent-header-meta":"default","adv-header-id-meta":"","stick-header-meta":"default","header-above-stick-meta":"","header-main-stick-meta":"","header-below-stick-meta":"","astra-migrate-meta-layouts":"set","ast-page-background-enabled":"default","ast-page-background-meta":{"desktop":{"background-color":"var(--ast-global-color-4)","background-image":"","background-repeat":"repeat","background-position":"center center","background-size":"auto","background-attachment":"scroll","background-type":"","background-media":"","overlay-type":"","overlay-color":"","overlay-opacity":"","overlay-gradient":""},"tablet":{"background-color":"","background-image":"","background-repeat":"repeat","background-position":"center center","background-size":"auto","background-attachment":"scroll","background-type":"","background-media":"","overlay-type":"","overlay-color":"","overlay-opacity":"","overlay-gradient":""},"mobile":{"background-color":"","background-image":"","background-repeat":"repeat","background-position":"center center","background-size":"auto","background-attachment":"scroll","background-type":"","background-media":"","overlay-type":"","overlay-color":"","overlay-opacity":"","overlay-gradient":""}},"ast-content-background-meta":{"desktop":{"background-color":"var(--ast-global-color-5)","background-image":"","background-repeat":"repeat","background-position":"center center","background-size":"auto","background-attachment":"scroll","background-type":"","background-media":"","overlay-type":"","overlay-color":"","overlay-opacity":"","overlay-gradient":""},"tablet":{"background-color":"var(--ast-global-color-5)","background-image":"","background-repeat":"repeat","background-position":"center center","background-size":"auto","background-attachment":"scroll","background-type":"","background-media":"","overlay-type":"","overlay-color":"","overlay-opacity":"","overlay-gradient":""},"mobile":{"background-color":"var(--ast-global-color-5)","background-image":"","background-repeat":"repeat","background-position":"center center","background-size":"auto","background-attachment":"scroll","background-type":"","background-media":"","overlay-type":"","overlay-color":"","overlay-opacity":"","overlay-gradient":""}},"footnotes":""},"categories":[31],"tags":[],"class_list":["post-67729","post","type-post","status-publish","format-standard","has-post-thumbnail","hentry","category-aktuality"],"yoast_head":"<!-- This site is optimized with the Yoast SEO plugin v27.4 - https:\/\/yoast.com\/product\/yoast-seo-wordpress\/ -->\n<title>Zmeny na Budat\u00ednskom hrade - Pova\u017esk\u00e9 m\u00fazeum<\/title>\n<meta name=\"robots\" content=\"index, follow, max-snippet:-1, max-image-preview:large, max-video-preview:-1\" \/>\n<link rel=\"canonical\" href=\"https:\/\/pmza.sk\/?p=67729\" \/>\n<meta property=\"og:locale\" content=\"sk_SK\" \/>\n<meta property=\"og:type\" content=\"article\" \/>\n<meta property=\"og:title\" content=\"Zmeny na Budat\u00ednskom hrade - Pova\u017esk\u00e9 m\u00fazeum\" \/>\n<meta property=\"og:description\" content=\"Budat\u00ednsky hrad pre\u0161iel v\u00a0janu\u00e1ri 2025 nieko\u013ek\u00fdmi zmenami. N\u00e1v\u0161tevn\u00edci sa m\u00f4\u017eu te\u0161i\u0165 na upraven\u00fa expoz\u00edciu, ktorej s\u00fa\u010das\u0165ou s\u00fa r\u00f4zne zauj\u00edmav\u00e9 predmety zo zbierkov\u00e9ho fondu Pova\u017esk\u00e9ho m\u00fazea. Niektor\u00e9 z\u00a0nich e\u0161te vystaven\u00e9 neboli, in\u00e9 sa vr\u00e1tili na p\u00f4vodn\u00e9 miesto. \u201eExpoz\u00edcia bola doplnen\u00e1 slohovo a\u00a0\u0161t\u00fdlovo tak, aby pribl\u00ed\u017eila interi\u00e9r \u0161\u013eachtick\u00e9ho s\u00eddla pod\u013ea jednotliv\u00fdch obdob\u00ed a\u00a0z\u00e1rove\u0148 predstavila expon\u00e1ty z\u00a0historick\u00e9ho depozit\u00e1ra,\u201c [&hellip;]\" \/>\n<meta property=\"og:url\" content=\"https:\/\/pmza.sk\/?p=67729\" \/>\n<meta property=\"og:site_name\" content=\"Pova\u017esk\u00e9 m\u00fazeum\" \/>\n<meta property=\"article:publisher\" content=\"https:\/\/www.facebook.com\/povazskemuzeum\" \/>\n<meta property=\"article:published_time\" content=\"2025-01-23T08:49:26+00:00\" \/>\n<meta property=\"article:modified_time\" content=\"2025-05-23T05:00:38+00:00\" \/>\n<meta property=\"og:image\" content=\"https:\/\/pmza.sk\/wp-content\/uploads\/2025\/01\/Budatinsky-hrad.jpg\" \/>\n\t<meta property=\"og:image:width\" content=\"1920\" \/>\n\t<meta property=\"og:image:height\" content=\"1280\" \/>\n\t<meta property=\"og:image:type\" content=\"image\/jpeg\" \/>\n<meta name=\"author\" content=\"Pova\u017esk\u00e9 m\u00fazeum\" \/>\n<meta name=\"twitter:card\" content=\"summary_large_image\" \/>\n<meta name=\"twitter:label1\" content=\"Autor\" \/>\n\t<meta name=\"twitter:data1\" content=\"Pova\u017esk\u00e9 m\u00fazeum\" \/>\n\t<meta name=\"twitter:label2\" content=\"Predpokladan\u00fd \u010das \u010d\u00edtania\" \/>\n\t<meta name=\"twitter:data2\" content=\"1 min\u00fata\" \/>\n<script type=\"application\/ld+json\" class=\"yoast-schema-graph\">{\"@context\":\"https:\\\/\\\/schema.org\",\"@graph\":[{\"@type\":\"Article\",\"@id\":\"https:\\\/\\\/pmza.sk\\\/?p=67729#article\",\"isPartOf\":{\"@id\":\"https:\\\/\\\/pmza.sk\\\/?p=67729\"},\"author\":{\"name\":\"Pova\u017esk\u00e9 m\u00fazeum\",\"@id\":\"https:\\\/\\\/pmza.sk\\\/#\\\/schema\\\/person\\\/595e6a2ce731ea94dcd5d7f50a41ae33\"},\"headline\":\"Zmeny na Budat\u00ednskom hrade\",\"datePublished\":\"2025-01-23T08:49:26+00:00\",\"dateModified\":\"2025-05-23T05:00:38+00:00\",\"mainEntityOfPage\":{\"@id\":\"https:\\\/\\\/pmza.sk\\\/?p=67729\"},\"wordCount\":294,\"publisher\":{\"@id\":\"https:\\\/\\\/pmza.sk\\\/#organization\"},\"image\":{\"@id\":\"https:\\\/\\\/pmza.sk\\\/?p=67729#primaryimage\"},\"thumbnailUrl\":\"https:\\\/\\\/pmza.sk\\\/wp-content\\\/uploads\\\/2025\\\/01\\\/Budatinsky-hrad.jpg\",\"articleSection\":[\"Aktuality\"],\"inLanguage\":\"sk-SK\"},{\"@type\":\"WebPage\",\"@id\":\"https:\\\/\\\/pmza.sk\\\/?p=67729\",\"url\":\"https:\\\/\\\/pmza.sk\\\/?p=67729\",\"name\":\"Zmeny na Budat\u00ednskom hrade - Pova\u017esk\u00e9 m\u00fazeum\",\"isPartOf\":{\"@id\":\"https:\\\/\\\/pmza.sk\\\/#website\"},\"primaryImageOfPage\":{\"@id\":\"https:\\\/\\\/pmza.sk\\\/?p=67729#primaryimage\"},\"image\":{\"@id\":\"https:\\\/\\\/pmza.sk\\\/?p=67729#primaryimage\"},\"thumbnailUrl\":\"https:\\\/\\\/pmza.sk\\\/wp-content\\\/uploads\\\/2025\\\/01\\\/Budatinsky-hrad.jpg\",\"datePublished\":\"2025-01-23T08:49:26+00:00\",\"dateModified\":\"2025-05-23T05:00:38+00:00\",\"breadcrumb\":{\"@id\":\"https:\\\/\\\/pmza.sk\\\/?p=67729#breadcrumb\"},\"inLanguage\":\"sk-SK\",\"potentialAction\":[{\"@type\":\"ReadAction\",\"target\":[\"https:\\\/\\\/pmza.sk\\\/?p=67729\"]}]},{\"@type\":\"ImageObject\",\"inLanguage\":\"sk-SK\",\"@id\":\"https:\\\/\\\/pmza.sk\\\/?p=67729#primaryimage\",\"url\":\"https:\\\/\\\/pmza.sk\\\/wp-content\\\/uploads\\\/2025\\\/01\\\/Budatinsky-hrad.jpg\",\"contentUrl\":\"https:\\\/\\\/pmza.sk\\\/wp-content\\\/uploads\\\/2025\\\/01\\\/Budatinsky-hrad.jpg\",\"width\":1920,\"height\":1280},{\"@type\":\"BreadcrumbList\",\"@id\":\"https:\\\/\\\/pmza.sk\\\/?p=67729#breadcrumb\",\"itemListElement\":[{\"@type\":\"ListItem\",\"position\":1,\"name\":\"Domovsk\u00e1 str\u00e1nka\",\"item\":\"https:\\\/\\\/pmza.sk\\\/\"},{\"@type\":\"ListItem\",\"position\":2,\"name\":\"Zmeny na Budat\u00ednskom hrade\"}]},{\"@type\":\"WebSite\",\"@id\":\"https:\\\/\\\/pmza.sk\\\/#website\",\"url\":\"https:\\\/\\\/pmza.sk\\\/\",\"name\":\"Pova\u017esk\u00e9 m\u00fazeum\",\"description\":\"Pova\u017esk\u00e9 m\u00fazeum v \u017diline je region\u00e1lne m\u00fazeum so s\u00eddlom v Budat\u00edne. Jeho expoz\u00edcie s\u00fa zameran\u00e9 na dejiny slovensk\u00e9ho umenia, kult\u00fary a dopravy.\",\"publisher\":{\"@id\":\"https:\\\/\\\/pmza.sk\\\/#organization\"},\"potentialAction\":[{\"@type\":\"SearchAction\",\"target\":{\"@type\":\"EntryPoint\",\"urlTemplate\":\"https:\\\/\\\/pmza.sk\\\/?s={search_term_string}\"},\"query-input\":{\"@type\":\"PropertyValueSpecification\",\"valueRequired\":true,\"valueName\":\"search_term_string\"}}],\"inLanguage\":\"sk-SK\"},{\"@type\":\"Organization\",\"@id\":\"https:\\\/\\\/pmza.sk\\\/#organization\",\"name\":\"Pova\u017esk\u00e9 m\u00fazeum\",\"url\":\"https:\\\/\\\/pmza.sk\\\/\",\"logo\":{\"@type\":\"ImageObject\",\"inLanguage\":\"sk-SK\",\"@id\":\"https:\\\/\\\/pmza.sk\\\/#\\\/schema\\\/logo\\\/image\\\/\",\"url\":\"https:\\\/\\\/pmza.sk\\\/wp-content\\\/uploads\\\/2022\\\/01\\\/logo_PM_horizontal.jpg\",\"contentUrl\":\"https:\\\/\\\/pmza.sk\\\/wp-content\\\/uploads\\\/2022\\\/01\\\/logo_PM_horizontal.jpg\",\"width\":231,\"height\":142,\"caption\":\"Pova\u017esk\u00e9 m\u00fazeum\"},\"image\":{\"@id\":\"https:\\\/\\\/pmza.sk\\\/#\\\/schema\\\/logo\\\/image\\\/\"},\"sameAs\":[\"https:\\\/\\\/www.facebook.com\\\/povazskemuzeum\",\"https:\\\/\\\/www.instagram.com\\\/povazskemuzeum\\\/\"]},{\"@type\":\"Person\",\"@id\":\"https:\\\/\\\/pmza.sk\\\/#\\\/schema\\\/person\\\/595e6a2ce731ea94dcd5d7f50a41ae33\",\"name\":\"Pova\u017esk\u00e9 m\u00fazeum\",\"image\":{\"@type\":\"ImageObject\",\"inLanguage\":\"sk-SK\",\"@id\":\"https:\\\/\\\/secure.gravatar.com\\\/avatar\\\/2bb7f1561282132fb5826dfeccc66c7996d11ee392ac6aaf7ced8a1c2027fbb2?s=96&d=mm&r=g\",\"url\":\"https:\\\/\\\/secure.gravatar.com\\\/avatar\\\/2bb7f1561282132fb5826dfeccc66c7996d11ee392ac6aaf7ced8a1c2027fbb2?s=96&d=mm&r=g\",\"contentUrl\":\"https:\\\/\\\/secure.gravatar.com\\\/avatar\\\/2bb7f1561282132fb5826dfeccc66c7996d11ee392ac6aaf7ced8a1c2027fbb2?s=96&d=mm&r=g\",\"caption\":\"Pova\u017esk\u00e9 m\u00fazeum\"}}]}<\/script>\n<!-- \/ Yoast SEO plugin. -->","yoast_head_json":{"title":"Zmeny na Budat\u00ednskom hrade - Pova\u017esk\u00e9 m\u00fazeum","robots":{"index":"index","follow":"follow","max-snippet":"max-snippet:-1","max-image-preview":"max-image-preview:large","max-video-preview":"max-video-preview:-1"},"canonical":"https:\/\/pmza.sk\/?p=67729","og_locale":"sk_SK","og_type":"article","og_title":"Zmeny na Budat\u00ednskom hrade - Pova\u017esk\u00e9 m\u00fazeum","og_description":"Budat\u00ednsky hrad pre\u0161iel v\u00a0janu\u00e1ri 2025 nieko\u013ek\u00fdmi zmenami. N\u00e1v\u0161tevn\u00edci sa m\u00f4\u017eu te\u0161i\u0165 na upraven\u00fa expoz\u00edciu, ktorej s\u00fa\u010das\u0165ou s\u00fa r\u00f4zne zauj\u00edmav\u00e9 predmety zo zbierkov\u00e9ho fondu Pova\u017esk\u00e9ho m\u00fazea. Niektor\u00e9 z\u00a0nich e\u0161te vystaven\u00e9 neboli, in\u00e9 sa vr\u00e1tili na p\u00f4vodn\u00e9 miesto. \u201eExpoz\u00edcia bola doplnen\u00e1 slohovo a\u00a0\u0161t\u00fdlovo tak, aby pribl\u00ed\u017eila interi\u00e9r \u0161\u013eachtick\u00e9ho s\u00eddla pod\u013ea jednotliv\u00fdch obdob\u00ed a\u00a0z\u00e1rove\u0148 predstavila expon\u00e1ty z\u00a0historick\u00e9ho depozit\u00e1ra,\u201c [&hellip;]","og_url":"https:\/\/pmza.sk\/?p=67729","og_site_name":"Pova\u017esk\u00e9 m\u00fazeum","article_publisher":"https:\/\/www.facebook.com\/povazskemuzeum","article_published_time":"2025-01-23T08:49:26+00:00","article_modified_time":"2025-05-23T05:00:38+00:00","og_image":[{"width":1920,"height":1280,"url":"https:\/\/pmza.sk\/wp-content\/uploads\/2025\/01\/Budatinsky-hrad.jpg","type":"image\/jpeg"}],"author":"Pova\u017esk\u00e9 m\u00fazeum","twitter_card":"summary_large_image","twitter_misc":{"Autor":"Pova\u017esk\u00e9 m\u00fazeum","Predpokladan\u00fd \u010das \u010d\u00edtania":"1 min\u00fata"},"schema":{"@context":"https:\/\/schema.org","@graph":[{"@type":"Article","@id":"https:\/\/pmza.sk\/?p=67729#article","isPartOf":{"@id":"https:\/\/pmza.sk\/?p=67729"},"author":{"name":"Pova\u017esk\u00e9 m\u00fazeum","@id":"https:\/\/pmza.sk\/#\/schema\/person\/595e6a2ce731ea94dcd5d7f50a41ae33"},"headline":"Zmeny na Budat\u00ednskom hrade","datePublished":"2025-01-23T08:49:26+00:00","dateModified":"2025-05-23T05:00:38+00:00","mainEntityOfPage":{"@id":"https:\/\/pmza.sk\/?p=67729"},"wordCount":294,"publisher":{"@id":"https:\/\/pmza.sk\/#organization"},"image":{"@id":"https:\/\/pmza.sk\/?p=67729#primaryimage"},"thumbnailUrl":"https:\/\/pmza.sk\/wp-content\/uploads\/2025\/01\/Budatinsky-hrad.jpg","articleSection":["Aktuality"],"inLanguage":"sk-SK"},{"@type":"WebPage","@id":"https:\/\/pmza.sk\/?p=67729","url":"https:\/\/pmza.sk\/?p=67729","name":"Zmeny na Budat\u00ednskom hrade - Pova\u017esk\u00e9 m\u00fazeum","isPartOf":{"@id":"https:\/\/pmza.sk\/#website"},"primaryImageOfPage":{"@id":"https:\/\/pmza.sk\/?p=67729#primaryimage"},"image":{"@id":"https:\/\/pmza.sk\/?p=67729#primaryimage"},"thumbnailUrl":"https:\/\/pmza.sk\/wp-content\/uploads\/2025\/01\/Budatinsky-hrad.jpg","datePublished":"2025-01-23T08:49:26+00:00","dateModified":"2025-05-23T05:00:38+00:00","breadcrumb":{"@id":"https:\/\/pmza.sk\/?p=67729#breadcrumb"},"inLanguage":"sk-SK","potentialAction":[{"@type":"ReadAction","target":["https:\/\/pmza.sk\/?p=67729"]}]},{"@type":"ImageObject","inLanguage":"sk-SK","@id":"https:\/\/pmza.sk\/?p=67729#primaryimage","url":"https:\/\/pmza.sk\/wp-content\/uploads\/2025\/01\/Budatinsky-hrad.jpg","contentUrl":"https:\/\/pmza.sk\/wp-content\/uploads\/2025\/01\/Budatinsky-hrad.jpg","width":1920,"height":1280},{"@type":"BreadcrumbList","@id":"https:\/\/pmza.sk\/?p=67729#breadcrumb","itemListElement":[{"@type":"ListItem","position":1,"name":"Domovsk\u00e1 str\u00e1nka","item":"https:\/\/pmza.sk\/"},{"@type":"ListItem","position":2,"name":"Zmeny na Budat\u00ednskom hrade"}]},{"@type":"WebSite","@id":"https:\/\/pmza.sk\/#website","url":"https:\/\/pmza.sk\/","name":"Pova\u017esk\u00e9 m\u00fazeum","description":"Pova\u017esk\u00e9 m\u00fazeum v \u017diline je region\u00e1lne m\u00fazeum so s\u00eddlom v Budat\u00edne. Jeho expoz\u00edcie s\u00fa zameran\u00e9 na dejiny slovensk\u00e9ho umenia, kult\u00fary a dopravy.","publisher":{"@id":"https:\/\/pmza.sk\/#organization"},"potentialAction":[{"@type":"SearchAction","target":{"@type":"EntryPoint","urlTemplate":"https:\/\/pmza.sk\/?s={search_term_string}"},"query-input":{"@type":"PropertyValueSpecification","valueRequired":true,"valueName":"search_term_string"}}],"inLanguage":"sk-SK"},{"@type":"Organization","@id":"https:\/\/pmza.sk\/#organization","name":"Pova\u017esk\u00e9 m\u00fazeum","url":"https:\/\/pmza.sk\/","logo":{"@type":"ImageObject","inLanguage":"sk-SK","@id":"https:\/\/pmza.sk\/#\/schema\/logo\/image\/","url":"https:\/\/pmza.sk\/wp-content\/uploads\/2022\/01\/logo_PM_horizontal.jpg","contentUrl":"https:\/\/pmza.sk\/wp-content\/uploads\/2022\/01\/logo_PM_horizontal.jpg","width":231,"height":142,"caption":"Pova\u017esk\u00e9 m\u00fazeum"},"image":{"@id":"https:\/\/pmza.sk\/#\/schema\/logo\/image\/"},"sameAs":["https:\/\/www.facebook.com\/povazskemuzeum","https:\/\/www.instagram.com\/povazskemuzeum\/"]},{"@type":"Person","@id":"https:\/\/pmza.sk\/#\/schema\/person\/595e6a2ce731ea94dcd5d7f50a41ae33","name":"Pova\u017esk\u00e9 m\u00fazeum","image":{"@type":"ImageObject","inLanguage":"sk-SK","@id":"https:\/\/secure.gravatar.com\/avatar\/2bb7f1561282132fb5826dfeccc66c7996d11ee392ac6aaf7ced8a1c2027fbb2?s=96&d=mm&r=g","url":"https:\/\/secure.gravatar.com\/avatar\/2bb7f1561282132fb5826dfeccc66c7996d11ee392ac6aaf7ced8a1c2027fbb2?s=96&d=mm&r=g","contentUrl":"https:\/\/secure.gravatar.com\/avatar\/2bb7f1561282132fb5826dfeccc66c7996d11ee392ac6aaf7ced8a1c2027fbb2?s=96&d=mm&r=g","caption":"Pova\u017esk\u00e9 m\u00fazeum"}}]}},"_links":{"self":[{"href":"https:\/\/pmza.sk\/index.php?rest_route=\/wp\/v2\/posts\/67729","targetHints":{"allow":["GET"]}}],"collection":[{"href":"https:\/\/pmza.sk\/index.php?rest_route=\/wp\/v2\/posts"}],"about":[{"href":"https:\/\/pmza.sk\/index.php?rest_route=\/wp\/v2\/types\/post"}],"author":[{"embeddable":true,"href":"https:\/\/pmza.sk\/index.php?rest_route=\/wp\/v2\/users\/2"}],"replies":[{"embeddable":true,"href":"https:\/\/pmza.sk\/index.php?rest_route=%2Fwp%2Fv2%2Fcomments&post=67729"}],"version-history":[{"count":0,"href":"https:\/\/pmza.sk\/index.php?rest_route=\/wp\/v2\/posts\/67729\/revisions"}],"wp:featuredmedia":[{"embeddable":true,"href":"https:\/\/pmza.sk\/index.php?rest_route=\/wp\/v2\/media\/67730"}],"wp:attachment":[{"href":"https:\/\/pmza.sk\/index.php?rest_route=%2Fwp%2Fv2%2Fmedia&parent=67729"}],"wp:term":[{"taxonomy":"category","embeddable":true,"href":"https:\/\/pmza.sk\/index.php?rest_route=%2Fwp%2Fv2%2Fcategories&post=67729"},{"taxonomy":"post_tag","embeddable":true,"href":"https:\/\/pmza.sk\/index.php?rest_route=%2Fwp%2Fv2%2Ftags&post=67729"}],"curies":[{"name":"wp","href":"https:\/\/api.w.org\/{rel}","templated":true}]}}