{"id":6778,"date":"2013-01-24T13:22:01","date_gmt":"2013-01-24T12:22:01","guid":{"rendered":"https:\/\/pmza.sk.sk\/?p=6778"},"modified":"2013-01-24T13:22:01","modified_gmt":"2013-01-24T12:22:01","slug":"renesancny-palac-ponuka-impresie-ladislava-cierneho","status":"publish","type":"post","link":"https:\/\/pmza.sk\/?p=6778","title":{"rendered":"Renesan\u010dn\u00fd pal\u00e1c pon\u00faka impresie Ladislava \u010cierneho"},"content":{"rendered":"<p><a href=\"https:\/\/pmza.sk\/wp-content\/uploads\/2013\/01\/untitled.jpg\"><img fetchpriority=\"high\" decoding=\"async\" class=\"alignleft size-full wp-image-6782\" style=\"margin: 4px; border: 2px solid black;\" title=\"untitled\" src=\"https:\/\/pmza.sk\/wp-content\/uploads\/2013\/01\/untitled.jpg\" alt=\"\" width=\"335\" height=\"209\" srcset=\"https:\/\/pmza.sk\/wp-content\/uploads\/2013\/01\/untitled.jpg 2542w, https:\/\/pmza.sk\/wp-content\/uploads\/2013\/01\/untitled-600x376.jpg 600w, https:\/\/pmza.sk\/wp-content\/uploads\/2013\/01\/untitled-570x357.jpg 570w, https:\/\/pmza.sk\/wp-content\/uploads\/2013\/01\/untitled-1170x733.jpg 1170w, https:\/\/pmza.sk\/wp-content\/uploads\/2013\/01\/untitled-768x481.jpg 768w, https:\/\/pmza.sk\/wp-content\/uploads\/2013\/01\/untitled-1536x963.jpg 1536w, https:\/\/pmza.sk\/wp-content\/uploads\/2013\/01\/untitled-2048x1283.jpg 2048w\" sizes=\"(max-width: 335px) 100vw, 335px\" \/><\/a>\u017dilinsk\u00fd fotograf Ladislav \u010cierny nie je region\u00e1lnemu fotografick\u00e9mu publiku nezn\u00e1my. Svojsk\u00fd majster okamihu, b\u00fdval\u00fd \u010dlen Fotoklubu Obzor, fotografick\u00e9ho zoskupenia Lux Collegium, prezentoval svoju tvorbu v\u00a0zahrani\u010d\u00ed\u00a0 a\u00a0v\u00a0mnoh\u00fdch slovensk\u00fdch gal\u00e9ri\u00e1ch. Naposledy v\u00a0roku 2011 vystavoval cyklus talianske Ben\u00e1tky v\u00a0Severnom pal\u00e1ci hradu Stre\u010dno a\u00a0s\u00fabor venovan\u00fd \u010darovnej architekt\u00fare \u010ci\u010dmian v\u00a0Radenovom dome v\u00a0\u010ci\u010dmanoch. <!--more-->\u010cierneho \u010fal\u0161ia tvorba, ktor\u00fa si bud\u00fa m\u00f4c\u0165 vychutna\u0165 n\u00e1v\u0161tevn\u00edci Sob\u00e1\u0161neho pal\u00e1ca v\u00a0Byt\u010di, nesie pr\u00edvlastok op\u00e4\u0165 jemu vlastn\u00fd \u2013 provokuj\u00faca pou\u017eit\u00edm nov\u00fdch digit\u00e1lnych techn\u00edk. V\u00fdstavou pod n\u00e1zvom <strong>Impresie Ladislava \u010cierneho<\/strong> autor predstavuje nenapodobnite\u013en\u00fdm a\u00a0nezamenite\u013en\u00fdm sp\u00f4sobom kolekciu obrazov, ktor\u00e1 vznikla v roku 2012,  a ktor\u00e1 zachyt\u00e1va jemn\u00e9 impresie \u00a0pr\u00edrody Pova\u017eia, atmosf\u00e9ru jesene a nastupuj\u00facej zimy. Jeho nezvy\u010dajn\u00e9 v\u00fdtvarn\u00e9 zobrazenie skuto\u010dnosti, pr\u00e1ca s detailom, najm\u00e4 s\u00a0ornament\u00e1lnym tvarom a\u00a0v\u00a0neposlednom rade zvolen\u00e1 t\u00e9ma evokuje u\u00a0div\u00e1ka nov\u00fd poetick\u00fd rozmer vn\u00edmania naturelu pr\u00edrody. \u201e<em>Pr\u00edroda je nevy\u010derpate\u013enou in\u0161pir\u00e1ciu mojej tvorby. Pomocou v\u00fdpo\u010dtovej techniky zv\u00fdraz\u0148ujem vo fotografii vlastn\u00e9 pocity a predstavy. Postprocesing a manipul\u00e1cia s obrazom s\u00fa mojim prirodzen\u00fdm vyjadrovac\u00edm prostriedkom a neobsahuj\u00fa len vizu\u00e1lny z\u00e1\u017eitok, ale moju sebareflexiu. Tak\u00e9 je moje fotografick\u00e9 videnie<\/em>,\u201c poznamenal Ladislav \u010cierny.<\/p>\n<p>N\u00e1v\u0161tevn\u00edkov v\u00fdstavy ur\u010dite zaujme ojedinel\u00e9 spracovanie fotografi\u00ed, na Slovensku ale aj vo svete m\u00e1lo vyu\u017e\u00edvanou technikou, a tou je cyberfoto. Cyberfotografia\u00a0 je typick\u00e1 mie\u0161an\u00edm r\u00f4znych umeleck\u00fdch estet\u00edk. Pre v\u00fdstavu v\u00a0Sob\u00e1\u0161nom pal\u00e1ci v\u00a0Byt\u010di je hlavn\u00fdm zdrojom zobrazenia reality impresionizmus a\u00a0jeho kolorita. Takmer tridsiatka fotografi\u00ed pon\u00faka nezvy\u010dajn\u00e9 poh\u013eady na krajinu Horn\u00e9ho Pova\u017eia a\u00a0jeho \u0161ir\u0161ieho okolia. Nebude ch\u00fdba\u0165 ani impresionistick\u00e9 stv\u00e1rnenie samotn\u00e9ho Sob\u00e1\u0161neho pal\u00e1ca.<\/p>\n<p>Vernis\u00e1\u017e v\u00fdstavy <strong>Impresie Ladislava \u010cierneho<\/strong> sa uskuto\u010dn\u00ed v piatok 1. febru\u00e1ra o 2013 o\u00a016,00 hod. v\u00a0Sob\u00e1\u0161nom pal\u00e1ci v Byt\u010di. V\u00fdstava je pr\u00edstupn\u00e1 verejnosti do 27. febru\u00e1ra 2012. Organiz\u00e1torom v\u00fdstavy je \u017dilinsk\u00fd samospr\u00e1vny kraj a Pova\u017esk\u00e9 m\u00fazeum v \u017diline.<\/p>\n","protected":false},"excerpt":{"rendered":"<p>\u017dilinsk\u00fd fotograf Ladislav \u010cierny nie je region\u00e1lnemu fotografick\u00e9mu publiku nezn\u00e1my. Svojsk\u00fd majster okamihu, b\u00fdval\u00fd \u010dlen Fotoklubu Obzor, fotografick\u00e9ho zoskupenia Lux Collegium, prezentoval svoju tvorbu v\u00a0zahrani\u010d\u00ed\u00a0 a\u00a0v\u00a0mnoh\u00fdch slovensk\u00fdch gal\u00e9ri\u00e1ch. Naposledy v\u00a0roku 2011 vystavoval cyklus talianske Ben\u00e1tky v\u00a0Severnom pal\u00e1ci hradu Stre\u010dno a\u00a0s\u00fabor venovan\u00fd \u010darovnej architekt\u00fare \u010ci\u010dmian v\u00a0Radenovom dome v\u00a0\u010ci\u010dmanoch.<\/p>\n","protected":false},"author":2,"featured_media":0,"comment_status":"closed","ping_status":"closed","sticky":false,"template":"","format":"standard","meta":{"site-sidebar-layout":"default","site-content-layout":"","ast-site-content-layout":"","site-content-style":"default","site-sidebar-style":"default","ast-global-header-display":"","ast-banner-title-visibility":"","ast-main-header-display":"","ast-hfb-above-header-display":"","ast-hfb-below-header-display":"","ast-hfb-mobile-header-display":"","site-post-title":"","ast-breadcrumbs-content":"","ast-featured-img":"","footer-sml-layout":"","theme-transparent-header-meta":"","adv-header-id-meta":"","stick-header-meta":"","header-above-stick-meta":"","header-main-stick-meta":"","header-below-stick-meta":"","astra-migrate-meta-layouts":"default","ast-page-background-enabled":"default","ast-page-background-meta":{"desktop":{"background-color":"var(--ast-global-color-4)","background-image":"","background-repeat":"repeat","background-position":"center center","background-size":"auto","background-attachment":"scroll","background-type":"","background-media":"","overlay-type":"","overlay-color":"","overlay-opacity":"","overlay-gradient":""},"tablet":{"background-color":"","background-image":"","background-repeat":"repeat","background-position":"center center","background-size":"auto","background-attachment":"scroll","background-type":"","background-media":"","overlay-type":"","overlay-color":"","overlay-opacity":"","overlay-gradient":""},"mobile":{"background-color":"","background-image":"","background-repeat":"repeat","background-position":"center center","background-size":"auto","background-attachment":"scroll","background-type":"","background-media":"","overlay-type":"","overlay-color":"","overlay-opacity":"","overlay-gradient":""}},"ast-content-background-meta":{"desktop":{"background-color":"var(--ast-global-color-5)","background-image":"","background-repeat":"repeat","background-position":"center center","background-size":"auto","background-attachment":"scroll","background-type":"","background-media":"","overlay-type":"","overlay-color":"","overlay-opacity":"","overlay-gradient":""},"tablet":{"background-color":"var(--ast-global-color-5)","background-image":"","background-repeat":"repeat","background-position":"center center","background-size":"auto","background-attachment":"scroll","background-type":"","background-media":"","overlay-type":"","overlay-color":"","overlay-opacity":"","overlay-gradient":""},"mobile":{"background-color":"var(--ast-global-color-5)","background-image":"","background-repeat":"repeat","background-position":"center center","background-size":"auto","background-attachment":"scroll","background-type":"","background-media":"","overlay-type":"","overlay-color":"","overlay-opacity":"","overlay-gradient":""}},"footnotes":""},"categories":[33],"tags":[],"class_list":["post-6778","post","type-post","status-publish","format-standard","hentry","category-archiv-2013"],"yoast_head":"<!-- This site is optimized with the Yoast SEO plugin v27.4 - https:\/\/yoast.com\/product\/yoast-seo-wordpress\/ -->\n<title>Renesan\u010dn\u00fd pal\u00e1c pon\u00faka impresie Ladislava \u010cierneho - Pova\u017esk\u00e9 m\u00fazeum<\/title>\n<meta name=\"robots\" content=\"index, follow, max-snippet:-1, max-image-preview:large, max-video-preview:-1\" \/>\n<link rel=\"canonical\" href=\"https:\/\/pmza.sk\/?p=6778\" \/>\n<meta property=\"og:locale\" content=\"sk_SK\" \/>\n<meta property=\"og:type\" content=\"article\" \/>\n<meta property=\"og:title\" content=\"Renesan\u010dn\u00fd pal\u00e1c pon\u00faka impresie Ladislava \u010cierneho - Pova\u017esk\u00e9 m\u00fazeum\" \/>\n<meta property=\"og:description\" content=\"\u017dilinsk\u00fd fotograf Ladislav \u010cierny nie je region\u00e1lnemu fotografick\u00e9mu publiku nezn\u00e1my. Svojsk\u00fd majster okamihu, b\u00fdval\u00fd \u010dlen Fotoklubu Obzor, fotografick\u00e9ho zoskupenia Lux Collegium, prezentoval svoju tvorbu v\u00a0zahrani\u010d\u00ed\u00a0 a\u00a0v\u00a0mnoh\u00fdch slovensk\u00fdch gal\u00e9ri\u00e1ch. Naposledy v\u00a0roku 2011 vystavoval cyklus talianske Ben\u00e1tky v\u00a0Severnom pal\u00e1ci hradu Stre\u010dno a\u00a0s\u00fabor venovan\u00fd \u010darovnej architekt\u00fare \u010ci\u010dmian v\u00a0Radenovom dome v\u00a0\u010ci\u010dmanoch.\" \/>\n<meta property=\"og:url\" content=\"https:\/\/pmza.sk\/?p=6778\" \/>\n<meta property=\"og:site_name\" content=\"Pova\u017esk\u00e9 m\u00fazeum\" \/>\n<meta property=\"article:publisher\" content=\"https:\/\/www.facebook.com\/povazskemuzeum\" \/>\n<meta property=\"article:published_time\" content=\"2013-01-24T12:22:01+00:00\" \/>\n<meta property=\"og:image\" content=\"https:\/\/pmza.sk\/wp-content\/uploads\/2013\/01\/untitled.jpg\" \/>\n<meta name=\"author\" content=\"Pova\u017esk\u00e9 m\u00fazeum\" \/>\n<meta name=\"twitter:card\" content=\"summary_large_image\" \/>\n<meta name=\"twitter:label1\" content=\"Autor\" \/>\n\t<meta name=\"twitter:data1\" content=\"Pova\u017esk\u00e9 m\u00fazeum\" \/>\n\t<meta name=\"twitter:label2\" content=\"Predpokladan\u00fd \u010das \u010d\u00edtania\" \/>\n\t<meta name=\"twitter:data2\" content=\"2 min\u00faty\" \/>\n<script type=\"application\/ld+json\" class=\"yoast-schema-graph\">{\"@context\":\"https:\\\/\\\/schema.org\",\"@graph\":[{\"@type\":\"Article\",\"@id\":\"https:\\\/\\\/pmza.sk\\\/?p=6778#article\",\"isPartOf\":{\"@id\":\"https:\\\/\\\/pmza.sk\\\/?p=6778\"},\"author\":{\"name\":\"Pova\u017esk\u00e9 m\u00fazeum\",\"@id\":\"https:\\\/\\\/pmza.sk\\\/#\\\/schema\\\/person\\\/595e6a2ce731ea94dcd5d7f50a41ae33\"},\"headline\":\"Renesan\u010dn\u00fd pal\u00e1c pon\u00faka impresie Ladislava \u010cierneho\",\"datePublished\":\"2013-01-24T12:22:01+00:00\",\"mainEntityOfPage\":{\"@id\":\"https:\\\/\\\/pmza.sk\\\/?p=6778\"},\"wordCount\":393,\"publisher\":{\"@id\":\"https:\\\/\\\/pmza.sk\\\/#organization\"},\"image\":{\"@id\":\"https:\\\/\\\/pmza.sk\\\/?p=6778#primaryimage\"},\"thumbnailUrl\":\"http:\\\/\\\/pmza.sk\\\/wp-content\\\/uploads\\\/2013\\\/01\\\/untitled.jpg\",\"articleSection\":[\"Arch\u00edv 2013\"],\"inLanguage\":\"sk-SK\"},{\"@type\":\"WebPage\",\"@id\":\"https:\\\/\\\/pmza.sk\\\/?p=6778\",\"url\":\"https:\\\/\\\/pmza.sk\\\/?p=6778\",\"name\":\"Renesan\u010dn\u00fd pal\u00e1c pon\u00faka impresie Ladislava \u010cierneho - Pova\u017esk\u00e9 m\u00fazeum\",\"isPartOf\":{\"@id\":\"https:\\\/\\\/pmza.sk\\\/#website\"},\"primaryImageOfPage\":{\"@id\":\"https:\\\/\\\/pmza.sk\\\/?p=6778#primaryimage\"},\"image\":{\"@id\":\"https:\\\/\\\/pmza.sk\\\/?p=6778#primaryimage\"},\"thumbnailUrl\":\"http:\\\/\\\/pmza.sk\\\/wp-content\\\/uploads\\\/2013\\\/01\\\/untitled.jpg\",\"datePublished\":\"2013-01-24T12:22:01+00:00\",\"breadcrumb\":{\"@id\":\"https:\\\/\\\/pmza.sk\\\/?p=6778#breadcrumb\"},\"inLanguage\":\"sk-SK\",\"potentialAction\":[{\"@type\":\"ReadAction\",\"target\":[\"https:\\\/\\\/pmza.sk\\\/?p=6778\"]}]},{\"@type\":\"ImageObject\",\"inLanguage\":\"sk-SK\",\"@id\":\"https:\\\/\\\/pmza.sk\\\/?p=6778#primaryimage\",\"url\":\"https:\\\/\\\/pmza.sk\\\/wp-content\\\/uploads\\\/2013\\\/01\\\/untitled.jpg\",\"contentUrl\":\"https:\\\/\\\/pmza.sk\\\/wp-content\\\/uploads\\\/2013\\\/01\\\/untitled.jpg\",\"width\":2542,\"height\":1593},{\"@type\":\"BreadcrumbList\",\"@id\":\"https:\\\/\\\/pmza.sk\\\/?p=6778#breadcrumb\",\"itemListElement\":[{\"@type\":\"ListItem\",\"position\":1,\"name\":\"Domovsk\u00e1 str\u00e1nka\",\"item\":\"https:\\\/\\\/pmza.sk\\\/\"},{\"@type\":\"ListItem\",\"position\":2,\"name\":\"Renesan\u010dn\u00fd pal\u00e1c pon\u00faka impresie Ladislava \u010cierneho\"}]},{\"@type\":\"WebSite\",\"@id\":\"https:\\\/\\\/pmza.sk\\\/#website\",\"url\":\"https:\\\/\\\/pmza.sk\\\/\",\"name\":\"Pova\u017esk\u00e9 m\u00fazeum\",\"description\":\"Pova\u017esk\u00e9 m\u00fazeum v \u017diline je region\u00e1lne m\u00fazeum so s\u00eddlom v Budat\u00edne. Jeho expoz\u00edcie s\u00fa zameran\u00e9 na dejiny slovensk\u00e9ho umenia, kult\u00fary a dopravy.\",\"publisher\":{\"@id\":\"https:\\\/\\\/pmza.sk\\\/#organization\"},\"potentialAction\":[{\"@type\":\"SearchAction\",\"target\":{\"@type\":\"EntryPoint\",\"urlTemplate\":\"https:\\\/\\\/pmza.sk\\\/?s={search_term_string}\"},\"query-input\":{\"@type\":\"PropertyValueSpecification\",\"valueRequired\":true,\"valueName\":\"search_term_string\"}}],\"inLanguage\":\"sk-SK\"},{\"@type\":\"Organization\",\"@id\":\"https:\\\/\\\/pmza.sk\\\/#organization\",\"name\":\"Pova\u017esk\u00e9 m\u00fazeum\",\"url\":\"https:\\\/\\\/pmza.sk\\\/\",\"logo\":{\"@type\":\"ImageObject\",\"inLanguage\":\"sk-SK\",\"@id\":\"https:\\\/\\\/pmza.sk\\\/#\\\/schema\\\/logo\\\/image\\\/\",\"url\":\"https:\\\/\\\/pmza.sk\\\/wp-content\\\/uploads\\\/2022\\\/01\\\/logo_PM_horizontal.jpg\",\"contentUrl\":\"https:\\\/\\\/pmza.sk\\\/wp-content\\\/uploads\\\/2022\\\/01\\\/logo_PM_horizontal.jpg\",\"width\":231,\"height\":142,\"caption\":\"Pova\u017esk\u00e9 m\u00fazeum\"},\"image\":{\"@id\":\"https:\\\/\\\/pmza.sk\\\/#\\\/schema\\\/logo\\\/image\\\/\"},\"sameAs\":[\"https:\\\/\\\/www.facebook.com\\\/povazskemuzeum\",\"https:\\\/\\\/www.instagram.com\\\/povazskemuzeum\\\/\"]},{\"@type\":\"Person\",\"@id\":\"https:\\\/\\\/pmza.sk\\\/#\\\/schema\\\/person\\\/595e6a2ce731ea94dcd5d7f50a41ae33\",\"name\":\"Pova\u017esk\u00e9 m\u00fazeum\",\"image\":{\"@type\":\"ImageObject\",\"inLanguage\":\"sk-SK\",\"@id\":\"https:\\\/\\\/secure.gravatar.com\\\/avatar\\\/2bb7f1561282132fb5826dfeccc66c7996d11ee392ac6aaf7ced8a1c2027fbb2?s=96&d=mm&r=g\",\"url\":\"https:\\\/\\\/secure.gravatar.com\\\/avatar\\\/2bb7f1561282132fb5826dfeccc66c7996d11ee392ac6aaf7ced8a1c2027fbb2?s=96&d=mm&r=g\",\"contentUrl\":\"https:\\\/\\\/secure.gravatar.com\\\/avatar\\\/2bb7f1561282132fb5826dfeccc66c7996d11ee392ac6aaf7ced8a1c2027fbb2?s=96&d=mm&r=g\",\"caption\":\"Pova\u017esk\u00e9 m\u00fazeum\"}}]}<\/script>\n<!-- \/ Yoast SEO plugin. -->","yoast_head_json":{"title":"Renesan\u010dn\u00fd pal\u00e1c pon\u00faka impresie Ladislava \u010cierneho - Pova\u017esk\u00e9 m\u00fazeum","robots":{"index":"index","follow":"follow","max-snippet":"max-snippet:-1","max-image-preview":"max-image-preview:large","max-video-preview":"max-video-preview:-1"},"canonical":"https:\/\/pmza.sk\/?p=6778","og_locale":"sk_SK","og_type":"article","og_title":"Renesan\u010dn\u00fd pal\u00e1c pon\u00faka impresie Ladislava \u010cierneho - Pova\u017esk\u00e9 m\u00fazeum","og_description":"\u017dilinsk\u00fd fotograf Ladislav \u010cierny nie je region\u00e1lnemu fotografick\u00e9mu publiku nezn\u00e1my. Svojsk\u00fd majster okamihu, b\u00fdval\u00fd \u010dlen Fotoklubu Obzor, fotografick\u00e9ho zoskupenia Lux Collegium, prezentoval svoju tvorbu v\u00a0zahrani\u010d\u00ed\u00a0 a\u00a0v\u00a0mnoh\u00fdch slovensk\u00fdch gal\u00e9ri\u00e1ch. Naposledy v\u00a0roku 2011 vystavoval cyklus talianske Ben\u00e1tky v\u00a0Severnom pal\u00e1ci hradu Stre\u010dno a\u00a0s\u00fabor venovan\u00fd \u010darovnej architekt\u00fare \u010ci\u010dmian v\u00a0Radenovom dome v\u00a0\u010ci\u010dmanoch.","og_url":"https:\/\/pmza.sk\/?p=6778","og_site_name":"Pova\u017esk\u00e9 m\u00fazeum","article_publisher":"https:\/\/www.facebook.com\/povazskemuzeum","article_published_time":"2013-01-24T12:22:01+00:00","og_image":[{"url":"https:\/\/pmza.sk\/wp-content\/uploads\/2013\/01\/untitled.jpg","type":"","width":"","height":""}],"author":"Pova\u017esk\u00e9 m\u00fazeum","twitter_card":"summary_large_image","twitter_misc":{"Autor":"Pova\u017esk\u00e9 m\u00fazeum","Predpokladan\u00fd \u010das \u010d\u00edtania":"2 min\u00faty"},"schema":{"@context":"https:\/\/schema.org","@graph":[{"@type":"Article","@id":"https:\/\/pmza.sk\/?p=6778#article","isPartOf":{"@id":"https:\/\/pmza.sk\/?p=6778"},"author":{"name":"Pova\u017esk\u00e9 m\u00fazeum","@id":"https:\/\/pmza.sk\/#\/schema\/person\/595e6a2ce731ea94dcd5d7f50a41ae33"},"headline":"Renesan\u010dn\u00fd pal\u00e1c pon\u00faka impresie Ladislava \u010cierneho","datePublished":"2013-01-24T12:22:01+00:00","mainEntityOfPage":{"@id":"https:\/\/pmza.sk\/?p=6778"},"wordCount":393,"publisher":{"@id":"https:\/\/pmza.sk\/#organization"},"image":{"@id":"https:\/\/pmza.sk\/?p=6778#primaryimage"},"thumbnailUrl":"https:\/\/pmza.sk\/wp-content\/uploads\/2013\/01\/untitled.jpg","articleSection":["Arch\u00edv 2013"],"inLanguage":"sk-SK"},{"@type":"WebPage","@id":"https:\/\/pmza.sk\/?p=6778","url":"https:\/\/pmza.sk\/?p=6778","name":"Renesan\u010dn\u00fd pal\u00e1c pon\u00faka impresie Ladislava \u010cierneho - Pova\u017esk\u00e9 m\u00fazeum","isPartOf":{"@id":"https:\/\/pmza.sk\/#website"},"primaryImageOfPage":{"@id":"https:\/\/pmza.sk\/?p=6778#primaryimage"},"image":{"@id":"https:\/\/pmza.sk\/?p=6778#primaryimage"},"thumbnailUrl":"https:\/\/pmza.sk\/wp-content\/uploads\/2013\/01\/untitled.jpg","datePublished":"2013-01-24T12:22:01+00:00","breadcrumb":{"@id":"https:\/\/pmza.sk\/?p=6778#breadcrumb"},"inLanguage":"sk-SK","potentialAction":[{"@type":"ReadAction","target":["https:\/\/pmza.sk\/?p=6778"]}]},{"@type":"ImageObject","inLanguage":"sk-SK","@id":"https:\/\/pmza.sk\/?p=6778#primaryimage","url":"https:\/\/pmza.sk\/wp-content\/uploads\/2013\/01\/untitled.jpg","contentUrl":"https:\/\/pmza.sk\/wp-content\/uploads\/2013\/01\/untitled.jpg","width":2542,"height":1593},{"@type":"BreadcrumbList","@id":"https:\/\/pmza.sk\/?p=6778#breadcrumb","itemListElement":[{"@type":"ListItem","position":1,"name":"Domovsk\u00e1 str\u00e1nka","item":"https:\/\/pmza.sk\/"},{"@type":"ListItem","position":2,"name":"Renesan\u010dn\u00fd pal\u00e1c pon\u00faka impresie Ladislava \u010cierneho"}]},{"@type":"WebSite","@id":"https:\/\/pmza.sk\/#website","url":"https:\/\/pmza.sk\/","name":"Pova\u017esk\u00e9 m\u00fazeum","description":"Pova\u017esk\u00e9 m\u00fazeum v \u017diline je region\u00e1lne m\u00fazeum so s\u00eddlom v Budat\u00edne. Jeho expoz\u00edcie s\u00fa zameran\u00e9 na dejiny slovensk\u00e9ho umenia, kult\u00fary a dopravy.","publisher":{"@id":"https:\/\/pmza.sk\/#organization"},"potentialAction":[{"@type":"SearchAction","target":{"@type":"EntryPoint","urlTemplate":"https:\/\/pmza.sk\/?s={search_term_string}"},"query-input":{"@type":"PropertyValueSpecification","valueRequired":true,"valueName":"search_term_string"}}],"inLanguage":"sk-SK"},{"@type":"Organization","@id":"https:\/\/pmza.sk\/#organization","name":"Pova\u017esk\u00e9 m\u00fazeum","url":"https:\/\/pmza.sk\/","logo":{"@type":"ImageObject","inLanguage":"sk-SK","@id":"https:\/\/pmza.sk\/#\/schema\/logo\/image\/","url":"https:\/\/pmza.sk\/wp-content\/uploads\/2022\/01\/logo_PM_horizontal.jpg","contentUrl":"https:\/\/pmza.sk\/wp-content\/uploads\/2022\/01\/logo_PM_horizontal.jpg","width":231,"height":142,"caption":"Pova\u017esk\u00e9 m\u00fazeum"},"image":{"@id":"https:\/\/pmza.sk\/#\/schema\/logo\/image\/"},"sameAs":["https:\/\/www.facebook.com\/povazskemuzeum","https:\/\/www.instagram.com\/povazskemuzeum\/"]},{"@type":"Person","@id":"https:\/\/pmza.sk\/#\/schema\/person\/595e6a2ce731ea94dcd5d7f50a41ae33","name":"Pova\u017esk\u00e9 m\u00fazeum","image":{"@type":"ImageObject","inLanguage":"sk-SK","@id":"https:\/\/secure.gravatar.com\/avatar\/2bb7f1561282132fb5826dfeccc66c7996d11ee392ac6aaf7ced8a1c2027fbb2?s=96&d=mm&r=g","url":"https:\/\/secure.gravatar.com\/avatar\/2bb7f1561282132fb5826dfeccc66c7996d11ee392ac6aaf7ced8a1c2027fbb2?s=96&d=mm&r=g","contentUrl":"https:\/\/secure.gravatar.com\/avatar\/2bb7f1561282132fb5826dfeccc66c7996d11ee392ac6aaf7ced8a1c2027fbb2?s=96&d=mm&r=g","caption":"Pova\u017esk\u00e9 m\u00fazeum"}}]}},"_links":{"self":[{"href":"https:\/\/pmza.sk\/index.php?rest_route=\/wp\/v2\/posts\/6778","targetHints":{"allow":["GET"]}}],"collection":[{"href":"https:\/\/pmza.sk\/index.php?rest_route=\/wp\/v2\/posts"}],"about":[{"href":"https:\/\/pmza.sk\/index.php?rest_route=\/wp\/v2\/types\/post"}],"author":[{"embeddable":true,"href":"https:\/\/pmza.sk\/index.php?rest_route=\/wp\/v2\/users\/2"}],"replies":[{"embeddable":true,"href":"https:\/\/pmza.sk\/index.php?rest_route=%2Fwp%2Fv2%2Fcomments&post=6778"}],"version-history":[{"count":0,"href":"https:\/\/pmza.sk\/index.php?rest_route=\/wp\/v2\/posts\/6778\/revisions"}],"wp:attachment":[{"href":"https:\/\/pmza.sk\/index.php?rest_route=%2Fwp%2Fv2%2Fmedia&parent=6778"}],"wp:term":[{"taxonomy":"category","embeddable":true,"href":"https:\/\/pmza.sk\/index.php?rest_route=%2Fwp%2Fv2%2Fcategories&post=6778"},{"taxonomy":"post_tag","embeddable":true,"href":"https:\/\/pmza.sk\/index.php?rest_route=%2Fwp%2Fv2%2Ftags&post=6778"}],"curies":[{"name":"wp","href":"https:\/\/api.w.org\/{rel}","templated":true}]}}