{"id":67860,"date":"2025-01-31T12:39:19","date_gmt":"2025-01-31T11:39:19","guid":{"rendered":"https:\/\/pmza.sk\/?p=67860"},"modified":"2025-03-28T07:05:30","modified_gmt":"2025-03-28T06:05:30","slug":"vychovno-vzdelavacie-aktivity-vystavy-krali-oblohy","status":"publish","type":"post","link":"https:\/\/pmza.sk\/?p=67860","title":{"rendered":"V\u00fdchovno-vzdel\u00e1vacie aktivity v\u00fdstavy &#8222;Kr\u00e1li oblohy&#8220;"},"content":{"rendered":"<p>V\u010faka Environment\u00e1lnemu fondu v roku 2024 Pova\u017esk\u00e9 m\u00fazeum v \u017diline \u00faspe\u0161ne zrealizovalo projekt zameran\u00fd na ochranu a populariz\u00e1ciu drav\u00fdch vt\u00e1kov prostredn\u00edctvom v\u00fdstavy \u201eKr\u00e1li oblohy\u201c. Tento ekov\u00fdchovn\u00fd projekt, ktor\u00fd prep\u00e1ja odborn\u00fd v\u00fdskum, environment\u00e1lnu v\u00fdchovu a osvetu, zah\u0155\u0148al viacer\u00e9 sprievodn\u00e9 aktivity, ktor\u00e9 by sme V\u00e1m radi predstavili.<\/p>\n<p><strong>V\u00fdstava a eduka\u010dn\u00e9 aktivity<\/strong><\/p>\n<p>S\u00fa\u010das\u0165ou projektu boli kreat\u00edvne a eduka\u010dn\u00e9 programy pre deti, ako oma\u013eov\u00e1nky, pexes\u00e1 \u010di tvoriv\u00e9 dielne, kde si mohli deti ma\u013eova\u0165, zahra\u0165 alebo sa dozvedie\u0165 viac o\u00a0na\u0161ich drav\u00fdch vt\u00e1koch. Tieto aktivity boli ur\u010den\u00e9 najm\u00e4 pre \u017eiakov matersk\u00fdch \u0161k\u00f4l a ni\u017e\u0161\u00edch ro\u010dn\u00edkov z\u00e1kladn\u00fdch \u0161k\u00f4l, pri\u010dom materi\u00e1ly z projektu bud\u00fa sl\u00fa\u017ei\u0165 aj po skon\u010den\u00ed v\u00fdstavy.<\/p>\n<p>Pre star\u0161\u00edch \u017eiakov a dospel\u00fdch boli organizovan\u00e9 komentovan\u00e9 prehliadky v\u00fdstavy aj exkurzie, po\u010das ktor\u00fdch sa vyu\u017e\u00edvali modern\u00e9 technol\u00f3gie, ako tablety a bluetooth reproduktory, na prehr\u00e1vanie zvukov vt\u00e1kov.<\/p>\n<p><strong>Ter\u00e9nne vych\u00e1dzky a sledovanie hniezd<\/strong><\/p>\n<p>Pre \u0161irok\u00fa verejnos\u0165 boli pripraven\u00e9 ter\u00e9nne vych\u00e1dzky zameran\u00e9 na pozorovanie dravcov v pr\u00edrode. Mimoriadny z\u00e1ujem verejnosti vzbudil projekt monitorovania hniezdenia dravcov pomocou fotopasc\u00ed. Z\u00e1bery z hniezd sokola my\u0161iara a orla krik\u013eav\u00e9ho boli prezentovan\u00e9 na soci\u00e1lnych sie\u0165ach a v\u00fdstave, \u010d\u00edm sme mali mo\u017enos\u0165 nahliadnu\u0165 do s\u00fakromia t\u00fdchto vz\u00e1cnych druhov.<\/p>\n<p><strong>Satelitn\u00e9 sledovanie orlov<\/strong><\/p>\n<p>V\u00fdznamnou s\u00fa\u010das\u0165ou projektu bolo aj satelitn\u00e9 sledovanie pohybu orla krik\u013eav\u00e9ho pomocou \u0161peci\u00e1lnych vysiela\u010diek. Tento program, ktor\u00fd bol plne rozbehnut\u00fd na konci leta 2024, priniesol cenn\u00e9 \u00fadaje o migr\u00e1ci\u00e1ch tohto druhu a obohatil osvety zameran\u00e9 na ochranu dravcov. Na z\u00e1klade \u00fadajov sme mohli sledova\u0165 migra\u010dn\u00fd \u0165ah orlieho p\u00e1ru do Afriky, so v\u0161etk\u00fdmi jeho zastaveniami. \u017dia\u013e, \u017eivotn\u00e1 cesta ich ml\u00e1\u010fat\u00e1 sa ukon\u010dila ve\u013emi skoro tesne pred odletom, ke\u010f uhynulo na st\u013ape elektrick\u00e9ho vedenia bl\u00edzko svojho rodiska.<\/p>\n<p><strong>Publik\u00e1cia a promo\u010dn\u00e9 materi\u00e1ly<\/strong><\/p>\n<p>M\u00fazeum pripravilo aj knihu \u201eKr\u00e1li oblohy\u201c, ktor\u00e1 dop\u013a\u0148a inform\u00e1cie z v\u00fdstavy a sl\u00fa\u017ei na \u010fal\u0161ie \u0161\u00edrenie povedomia o drav\u00fdch vt\u00e1koch. Ako s\u00fa\u010das\u0165 propag\u00e1cie boli v Budat\u00ednskom parku in\u0161talovan\u00e9 farebn\u00e9 p\u00fata\u010de a siluety dravcov, ktor\u00e9 l\u00e1kali n\u00e1v\u0161tevn\u00edkov po\u010das v\u00fdstavy.<\/p>\n<p>Projekt \u201eKr\u00e1li oblohy\u201c sa uk\u00e1zal ako efekt\u00edvny sp\u00f4sob prep\u00e1jania vedy, vzdel\u00e1vania a osvetovej \u010dinnosti, pri\u010dom oslovil tis\u00edce n\u00e1v\u0161tevn\u00edkov r\u00f4znych vekov\u00fdch skup\u00edn. Pova\u017esk\u00e9 m\u00fazeum t\u00fdmto projektom nielen zvy\u0161ovalo z\u00e1ujem o pr\u00edrodu, ale aj prispelo k\u00a0rozv\u00edjaniu poznatkov o\u00a0tejto ohrozenej skupine vt\u00e1kov.<\/p>\n<p><strong><em>Projekt \u201e<\/em><\/strong><strong><em>V\u00fdchovno-vzdel\u00e1vacie aktivity v\u00fdstavy &#8222;Kr\u00e1li oblohy&#8220;<\/em><\/strong><strong> <em>bol realizovan\u00fd s podporou Environment\u00e1lneho fondu.<\/em><\/strong><\/p>\n<div class=\"wp-block-image\"><img decoding=\"async\" class=\"wpa-warning wpa-image-missing-alt alignnone wp-image-67861\" src=\"https:\/\/pmza.sk\/wp-content\/uploads\/2025\/01\/logo_horizontalne_farebne_transparentne-570x138.png\" alt=\"\" width=\"289\" height=\"70\" data-warning=\"Missing alt text\" srcset=\"https:\/\/pmza.sk\/wp-content\/uploads\/2025\/01\/logo_horizontalne_farebne_transparentne-570x138.png 570w, https:\/\/pmza.sk\/wp-content\/uploads\/2025\/01\/logo_horizontalne_farebne_transparentne-1170x284.png 1170w, https:\/\/pmza.sk\/wp-content\/uploads\/2025\/01\/logo_horizontalne_farebne_transparentne-768x187.png 768w, https:\/\/pmza.sk\/wp-content\/uploads\/2025\/01\/logo_horizontalne_farebne_transparentne-1536x373.png 1536w, https:\/\/pmza.sk\/wp-content\/uploads\/2025\/01\/logo_horizontalne_farebne_transparentne-2048x498.png 2048w, https:\/\/pmza.sk\/wp-content\/uploads\/2025\/01\/logo_horizontalne_farebne_transparentne-600x146.png 600w\" sizes=\"(max-width: 289px) 100vw, 289px\" \/><\/div>\n<div><\/div>\n<div>\n<div class=\"wp-block-image\"><img fetchpriority=\"high\" decoding=\"async\" class=\"wpa-warning wpa-image-missing-alt alignnone wp-image-67868\" src=\"https:\/\/pmza.sk\/wp-content\/uploads\/2025\/01\/Vyklad-k-vystave-Krali-oblohy-bol-prisposobeny-veku-deti-540x360.jpg\" alt=\"\" width=\"494\" height=\"329\" data-warning=\"Missing alt text\" srcset=\"https:\/\/pmza.sk\/wp-content\/uploads\/2025\/01\/Vyklad-k-vystave-Krali-oblohy-bol-prisposobeny-veku-deti-540x360.jpg 540w, https:\/\/pmza.sk\/wp-content\/uploads\/2025\/01\/Vyklad-k-vystave-Krali-oblohy-bol-prisposobeny-veku-deti-768x512.jpg 768w, https:\/\/pmza.sk\/wp-content\/uploads\/2025\/01\/Vyklad-k-vystave-Krali-oblohy-bol-prisposobeny-veku-deti-600x400.jpg 600w, https:\/\/pmza.sk\/wp-content\/uploads\/2025\/01\/Vyklad-k-vystave-Krali-oblohy-bol-prisposobeny-veku-deti.jpg 1024w\" sizes=\"(max-width: 494px) 100vw, 494px\" \/><\/div>\n<\/div>\n<div><\/div>\n<div>\n<div class=\"wp-block-image\">\n<div class=\"wp-block-image\"><img decoding=\"async\" class=\"wpa-warning wpa-image-missing-alt alignnone wp-image-67866\" src=\"https:\/\/pmza.sk\/wp-content\/uploads\/2025\/01\/Pocas-hry-na-hladanie-konkretneho-dravca-542x360.jpg\" alt=\"\" width=\"492\" height=\"327\" data-warning=\"Missing alt text\" srcset=\"https:\/\/pmza.sk\/wp-content\/uploads\/2025\/01\/Pocas-hry-na-hladanie-konkretneho-dravca-542x360.jpg 542w, https:\/\/pmza.sk\/wp-content\/uploads\/2025\/01\/Pocas-hry-na-hladanie-konkretneho-dravca-768x510.jpg 768w, https:\/\/pmza.sk\/wp-content\/uploads\/2025\/01\/Pocas-hry-na-hladanie-konkretneho-dravca-600x398.jpg 600w, https:\/\/pmza.sk\/wp-content\/uploads\/2025\/01\/Pocas-hry-na-hladanie-konkretneho-dravca.jpg 1024w\" sizes=\"(max-width: 492px) 100vw, 492px\" \/><\/div>\n<\/div>\n<\/div>\n<div class=\"wp-block-image\"><\/div>\n<div>\n<div class=\"wp-block-image\"><img loading=\"lazy\" decoding=\"async\" class=\"wpa-warning wpa-image-missing-alt alignnone size-medium wp-image-67863\" src=\"https:\/\/pmza.sk\/wp-content\/uploads\/2025\/01\/Fotostena-k-vystave-Krali-oblohy-480x360.jpg\" alt=\"\" width=\"480\" height=\"360\" data-warning=\"Missing alt text\" srcset=\"https:\/\/pmza.sk\/wp-content\/uploads\/2025\/01\/Fotostena-k-vystave-Krali-oblohy-480x360.jpg 480w, https:\/\/pmza.sk\/wp-content\/uploads\/2025\/01\/Fotostena-k-vystave-Krali-oblohy-981x736.jpg 981w, https:\/\/pmza.sk\/wp-content\/uploads\/2025\/01\/Fotostena-k-vystave-Krali-oblohy-768x576.jpg 768w, https:\/\/pmza.sk\/wp-content\/uploads\/2025\/01\/Fotostena-k-vystave-Krali-oblohy-1536x1152.jpg 1536w, https:\/\/pmza.sk\/wp-content\/uploads\/2025\/01\/Fotostena-k-vystave-Krali-oblohy-2048x1536.jpg 2048w, https:\/\/pmza.sk\/wp-content\/uploads\/2025\/01\/Fotostena-k-vystave-Krali-oblohy-600x450.jpg 600w\" sizes=\"(max-width: 480px) 100vw, 480px\" \/><\/div>\n<\/div>\n<div><\/div>\n<div>\n<div class=\"wp-block-image\"><img loading=\"lazy\" decoding=\"async\" class=\"wpa-warning wpa-image-missing-alt alignnone size-medium wp-image-67862\" src=\"https:\/\/pmza.sk\/wp-content\/uploads\/2025\/01\/Foto-z-akcie-Zoolog-na-linke-480x360.jpg\" alt=\"\" width=\"480\" height=\"360\" data-warning=\"Missing alt text\" srcset=\"https:\/\/pmza.sk\/wp-content\/uploads\/2025\/01\/Foto-z-akcie-Zoolog-na-linke-480x360.jpg 480w, https:\/\/pmza.sk\/wp-content\/uploads\/2025\/01\/Foto-z-akcie-Zoolog-na-linke-981x736.jpg 981w, https:\/\/pmza.sk\/wp-content\/uploads\/2025\/01\/Foto-z-akcie-Zoolog-na-linke-768x576.jpg 768w, https:\/\/pmza.sk\/wp-content\/uploads\/2025\/01\/Foto-z-akcie-Zoolog-na-linke-1536x1152.jpg 1536w, https:\/\/pmza.sk\/wp-content\/uploads\/2025\/01\/Foto-z-akcie-Zoolog-na-linke-600x450.jpg 600w, https:\/\/pmza.sk\/wp-content\/uploads\/2025\/01\/Foto-z-akcie-Zoolog-na-linke.jpg 1600w\" sizes=\"(max-width: 480px) 100vw, 480px\" \/><\/div>\n<\/div>\n<div><\/div>\n<div>\n<div class=\"wp-block-image\"><img loading=\"lazy\" decoding=\"async\" class=\"wpa-warning wpa-image-missing-alt alignnone wp-image-67867\" src=\"https:\/\/pmza.sk\/wp-content\/uploads\/2025\/01\/Putac-na-vystavu-570x321.jpg\" alt=\"\" width=\"481\" height=\"271\" data-warning=\"Missing alt text\" srcset=\"https:\/\/pmza.sk\/wp-content\/uploads\/2025\/01\/Putac-na-vystavu-570x321.jpg 570w, https:\/\/pmza.sk\/wp-content\/uploads\/2025\/01\/Putac-na-vystavu-1170x658.jpg 1170w, https:\/\/pmza.sk\/wp-content\/uploads\/2025\/01\/Putac-na-vystavu-768x432.jpg 768w, https:\/\/pmza.sk\/wp-content\/uploads\/2025\/01\/Putac-na-vystavu-1536x864.jpg 1536w, https:\/\/pmza.sk\/wp-content\/uploads\/2025\/01\/Putac-na-vystavu-2048x1152.jpg 2048w, https:\/\/pmza.sk\/wp-content\/uploads\/2025\/01\/Putac-na-vystavu-600x338.jpg 600w\" sizes=\"(max-width: 481px) 100vw, 481px\" \/><\/div>\n<\/div>\n<div><\/div>\n<div>\n<div class=\"wp-block-image\"><img loading=\"lazy\" decoding=\"async\" class=\"wpa-warning wpa-image-missing-alt alignnone wp-image-67865\" src=\"https:\/\/pmza.sk\/wp-content\/uploads\/2025\/01\/Ortol-kriklavy-s-umiestnenou-vysielackou-na-satelitnu-telemetriu-480x360.jpg\" alt=\"\" width=\"421\" height=\"316\" data-warning=\"Missing alt text\" srcset=\"https:\/\/pmza.sk\/wp-content\/uploads\/2025\/01\/Ortol-kriklavy-s-umiestnenou-vysielackou-na-satelitnu-telemetriu-480x360.jpg 480w, https:\/\/pmza.sk\/wp-content\/uploads\/2025\/01\/Ortol-kriklavy-s-umiestnenou-vysielackou-na-satelitnu-telemetriu-981x736.jpg 981w, https:\/\/pmza.sk\/wp-content\/uploads\/2025\/01\/Ortol-kriklavy-s-umiestnenou-vysielackou-na-satelitnu-telemetriu-768x576.jpg 768w, https:\/\/pmza.sk\/wp-content\/uploads\/2025\/01\/Ortol-kriklavy-s-umiestnenou-vysielackou-na-satelitnu-telemetriu-1536x1152.jpg 1536w, https:\/\/pmza.sk\/wp-content\/uploads\/2025\/01\/Ortol-kriklavy-s-umiestnenou-vysielackou-na-satelitnu-telemetriu-2048x1536.jpg 2048w, https:\/\/pmza.sk\/wp-content\/uploads\/2025\/01\/Ortol-kriklavy-s-umiestnenou-vysielackou-na-satelitnu-telemetriu-600x450.jpg 600w\" sizes=\"(max-width: 421px) 100vw, 421px\" \/><\/div>\n<\/div>\n<div><\/div>\n<div>\n<div class=\"wp-block-image\"><img loading=\"lazy\" decoding=\"async\" class=\"wpa-warning wpa-image-missing-alt alignnone size-medium wp-image-67864\" src=\"https:\/\/pmza.sk\/wp-content\/uploads\/2025\/01\/Majova-vychadzka-pre-verejnost-na-rozhladnu-Dubova-570x321.jpg\" alt=\"\" width=\"570\" height=\"321\" data-warning=\"Missing alt text\" srcset=\"https:\/\/pmza.sk\/wp-content\/uploads\/2025\/01\/Majova-vychadzka-pre-verejnost-na-rozhladnu-Dubova-570x321.jpg 570w, https:\/\/pmza.sk\/wp-content\/uploads\/2025\/01\/Majova-vychadzka-pre-verejnost-na-rozhladnu-Dubova-1170x658.jpg 1170w, https:\/\/pmza.sk\/wp-content\/uploads\/2025\/01\/Majova-vychadzka-pre-verejnost-na-rozhladnu-Dubova-768x432.jpg 768w, https:\/\/pmza.sk\/wp-content\/uploads\/2025\/01\/Majova-vychadzka-pre-verejnost-na-rozhladnu-Dubova-1536x864.jpg 1536w, https:\/\/pmza.sk\/wp-content\/uploads\/2025\/01\/Majova-vychadzka-pre-verejnost-na-rozhladnu-Dubova-2048x1152.jpg 2048w, https:\/\/pmza.sk\/wp-content\/uploads\/2025\/01\/Majova-vychadzka-pre-verejnost-na-rozhladnu-Dubova-600x338.jpg 600w\" sizes=\"(max-width: 570px) 100vw, 570px\" \/><\/div>\n<\/div>\n<div><\/div>\n<div><\/div>\n","protected":false},"excerpt":{"rendered":"<p>V\u010faka Environment\u00e1lnemu fondu v roku 2024 Pova\u017esk\u00e9 m\u00fazeum v \u017diline \u00faspe\u0161ne zrealizovalo projekt zameran\u00fd na ochranu a populariz\u00e1ciu drav\u00fdch vt\u00e1kov prostredn\u00edctvom v\u00fdstavy \u201eKr\u00e1li oblohy\u201c. Tento ekov\u00fdchovn\u00fd projekt, ktor\u00fd prep\u00e1ja odborn\u00fd v\u00fdskum, environment\u00e1lnu v\u00fdchovu a osvetu, zah\u0155\u0148al viacer\u00e9 sprievodn\u00e9 aktivity, ktor\u00e9 by sme V\u00e1m radi predstavili. V\u00fdstava a eduka\u010dn\u00e9 aktivity S\u00fa\u010das\u0165ou projektu boli kreat\u00edvne a eduka\u010dn\u00e9 [&hellip;]<\/p>\n","protected":false},"author":2,"featured_media":67868,"comment_status":"closed","ping_status":"closed","sticky":false,"template":"","format":"standard","meta":{"site-sidebar-layout":"default","site-content-layout":"","ast-site-content-layout":"default","site-content-style":"default","site-sidebar-style":"default","ast-global-header-display":"","ast-banner-title-visibility":"","ast-main-header-display":"","ast-hfb-above-header-display":"","ast-hfb-below-header-display":"","ast-hfb-mobile-header-display":"","site-post-title":"","ast-breadcrumbs-content":"","ast-featured-img":"","footer-sml-layout":"","theme-transparent-header-meta":"default","adv-header-id-meta":"","stick-header-meta":"default","header-above-stick-meta":"","header-main-stick-meta":"","header-below-stick-meta":"","astra-migrate-meta-layouts":"set","ast-page-background-enabled":"default","ast-page-background-meta":{"desktop":{"background-color":"var(--ast-global-color-4)","background-image":"","background-repeat":"repeat","background-position":"center center","background-size":"auto","background-attachment":"scroll","background-type":"","background-media":"","overlay-type":"","overlay-color":"","overlay-opacity":"","overlay-gradient":""},"tablet":{"background-color":"","background-image":"","background-repeat":"repeat","background-position":"center center","background-size":"auto","background-attachment":"scroll","background-type":"","background-media":"","overlay-type":"","overlay-color":"","overlay-opacity":"","overlay-gradient":""},"mobile":{"background-color":"","background-image":"","background-repeat":"repeat","background-position":"center center","background-size":"auto","background-attachment":"scroll","background-type":"","background-media":"","overlay-type":"","overlay-color":"","overlay-opacity":"","overlay-gradient":""}},"ast-content-background-meta":{"desktop":{"background-color":"var(--ast-global-color-5)","background-image":"","background-repeat":"repeat","background-position":"center center","background-size":"auto","background-attachment":"scroll","background-type":"","background-media":"","overlay-type":"","overlay-color":"","overlay-opacity":"","overlay-gradient":""},"tablet":{"background-color":"var(--ast-global-color-5)","background-image":"","background-repeat":"repeat","background-position":"center center","background-size":"auto","background-attachment":"scroll","background-type":"","background-media":"","overlay-type":"","overlay-color":"","overlay-opacity":"","overlay-gradient":""},"mobile":{"background-color":"var(--ast-global-color-5)","background-image":"","background-repeat":"repeat","background-position":"center center","background-size":"auto","background-attachment":"scroll","background-type":"","background-media":"","overlay-type":"","overlay-color":"","overlay-opacity":"","overlay-gradient":""}},"footnotes":""},"categories":[31],"tags":[],"class_list":["post-67860","post","type-post","status-publish","format-standard","has-post-thumbnail","hentry","category-aktuality"],"yoast_head":"<!-- This site is optimized with the Yoast SEO plugin v27.4 - https:\/\/yoast.com\/product\/yoast-seo-wordpress\/ -->\n<title>V\u00fdchovno-vzdel\u00e1vacie aktivity v\u00fdstavy &quot;Kr\u00e1li oblohy&quot; - Pova\u017esk\u00e9 m\u00fazeum<\/title>\n<meta name=\"robots\" content=\"index, follow, max-snippet:-1, max-image-preview:large, max-video-preview:-1\" \/>\n<link rel=\"canonical\" href=\"https:\/\/pmza.sk\/?p=67860\" \/>\n<meta property=\"og:locale\" content=\"sk_SK\" \/>\n<meta property=\"og:type\" content=\"article\" \/>\n<meta property=\"og:title\" content=\"V\u00fdchovno-vzdel\u00e1vacie aktivity v\u00fdstavy &quot;Kr\u00e1li oblohy&quot; - Pova\u017esk\u00e9 m\u00fazeum\" \/>\n<meta property=\"og:description\" content=\"V\u010faka Environment\u00e1lnemu fondu v roku 2024 Pova\u017esk\u00e9 m\u00fazeum v \u017diline \u00faspe\u0161ne zrealizovalo projekt zameran\u00fd na ochranu a populariz\u00e1ciu drav\u00fdch vt\u00e1kov prostredn\u00edctvom v\u00fdstavy \u201eKr\u00e1li oblohy\u201c. Tento ekov\u00fdchovn\u00fd projekt, ktor\u00fd prep\u00e1ja odborn\u00fd v\u00fdskum, environment\u00e1lnu v\u00fdchovu a osvetu, zah\u0155\u0148al viacer\u00e9 sprievodn\u00e9 aktivity, ktor\u00e9 by sme V\u00e1m radi predstavili. V\u00fdstava a eduka\u010dn\u00e9 aktivity S\u00fa\u010das\u0165ou projektu boli kreat\u00edvne a eduka\u010dn\u00e9 [&hellip;]\" \/>\n<meta property=\"og:url\" content=\"https:\/\/pmza.sk\/?p=67860\" \/>\n<meta property=\"og:site_name\" content=\"Pova\u017esk\u00e9 m\u00fazeum\" \/>\n<meta property=\"article:publisher\" content=\"https:\/\/www.facebook.com\/povazskemuzeum\" \/>\n<meta property=\"article:published_time\" content=\"2025-01-31T11:39:19+00:00\" \/>\n<meta property=\"article:modified_time\" content=\"2025-03-28T06:05:30+00:00\" \/>\n<meta property=\"og:image\" content=\"https:\/\/pmza.sk\/wp-content\/uploads\/2025\/01\/Vyklad-k-vystave-Krali-oblohy-bol-prisposobeny-veku-deti.jpg\" \/>\n\t<meta property=\"og:image:width\" content=\"1024\" \/>\n\t<meta property=\"og:image:height\" content=\"683\" \/>\n\t<meta property=\"og:image:type\" content=\"image\/jpeg\" \/>\n<meta name=\"author\" content=\"Pova\u017esk\u00e9 m\u00fazeum\" \/>\n<meta name=\"twitter:card\" content=\"summary_large_image\" \/>\n<meta name=\"twitter:label1\" content=\"Autor\" \/>\n\t<meta name=\"twitter:data1\" content=\"Pova\u017esk\u00e9 m\u00fazeum\" \/>\n\t<meta name=\"twitter:label2\" content=\"Predpokladan\u00fd \u010das \u010d\u00edtania\" \/>\n\t<meta name=\"twitter:data2\" content=\"2 min\u00faty\" \/>\n<script type=\"application\/ld+json\" class=\"yoast-schema-graph\">{\"@context\":\"https:\\\/\\\/schema.org\",\"@graph\":[{\"@type\":\"Article\",\"@id\":\"https:\\\/\\\/pmza.sk\\\/?p=67860#article\",\"isPartOf\":{\"@id\":\"https:\\\/\\\/pmza.sk\\\/?p=67860\"},\"author\":{\"name\":\"Pova\u017esk\u00e9 m\u00fazeum\",\"@id\":\"https:\\\/\\\/pmza.sk\\\/#\\\/schema\\\/person\\\/595e6a2ce731ea94dcd5d7f50a41ae33\"},\"headline\":\"V\u00fdchovno-vzdel\u00e1vacie aktivity v\u00fdstavy &#8222;Kr\u00e1li oblohy&#8220;\",\"datePublished\":\"2025-01-31T11:39:19+00:00\",\"dateModified\":\"2025-03-28T06:05:30+00:00\",\"mainEntityOfPage\":{\"@id\":\"https:\\\/\\\/pmza.sk\\\/?p=67860\"},\"wordCount\":502,\"publisher\":{\"@id\":\"https:\\\/\\\/pmza.sk\\\/#organization\"},\"image\":{\"@id\":\"https:\\\/\\\/pmza.sk\\\/?p=67860#primaryimage\"},\"thumbnailUrl\":\"https:\\\/\\\/pmza.sk\\\/wp-content\\\/uploads\\\/2025\\\/01\\\/Vyklad-k-vystave-Krali-oblohy-bol-prisposobeny-veku-deti.jpg\",\"articleSection\":[\"Aktuality\"],\"inLanguage\":\"sk-SK\"},{\"@type\":\"WebPage\",\"@id\":\"https:\\\/\\\/pmza.sk\\\/?p=67860\",\"url\":\"https:\\\/\\\/pmza.sk\\\/?p=67860\",\"name\":\"V\u00fdchovno-vzdel\u00e1vacie aktivity v\u00fdstavy \\\"Kr\u00e1li oblohy\\\" - Pova\u017esk\u00e9 m\u00fazeum\",\"isPartOf\":{\"@id\":\"https:\\\/\\\/pmza.sk\\\/#website\"},\"primaryImageOfPage\":{\"@id\":\"https:\\\/\\\/pmza.sk\\\/?p=67860#primaryimage\"},\"image\":{\"@id\":\"https:\\\/\\\/pmza.sk\\\/?p=67860#primaryimage\"},\"thumbnailUrl\":\"https:\\\/\\\/pmza.sk\\\/wp-content\\\/uploads\\\/2025\\\/01\\\/Vyklad-k-vystave-Krali-oblohy-bol-prisposobeny-veku-deti.jpg\",\"datePublished\":\"2025-01-31T11:39:19+00:00\",\"dateModified\":\"2025-03-28T06:05:30+00:00\",\"breadcrumb\":{\"@id\":\"https:\\\/\\\/pmza.sk\\\/?p=67860#breadcrumb\"},\"inLanguage\":\"sk-SK\",\"potentialAction\":[{\"@type\":\"ReadAction\",\"target\":[\"https:\\\/\\\/pmza.sk\\\/?p=67860\"]}]},{\"@type\":\"ImageObject\",\"inLanguage\":\"sk-SK\",\"@id\":\"https:\\\/\\\/pmza.sk\\\/?p=67860#primaryimage\",\"url\":\"https:\\\/\\\/pmza.sk\\\/wp-content\\\/uploads\\\/2025\\\/01\\\/Vyklad-k-vystave-Krali-oblohy-bol-prisposobeny-veku-deti.jpg\",\"contentUrl\":\"https:\\\/\\\/pmza.sk\\\/wp-content\\\/uploads\\\/2025\\\/01\\\/Vyklad-k-vystave-Krali-oblohy-bol-prisposobeny-veku-deti.jpg\",\"width\":1024,\"height\":683},{\"@type\":\"BreadcrumbList\",\"@id\":\"https:\\\/\\\/pmza.sk\\\/?p=67860#breadcrumb\",\"itemListElement\":[{\"@type\":\"ListItem\",\"position\":1,\"name\":\"Domovsk\u00e1 str\u00e1nka\",\"item\":\"https:\\\/\\\/pmza.sk\\\/\"},{\"@type\":\"ListItem\",\"position\":2,\"name\":\"V\u00fdchovno-vzdel\u00e1vacie aktivity v\u00fdstavy &#8222;Kr\u00e1li oblohy&#8220;\"}]},{\"@type\":\"WebSite\",\"@id\":\"https:\\\/\\\/pmza.sk\\\/#website\",\"url\":\"https:\\\/\\\/pmza.sk\\\/\",\"name\":\"Pova\u017esk\u00e9 m\u00fazeum\",\"description\":\"Pova\u017esk\u00e9 m\u00fazeum v \u017diline je region\u00e1lne m\u00fazeum so s\u00eddlom v Budat\u00edne. Jeho expoz\u00edcie s\u00fa zameran\u00e9 na dejiny slovensk\u00e9ho umenia, kult\u00fary a dopravy.\",\"publisher\":{\"@id\":\"https:\\\/\\\/pmza.sk\\\/#organization\"},\"potentialAction\":[{\"@type\":\"SearchAction\",\"target\":{\"@type\":\"EntryPoint\",\"urlTemplate\":\"https:\\\/\\\/pmza.sk\\\/?s={search_term_string}\"},\"query-input\":{\"@type\":\"PropertyValueSpecification\",\"valueRequired\":true,\"valueName\":\"search_term_string\"}}],\"inLanguage\":\"sk-SK\"},{\"@type\":\"Organization\",\"@id\":\"https:\\\/\\\/pmza.sk\\\/#organization\",\"name\":\"Pova\u017esk\u00e9 m\u00fazeum\",\"url\":\"https:\\\/\\\/pmza.sk\\\/\",\"logo\":{\"@type\":\"ImageObject\",\"inLanguage\":\"sk-SK\",\"@id\":\"https:\\\/\\\/pmza.sk\\\/#\\\/schema\\\/logo\\\/image\\\/\",\"url\":\"https:\\\/\\\/pmza.sk\\\/wp-content\\\/uploads\\\/2022\\\/01\\\/logo_PM_horizontal.jpg\",\"contentUrl\":\"https:\\\/\\\/pmza.sk\\\/wp-content\\\/uploads\\\/2022\\\/01\\\/logo_PM_horizontal.jpg\",\"width\":231,\"height\":142,\"caption\":\"Pova\u017esk\u00e9 m\u00fazeum\"},\"image\":{\"@id\":\"https:\\\/\\\/pmza.sk\\\/#\\\/schema\\\/logo\\\/image\\\/\"},\"sameAs\":[\"https:\\\/\\\/www.facebook.com\\\/povazskemuzeum\",\"https:\\\/\\\/www.instagram.com\\\/povazskemuzeum\\\/\"]},{\"@type\":\"Person\",\"@id\":\"https:\\\/\\\/pmza.sk\\\/#\\\/schema\\\/person\\\/595e6a2ce731ea94dcd5d7f50a41ae33\",\"name\":\"Pova\u017esk\u00e9 m\u00fazeum\",\"image\":{\"@type\":\"ImageObject\",\"inLanguage\":\"sk-SK\",\"@id\":\"https:\\\/\\\/secure.gravatar.com\\\/avatar\\\/2bb7f1561282132fb5826dfeccc66c7996d11ee392ac6aaf7ced8a1c2027fbb2?s=96&d=mm&r=g\",\"url\":\"https:\\\/\\\/secure.gravatar.com\\\/avatar\\\/2bb7f1561282132fb5826dfeccc66c7996d11ee392ac6aaf7ced8a1c2027fbb2?s=96&d=mm&r=g\",\"contentUrl\":\"https:\\\/\\\/secure.gravatar.com\\\/avatar\\\/2bb7f1561282132fb5826dfeccc66c7996d11ee392ac6aaf7ced8a1c2027fbb2?s=96&d=mm&r=g\",\"caption\":\"Pova\u017esk\u00e9 m\u00fazeum\"}}]}<\/script>\n<!-- \/ Yoast SEO plugin. -->","yoast_head_json":{"title":"V\u00fdchovno-vzdel\u00e1vacie aktivity v\u00fdstavy \"Kr\u00e1li oblohy\" - Pova\u017esk\u00e9 m\u00fazeum","robots":{"index":"index","follow":"follow","max-snippet":"max-snippet:-1","max-image-preview":"max-image-preview:large","max-video-preview":"max-video-preview:-1"},"canonical":"https:\/\/pmza.sk\/?p=67860","og_locale":"sk_SK","og_type":"article","og_title":"V\u00fdchovno-vzdel\u00e1vacie aktivity v\u00fdstavy \"Kr\u00e1li oblohy\" - Pova\u017esk\u00e9 m\u00fazeum","og_description":"V\u010faka Environment\u00e1lnemu fondu v roku 2024 Pova\u017esk\u00e9 m\u00fazeum v \u017diline \u00faspe\u0161ne zrealizovalo projekt zameran\u00fd na ochranu a populariz\u00e1ciu drav\u00fdch vt\u00e1kov prostredn\u00edctvom v\u00fdstavy \u201eKr\u00e1li oblohy\u201c. Tento ekov\u00fdchovn\u00fd projekt, ktor\u00fd prep\u00e1ja odborn\u00fd v\u00fdskum, environment\u00e1lnu v\u00fdchovu a osvetu, zah\u0155\u0148al viacer\u00e9 sprievodn\u00e9 aktivity, ktor\u00e9 by sme V\u00e1m radi predstavili. V\u00fdstava a eduka\u010dn\u00e9 aktivity S\u00fa\u010das\u0165ou projektu boli kreat\u00edvne a eduka\u010dn\u00e9 [&hellip;]","og_url":"https:\/\/pmza.sk\/?p=67860","og_site_name":"Pova\u017esk\u00e9 m\u00fazeum","article_publisher":"https:\/\/www.facebook.com\/povazskemuzeum","article_published_time":"2025-01-31T11:39:19+00:00","article_modified_time":"2025-03-28T06:05:30+00:00","og_image":[{"width":1024,"height":683,"url":"https:\/\/pmza.sk\/wp-content\/uploads\/2025\/01\/Vyklad-k-vystave-Krali-oblohy-bol-prisposobeny-veku-deti.jpg","type":"image\/jpeg"}],"author":"Pova\u017esk\u00e9 m\u00fazeum","twitter_card":"summary_large_image","twitter_misc":{"Autor":"Pova\u017esk\u00e9 m\u00fazeum","Predpokladan\u00fd \u010das \u010d\u00edtania":"2 min\u00faty"},"schema":{"@context":"https:\/\/schema.org","@graph":[{"@type":"Article","@id":"https:\/\/pmza.sk\/?p=67860#article","isPartOf":{"@id":"https:\/\/pmza.sk\/?p=67860"},"author":{"name":"Pova\u017esk\u00e9 m\u00fazeum","@id":"https:\/\/pmza.sk\/#\/schema\/person\/595e6a2ce731ea94dcd5d7f50a41ae33"},"headline":"V\u00fdchovno-vzdel\u00e1vacie aktivity v\u00fdstavy &#8222;Kr\u00e1li oblohy&#8220;","datePublished":"2025-01-31T11:39:19+00:00","dateModified":"2025-03-28T06:05:30+00:00","mainEntityOfPage":{"@id":"https:\/\/pmza.sk\/?p=67860"},"wordCount":502,"publisher":{"@id":"https:\/\/pmza.sk\/#organization"},"image":{"@id":"https:\/\/pmza.sk\/?p=67860#primaryimage"},"thumbnailUrl":"https:\/\/pmza.sk\/wp-content\/uploads\/2025\/01\/Vyklad-k-vystave-Krali-oblohy-bol-prisposobeny-veku-deti.jpg","articleSection":["Aktuality"],"inLanguage":"sk-SK"},{"@type":"WebPage","@id":"https:\/\/pmza.sk\/?p=67860","url":"https:\/\/pmza.sk\/?p=67860","name":"V\u00fdchovno-vzdel\u00e1vacie aktivity v\u00fdstavy \"Kr\u00e1li oblohy\" - Pova\u017esk\u00e9 m\u00fazeum","isPartOf":{"@id":"https:\/\/pmza.sk\/#website"},"primaryImageOfPage":{"@id":"https:\/\/pmza.sk\/?p=67860#primaryimage"},"image":{"@id":"https:\/\/pmza.sk\/?p=67860#primaryimage"},"thumbnailUrl":"https:\/\/pmza.sk\/wp-content\/uploads\/2025\/01\/Vyklad-k-vystave-Krali-oblohy-bol-prisposobeny-veku-deti.jpg","datePublished":"2025-01-31T11:39:19+00:00","dateModified":"2025-03-28T06:05:30+00:00","breadcrumb":{"@id":"https:\/\/pmza.sk\/?p=67860#breadcrumb"},"inLanguage":"sk-SK","potentialAction":[{"@type":"ReadAction","target":["https:\/\/pmza.sk\/?p=67860"]}]},{"@type":"ImageObject","inLanguage":"sk-SK","@id":"https:\/\/pmza.sk\/?p=67860#primaryimage","url":"https:\/\/pmza.sk\/wp-content\/uploads\/2025\/01\/Vyklad-k-vystave-Krali-oblohy-bol-prisposobeny-veku-deti.jpg","contentUrl":"https:\/\/pmza.sk\/wp-content\/uploads\/2025\/01\/Vyklad-k-vystave-Krali-oblohy-bol-prisposobeny-veku-deti.jpg","width":1024,"height":683},{"@type":"BreadcrumbList","@id":"https:\/\/pmza.sk\/?p=67860#breadcrumb","itemListElement":[{"@type":"ListItem","position":1,"name":"Domovsk\u00e1 str\u00e1nka","item":"https:\/\/pmza.sk\/"},{"@type":"ListItem","position":2,"name":"V\u00fdchovno-vzdel\u00e1vacie aktivity v\u00fdstavy &#8222;Kr\u00e1li oblohy&#8220;"}]},{"@type":"WebSite","@id":"https:\/\/pmza.sk\/#website","url":"https:\/\/pmza.sk\/","name":"Pova\u017esk\u00e9 m\u00fazeum","description":"Pova\u017esk\u00e9 m\u00fazeum v \u017diline je region\u00e1lne m\u00fazeum so s\u00eddlom v Budat\u00edne. Jeho expoz\u00edcie s\u00fa zameran\u00e9 na dejiny slovensk\u00e9ho umenia, kult\u00fary a dopravy.","publisher":{"@id":"https:\/\/pmza.sk\/#organization"},"potentialAction":[{"@type":"SearchAction","target":{"@type":"EntryPoint","urlTemplate":"https:\/\/pmza.sk\/?s={search_term_string}"},"query-input":{"@type":"PropertyValueSpecification","valueRequired":true,"valueName":"search_term_string"}}],"inLanguage":"sk-SK"},{"@type":"Organization","@id":"https:\/\/pmza.sk\/#organization","name":"Pova\u017esk\u00e9 m\u00fazeum","url":"https:\/\/pmza.sk\/","logo":{"@type":"ImageObject","inLanguage":"sk-SK","@id":"https:\/\/pmza.sk\/#\/schema\/logo\/image\/","url":"https:\/\/pmza.sk\/wp-content\/uploads\/2022\/01\/logo_PM_horizontal.jpg","contentUrl":"https:\/\/pmza.sk\/wp-content\/uploads\/2022\/01\/logo_PM_horizontal.jpg","width":231,"height":142,"caption":"Pova\u017esk\u00e9 m\u00fazeum"},"image":{"@id":"https:\/\/pmza.sk\/#\/schema\/logo\/image\/"},"sameAs":["https:\/\/www.facebook.com\/povazskemuzeum","https:\/\/www.instagram.com\/povazskemuzeum\/"]},{"@type":"Person","@id":"https:\/\/pmza.sk\/#\/schema\/person\/595e6a2ce731ea94dcd5d7f50a41ae33","name":"Pova\u017esk\u00e9 m\u00fazeum","image":{"@type":"ImageObject","inLanguage":"sk-SK","@id":"https:\/\/secure.gravatar.com\/avatar\/2bb7f1561282132fb5826dfeccc66c7996d11ee392ac6aaf7ced8a1c2027fbb2?s=96&d=mm&r=g","url":"https:\/\/secure.gravatar.com\/avatar\/2bb7f1561282132fb5826dfeccc66c7996d11ee392ac6aaf7ced8a1c2027fbb2?s=96&d=mm&r=g","contentUrl":"https:\/\/secure.gravatar.com\/avatar\/2bb7f1561282132fb5826dfeccc66c7996d11ee392ac6aaf7ced8a1c2027fbb2?s=96&d=mm&r=g","caption":"Pova\u017esk\u00e9 m\u00fazeum"}}]}},"_links":{"self":[{"href":"https:\/\/pmza.sk\/index.php?rest_route=\/wp\/v2\/posts\/67860","targetHints":{"allow":["GET"]}}],"collection":[{"href":"https:\/\/pmza.sk\/index.php?rest_route=\/wp\/v2\/posts"}],"about":[{"href":"https:\/\/pmza.sk\/index.php?rest_route=\/wp\/v2\/types\/post"}],"author":[{"embeddable":true,"href":"https:\/\/pmza.sk\/index.php?rest_route=\/wp\/v2\/users\/2"}],"replies":[{"embeddable":true,"href":"https:\/\/pmza.sk\/index.php?rest_route=%2Fwp%2Fv2%2Fcomments&post=67860"}],"version-history":[{"count":0,"href":"https:\/\/pmza.sk\/index.php?rest_route=\/wp\/v2\/posts\/67860\/revisions"}],"wp:featuredmedia":[{"embeddable":true,"href":"https:\/\/pmza.sk\/index.php?rest_route=\/wp\/v2\/media\/67868"}],"wp:attachment":[{"href":"https:\/\/pmza.sk\/index.php?rest_route=%2Fwp%2Fv2%2Fmedia&parent=67860"}],"wp:term":[{"taxonomy":"category","embeddable":true,"href":"https:\/\/pmza.sk\/index.php?rest_route=%2Fwp%2Fv2%2Fcategories&post=67860"},{"taxonomy":"post_tag","embeddable":true,"href":"https:\/\/pmza.sk\/index.php?rest_route=%2Fwp%2Fv2%2Ftags&post=67860"}],"curies":[{"name":"wp","href":"https:\/\/api.w.org\/{rel}","templated":true}]}}