{"id":68429,"date":"2025-03-10T10:44:36","date_gmt":"2025-03-10T09:44:36","guid":{"rendered":"https:\/\/pmza.sk\/?p=68429"},"modified":"2026-02-27T07:47:38","modified_gmt":"2026-02-27T06:47:38","slug":"prirodovedne-vychadzky-do-okolia-ziliny-v-roku-2025","status":"publish","type":"post","link":"https:\/\/pmza.sk\/?p=68429","title":{"rendered":"Pr\u00edrodovedn\u00e9 vych\u00e1dzky do okolia \u017diliny v roku 2025"},"content":{"rendered":"<p><strong>M\u00fazeum pre pr\u00edrodu a\u00a0pre V\u00e1s \u2013\u00a0exkurzie do pr\u00edrody<\/strong><\/p>\n<p>Poz\u00fdvame V\u00e1s na lektorovan\u00e9 vych\u00e1dzky do pr\u00edrody v sprievode pr\u00edrodovedcov z Pova\u017esk\u00e9ho m\u00fazea. S botani\u010dkou a zool\u00f3gom spozn\u00e1te zauj\u00edmav\u00e9 miesta a cesty pr\u00edrody a krajiny v okol\u00ed. Na vych\u00e1dzkach budeme v\u0161etk\u00fdmi zmyslami vn\u00edma\u0165 v\u0161etky hodnoty pr\u00edrody a krajiny, na ktor\u00e9 natraf\u00edme. Ruka v ruke s vn\u00edman\u00edm im sk\u00fasime aj porozumie\u0165 a dorozumie\u0165 sa o tom. Budeme sa venova\u0165 pozn\u00e1vaniu miestnej i region\u00e1lnej fl\u00f3ry a fauny, jej premenlivosti, \u017eivotn\u00fdm cyklom a strat\u00e9gi\u00e1m jedincov i k\u013e\u00fa\u010dov\u00fdch druhov, ich popul\u00e1ci\u00e1m a vz\u0165ahom k sebe navz\u00e1jom aj k ich prostrediu v r\u00f4znych mierkach priestoru i \u010dasu. Pribl\u00ed\u017eime si druhov\u00fa rozmanitos\u0165 kvetov, stromov, vt\u00e1kov, cicavcov, oboj\u017eiveln\u00edkov aj in\u00fdch \u017eivo\u010d\u00edchov a ich fascinuj\u00face pr\u00edbehy spolu s pr\u00edbehmi t\u00fdch, \u010do ich sk\u00famali a sk\u00famaj\u00fa. Cez druhov\u00fa rozmanitos\u0165 sa tu i tam prehupneme aj na \u201elevel\u201c spolo\u010denstiev, potravn\u00fdch a in\u00fdch siet\u00ed, tokov l\u00e1tok, energi\u00ed a inform\u00e1ci\u00ed. To u\u017e budeme len na skok od lesn\u00fdch, skaln\u00fdch, vodn\u00fdch a in\u00fdch nelesn\u00fdch ekosyst\u00e9mov a kraj\u00edn s \u010falek\u00fdmi v\u00fdh\u013eadmi i (d\u00fafajme) hlbok\u00fdmi vh\u013eadmi do ich \u00fa\u017easnej premenlivosti a dynamiky minul\u00fdch, s\u00fa\u010dasn\u00fdch aj bud\u00facich ekologick\u00fdch procesov, ktor\u00e9 nimi h\u00fdbu. Z cel\u00e9ho toho ekologick\u00e9ho \u201edivadla\u201c v evolu\u010dn\u00fdch kulis\u00e1ch nebudeme vyn\u00edma\u0165 ani druh <em>Homo sapiens<\/em> \u2013 n\u00e1s \u013eud\u00ed, na\u0161e vplyvy na kl\u00edmu, vodu, p\u00f4du, biodiverzitu i na na\u0161e vlastn\u00e9 zdravie. Bokom nenech\u00e1me ani ich historick\u00e9 i kult\u00farne s\u00favislosti, pr\u00ed\u010diny a d\u00f4sledky (vr\u00e1tane nezam\u00fd\u0161\u013ean\u00fdch) a ako sa v tom v\u0161etkom vyzna\u0165, informovane sa rozhodova\u0165 a kona\u0165. Podujatia s\u00fa vhodn\u00e9 pre ka\u017ed\u00fa vekov\u00fa kateg\u00f3riu.<\/p>\n<ul>\n<li><strong>Marec 2025<\/strong><\/li>\n<\/ul>\n<p><strong>D\u00fabravy pri Trnovom<\/strong><\/p>\n<p>Do pozornosti V\u00e1m pon\u00fakneme umel\u00e9 lesn\u00e9 i\u00a0nelesn\u00e9 monokult\u00fary, ich ostr\u00e9 hranice (ekotony), smrek, smlz kroviskov\u00fd a\u00a0in\u00e9 k\u013e\u00fa\u010dov\u00e9 druhy, s\u00favisiace pr\u00edrodn\u00e9 naru\u0161enia a\u00a0vplyvy na kvalitu a\u00a0fungovanie krajiny.<\/p>\n<p><strong>D\u00e1tum<\/strong>: piatok 28. 3.\u00a02025\u00a0\u00a0\u00a0\u00a0\u00a0\u00a0\u00a0\u00a0\u00a0\u00a0\u00a0\u00a0\u00a0\u00a0\u00a0\u00a0\u00a0\u00a0\u00a0\u00a0\u00a0\u00a0\u00a0\u00a0\u00a0\u00a0\u00a0\u00a0\u00a0\u00a0\u00a0\u00a0\u00a0\u00a0\u00a0\u00a0\u00a0\u00a0\u00a0\u00a0\u00a0\u00a0 <strong>\u010cas:<\/strong> od 16.10<\/p>\n<p><strong>Miesto stretnutia:<\/strong> zraz o 16.10 hod. pri Dome sm\u00fatku na Cintor\u00ednskej ulici v Trnovom<\/p>\n<p><strong>Trasa:<\/strong> Trnov\u00e9 \u2013\u00a0Park sv\u00e4t\u00e9ho Juraja \u2013\u00a0D\u00fabravy \u2013\u00a0Trnov\u00e9. Nen\u00e1ro\u010dn\u00fd ter\u00e9n, pohyb po nespevnen\u00fdch chodn\u00edkoch, trvanie cca 2,5 hodiny. Obuv a\u00a0oble\u010denie pod\u013ea po\u010dasia, nie ve\u013emi farebn\u00e9 (ide\u00e1lne siv\u00e1, zelen\u00e1 alebo hned\u00e1 farba).<\/p>\n<p><strong>Sprievodcovia<\/strong>: zool\u00f3g Ing. J\u00e1n Topercer, CSc., botani\u010dka Ing. Kv\u011bta Kickov\u00e1<\/p>\n<p><strong>Kontakt:<\/strong> K. Kickov\u00e1, <a href=\"mailto:kickova@pmza.sk\"><em>kickova@pmza.sk<\/em><\/a>, tel. \u010d. 0903 881 495<\/p>\n<p><strong>Vstupn\u00e9:<\/strong> 2 \u20ac, deti do 6 rokov zadarmo<\/p>\n<p><strong>Pozn\u00e1mka:<\/strong> zmena term\u00ednu mo\u017en\u00e1 v s\u00favislosti s nepriazniv\u00fdm po\u010das\u00edm. Bli\u017e\u0161ie inform\u00e1cie u\u00a0kontaktnej osoby.<\/p>\n<p>&nbsp;<\/p>\n<ul>\n<li><strong>Apr\u00edl 2025<\/strong><\/li>\n<\/ul>\n<p><strong>Meandre Raj\u010danky<\/strong><\/p>\n<p>\u201eMeandrovacia\u201c vandrovka popri prirodzenom nezregulovanom \u00faseku Raj\u010danky, objavovanie kr\u00e1s ekosyst\u00e9mu podhorsk\u00e9ho vodn\u00e9ho toku s\u00a0jeho pozd\u013a\u017enou i\u00a0postrannou spojitos\u0165ou (naprie\u010d celou nivou), rie\u010dnym kontinuom, z\u00e1plavov\u00fdmi pulzami, \u201e\u0161pir\u00e1lovan\u00edm\u201c \u017eiv\u00edn, samo\u010distiacou schopnos\u0165ou, vodoz\u00e1dr\u017enou i\u00a0klimatickou funkciou, cenn\u00fdmi nivn\u00fdmi, pr\u00edbre\u017en\u00fdmi i\u00a0dnov\u00fdmi biotopmi s\u00a0bohatstvom druhov bentosu, charakteristick\u00fdm r\u00e1zom (pri)rie\u010dnej krajiny a\u00a0zachovan\u00fdmi predkomunistick\u00fdmi dedi\u010dstvami vyu\u017eitia zeme.<\/p>\n<p><strong>D\u00e1tum<\/strong>: sobota 26. 4. 2025\u00a0\u00a0\u00a0\u00a0\u00a0\u00a0\u00a0\u00a0\u00a0\u00a0\u00a0\u00a0\u00a0\u00a0\u00a0\u00a0\u00a0\u00a0\u00a0\u00a0\u00a0\u00a0\u00a0\u00a0\u00a0\u00a0\u00a0\u00a0\u00a0\u00a0\u00a0\u00a0\u00a0\u00a0\u00a0\u00a0\u00a0\u00a0\u00a0\u00a0\u00a0 <strong>\u010cas<\/strong><strong>:<\/strong> cca od 11.00 do 15.10<\/p>\n<p><strong>Miesto stretnutia:<\/strong> zraz o 11.00 hod. pri autobusovej zast\u00e1vke Fa\u010dkov, Polesie<\/p>\n<p><strong>Trasa:<\/strong> Fa\u010dkov, Polesie \u2013\u00a0Raj\u010danka \u2013\u00a0autobusov\u00e1 zast\u00e1vka Fa\u010dkov, r\u00e1zcestie \u010ci\u010dmany. Rovinat\u00fd ter\u00e9n, pohyb po nespevnen\u00fdch chodn\u00edkoch aj mimo nich.<\/p>\n<p>Vlastn\u00fd \u010falekoh\u013ead v\u00edtan\u00fd. Nepremokav\u00e1 obuv, najlep\u0161ie gum\u00e1ky a\u00a0oble\u010denie pod\u013ea po\u010dasia, nie ve\u013emi farebn\u00e9 (ide\u00e1lne siv\u00e1, zelen\u00e1 alebo hned\u00e1 farba).<\/p>\n<p><strong>Sprievodcovia<\/strong>: zool\u00f3g Ing. J\u00e1n Topercer, CSc., botani\u010dka Ing. Kv\u011bta Kickov\u00e1<\/p>\n<p><strong>Kontakt:<\/strong> K. Kickov\u00e1, <a href=\"mailto:kickova@pmza.sk\"><em>kickova@pmza.sk<\/em><\/a>, tel. \u010d. 0903 881 495<\/p>\n<p><strong>Vstupn\u00e9:<\/strong> 2 \u20ac, deti do 6 rokov zadarmo<\/p>\n<p><strong>Pozn\u00e1mka:<\/strong> zmena term\u00ednu mo\u017en\u00e1 v s\u00favislosti s nepriazniv\u00fdm po\u010das\u00edm. Bli\u017e\u0161ie inform\u00e1cie u\u00a0kontaktnej osoby.<\/p>\n<p>&nbsp;<\/p>\n<ul>\n<li><strong>M\u00e1j 2025<\/strong><\/li>\n<\/ul>\n<p><strong>Slne\u010dn\u00e9 skaly<\/strong><\/p>\n<p>Skaly, skalky, boriny aj bezlesie \u2013 ich obyvatelia zo \u017eivo\u010d\u00ed\u0161nej aj rastlinnej r\u00ed\u0161e a rozpr\u00e1vanie o pr\u00edtomn\u00fdch pr\u00edrodn\u00fdch fenom\u00e9noch od prejavov horninov\u00e9ho podlo\u017eia, reli\u00e9fu a orient\u00e1cie vo\u010di Slnku\/svetov\u00fdm stran\u00e1m cez z\u00e1rodo\u010dn\u00e9 \u0161t\u00e1di\u00e1 v\u00fdvoja p\u00f4d, \u0161trbinov\u00e9 druhy rastl\u00edn a in\u00fdch skaln\u00fdch \u201eextr\u00e9mistov\u201c.<\/p>\n<p><strong>D\u00e1tum<\/strong>: sobota 24. 5. 2025\u00a0\u00a0\u00a0\u00a0\u00a0\u00a0\u00a0\u00a0\u00a0\u00a0\u00a0\u00a0\u00a0\u00a0\u00a0\u00a0\u00a0\u00a0\u00a0\u00a0\u00a0\u00a0\u00a0\u00a0\u00a0\u00a0\u00a0\u00a0\u00a0\u00a0\u00a0\u00a0\u00a0\u00a0\u00a0\u00a0\u00a0\u00a0\u00a0\u00a0\u00a0 <strong>\u010cas:<\/strong> od 9.30<\/p>\n<p><strong>Miesto stretnutia:<\/strong> zraz na \u017eelezni\u010dnej stanici Por\u00fabka o 9.30<\/p>\n<p><strong>Trasa:<\/strong> \u017eelezni\u010dn\u00e1 stanica Por\u00fabka \u2013\u00a0Slne\u010dn\u00e9 skaly \u2013\u00a0\u017eelezni\u010dn\u00e1 stanica Poluvsie. Trasa povedie cez N\u00e1u\u010dn\u00fd chodn\u00edk Slne\u010dn\u00e9 skaly. Nen\u00e1ro\u010dn\u00fd ter\u00e9n, pohyb po nespevnen\u00fdch chodn\u00edkoch, prev\u00fd\u0161enie cca 215\u00a0m, d\u013a\u017eka 4\u00a0km, trvanie s\u00a0v\u00fdkladom cca 4\u00a0hodiny. Vlastn\u00fd \u010falekoh\u013ead v\u00edtan\u00fd. Pevn\u00e1 obuv a\u00a0oble\u010denie pod\u013ea po\u010dasia, nie ve\u013emi farebn\u00e9 (ide\u00e1lne siv\u00e1, zelen\u00e1 alebo hned\u00e1 farba).<\/p>\n<p><strong>Sprievodcovia<\/strong>: botani\u010dka Ing. Kv\u011bta Kickov\u00e1, zool\u00f3g Ing. J\u00e1n Topercer, CSc.<\/p>\n<p><strong>Kontakt:<\/strong> K. Kickov\u00e1, <a href=\"mailto:kickova@pmza.sk\"><em>kickova@pmza.sk<\/em><\/a>, tel. \u010d. 0903 881 495<\/p>\n<p><strong>Vstupn\u00e9:<\/strong> 2 \u20ac, deti do 6 rokov zadarmo<\/p>\n<p><strong>Pozn\u00e1mka:<\/strong> zmena term\u00ednu mo\u017en\u00e1 v s\u00favislosti s nepriazniv\u00fdm po\u010das\u00edm. Bli\u017e\u0161ie inform\u00e1cie u\u00a0kontaktnej osoby.<\/p>\n<p>&nbsp;<\/p>\n<ul>\n<li><strong>J\u00fan 2025<\/strong><\/li>\n<\/ul>\n<p><strong>D\u00fabrava a\u00a0Uhlisk\u00e1<\/strong><\/p>\n<p>Pr\u00edrodovedn\u00e1 v\u00fdprava za posledn\u00fdmi zvy\u0161kami dubovo-hrabov\u00fdch lesov s\u00a0lipou a\u00a0jed\u013eou v\u00a0\u017dilinskej kotline a\u00a0za odpove\u010fami na ot\u00e1zky o\u00a0p\u00f4vodnosti a\u00a0prirodzenosti spolo\u010denstiev, o\u00a0adapt\u00e1ci\u00e1ch dubov, hrabov, l\u00edp a\u00a0in\u00fdch k\u013e\u00fa\u010dov\u00fdch druhov na podmienky prostredia, o\u00a0\u201earchitekt\u00fare\u201c ich kor\u00fan, o\u00a0hist\u00f3rii naru\u0161en\u00ed ich spolo\u010denstiev a\u00a0dynamike ich pl\u00f4\u0161ok, o\u00a0metapopul\u00e1ci\u00e1ch, o\u00a0pre\u017e\u00edvan\u00ed popul\u00e1ci\u00ed a\u00a0spolo\u010denstiev na tzv. extink\u010dn\u00fd dlh a\u00a0ako to (ne)vidia slovensk\u00ed lesn\u00edci.<\/p>\n<p><strong>D\u00e1tum<\/strong>: piatok 20. 6.\u00a02025\u00a0\u00a0\u00a0\u00a0\u00a0\u00a0\u00a0\u00a0\u00a0\u00a0\u00a0\u00a0\u00a0\u00a0\u00a0\u00a0\u00a0\u00a0\u00a0\u00a0\u00a0\u00a0\u00a0\u00a0\u00a0\u00a0\u00a0\u00a0\u00a0\u00a0\u00a0\u00a0\u00a0\u00a0\u00a0\u00a0\u00a0\u00a0\u00a0\u00a0\u00a0\u00a0 <strong>\u010cas:<\/strong> od 16.00<\/p>\n<p><strong>Miesto stretnutia:<\/strong> zraz na autobusovej zast\u00e1vke Brezany, stred o 16.00<\/p>\n<p><strong>Trasa:<\/strong> autobusov\u00e1 zast\u00e1vka Brezany, stred \u2013\u00a0D\u00fabrava \u2013\u00a0Uhlisk\u00e1 \u2013\u00a0zast\u00e1vka MHD N\u00e1mestie Sv\u00e4t\u00e9ho J.\u00a0Bosca, B\u00e1nov\u00e1. V\u00fdprava povedie lesom po nespevnen\u00fdch chodn\u00edkoch aj mimo nich, jej d\u013a\u017eka bude asi 5\u00a0km, trvanie s\u00a0v\u00fdkladom cca 4\u00a0hodiny. Vlastn\u00fd \u010falekoh\u013ead v\u00edtan\u00fd. Odpor\u00fa\u010dame pevn\u00fa obuv a\u00a0oble\u010denie pod\u013ea po\u010dasia, nie ve\u013emi farebn\u00e9 (ide\u00e1lne siv\u00e1, zelen\u00e1 alebo hned\u00e1 farba).<\/p>\n<p><strong>Sprievodcovia<\/strong>: botani\u010dka Ing. Kv\u011bta Kickov\u00e1, zool\u00f3g Ing. J\u00e1n Topercer, CSc.<\/p>\n<p><strong>Kontakt:<\/strong> K. Kickov\u00e1, <a href=\"mailto:kickova@pmza.sk\"><em>kickova@pmza.sk<\/em><\/a>, tel. \u010d. 0903 881 495<\/p>\n<p><strong>Vstupn\u00e9:<\/strong> 2 \u20ac, deti do 6 rokov zadarmo<\/p>\n<p><strong>Pozn\u00e1mka:<\/strong> zmena term\u00ednu mo\u017en\u00e1 v s\u00favislosti s nepriazniv\u00fdm po\u010das\u00edm. Bli\u017e\u0161ie inform\u00e1cie u\u00a0kontaktnej osoby.<\/p>\n<p>&nbsp;<\/p>\n<ul>\n<li><strong>J\u00fal 2025<\/strong><\/li>\n<\/ul>\n<p><strong>Okol\u00edm \u010ci\u010dmian<\/strong><\/p>\n<p>Spozn\u00e1me fl\u00f3ru a\u00a0faunu mokrad\u00ed, l\u00fak, medz\u00ed a\u00a0rem\u00edzok v\u00a0okol\u00ed svojr\u00e1znej obce a\u00a0budeme spom\u00edna\u0165 na zaniknut\u00e9 podoby na\u0161ej (pod)horskej po\u013enohospod\u00e1rskej krajiny, na \u010di\u010dmiansku verziu hist\u00f3rie jej naru\u0161en\u00ed, na pre\u017e\u00edvaj\u00face k\u00fasky dedi\u010dstiev vyu\u017eitia zeme a\u00a0ako spoluvytv\u00e1raj\u00fa charakteristick\u00fd r\u00e1z tunaj\u0161ej lesno-or\u00e1\u010dinovo-l\u00fa\u010dnej krajiny.<\/p>\n<p><strong>D\u00e1tum<\/strong>: sobota 12. 7. 2025\u00a0\u00a0\u00a0\u00a0\u00a0\u00a0\u00a0\u00a0\u00a0\u00a0\u00a0\u00a0\u00a0\u00a0\u00a0\u00a0\u00a0\u00a0\u00a0\u00a0\u00a0\u00a0\u00a0\u00a0\u00a0\u00a0\u00a0\u00a0\u00a0\u00a0\u00a0\u00a0\u00a0\u00a0\u00a0\u00a0\u00a0\u00a0\u00a0\u00a0\u00a0 <strong>\u010cas:<\/strong> od 11.10 do 14.45<\/p>\n<p><strong>Miesto stretnutia:<\/strong> zraz o 11.10 hod. pri autobusovej zast\u00e1vke \u010ci\u010dmany, kone\u010dn\u00e1<\/p>\n<p><strong>Trasa:<\/strong> okruh za\u010d\u00ednaj\u00faci a\u00a0kon\u010diaci v\u00a0obci \u010ci\u010dmany. Nen\u00e1ro\u010dn\u00fd ter\u00e9n, pohyb po nespevnen\u00fdch chodn\u00edkoch, trvanie cca 3,5 hodiny. Vlastn\u00fd \u010falekoh\u013ead v\u00edtan\u00fd. Obuv a\u00a0oble\u010denie pod\u013ea po\u010dasia, nie ve\u013emi farebn\u00e9 (ide\u00e1lne siv\u00e1, zelen\u00e1 alebo hned\u00e1 farba).<\/p>\n<p><strong>Sprievodcovia<\/strong>: botani\u010dka Ing. Kv\u011bta Kickov\u00e1, zool\u00f3g Ing. J\u00e1n Topercer, CSc.<\/p>\n<p><strong>Kontakt:<\/strong> K. Kickov\u00e1, <a href=\"mailto:kickova@pmza.sk\"><em>kickova@pmza.sk<\/em><\/a>, tel. \u010d. 0903 881 495<\/p>\n<p><strong>Vstupn\u00e9:<\/strong> 2 \u20ac, deti do 6 rokov zadarmo<\/p>\n<p><strong>Pozn\u00e1mka:<\/strong> zmena term\u00ednu mo\u017en\u00e1 v s\u00favislosti s nepriazniv\u00fdm po\u010das\u00edm. Bli\u017e\u0161ie inform\u00e1cie u\u00a0kontaktnej osoby.<\/p>\n<p><strong>\u00a0<\/strong><\/p>\n<ul>\n<li><strong>September 2025<\/strong><\/li>\n<\/ul>\n<p><strong>Mokrade \u017dilinskej pahorkatiny<\/strong><\/p>\n<p>Za\u017eijeme si trs\u0165ovisk\u00e1 pri B\u00e1novej ako pr\u00edklad plo\u0161ne rozsiahlej s\u00fastavy mokrad\u00ed s\u00a0dominanciou k\u013e\u00fa\u010dov\u00e9ho druhu trs\u0165 oby\u010dajn\u00e1, kde sa (aj) n\u00e1sledkom \u013eudsk\u00fdch z\u00e1sahov prel\u00ednaj\u00fa rozsiahle trs\u0165ovisk\u00e1, porasty vysok\u00fdch ostr\u00edc, bylinn\u00e9 brehov\u00e9 lemy te\u010d\u00facich v\u00f4d a\u00a0ruderalizovan\u00e1 veget\u00e1cia v\u00a0zamokren\u00fdch prelia\u010din\u00e1ch na poliach a\u00a0obna\u017eenom bahnitom substr\u00e1te. Takto vyskladan\u00fd ekologicky v\u00fdznamn\u00fd segment krajiny n\u00faka aj lekcie z\u00a0kompet\u00edcie druhov a\u00a0ich s\u00faperiacej zdatnosti s\u00a0dopadmi o.\u00a0i. na \u017eivinov\u00e9 a\u00a0vodn\u00e9 re\u017eimy, na biotopy vt\u00e1kov i\u00a0in\u00fdch \u017eivo\u010d\u00edchov a\u00a0mo\u017enosti revitaliz\u00e1cie krajiny.<\/p>\n<p><strong>D\u00e1tum<\/strong>: piatok 19. 9.\u00a02025\u00a0\u00a0\u00a0\u00a0\u00a0\u00a0\u00a0\u00a0\u00a0\u00a0\u00a0\u00a0\u00a0\u00a0\u00a0\u00a0\u00a0\u00a0\u00a0\u00a0\u00a0\u00a0\u00a0\u00a0\u00a0\u00a0\u00a0\u00a0\u00a0\u00a0\u00a0\u00a0\u00a0\u00a0\u00a0\u00a0\u00a0\u00a0\u00a0\u00a0\u00a0\u00a0 <strong>\u010cas:<\/strong> 16.00<\/p>\n<p><strong>Miesto stretnutia:<\/strong> zraz o 16.00 hod. pri autobusovej zast\u00e1vke H\u00f4rky, Zvonica<\/p>\n<p><strong>Trasa:<\/strong> H\u00f4rky \u2013\u00a0Nad \u010ci\u017enou \u2013\u00a0autobusov\u00e1 zast\u00e1vka Brezany, obec. Nen\u00e1ro\u010dn\u00fd ter\u00e9n, pohyb po spevnen\u00fdch chodn\u00edkoch, d\u013a\u017eka 4\u00a0km, trvanie cca 3\u00a0hodiny. K\u00a0dispoz\u00edcii bude monokul\u00e1rny \u010falekoh\u013ead na pozorovanie vt\u00e1ctva, vlastn\u00fd \u010falekoh\u013ead v\u00edtan\u00fd. Nepremokav\u00e1 obuv a\u00a0oble\u010denie pod\u013ea po\u010dasia, nie ve\u013emi farebn\u00e9 (ide\u00e1lne siv\u00e1, zelen\u00e1 alebo hned\u00e1 farba).<\/p>\n<p><strong>Sprievodcovia<\/strong>: zool\u00f3g Ing. J\u00e1n Topercer, CSc., botani\u010dka Ing. Kv\u011bta Kickov\u00e1<\/p>\n<p><strong>Kontakt:<\/strong> K. Kickov\u00e1, <a href=\"mailto:kickova@pmza.sk\"><em>kickova@pmza.sk<\/em><\/a>, tel. \u010d. 0903 881 495<\/p>\n<p><strong>Vstupn\u00e9:<\/strong> 2 \u20ac, deti do 6 rokov zadarmo<\/p>\n<p><strong>Pozn\u00e1mka:<\/strong> zmena term\u00ednu mo\u017en\u00e1 v s\u00favislosti s nepriazniv\u00fdm po\u010das\u00edm. Bli\u017e\u0161ie inform\u00e1cie u\u00a0kontaktnej osoby.<\/p>\n<p><strong>\u00a0<\/strong><\/p>\n<ul>\n<li><strong>Okt\u00f3ber 2025<\/strong><\/li>\n<\/ul>\n<p><strong>Intravil\u00e1n mesta \u2013\u00a0miesto pre pr\u00edrodu?<\/strong><\/p>\n<p>Potulky spustnut\u00fdmi a\u00a0\u201epust\u00fdmi\u201c miestami \u017diliny, ktor\u00e9 v\u00f4bec nie s\u00fa bez \u017eivota a\u00a0kde pod pl\u00e1\u0161tikom u\u017e dos\u0165 vykri\u010dan\u00fdch \u201ehnedopol\u00ed\u201c (brownfields) vznik\u00e1 i\u00a0nov\u00e1 divo\u010dina so zvl\u00e1\u0161tnou pr\u00ed\u0165a\u017elivos\u0165ou o.\u00a0i. pre inv\u00e1zne a\u00a0rozp\u00ednav\u00e9 rastliny a\u00a0bezdomovcov (\u017eia\u013e, pre mnohodomovcov \u2013\u00a0developerov &amp;\u00a0develaupairky:) zatia\u013e ve\u013emi nie). Na toto margo tam venujeme aj nie ve\u013emi tich\u00fa a\u00a0neskeptick\u00fa spomienku americkej evolu\u010dnej biologi\u010dke Lynn Margulisovej a\u00a0jej jadrnej hl\u00e1\u0161ke, \u017ee \u201eGaia is a\u00a0tough bitch\u201c.<\/p>\n<p><strong>D\u00e1tum<\/strong>: piatok 10. 10. 2025\u00a0\u00a0\u00a0\u00a0\u00a0\u00a0\u00a0\u00a0\u00a0\u00a0\u00a0\u00a0\u00a0\u00a0\u00a0\u00a0\u00a0\u00a0\u00a0\u00a0\u00a0\u00a0\u00a0\u00a0\u00a0\u00a0\u00a0\u00a0\u00a0\u00a0\u00a0\u00a0\u00a0\u00a0\u00a0\u00a0\u00a0\u00a0\u00a0\u00a0 <strong>\u010cas:<\/strong> od 15.00<\/p>\n<p><strong>Miesto stretnutia:<\/strong> zraz o 15.00 pri \u017eelezni\u010dnej stanici \u017dilina<\/p>\n<p>Trasa povedie po perif\u00e9ri\u00e1ch mesta \u2013\u00a0dopravn\u00e9ho uzla \u017dilina. Nen\u00e1ro\u010dn\u00fd ter\u00e9n, pohyb po spevnen\u00fdch a\u00a0nespevnen\u00fdch chodn\u00edkoch, trvanie cca 2,5 hodiny. Obuv a\u00a0oble\u010denie pod\u013ea po\u010dasia, nie ve\u013emi farebn\u00e9 (ide\u00e1lne siv\u00e1, zelen\u00e1 alebo hned\u00e1 farba).<\/p>\n<p><strong>Sprievodcovia<\/strong>: zool\u00f3g Ing. J\u00e1n Topercer, CSc., botani\u010dka Ing. Kv\u011bta Kickov\u00e1<\/p>\n<p><strong>Kontakt:<\/strong> K. Kickov\u00e1, <a href=\"mailto:kickova@pmza.sk\"><em>kickova@pmza.sk<\/em><\/a>, tel. \u010d. 0903 881 495<\/p>\n<p><strong>Vstupn\u00e9:<\/strong> 2 \u20ac, deti do 6 rokov zadarmo<\/p>\n<p><strong>Pozn\u00e1mka:<\/strong> zmena term\u00ednu mo\u017en\u00e1 v s\u00favislosti s nepriazniv\u00fdm po\u010das\u00edm. Bli\u017e\u0161ie inform\u00e1cie u\u00a0kontaktnej osoby.<\/p>\n","protected":false},"excerpt":{"rendered":"<p>M\u00fazeum pre pr\u00edrodu a\u00a0pre V\u00e1s \u2013\u00a0exkurzie do pr\u00edrody Poz\u00fdvame V\u00e1s na lektorovan\u00e9 vych\u00e1dzky do pr\u00edrody v sprievode pr\u00edrodovedcov z Pova\u017esk\u00e9ho m\u00fazea. S botani\u010dkou a zool\u00f3gom spozn\u00e1te zauj\u00edmav\u00e9 miesta a cesty pr\u00edrody a krajiny v okol\u00ed. Na vych\u00e1dzkach budeme v\u0161etk\u00fdmi zmyslami vn\u00edma\u0165 v\u0161etky hodnoty pr\u00edrody a krajiny, na ktor\u00e9 natraf\u00edme. Ruka v ruke s vn\u00edman\u00edm im [&hellip;]<\/p>\n","protected":false},"author":2,"featured_media":68430,"comment_status":"closed","ping_status":"closed","sticky":false,"template":"","format":"standard","meta":{"site-sidebar-layout":"default","site-content-layout":"","ast-site-content-layout":"default","site-content-style":"default","site-sidebar-style":"default","ast-global-header-display":"","ast-banner-title-visibility":"","ast-main-header-display":"","ast-hfb-above-header-display":"","ast-hfb-below-header-display":"","ast-hfb-mobile-header-display":"","site-post-title":"","ast-breadcrumbs-content":"","ast-featured-img":"","footer-sml-layout":"","theme-transparent-header-meta":"default","adv-header-id-meta":"","stick-header-meta":"default","header-above-stick-meta":"","header-main-stick-meta":"","header-below-stick-meta":"","astra-migrate-meta-layouts":"set","ast-page-background-enabled":"default","ast-page-background-meta":{"desktop":{"background-color":"var(--ast-global-color-4)","background-image":"","background-repeat":"repeat","background-position":"center center","background-size":"auto","background-attachment":"scroll","background-type":"","background-media":"","overlay-type":"","overlay-color":"","overlay-opacity":"","overlay-gradient":""},"tablet":{"background-color":"","background-image":"","background-repeat":"repeat","background-position":"center center","background-size":"auto","background-attachment":"scroll","background-type":"","background-media":"","overlay-type":"","overlay-color":"","overlay-opacity":"","overlay-gradient":""},"mobile":{"background-color":"","background-image":"","background-repeat":"repeat","background-position":"center center","background-size":"auto","background-attachment":"scroll","background-type":"","background-media":"","overlay-type":"","overlay-color":"","overlay-opacity":"","overlay-gradient":""}},"ast-content-background-meta":{"desktop":{"background-color":"var(--ast-global-color-5)","background-image":"","background-repeat":"repeat","background-position":"center center","background-size":"auto","background-attachment":"scroll","background-type":"","background-media":"","overlay-type":"","overlay-color":"","overlay-opacity":"","overlay-gradient":""},"tablet":{"background-color":"var(--ast-global-color-5)","background-image":"","background-repeat":"repeat","background-position":"center center","background-size":"auto","background-attachment":"scroll","background-type":"","background-media":"","overlay-type":"","overlay-color":"","overlay-opacity":"","overlay-gradient":""},"mobile":{"background-color":"var(--ast-global-color-5)","background-image":"","background-repeat":"repeat","background-position":"center center","background-size":"auto","background-attachment":"scroll","background-type":"","background-media":"","overlay-type":"","overlay-color":"","overlay-opacity":"","overlay-gradient":""}},"footnotes":""},"categories":[31],"tags":[],"class_list":["post-68429","post","type-post","status-publish","format-standard","has-post-thumbnail","hentry","category-aktuality"],"yoast_head":"<!-- This site is optimized with the Yoast SEO plugin v27.4 - https:\/\/yoast.com\/product\/yoast-seo-wordpress\/ -->\n<title>Pr\u00edrodovedn\u00e9 vych\u00e1dzky do okolia \u017diliny v roku 2025 - Pova\u017esk\u00e9 m\u00fazeum<\/title>\n<meta name=\"robots\" content=\"index, follow, max-snippet:-1, max-image-preview:large, max-video-preview:-1\" \/>\n<link rel=\"canonical\" href=\"https:\/\/pmza.sk\/?p=68429\" \/>\n<meta property=\"og:locale\" content=\"sk_SK\" \/>\n<meta property=\"og:type\" content=\"article\" \/>\n<meta property=\"og:title\" content=\"Pr\u00edrodovedn\u00e9 vych\u00e1dzky do okolia \u017diliny v roku 2025 - Pova\u017esk\u00e9 m\u00fazeum\" \/>\n<meta property=\"og:description\" content=\"M\u00fazeum pre pr\u00edrodu a\u00a0pre V\u00e1s \u2013\u00a0exkurzie do pr\u00edrody Poz\u00fdvame V\u00e1s na lektorovan\u00e9 vych\u00e1dzky do pr\u00edrody v sprievode pr\u00edrodovedcov z Pova\u017esk\u00e9ho m\u00fazea. S botani\u010dkou a zool\u00f3gom spozn\u00e1te zauj\u00edmav\u00e9 miesta a cesty pr\u00edrody a krajiny v okol\u00ed. Na vych\u00e1dzkach budeme v\u0161etk\u00fdmi zmyslami vn\u00edma\u0165 v\u0161etky hodnoty pr\u00edrody a krajiny, na ktor\u00e9 natraf\u00edme. Ruka v ruke s vn\u00edman\u00edm im [&hellip;]\" \/>\n<meta property=\"og:url\" content=\"https:\/\/pmza.sk\/?p=68429\" \/>\n<meta property=\"og:site_name\" content=\"Pova\u017esk\u00e9 m\u00fazeum\" \/>\n<meta property=\"article:publisher\" content=\"https:\/\/www.facebook.com\/povazskemuzeum\" \/>\n<meta property=\"article:published_time\" content=\"2025-03-10T09:44:36+00:00\" \/>\n<meta property=\"article:modified_time\" content=\"2026-02-27T06:47:38+00:00\" \/>\n<meta property=\"og:image\" content=\"https:\/\/pmza.sk\/wp-content\/uploads\/2025\/03\/prirodovedne-vychadzky-vseobecne-scaled.jpg\" \/>\n\t<meta property=\"og:image:width\" content=\"2560\" \/>\n\t<meta property=\"og:image:height\" content=\"1920\" \/>\n\t<meta property=\"og:image:type\" content=\"image\/jpeg\" \/>\n<meta name=\"author\" content=\"Pova\u017esk\u00e9 m\u00fazeum\" \/>\n<meta name=\"twitter:card\" content=\"summary_large_image\" \/>\n<meta name=\"twitter:label1\" content=\"Autor\" \/>\n\t<meta name=\"twitter:data1\" content=\"Pova\u017esk\u00e9 m\u00fazeum\" \/>\n\t<meta name=\"twitter:label2\" content=\"Predpokladan\u00fd \u010das \u010d\u00edtania\" \/>\n\t<meta name=\"twitter:data2\" content=\"9 min\u00fat\" \/>\n<script type=\"application\/ld+json\" class=\"yoast-schema-graph\">{\"@context\":\"https:\\\/\\\/schema.org\",\"@graph\":[{\"@type\":\"Article\",\"@id\":\"https:\\\/\\\/pmza.sk\\\/?p=68429#article\",\"isPartOf\":{\"@id\":\"https:\\\/\\\/pmza.sk\\\/?p=68429\"},\"author\":{\"name\":\"Pova\u017esk\u00e9 m\u00fazeum\",\"@id\":\"https:\\\/\\\/pmza.sk\\\/#\\\/schema\\\/person\\\/595e6a2ce731ea94dcd5d7f50a41ae33\"},\"headline\":\"Pr\u00edrodovedn\u00e9 vych\u00e1dzky do okolia \u017diliny v roku 2025\",\"datePublished\":\"2025-03-10T09:44:36+00:00\",\"dateModified\":\"2026-02-27T06:47:38+00:00\",\"mainEntityOfPage\":{\"@id\":\"https:\\\/\\\/pmza.sk\\\/?p=68429\"},\"wordCount\":1818,\"publisher\":{\"@id\":\"https:\\\/\\\/pmza.sk\\\/#organization\"},\"image\":{\"@id\":\"https:\\\/\\\/pmza.sk\\\/?p=68429#primaryimage\"},\"thumbnailUrl\":\"https:\\\/\\\/pmza.sk\\\/wp-content\\\/uploads\\\/2025\\\/03\\\/prirodovedne-vychadzky-vseobecne-scaled.jpg\",\"articleSection\":[\"Aktuality\"],\"inLanguage\":\"sk-SK\"},{\"@type\":\"WebPage\",\"@id\":\"https:\\\/\\\/pmza.sk\\\/?p=68429\",\"url\":\"https:\\\/\\\/pmza.sk\\\/?p=68429\",\"name\":\"Pr\u00edrodovedn\u00e9 vych\u00e1dzky do okolia \u017diliny v roku 2025 - Pova\u017esk\u00e9 m\u00fazeum\",\"isPartOf\":{\"@id\":\"https:\\\/\\\/pmza.sk\\\/#website\"},\"primaryImageOfPage\":{\"@id\":\"https:\\\/\\\/pmza.sk\\\/?p=68429#primaryimage\"},\"image\":{\"@id\":\"https:\\\/\\\/pmza.sk\\\/?p=68429#primaryimage\"},\"thumbnailUrl\":\"https:\\\/\\\/pmza.sk\\\/wp-content\\\/uploads\\\/2025\\\/03\\\/prirodovedne-vychadzky-vseobecne-scaled.jpg\",\"datePublished\":\"2025-03-10T09:44:36+00:00\",\"dateModified\":\"2026-02-27T06:47:38+00:00\",\"breadcrumb\":{\"@id\":\"https:\\\/\\\/pmza.sk\\\/?p=68429#breadcrumb\"},\"inLanguage\":\"sk-SK\",\"potentialAction\":[{\"@type\":\"ReadAction\",\"target\":[\"https:\\\/\\\/pmza.sk\\\/?p=68429\"]}]},{\"@type\":\"ImageObject\",\"inLanguage\":\"sk-SK\",\"@id\":\"https:\\\/\\\/pmza.sk\\\/?p=68429#primaryimage\",\"url\":\"https:\\\/\\\/pmza.sk\\\/wp-content\\\/uploads\\\/2025\\\/03\\\/prirodovedne-vychadzky-vseobecne-scaled.jpg\",\"contentUrl\":\"https:\\\/\\\/pmza.sk\\\/wp-content\\\/uploads\\\/2025\\\/03\\\/prirodovedne-vychadzky-vseobecne-scaled.jpg\",\"width\":2560,\"height\":1920},{\"@type\":\"BreadcrumbList\",\"@id\":\"https:\\\/\\\/pmza.sk\\\/?p=68429#breadcrumb\",\"itemListElement\":[{\"@type\":\"ListItem\",\"position\":1,\"name\":\"Domovsk\u00e1 str\u00e1nka\",\"item\":\"https:\\\/\\\/pmza.sk\\\/\"},{\"@type\":\"ListItem\",\"position\":2,\"name\":\"Pr\u00edrodovedn\u00e9 vych\u00e1dzky do okolia \u017diliny v roku 2025\"}]},{\"@type\":\"WebSite\",\"@id\":\"https:\\\/\\\/pmza.sk\\\/#website\",\"url\":\"https:\\\/\\\/pmza.sk\\\/\",\"name\":\"Pova\u017esk\u00e9 m\u00fazeum\",\"description\":\"Pova\u017esk\u00e9 m\u00fazeum v \u017diline je region\u00e1lne m\u00fazeum so s\u00eddlom v Budat\u00edne. Jeho expoz\u00edcie s\u00fa zameran\u00e9 na dejiny slovensk\u00e9ho umenia, kult\u00fary a dopravy.\",\"publisher\":{\"@id\":\"https:\\\/\\\/pmza.sk\\\/#organization\"},\"potentialAction\":[{\"@type\":\"SearchAction\",\"target\":{\"@type\":\"EntryPoint\",\"urlTemplate\":\"https:\\\/\\\/pmza.sk\\\/?s={search_term_string}\"},\"query-input\":{\"@type\":\"PropertyValueSpecification\",\"valueRequired\":true,\"valueName\":\"search_term_string\"}}],\"inLanguage\":\"sk-SK\"},{\"@type\":\"Organization\",\"@id\":\"https:\\\/\\\/pmza.sk\\\/#organization\",\"name\":\"Pova\u017esk\u00e9 m\u00fazeum\",\"url\":\"https:\\\/\\\/pmza.sk\\\/\",\"logo\":{\"@type\":\"ImageObject\",\"inLanguage\":\"sk-SK\",\"@id\":\"https:\\\/\\\/pmza.sk\\\/#\\\/schema\\\/logo\\\/image\\\/\",\"url\":\"https:\\\/\\\/pmza.sk\\\/wp-content\\\/uploads\\\/2022\\\/01\\\/logo_PM_horizontal.jpg\",\"contentUrl\":\"https:\\\/\\\/pmza.sk\\\/wp-content\\\/uploads\\\/2022\\\/01\\\/logo_PM_horizontal.jpg\",\"width\":231,\"height\":142,\"caption\":\"Pova\u017esk\u00e9 m\u00fazeum\"},\"image\":{\"@id\":\"https:\\\/\\\/pmza.sk\\\/#\\\/schema\\\/logo\\\/image\\\/\"},\"sameAs\":[\"https:\\\/\\\/www.facebook.com\\\/povazskemuzeum\",\"https:\\\/\\\/www.instagram.com\\\/povazskemuzeum\\\/\"]},{\"@type\":\"Person\",\"@id\":\"https:\\\/\\\/pmza.sk\\\/#\\\/schema\\\/person\\\/595e6a2ce731ea94dcd5d7f50a41ae33\",\"name\":\"Pova\u017esk\u00e9 m\u00fazeum\",\"image\":{\"@type\":\"ImageObject\",\"inLanguage\":\"sk-SK\",\"@id\":\"https:\\\/\\\/secure.gravatar.com\\\/avatar\\\/2bb7f1561282132fb5826dfeccc66c7996d11ee392ac6aaf7ced8a1c2027fbb2?s=96&d=mm&r=g\",\"url\":\"https:\\\/\\\/secure.gravatar.com\\\/avatar\\\/2bb7f1561282132fb5826dfeccc66c7996d11ee392ac6aaf7ced8a1c2027fbb2?s=96&d=mm&r=g\",\"contentUrl\":\"https:\\\/\\\/secure.gravatar.com\\\/avatar\\\/2bb7f1561282132fb5826dfeccc66c7996d11ee392ac6aaf7ced8a1c2027fbb2?s=96&d=mm&r=g\",\"caption\":\"Pova\u017esk\u00e9 m\u00fazeum\"}}]}<\/script>\n<!-- \/ Yoast SEO plugin. -->","yoast_head_json":{"title":"Pr\u00edrodovedn\u00e9 vych\u00e1dzky do okolia \u017diliny v roku 2025 - Pova\u017esk\u00e9 m\u00fazeum","robots":{"index":"index","follow":"follow","max-snippet":"max-snippet:-1","max-image-preview":"max-image-preview:large","max-video-preview":"max-video-preview:-1"},"canonical":"https:\/\/pmza.sk\/?p=68429","og_locale":"sk_SK","og_type":"article","og_title":"Pr\u00edrodovedn\u00e9 vych\u00e1dzky do okolia \u017diliny v roku 2025 - Pova\u017esk\u00e9 m\u00fazeum","og_description":"M\u00fazeum pre pr\u00edrodu a\u00a0pre V\u00e1s \u2013\u00a0exkurzie do pr\u00edrody Poz\u00fdvame V\u00e1s na lektorovan\u00e9 vych\u00e1dzky do pr\u00edrody v sprievode pr\u00edrodovedcov z Pova\u017esk\u00e9ho m\u00fazea. S botani\u010dkou a zool\u00f3gom spozn\u00e1te zauj\u00edmav\u00e9 miesta a cesty pr\u00edrody a krajiny v okol\u00ed. Na vych\u00e1dzkach budeme v\u0161etk\u00fdmi zmyslami vn\u00edma\u0165 v\u0161etky hodnoty pr\u00edrody a krajiny, na ktor\u00e9 natraf\u00edme. Ruka v ruke s vn\u00edman\u00edm im [&hellip;]","og_url":"https:\/\/pmza.sk\/?p=68429","og_site_name":"Pova\u017esk\u00e9 m\u00fazeum","article_publisher":"https:\/\/www.facebook.com\/povazskemuzeum","article_published_time":"2025-03-10T09:44:36+00:00","article_modified_time":"2026-02-27T06:47:38+00:00","og_image":[{"width":2560,"height":1920,"url":"https:\/\/pmza.sk\/wp-content\/uploads\/2025\/03\/prirodovedne-vychadzky-vseobecne-scaled.jpg","type":"image\/jpeg"}],"author":"Pova\u017esk\u00e9 m\u00fazeum","twitter_card":"summary_large_image","twitter_misc":{"Autor":"Pova\u017esk\u00e9 m\u00fazeum","Predpokladan\u00fd \u010das \u010d\u00edtania":"9 min\u00fat"},"schema":{"@context":"https:\/\/schema.org","@graph":[{"@type":"Article","@id":"https:\/\/pmza.sk\/?p=68429#article","isPartOf":{"@id":"https:\/\/pmza.sk\/?p=68429"},"author":{"name":"Pova\u017esk\u00e9 m\u00fazeum","@id":"https:\/\/pmza.sk\/#\/schema\/person\/595e6a2ce731ea94dcd5d7f50a41ae33"},"headline":"Pr\u00edrodovedn\u00e9 vych\u00e1dzky do okolia \u017diliny v roku 2025","datePublished":"2025-03-10T09:44:36+00:00","dateModified":"2026-02-27T06:47:38+00:00","mainEntityOfPage":{"@id":"https:\/\/pmza.sk\/?p=68429"},"wordCount":1818,"publisher":{"@id":"https:\/\/pmza.sk\/#organization"},"image":{"@id":"https:\/\/pmza.sk\/?p=68429#primaryimage"},"thumbnailUrl":"https:\/\/pmza.sk\/wp-content\/uploads\/2025\/03\/prirodovedne-vychadzky-vseobecne-scaled.jpg","articleSection":["Aktuality"],"inLanguage":"sk-SK"},{"@type":"WebPage","@id":"https:\/\/pmza.sk\/?p=68429","url":"https:\/\/pmza.sk\/?p=68429","name":"Pr\u00edrodovedn\u00e9 vych\u00e1dzky do okolia \u017diliny v roku 2025 - Pova\u017esk\u00e9 m\u00fazeum","isPartOf":{"@id":"https:\/\/pmza.sk\/#website"},"primaryImageOfPage":{"@id":"https:\/\/pmza.sk\/?p=68429#primaryimage"},"image":{"@id":"https:\/\/pmza.sk\/?p=68429#primaryimage"},"thumbnailUrl":"https:\/\/pmza.sk\/wp-content\/uploads\/2025\/03\/prirodovedne-vychadzky-vseobecne-scaled.jpg","datePublished":"2025-03-10T09:44:36+00:00","dateModified":"2026-02-27T06:47:38+00:00","breadcrumb":{"@id":"https:\/\/pmza.sk\/?p=68429#breadcrumb"},"inLanguage":"sk-SK","potentialAction":[{"@type":"ReadAction","target":["https:\/\/pmza.sk\/?p=68429"]}]},{"@type":"ImageObject","inLanguage":"sk-SK","@id":"https:\/\/pmza.sk\/?p=68429#primaryimage","url":"https:\/\/pmza.sk\/wp-content\/uploads\/2025\/03\/prirodovedne-vychadzky-vseobecne-scaled.jpg","contentUrl":"https:\/\/pmza.sk\/wp-content\/uploads\/2025\/03\/prirodovedne-vychadzky-vseobecne-scaled.jpg","width":2560,"height":1920},{"@type":"BreadcrumbList","@id":"https:\/\/pmza.sk\/?p=68429#breadcrumb","itemListElement":[{"@type":"ListItem","position":1,"name":"Domovsk\u00e1 str\u00e1nka","item":"https:\/\/pmza.sk\/"},{"@type":"ListItem","position":2,"name":"Pr\u00edrodovedn\u00e9 vych\u00e1dzky do okolia \u017diliny v roku 2025"}]},{"@type":"WebSite","@id":"https:\/\/pmza.sk\/#website","url":"https:\/\/pmza.sk\/","name":"Pova\u017esk\u00e9 m\u00fazeum","description":"Pova\u017esk\u00e9 m\u00fazeum v \u017diline je region\u00e1lne m\u00fazeum so s\u00eddlom v Budat\u00edne. Jeho expoz\u00edcie s\u00fa zameran\u00e9 na dejiny slovensk\u00e9ho umenia, kult\u00fary a dopravy.","publisher":{"@id":"https:\/\/pmza.sk\/#organization"},"potentialAction":[{"@type":"SearchAction","target":{"@type":"EntryPoint","urlTemplate":"https:\/\/pmza.sk\/?s={search_term_string}"},"query-input":{"@type":"PropertyValueSpecification","valueRequired":true,"valueName":"search_term_string"}}],"inLanguage":"sk-SK"},{"@type":"Organization","@id":"https:\/\/pmza.sk\/#organization","name":"Pova\u017esk\u00e9 m\u00fazeum","url":"https:\/\/pmza.sk\/","logo":{"@type":"ImageObject","inLanguage":"sk-SK","@id":"https:\/\/pmza.sk\/#\/schema\/logo\/image\/","url":"https:\/\/pmza.sk\/wp-content\/uploads\/2022\/01\/logo_PM_horizontal.jpg","contentUrl":"https:\/\/pmza.sk\/wp-content\/uploads\/2022\/01\/logo_PM_horizontal.jpg","width":231,"height":142,"caption":"Pova\u017esk\u00e9 m\u00fazeum"},"image":{"@id":"https:\/\/pmza.sk\/#\/schema\/logo\/image\/"},"sameAs":["https:\/\/www.facebook.com\/povazskemuzeum","https:\/\/www.instagram.com\/povazskemuzeum\/"]},{"@type":"Person","@id":"https:\/\/pmza.sk\/#\/schema\/person\/595e6a2ce731ea94dcd5d7f50a41ae33","name":"Pova\u017esk\u00e9 m\u00fazeum","image":{"@type":"ImageObject","inLanguage":"sk-SK","@id":"https:\/\/secure.gravatar.com\/avatar\/2bb7f1561282132fb5826dfeccc66c7996d11ee392ac6aaf7ced8a1c2027fbb2?s=96&d=mm&r=g","url":"https:\/\/secure.gravatar.com\/avatar\/2bb7f1561282132fb5826dfeccc66c7996d11ee392ac6aaf7ced8a1c2027fbb2?s=96&d=mm&r=g","contentUrl":"https:\/\/secure.gravatar.com\/avatar\/2bb7f1561282132fb5826dfeccc66c7996d11ee392ac6aaf7ced8a1c2027fbb2?s=96&d=mm&r=g","caption":"Pova\u017esk\u00e9 m\u00fazeum"}}]}},"_links":{"self":[{"href":"https:\/\/pmza.sk\/index.php?rest_route=\/wp\/v2\/posts\/68429","targetHints":{"allow":["GET"]}}],"collection":[{"href":"https:\/\/pmza.sk\/index.php?rest_route=\/wp\/v2\/posts"}],"about":[{"href":"https:\/\/pmza.sk\/index.php?rest_route=\/wp\/v2\/types\/post"}],"author":[{"embeddable":true,"href":"https:\/\/pmza.sk\/index.php?rest_route=\/wp\/v2\/users\/2"}],"replies":[{"embeddable":true,"href":"https:\/\/pmza.sk\/index.php?rest_route=%2Fwp%2Fv2%2Fcomments&post=68429"}],"version-history":[{"count":0,"href":"https:\/\/pmza.sk\/index.php?rest_route=\/wp\/v2\/posts\/68429\/revisions"}],"wp:featuredmedia":[{"embeddable":true,"href":"https:\/\/pmza.sk\/index.php?rest_route=\/wp\/v2\/media\/68430"}],"wp:attachment":[{"href":"https:\/\/pmza.sk\/index.php?rest_route=%2Fwp%2Fv2%2Fmedia&parent=68429"}],"wp:term":[{"taxonomy":"category","embeddable":true,"href":"https:\/\/pmza.sk\/index.php?rest_route=%2Fwp%2Fv2%2Fcategories&post=68429"},{"taxonomy":"post_tag","embeddable":true,"href":"https:\/\/pmza.sk\/index.php?rest_route=%2Fwp%2Fv2%2Ftags&post=68429"}],"curies":[{"name":"wp","href":"https:\/\/api.w.org\/{rel}","templated":true}]}}