{"id":68495,"date":"2025-03-11T08:05:03","date_gmt":"2025-03-11T07:05:03","guid":{"rendered":"https:\/\/pmza.sk\/?p=68495"},"modified":"2026-04-07T08:22:17","modified_gmt":"2026-04-07T06:22:17","slug":"dosky-ktore-znamenali-svet","status":"publish","type":"post","link":"https:\/\/pmza.sk\/?p=68495","title":{"rendered":"Dosky, ktor\u00e9 znamenali svet"},"content":{"rendered":"<p>Fant\u00e1zia, em\u00f3cie, in\u0161pir\u00e1cia \u2013 to je len zlomok toho, \u010do sa sp\u00e1ja s\u00a0novou v\u00fdstavou Dosky, ktor\u00e9 znamenali svet, ktor\u00e1 bude od 21. marca 2025 pr\u00edstupn\u00e1 v\u00a0Drot\u00e1rskom pavil\u00f3ne v\u00a0are\u00e1li Budat\u00ednskeho hradu. \u00a0V\u00fdstava prezentuje prepojenie medzi \u0161pecifick\u00fdm remeslom \u2013 drot\u00e1rstvom a\u00a0divadlom, ako jedn\u00fdm z\u00a0viacer\u00fdch druhov pre vyjadrenie umenia. Jej z\u00e1merom je nadviazanie na predch\u00e1dzaj\u00facu v\u00fdstavu Postava drot\u00e1ra v\u00a0literat\u00fare.<\/p>\n<p>T\u00e1to origin\u00e1lna v\u00fdstava vznikla v spolupr\u00e1ci s Divadeln\u00fdm \u00fastavom, Divadlom Andreja Bagara v Nitre, M\u00fazeom b\u00e1bkarsk\u00fdch kult\u00far a hra\u010diek hrad Modr\u00fd Kame\u0148 a Slovenskou n\u00e1rodnou kni\u017enicou. Jej autorkami s\u00fa zamestnankyne Pova\u017esk\u00e9ho m\u00fazea &#8211; teatrologi\u010dka a m\u00fazejn\u00e1 pedagogi\u010dka Mgr. Tatiana Kub\u00e1\u0148ov\u00e1, dokument\u00e1torka drot\u00e1rstva a knihovn\u00ed\u010dka Mgr. Jana Adamusov\u00e1.<\/p>\n<p>V\u00fdstava pozost\u00e1va z nieko\u013ek\u00fdch inscen\u00e1ci\u00ed, ktor\u00e9 sa odohrali na p\u00f4de slovensk\u00e9ho profesion\u00e1lneho divadla. <em>\u201eVo v\u00e4\u010d\u0161ine z\u00a0nich je postava Drot\u00e1ra zobrazen\u00e1 ako kladn\u00e1 bytos\u0165 nes\u00faca vzne\u0161en\u00e9 atrib\u00faty in\u0161piruj\u00face n\u00e1s v\u0161etk\u00fdch, hoci nie v\u017edy je hlavnou postavou. Prostredn\u00edctvom predstaven\u00ed zameran\u00fdch na Drot\u00e1rov pr\u00edbeh, tvorcovia reflektovali dianie politick\u00fdch udalost\u00ed a\u00a0vn\u00edmanie drot\u00e1rstva v\u00a0na\u0161ich re\u00e1li\u00e1ch, no v\u00a0neposlednom rade nastavovali zrkadlo spolo\u010dnosti. Inscen\u00e1tori sa v\u00a0jednotliv\u00fdch obdobiach sna\u017eili slovensk\u00fa klasiku prisp\u00f4sobi\u0165 s\u00fa\u010dasn\u00edkom, \u010di u\u017e prostredn\u00edctvom \u017e\u00e1nru alebo interpret\u00e1ciou textu,\u201c<\/em> pribli\u017euje T. Kub\u00e1\u0148ov\u00e1.<\/p>\n<p>Priestorovo je v\u00fdstava koncipovan\u00e1 tak, aby vytvorila il\u00faziu divadelnej budovy. <em>\u201eZa\u010d\u00edna vstupom do vestibulu, v\u00a0na\u0161om pr\u00edpade do foyer, v\u00fdstavn\u00e1 \u010das\u0165 predstavuje divadeln\u00fa s\u00e1lu a\u00a0podkrovie evokuje divadeln\u00fa neopakovate\u013enos\u0165, \u00a0fant\u00e1ziu a\u00a0em\u00f3cie v\u00a0podobe rozpr\u00e1vkov\u00fdch pr\u00edbehov. V\u00a0r\u00e1mci v\u00fdstavy predstav\u00edme nielen \u010dinohern\u00e9, ale aj b\u00e1bkov\u00e9 divadlo. N\u00e1v\u0161tevn\u00edci sa m\u00f4\u017eu te\u0161i\u0165 na kost\u00fdmy z\u00a0p\u00f4vodn\u00fdch inscen\u00e1ci\u00ed, dobov\u00e9 materi\u00e1ly ako fotografie, recenzie, bulletiny, pozv\u00e1nky, kost\u00fdmov\u00e9 a\u00a0sc\u00e9nick\u00e9 n\u00e1vrhy. L\u00e1kadlom bud\u00fa ur\u010dite r\u00f4zne druhy b\u00e1bok, napr\u00edklad \u010cierna pani v\u00a0\u017eivotnej ve\u013ekosti,\u201c<\/em> vysvet\u013euje T. Kub\u00e1\u0148ov\u00e1.<\/p>\n<p>V\u00fdstava bude pre verejnos\u0165 pr\u00edstupn\u00e1 do 31. marca 2026 v\u00a0\u010dase otv\u00e1rac\u00edch hod\u00edn Drot\u00e1rskeho pavil\u00f3nu.<\/p>\n<p>Projekt z verejn\u00fdch zdrojov podporil Fond na podporu umenia.<\/p>\n<div class=\"wp-block-image\"><img decoding=\"async\" class=\"wpa-warning wpa-image-missing-alt alignnone wp-image-69702\" src=\"https:\/\/pmza.sk\/wp-content\/uploads\/2025\/03\/FPU_logo1_modre-480x360.jpg\" alt=\"\" width=\"250\" height=\"188\" data-warning=\"Missing alt text\" srcset=\"https:\/\/pmza.sk\/wp-content\/uploads\/2025\/03\/FPU_logo1_modre-480x360.jpg 480w, https:\/\/pmza.sk\/wp-content\/uploads\/2025\/03\/FPU_logo1_modre-982x736.jpg 982w, https:\/\/pmza.sk\/wp-content\/uploads\/2025\/03\/FPU_logo1_modre-768x576.jpg 768w, https:\/\/pmza.sk\/wp-content\/uploads\/2025\/03\/FPU_logo1_modre-1536x1152.jpg 1536w, https:\/\/pmza.sk\/wp-content\/uploads\/2025\/03\/FPU_logo1_modre-2048x1536.jpg 2048w, https:\/\/pmza.sk\/wp-content\/uploads\/2025\/03\/FPU_logo1_modre-600x450.jpg 600w\" sizes=\"(max-width: 250px) 100vw, 250px\" \/><\/div>\n<div><\/div>\n<div class=\"wp-block-image\"><img fetchpriority=\"high\" decoding=\"async\" class=\"wpa-warning wpa-image-missing-alt alignnone size-medium wp-image-68496\" src=\"https:\/\/pmza.sk\/wp-content\/uploads\/2025\/03\/Drotar_v_divadle_K3-255x360.jpg\" alt=\"\" width=\"255\" height=\"360\" data-warning=\"Missing alt text\" srcset=\"https:\/\/pmza.sk\/wp-content\/uploads\/2025\/03\/Drotar_v_divadle_K3-255x360.jpg 255w, https:\/\/pmza.sk\/wp-content\/uploads\/2025\/03\/Drotar_v_divadle_K3-520x736.jpg 520w, https:\/\/pmza.sk\/wp-content\/uploads\/2025\/03\/Drotar_v_divadle_K3-768x1086.jpg 768w, https:\/\/pmza.sk\/wp-content\/uploads\/2025\/03\/Drotar_v_divadle_K3-1086x1536.jpg 1086w, https:\/\/pmza.sk\/wp-content\/uploads\/2025\/03\/Drotar_v_divadle_K3-1448x2048.jpg 1448w, https:\/\/pmza.sk\/wp-content\/uploads\/2025\/03\/Drotar_v_divadle_K3-600x849.jpg 600w, https:\/\/pmza.sk\/wp-content\/uploads\/2025\/03\/Drotar_v_divadle_K3-scaled.jpg 1810w\" sizes=\"(max-width: 255px) 100vw, 255px\" \/><\/div>\n<div>Plag\u00e1t v plnej ve\u013ekosti <a href=\"https:\/\/pmza.sk\/wp-content\/uploads\/2025\/03\/Drotar_v_divadle_K3.pdf\">TU<\/a><\/div>\n","protected":false},"excerpt":{"rendered":"<p>Fant\u00e1zia, em\u00f3cie, in\u0161pir\u00e1cia \u2013 to je len zlomok toho, \u010do sa sp\u00e1ja s\u00a0novou v\u00fdstavou Dosky, ktor\u00e9 znamenali svet, ktor\u00e1 bude od 21. marca 2025 pr\u00edstupn\u00e1 v\u00a0Drot\u00e1rskom pavil\u00f3ne v\u00a0are\u00e1li Budat\u00ednskeho hradu. \u00a0V\u00fdstava prezentuje prepojenie medzi \u0161pecifick\u00fdm remeslom \u2013 drot\u00e1rstvom a\u00a0divadlom, ako jedn\u00fdm z\u00a0viacer\u00fdch druhov pre vyjadrenie umenia. Jej z\u00e1merom je nadviazanie na predch\u00e1dzaj\u00facu v\u00fdstavu Postava drot\u00e1ra [&hellip;]<\/p>\n","protected":false},"author":2,"featured_media":68498,"comment_status":"closed","ping_status":"closed","sticky":false,"template":"","format":"standard","meta":{"site-sidebar-layout":"default","site-content-layout":"","ast-site-content-layout":"default","site-content-style":"default","site-sidebar-style":"default","ast-global-header-display":"","ast-banner-title-visibility":"","ast-main-header-display":"","ast-hfb-above-header-display":"","ast-hfb-below-header-display":"","ast-hfb-mobile-header-display":"","site-post-title":"","ast-breadcrumbs-content":"","ast-featured-img":"","footer-sml-layout":"","theme-transparent-header-meta":"default","adv-header-id-meta":"","stick-header-meta":"default","header-above-stick-meta":"","header-main-stick-meta":"","header-below-stick-meta":"","astra-migrate-meta-layouts":"set","ast-page-background-enabled":"default","ast-page-background-meta":{"desktop":{"background-color":"var(--ast-global-color-4)","background-image":"","background-repeat":"repeat","background-position":"center center","background-size":"auto","background-attachment":"scroll","background-type":"","background-media":"","overlay-type":"","overlay-color":"","overlay-opacity":"","overlay-gradient":""},"tablet":{"background-color":"","background-image":"","background-repeat":"repeat","background-position":"center center","background-size":"auto","background-attachment":"scroll","background-type":"","background-media":"","overlay-type":"","overlay-color":"","overlay-opacity":"","overlay-gradient":""},"mobile":{"background-color":"","background-image":"","background-repeat":"repeat","background-position":"center center","background-size":"auto","background-attachment":"scroll","background-type":"","background-media":"","overlay-type":"","overlay-color":"","overlay-opacity":"","overlay-gradient":""}},"ast-content-background-meta":{"desktop":{"background-color":"var(--ast-global-color-5)","background-image":"","background-repeat":"repeat","background-position":"center center","background-size":"auto","background-attachment":"scroll","background-type":"","background-media":"","overlay-type":"","overlay-color":"","overlay-opacity":"","overlay-gradient":""},"tablet":{"background-color":"var(--ast-global-color-5)","background-image":"","background-repeat":"repeat","background-position":"center center","background-size":"auto","background-attachment":"scroll","background-type":"","background-media":"","overlay-type":"","overlay-color":"","overlay-opacity":"","overlay-gradient":""},"mobile":{"background-color":"var(--ast-global-color-5)","background-image":"","background-repeat":"repeat","background-position":"center center","background-size":"auto","background-attachment":"scroll","background-type":"","background-media":"","overlay-type":"","overlay-color":"","overlay-opacity":"","overlay-gradient":""}},"footnotes":""},"categories":[72],"tags":[],"class_list":["post-68495","post","type-post","status-publish","format-standard","has-post-thumbnail","hentry","category-vystavy"],"yoast_head":"<!-- This site is optimized with the Yoast SEO plugin v27.4 - https:\/\/yoast.com\/product\/yoast-seo-wordpress\/ -->\n<title>Dosky, ktor\u00e9 znamenali svet - Pova\u017esk\u00e9 m\u00fazeum<\/title>\n<meta name=\"robots\" content=\"index, follow, max-snippet:-1, max-image-preview:large, max-video-preview:-1\" \/>\n<link rel=\"canonical\" href=\"https:\/\/pmza.sk\/?p=68495\" \/>\n<meta property=\"og:locale\" content=\"sk_SK\" \/>\n<meta property=\"og:type\" content=\"article\" \/>\n<meta property=\"og:title\" content=\"Dosky, ktor\u00e9 znamenali svet - Pova\u017esk\u00e9 m\u00fazeum\" \/>\n<meta property=\"og:description\" content=\"Fant\u00e1zia, em\u00f3cie, in\u0161pir\u00e1cia \u2013 to je len zlomok toho, \u010do sa sp\u00e1ja s\u00a0novou v\u00fdstavou Dosky, ktor\u00e9 znamenali svet, ktor\u00e1 bude od 21. marca 2025 pr\u00edstupn\u00e1 v\u00a0Drot\u00e1rskom pavil\u00f3ne v\u00a0are\u00e1li Budat\u00ednskeho hradu. \u00a0V\u00fdstava prezentuje prepojenie medzi \u0161pecifick\u00fdm remeslom \u2013 drot\u00e1rstvom a\u00a0divadlom, ako jedn\u00fdm z\u00a0viacer\u00fdch druhov pre vyjadrenie umenia. Jej z\u00e1merom je nadviazanie na predch\u00e1dzaj\u00facu v\u00fdstavu Postava drot\u00e1ra [&hellip;]\" \/>\n<meta property=\"og:url\" content=\"https:\/\/pmza.sk\/?p=68495\" \/>\n<meta property=\"og:site_name\" content=\"Pova\u017esk\u00e9 m\u00fazeum\" \/>\n<meta property=\"article:publisher\" content=\"https:\/\/www.facebook.com\/povazskemuzeum\" \/>\n<meta property=\"article:published_time\" content=\"2025-03-11T07:05:03+00:00\" \/>\n<meta property=\"article:modified_time\" content=\"2026-04-07T06:22:17+00:00\" \/>\n<meta property=\"og:image\" content=\"https:\/\/pmza.sk\/wp-content\/uploads\/2025\/03\/Drotar_v_divadle_web_3-scaled.jpg\" \/>\n\t<meta property=\"og:image:width\" content=\"2560\" \/>\n\t<meta property=\"og:image:height\" content=\"2560\" \/>\n\t<meta property=\"og:image:type\" content=\"image\/jpeg\" \/>\n<meta name=\"author\" content=\"Pova\u017esk\u00e9 m\u00fazeum\" \/>\n<meta name=\"twitter:card\" content=\"summary_large_image\" \/>\n<meta name=\"twitter:label1\" content=\"Autor\" \/>\n\t<meta name=\"twitter:data1\" content=\"Pova\u017esk\u00e9 m\u00fazeum\" \/>\n\t<meta name=\"twitter:label2\" content=\"Predpokladan\u00fd \u010das \u010d\u00edtania\" \/>\n\t<meta name=\"twitter:data2\" content=\"2 min\u00faty\" \/>\n<script type=\"application\/ld+json\" class=\"yoast-schema-graph\">{\"@context\":\"https:\\\/\\\/schema.org\",\"@graph\":[{\"@type\":\"Article\",\"@id\":\"https:\\\/\\\/pmza.sk\\\/?p=68495#article\",\"isPartOf\":{\"@id\":\"https:\\\/\\\/pmza.sk\\\/?p=68495\"},\"author\":{\"name\":\"Pova\u017esk\u00e9 m\u00fazeum\",\"@id\":\"https:\\\/\\\/pmza.sk\\\/#\\\/schema\\\/person\\\/595e6a2ce731ea94dcd5d7f50a41ae33\"},\"headline\":\"Dosky, ktor\u00e9 znamenali svet\",\"datePublished\":\"2025-03-11T07:05:03+00:00\",\"dateModified\":\"2026-04-07T06:22:17+00:00\",\"mainEntityOfPage\":{\"@id\":\"https:\\\/\\\/pmza.sk\\\/?p=68495\"},\"wordCount\":430,\"publisher\":{\"@id\":\"https:\\\/\\\/pmza.sk\\\/#organization\"},\"image\":{\"@id\":\"https:\\\/\\\/pmza.sk\\\/?p=68495#primaryimage\"},\"thumbnailUrl\":\"https:\\\/\\\/pmza.sk\\\/wp-content\\\/uploads\\\/2025\\\/03\\\/Drotar_v_divadle_web_3-scaled.jpg\",\"articleSection\":[\"V\u00fdstavy\"],\"inLanguage\":\"sk-SK\"},{\"@type\":\"WebPage\",\"@id\":\"https:\\\/\\\/pmza.sk\\\/?p=68495\",\"url\":\"https:\\\/\\\/pmza.sk\\\/?p=68495\",\"name\":\"Dosky, ktor\u00e9 znamenali svet - Pova\u017esk\u00e9 m\u00fazeum\",\"isPartOf\":{\"@id\":\"https:\\\/\\\/pmza.sk\\\/#website\"},\"primaryImageOfPage\":{\"@id\":\"https:\\\/\\\/pmza.sk\\\/?p=68495#primaryimage\"},\"image\":{\"@id\":\"https:\\\/\\\/pmza.sk\\\/?p=68495#primaryimage\"},\"thumbnailUrl\":\"https:\\\/\\\/pmza.sk\\\/wp-content\\\/uploads\\\/2025\\\/03\\\/Drotar_v_divadle_web_3-scaled.jpg\",\"datePublished\":\"2025-03-11T07:05:03+00:00\",\"dateModified\":\"2026-04-07T06:22:17+00:00\",\"breadcrumb\":{\"@id\":\"https:\\\/\\\/pmza.sk\\\/?p=68495#breadcrumb\"},\"inLanguage\":\"sk-SK\",\"potentialAction\":[{\"@type\":\"ReadAction\",\"target\":[\"https:\\\/\\\/pmza.sk\\\/?p=68495\"]}]},{\"@type\":\"ImageObject\",\"inLanguage\":\"sk-SK\",\"@id\":\"https:\\\/\\\/pmza.sk\\\/?p=68495#primaryimage\",\"url\":\"https:\\\/\\\/pmza.sk\\\/wp-content\\\/uploads\\\/2025\\\/03\\\/Drotar_v_divadle_web_3-scaled.jpg\",\"contentUrl\":\"https:\\\/\\\/pmza.sk\\\/wp-content\\\/uploads\\\/2025\\\/03\\\/Drotar_v_divadle_web_3-scaled.jpg\",\"width\":2560,\"height\":2560},{\"@type\":\"BreadcrumbList\",\"@id\":\"https:\\\/\\\/pmza.sk\\\/?p=68495#breadcrumb\",\"itemListElement\":[{\"@type\":\"ListItem\",\"position\":1,\"name\":\"Domovsk\u00e1 str\u00e1nka\",\"item\":\"https:\\\/\\\/pmza.sk\\\/\"},{\"@type\":\"ListItem\",\"position\":2,\"name\":\"Dosky, ktor\u00e9 znamenali svet\"}]},{\"@type\":\"WebSite\",\"@id\":\"https:\\\/\\\/pmza.sk\\\/#website\",\"url\":\"https:\\\/\\\/pmza.sk\\\/\",\"name\":\"Pova\u017esk\u00e9 m\u00fazeum\",\"description\":\"Pova\u017esk\u00e9 m\u00fazeum v \u017diline je region\u00e1lne m\u00fazeum so s\u00eddlom v Budat\u00edne. Jeho expoz\u00edcie s\u00fa zameran\u00e9 na dejiny slovensk\u00e9ho umenia, kult\u00fary a dopravy.\",\"publisher\":{\"@id\":\"https:\\\/\\\/pmza.sk\\\/#organization\"},\"potentialAction\":[{\"@type\":\"SearchAction\",\"target\":{\"@type\":\"EntryPoint\",\"urlTemplate\":\"https:\\\/\\\/pmza.sk\\\/?s={search_term_string}\"},\"query-input\":{\"@type\":\"PropertyValueSpecification\",\"valueRequired\":true,\"valueName\":\"search_term_string\"}}],\"inLanguage\":\"sk-SK\"},{\"@type\":\"Organization\",\"@id\":\"https:\\\/\\\/pmza.sk\\\/#organization\",\"name\":\"Pova\u017esk\u00e9 m\u00fazeum\",\"url\":\"https:\\\/\\\/pmza.sk\\\/\",\"logo\":{\"@type\":\"ImageObject\",\"inLanguage\":\"sk-SK\",\"@id\":\"https:\\\/\\\/pmza.sk\\\/#\\\/schema\\\/logo\\\/image\\\/\",\"url\":\"https:\\\/\\\/pmza.sk\\\/wp-content\\\/uploads\\\/2022\\\/01\\\/logo_PM_horizontal.jpg\",\"contentUrl\":\"https:\\\/\\\/pmza.sk\\\/wp-content\\\/uploads\\\/2022\\\/01\\\/logo_PM_horizontal.jpg\",\"width\":231,\"height\":142,\"caption\":\"Pova\u017esk\u00e9 m\u00fazeum\"},\"image\":{\"@id\":\"https:\\\/\\\/pmza.sk\\\/#\\\/schema\\\/logo\\\/image\\\/\"},\"sameAs\":[\"https:\\\/\\\/www.facebook.com\\\/povazskemuzeum\",\"https:\\\/\\\/www.instagram.com\\\/povazskemuzeum\\\/\"]},{\"@type\":\"Person\",\"@id\":\"https:\\\/\\\/pmza.sk\\\/#\\\/schema\\\/person\\\/595e6a2ce731ea94dcd5d7f50a41ae33\",\"name\":\"Pova\u017esk\u00e9 m\u00fazeum\",\"image\":{\"@type\":\"ImageObject\",\"inLanguage\":\"sk-SK\",\"@id\":\"https:\\\/\\\/secure.gravatar.com\\\/avatar\\\/2bb7f1561282132fb5826dfeccc66c7996d11ee392ac6aaf7ced8a1c2027fbb2?s=96&d=mm&r=g\",\"url\":\"https:\\\/\\\/secure.gravatar.com\\\/avatar\\\/2bb7f1561282132fb5826dfeccc66c7996d11ee392ac6aaf7ced8a1c2027fbb2?s=96&d=mm&r=g\",\"contentUrl\":\"https:\\\/\\\/secure.gravatar.com\\\/avatar\\\/2bb7f1561282132fb5826dfeccc66c7996d11ee392ac6aaf7ced8a1c2027fbb2?s=96&d=mm&r=g\",\"caption\":\"Pova\u017esk\u00e9 m\u00fazeum\"}}]}<\/script>\n<!-- \/ Yoast SEO plugin. -->","yoast_head_json":{"title":"Dosky, ktor\u00e9 znamenali svet - Pova\u017esk\u00e9 m\u00fazeum","robots":{"index":"index","follow":"follow","max-snippet":"max-snippet:-1","max-image-preview":"max-image-preview:large","max-video-preview":"max-video-preview:-1"},"canonical":"https:\/\/pmza.sk\/?p=68495","og_locale":"sk_SK","og_type":"article","og_title":"Dosky, ktor\u00e9 znamenali svet - Pova\u017esk\u00e9 m\u00fazeum","og_description":"Fant\u00e1zia, em\u00f3cie, in\u0161pir\u00e1cia \u2013 to je len zlomok toho, \u010do sa sp\u00e1ja s\u00a0novou v\u00fdstavou Dosky, ktor\u00e9 znamenali svet, ktor\u00e1 bude od 21. marca 2025 pr\u00edstupn\u00e1 v\u00a0Drot\u00e1rskom pavil\u00f3ne v\u00a0are\u00e1li Budat\u00ednskeho hradu. \u00a0V\u00fdstava prezentuje prepojenie medzi \u0161pecifick\u00fdm remeslom \u2013 drot\u00e1rstvom a\u00a0divadlom, ako jedn\u00fdm z\u00a0viacer\u00fdch druhov pre vyjadrenie umenia. Jej z\u00e1merom je nadviazanie na predch\u00e1dzaj\u00facu v\u00fdstavu Postava drot\u00e1ra [&hellip;]","og_url":"https:\/\/pmza.sk\/?p=68495","og_site_name":"Pova\u017esk\u00e9 m\u00fazeum","article_publisher":"https:\/\/www.facebook.com\/povazskemuzeum","article_published_time":"2025-03-11T07:05:03+00:00","article_modified_time":"2026-04-07T06:22:17+00:00","og_image":[{"width":2560,"height":2560,"url":"https:\/\/pmza.sk\/wp-content\/uploads\/2025\/03\/Drotar_v_divadle_web_3-scaled.jpg","type":"image\/jpeg"}],"author":"Pova\u017esk\u00e9 m\u00fazeum","twitter_card":"summary_large_image","twitter_misc":{"Autor":"Pova\u017esk\u00e9 m\u00fazeum","Predpokladan\u00fd \u010das \u010d\u00edtania":"2 min\u00faty"},"schema":{"@context":"https:\/\/schema.org","@graph":[{"@type":"Article","@id":"https:\/\/pmza.sk\/?p=68495#article","isPartOf":{"@id":"https:\/\/pmza.sk\/?p=68495"},"author":{"name":"Pova\u017esk\u00e9 m\u00fazeum","@id":"https:\/\/pmza.sk\/#\/schema\/person\/595e6a2ce731ea94dcd5d7f50a41ae33"},"headline":"Dosky, ktor\u00e9 znamenali svet","datePublished":"2025-03-11T07:05:03+00:00","dateModified":"2026-04-07T06:22:17+00:00","mainEntityOfPage":{"@id":"https:\/\/pmza.sk\/?p=68495"},"wordCount":430,"publisher":{"@id":"https:\/\/pmza.sk\/#organization"},"image":{"@id":"https:\/\/pmza.sk\/?p=68495#primaryimage"},"thumbnailUrl":"https:\/\/pmza.sk\/wp-content\/uploads\/2025\/03\/Drotar_v_divadle_web_3-scaled.jpg","articleSection":["V\u00fdstavy"],"inLanguage":"sk-SK"},{"@type":"WebPage","@id":"https:\/\/pmza.sk\/?p=68495","url":"https:\/\/pmza.sk\/?p=68495","name":"Dosky, ktor\u00e9 znamenali svet - Pova\u017esk\u00e9 m\u00fazeum","isPartOf":{"@id":"https:\/\/pmza.sk\/#website"},"primaryImageOfPage":{"@id":"https:\/\/pmza.sk\/?p=68495#primaryimage"},"image":{"@id":"https:\/\/pmza.sk\/?p=68495#primaryimage"},"thumbnailUrl":"https:\/\/pmza.sk\/wp-content\/uploads\/2025\/03\/Drotar_v_divadle_web_3-scaled.jpg","datePublished":"2025-03-11T07:05:03+00:00","dateModified":"2026-04-07T06:22:17+00:00","breadcrumb":{"@id":"https:\/\/pmza.sk\/?p=68495#breadcrumb"},"inLanguage":"sk-SK","potentialAction":[{"@type":"ReadAction","target":["https:\/\/pmza.sk\/?p=68495"]}]},{"@type":"ImageObject","inLanguage":"sk-SK","@id":"https:\/\/pmza.sk\/?p=68495#primaryimage","url":"https:\/\/pmza.sk\/wp-content\/uploads\/2025\/03\/Drotar_v_divadle_web_3-scaled.jpg","contentUrl":"https:\/\/pmza.sk\/wp-content\/uploads\/2025\/03\/Drotar_v_divadle_web_3-scaled.jpg","width":2560,"height":2560},{"@type":"BreadcrumbList","@id":"https:\/\/pmza.sk\/?p=68495#breadcrumb","itemListElement":[{"@type":"ListItem","position":1,"name":"Domovsk\u00e1 str\u00e1nka","item":"https:\/\/pmza.sk\/"},{"@type":"ListItem","position":2,"name":"Dosky, ktor\u00e9 znamenali svet"}]},{"@type":"WebSite","@id":"https:\/\/pmza.sk\/#website","url":"https:\/\/pmza.sk\/","name":"Pova\u017esk\u00e9 m\u00fazeum","description":"Pova\u017esk\u00e9 m\u00fazeum v \u017diline je region\u00e1lne m\u00fazeum so s\u00eddlom v Budat\u00edne. Jeho expoz\u00edcie s\u00fa zameran\u00e9 na dejiny slovensk\u00e9ho umenia, kult\u00fary a dopravy.","publisher":{"@id":"https:\/\/pmza.sk\/#organization"},"potentialAction":[{"@type":"SearchAction","target":{"@type":"EntryPoint","urlTemplate":"https:\/\/pmza.sk\/?s={search_term_string}"},"query-input":{"@type":"PropertyValueSpecification","valueRequired":true,"valueName":"search_term_string"}}],"inLanguage":"sk-SK"},{"@type":"Organization","@id":"https:\/\/pmza.sk\/#organization","name":"Pova\u017esk\u00e9 m\u00fazeum","url":"https:\/\/pmza.sk\/","logo":{"@type":"ImageObject","inLanguage":"sk-SK","@id":"https:\/\/pmza.sk\/#\/schema\/logo\/image\/","url":"https:\/\/pmza.sk\/wp-content\/uploads\/2022\/01\/logo_PM_horizontal.jpg","contentUrl":"https:\/\/pmza.sk\/wp-content\/uploads\/2022\/01\/logo_PM_horizontal.jpg","width":231,"height":142,"caption":"Pova\u017esk\u00e9 m\u00fazeum"},"image":{"@id":"https:\/\/pmza.sk\/#\/schema\/logo\/image\/"},"sameAs":["https:\/\/www.facebook.com\/povazskemuzeum","https:\/\/www.instagram.com\/povazskemuzeum\/"]},{"@type":"Person","@id":"https:\/\/pmza.sk\/#\/schema\/person\/595e6a2ce731ea94dcd5d7f50a41ae33","name":"Pova\u017esk\u00e9 m\u00fazeum","image":{"@type":"ImageObject","inLanguage":"sk-SK","@id":"https:\/\/secure.gravatar.com\/avatar\/2bb7f1561282132fb5826dfeccc66c7996d11ee392ac6aaf7ced8a1c2027fbb2?s=96&d=mm&r=g","url":"https:\/\/secure.gravatar.com\/avatar\/2bb7f1561282132fb5826dfeccc66c7996d11ee392ac6aaf7ced8a1c2027fbb2?s=96&d=mm&r=g","contentUrl":"https:\/\/secure.gravatar.com\/avatar\/2bb7f1561282132fb5826dfeccc66c7996d11ee392ac6aaf7ced8a1c2027fbb2?s=96&d=mm&r=g","caption":"Pova\u017esk\u00e9 m\u00fazeum"}}]}},"_links":{"self":[{"href":"https:\/\/pmza.sk\/index.php?rest_route=\/wp\/v2\/posts\/68495","targetHints":{"allow":["GET"]}}],"collection":[{"href":"https:\/\/pmza.sk\/index.php?rest_route=\/wp\/v2\/posts"}],"about":[{"href":"https:\/\/pmza.sk\/index.php?rest_route=\/wp\/v2\/types\/post"}],"author":[{"embeddable":true,"href":"https:\/\/pmza.sk\/index.php?rest_route=\/wp\/v2\/users\/2"}],"replies":[{"embeddable":true,"href":"https:\/\/pmza.sk\/index.php?rest_route=%2Fwp%2Fv2%2Fcomments&post=68495"}],"version-history":[{"count":1,"href":"https:\/\/pmza.sk\/index.php?rest_route=\/wp\/v2\/posts\/68495\/revisions"}],"predecessor-version":[{"id":77052,"href":"https:\/\/pmza.sk\/index.php?rest_route=\/wp\/v2\/posts\/68495\/revisions\/77052"}],"wp:featuredmedia":[{"embeddable":true,"href":"https:\/\/pmza.sk\/index.php?rest_route=\/wp\/v2\/media\/68498"}],"wp:attachment":[{"href":"https:\/\/pmza.sk\/index.php?rest_route=%2Fwp%2Fv2%2Fmedia&parent=68495"}],"wp:term":[{"taxonomy":"category","embeddable":true,"href":"https:\/\/pmza.sk\/index.php?rest_route=%2Fwp%2Fv2%2Fcategories&post=68495"},{"taxonomy":"post_tag","embeddable":true,"href":"https:\/\/pmza.sk\/index.php?rest_route=%2Fwp%2Fv2%2Ftags&post=68495"}],"curies":[{"name":"wp","href":"https:\/\/api.w.org\/{rel}","templated":true}]}}