{"id":68535,"date":"2025-03-17T08:30:15","date_gmt":"2025-03-17T07:30:15","guid":{"rendered":"https:\/\/pmza.sk\/?p=68535"},"modified":"2025-04-09T09:43:57","modified_gmt":"2025-04-09T07:43:57","slug":"hrad-strecno-otvorime-uz-na-konci-marca","status":"publish","type":"post","link":"https:\/\/pmza.sk\/?p=68535","title":{"rendered":"Hrad Stre\u010dno otvor\u00edme u\u017e na konci marca"},"content":{"rendered":"<p>Tohtoro\u010dn\u00e1 sez\u00f3na na hrade Stre\u010dno za\u010d\u00edna v\u00fdnimo\u010dne u\u017e na konci marca. V\u00a0tomto roku otvor\u00ed hrad prv\u00fdkr\u00e1t svoje br\u00e1ny v\u00a0sobotu 29. marca. N\u00e1v\u0161tevn\u00edci si tak m\u00f4\u017eu u\u017ei\u0165 prehliadku aj osvie\u017euj\u00facu prech\u00e1dzku. A\u017e do konca apr\u00edla bude hrad otvoren\u00fd v\u00a0\u010dase od 10.00 do 17.00, potom od 9.00.<\/p>\n<p>Aj tento rok sa m\u00f4\u017eu z\u00e1ujemcovia te\u0161i\u0165 na tradi\u010dn\u00e9 podujatia. Prv\u00e9 s\u00a0n\u00e1zvom So \u017dofiou na hrade sa bude kona\u0165 v\u00a0nede\u013eu 27. apr\u00edla. <em>\u201eDe\u0148 det\u00ed bude op\u00e4\u0165 spojen\u00fd s rozpr\u00e1vkou a od m\u00e1ja do j\u00fana\u00a0 bude prebieha\u0165 aj Hradn\u00e1 \u0161kola pre objednan\u00e9 skupiny. Po\u010das leta nebud\u00fa ch\u00fdba\u0165 ob\u013e\u00faben\u00e9 no\u010dn\u00e9 prehliadky \u010di Hradn\u00e9 hry \u017dofie Bosniakovej. V minulom roku sa osved\u010dilo podujatie Divadlo na hrade, ktor\u00e9 bude ma\u0165 v auguste pokra\u010dovanie. Stredovek\u00e9 a in\u00e9 kuchyne bud\u00fa \u00fastrednou t\u00e9mou podujatia Cestovanie v \u010dase. Koniec sez\u00f3ny si z\u00e1ujemcovia u\u017eij\u00fa v okt\u00f3bri na podujat\u00ed Noc duchov, tekv\u00edc a stra\u0161idiel, ktor\u00e9 bude in\u0161pirovan\u00e9 Dia de los Muertos (D\u0148om m\u0155tvych v Mexiku)\u201c <\/em>poz\u00fdva spr\u00e1vky\u0148a hradu Stre\u010dno Ing. Katar\u00edna Rep\u00e1\u0148ov\u00e1. <em>\u00a0\u00a0\u00a0\u00a0<\/em><\/p>\n<div class=\"wp-block-image\"><\/div>\n<p>&nbsp;<\/p>\n<p>&nbsp;<\/p>\n","protected":false},"excerpt":{"rendered":"<p>Tohtoro\u010dn\u00e1 sez\u00f3na na hrade Stre\u010dno za\u010d\u00edna v\u00fdnimo\u010dne u\u017e na konci marca. V\u00a0tomto roku otvor\u00ed hrad prv\u00fdkr\u00e1t svoje br\u00e1ny v\u00a0sobotu 29. marca. N\u00e1v\u0161tevn\u00edci si tak m\u00f4\u017eu u\u017ei\u0165 prehliadku aj osvie\u017euj\u00facu prech\u00e1dzku. A\u017e do konca apr\u00edla bude hrad otvoren\u00fd v\u00a0\u010dase od 10.00 do 17.00, potom od 9.00. Aj tento rok sa m\u00f4\u017eu z\u00e1ujemcovia te\u0161i\u0165 na tradi\u010dn\u00e9 podujatia. [&hellip;]<\/p>\n","protected":false},"author":2,"featured_media":68538,"comment_status":"closed","ping_status":"closed","sticky":false,"template":"","format":"standard","meta":{"site-sidebar-layout":"default","site-content-layout":"","ast-site-content-layout":"default","site-content-style":"default","site-sidebar-style":"default","ast-global-header-display":"","ast-banner-title-visibility":"","ast-main-header-display":"","ast-hfb-above-header-display":"","ast-hfb-below-header-display":"","ast-hfb-mobile-header-display":"","site-post-title":"","ast-breadcrumbs-content":"","ast-featured-img":"","footer-sml-layout":"","theme-transparent-header-meta":"default","adv-header-id-meta":"","stick-header-meta":"default","header-above-stick-meta":"","header-main-stick-meta":"","header-below-stick-meta":"","astra-migrate-meta-layouts":"set","ast-page-background-enabled":"default","ast-page-background-meta":{"desktop":{"background-color":"var(--ast-global-color-4)","background-image":"","background-repeat":"repeat","background-position":"center center","background-size":"auto","background-attachment":"scroll","background-type":"","background-media":"","overlay-type":"","overlay-color":"","overlay-opacity":"","overlay-gradient":""},"tablet":{"background-color":"","background-image":"","background-repeat":"repeat","background-position":"center center","background-size":"auto","background-attachment":"scroll","background-type":"","background-media":"","overlay-type":"","overlay-color":"","overlay-opacity":"","overlay-gradient":""},"mobile":{"background-color":"","background-image":"","background-repeat":"repeat","background-position":"center center","background-size":"auto","background-attachment":"scroll","background-type":"","background-media":"","overlay-type":"","overlay-color":"","overlay-opacity":"","overlay-gradient":""}},"ast-content-background-meta":{"desktop":{"background-color":"var(--ast-global-color-5)","background-image":"","background-repeat":"repeat","background-position":"center center","background-size":"auto","background-attachment":"scroll","background-type":"","background-media":"","overlay-type":"","overlay-color":"","overlay-opacity":"","overlay-gradient":""},"tablet":{"background-color":"var(--ast-global-color-5)","background-image":"","background-repeat":"repeat","background-position":"center center","background-size":"auto","background-attachment":"scroll","background-type":"","background-media":"","overlay-type":"","overlay-color":"","overlay-opacity":"","overlay-gradient":""},"mobile":{"background-color":"var(--ast-global-color-5)","background-image":"","background-repeat":"repeat","background-position":"center center","background-size":"auto","background-attachment":"scroll","background-type":"","background-media":"","overlay-type":"","overlay-color":"","overlay-opacity":"","overlay-gradient":""}},"footnotes":""},"categories":[31],"tags":[],"class_list":["post-68535","post","type-post","status-publish","format-standard","has-post-thumbnail","hentry","category-aktuality"],"yoast_head":"<!-- This site is optimized with the Yoast SEO plugin v27.4 - https:\/\/yoast.com\/product\/yoast-seo-wordpress\/ -->\n<title>Hrad Stre\u010dno otvor\u00edme u\u017e na konci marca - Pova\u017esk\u00e9 m\u00fazeum<\/title>\n<meta name=\"robots\" content=\"index, follow, max-snippet:-1, max-image-preview:large, max-video-preview:-1\" \/>\n<link rel=\"canonical\" href=\"https:\/\/pmza.sk\/?p=68535\" \/>\n<meta property=\"og:locale\" content=\"sk_SK\" \/>\n<meta property=\"og:type\" content=\"article\" \/>\n<meta property=\"og:title\" content=\"Hrad Stre\u010dno otvor\u00edme u\u017e na konci marca - Pova\u017esk\u00e9 m\u00fazeum\" \/>\n<meta property=\"og:description\" content=\"Tohtoro\u010dn\u00e1 sez\u00f3na na hrade Stre\u010dno za\u010d\u00edna v\u00fdnimo\u010dne u\u017e na konci marca. V\u00a0tomto roku otvor\u00ed hrad prv\u00fdkr\u00e1t svoje br\u00e1ny v\u00a0sobotu 29. marca. N\u00e1v\u0161tevn\u00edci si tak m\u00f4\u017eu u\u017ei\u0165 prehliadku aj osvie\u017euj\u00facu prech\u00e1dzku. A\u017e do konca apr\u00edla bude hrad otvoren\u00fd v\u00a0\u010dase od 10.00 do 17.00, potom od 9.00. Aj tento rok sa m\u00f4\u017eu z\u00e1ujemcovia te\u0161i\u0165 na tradi\u010dn\u00e9 podujatia. [&hellip;]\" \/>\n<meta property=\"og:url\" content=\"https:\/\/pmza.sk\/?p=68535\" \/>\n<meta property=\"og:site_name\" content=\"Pova\u017esk\u00e9 m\u00fazeum\" \/>\n<meta property=\"article:publisher\" content=\"https:\/\/www.facebook.com\/povazskemuzeum\" \/>\n<meta property=\"article:published_time\" content=\"2025-03-17T07:30:15+00:00\" \/>\n<meta property=\"article:modified_time\" content=\"2025-04-09T07:43:57+00:00\" \/>\n<meta property=\"og:image\" content=\"https:\/\/pmza.sk\/wp-content\/uploads\/2025\/03\/otvorenie-hradu-Strecno-1.jpg\" \/>\n\t<meta property=\"og:image:width\" content=\"1920\" \/>\n\t<meta property=\"og:image:height\" content=\"1281\" \/>\n\t<meta property=\"og:image:type\" content=\"image\/jpeg\" \/>\n<meta name=\"author\" content=\"Pova\u017esk\u00e9 m\u00fazeum\" \/>\n<meta name=\"twitter:card\" content=\"summary_large_image\" \/>\n<meta name=\"twitter:label1\" content=\"Autor\" \/>\n\t<meta name=\"twitter:data1\" content=\"Pova\u017esk\u00e9 m\u00fazeum\" \/>\n\t<meta name=\"twitter:label2\" content=\"Predpokladan\u00fd \u010das \u010d\u00edtania\" \/>\n\t<meta name=\"twitter:data2\" content=\"1 min\u00fata\" \/>\n<script type=\"application\/ld+json\" class=\"yoast-schema-graph\">{\"@context\":\"https:\\\/\\\/schema.org\",\"@graph\":[{\"@type\":\"Article\",\"@id\":\"https:\\\/\\\/pmza.sk\\\/?p=68535#article\",\"isPartOf\":{\"@id\":\"https:\\\/\\\/pmza.sk\\\/?p=68535\"},\"author\":{\"name\":\"Pova\u017esk\u00e9 m\u00fazeum\",\"@id\":\"https:\\\/\\\/pmza.sk\\\/#\\\/schema\\\/person\\\/595e6a2ce731ea94dcd5d7f50a41ae33\"},\"headline\":\"Hrad Stre\u010dno otvor\u00edme u\u017e na konci marca\",\"datePublished\":\"2025-03-17T07:30:15+00:00\",\"dateModified\":\"2025-04-09T07:43:57+00:00\",\"mainEntityOfPage\":{\"@id\":\"https:\\\/\\\/pmza.sk\\\/?p=68535\"},\"wordCount\":218,\"publisher\":{\"@id\":\"https:\\\/\\\/pmza.sk\\\/#organization\"},\"image\":{\"@id\":\"https:\\\/\\\/pmza.sk\\\/?p=68535#primaryimage\"},\"thumbnailUrl\":\"https:\\\/\\\/pmza.sk\\\/wp-content\\\/uploads\\\/2025\\\/03\\\/otvorenie-hradu-Strecno-1.jpg\",\"articleSection\":[\"Aktuality\"],\"inLanguage\":\"sk-SK\"},{\"@type\":\"WebPage\",\"@id\":\"https:\\\/\\\/pmza.sk\\\/?p=68535\",\"url\":\"https:\\\/\\\/pmza.sk\\\/?p=68535\",\"name\":\"Hrad Stre\u010dno otvor\u00edme u\u017e na konci marca - Pova\u017esk\u00e9 m\u00fazeum\",\"isPartOf\":{\"@id\":\"https:\\\/\\\/pmza.sk\\\/#website\"},\"primaryImageOfPage\":{\"@id\":\"https:\\\/\\\/pmza.sk\\\/?p=68535#primaryimage\"},\"image\":{\"@id\":\"https:\\\/\\\/pmza.sk\\\/?p=68535#primaryimage\"},\"thumbnailUrl\":\"https:\\\/\\\/pmza.sk\\\/wp-content\\\/uploads\\\/2025\\\/03\\\/otvorenie-hradu-Strecno-1.jpg\",\"datePublished\":\"2025-03-17T07:30:15+00:00\",\"dateModified\":\"2025-04-09T07:43:57+00:00\",\"breadcrumb\":{\"@id\":\"https:\\\/\\\/pmza.sk\\\/?p=68535#breadcrumb\"},\"inLanguage\":\"sk-SK\",\"potentialAction\":[{\"@type\":\"ReadAction\",\"target\":[\"https:\\\/\\\/pmza.sk\\\/?p=68535\"]}]},{\"@type\":\"ImageObject\",\"inLanguage\":\"sk-SK\",\"@id\":\"https:\\\/\\\/pmza.sk\\\/?p=68535#primaryimage\",\"url\":\"https:\\\/\\\/pmza.sk\\\/wp-content\\\/uploads\\\/2025\\\/03\\\/otvorenie-hradu-Strecno-1.jpg\",\"contentUrl\":\"https:\\\/\\\/pmza.sk\\\/wp-content\\\/uploads\\\/2025\\\/03\\\/otvorenie-hradu-Strecno-1.jpg\",\"width\":1920,\"height\":1281},{\"@type\":\"BreadcrumbList\",\"@id\":\"https:\\\/\\\/pmza.sk\\\/?p=68535#breadcrumb\",\"itemListElement\":[{\"@type\":\"ListItem\",\"position\":1,\"name\":\"Domovsk\u00e1 str\u00e1nka\",\"item\":\"https:\\\/\\\/pmza.sk\\\/\"},{\"@type\":\"ListItem\",\"position\":2,\"name\":\"Hrad Stre\u010dno otvor\u00edme u\u017e na konci marca\"}]},{\"@type\":\"WebSite\",\"@id\":\"https:\\\/\\\/pmza.sk\\\/#website\",\"url\":\"https:\\\/\\\/pmza.sk\\\/\",\"name\":\"Pova\u017esk\u00e9 m\u00fazeum\",\"description\":\"Pova\u017esk\u00e9 m\u00fazeum v \u017diline je region\u00e1lne m\u00fazeum so s\u00eddlom v Budat\u00edne. Jeho expoz\u00edcie s\u00fa zameran\u00e9 na dejiny slovensk\u00e9ho umenia, kult\u00fary a dopravy.\",\"publisher\":{\"@id\":\"https:\\\/\\\/pmza.sk\\\/#organization\"},\"potentialAction\":[{\"@type\":\"SearchAction\",\"target\":{\"@type\":\"EntryPoint\",\"urlTemplate\":\"https:\\\/\\\/pmza.sk\\\/?s={search_term_string}\"},\"query-input\":{\"@type\":\"PropertyValueSpecification\",\"valueRequired\":true,\"valueName\":\"search_term_string\"}}],\"inLanguage\":\"sk-SK\"},{\"@type\":\"Organization\",\"@id\":\"https:\\\/\\\/pmza.sk\\\/#organization\",\"name\":\"Pova\u017esk\u00e9 m\u00fazeum\",\"url\":\"https:\\\/\\\/pmza.sk\\\/\",\"logo\":{\"@type\":\"ImageObject\",\"inLanguage\":\"sk-SK\",\"@id\":\"https:\\\/\\\/pmza.sk\\\/#\\\/schema\\\/logo\\\/image\\\/\",\"url\":\"https:\\\/\\\/pmza.sk\\\/wp-content\\\/uploads\\\/2022\\\/01\\\/logo_PM_horizontal.jpg\",\"contentUrl\":\"https:\\\/\\\/pmza.sk\\\/wp-content\\\/uploads\\\/2022\\\/01\\\/logo_PM_horizontal.jpg\",\"width\":231,\"height\":142,\"caption\":\"Pova\u017esk\u00e9 m\u00fazeum\"},\"image\":{\"@id\":\"https:\\\/\\\/pmza.sk\\\/#\\\/schema\\\/logo\\\/image\\\/\"},\"sameAs\":[\"https:\\\/\\\/www.facebook.com\\\/povazskemuzeum\",\"https:\\\/\\\/www.instagram.com\\\/povazskemuzeum\\\/\"]},{\"@type\":\"Person\",\"@id\":\"https:\\\/\\\/pmza.sk\\\/#\\\/schema\\\/person\\\/595e6a2ce731ea94dcd5d7f50a41ae33\",\"name\":\"Pova\u017esk\u00e9 m\u00fazeum\",\"image\":{\"@type\":\"ImageObject\",\"inLanguage\":\"sk-SK\",\"@id\":\"https:\\\/\\\/secure.gravatar.com\\\/avatar\\\/2bb7f1561282132fb5826dfeccc66c7996d11ee392ac6aaf7ced8a1c2027fbb2?s=96&d=mm&r=g\",\"url\":\"https:\\\/\\\/secure.gravatar.com\\\/avatar\\\/2bb7f1561282132fb5826dfeccc66c7996d11ee392ac6aaf7ced8a1c2027fbb2?s=96&d=mm&r=g\",\"contentUrl\":\"https:\\\/\\\/secure.gravatar.com\\\/avatar\\\/2bb7f1561282132fb5826dfeccc66c7996d11ee392ac6aaf7ced8a1c2027fbb2?s=96&d=mm&r=g\",\"caption\":\"Pova\u017esk\u00e9 m\u00fazeum\"}}]}<\/script>\n<!-- \/ Yoast SEO plugin. -->","yoast_head_json":{"title":"Hrad Stre\u010dno otvor\u00edme u\u017e na konci marca - Pova\u017esk\u00e9 m\u00fazeum","robots":{"index":"index","follow":"follow","max-snippet":"max-snippet:-1","max-image-preview":"max-image-preview:large","max-video-preview":"max-video-preview:-1"},"canonical":"https:\/\/pmza.sk\/?p=68535","og_locale":"sk_SK","og_type":"article","og_title":"Hrad Stre\u010dno otvor\u00edme u\u017e na konci marca - Pova\u017esk\u00e9 m\u00fazeum","og_description":"Tohtoro\u010dn\u00e1 sez\u00f3na na hrade Stre\u010dno za\u010d\u00edna v\u00fdnimo\u010dne u\u017e na konci marca. V\u00a0tomto roku otvor\u00ed hrad prv\u00fdkr\u00e1t svoje br\u00e1ny v\u00a0sobotu 29. marca. N\u00e1v\u0161tevn\u00edci si tak m\u00f4\u017eu u\u017ei\u0165 prehliadku aj osvie\u017euj\u00facu prech\u00e1dzku. A\u017e do konca apr\u00edla bude hrad otvoren\u00fd v\u00a0\u010dase od 10.00 do 17.00, potom od 9.00. Aj tento rok sa m\u00f4\u017eu z\u00e1ujemcovia te\u0161i\u0165 na tradi\u010dn\u00e9 podujatia. [&hellip;]","og_url":"https:\/\/pmza.sk\/?p=68535","og_site_name":"Pova\u017esk\u00e9 m\u00fazeum","article_publisher":"https:\/\/www.facebook.com\/povazskemuzeum","article_published_time":"2025-03-17T07:30:15+00:00","article_modified_time":"2025-04-09T07:43:57+00:00","og_image":[{"width":1920,"height":1281,"url":"https:\/\/pmza.sk\/wp-content\/uploads\/2025\/03\/otvorenie-hradu-Strecno-1.jpg","type":"image\/jpeg"}],"author":"Pova\u017esk\u00e9 m\u00fazeum","twitter_card":"summary_large_image","twitter_misc":{"Autor":"Pova\u017esk\u00e9 m\u00fazeum","Predpokladan\u00fd \u010das \u010d\u00edtania":"1 min\u00fata"},"schema":{"@context":"https:\/\/schema.org","@graph":[{"@type":"Article","@id":"https:\/\/pmza.sk\/?p=68535#article","isPartOf":{"@id":"https:\/\/pmza.sk\/?p=68535"},"author":{"name":"Pova\u017esk\u00e9 m\u00fazeum","@id":"https:\/\/pmza.sk\/#\/schema\/person\/595e6a2ce731ea94dcd5d7f50a41ae33"},"headline":"Hrad Stre\u010dno otvor\u00edme u\u017e na konci marca","datePublished":"2025-03-17T07:30:15+00:00","dateModified":"2025-04-09T07:43:57+00:00","mainEntityOfPage":{"@id":"https:\/\/pmza.sk\/?p=68535"},"wordCount":218,"publisher":{"@id":"https:\/\/pmza.sk\/#organization"},"image":{"@id":"https:\/\/pmza.sk\/?p=68535#primaryimage"},"thumbnailUrl":"https:\/\/pmza.sk\/wp-content\/uploads\/2025\/03\/otvorenie-hradu-Strecno-1.jpg","articleSection":["Aktuality"],"inLanguage":"sk-SK"},{"@type":"WebPage","@id":"https:\/\/pmza.sk\/?p=68535","url":"https:\/\/pmza.sk\/?p=68535","name":"Hrad Stre\u010dno otvor\u00edme u\u017e na konci marca - Pova\u017esk\u00e9 m\u00fazeum","isPartOf":{"@id":"https:\/\/pmza.sk\/#website"},"primaryImageOfPage":{"@id":"https:\/\/pmza.sk\/?p=68535#primaryimage"},"image":{"@id":"https:\/\/pmza.sk\/?p=68535#primaryimage"},"thumbnailUrl":"https:\/\/pmza.sk\/wp-content\/uploads\/2025\/03\/otvorenie-hradu-Strecno-1.jpg","datePublished":"2025-03-17T07:30:15+00:00","dateModified":"2025-04-09T07:43:57+00:00","breadcrumb":{"@id":"https:\/\/pmza.sk\/?p=68535#breadcrumb"},"inLanguage":"sk-SK","potentialAction":[{"@type":"ReadAction","target":["https:\/\/pmza.sk\/?p=68535"]}]},{"@type":"ImageObject","inLanguage":"sk-SK","@id":"https:\/\/pmza.sk\/?p=68535#primaryimage","url":"https:\/\/pmza.sk\/wp-content\/uploads\/2025\/03\/otvorenie-hradu-Strecno-1.jpg","contentUrl":"https:\/\/pmza.sk\/wp-content\/uploads\/2025\/03\/otvorenie-hradu-Strecno-1.jpg","width":1920,"height":1281},{"@type":"BreadcrumbList","@id":"https:\/\/pmza.sk\/?p=68535#breadcrumb","itemListElement":[{"@type":"ListItem","position":1,"name":"Domovsk\u00e1 str\u00e1nka","item":"https:\/\/pmza.sk\/"},{"@type":"ListItem","position":2,"name":"Hrad Stre\u010dno otvor\u00edme u\u017e na konci marca"}]},{"@type":"WebSite","@id":"https:\/\/pmza.sk\/#website","url":"https:\/\/pmza.sk\/","name":"Pova\u017esk\u00e9 m\u00fazeum","description":"Pova\u017esk\u00e9 m\u00fazeum v \u017diline je region\u00e1lne m\u00fazeum so s\u00eddlom v Budat\u00edne. Jeho expoz\u00edcie s\u00fa zameran\u00e9 na dejiny slovensk\u00e9ho umenia, kult\u00fary a dopravy.","publisher":{"@id":"https:\/\/pmza.sk\/#organization"},"potentialAction":[{"@type":"SearchAction","target":{"@type":"EntryPoint","urlTemplate":"https:\/\/pmza.sk\/?s={search_term_string}"},"query-input":{"@type":"PropertyValueSpecification","valueRequired":true,"valueName":"search_term_string"}}],"inLanguage":"sk-SK"},{"@type":"Organization","@id":"https:\/\/pmza.sk\/#organization","name":"Pova\u017esk\u00e9 m\u00fazeum","url":"https:\/\/pmza.sk\/","logo":{"@type":"ImageObject","inLanguage":"sk-SK","@id":"https:\/\/pmza.sk\/#\/schema\/logo\/image\/","url":"https:\/\/pmza.sk\/wp-content\/uploads\/2022\/01\/logo_PM_horizontal.jpg","contentUrl":"https:\/\/pmza.sk\/wp-content\/uploads\/2022\/01\/logo_PM_horizontal.jpg","width":231,"height":142,"caption":"Pova\u017esk\u00e9 m\u00fazeum"},"image":{"@id":"https:\/\/pmza.sk\/#\/schema\/logo\/image\/"},"sameAs":["https:\/\/www.facebook.com\/povazskemuzeum","https:\/\/www.instagram.com\/povazskemuzeum\/"]},{"@type":"Person","@id":"https:\/\/pmza.sk\/#\/schema\/person\/595e6a2ce731ea94dcd5d7f50a41ae33","name":"Pova\u017esk\u00e9 m\u00fazeum","image":{"@type":"ImageObject","inLanguage":"sk-SK","@id":"https:\/\/secure.gravatar.com\/avatar\/2bb7f1561282132fb5826dfeccc66c7996d11ee392ac6aaf7ced8a1c2027fbb2?s=96&d=mm&r=g","url":"https:\/\/secure.gravatar.com\/avatar\/2bb7f1561282132fb5826dfeccc66c7996d11ee392ac6aaf7ced8a1c2027fbb2?s=96&d=mm&r=g","contentUrl":"https:\/\/secure.gravatar.com\/avatar\/2bb7f1561282132fb5826dfeccc66c7996d11ee392ac6aaf7ced8a1c2027fbb2?s=96&d=mm&r=g","caption":"Pova\u017esk\u00e9 m\u00fazeum"}}]}},"_links":{"self":[{"href":"https:\/\/pmza.sk\/index.php?rest_route=\/wp\/v2\/posts\/68535","targetHints":{"allow":["GET"]}}],"collection":[{"href":"https:\/\/pmza.sk\/index.php?rest_route=\/wp\/v2\/posts"}],"about":[{"href":"https:\/\/pmza.sk\/index.php?rest_route=\/wp\/v2\/types\/post"}],"author":[{"embeddable":true,"href":"https:\/\/pmza.sk\/index.php?rest_route=\/wp\/v2\/users\/2"}],"replies":[{"embeddable":true,"href":"https:\/\/pmza.sk\/index.php?rest_route=%2Fwp%2Fv2%2Fcomments&post=68535"}],"version-history":[{"count":0,"href":"https:\/\/pmza.sk\/index.php?rest_route=\/wp\/v2\/posts\/68535\/revisions"}],"wp:featuredmedia":[{"embeddable":true,"href":"https:\/\/pmza.sk\/index.php?rest_route=\/wp\/v2\/media\/68538"}],"wp:attachment":[{"href":"https:\/\/pmza.sk\/index.php?rest_route=%2Fwp%2Fv2%2Fmedia&parent=68535"}],"wp:term":[{"taxonomy":"category","embeddable":true,"href":"https:\/\/pmza.sk\/index.php?rest_route=%2Fwp%2Fv2%2Fcategories&post=68535"},{"taxonomy":"post_tag","embeddable":true,"href":"https:\/\/pmza.sk\/index.php?rest_route=%2Fwp%2Fv2%2Ftags&post=68535"}],"curies":[{"name":"wp","href":"https:\/\/api.w.org\/{rel}","templated":true}]}}