{"id":69010,"date":"2025-04-09T09:36:02","date_gmt":"2025-04-09T07:36:02","guid":{"rendered":"https:\/\/pmza.sk\/?p=69010"},"modified":"2025-07-01T14:07:46","modified_gmt":"2025-07-01T12:07:46","slug":"clovek-hravy","status":"publish","type":"post","link":"https:\/\/pmza.sk\/?p=69010","title":{"rendered":"\u010clovek hrav\u00fd"},"content":{"rendered":"<p>Komunitn\u00e1 miestnos\u0165 v\u00a0kaplnke Budat\u00ednskeho hradu l\u00e1ka n\u00e1v\u0161tevn\u00edkov na r\u00f4zne zauj\u00edmav\u00e9 v\u00fdstavy. Od 15. apr\u00edla tam bude in\u0161talovan\u00e1 nov\u00e1 v\u00fdstava s\u00a0n\u00e1zvom \u010clovek hrav\u00fd \u2013 Homo ludens, ktor\u00e1 predstav\u00ed prierez dizajn\u00e9rskymi pr\u00e1cami \u0161tudentov odboru Tvorba hra\u010diek a\u00a0dekorat\u00edvnych predmetov zo \u0160koly umeleck\u00e9ho priemyslu v\u00a0Ru\u017eomberku. Kur\u00e1tormi v\u00fdstavy s\u00fa histori\u010dka umenia a\u00a0pedagogi\u010dka na \u0160kole umeleck\u00e9ho priemyslu v\u00a0Ru\u017eomberku \u00a0M\u00e1ria Martinkov\u00e1 a\u00a0historik umenia Pova\u017esk\u00e9ho m\u00fazea Zdeno Hogh.<\/p>\n<p>Prezentovan\u00e9 v\u00fdrobky si \u017eiaci v\u00e4\u010d\u0161inou sami navrhli a\u00a0potom na hodin\u00e1ch praxe aj vyrobili.<em> \u201eN\u00e1v\u0161tevn\u00edci si bud\u00fa m\u00f4c\u0165 pozrie\u0165 hra\u010dky r\u00f4zneho druhu, napr\u00edklad kinetick\u00e9, zvukov\u00e9 alebo plo\u0161n\u00e9 sklada\u010dky, ale tie\u017e interi\u00e9rov\u00e9 a n\u00e1bytkov\u00e9 prvky ako misy, detsk\u00e9 stol\u010deky, kresl\u00e1 \u010di ve\u0161iaky. Dominantn\u00fdm materi\u00e1lom je drevo, ale nech\u00fdbaj\u00fa ani kombin\u00e1cie s\u00a0textilom, ko\u017eou alebo plastom. Jednotliv\u00e9 produkty vznikali na konkr\u00e9tne t\u00e9my, ako napr\u00edklad hlavolam, hrk\u00e1lka, plo\u0161n\u00e1 sklada\u010dka, stavebnica \u010di n\u00e1bytkov\u00fd solit\u00e9r. V\u00a0\u010dase umelohmotn\u00fdch hra\u010diek, neraz s\u00a0kr\u00e1tkou \u017eivotnos\u0165ou, p\u00f4sob\u00ed v\u00fdstava pozit\u00edvne a osvie\u017euj\u00faco n\u00e1vratom k\u00a0pr\u00edrodn\u00fdm materi\u00e1lom a\u00a0k\u00a0tradi\u010dn\u00fdm remeseln\u00fdm technik\u00e1m, \u201c <\/em>pribl\u00ed\u017eil Zdeno Hogh.<\/p>\n<p>V\u00fdstava bude pre n\u00e1v\u0161tevn\u00edkov pr\u00edstupn\u00e1 do 29. j\u00fana v\u00a0\u010dase otv\u00e1rac\u00edch hod\u00edn kaplnky.<\/p>\n<div class=\"wp-block-image\"><img fetchpriority=\"high\" decoding=\"async\" class=\"wpa-warning wpa-image-missing-alt alignnone size-medium wp-image-69011\" src=\"https:\/\/pmza.sk\/wp-content\/uploads\/2025\/04\/Clovek_hravy_A3_K2-255x360.jpg\" alt=\"\" width=\"255\" height=\"360\" data-warning=\"Missing alt text\" srcset=\"https:\/\/pmza.sk\/wp-content\/uploads\/2025\/04\/Clovek_hravy_A3_K2-255x360.jpg 255w, https:\/\/pmza.sk\/wp-content\/uploads\/2025\/04\/Clovek_hravy_A3_K2-520x736.jpg 520w, https:\/\/pmza.sk\/wp-content\/uploads\/2025\/04\/Clovek_hravy_A3_K2-768x1086.jpg 768w, https:\/\/pmza.sk\/wp-content\/uploads\/2025\/04\/Clovek_hravy_A3_K2-1086x1536.jpg 1086w, https:\/\/pmza.sk\/wp-content\/uploads\/2025\/04\/Clovek_hravy_A3_K2-1448x2048.jpg 1448w, https:\/\/pmza.sk\/wp-content\/uploads\/2025\/04\/Clovek_hravy_A3_K2-600x849.jpg 600w, https:\/\/pmza.sk\/wp-content\/uploads\/2025\/04\/Clovek_hravy_A3_K2-scaled.jpg 1810w\" sizes=\"(max-width: 255px) 100vw, 255px\" \/><\/div>\n<div>Plag\u00e1t v plnej ve\u013ekosti <a href=\"https:\/\/pmza.sk\/wp-content\/uploads\/2025\/04\/Clovek_hravy_A3_K2.pdf\">TU<\/a><\/div>\n","protected":false},"excerpt":{"rendered":"<p>Komunitn\u00e1 miestnos\u0165 v\u00a0kaplnke Budat\u00ednskeho hradu l\u00e1ka n\u00e1v\u0161tevn\u00edkov na r\u00f4zne zauj\u00edmav\u00e9 v\u00fdstavy. Od 15. apr\u00edla tam bude in\u0161talovan\u00e1 nov\u00e1 v\u00fdstava s\u00a0n\u00e1zvom \u010clovek hrav\u00fd \u2013 Homo ludens, ktor\u00e1 predstav\u00ed prierez dizajn\u00e9rskymi pr\u00e1cami \u0161tudentov odboru Tvorba hra\u010diek a\u00a0dekorat\u00edvnych predmetov zo \u0160koly umeleck\u00e9ho priemyslu v\u00a0Ru\u017eomberku. Kur\u00e1tormi v\u00fdstavy s\u00fa histori\u010dka umenia a\u00a0pedagogi\u010dka na \u0160kole umeleck\u00e9ho priemyslu v\u00a0Ru\u017eomberku \u00a0M\u00e1ria Martinkov\u00e1 a\u00a0historik [&hellip;]<\/p>\n","protected":false},"author":2,"featured_media":69013,"comment_status":"closed","ping_status":"closed","sticky":false,"template":"","format":"standard","meta":{"site-sidebar-layout":"default","site-content-layout":"","ast-site-content-layout":"default","site-content-style":"default","site-sidebar-style":"default","ast-global-header-display":"","ast-banner-title-visibility":"","ast-main-header-display":"","ast-hfb-above-header-display":"","ast-hfb-below-header-display":"","ast-hfb-mobile-header-display":"","site-post-title":"","ast-breadcrumbs-content":"","ast-featured-img":"","footer-sml-layout":"","theme-transparent-header-meta":"default","adv-header-id-meta":"","stick-header-meta":"default","header-above-stick-meta":"","header-main-stick-meta":"","header-below-stick-meta":"","astra-migrate-meta-layouts":"set","ast-page-background-enabled":"default","ast-page-background-meta":{"desktop":{"background-color":"var(--ast-global-color-4)","background-image":"","background-repeat":"repeat","background-position":"center center","background-size":"auto","background-attachment":"scroll","background-type":"","background-media":"","overlay-type":"","overlay-color":"","overlay-opacity":"","overlay-gradient":""},"tablet":{"background-color":"","background-image":"","background-repeat":"repeat","background-position":"center center","background-size":"auto","background-attachment":"scroll","background-type":"","background-media":"","overlay-type":"","overlay-color":"","overlay-opacity":"","overlay-gradient":""},"mobile":{"background-color":"","background-image":"","background-repeat":"repeat","background-position":"center center","background-size":"auto","background-attachment":"scroll","background-type":"","background-media":"","overlay-type":"","overlay-color":"","overlay-opacity":"","overlay-gradient":""}},"ast-content-background-meta":{"desktop":{"background-color":"var(--ast-global-color-5)","background-image":"","background-repeat":"repeat","background-position":"center center","background-size":"auto","background-attachment":"scroll","background-type":"","background-media":"","overlay-type":"","overlay-color":"","overlay-opacity":"","overlay-gradient":""},"tablet":{"background-color":"var(--ast-global-color-5)","background-image":"","background-repeat":"repeat","background-position":"center center","background-size":"auto","background-attachment":"scroll","background-type":"","background-media":"","overlay-type":"","overlay-color":"","overlay-opacity":"","overlay-gradient":""},"mobile":{"background-color":"var(--ast-global-color-5)","background-image":"","background-repeat":"repeat","background-position":"center center","background-size":"auto","background-attachment":"scroll","background-type":"","background-media":"","overlay-type":"","overlay-color":"","overlay-opacity":"","overlay-gradient":""}},"footnotes":""},"categories":[72],"tags":[],"class_list":["post-69010","post","type-post","status-publish","format-standard","has-post-thumbnail","hentry","category-vystavy"],"yoast_head":"<!-- This site is optimized with the Yoast SEO plugin v27.4 - https:\/\/yoast.com\/product\/yoast-seo-wordpress\/ -->\n<title>\u010clovek hrav\u00fd - Pova\u017esk\u00e9 m\u00fazeum<\/title>\n<meta name=\"robots\" content=\"index, follow, max-snippet:-1, max-image-preview:large, max-video-preview:-1\" \/>\n<link rel=\"canonical\" href=\"https:\/\/pmza.sk\/?p=69010\" \/>\n<meta property=\"og:locale\" content=\"sk_SK\" \/>\n<meta property=\"og:type\" content=\"article\" \/>\n<meta property=\"og:title\" content=\"\u010clovek hrav\u00fd - Pova\u017esk\u00e9 m\u00fazeum\" \/>\n<meta property=\"og:description\" content=\"Komunitn\u00e1 miestnos\u0165 v\u00a0kaplnke Budat\u00ednskeho hradu l\u00e1ka n\u00e1v\u0161tevn\u00edkov na r\u00f4zne zauj\u00edmav\u00e9 v\u00fdstavy. Od 15. apr\u00edla tam bude in\u0161talovan\u00e1 nov\u00e1 v\u00fdstava s\u00a0n\u00e1zvom \u010clovek hrav\u00fd \u2013 Homo ludens, ktor\u00e1 predstav\u00ed prierez dizajn\u00e9rskymi pr\u00e1cami \u0161tudentov odboru Tvorba hra\u010diek a\u00a0dekorat\u00edvnych predmetov zo \u0160koly umeleck\u00e9ho priemyslu v\u00a0Ru\u017eomberku. Kur\u00e1tormi v\u00fdstavy s\u00fa histori\u010dka umenia a\u00a0pedagogi\u010dka na \u0160kole umeleck\u00e9ho priemyslu v\u00a0Ru\u017eomberku \u00a0M\u00e1ria Martinkov\u00e1 a\u00a0historik [&hellip;]\" \/>\n<meta property=\"og:url\" content=\"https:\/\/pmza.sk\/?p=69010\" \/>\n<meta property=\"og:site_name\" content=\"Pova\u017esk\u00e9 m\u00fazeum\" \/>\n<meta property=\"article:publisher\" content=\"https:\/\/www.facebook.com\/povazskemuzeum\" \/>\n<meta property=\"article:published_time\" content=\"2025-04-09T07:36:02+00:00\" \/>\n<meta property=\"article:modified_time\" content=\"2025-07-01T12:07:46+00:00\" \/>\n<meta property=\"og:image\" content=\"https:\/\/pmza.sk\/wp-content\/uploads\/2025\/04\/Clovek_hravy_web-scaled.jpg\" \/>\n\t<meta property=\"og:image:width\" content=\"2560\" \/>\n\t<meta property=\"og:image:height\" content=\"2560\" \/>\n\t<meta property=\"og:image:type\" content=\"image\/jpeg\" \/>\n<meta name=\"author\" content=\"Pova\u017esk\u00e9 m\u00fazeum\" \/>\n<meta name=\"twitter:card\" content=\"summary_large_image\" \/>\n<meta name=\"twitter:label1\" content=\"Autor\" \/>\n\t<meta name=\"twitter:data1\" content=\"Pova\u017esk\u00e9 m\u00fazeum\" \/>\n\t<meta name=\"twitter:label2\" content=\"Predpokladan\u00fd \u010das \u010d\u00edtania\" \/>\n\t<meta name=\"twitter:data2\" content=\"1 min\u00fata\" \/>\n<script type=\"application\/ld+json\" class=\"yoast-schema-graph\">{\"@context\":\"https:\\\/\\\/schema.org\",\"@graph\":[{\"@type\":\"Article\",\"@id\":\"https:\\\/\\\/pmza.sk\\\/?p=69010#article\",\"isPartOf\":{\"@id\":\"https:\\\/\\\/pmza.sk\\\/?p=69010\"},\"author\":{\"name\":\"Pova\u017esk\u00e9 m\u00fazeum\",\"@id\":\"https:\\\/\\\/pmza.sk\\\/#\\\/schema\\\/person\\\/595e6a2ce731ea94dcd5d7f50a41ae33\"},\"headline\":\"\u010clovek hrav\u00fd\",\"datePublished\":\"2025-04-09T07:36:02+00:00\",\"dateModified\":\"2025-07-01T12:07:46+00:00\",\"mainEntityOfPage\":{\"@id\":\"https:\\\/\\\/pmza.sk\\\/?p=69010\"},\"wordCount\":265,\"publisher\":{\"@id\":\"https:\\\/\\\/pmza.sk\\\/#organization\"},\"image\":{\"@id\":\"https:\\\/\\\/pmza.sk\\\/?p=69010#primaryimage\"},\"thumbnailUrl\":\"https:\\\/\\\/pmza.sk\\\/wp-content\\\/uploads\\\/2025\\\/04\\\/Clovek_hravy_web-scaled.jpg\",\"articleSection\":[\"V\u00fdstavy\"],\"inLanguage\":\"sk-SK\"},{\"@type\":\"WebPage\",\"@id\":\"https:\\\/\\\/pmza.sk\\\/?p=69010\",\"url\":\"https:\\\/\\\/pmza.sk\\\/?p=69010\",\"name\":\"\u010clovek hrav\u00fd - Pova\u017esk\u00e9 m\u00fazeum\",\"isPartOf\":{\"@id\":\"https:\\\/\\\/pmza.sk\\\/#website\"},\"primaryImageOfPage\":{\"@id\":\"https:\\\/\\\/pmza.sk\\\/?p=69010#primaryimage\"},\"image\":{\"@id\":\"https:\\\/\\\/pmza.sk\\\/?p=69010#primaryimage\"},\"thumbnailUrl\":\"https:\\\/\\\/pmza.sk\\\/wp-content\\\/uploads\\\/2025\\\/04\\\/Clovek_hravy_web-scaled.jpg\",\"datePublished\":\"2025-04-09T07:36:02+00:00\",\"dateModified\":\"2025-07-01T12:07:46+00:00\",\"breadcrumb\":{\"@id\":\"https:\\\/\\\/pmza.sk\\\/?p=69010#breadcrumb\"},\"inLanguage\":\"sk-SK\",\"potentialAction\":[{\"@type\":\"ReadAction\",\"target\":[\"https:\\\/\\\/pmza.sk\\\/?p=69010\"]}]},{\"@type\":\"ImageObject\",\"inLanguage\":\"sk-SK\",\"@id\":\"https:\\\/\\\/pmza.sk\\\/?p=69010#primaryimage\",\"url\":\"https:\\\/\\\/pmza.sk\\\/wp-content\\\/uploads\\\/2025\\\/04\\\/Clovek_hravy_web-scaled.jpg\",\"contentUrl\":\"https:\\\/\\\/pmza.sk\\\/wp-content\\\/uploads\\\/2025\\\/04\\\/Clovek_hravy_web-scaled.jpg\",\"width\":2560,\"height\":2560},{\"@type\":\"BreadcrumbList\",\"@id\":\"https:\\\/\\\/pmza.sk\\\/?p=69010#breadcrumb\",\"itemListElement\":[{\"@type\":\"ListItem\",\"position\":1,\"name\":\"Domovsk\u00e1 str\u00e1nka\",\"item\":\"https:\\\/\\\/pmza.sk\\\/\"},{\"@type\":\"ListItem\",\"position\":2,\"name\":\"\u010clovek hrav\u00fd\"}]},{\"@type\":\"WebSite\",\"@id\":\"https:\\\/\\\/pmza.sk\\\/#website\",\"url\":\"https:\\\/\\\/pmza.sk\\\/\",\"name\":\"Pova\u017esk\u00e9 m\u00fazeum\",\"description\":\"Pova\u017esk\u00e9 m\u00fazeum v \u017diline je region\u00e1lne m\u00fazeum so s\u00eddlom v Budat\u00edne. Jeho expoz\u00edcie s\u00fa zameran\u00e9 na dejiny slovensk\u00e9ho umenia, kult\u00fary a dopravy.\",\"publisher\":{\"@id\":\"https:\\\/\\\/pmza.sk\\\/#organization\"},\"potentialAction\":[{\"@type\":\"SearchAction\",\"target\":{\"@type\":\"EntryPoint\",\"urlTemplate\":\"https:\\\/\\\/pmza.sk\\\/?s={search_term_string}\"},\"query-input\":{\"@type\":\"PropertyValueSpecification\",\"valueRequired\":true,\"valueName\":\"search_term_string\"}}],\"inLanguage\":\"sk-SK\"},{\"@type\":\"Organization\",\"@id\":\"https:\\\/\\\/pmza.sk\\\/#organization\",\"name\":\"Pova\u017esk\u00e9 m\u00fazeum\",\"url\":\"https:\\\/\\\/pmza.sk\\\/\",\"logo\":{\"@type\":\"ImageObject\",\"inLanguage\":\"sk-SK\",\"@id\":\"https:\\\/\\\/pmza.sk\\\/#\\\/schema\\\/logo\\\/image\\\/\",\"url\":\"https:\\\/\\\/pmza.sk\\\/wp-content\\\/uploads\\\/2022\\\/01\\\/logo_PM_horizontal.jpg\",\"contentUrl\":\"https:\\\/\\\/pmza.sk\\\/wp-content\\\/uploads\\\/2022\\\/01\\\/logo_PM_horizontal.jpg\",\"width\":231,\"height\":142,\"caption\":\"Pova\u017esk\u00e9 m\u00fazeum\"},\"image\":{\"@id\":\"https:\\\/\\\/pmza.sk\\\/#\\\/schema\\\/logo\\\/image\\\/\"},\"sameAs\":[\"https:\\\/\\\/www.facebook.com\\\/povazskemuzeum\",\"https:\\\/\\\/www.instagram.com\\\/povazskemuzeum\\\/\"]},{\"@type\":\"Person\",\"@id\":\"https:\\\/\\\/pmza.sk\\\/#\\\/schema\\\/person\\\/595e6a2ce731ea94dcd5d7f50a41ae33\",\"name\":\"Pova\u017esk\u00e9 m\u00fazeum\",\"image\":{\"@type\":\"ImageObject\",\"inLanguage\":\"sk-SK\",\"@id\":\"https:\\\/\\\/secure.gravatar.com\\\/avatar\\\/2bb7f1561282132fb5826dfeccc66c7996d11ee392ac6aaf7ced8a1c2027fbb2?s=96&d=mm&r=g\",\"url\":\"https:\\\/\\\/secure.gravatar.com\\\/avatar\\\/2bb7f1561282132fb5826dfeccc66c7996d11ee392ac6aaf7ced8a1c2027fbb2?s=96&d=mm&r=g\",\"contentUrl\":\"https:\\\/\\\/secure.gravatar.com\\\/avatar\\\/2bb7f1561282132fb5826dfeccc66c7996d11ee392ac6aaf7ced8a1c2027fbb2?s=96&d=mm&r=g\",\"caption\":\"Pova\u017esk\u00e9 m\u00fazeum\"}}]}<\/script>\n<!-- \/ Yoast SEO plugin. -->","yoast_head_json":{"title":"\u010clovek hrav\u00fd - Pova\u017esk\u00e9 m\u00fazeum","robots":{"index":"index","follow":"follow","max-snippet":"max-snippet:-1","max-image-preview":"max-image-preview:large","max-video-preview":"max-video-preview:-1"},"canonical":"https:\/\/pmza.sk\/?p=69010","og_locale":"sk_SK","og_type":"article","og_title":"\u010clovek hrav\u00fd - Pova\u017esk\u00e9 m\u00fazeum","og_description":"Komunitn\u00e1 miestnos\u0165 v\u00a0kaplnke Budat\u00ednskeho hradu l\u00e1ka n\u00e1v\u0161tevn\u00edkov na r\u00f4zne zauj\u00edmav\u00e9 v\u00fdstavy. Od 15. apr\u00edla tam bude in\u0161talovan\u00e1 nov\u00e1 v\u00fdstava s\u00a0n\u00e1zvom \u010clovek hrav\u00fd \u2013 Homo ludens, ktor\u00e1 predstav\u00ed prierez dizajn\u00e9rskymi pr\u00e1cami \u0161tudentov odboru Tvorba hra\u010diek a\u00a0dekorat\u00edvnych predmetov zo \u0160koly umeleck\u00e9ho priemyslu v\u00a0Ru\u017eomberku. Kur\u00e1tormi v\u00fdstavy s\u00fa histori\u010dka umenia a\u00a0pedagogi\u010dka na \u0160kole umeleck\u00e9ho priemyslu v\u00a0Ru\u017eomberku \u00a0M\u00e1ria Martinkov\u00e1 a\u00a0historik [&hellip;]","og_url":"https:\/\/pmza.sk\/?p=69010","og_site_name":"Pova\u017esk\u00e9 m\u00fazeum","article_publisher":"https:\/\/www.facebook.com\/povazskemuzeum","article_published_time":"2025-04-09T07:36:02+00:00","article_modified_time":"2025-07-01T12:07:46+00:00","og_image":[{"width":2560,"height":2560,"url":"https:\/\/pmza.sk\/wp-content\/uploads\/2025\/04\/Clovek_hravy_web-scaled.jpg","type":"image\/jpeg"}],"author":"Pova\u017esk\u00e9 m\u00fazeum","twitter_card":"summary_large_image","twitter_misc":{"Autor":"Pova\u017esk\u00e9 m\u00fazeum","Predpokladan\u00fd \u010das \u010d\u00edtania":"1 min\u00fata"},"schema":{"@context":"https:\/\/schema.org","@graph":[{"@type":"Article","@id":"https:\/\/pmza.sk\/?p=69010#article","isPartOf":{"@id":"https:\/\/pmza.sk\/?p=69010"},"author":{"name":"Pova\u017esk\u00e9 m\u00fazeum","@id":"https:\/\/pmza.sk\/#\/schema\/person\/595e6a2ce731ea94dcd5d7f50a41ae33"},"headline":"\u010clovek hrav\u00fd","datePublished":"2025-04-09T07:36:02+00:00","dateModified":"2025-07-01T12:07:46+00:00","mainEntityOfPage":{"@id":"https:\/\/pmza.sk\/?p=69010"},"wordCount":265,"publisher":{"@id":"https:\/\/pmza.sk\/#organization"},"image":{"@id":"https:\/\/pmza.sk\/?p=69010#primaryimage"},"thumbnailUrl":"https:\/\/pmza.sk\/wp-content\/uploads\/2025\/04\/Clovek_hravy_web-scaled.jpg","articleSection":["V\u00fdstavy"],"inLanguage":"sk-SK"},{"@type":"WebPage","@id":"https:\/\/pmza.sk\/?p=69010","url":"https:\/\/pmza.sk\/?p=69010","name":"\u010clovek hrav\u00fd - Pova\u017esk\u00e9 m\u00fazeum","isPartOf":{"@id":"https:\/\/pmza.sk\/#website"},"primaryImageOfPage":{"@id":"https:\/\/pmza.sk\/?p=69010#primaryimage"},"image":{"@id":"https:\/\/pmza.sk\/?p=69010#primaryimage"},"thumbnailUrl":"https:\/\/pmza.sk\/wp-content\/uploads\/2025\/04\/Clovek_hravy_web-scaled.jpg","datePublished":"2025-04-09T07:36:02+00:00","dateModified":"2025-07-01T12:07:46+00:00","breadcrumb":{"@id":"https:\/\/pmza.sk\/?p=69010#breadcrumb"},"inLanguage":"sk-SK","potentialAction":[{"@type":"ReadAction","target":["https:\/\/pmza.sk\/?p=69010"]}]},{"@type":"ImageObject","inLanguage":"sk-SK","@id":"https:\/\/pmza.sk\/?p=69010#primaryimage","url":"https:\/\/pmza.sk\/wp-content\/uploads\/2025\/04\/Clovek_hravy_web-scaled.jpg","contentUrl":"https:\/\/pmza.sk\/wp-content\/uploads\/2025\/04\/Clovek_hravy_web-scaled.jpg","width":2560,"height":2560},{"@type":"BreadcrumbList","@id":"https:\/\/pmza.sk\/?p=69010#breadcrumb","itemListElement":[{"@type":"ListItem","position":1,"name":"Domovsk\u00e1 str\u00e1nka","item":"https:\/\/pmza.sk\/"},{"@type":"ListItem","position":2,"name":"\u010clovek hrav\u00fd"}]},{"@type":"WebSite","@id":"https:\/\/pmza.sk\/#website","url":"https:\/\/pmza.sk\/","name":"Pova\u017esk\u00e9 m\u00fazeum","description":"Pova\u017esk\u00e9 m\u00fazeum v \u017diline je region\u00e1lne m\u00fazeum so s\u00eddlom v Budat\u00edne. Jeho expoz\u00edcie s\u00fa zameran\u00e9 na dejiny slovensk\u00e9ho umenia, kult\u00fary a dopravy.","publisher":{"@id":"https:\/\/pmza.sk\/#organization"},"potentialAction":[{"@type":"SearchAction","target":{"@type":"EntryPoint","urlTemplate":"https:\/\/pmza.sk\/?s={search_term_string}"},"query-input":{"@type":"PropertyValueSpecification","valueRequired":true,"valueName":"search_term_string"}}],"inLanguage":"sk-SK"},{"@type":"Organization","@id":"https:\/\/pmza.sk\/#organization","name":"Pova\u017esk\u00e9 m\u00fazeum","url":"https:\/\/pmza.sk\/","logo":{"@type":"ImageObject","inLanguage":"sk-SK","@id":"https:\/\/pmza.sk\/#\/schema\/logo\/image\/","url":"https:\/\/pmza.sk\/wp-content\/uploads\/2022\/01\/logo_PM_horizontal.jpg","contentUrl":"https:\/\/pmza.sk\/wp-content\/uploads\/2022\/01\/logo_PM_horizontal.jpg","width":231,"height":142,"caption":"Pova\u017esk\u00e9 m\u00fazeum"},"image":{"@id":"https:\/\/pmza.sk\/#\/schema\/logo\/image\/"},"sameAs":["https:\/\/www.facebook.com\/povazskemuzeum","https:\/\/www.instagram.com\/povazskemuzeum\/"]},{"@type":"Person","@id":"https:\/\/pmza.sk\/#\/schema\/person\/595e6a2ce731ea94dcd5d7f50a41ae33","name":"Pova\u017esk\u00e9 m\u00fazeum","image":{"@type":"ImageObject","inLanguage":"sk-SK","@id":"https:\/\/secure.gravatar.com\/avatar\/2bb7f1561282132fb5826dfeccc66c7996d11ee392ac6aaf7ced8a1c2027fbb2?s=96&d=mm&r=g","url":"https:\/\/secure.gravatar.com\/avatar\/2bb7f1561282132fb5826dfeccc66c7996d11ee392ac6aaf7ced8a1c2027fbb2?s=96&d=mm&r=g","contentUrl":"https:\/\/secure.gravatar.com\/avatar\/2bb7f1561282132fb5826dfeccc66c7996d11ee392ac6aaf7ced8a1c2027fbb2?s=96&d=mm&r=g","caption":"Pova\u017esk\u00e9 m\u00fazeum"}}]}},"_links":{"self":[{"href":"https:\/\/pmza.sk\/index.php?rest_route=\/wp\/v2\/posts\/69010","targetHints":{"allow":["GET"]}}],"collection":[{"href":"https:\/\/pmza.sk\/index.php?rest_route=\/wp\/v2\/posts"}],"about":[{"href":"https:\/\/pmza.sk\/index.php?rest_route=\/wp\/v2\/types\/post"}],"author":[{"embeddable":true,"href":"https:\/\/pmza.sk\/index.php?rest_route=\/wp\/v2\/users\/2"}],"replies":[{"embeddable":true,"href":"https:\/\/pmza.sk\/index.php?rest_route=%2Fwp%2Fv2%2Fcomments&post=69010"}],"version-history":[{"count":0,"href":"https:\/\/pmza.sk\/index.php?rest_route=\/wp\/v2\/posts\/69010\/revisions"}],"wp:featuredmedia":[{"embeddable":true,"href":"https:\/\/pmza.sk\/index.php?rest_route=\/wp\/v2\/media\/69013"}],"wp:attachment":[{"href":"https:\/\/pmza.sk\/index.php?rest_route=%2Fwp%2Fv2%2Fmedia&parent=69010"}],"wp:term":[{"taxonomy":"category","embeddable":true,"href":"https:\/\/pmza.sk\/index.php?rest_route=%2Fwp%2Fv2%2Fcategories&post=69010"},{"taxonomy":"post_tag","embeddable":true,"href":"https:\/\/pmza.sk\/index.php?rest_route=%2Fwp%2Fv2%2Ftags&post=69010"}],"curies":[{"name":"wp","href":"https:\/\/api.w.org\/{rel}","templated":true}]}}