{"id":6912,"date":"2013-02-21T12:23:08","date_gmt":"2013-02-21T11:23:08","guid":{"rendered":"https:\/\/pmza.sk.sk\/?p=6912"},"modified":"2013-02-21T12:23:08","modified_gmt":"2013-02-21T11:23:08","slug":"clenovia-zdruzenia-vytvarnych-umelcov-stredneho-slovenska-v-sobasnom-palaci-v-bytci","status":"publish","type":"post","link":"https:\/\/pmza.sk\/?p=6912","title":{"rendered":"\u010clenovia zdru\u017eenia v\u00fdtvarn\u00fdch umelcov stredn\u00e9ho Slovenska v Sob\u00e1\u0161nom pal\u00e1ci v Byt\u010di"},"content":{"rendered":"<p><a href=\"https:\/\/pmza.sk\/wp-content\/uploads\/2013\/02\/Zem-Slovensko-X._Muzeum-SNP-B.Bystrica-2011.jpg\"><img fetchpriority=\"high\" decoding=\"async\" class=\"size-medium wp-image-6913 alignleft\" style=\"border: 2px solid black; margin: 4px;\" title=\"Zem Slovensko X._M\u00fazeum SNP B.Bystrica 2011\" src=\"https:\/\/pmza.sk.sk\/wp-content\/uploads\/2013\/02\/Zem-Slovensko-X._M\u00fazeum-SNP-B.Bystrica-2011-300x189.jpg\" alt=\"\" width=\"300\" height=\"189\" \/><\/a>Zdru\u017eenie v\u00fdtvarn\u00fdch umelcov stredn\u00e9ho Slovenska (ZVUSS) po\u010das svojej dvadsa\u0165ro\u010dnej existencie realizovalo u\u017e vy\u0161e dvadsa\u0165 kolekt\u00edvnych v\u00fdstav, zabezpe\u010dilo viac ako stovku tvoriv\u00fdch \u0161tipendi\u00ed, alebo podp\u00f4r. V\u00a0s\u00fa\u010dasnosti m\u00e1 46 \u010dlenov a\u00a0po\u010das marca predstav\u00ed v\u00a0r\u00e1mci v\u00fdstavy <strong>Zem Slovensko XI.<\/strong> v\u00a0priestoroch Sob\u00e1\u0161neho pal\u00e1ca v\u00a0Byt\u010di v\u00fdtvarn\u00e9 diela svojich \u010dlenov, z\u00a0ktor\u00fdch nieko\u013ek\u00ed poch\u00e1dzaj\u00fa priamo z\u00a0mesta Byt\u010da a\u00a0z jeho bl\u00edzkeho okolia<em>. ,,Zdru\u017eenie v\u00fdtvarn\u00fdch umelcov stredn\u00e9ho Slovenska je pokra\u010dovate\u013eom b\u00fdvalej Krajskej organiz\u00e1cie Zv\u00e4zu slovensk\u00fdch v\u00fdtvarn\u00fdch umelcov v Banskej Bystrici.<\/em> <em>Zdru\u017eenia v\u00fdtvarn\u00fdch umelcov vznikaj\u00fa z programov\u00fdch d\u00f4vodov, ale aj ako jednoduch\u00e1<\/em> <em>potreba neby\u0165 vo svojich tvoriv\u00fdch probl\u00e9moch s\u00e1m. Pri tvoriv\u00fdch zdru\u017eeniach \u010dastej\u0161ie vznikaj\u00fa r\u00f4zne projekty, ktor\u00e9 by jedinec omnoho n\u00e1ro\u010dnej\u0161ie realizoval nielen z \u010dasov\u00fdch,<\/em> <em>ale aj z finan\u010dn\u00fdch d\u00f4vodov<\/em>,\u201c uviedol akad. maliar Pavol Mu\u0161ka, predseda ZVUSS.<!--more--><\/p>\n<p>Zdru\u017eenie pravidelne realizuje kolekt\u00edvne v\u00fdstavy pod n\u00e1zvom Zem Slovensko. \u00da\u010das\u0165 na t\u00fdchto v\u00fdstav\u00e1ch pova\u017euj\u00fa takmer v\u0161etci \u010dlenovia zdru\u017eenia za povinnos\u0165. Na aktu\u00e1lnej v\u00fdstave \u010dlenovia vystavuj\u00fa v\u00fdtvarn\u00e9 diela, ktor\u00e9 s\u00fa obrazom ich \u017eivota, ich my\u0161lienok, ich moment\u00e1lneho programu. \u017divot a tvorbu v\u00fdtvarn\u00fdch umelcov mimo ve\u013ek\u00e9 civiliza\u010dn\u00e9 centr\u00e1 charakterizuje bli\u017e\u0161\u00ed kontakt s\u00a0pr\u00edrodou. I napriek s\u00fa\u010dasn\u00fdm komunika\u010dn\u00fdm prostriedkom, tento faktor ovplyv\u0148uje jednak ich tematick\u00fd obsah diel a jednak formu ich v\u00fdpovede.<\/p>\n<p><em>,,V\u00fdstava i napriek rozmanitosti prejavov a r\u00f4znorodosti techn\u00edk a pou\u017eit\u00fdch materi\u00e1lov sved\u010d\u00ed o snahe zauja\u0165, in\u0161pirova\u0165 a pote\u0161i\u0165. \u00a0Rozmanitos\u0165 t\u00e9m a r\u00f4znos\u0165 poh\u013eadov jednotliv\u00fdch autorov d\u00e1va v\u00fdstave mnohovrstevnos\u0165, ktor\u00e1 pri\u0165ahuje, vytv\u00e1ra pozit\u00edvno a ver\u00edme, \u017ee sa stane in\u0161pir\u00e1ciou aj pre n\u00e1v\u0161tevn\u00edkov,\u201c <\/em>dodal Pavol Mu\u0161ka.<\/p>\n<p>Vernis\u00e1\u017e v\u00fdstavy <strong>Zem Slovensko XI.<\/strong> sa uskuto\u010dn\u00ed <strong>v\u00a0piatok 1. marca 2013<\/strong> <strong>o\u00a016.00 hod<\/strong>. v\u00a0Sob\u00e1\u0161nom pal\u00e1ci v\u00a0Byt\u010di. Pre verejnos\u0165 bude v\u00fdstava pr\u00edstupn\u00e1 do <strong>2. apr\u00edla 2013.<\/strong> Organiz\u00e1torom v\u00fdstavy je Zdru\u017eenie v\u00fdtvarn\u00fdch umelcov stredn\u00e9ho Slovenska, \u017dilinsk\u00fd samospr\u00e1vny kraj a\u00a0Pova\u017esk\u00e9 m\u00fazeum v\u00a0\u017diline.<\/p>\n","protected":false},"excerpt":{"rendered":"<p>Zdru\u017eenie v\u00fdtvarn\u00fdch umelcov stredn\u00e9ho Slovenska (ZVUSS) po\u010das svojej dvadsa\u0165ro\u010dnej existencie realizovalo u\u017e vy\u0161e dvadsa\u0165 kolekt\u00edvnych v\u00fdstav, zabezpe\u010dilo viac ako stovku tvoriv\u00fdch \u0161tipendi\u00ed, alebo podp\u00f4r. V\u00a0s\u00fa\u010dasnosti m\u00e1 46 \u010dlenov a\u00a0po\u010das marca predstav\u00ed v\u00a0r\u00e1mci v\u00fdstavy Zem Slovensko XI. v\u00a0priestoroch Sob\u00e1\u0161neho pal\u00e1ca v\u00a0Byt\u010di v\u00fdtvarn\u00e9 diela svojich \u010dlenov, z\u00a0ktor\u00fdch nieko\u013ek\u00ed poch\u00e1dzaj\u00fa priamo z\u00a0mesta Byt\u010da a\u00a0z jeho bl\u00edzkeho okolia. ,,Zdru\u017eenie [&hellip;]<\/p>\n","protected":false},"author":2,"featured_media":0,"comment_status":"closed","ping_status":"closed","sticky":false,"template":"","format":"standard","meta":{"site-sidebar-layout":"default","site-content-layout":"","ast-site-content-layout":"","site-content-style":"default","site-sidebar-style":"default","ast-global-header-display":"","ast-banner-title-visibility":"","ast-main-header-display":"","ast-hfb-above-header-display":"","ast-hfb-below-header-display":"","ast-hfb-mobile-header-display":"","site-post-title":"","ast-breadcrumbs-content":"","ast-featured-img":"","footer-sml-layout":"","theme-transparent-header-meta":"","adv-header-id-meta":"","stick-header-meta":"","header-above-stick-meta":"","header-main-stick-meta":"","header-below-stick-meta":"","astra-migrate-meta-layouts":"default","ast-page-background-enabled":"default","ast-page-background-meta":{"desktop":{"background-color":"var(--ast-global-color-4)","background-image":"","background-repeat":"repeat","background-position":"center center","background-size":"auto","background-attachment":"scroll","background-type":"","background-media":"","overlay-type":"","overlay-color":"","overlay-opacity":"","overlay-gradient":""},"tablet":{"background-color":"","background-image":"","background-repeat":"repeat","background-position":"center center","background-size":"auto","background-attachment":"scroll","background-type":"","background-media":"","overlay-type":"","overlay-color":"","overlay-opacity":"","overlay-gradient":""},"mobile":{"background-color":"","background-image":"","background-repeat":"repeat","background-position":"center center","background-size":"auto","background-attachment":"scroll","background-type":"","background-media":"","overlay-type":"","overlay-color":"","overlay-opacity":"","overlay-gradient":""}},"ast-content-background-meta":{"desktop":{"background-color":"var(--ast-global-color-5)","background-image":"","background-repeat":"repeat","background-position":"center center","background-size":"auto","background-attachment":"scroll","background-type":"","background-media":"","overlay-type":"","overlay-color":"","overlay-opacity":"","overlay-gradient":""},"tablet":{"background-color":"var(--ast-global-color-5)","background-image":"","background-repeat":"repeat","background-position":"center center","background-size":"auto","background-attachment":"scroll","background-type":"","background-media":"","overlay-type":"","overlay-color":"","overlay-opacity":"","overlay-gradient":""},"mobile":{"background-color":"var(--ast-global-color-5)","background-image":"","background-repeat":"repeat","background-position":"center center","background-size":"auto","background-attachment":"scroll","background-type":"","background-media":"","overlay-type":"","overlay-color":"","overlay-opacity":"","overlay-gradient":""}},"footnotes":""},"categories":[33],"tags":[],"class_list":["post-6912","post","type-post","status-publish","format-standard","hentry","category-archiv-2013"],"yoast_head":"<!-- This site is optimized with the Yoast SEO plugin v27.4 - https:\/\/yoast.com\/product\/yoast-seo-wordpress\/ -->\n<title>\u010clenovia zdru\u017eenia v\u00fdtvarn\u00fdch umelcov stredn\u00e9ho Slovenska v Sob\u00e1\u0161nom pal\u00e1ci v Byt\u010di - Pova\u017esk\u00e9 m\u00fazeum<\/title>\n<meta name=\"robots\" content=\"index, follow, max-snippet:-1, max-image-preview:large, max-video-preview:-1\" \/>\n<link rel=\"canonical\" href=\"https:\/\/pmza.sk\/?p=6912\" \/>\n<meta property=\"og:locale\" content=\"sk_SK\" \/>\n<meta property=\"og:type\" content=\"article\" \/>\n<meta property=\"og:title\" content=\"\u010clenovia zdru\u017eenia v\u00fdtvarn\u00fdch umelcov stredn\u00e9ho Slovenska v Sob\u00e1\u0161nom pal\u00e1ci v Byt\u010di - Pova\u017esk\u00e9 m\u00fazeum\" \/>\n<meta property=\"og:description\" content=\"Zdru\u017eenie v\u00fdtvarn\u00fdch umelcov stredn\u00e9ho Slovenska (ZVUSS) po\u010das svojej dvadsa\u0165ro\u010dnej existencie realizovalo u\u017e vy\u0161e dvadsa\u0165 kolekt\u00edvnych v\u00fdstav, zabezpe\u010dilo viac ako stovku tvoriv\u00fdch \u0161tipendi\u00ed, alebo podp\u00f4r. V\u00a0s\u00fa\u010dasnosti m\u00e1 46 \u010dlenov a\u00a0po\u010das marca predstav\u00ed v\u00a0r\u00e1mci v\u00fdstavy Zem Slovensko XI. v\u00a0priestoroch Sob\u00e1\u0161neho pal\u00e1ca v\u00a0Byt\u010di v\u00fdtvarn\u00e9 diela svojich \u010dlenov, z\u00a0ktor\u00fdch nieko\u013ek\u00ed poch\u00e1dzaj\u00fa priamo z\u00a0mesta Byt\u010da a\u00a0z jeho bl\u00edzkeho okolia. ,,Zdru\u017eenie [&hellip;]\" \/>\n<meta property=\"og:url\" content=\"https:\/\/pmza.sk\/?p=6912\" \/>\n<meta property=\"og:site_name\" content=\"Pova\u017esk\u00e9 m\u00fazeum\" \/>\n<meta property=\"article:publisher\" content=\"https:\/\/www.facebook.com\/povazskemuzeum\" \/>\n<meta property=\"article:published_time\" content=\"2013-02-21T11:23:08+00:00\" \/>\n<meta name=\"author\" content=\"Pova\u017esk\u00e9 m\u00fazeum\" \/>\n<meta name=\"twitter:card\" content=\"summary_large_image\" \/>\n<meta name=\"twitter:label1\" content=\"Autor\" \/>\n\t<meta name=\"twitter:data1\" content=\"Pova\u017esk\u00e9 m\u00fazeum\" \/>\n\t<meta name=\"twitter:label2\" content=\"Predpokladan\u00fd \u010das \u010d\u00edtania\" \/>\n\t<meta name=\"twitter:data2\" content=\"2 min\u00faty\" \/>\n<script type=\"application\/ld+json\" class=\"yoast-schema-graph\">{\"@context\":\"https:\\\/\\\/schema.org\",\"@graph\":[{\"@type\":\"Article\",\"@id\":\"https:\\\/\\\/pmza.sk\\\/?p=6912#article\",\"isPartOf\":{\"@id\":\"https:\\\/\\\/pmza.sk\\\/?p=6912\"},\"author\":{\"name\":\"Pova\u017esk\u00e9 m\u00fazeum\",\"@id\":\"https:\\\/\\\/pmza.sk\\\/#\\\/schema\\\/person\\\/595e6a2ce731ea94dcd5d7f50a41ae33\"},\"headline\":\"\u010clenovia zdru\u017eenia v\u00fdtvarn\u00fdch umelcov stredn\u00e9ho Slovenska v Sob\u00e1\u0161nom pal\u00e1ci v Byt\u010di\",\"datePublished\":\"2013-02-21T11:23:08+00:00\",\"mainEntityOfPage\":{\"@id\":\"https:\\\/\\\/pmza.sk\\\/?p=6912\"},\"wordCount\":420,\"publisher\":{\"@id\":\"https:\\\/\\\/pmza.sk\\\/#organization\"},\"articleSection\":[\"Arch\u00edv 2013\"],\"inLanguage\":\"sk-SK\"},{\"@type\":\"WebPage\",\"@id\":\"https:\\\/\\\/pmza.sk\\\/?p=6912\",\"url\":\"https:\\\/\\\/pmza.sk\\\/?p=6912\",\"name\":\"\u010clenovia zdru\u017eenia v\u00fdtvarn\u00fdch umelcov stredn\u00e9ho Slovenska v Sob\u00e1\u0161nom pal\u00e1ci v Byt\u010di - Pova\u017esk\u00e9 m\u00fazeum\",\"isPartOf\":{\"@id\":\"https:\\\/\\\/pmza.sk\\\/#website\"},\"datePublished\":\"2013-02-21T11:23:08+00:00\",\"breadcrumb\":{\"@id\":\"https:\\\/\\\/pmza.sk\\\/?p=6912#breadcrumb\"},\"inLanguage\":\"sk-SK\",\"potentialAction\":[{\"@type\":\"ReadAction\",\"target\":[\"https:\\\/\\\/pmza.sk\\\/?p=6912\"]}]},{\"@type\":\"BreadcrumbList\",\"@id\":\"https:\\\/\\\/pmza.sk\\\/?p=6912#breadcrumb\",\"itemListElement\":[{\"@type\":\"ListItem\",\"position\":1,\"name\":\"Domovsk\u00e1 str\u00e1nka\",\"item\":\"https:\\\/\\\/pmza.sk\\\/\"},{\"@type\":\"ListItem\",\"position\":2,\"name\":\"\u010clenovia zdru\u017eenia v\u00fdtvarn\u00fdch umelcov stredn\u00e9ho Slovenska v Sob\u00e1\u0161nom pal\u00e1ci v Byt\u010di\"}]},{\"@type\":\"WebSite\",\"@id\":\"https:\\\/\\\/pmza.sk\\\/#website\",\"url\":\"https:\\\/\\\/pmza.sk\\\/\",\"name\":\"Pova\u017esk\u00e9 m\u00fazeum\",\"description\":\"Pova\u017esk\u00e9 m\u00fazeum v \u017diline je region\u00e1lne m\u00fazeum so s\u00eddlom v Budat\u00edne. Jeho expoz\u00edcie s\u00fa zameran\u00e9 na dejiny slovensk\u00e9ho umenia, kult\u00fary a dopravy.\",\"publisher\":{\"@id\":\"https:\\\/\\\/pmza.sk\\\/#organization\"},\"potentialAction\":[{\"@type\":\"SearchAction\",\"target\":{\"@type\":\"EntryPoint\",\"urlTemplate\":\"https:\\\/\\\/pmza.sk\\\/?s={search_term_string}\"},\"query-input\":{\"@type\":\"PropertyValueSpecification\",\"valueRequired\":true,\"valueName\":\"search_term_string\"}}],\"inLanguage\":\"sk-SK\"},{\"@type\":\"Organization\",\"@id\":\"https:\\\/\\\/pmza.sk\\\/#organization\",\"name\":\"Pova\u017esk\u00e9 m\u00fazeum\",\"url\":\"https:\\\/\\\/pmza.sk\\\/\",\"logo\":{\"@type\":\"ImageObject\",\"inLanguage\":\"sk-SK\",\"@id\":\"https:\\\/\\\/pmza.sk\\\/#\\\/schema\\\/logo\\\/image\\\/\",\"url\":\"https:\\\/\\\/pmza.sk\\\/wp-content\\\/uploads\\\/2022\\\/01\\\/logo_PM_horizontal.jpg\",\"contentUrl\":\"https:\\\/\\\/pmza.sk\\\/wp-content\\\/uploads\\\/2022\\\/01\\\/logo_PM_horizontal.jpg\",\"width\":231,\"height\":142,\"caption\":\"Pova\u017esk\u00e9 m\u00fazeum\"},\"image\":{\"@id\":\"https:\\\/\\\/pmza.sk\\\/#\\\/schema\\\/logo\\\/image\\\/\"},\"sameAs\":[\"https:\\\/\\\/www.facebook.com\\\/povazskemuzeum\",\"https:\\\/\\\/www.instagram.com\\\/povazskemuzeum\\\/\"]},{\"@type\":\"Person\",\"@id\":\"https:\\\/\\\/pmza.sk\\\/#\\\/schema\\\/person\\\/595e6a2ce731ea94dcd5d7f50a41ae33\",\"name\":\"Pova\u017esk\u00e9 m\u00fazeum\",\"image\":{\"@type\":\"ImageObject\",\"inLanguage\":\"sk-SK\",\"@id\":\"https:\\\/\\\/secure.gravatar.com\\\/avatar\\\/2bb7f1561282132fb5826dfeccc66c7996d11ee392ac6aaf7ced8a1c2027fbb2?s=96&d=mm&r=g\",\"url\":\"https:\\\/\\\/secure.gravatar.com\\\/avatar\\\/2bb7f1561282132fb5826dfeccc66c7996d11ee392ac6aaf7ced8a1c2027fbb2?s=96&d=mm&r=g\",\"contentUrl\":\"https:\\\/\\\/secure.gravatar.com\\\/avatar\\\/2bb7f1561282132fb5826dfeccc66c7996d11ee392ac6aaf7ced8a1c2027fbb2?s=96&d=mm&r=g\",\"caption\":\"Pova\u017esk\u00e9 m\u00fazeum\"}}]}<\/script>\n<!-- \/ Yoast SEO plugin. -->","yoast_head_json":{"title":"\u010clenovia zdru\u017eenia v\u00fdtvarn\u00fdch umelcov stredn\u00e9ho Slovenska v Sob\u00e1\u0161nom pal\u00e1ci v Byt\u010di - Pova\u017esk\u00e9 m\u00fazeum","robots":{"index":"index","follow":"follow","max-snippet":"max-snippet:-1","max-image-preview":"max-image-preview:large","max-video-preview":"max-video-preview:-1"},"canonical":"https:\/\/pmza.sk\/?p=6912","og_locale":"sk_SK","og_type":"article","og_title":"\u010clenovia zdru\u017eenia v\u00fdtvarn\u00fdch umelcov stredn\u00e9ho Slovenska v Sob\u00e1\u0161nom pal\u00e1ci v Byt\u010di - Pova\u017esk\u00e9 m\u00fazeum","og_description":"Zdru\u017eenie v\u00fdtvarn\u00fdch umelcov stredn\u00e9ho Slovenska (ZVUSS) po\u010das svojej dvadsa\u0165ro\u010dnej existencie realizovalo u\u017e vy\u0161e dvadsa\u0165 kolekt\u00edvnych v\u00fdstav, zabezpe\u010dilo viac ako stovku tvoriv\u00fdch \u0161tipendi\u00ed, alebo podp\u00f4r. V\u00a0s\u00fa\u010dasnosti m\u00e1 46 \u010dlenov a\u00a0po\u010das marca predstav\u00ed v\u00a0r\u00e1mci v\u00fdstavy Zem Slovensko XI. v\u00a0priestoroch Sob\u00e1\u0161neho pal\u00e1ca v\u00a0Byt\u010di v\u00fdtvarn\u00e9 diela svojich \u010dlenov, z\u00a0ktor\u00fdch nieko\u013ek\u00ed poch\u00e1dzaj\u00fa priamo z\u00a0mesta Byt\u010da a\u00a0z jeho bl\u00edzkeho okolia. ,,Zdru\u017eenie [&hellip;]","og_url":"https:\/\/pmza.sk\/?p=6912","og_site_name":"Pova\u017esk\u00e9 m\u00fazeum","article_publisher":"https:\/\/www.facebook.com\/povazskemuzeum","article_published_time":"2013-02-21T11:23:08+00:00","author":"Pova\u017esk\u00e9 m\u00fazeum","twitter_card":"summary_large_image","twitter_misc":{"Autor":"Pova\u017esk\u00e9 m\u00fazeum","Predpokladan\u00fd \u010das \u010d\u00edtania":"2 min\u00faty"},"schema":{"@context":"https:\/\/schema.org","@graph":[{"@type":"Article","@id":"https:\/\/pmza.sk\/?p=6912#article","isPartOf":{"@id":"https:\/\/pmza.sk\/?p=6912"},"author":{"name":"Pova\u017esk\u00e9 m\u00fazeum","@id":"https:\/\/pmza.sk\/#\/schema\/person\/595e6a2ce731ea94dcd5d7f50a41ae33"},"headline":"\u010clenovia zdru\u017eenia v\u00fdtvarn\u00fdch umelcov stredn\u00e9ho Slovenska v Sob\u00e1\u0161nom pal\u00e1ci v Byt\u010di","datePublished":"2013-02-21T11:23:08+00:00","mainEntityOfPage":{"@id":"https:\/\/pmza.sk\/?p=6912"},"wordCount":420,"publisher":{"@id":"https:\/\/pmza.sk\/#organization"},"articleSection":["Arch\u00edv 2013"],"inLanguage":"sk-SK"},{"@type":"WebPage","@id":"https:\/\/pmza.sk\/?p=6912","url":"https:\/\/pmza.sk\/?p=6912","name":"\u010clenovia zdru\u017eenia v\u00fdtvarn\u00fdch umelcov stredn\u00e9ho Slovenska v Sob\u00e1\u0161nom pal\u00e1ci v Byt\u010di - Pova\u017esk\u00e9 m\u00fazeum","isPartOf":{"@id":"https:\/\/pmza.sk\/#website"},"datePublished":"2013-02-21T11:23:08+00:00","breadcrumb":{"@id":"https:\/\/pmza.sk\/?p=6912#breadcrumb"},"inLanguage":"sk-SK","potentialAction":[{"@type":"ReadAction","target":["https:\/\/pmza.sk\/?p=6912"]}]},{"@type":"BreadcrumbList","@id":"https:\/\/pmza.sk\/?p=6912#breadcrumb","itemListElement":[{"@type":"ListItem","position":1,"name":"Domovsk\u00e1 str\u00e1nka","item":"https:\/\/pmza.sk\/"},{"@type":"ListItem","position":2,"name":"\u010clenovia zdru\u017eenia v\u00fdtvarn\u00fdch umelcov stredn\u00e9ho Slovenska v Sob\u00e1\u0161nom pal\u00e1ci v Byt\u010di"}]},{"@type":"WebSite","@id":"https:\/\/pmza.sk\/#website","url":"https:\/\/pmza.sk\/","name":"Pova\u017esk\u00e9 m\u00fazeum","description":"Pova\u017esk\u00e9 m\u00fazeum v \u017diline je region\u00e1lne m\u00fazeum so s\u00eddlom v Budat\u00edne. Jeho expoz\u00edcie s\u00fa zameran\u00e9 na dejiny slovensk\u00e9ho umenia, kult\u00fary a dopravy.","publisher":{"@id":"https:\/\/pmza.sk\/#organization"},"potentialAction":[{"@type":"SearchAction","target":{"@type":"EntryPoint","urlTemplate":"https:\/\/pmza.sk\/?s={search_term_string}"},"query-input":{"@type":"PropertyValueSpecification","valueRequired":true,"valueName":"search_term_string"}}],"inLanguage":"sk-SK"},{"@type":"Organization","@id":"https:\/\/pmza.sk\/#organization","name":"Pova\u017esk\u00e9 m\u00fazeum","url":"https:\/\/pmza.sk\/","logo":{"@type":"ImageObject","inLanguage":"sk-SK","@id":"https:\/\/pmza.sk\/#\/schema\/logo\/image\/","url":"https:\/\/pmza.sk\/wp-content\/uploads\/2022\/01\/logo_PM_horizontal.jpg","contentUrl":"https:\/\/pmza.sk\/wp-content\/uploads\/2022\/01\/logo_PM_horizontal.jpg","width":231,"height":142,"caption":"Pova\u017esk\u00e9 m\u00fazeum"},"image":{"@id":"https:\/\/pmza.sk\/#\/schema\/logo\/image\/"},"sameAs":["https:\/\/www.facebook.com\/povazskemuzeum","https:\/\/www.instagram.com\/povazskemuzeum\/"]},{"@type":"Person","@id":"https:\/\/pmza.sk\/#\/schema\/person\/595e6a2ce731ea94dcd5d7f50a41ae33","name":"Pova\u017esk\u00e9 m\u00fazeum","image":{"@type":"ImageObject","inLanguage":"sk-SK","@id":"https:\/\/secure.gravatar.com\/avatar\/2bb7f1561282132fb5826dfeccc66c7996d11ee392ac6aaf7ced8a1c2027fbb2?s=96&d=mm&r=g","url":"https:\/\/secure.gravatar.com\/avatar\/2bb7f1561282132fb5826dfeccc66c7996d11ee392ac6aaf7ced8a1c2027fbb2?s=96&d=mm&r=g","contentUrl":"https:\/\/secure.gravatar.com\/avatar\/2bb7f1561282132fb5826dfeccc66c7996d11ee392ac6aaf7ced8a1c2027fbb2?s=96&d=mm&r=g","caption":"Pova\u017esk\u00e9 m\u00fazeum"}}]}},"_links":{"self":[{"href":"https:\/\/pmza.sk\/index.php?rest_route=\/wp\/v2\/posts\/6912","targetHints":{"allow":["GET"]}}],"collection":[{"href":"https:\/\/pmza.sk\/index.php?rest_route=\/wp\/v2\/posts"}],"about":[{"href":"https:\/\/pmza.sk\/index.php?rest_route=\/wp\/v2\/types\/post"}],"author":[{"embeddable":true,"href":"https:\/\/pmza.sk\/index.php?rest_route=\/wp\/v2\/users\/2"}],"replies":[{"embeddable":true,"href":"https:\/\/pmza.sk\/index.php?rest_route=%2Fwp%2Fv2%2Fcomments&post=6912"}],"version-history":[{"count":0,"href":"https:\/\/pmza.sk\/index.php?rest_route=\/wp\/v2\/posts\/6912\/revisions"}],"wp:attachment":[{"href":"https:\/\/pmza.sk\/index.php?rest_route=%2Fwp%2Fv2%2Fmedia&parent=6912"}],"wp:term":[{"taxonomy":"category","embeddable":true,"href":"https:\/\/pmza.sk\/index.php?rest_route=%2Fwp%2Fv2%2Fcategories&post=6912"},{"taxonomy":"post_tag","embeddable":true,"href":"https:\/\/pmza.sk\/index.php?rest_route=%2Fwp%2Fv2%2Ftags&post=6912"}],"curies":[{"name":"wp","href":"https:\/\/api.w.org\/{rel}","templated":true}]}}