{"id":6934,"date":"2013-02-27T12:57:35","date_gmt":"2013-02-27T11:57:35","guid":{"rendered":"https:\/\/pmza.sk.sk\/?p=6934"},"modified":"2013-02-27T12:57:35","modified_gmt":"2013-02-27T11:57:35","slug":"vikend-v-znameni-pripomienky-300-vyrocia-smrti-juraja-janosika","status":"publish","type":"post","link":"https:\/\/pmza.sk\/?p=6934","title":{"rendered":"V\u00edkend v znamen\u00ed pripomienky 300. v\u00fdro\u010dia smrti Juraja J\u00e1no\u0161\u00edka"},"content":{"rendered":"<p><a href=\"https:\/\/pmza.sk\/wp-content\/uploads\/2013\/02\/Janosik-L.-Fulla-19552.jpg\"><img fetchpriority=\"high\" decoding=\"async\" class=\"alignleft size-medium wp-image-6937\" style=\"border: 2px solid black; margin: 4px;\" title=\"J\u00e1no\u0161\u00edk, \u013d. Fulla, 1955\" src=\"https:\/\/pmza.sk.sk\/wp-content\/uploads\/2013\/02\/J\u00e1no\u0161\u00edk-\u013d.-Fulla-19552-300x225.jpg\" alt=\"\" width=\"310\" height=\"258\" \/><\/a>Azda sa nen\u00e1jde Slov\u00e1k, ktor\u00fd by si pri vysloven\u00ed mena Juraj J\u00e1no\u0161\u00edk nespomenul na zn\u00e1me &#8211; bohat\u00fdm bral a\u00a0chudobn\u00fdm d\u00e1val. 17. marca 2013 uplynie 300 rokov od smrti tohto \u013eudov\u00e9ho hrdinu.\u00a0 Subjekty, ktor\u00e9 p\u00f4sobia na \u00fazem\u00ed terchovskej doliny a\u00a0v\u00a0obci Terchov\u00e1 v\u00a0oblasti kult\u00fary, cestovn\u00e9ho ruchu a\u00a0region\u00e1lneho rozvoja \u00a0sa rozhodli pripomen\u00fa\u0165 si t\u00fato udalos\u0165 v\u00fdnimo\u010dn\u00fdm podujat\u00edm. <em>,,\u010ci u\u017e sa na Juraja J\u00e1no\u0161\u00edka pozer\u00e1me ako na hrdinu, alebo na zlodeja, faktom je, \u017ee t\u00e1to postava zost\u00e1va pre laick\u00fa verejnos\u0165 zahalen\u00e1 r\u00fa\u0161kom tajomstva. Zrejme aj preto sa v\u00a0priebehu rokov stal nielen legendou \u013eudov\u00fdch pr\u00edbehov, ale aj \u00fastrednou postavou r\u00f4znych kult\u00farnych akci\u00ed,\u201c <\/em>uviedla Katar\u00edna Zacharov\u00e1, etnologi\u010dka Pova\u017esk\u00e9ho m\u00fazea v\u00a0\u017diline.<!--more--><\/p>\n<p>Are\u00e1l Hotela Gold v\u00a0Terchovej sa u\u017e nieko\u013ekokr\u00e1t stal miestom konania zauj\u00edmav\u00fdch podujat\u00ed zameran\u00fdch na regi\u00f3n a\u00a0trad\u00edcie. Tento raz poskytuje svoje priestory nielen \u013eudov\u00fdm v\u00fdrobcom, remesl\u00e1m, tvoriv\u00fdm diel\u0148am pre deti, ale na svoje si pr\u00eddu aj gurm\u00e1ni \u010di filmov\u00ed fan\u00fa\u0161ikovia. <em>,,Po\u010das oboch dn\u00ed sa v\u00a0are\u00e1li hotela bud\u00fa premieta\u0165 filmy o\u00a0Jurajovi J\u00e1no\u0161\u00edkovi. L\u00e1kav\u00e1 pre n\u00e1v\u0161tevn\u00edkov bude ur\u010dite aj uk\u00e1\u017eka pravej dom\u00e1cej zab\u00edja\u010dky v\u00a0sobot\u0148aj\u0161\u00edch rann\u00fdch hodin\u00e1ch.<\/em> <em>Nede\u013e\u0148aj\u0161\u00ed program sa bude nies\u0165 v\u00a0duchu folkl\u00f3rnych vyst\u00fapen\u00ed, pon\u00fakne v\u0161ak aj zinscenovan\u00fd pr\u00edbeh o\u00a0sl\u00e1vnom zbojn\u00edkovi v\u00a0podan\u00ed improviza\u010dnej skupiny Kapor na sc\u00e9ne,\u201c <\/em>hovor\u00ed Mari\u00e1n Bardiovsk\u00fd, riadite\u013e hotela Gold<em>.<\/em> V\u00a0nede\u013eu tie\u017e bude z\u00a0iniciat\u00edvy Zdru\u017eenia turizmu Terchov\u00e1 v\u00a0osade J\u00e1no\u0161ovia osaden\u00e1\u00a0 pam\u00e4tn\u00e1 tabu\u013ea na mieste, kde pod\u013ea miestnych trad\u00edci\u00ed v\u00a0minulosti st\u00e1l rodn\u00fd dom najzn\u00e1mej\u0161ieho slovensk\u00e9ho zbojn\u00edka.<em> <\/em>Ob\u010dianske zdru\u017eenie Partnerstvo pre MAS Terchovsk\u00e1 dolina sa do programu, okrem in\u00e9ho, zap\u00e1ja organizovan\u00edm odborn\u00e9ho semin\u00e1ra zameran\u00e9ho na rozvoj vidieka. Miestna ak\u010dn\u00e1 skupina (MAS) je verejno-s\u00fakromn\u00e9 partnerstvo na \u00fazem\u00ed Mikroregi\u00f3nu Terchovsk\u00e1 dolina, ktor\u00e9ho dlhodob\u00fdm cie\u013eom je\u00a0 trvalo udr\u017eate\u013en\u00fd rozvoj \u00fazemia.<em> \u201eAj prostredn\u00edctvom semin\u00e1ra a\u00a0spolupr\u00e1ce sa sna\u017e\u00edme iniciova\u0165\u00a0sp\u00e1janie aktiv\u00edt, ktor\u00e9 podporuj\u00fa hospod\u00e1rsky rozvoj n\u00e1\u0161ho \u00fazemia. Miestne trad\u00edcie, star\u00e9 remesl\u00e1, lok\u00e1lne potraviny to v\u0161etko s\u00fa nov\u00e9 v\u00fdzvy nielen\u00a0 pre rozvoj podnikania a\u00a0cestovn\u00e9ho ruchu, ale aj pre zachov\u00e1vanie kult\u00farneho dedi\u010dstva n\u00e1\u0161ho jedine\u010dn\u00e9ho regi\u00f3nu,\u201c <\/em>dodal Peter Madig\u00e1r, mana\u017e\u00e9r OZ. <em><\/em><\/p>\n<p>Pova\u017esk\u00e9 m\u00fazeum v\u00a0\u017diline, ktor\u00e9 m\u00e1 v\u00a0obci expoz\u00edciu venovan\u00fa \u013eudov\u00e9mu hrdinovi ju po\u010das tohto v\u00edkendu\u00a0 verejnosti spr\u00edstupn\u00ed za zv\u00fdhodnen\u00fa cenu vstupn\u00e9ho, v\u00a0doobed\u0148aj\u0161\u00edch hodin\u00e1ch dokonca bezplatne. <em>,,Sme radi, \u017ee sme mohli vst\u00fapi\u0165 do tohto projektu a\u00a0obohati\u0165 ho o\u00a0historick\u00e9 fakty s\u00favisiace so \u017eivotom a\u00a0popravou Juraja J\u00e1no\u0161\u00edka. \u00a0Okrem bohat\u00e9ho programu \u010dak\u00e1 ka\u017ed\u00e9ho n\u00e1v\u0161tevn\u00edka stretnutie s\u00a0J\u00e1no\u0161\u00edkovou milou \u2013 Ani\u010dkou a\u00a0t\u00ed odv\u00e1\u017enej\u0161\u00ed si bud\u00fa m\u00f4c\u0165 vysk\u00fa\u0161a\u0165, ak\u00e9 je to odvisn\u00fa\u0165 na ozajstnej \u0161ibenici,\u201c<\/em> dodala na z\u00e1ver Katar\u00edna Zacharov\u00e1, etnologi\u010dka Pova\u017esk\u00e9ho m\u00fazea v\u00a0\u017diline.<\/p>\n<p><em> <\/em>Organiz\u00e1tormi podujatia Smr\u0165 J\u00e1no\u0161\u00edkova, ktor\u00e9 sa uskuto\u010dn\u00ed v\u00a0d\u0148och 16. a\u00a017. marca v\u00a0are\u00e1li Hotela Gold v\u00a0Terchovej s\u00fa Hotel Gold, OZ Partnerstvo pre MAS Terchovsk\u00e1 dolina, \u017dilinsk\u00fd samospr\u00e1vny kraj, Pova\u017esk\u00e9 m\u00fazeum v\u00a0\u017diline a Zdru\u017eenie turizmu Terchov\u00e1.<\/p>\n","protected":false},"excerpt":{"rendered":"<p>Azda sa nen\u00e1jde Slov\u00e1k, ktor\u00fd by si pri vysloven\u00ed mena Juraj J\u00e1no\u0161\u00edk nespomenul na zn\u00e1me &#8211; bohat\u00fdm bral a\u00a0chudobn\u00fdm d\u00e1val. 17. marca 2013 uplynie 300 rokov od smrti tohto \u013eudov\u00e9ho hrdinu.\u00a0 Subjekty, ktor\u00e9 p\u00f4sobia na \u00fazem\u00ed terchovskej doliny a\u00a0v\u00a0obci Terchov\u00e1 v\u00a0oblasti kult\u00fary, cestovn\u00e9ho ruchu a\u00a0region\u00e1lneho rozvoja \u00a0sa rozhodli pripomen\u00fa\u0165 si t\u00fato udalos\u0165 v\u00fdnimo\u010dn\u00fdm podujat\u00edm. ,,\u010ci [&hellip;]<\/p>\n","protected":false},"author":2,"featured_media":0,"comment_status":"closed","ping_status":"closed","sticky":false,"template":"","format":"standard","meta":{"site-sidebar-layout":"default","site-content-layout":"","ast-site-content-layout":"","site-content-style":"default","site-sidebar-style":"default","ast-global-header-display":"","ast-banner-title-visibility":"","ast-main-header-display":"","ast-hfb-above-header-display":"","ast-hfb-below-header-display":"","ast-hfb-mobile-header-display":"","site-post-title":"","ast-breadcrumbs-content":"","ast-featured-img":"","footer-sml-layout":"","theme-transparent-header-meta":"","adv-header-id-meta":"","stick-header-meta":"","header-above-stick-meta":"","header-main-stick-meta":"","header-below-stick-meta":"","astra-migrate-meta-layouts":"default","ast-page-background-enabled":"default","ast-page-background-meta":{"desktop":{"background-color":"var(--ast-global-color-4)","background-image":"","background-repeat":"repeat","background-position":"center center","background-size":"auto","background-attachment":"scroll","background-type":"","background-media":"","overlay-type":"","overlay-color":"","overlay-opacity":"","overlay-gradient":""},"tablet":{"background-color":"","background-image":"","background-repeat":"repeat","background-position":"center center","background-size":"auto","background-attachment":"scroll","background-type":"","background-media":"","overlay-type":"","overlay-color":"","overlay-opacity":"","overlay-gradient":""},"mobile":{"background-color":"","background-image":"","background-repeat":"repeat","background-position":"center center","background-size":"auto","background-attachment":"scroll","background-type":"","background-media":"","overlay-type":"","overlay-color":"","overlay-opacity":"","overlay-gradient":""}},"ast-content-background-meta":{"desktop":{"background-color":"var(--ast-global-color-5)","background-image":"","background-repeat":"repeat","background-position":"center center","background-size":"auto","background-attachment":"scroll","background-type":"","background-media":"","overlay-type":"","overlay-color":"","overlay-opacity":"","overlay-gradient":""},"tablet":{"background-color":"var(--ast-global-color-5)","background-image":"","background-repeat":"repeat","background-position":"center center","background-size":"auto","background-attachment":"scroll","background-type":"","background-media":"","overlay-type":"","overlay-color":"","overlay-opacity":"","overlay-gradient":""},"mobile":{"background-color":"var(--ast-global-color-5)","background-image":"","background-repeat":"repeat","background-position":"center center","background-size":"auto","background-attachment":"scroll","background-type":"","background-media":"","overlay-type":"","overlay-color":"","overlay-opacity":"","overlay-gradient":""}},"footnotes":""},"categories":[33],"tags":[],"class_list":["post-6934","post","type-post","status-publish","format-standard","hentry","category-archiv-2013"],"yoast_head":"<!-- This site is optimized with the Yoast SEO plugin v27.4 - https:\/\/yoast.com\/product\/yoast-seo-wordpress\/ -->\n<title>V\u00edkend v znamen\u00ed pripomienky 300. v\u00fdro\u010dia smrti Juraja J\u00e1no\u0161\u00edka - Pova\u017esk\u00e9 m\u00fazeum<\/title>\n<meta name=\"robots\" content=\"index, follow, max-snippet:-1, max-image-preview:large, max-video-preview:-1\" \/>\n<link rel=\"canonical\" href=\"https:\/\/pmza.sk\/?p=6934\" \/>\n<meta property=\"og:locale\" content=\"sk_SK\" \/>\n<meta property=\"og:type\" content=\"article\" \/>\n<meta property=\"og:title\" content=\"V\u00edkend v znamen\u00ed pripomienky 300. v\u00fdro\u010dia smrti Juraja J\u00e1no\u0161\u00edka - Pova\u017esk\u00e9 m\u00fazeum\" \/>\n<meta property=\"og:description\" content=\"Azda sa nen\u00e1jde Slov\u00e1k, ktor\u00fd by si pri vysloven\u00ed mena Juraj J\u00e1no\u0161\u00edk nespomenul na zn\u00e1me &#8211; bohat\u00fdm bral a\u00a0chudobn\u00fdm d\u00e1val. 17. marca 2013 uplynie 300 rokov od smrti tohto \u013eudov\u00e9ho hrdinu.\u00a0 Subjekty, ktor\u00e9 p\u00f4sobia na \u00fazem\u00ed terchovskej doliny a\u00a0v\u00a0obci Terchov\u00e1 v\u00a0oblasti kult\u00fary, cestovn\u00e9ho ruchu a\u00a0region\u00e1lneho rozvoja \u00a0sa rozhodli pripomen\u00fa\u0165 si t\u00fato udalos\u0165 v\u00fdnimo\u010dn\u00fdm podujat\u00edm. ,,\u010ci [&hellip;]\" \/>\n<meta property=\"og:url\" content=\"https:\/\/pmza.sk\/?p=6934\" \/>\n<meta property=\"og:site_name\" content=\"Pova\u017esk\u00e9 m\u00fazeum\" \/>\n<meta property=\"article:publisher\" content=\"https:\/\/www.facebook.com\/povazskemuzeum\" \/>\n<meta property=\"article:published_time\" content=\"2013-02-27T11:57:35+00:00\" \/>\n<meta name=\"author\" content=\"Pova\u017esk\u00e9 m\u00fazeum\" \/>\n<meta name=\"twitter:card\" content=\"summary_large_image\" \/>\n<meta name=\"twitter:label1\" content=\"Autor\" \/>\n\t<meta name=\"twitter:data1\" content=\"Pova\u017esk\u00e9 m\u00fazeum\" \/>\n\t<meta name=\"twitter:label2\" content=\"Predpokladan\u00fd \u010das \u010d\u00edtania\" \/>\n\t<meta name=\"twitter:data2\" content=\"3 min\u00faty\" \/>\n<script type=\"application\/ld+json\" class=\"yoast-schema-graph\">{\"@context\":\"https:\\\/\\\/schema.org\",\"@graph\":[{\"@type\":\"Article\",\"@id\":\"https:\\\/\\\/pmza.sk\\\/?p=6934#article\",\"isPartOf\":{\"@id\":\"https:\\\/\\\/pmza.sk\\\/?p=6934\"},\"author\":{\"name\":\"Pova\u017esk\u00e9 m\u00fazeum\",\"@id\":\"https:\\\/\\\/pmza.sk\\\/#\\\/schema\\\/person\\\/595e6a2ce731ea94dcd5d7f50a41ae33\"},\"headline\":\"V\u00edkend v znamen\u00ed pripomienky 300. v\u00fdro\u010dia smrti Juraja J\u00e1no\u0161\u00edka\",\"datePublished\":\"2013-02-27T11:57:35+00:00\",\"mainEntityOfPage\":{\"@id\":\"https:\\\/\\\/pmza.sk\\\/?p=6934\"},\"wordCount\":630,\"publisher\":{\"@id\":\"https:\\\/\\\/pmza.sk\\\/#organization\"},\"articleSection\":[\"Arch\u00edv 2013\"],\"inLanguage\":\"sk-SK\"},{\"@type\":\"WebPage\",\"@id\":\"https:\\\/\\\/pmza.sk\\\/?p=6934\",\"url\":\"https:\\\/\\\/pmza.sk\\\/?p=6934\",\"name\":\"V\u00edkend v znamen\u00ed pripomienky 300. v\u00fdro\u010dia smrti Juraja J\u00e1no\u0161\u00edka - Pova\u017esk\u00e9 m\u00fazeum\",\"isPartOf\":{\"@id\":\"https:\\\/\\\/pmza.sk\\\/#website\"},\"datePublished\":\"2013-02-27T11:57:35+00:00\",\"breadcrumb\":{\"@id\":\"https:\\\/\\\/pmza.sk\\\/?p=6934#breadcrumb\"},\"inLanguage\":\"sk-SK\",\"potentialAction\":[{\"@type\":\"ReadAction\",\"target\":[\"https:\\\/\\\/pmza.sk\\\/?p=6934\"]}]},{\"@type\":\"BreadcrumbList\",\"@id\":\"https:\\\/\\\/pmza.sk\\\/?p=6934#breadcrumb\",\"itemListElement\":[{\"@type\":\"ListItem\",\"position\":1,\"name\":\"Domovsk\u00e1 str\u00e1nka\",\"item\":\"https:\\\/\\\/pmza.sk\\\/\"},{\"@type\":\"ListItem\",\"position\":2,\"name\":\"V\u00edkend v znamen\u00ed pripomienky 300. v\u00fdro\u010dia smrti Juraja J\u00e1no\u0161\u00edka\"}]},{\"@type\":\"WebSite\",\"@id\":\"https:\\\/\\\/pmza.sk\\\/#website\",\"url\":\"https:\\\/\\\/pmza.sk\\\/\",\"name\":\"Pova\u017esk\u00e9 m\u00fazeum\",\"description\":\"Pova\u017esk\u00e9 m\u00fazeum v \u017diline je region\u00e1lne m\u00fazeum so s\u00eddlom v Budat\u00edne. Jeho expoz\u00edcie s\u00fa zameran\u00e9 na dejiny slovensk\u00e9ho umenia, kult\u00fary a dopravy.\",\"publisher\":{\"@id\":\"https:\\\/\\\/pmza.sk\\\/#organization\"},\"potentialAction\":[{\"@type\":\"SearchAction\",\"target\":{\"@type\":\"EntryPoint\",\"urlTemplate\":\"https:\\\/\\\/pmza.sk\\\/?s={search_term_string}\"},\"query-input\":{\"@type\":\"PropertyValueSpecification\",\"valueRequired\":true,\"valueName\":\"search_term_string\"}}],\"inLanguage\":\"sk-SK\"},{\"@type\":\"Organization\",\"@id\":\"https:\\\/\\\/pmza.sk\\\/#organization\",\"name\":\"Pova\u017esk\u00e9 m\u00fazeum\",\"url\":\"https:\\\/\\\/pmza.sk\\\/\",\"logo\":{\"@type\":\"ImageObject\",\"inLanguage\":\"sk-SK\",\"@id\":\"https:\\\/\\\/pmza.sk\\\/#\\\/schema\\\/logo\\\/image\\\/\",\"url\":\"https:\\\/\\\/pmza.sk\\\/wp-content\\\/uploads\\\/2022\\\/01\\\/logo_PM_horizontal.jpg\",\"contentUrl\":\"https:\\\/\\\/pmza.sk\\\/wp-content\\\/uploads\\\/2022\\\/01\\\/logo_PM_horizontal.jpg\",\"width\":231,\"height\":142,\"caption\":\"Pova\u017esk\u00e9 m\u00fazeum\"},\"image\":{\"@id\":\"https:\\\/\\\/pmza.sk\\\/#\\\/schema\\\/logo\\\/image\\\/\"},\"sameAs\":[\"https:\\\/\\\/www.facebook.com\\\/povazskemuzeum\",\"https:\\\/\\\/www.instagram.com\\\/povazskemuzeum\\\/\"]},{\"@type\":\"Person\",\"@id\":\"https:\\\/\\\/pmza.sk\\\/#\\\/schema\\\/person\\\/595e6a2ce731ea94dcd5d7f50a41ae33\",\"name\":\"Pova\u017esk\u00e9 m\u00fazeum\",\"image\":{\"@type\":\"ImageObject\",\"inLanguage\":\"sk-SK\",\"@id\":\"https:\\\/\\\/secure.gravatar.com\\\/avatar\\\/2bb7f1561282132fb5826dfeccc66c7996d11ee392ac6aaf7ced8a1c2027fbb2?s=96&d=mm&r=g\",\"url\":\"https:\\\/\\\/secure.gravatar.com\\\/avatar\\\/2bb7f1561282132fb5826dfeccc66c7996d11ee392ac6aaf7ced8a1c2027fbb2?s=96&d=mm&r=g\",\"contentUrl\":\"https:\\\/\\\/secure.gravatar.com\\\/avatar\\\/2bb7f1561282132fb5826dfeccc66c7996d11ee392ac6aaf7ced8a1c2027fbb2?s=96&d=mm&r=g\",\"caption\":\"Pova\u017esk\u00e9 m\u00fazeum\"}}]}<\/script>\n<!-- \/ Yoast SEO plugin. -->","yoast_head_json":{"title":"V\u00edkend v znamen\u00ed pripomienky 300. v\u00fdro\u010dia smrti Juraja J\u00e1no\u0161\u00edka - Pova\u017esk\u00e9 m\u00fazeum","robots":{"index":"index","follow":"follow","max-snippet":"max-snippet:-1","max-image-preview":"max-image-preview:large","max-video-preview":"max-video-preview:-1"},"canonical":"https:\/\/pmza.sk\/?p=6934","og_locale":"sk_SK","og_type":"article","og_title":"V\u00edkend v znamen\u00ed pripomienky 300. v\u00fdro\u010dia smrti Juraja J\u00e1no\u0161\u00edka - Pova\u017esk\u00e9 m\u00fazeum","og_description":"Azda sa nen\u00e1jde Slov\u00e1k, ktor\u00fd by si pri vysloven\u00ed mena Juraj J\u00e1no\u0161\u00edk nespomenul na zn\u00e1me &#8211; bohat\u00fdm bral a\u00a0chudobn\u00fdm d\u00e1val. 17. marca 2013 uplynie 300 rokov od smrti tohto \u013eudov\u00e9ho hrdinu.\u00a0 Subjekty, ktor\u00e9 p\u00f4sobia na \u00fazem\u00ed terchovskej doliny a\u00a0v\u00a0obci Terchov\u00e1 v\u00a0oblasti kult\u00fary, cestovn\u00e9ho ruchu a\u00a0region\u00e1lneho rozvoja \u00a0sa rozhodli pripomen\u00fa\u0165 si t\u00fato udalos\u0165 v\u00fdnimo\u010dn\u00fdm podujat\u00edm. ,,\u010ci [&hellip;]","og_url":"https:\/\/pmza.sk\/?p=6934","og_site_name":"Pova\u017esk\u00e9 m\u00fazeum","article_publisher":"https:\/\/www.facebook.com\/povazskemuzeum","article_published_time":"2013-02-27T11:57:35+00:00","author":"Pova\u017esk\u00e9 m\u00fazeum","twitter_card":"summary_large_image","twitter_misc":{"Autor":"Pova\u017esk\u00e9 m\u00fazeum","Predpokladan\u00fd \u010das \u010d\u00edtania":"3 min\u00faty"},"schema":{"@context":"https:\/\/schema.org","@graph":[{"@type":"Article","@id":"https:\/\/pmza.sk\/?p=6934#article","isPartOf":{"@id":"https:\/\/pmza.sk\/?p=6934"},"author":{"name":"Pova\u017esk\u00e9 m\u00fazeum","@id":"https:\/\/pmza.sk\/#\/schema\/person\/595e6a2ce731ea94dcd5d7f50a41ae33"},"headline":"V\u00edkend v znamen\u00ed pripomienky 300. v\u00fdro\u010dia smrti Juraja J\u00e1no\u0161\u00edka","datePublished":"2013-02-27T11:57:35+00:00","mainEntityOfPage":{"@id":"https:\/\/pmza.sk\/?p=6934"},"wordCount":630,"publisher":{"@id":"https:\/\/pmza.sk\/#organization"},"articleSection":["Arch\u00edv 2013"],"inLanguage":"sk-SK"},{"@type":"WebPage","@id":"https:\/\/pmza.sk\/?p=6934","url":"https:\/\/pmza.sk\/?p=6934","name":"V\u00edkend v znamen\u00ed pripomienky 300. v\u00fdro\u010dia smrti Juraja J\u00e1no\u0161\u00edka - Pova\u017esk\u00e9 m\u00fazeum","isPartOf":{"@id":"https:\/\/pmza.sk\/#website"},"datePublished":"2013-02-27T11:57:35+00:00","breadcrumb":{"@id":"https:\/\/pmza.sk\/?p=6934#breadcrumb"},"inLanguage":"sk-SK","potentialAction":[{"@type":"ReadAction","target":["https:\/\/pmza.sk\/?p=6934"]}]},{"@type":"BreadcrumbList","@id":"https:\/\/pmza.sk\/?p=6934#breadcrumb","itemListElement":[{"@type":"ListItem","position":1,"name":"Domovsk\u00e1 str\u00e1nka","item":"https:\/\/pmza.sk\/"},{"@type":"ListItem","position":2,"name":"V\u00edkend v znamen\u00ed pripomienky 300. v\u00fdro\u010dia smrti Juraja J\u00e1no\u0161\u00edka"}]},{"@type":"WebSite","@id":"https:\/\/pmza.sk\/#website","url":"https:\/\/pmza.sk\/","name":"Pova\u017esk\u00e9 m\u00fazeum","description":"Pova\u017esk\u00e9 m\u00fazeum v \u017diline je region\u00e1lne m\u00fazeum so s\u00eddlom v Budat\u00edne. Jeho expoz\u00edcie s\u00fa zameran\u00e9 na dejiny slovensk\u00e9ho umenia, kult\u00fary a dopravy.","publisher":{"@id":"https:\/\/pmza.sk\/#organization"},"potentialAction":[{"@type":"SearchAction","target":{"@type":"EntryPoint","urlTemplate":"https:\/\/pmza.sk\/?s={search_term_string}"},"query-input":{"@type":"PropertyValueSpecification","valueRequired":true,"valueName":"search_term_string"}}],"inLanguage":"sk-SK"},{"@type":"Organization","@id":"https:\/\/pmza.sk\/#organization","name":"Pova\u017esk\u00e9 m\u00fazeum","url":"https:\/\/pmza.sk\/","logo":{"@type":"ImageObject","inLanguage":"sk-SK","@id":"https:\/\/pmza.sk\/#\/schema\/logo\/image\/","url":"https:\/\/pmza.sk\/wp-content\/uploads\/2022\/01\/logo_PM_horizontal.jpg","contentUrl":"https:\/\/pmza.sk\/wp-content\/uploads\/2022\/01\/logo_PM_horizontal.jpg","width":231,"height":142,"caption":"Pova\u017esk\u00e9 m\u00fazeum"},"image":{"@id":"https:\/\/pmza.sk\/#\/schema\/logo\/image\/"},"sameAs":["https:\/\/www.facebook.com\/povazskemuzeum","https:\/\/www.instagram.com\/povazskemuzeum\/"]},{"@type":"Person","@id":"https:\/\/pmza.sk\/#\/schema\/person\/595e6a2ce731ea94dcd5d7f50a41ae33","name":"Pova\u017esk\u00e9 m\u00fazeum","image":{"@type":"ImageObject","inLanguage":"sk-SK","@id":"https:\/\/secure.gravatar.com\/avatar\/2bb7f1561282132fb5826dfeccc66c7996d11ee392ac6aaf7ced8a1c2027fbb2?s=96&d=mm&r=g","url":"https:\/\/secure.gravatar.com\/avatar\/2bb7f1561282132fb5826dfeccc66c7996d11ee392ac6aaf7ced8a1c2027fbb2?s=96&d=mm&r=g","contentUrl":"https:\/\/secure.gravatar.com\/avatar\/2bb7f1561282132fb5826dfeccc66c7996d11ee392ac6aaf7ced8a1c2027fbb2?s=96&d=mm&r=g","caption":"Pova\u017esk\u00e9 m\u00fazeum"}}]}},"_links":{"self":[{"href":"https:\/\/pmza.sk\/index.php?rest_route=\/wp\/v2\/posts\/6934","targetHints":{"allow":["GET"]}}],"collection":[{"href":"https:\/\/pmza.sk\/index.php?rest_route=\/wp\/v2\/posts"}],"about":[{"href":"https:\/\/pmza.sk\/index.php?rest_route=\/wp\/v2\/types\/post"}],"author":[{"embeddable":true,"href":"https:\/\/pmza.sk\/index.php?rest_route=\/wp\/v2\/users\/2"}],"replies":[{"embeddable":true,"href":"https:\/\/pmza.sk\/index.php?rest_route=%2Fwp%2Fv2%2Fcomments&post=6934"}],"version-history":[{"count":0,"href":"https:\/\/pmza.sk\/index.php?rest_route=\/wp\/v2\/posts\/6934\/revisions"}],"wp:attachment":[{"href":"https:\/\/pmza.sk\/index.php?rest_route=%2Fwp%2Fv2%2Fmedia&parent=6934"}],"wp:term":[{"taxonomy":"category","embeddable":true,"href":"https:\/\/pmza.sk\/index.php?rest_route=%2Fwp%2Fv2%2Fcategories&post=6934"},{"taxonomy":"post_tag","embeddable":true,"href":"https:\/\/pmza.sk\/index.php?rest_route=%2Fwp%2Fv2%2Ftags&post=6934"}],"curies":[{"name":"wp","href":"https:\/\/api.w.org\/{rel}","templated":true}]}}