{"id":70089,"date":"2025-05-22T10:08:12","date_gmt":"2025-05-22T08:08:12","guid":{"rendered":"https:\/\/pmza.sk\/?p=70089"},"modified":"2025-06-18T12:58:33","modified_gmt":"2025-06-18T10:58:33","slug":"zamer-a-podmienky-priameho-najmu-majetku-zilinskeho-samospravneho-kraja-c-3-pmza-2025","status":"publish","type":"post","link":"https:\/\/pmza.sk\/?p=70089","title":{"rendered":"Z\u00e1mer a podmienky priameho n\u00e1jmu majetku \u017dilinsk\u00e9ho samospr\u00e1vneho kraja \u010d. 3\/PMZA\/2025"},"content":{"rendered":"<p><strong>Pova\u017esk\u00e9 m\u00fazeum, Topo\u013eov\u00e1 1, 010 03 \u017dilina <\/strong>(\u010falej len \u201evyhlasovate\u013e\u201c)<br \/>\npod\u013ea \u00a7 9a ods. 9 z\u00e1kona \u010d. 446\/2001 Z. z. o\u00a0majetku vy\u0161\u0161\u00edch \u00fazemn\u00fdch celkov v\u00a0znen\u00ed neskor\u0161\u00edch predpisov a\u00a0pod\u013ea Z\u00e1sad hospod\u00e1renia a\u00a0nakladania s\u00a0majetkom \u017dilinsk\u00e9ho samospr\u00e1vneho kraja v\u00a0platnom znen\u00ed <strong>zverej\u0148uje z\u00e1mer<\/strong> prenaja\u0165 do\u010dasne nevyu\u017eit\u00fd nehnute\u013en\u00fd majetok formou<strong> priameho n\u00e1jmu.<\/strong><\/p>\n<p><strong>Predmetom n\u00e1jmu je:<\/strong><\/p>\n<p><strong>&#8211; pren\u00e1jom spevnenej \u010dasti pozemku par. KN-C \u010d. 1349\/2 (ID 2236) o\u00a0v\u00fdmere\u00a0 1 m<sup>2<\/sup> na umiestnenie jedn\u00e9ho n\u00e1pojov\u00e9ho automatu, ktor\u00fd sa bude nach\u00e1dza\u0165 v are\u00e1li hradu Stre\u010dno \u00a0<\/strong>(priestory oproti pokladni v\u00a0are\u00e1li hradu Stre\u010dno). \u00a0\u00a0Ide o\u00a0\u010das\u0165 pozemku \u00a0parc. KN-C \u010d. 1349\/2 (ID 2236), ktor\u00fd sa nach\u00e1dza v\u00a0k. \u00fa. Stre\u010dno a\u00a0je zap\u00edsan\u00fd na LV \u010d. 1107<\/p>\n<p>Viac inform\u00e1ci\u00ed o podmienkach n\u00e1jmu <a href=\"https:\/\/pmza.sk\/wp-content\/uploads\/2025\/05\/Zamer-a-podmienky-priameho-najmu-c-3-PMZA-2025.pdf\">TU<\/a><\/p>\n","protected":false},"excerpt":{"rendered":"<p>Pova\u017esk\u00e9 m\u00fazeum, Topo\u013eov\u00e1 1, 010 03 \u017dilina (\u010falej len \u201evyhlasovate\u013e\u201c) pod\u013ea \u00a7 9a ods. 9 z\u00e1kona \u010d. 446\/2001 Z. z. o\u00a0majetku vy\u0161\u0161\u00edch \u00fazemn\u00fdch celkov v\u00a0znen\u00ed neskor\u0161\u00edch predpisov a\u00a0pod\u013ea Z\u00e1sad hospod\u00e1renia a\u00a0nakladania s\u00a0majetkom \u017dilinsk\u00e9ho samospr\u00e1vneho kraja v\u00a0platnom znen\u00ed zverej\u0148uje z\u00e1mer prenaja\u0165 do\u010dasne nevyu\u017eit\u00fd nehnute\u013en\u00fd majetok formou priameho n\u00e1jmu. Predmetom n\u00e1jmu je: &#8211; pren\u00e1jom spevnenej \u010dasti pozemku [&hellip;]<\/p>\n","protected":false},"author":2,"featured_media":70094,"comment_status":"closed","ping_status":"closed","sticky":false,"template":"","format":"standard","meta":{"site-sidebar-layout":"default","site-content-layout":"","ast-site-content-layout":"default","site-content-style":"default","site-sidebar-style":"default","ast-global-header-display":"","ast-banner-title-visibility":"","ast-main-header-display":"","ast-hfb-above-header-display":"","ast-hfb-below-header-display":"","ast-hfb-mobile-header-display":"","site-post-title":"","ast-breadcrumbs-content":"","ast-featured-img":"","footer-sml-layout":"","theme-transparent-header-meta":"default","adv-header-id-meta":"","stick-header-meta":"default","header-above-stick-meta":"","header-main-stick-meta":"","header-below-stick-meta":"","astra-migrate-meta-layouts":"set","ast-page-background-enabled":"default","ast-page-background-meta":{"desktop":{"background-color":"var(--ast-global-color-4)","background-image":"","background-repeat":"repeat","background-position":"center center","background-size":"auto","background-attachment":"scroll","background-type":"","background-media":"","overlay-type":"","overlay-color":"","overlay-opacity":"","overlay-gradient":""},"tablet":{"background-color":"","background-image":"","background-repeat":"repeat","background-position":"center center","background-size":"auto","background-attachment":"scroll","background-type":"","background-media":"","overlay-type":"","overlay-color":"","overlay-opacity":"","overlay-gradient":""},"mobile":{"background-color":"","background-image":"","background-repeat":"repeat","background-position":"center center","background-size":"auto","background-attachment":"scroll","background-type":"","background-media":"","overlay-type":"","overlay-color":"","overlay-opacity":"","overlay-gradient":""}},"ast-content-background-meta":{"desktop":{"background-color":"var(--ast-global-color-5)","background-image":"","background-repeat":"repeat","background-position":"center center","background-size":"auto","background-attachment":"scroll","background-type":"","background-media":"","overlay-type":"","overlay-color":"","overlay-opacity":"","overlay-gradient":""},"tablet":{"background-color":"var(--ast-global-color-5)","background-image":"","background-repeat":"repeat","background-position":"center center","background-size":"auto","background-attachment":"scroll","background-type":"","background-media":"","overlay-type":"","overlay-color":"","overlay-opacity":"","overlay-gradient":""},"mobile":{"background-color":"var(--ast-global-color-5)","background-image":"","background-repeat":"repeat","background-position":"center center","background-size":"auto","background-attachment":"scroll","background-type":"","background-media":"","overlay-type":"","overlay-color":"","overlay-opacity":"","overlay-gradient":""}},"footnotes":""},"categories":[31],"tags":[],"class_list":["post-70089","post","type-post","status-publish","format-standard","has-post-thumbnail","hentry","category-aktuality"],"yoast_head":"<!-- This site is optimized with the Yoast SEO plugin v27.4 - https:\/\/yoast.com\/product\/yoast-seo-wordpress\/ -->\n<title>Z\u00e1mer a podmienky priameho n\u00e1jmu majetku \u017dilinsk\u00e9ho samospr\u00e1vneho kraja \u010d. 3\/PMZA\/2025 - Pova\u017esk\u00e9 m\u00fazeum<\/title>\n<meta name=\"robots\" content=\"index, follow, max-snippet:-1, max-image-preview:large, max-video-preview:-1\" \/>\n<link rel=\"canonical\" href=\"https:\/\/pmza.sk\/?p=70089\" \/>\n<meta property=\"og:locale\" content=\"sk_SK\" \/>\n<meta property=\"og:type\" content=\"article\" \/>\n<meta property=\"og:title\" content=\"Z\u00e1mer a podmienky priameho n\u00e1jmu majetku \u017dilinsk\u00e9ho samospr\u00e1vneho kraja \u010d. 3\/PMZA\/2025 - Pova\u017esk\u00e9 m\u00fazeum\" \/>\n<meta property=\"og:description\" content=\"Pova\u017esk\u00e9 m\u00fazeum, Topo\u013eov\u00e1 1, 010 03 \u017dilina (\u010falej len \u201evyhlasovate\u013e\u201c) pod\u013ea \u00a7 9a ods. 9 z\u00e1kona \u010d. 446\/2001 Z. z. o\u00a0majetku vy\u0161\u0161\u00edch \u00fazemn\u00fdch celkov v\u00a0znen\u00ed neskor\u0161\u00edch predpisov a\u00a0pod\u013ea Z\u00e1sad hospod\u00e1renia a\u00a0nakladania s\u00a0majetkom \u017dilinsk\u00e9ho samospr\u00e1vneho kraja v\u00a0platnom znen\u00ed zverej\u0148uje z\u00e1mer prenaja\u0165 do\u010dasne nevyu\u017eit\u00fd nehnute\u013en\u00fd majetok formou priameho n\u00e1jmu. Predmetom n\u00e1jmu je: &#8211; pren\u00e1jom spevnenej \u010dasti pozemku [&hellip;]\" \/>\n<meta property=\"og:url\" content=\"https:\/\/pmza.sk\/?p=70089\" \/>\n<meta property=\"og:site_name\" content=\"Pova\u017esk\u00e9 m\u00fazeum\" \/>\n<meta property=\"article:publisher\" content=\"https:\/\/www.facebook.com\/povazskemuzeum\" \/>\n<meta property=\"article:published_time\" content=\"2025-05-22T08:08:12+00:00\" \/>\n<meta property=\"article:modified_time\" content=\"2025-06-18T10:58:33+00:00\" \/>\n<meta property=\"og:image\" content=\"https:\/\/pmza.sk\/wp-content\/uploads\/2025\/05\/logo_PM_vertikal_www-1.jpg\" \/>\n\t<meta property=\"og:image:width\" content=\"1062\" \/>\n\t<meta property=\"og:image:height\" content=\"1184\" \/>\n\t<meta property=\"og:image:type\" content=\"image\/jpeg\" \/>\n<meta name=\"author\" content=\"Pova\u017esk\u00e9 m\u00fazeum\" \/>\n<meta name=\"twitter:card\" content=\"summary_large_image\" \/>\n<meta name=\"twitter:label1\" content=\"Autor\" \/>\n\t<meta name=\"twitter:data1\" content=\"Pova\u017esk\u00e9 m\u00fazeum\" \/>\n\t<meta name=\"twitter:label2\" content=\"Predpokladan\u00fd \u010das \u010d\u00edtania\" \/>\n\t<meta name=\"twitter:data2\" content=\"1 min\u00fata\" \/>\n<script type=\"application\/ld+json\" class=\"yoast-schema-graph\">{\"@context\":\"https:\\\/\\\/schema.org\",\"@graph\":[{\"@type\":\"Article\",\"@id\":\"https:\\\/\\\/pmza.sk\\\/?p=70089#article\",\"isPartOf\":{\"@id\":\"https:\\\/\\\/pmza.sk\\\/?p=70089\"},\"author\":{\"name\":\"Pova\u017esk\u00e9 m\u00fazeum\",\"@id\":\"https:\\\/\\\/pmza.sk\\\/#\\\/schema\\\/person\\\/595e6a2ce731ea94dcd5d7f50a41ae33\"},\"headline\":\"Z\u00e1mer a podmienky priameho n\u00e1jmu majetku \u017dilinsk\u00e9ho samospr\u00e1vneho kraja \u010d. 3\\\/PMZA\\\/2025\",\"datePublished\":\"2025-05-22T08:08:12+00:00\",\"dateModified\":\"2025-06-18T10:58:33+00:00\",\"mainEntityOfPage\":{\"@id\":\"https:\\\/\\\/pmza.sk\\\/?p=70089\"},\"wordCount\":153,\"publisher\":{\"@id\":\"https:\\\/\\\/pmza.sk\\\/#organization\"},\"image\":{\"@id\":\"https:\\\/\\\/pmza.sk\\\/?p=70089#primaryimage\"},\"thumbnailUrl\":\"https:\\\/\\\/pmza.sk\\\/wp-content\\\/uploads\\\/2025\\\/05\\\/logo_PM_vertikal_www-1.jpg\",\"articleSection\":[\"Aktuality\"],\"inLanguage\":\"sk-SK\"},{\"@type\":\"WebPage\",\"@id\":\"https:\\\/\\\/pmza.sk\\\/?p=70089\",\"url\":\"https:\\\/\\\/pmza.sk\\\/?p=70089\",\"name\":\"Z\u00e1mer a podmienky priameho n\u00e1jmu majetku \u017dilinsk\u00e9ho samospr\u00e1vneho kraja \u010d. 3\\\/PMZA\\\/2025 - Pova\u017esk\u00e9 m\u00fazeum\",\"isPartOf\":{\"@id\":\"https:\\\/\\\/pmza.sk\\\/#website\"},\"primaryImageOfPage\":{\"@id\":\"https:\\\/\\\/pmza.sk\\\/?p=70089#primaryimage\"},\"image\":{\"@id\":\"https:\\\/\\\/pmza.sk\\\/?p=70089#primaryimage\"},\"thumbnailUrl\":\"https:\\\/\\\/pmza.sk\\\/wp-content\\\/uploads\\\/2025\\\/05\\\/logo_PM_vertikal_www-1.jpg\",\"datePublished\":\"2025-05-22T08:08:12+00:00\",\"dateModified\":\"2025-06-18T10:58:33+00:00\",\"breadcrumb\":{\"@id\":\"https:\\\/\\\/pmza.sk\\\/?p=70089#breadcrumb\"},\"inLanguage\":\"sk-SK\",\"potentialAction\":[{\"@type\":\"ReadAction\",\"target\":[\"https:\\\/\\\/pmza.sk\\\/?p=70089\"]}]},{\"@type\":\"ImageObject\",\"inLanguage\":\"sk-SK\",\"@id\":\"https:\\\/\\\/pmza.sk\\\/?p=70089#primaryimage\",\"url\":\"https:\\\/\\\/pmza.sk\\\/wp-content\\\/uploads\\\/2025\\\/05\\\/logo_PM_vertikal_www-1.jpg\",\"contentUrl\":\"https:\\\/\\\/pmza.sk\\\/wp-content\\\/uploads\\\/2025\\\/05\\\/logo_PM_vertikal_www-1.jpg\",\"width\":1062,\"height\":1184},{\"@type\":\"BreadcrumbList\",\"@id\":\"https:\\\/\\\/pmza.sk\\\/?p=70089#breadcrumb\",\"itemListElement\":[{\"@type\":\"ListItem\",\"position\":1,\"name\":\"Domovsk\u00e1 str\u00e1nka\",\"item\":\"https:\\\/\\\/pmza.sk\\\/\"},{\"@type\":\"ListItem\",\"position\":2,\"name\":\"Z\u00e1mer a podmienky priameho n\u00e1jmu majetku \u017dilinsk\u00e9ho samospr\u00e1vneho kraja \u010d. 3\\\/PMZA\\\/2025\"}]},{\"@type\":\"WebSite\",\"@id\":\"https:\\\/\\\/pmza.sk\\\/#website\",\"url\":\"https:\\\/\\\/pmza.sk\\\/\",\"name\":\"Pova\u017esk\u00e9 m\u00fazeum\",\"description\":\"Pova\u017esk\u00e9 m\u00fazeum v \u017diline je region\u00e1lne m\u00fazeum so s\u00eddlom v Budat\u00edne. Jeho expoz\u00edcie s\u00fa zameran\u00e9 na dejiny slovensk\u00e9ho umenia, kult\u00fary a dopravy.\",\"publisher\":{\"@id\":\"https:\\\/\\\/pmza.sk\\\/#organization\"},\"potentialAction\":[{\"@type\":\"SearchAction\",\"target\":{\"@type\":\"EntryPoint\",\"urlTemplate\":\"https:\\\/\\\/pmza.sk\\\/?s={search_term_string}\"},\"query-input\":{\"@type\":\"PropertyValueSpecification\",\"valueRequired\":true,\"valueName\":\"search_term_string\"}}],\"inLanguage\":\"sk-SK\"},{\"@type\":\"Organization\",\"@id\":\"https:\\\/\\\/pmza.sk\\\/#organization\",\"name\":\"Pova\u017esk\u00e9 m\u00fazeum\",\"url\":\"https:\\\/\\\/pmza.sk\\\/\",\"logo\":{\"@type\":\"ImageObject\",\"inLanguage\":\"sk-SK\",\"@id\":\"https:\\\/\\\/pmza.sk\\\/#\\\/schema\\\/logo\\\/image\\\/\",\"url\":\"https:\\\/\\\/pmza.sk\\\/wp-content\\\/uploads\\\/2022\\\/01\\\/logo_PM_horizontal.jpg\",\"contentUrl\":\"https:\\\/\\\/pmza.sk\\\/wp-content\\\/uploads\\\/2022\\\/01\\\/logo_PM_horizontal.jpg\",\"width\":231,\"height\":142,\"caption\":\"Pova\u017esk\u00e9 m\u00fazeum\"},\"image\":{\"@id\":\"https:\\\/\\\/pmza.sk\\\/#\\\/schema\\\/logo\\\/image\\\/\"},\"sameAs\":[\"https:\\\/\\\/www.facebook.com\\\/povazskemuzeum\",\"https:\\\/\\\/www.instagram.com\\\/povazskemuzeum\\\/\"]},{\"@type\":\"Person\",\"@id\":\"https:\\\/\\\/pmza.sk\\\/#\\\/schema\\\/person\\\/595e6a2ce731ea94dcd5d7f50a41ae33\",\"name\":\"Pova\u017esk\u00e9 m\u00fazeum\",\"image\":{\"@type\":\"ImageObject\",\"inLanguage\":\"sk-SK\",\"@id\":\"https:\\\/\\\/secure.gravatar.com\\\/avatar\\\/2bb7f1561282132fb5826dfeccc66c7996d11ee392ac6aaf7ced8a1c2027fbb2?s=96&d=mm&r=g\",\"url\":\"https:\\\/\\\/secure.gravatar.com\\\/avatar\\\/2bb7f1561282132fb5826dfeccc66c7996d11ee392ac6aaf7ced8a1c2027fbb2?s=96&d=mm&r=g\",\"contentUrl\":\"https:\\\/\\\/secure.gravatar.com\\\/avatar\\\/2bb7f1561282132fb5826dfeccc66c7996d11ee392ac6aaf7ced8a1c2027fbb2?s=96&d=mm&r=g\",\"caption\":\"Pova\u017esk\u00e9 m\u00fazeum\"}}]}<\/script>\n<!-- \/ Yoast SEO plugin. -->","yoast_head_json":{"title":"Z\u00e1mer a podmienky priameho n\u00e1jmu majetku \u017dilinsk\u00e9ho samospr\u00e1vneho kraja \u010d. 3\/PMZA\/2025 - Pova\u017esk\u00e9 m\u00fazeum","robots":{"index":"index","follow":"follow","max-snippet":"max-snippet:-1","max-image-preview":"max-image-preview:large","max-video-preview":"max-video-preview:-1"},"canonical":"https:\/\/pmza.sk\/?p=70089","og_locale":"sk_SK","og_type":"article","og_title":"Z\u00e1mer a podmienky priameho n\u00e1jmu majetku \u017dilinsk\u00e9ho samospr\u00e1vneho kraja \u010d. 3\/PMZA\/2025 - Pova\u017esk\u00e9 m\u00fazeum","og_description":"Pova\u017esk\u00e9 m\u00fazeum, Topo\u013eov\u00e1 1, 010 03 \u017dilina (\u010falej len \u201evyhlasovate\u013e\u201c) pod\u013ea \u00a7 9a ods. 9 z\u00e1kona \u010d. 446\/2001 Z. z. o\u00a0majetku vy\u0161\u0161\u00edch \u00fazemn\u00fdch celkov v\u00a0znen\u00ed neskor\u0161\u00edch predpisov a\u00a0pod\u013ea Z\u00e1sad hospod\u00e1renia a\u00a0nakladania s\u00a0majetkom \u017dilinsk\u00e9ho samospr\u00e1vneho kraja v\u00a0platnom znen\u00ed zverej\u0148uje z\u00e1mer prenaja\u0165 do\u010dasne nevyu\u017eit\u00fd nehnute\u013en\u00fd majetok formou priameho n\u00e1jmu. Predmetom n\u00e1jmu je: &#8211; pren\u00e1jom spevnenej \u010dasti pozemku [&hellip;]","og_url":"https:\/\/pmza.sk\/?p=70089","og_site_name":"Pova\u017esk\u00e9 m\u00fazeum","article_publisher":"https:\/\/www.facebook.com\/povazskemuzeum","article_published_time":"2025-05-22T08:08:12+00:00","article_modified_time":"2025-06-18T10:58:33+00:00","og_image":[{"width":1062,"height":1184,"url":"https:\/\/pmza.sk\/wp-content\/uploads\/2025\/05\/logo_PM_vertikal_www-1.jpg","type":"image\/jpeg"}],"author":"Pova\u017esk\u00e9 m\u00fazeum","twitter_card":"summary_large_image","twitter_misc":{"Autor":"Pova\u017esk\u00e9 m\u00fazeum","Predpokladan\u00fd \u010das \u010d\u00edtania":"1 min\u00fata"},"schema":{"@context":"https:\/\/schema.org","@graph":[{"@type":"Article","@id":"https:\/\/pmza.sk\/?p=70089#article","isPartOf":{"@id":"https:\/\/pmza.sk\/?p=70089"},"author":{"name":"Pova\u017esk\u00e9 m\u00fazeum","@id":"https:\/\/pmza.sk\/#\/schema\/person\/595e6a2ce731ea94dcd5d7f50a41ae33"},"headline":"Z\u00e1mer a podmienky priameho n\u00e1jmu majetku \u017dilinsk\u00e9ho samospr\u00e1vneho kraja \u010d. 3\/PMZA\/2025","datePublished":"2025-05-22T08:08:12+00:00","dateModified":"2025-06-18T10:58:33+00:00","mainEntityOfPage":{"@id":"https:\/\/pmza.sk\/?p=70089"},"wordCount":153,"publisher":{"@id":"https:\/\/pmza.sk\/#organization"},"image":{"@id":"https:\/\/pmza.sk\/?p=70089#primaryimage"},"thumbnailUrl":"https:\/\/pmza.sk\/wp-content\/uploads\/2025\/05\/logo_PM_vertikal_www-1.jpg","articleSection":["Aktuality"],"inLanguage":"sk-SK"},{"@type":"WebPage","@id":"https:\/\/pmza.sk\/?p=70089","url":"https:\/\/pmza.sk\/?p=70089","name":"Z\u00e1mer a podmienky priameho n\u00e1jmu majetku \u017dilinsk\u00e9ho samospr\u00e1vneho kraja \u010d. 3\/PMZA\/2025 - Pova\u017esk\u00e9 m\u00fazeum","isPartOf":{"@id":"https:\/\/pmza.sk\/#website"},"primaryImageOfPage":{"@id":"https:\/\/pmza.sk\/?p=70089#primaryimage"},"image":{"@id":"https:\/\/pmza.sk\/?p=70089#primaryimage"},"thumbnailUrl":"https:\/\/pmza.sk\/wp-content\/uploads\/2025\/05\/logo_PM_vertikal_www-1.jpg","datePublished":"2025-05-22T08:08:12+00:00","dateModified":"2025-06-18T10:58:33+00:00","breadcrumb":{"@id":"https:\/\/pmza.sk\/?p=70089#breadcrumb"},"inLanguage":"sk-SK","potentialAction":[{"@type":"ReadAction","target":["https:\/\/pmza.sk\/?p=70089"]}]},{"@type":"ImageObject","inLanguage":"sk-SK","@id":"https:\/\/pmza.sk\/?p=70089#primaryimage","url":"https:\/\/pmza.sk\/wp-content\/uploads\/2025\/05\/logo_PM_vertikal_www-1.jpg","contentUrl":"https:\/\/pmza.sk\/wp-content\/uploads\/2025\/05\/logo_PM_vertikal_www-1.jpg","width":1062,"height":1184},{"@type":"BreadcrumbList","@id":"https:\/\/pmza.sk\/?p=70089#breadcrumb","itemListElement":[{"@type":"ListItem","position":1,"name":"Domovsk\u00e1 str\u00e1nka","item":"https:\/\/pmza.sk\/"},{"@type":"ListItem","position":2,"name":"Z\u00e1mer a podmienky priameho n\u00e1jmu majetku \u017dilinsk\u00e9ho samospr\u00e1vneho kraja \u010d. 3\/PMZA\/2025"}]},{"@type":"WebSite","@id":"https:\/\/pmza.sk\/#website","url":"https:\/\/pmza.sk\/","name":"Pova\u017esk\u00e9 m\u00fazeum","description":"Pova\u017esk\u00e9 m\u00fazeum v \u017diline je region\u00e1lne m\u00fazeum so s\u00eddlom v Budat\u00edne. Jeho expoz\u00edcie s\u00fa zameran\u00e9 na dejiny slovensk\u00e9ho umenia, kult\u00fary a dopravy.","publisher":{"@id":"https:\/\/pmza.sk\/#organization"},"potentialAction":[{"@type":"SearchAction","target":{"@type":"EntryPoint","urlTemplate":"https:\/\/pmza.sk\/?s={search_term_string}"},"query-input":{"@type":"PropertyValueSpecification","valueRequired":true,"valueName":"search_term_string"}}],"inLanguage":"sk-SK"},{"@type":"Organization","@id":"https:\/\/pmza.sk\/#organization","name":"Pova\u017esk\u00e9 m\u00fazeum","url":"https:\/\/pmza.sk\/","logo":{"@type":"ImageObject","inLanguage":"sk-SK","@id":"https:\/\/pmza.sk\/#\/schema\/logo\/image\/","url":"https:\/\/pmza.sk\/wp-content\/uploads\/2022\/01\/logo_PM_horizontal.jpg","contentUrl":"https:\/\/pmza.sk\/wp-content\/uploads\/2022\/01\/logo_PM_horizontal.jpg","width":231,"height":142,"caption":"Pova\u017esk\u00e9 m\u00fazeum"},"image":{"@id":"https:\/\/pmza.sk\/#\/schema\/logo\/image\/"},"sameAs":["https:\/\/www.facebook.com\/povazskemuzeum","https:\/\/www.instagram.com\/povazskemuzeum\/"]},{"@type":"Person","@id":"https:\/\/pmza.sk\/#\/schema\/person\/595e6a2ce731ea94dcd5d7f50a41ae33","name":"Pova\u017esk\u00e9 m\u00fazeum","image":{"@type":"ImageObject","inLanguage":"sk-SK","@id":"https:\/\/secure.gravatar.com\/avatar\/2bb7f1561282132fb5826dfeccc66c7996d11ee392ac6aaf7ced8a1c2027fbb2?s=96&d=mm&r=g","url":"https:\/\/secure.gravatar.com\/avatar\/2bb7f1561282132fb5826dfeccc66c7996d11ee392ac6aaf7ced8a1c2027fbb2?s=96&d=mm&r=g","contentUrl":"https:\/\/secure.gravatar.com\/avatar\/2bb7f1561282132fb5826dfeccc66c7996d11ee392ac6aaf7ced8a1c2027fbb2?s=96&d=mm&r=g","caption":"Pova\u017esk\u00e9 m\u00fazeum"}}]}},"_links":{"self":[{"href":"https:\/\/pmza.sk\/index.php?rest_route=\/wp\/v2\/posts\/70089","targetHints":{"allow":["GET"]}}],"collection":[{"href":"https:\/\/pmza.sk\/index.php?rest_route=\/wp\/v2\/posts"}],"about":[{"href":"https:\/\/pmza.sk\/index.php?rest_route=\/wp\/v2\/types\/post"}],"author":[{"embeddable":true,"href":"https:\/\/pmza.sk\/index.php?rest_route=\/wp\/v2\/users\/2"}],"replies":[{"embeddable":true,"href":"https:\/\/pmza.sk\/index.php?rest_route=%2Fwp%2Fv2%2Fcomments&post=70089"}],"version-history":[{"count":0,"href":"https:\/\/pmza.sk\/index.php?rest_route=\/wp\/v2\/posts\/70089\/revisions"}],"wp:featuredmedia":[{"embeddable":true,"href":"https:\/\/pmza.sk\/index.php?rest_route=\/wp\/v2\/media\/70094"}],"wp:attachment":[{"href":"https:\/\/pmza.sk\/index.php?rest_route=%2Fwp%2Fv2%2Fmedia&parent=70089"}],"wp:term":[{"taxonomy":"category","embeddable":true,"href":"https:\/\/pmza.sk\/index.php?rest_route=%2Fwp%2Fv2%2Fcategories&post=70089"},{"taxonomy":"post_tag","embeddable":true,"href":"https:\/\/pmza.sk\/index.php?rest_route=%2Fwp%2Fv2%2Ftags&post=70089"}],"curies":[{"name":"wp","href":"https:\/\/api.w.org\/{rel}","templated":true}]}}