{"id":70100,"date":"2025-05-22T12:59:15","date_gmt":"2025-05-22T10:59:15","guid":{"rendered":"https:\/\/pmza.sk\/?p=70100"},"modified":"2025-08-04T08:38:27","modified_gmt":"2025-08-04T06:38:27","slug":"anatomia-pamiatky","status":"publish","type":"post","link":"https:\/\/pmza.sk\/?p=70100","title":{"rendered":"Anat\u00f3mia pamiatky"},"content":{"rendered":"<p>Vo v\u00fdstavnej s\u00e1le Budat\u00ednskeho hradu bude od 27. m\u00e1ja 2025 pr\u00edstupn\u00e1 nov\u00e1 v\u00fdstava s\u00a0n\u00e1zvom Anat\u00f3mia pamiatky, ktor\u00e1 pribl\u00ed\u017ei v\u00fdznam a hodnotu stavebn\u00fdch pamiatok. D\u00f4le\u017eitos\u0165 objektov pod\u010diarkne uk\u00e1\u017eka vybran\u00fdch stavebn\u00fdch techn\u00edk od z\u00e1kladov a\u017e po strechu a\u00a0ich vz\u00e1jomn\u00e9 s\u00favislosti. Autormi v\u00fdstavy s\u00fa Ing. arch. Peter Kru\u0161insk\u00fd, PhD. zo Stavebnej fakulty \u017dilinskej univerzity v\u00a0\u017diline a\u00a0Doc. Ing. Oto Mak\u00fd\u0161, PhD. zo Stavebnej fakulty Slovenskej technickej univerzity v\u00a0Bratislave.<\/p>\n<p>N\u00e1v\u0161tevn\u00edci uvidia prierezovo kon\u0161trukcie, ktor\u00e9 tvoria pamiatku ako celok a\u00a0z\u00e1rove\u0148 zv\u00fdraz\u0148uj\u00fa jej hodnoty. <em>\u201eNa v\u00fdstave sa nach\u00e1dzaj\u00fa banery zobrazuj\u00face kon\u0161truk\u010dn\u00e9 \u010dasti objektu, od zakladania, cez sp\u00f4sob a\u00a0vymeranie stavby v\u00a0mierach na ploche a\u017e po kon\u0161trukciu, zvl\u00e1\u0161\u0165 stropy, klenby a\u00a0krovy. Priestor je venovan\u00fd aj drevostavb\u00e1m,\u201c <\/em>pribli\u017euje P. Kru\u0161insk\u00fd, ktor\u00fd sa zaober\u00e1 technol\u00f3giami s\u00favisiacimi s\u00a0pou\u017e\u00edvan\u00edm historick\u00fdch mier pri navrhovan\u00ed objektov.<\/p>\n<p>S\u00fa\u010das\u0165ou v\u00fdstavy bud\u00fa tie\u017e r\u00f4zne expon\u00e1ty, <em>napr\u00edklad krytiny, 3D modely historick\u00fdch krovov alebo historick\u00e9 kolkovan\u00e9 tehly. \u201eZ\u00e1ujemcovia sa m\u00f4\u017eu te\u0161i\u0165 na uk\u00e1\u017eku historick\u00fdch mierok Byt\u010dianskeho z\u00e1mku, Sob\u00e1\u0161neho pal\u00e1ca v\u00a0Byt\u010di, ale aj 3D model \u010dasti krovu z\u00a0D\u00f3mu sv. Martina v\u00a0Bratislave,\u201c dod\u00e1va jeden z\u00a0autorov v\u00fdstavy.<\/em><\/p>\n<p>V\u00fdstava, ktor\u00e1 predstavuje pamiatky najm\u00e4 zo Slovenska, ale aj in\u00fdch eur\u00f3pskych kraj\u00edn, bude pr\u00edstupn\u00e1 v\u00a0priestoroch Budat\u00ednskeho hradu do 31. j\u00fala 2025.<\/p>\n<div class=\"wp-block-image\">\n<div class=\"wp-block-image\"><img fetchpriority=\"high\" decoding=\"async\" class=\"wpa-warning wpa-image-missing-alt alignnone size-medium wp-image-70106\" src=\"https:\/\/pmza.sk\/wp-content\/uploads\/2025\/05\/Anatomia_pamiatky_K4-255x360.jpg\" alt=\"\" width=\"255\" height=\"360\" data-warning=\"Missing alt text\" srcset=\"https:\/\/pmza.sk\/wp-content\/uploads\/2025\/05\/Anatomia_pamiatky_K4-255x360.jpg 255w, https:\/\/pmza.sk\/wp-content\/uploads\/2025\/05\/Anatomia_pamiatky_K4-520x736.jpg 520w, https:\/\/pmza.sk\/wp-content\/uploads\/2025\/05\/Anatomia_pamiatky_K4-768x1086.jpg 768w, https:\/\/pmza.sk\/wp-content\/uploads\/2025\/05\/Anatomia_pamiatky_K4-1086x1536.jpg 1086w, https:\/\/pmza.sk\/wp-content\/uploads\/2025\/05\/Anatomia_pamiatky_K4-1448x2048.jpg 1448w, https:\/\/pmza.sk\/wp-content\/uploads\/2025\/05\/Anatomia_pamiatky_K4-600x849.jpg 600w, https:\/\/pmza.sk\/wp-content\/uploads\/2025\/05\/Anatomia_pamiatky_K4-scaled.jpg 1810w\" sizes=\"(max-width: 255px) 100vw, 255px\" \/><\/div>\n<\/div>\n<div><\/div>\n<div>Plag\u00e1t v plnej kvalite <a href=\"https:\/\/pmza.sk\/wp-content\/uploads\/2025\/05\/Anatomia_pamiatky_K4.pdf\">TU<\/a><\/div>\n","protected":false},"excerpt":{"rendered":"<p>Vo v\u00fdstavnej s\u00e1le Budat\u00ednskeho hradu bude od 27. m\u00e1ja 2025 pr\u00edstupn\u00e1 nov\u00e1 v\u00fdstava s\u00a0n\u00e1zvom Anat\u00f3mia pamiatky, ktor\u00e1 pribl\u00ed\u017ei v\u00fdznam a hodnotu stavebn\u00fdch pamiatok. D\u00f4le\u017eitos\u0165 objektov pod\u010diarkne uk\u00e1\u017eka vybran\u00fdch stavebn\u00fdch techn\u00edk od z\u00e1kladov a\u017e po strechu a\u00a0ich vz\u00e1jomn\u00e9 s\u00favislosti. Autormi v\u00fdstavy s\u00fa Ing. arch. Peter Kru\u0161insk\u00fd, PhD. zo Stavebnej fakulty \u017dilinskej univerzity v\u00a0\u017diline a\u00a0Doc. Ing. Oto [&hellip;]<\/p>\n","protected":false},"author":2,"featured_media":70108,"comment_status":"closed","ping_status":"closed","sticky":false,"template":"","format":"standard","meta":{"site-sidebar-layout":"default","site-content-layout":"","ast-site-content-layout":"default","site-content-style":"default","site-sidebar-style":"default","ast-global-header-display":"","ast-banner-title-visibility":"","ast-main-header-display":"","ast-hfb-above-header-display":"","ast-hfb-below-header-display":"","ast-hfb-mobile-header-display":"","site-post-title":"","ast-breadcrumbs-content":"","ast-featured-img":"","footer-sml-layout":"","theme-transparent-header-meta":"default","adv-header-id-meta":"","stick-header-meta":"default","header-above-stick-meta":"","header-main-stick-meta":"","header-below-stick-meta":"","astra-migrate-meta-layouts":"set","ast-page-background-enabled":"default","ast-page-background-meta":{"desktop":{"background-color":"var(--ast-global-color-4)","background-image":"","background-repeat":"repeat","background-position":"center center","background-size":"auto","background-attachment":"scroll","background-type":"","background-media":"","overlay-type":"","overlay-color":"","overlay-opacity":"","overlay-gradient":""},"tablet":{"background-color":"","background-image":"","background-repeat":"repeat","background-position":"center center","background-size":"auto","background-attachment":"scroll","background-type":"","background-media":"","overlay-type":"","overlay-color":"","overlay-opacity":"","overlay-gradient":""},"mobile":{"background-color":"","background-image":"","background-repeat":"repeat","background-position":"center center","background-size":"auto","background-attachment":"scroll","background-type":"","background-media":"","overlay-type":"","overlay-color":"","overlay-opacity":"","overlay-gradient":""}},"ast-content-background-meta":{"desktop":{"background-color":"var(--ast-global-color-5)","background-image":"","background-repeat":"repeat","background-position":"center center","background-size":"auto","background-attachment":"scroll","background-type":"","background-media":"","overlay-type":"","overlay-color":"","overlay-opacity":"","overlay-gradient":""},"tablet":{"background-color":"var(--ast-global-color-5)","background-image":"","background-repeat":"repeat","background-position":"center center","background-size":"auto","background-attachment":"scroll","background-type":"","background-media":"","overlay-type":"","overlay-color":"","overlay-opacity":"","overlay-gradient":""},"mobile":{"background-color":"var(--ast-global-color-5)","background-image":"","background-repeat":"repeat","background-position":"center center","background-size":"auto","background-attachment":"scroll","background-type":"","background-media":"","overlay-type":"","overlay-color":"","overlay-opacity":"","overlay-gradient":""}},"footnotes":""},"categories":[72],"tags":[],"class_list":["post-70100","post","type-post","status-publish","format-standard","has-post-thumbnail","hentry","category-vystavy"],"yoast_head":"<!-- This site is optimized with the Yoast SEO plugin v27.4 - https:\/\/yoast.com\/product\/yoast-seo-wordpress\/ -->\n<title>Anat\u00f3mia pamiatky - Pova\u017esk\u00e9 m\u00fazeum<\/title>\n<meta name=\"robots\" content=\"index, follow, max-snippet:-1, max-image-preview:large, max-video-preview:-1\" \/>\n<link rel=\"canonical\" href=\"https:\/\/pmza.sk\/?p=70100\" \/>\n<meta property=\"og:locale\" content=\"sk_SK\" \/>\n<meta property=\"og:type\" content=\"article\" \/>\n<meta property=\"og:title\" content=\"Anat\u00f3mia pamiatky - Pova\u017esk\u00e9 m\u00fazeum\" \/>\n<meta property=\"og:description\" content=\"Vo v\u00fdstavnej s\u00e1le Budat\u00ednskeho hradu bude od 27. m\u00e1ja 2025 pr\u00edstupn\u00e1 nov\u00e1 v\u00fdstava s\u00a0n\u00e1zvom Anat\u00f3mia pamiatky, ktor\u00e1 pribl\u00ed\u017ei v\u00fdznam a hodnotu stavebn\u00fdch pamiatok. D\u00f4le\u017eitos\u0165 objektov pod\u010diarkne uk\u00e1\u017eka vybran\u00fdch stavebn\u00fdch techn\u00edk od z\u00e1kladov a\u017e po strechu a\u00a0ich vz\u00e1jomn\u00e9 s\u00favislosti. Autormi v\u00fdstavy s\u00fa Ing. arch. Peter Kru\u0161insk\u00fd, PhD. zo Stavebnej fakulty \u017dilinskej univerzity v\u00a0\u017diline a\u00a0Doc. Ing. Oto [&hellip;]\" \/>\n<meta property=\"og:url\" content=\"https:\/\/pmza.sk\/?p=70100\" \/>\n<meta property=\"og:site_name\" content=\"Pova\u017esk\u00e9 m\u00fazeum\" \/>\n<meta property=\"article:publisher\" content=\"https:\/\/www.facebook.com\/povazskemuzeum\" \/>\n<meta property=\"article:published_time\" content=\"2025-05-22T10:59:15+00:00\" \/>\n<meta property=\"article:modified_time\" content=\"2025-08-04T06:38:27+00:00\" \/>\n<meta property=\"og:image\" content=\"https:\/\/pmza.sk\/wp-content\/uploads\/2025\/05\/Anatomia_pamiatky_web2-scaled.jpg\" \/>\n\t<meta property=\"og:image:width\" content=\"2560\" \/>\n\t<meta property=\"og:image:height\" content=\"2560\" \/>\n\t<meta property=\"og:image:type\" content=\"image\/jpeg\" \/>\n<meta name=\"author\" content=\"Pova\u017esk\u00e9 m\u00fazeum\" \/>\n<meta name=\"twitter:card\" content=\"summary_large_image\" \/>\n<meta name=\"twitter:label1\" content=\"Autor\" \/>\n\t<meta name=\"twitter:data1\" content=\"Pova\u017esk\u00e9 m\u00fazeum\" \/>\n\t<meta name=\"twitter:label2\" content=\"Predpokladan\u00fd \u010das \u010d\u00edtania\" \/>\n\t<meta name=\"twitter:data2\" content=\"1 min\u00fata\" \/>\n<script type=\"application\/ld+json\" class=\"yoast-schema-graph\">{\"@context\":\"https:\\\/\\\/schema.org\",\"@graph\":[{\"@type\":\"Article\",\"@id\":\"https:\\\/\\\/pmza.sk\\\/?p=70100#article\",\"isPartOf\":{\"@id\":\"https:\\\/\\\/pmza.sk\\\/?p=70100\"},\"author\":{\"name\":\"Pova\u017esk\u00e9 m\u00fazeum\",\"@id\":\"https:\\\/\\\/pmza.sk\\\/#\\\/schema\\\/person\\\/595e6a2ce731ea94dcd5d7f50a41ae33\"},\"headline\":\"Anat\u00f3mia pamiatky\",\"datePublished\":\"2025-05-22T10:59:15+00:00\",\"dateModified\":\"2025-08-04T06:38:27+00:00\",\"mainEntityOfPage\":{\"@id\":\"https:\\\/\\\/pmza.sk\\\/?p=70100\"},\"wordCount\":277,\"publisher\":{\"@id\":\"https:\\\/\\\/pmza.sk\\\/#organization\"},\"image\":{\"@id\":\"https:\\\/\\\/pmza.sk\\\/?p=70100#primaryimage\"},\"thumbnailUrl\":\"https:\\\/\\\/pmza.sk\\\/wp-content\\\/uploads\\\/2025\\\/05\\\/Anatomia_pamiatky_web2-scaled.jpg\",\"articleSection\":[\"V\u00fdstavy\"],\"inLanguage\":\"sk-SK\"},{\"@type\":\"WebPage\",\"@id\":\"https:\\\/\\\/pmza.sk\\\/?p=70100\",\"url\":\"https:\\\/\\\/pmza.sk\\\/?p=70100\",\"name\":\"Anat\u00f3mia pamiatky - Pova\u017esk\u00e9 m\u00fazeum\",\"isPartOf\":{\"@id\":\"https:\\\/\\\/pmza.sk\\\/#website\"},\"primaryImageOfPage\":{\"@id\":\"https:\\\/\\\/pmza.sk\\\/?p=70100#primaryimage\"},\"image\":{\"@id\":\"https:\\\/\\\/pmza.sk\\\/?p=70100#primaryimage\"},\"thumbnailUrl\":\"https:\\\/\\\/pmza.sk\\\/wp-content\\\/uploads\\\/2025\\\/05\\\/Anatomia_pamiatky_web2-scaled.jpg\",\"datePublished\":\"2025-05-22T10:59:15+00:00\",\"dateModified\":\"2025-08-04T06:38:27+00:00\",\"breadcrumb\":{\"@id\":\"https:\\\/\\\/pmza.sk\\\/?p=70100#breadcrumb\"},\"inLanguage\":\"sk-SK\",\"potentialAction\":[{\"@type\":\"ReadAction\",\"target\":[\"https:\\\/\\\/pmza.sk\\\/?p=70100\"]}]},{\"@type\":\"ImageObject\",\"inLanguage\":\"sk-SK\",\"@id\":\"https:\\\/\\\/pmza.sk\\\/?p=70100#primaryimage\",\"url\":\"https:\\\/\\\/pmza.sk\\\/wp-content\\\/uploads\\\/2025\\\/05\\\/Anatomia_pamiatky_web2-scaled.jpg\",\"contentUrl\":\"https:\\\/\\\/pmza.sk\\\/wp-content\\\/uploads\\\/2025\\\/05\\\/Anatomia_pamiatky_web2-scaled.jpg\",\"width\":2560,\"height\":2560},{\"@type\":\"BreadcrumbList\",\"@id\":\"https:\\\/\\\/pmza.sk\\\/?p=70100#breadcrumb\",\"itemListElement\":[{\"@type\":\"ListItem\",\"position\":1,\"name\":\"Domovsk\u00e1 str\u00e1nka\",\"item\":\"https:\\\/\\\/pmza.sk\\\/\"},{\"@type\":\"ListItem\",\"position\":2,\"name\":\"Anat\u00f3mia pamiatky\"}]},{\"@type\":\"WebSite\",\"@id\":\"https:\\\/\\\/pmza.sk\\\/#website\",\"url\":\"https:\\\/\\\/pmza.sk\\\/\",\"name\":\"Pova\u017esk\u00e9 m\u00fazeum\",\"description\":\"Pova\u017esk\u00e9 m\u00fazeum v \u017diline je region\u00e1lne m\u00fazeum so s\u00eddlom v Budat\u00edne. Jeho expoz\u00edcie s\u00fa zameran\u00e9 na dejiny slovensk\u00e9ho umenia, kult\u00fary a dopravy.\",\"publisher\":{\"@id\":\"https:\\\/\\\/pmza.sk\\\/#organization\"},\"potentialAction\":[{\"@type\":\"SearchAction\",\"target\":{\"@type\":\"EntryPoint\",\"urlTemplate\":\"https:\\\/\\\/pmza.sk\\\/?s={search_term_string}\"},\"query-input\":{\"@type\":\"PropertyValueSpecification\",\"valueRequired\":true,\"valueName\":\"search_term_string\"}}],\"inLanguage\":\"sk-SK\"},{\"@type\":\"Organization\",\"@id\":\"https:\\\/\\\/pmza.sk\\\/#organization\",\"name\":\"Pova\u017esk\u00e9 m\u00fazeum\",\"url\":\"https:\\\/\\\/pmza.sk\\\/\",\"logo\":{\"@type\":\"ImageObject\",\"inLanguage\":\"sk-SK\",\"@id\":\"https:\\\/\\\/pmza.sk\\\/#\\\/schema\\\/logo\\\/image\\\/\",\"url\":\"https:\\\/\\\/pmza.sk\\\/wp-content\\\/uploads\\\/2022\\\/01\\\/logo_PM_horizontal.jpg\",\"contentUrl\":\"https:\\\/\\\/pmza.sk\\\/wp-content\\\/uploads\\\/2022\\\/01\\\/logo_PM_horizontal.jpg\",\"width\":231,\"height\":142,\"caption\":\"Pova\u017esk\u00e9 m\u00fazeum\"},\"image\":{\"@id\":\"https:\\\/\\\/pmza.sk\\\/#\\\/schema\\\/logo\\\/image\\\/\"},\"sameAs\":[\"https:\\\/\\\/www.facebook.com\\\/povazskemuzeum\",\"https:\\\/\\\/www.instagram.com\\\/povazskemuzeum\\\/\"]},{\"@type\":\"Person\",\"@id\":\"https:\\\/\\\/pmza.sk\\\/#\\\/schema\\\/person\\\/595e6a2ce731ea94dcd5d7f50a41ae33\",\"name\":\"Pova\u017esk\u00e9 m\u00fazeum\",\"image\":{\"@type\":\"ImageObject\",\"inLanguage\":\"sk-SK\",\"@id\":\"https:\\\/\\\/secure.gravatar.com\\\/avatar\\\/2bb7f1561282132fb5826dfeccc66c7996d11ee392ac6aaf7ced8a1c2027fbb2?s=96&d=mm&r=g\",\"url\":\"https:\\\/\\\/secure.gravatar.com\\\/avatar\\\/2bb7f1561282132fb5826dfeccc66c7996d11ee392ac6aaf7ced8a1c2027fbb2?s=96&d=mm&r=g\",\"contentUrl\":\"https:\\\/\\\/secure.gravatar.com\\\/avatar\\\/2bb7f1561282132fb5826dfeccc66c7996d11ee392ac6aaf7ced8a1c2027fbb2?s=96&d=mm&r=g\",\"caption\":\"Pova\u017esk\u00e9 m\u00fazeum\"}}]}<\/script>\n<!-- \/ Yoast SEO plugin. -->","yoast_head_json":{"title":"Anat\u00f3mia pamiatky - Pova\u017esk\u00e9 m\u00fazeum","robots":{"index":"index","follow":"follow","max-snippet":"max-snippet:-1","max-image-preview":"max-image-preview:large","max-video-preview":"max-video-preview:-1"},"canonical":"https:\/\/pmza.sk\/?p=70100","og_locale":"sk_SK","og_type":"article","og_title":"Anat\u00f3mia pamiatky - Pova\u017esk\u00e9 m\u00fazeum","og_description":"Vo v\u00fdstavnej s\u00e1le Budat\u00ednskeho hradu bude od 27. m\u00e1ja 2025 pr\u00edstupn\u00e1 nov\u00e1 v\u00fdstava s\u00a0n\u00e1zvom Anat\u00f3mia pamiatky, ktor\u00e1 pribl\u00ed\u017ei v\u00fdznam a hodnotu stavebn\u00fdch pamiatok. D\u00f4le\u017eitos\u0165 objektov pod\u010diarkne uk\u00e1\u017eka vybran\u00fdch stavebn\u00fdch techn\u00edk od z\u00e1kladov a\u017e po strechu a\u00a0ich vz\u00e1jomn\u00e9 s\u00favislosti. Autormi v\u00fdstavy s\u00fa Ing. arch. Peter Kru\u0161insk\u00fd, PhD. zo Stavebnej fakulty \u017dilinskej univerzity v\u00a0\u017diline a\u00a0Doc. Ing. Oto [&hellip;]","og_url":"https:\/\/pmza.sk\/?p=70100","og_site_name":"Pova\u017esk\u00e9 m\u00fazeum","article_publisher":"https:\/\/www.facebook.com\/povazskemuzeum","article_published_time":"2025-05-22T10:59:15+00:00","article_modified_time":"2025-08-04T06:38:27+00:00","og_image":[{"width":2560,"height":2560,"url":"https:\/\/pmza.sk\/wp-content\/uploads\/2025\/05\/Anatomia_pamiatky_web2-scaled.jpg","type":"image\/jpeg"}],"author":"Pova\u017esk\u00e9 m\u00fazeum","twitter_card":"summary_large_image","twitter_misc":{"Autor":"Pova\u017esk\u00e9 m\u00fazeum","Predpokladan\u00fd \u010das \u010d\u00edtania":"1 min\u00fata"},"schema":{"@context":"https:\/\/schema.org","@graph":[{"@type":"Article","@id":"https:\/\/pmza.sk\/?p=70100#article","isPartOf":{"@id":"https:\/\/pmza.sk\/?p=70100"},"author":{"name":"Pova\u017esk\u00e9 m\u00fazeum","@id":"https:\/\/pmza.sk\/#\/schema\/person\/595e6a2ce731ea94dcd5d7f50a41ae33"},"headline":"Anat\u00f3mia pamiatky","datePublished":"2025-05-22T10:59:15+00:00","dateModified":"2025-08-04T06:38:27+00:00","mainEntityOfPage":{"@id":"https:\/\/pmza.sk\/?p=70100"},"wordCount":277,"publisher":{"@id":"https:\/\/pmza.sk\/#organization"},"image":{"@id":"https:\/\/pmza.sk\/?p=70100#primaryimage"},"thumbnailUrl":"https:\/\/pmza.sk\/wp-content\/uploads\/2025\/05\/Anatomia_pamiatky_web2-scaled.jpg","articleSection":["V\u00fdstavy"],"inLanguage":"sk-SK"},{"@type":"WebPage","@id":"https:\/\/pmza.sk\/?p=70100","url":"https:\/\/pmza.sk\/?p=70100","name":"Anat\u00f3mia pamiatky - Pova\u017esk\u00e9 m\u00fazeum","isPartOf":{"@id":"https:\/\/pmza.sk\/#website"},"primaryImageOfPage":{"@id":"https:\/\/pmza.sk\/?p=70100#primaryimage"},"image":{"@id":"https:\/\/pmza.sk\/?p=70100#primaryimage"},"thumbnailUrl":"https:\/\/pmza.sk\/wp-content\/uploads\/2025\/05\/Anatomia_pamiatky_web2-scaled.jpg","datePublished":"2025-05-22T10:59:15+00:00","dateModified":"2025-08-04T06:38:27+00:00","breadcrumb":{"@id":"https:\/\/pmza.sk\/?p=70100#breadcrumb"},"inLanguage":"sk-SK","potentialAction":[{"@type":"ReadAction","target":["https:\/\/pmza.sk\/?p=70100"]}]},{"@type":"ImageObject","inLanguage":"sk-SK","@id":"https:\/\/pmza.sk\/?p=70100#primaryimage","url":"https:\/\/pmza.sk\/wp-content\/uploads\/2025\/05\/Anatomia_pamiatky_web2-scaled.jpg","contentUrl":"https:\/\/pmza.sk\/wp-content\/uploads\/2025\/05\/Anatomia_pamiatky_web2-scaled.jpg","width":2560,"height":2560},{"@type":"BreadcrumbList","@id":"https:\/\/pmza.sk\/?p=70100#breadcrumb","itemListElement":[{"@type":"ListItem","position":1,"name":"Domovsk\u00e1 str\u00e1nka","item":"https:\/\/pmza.sk\/"},{"@type":"ListItem","position":2,"name":"Anat\u00f3mia pamiatky"}]},{"@type":"WebSite","@id":"https:\/\/pmza.sk\/#website","url":"https:\/\/pmza.sk\/","name":"Pova\u017esk\u00e9 m\u00fazeum","description":"Pova\u017esk\u00e9 m\u00fazeum v \u017diline je region\u00e1lne m\u00fazeum so s\u00eddlom v Budat\u00edne. Jeho expoz\u00edcie s\u00fa zameran\u00e9 na dejiny slovensk\u00e9ho umenia, kult\u00fary a dopravy.","publisher":{"@id":"https:\/\/pmza.sk\/#organization"},"potentialAction":[{"@type":"SearchAction","target":{"@type":"EntryPoint","urlTemplate":"https:\/\/pmza.sk\/?s={search_term_string}"},"query-input":{"@type":"PropertyValueSpecification","valueRequired":true,"valueName":"search_term_string"}}],"inLanguage":"sk-SK"},{"@type":"Organization","@id":"https:\/\/pmza.sk\/#organization","name":"Pova\u017esk\u00e9 m\u00fazeum","url":"https:\/\/pmza.sk\/","logo":{"@type":"ImageObject","inLanguage":"sk-SK","@id":"https:\/\/pmza.sk\/#\/schema\/logo\/image\/","url":"https:\/\/pmza.sk\/wp-content\/uploads\/2022\/01\/logo_PM_horizontal.jpg","contentUrl":"https:\/\/pmza.sk\/wp-content\/uploads\/2022\/01\/logo_PM_horizontal.jpg","width":231,"height":142,"caption":"Pova\u017esk\u00e9 m\u00fazeum"},"image":{"@id":"https:\/\/pmza.sk\/#\/schema\/logo\/image\/"},"sameAs":["https:\/\/www.facebook.com\/povazskemuzeum","https:\/\/www.instagram.com\/povazskemuzeum\/"]},{"@type":"Person","@id":"https:\/\/pmza.sk\/#\/schema\/person\/595e6a2ce731ea94dcd5d7f50a41ae33","name":"Pova\u017esk\u00e9 m\u00fazeum","image":{"@type":"ImageObject","inLanguage":"sk-SK","@id":"https:\/\/secure.gravatar.com\/avatar\/2bb7f1561282132fb5826dfeccc66c7996d11ee392ac6aaf7ced8a1c2027fbb2?s=96&d=mm&r=g","url":"https:\/\/secure.gravatar.com\/avatar\/2bb7f1561282132fb5826dfeccc66c7996d11ee392ac6aaf7ced8a1c2027fbb2?s=96&d=mm&r=g","contentUrl":"https:\/\/secure.gravatar.com\/avatar\/2bb7f1561282132fb5826dfeccc66c7996d11ee392ac6aaf7ced8a1c2027fbb2?s=96&d=mm&r=g","caption":"Pova\u017esk\u00e9 m\u00fazeum"}}]}},"_links":{"self":[{"href":"https:\/\/pmza.sk\/index.php?rest_route=\/wp\/v2\/posts\/70100","targetHints":{"allow":["GET"]}}],"collection":[{"href":"https:\/\/pmza.sk\/index.php?rest_route=\/wp\/v2\/posts"}],"about":[{"href":"https:\/\/pmza.sk\/index.php?rest_route=\/wp\/v2\/types\/post"}],"author":[{"embeddable":true,"href":"https:\/\/pmza.sk\/index.php?rest_route=\/wp\/v2\/users\/2"}],"replies":[{"embeddable":true,"href":"https:\/\/pmza.sk\/index.php?rest_route=%2Fwp%2Fv2%2Fcomments&post=70100"}],"version-history":[{"count":0,"href":"https:\/\/pmza.sk\/index.php?rest_route=\/wp\/v2\/posts\/70100\/revisions"}],"wp:featuredmedia":[{"embeddable":true,"href":"https:\/\/pmza.sk\/index.php?rest_route=\/wp\/v2\/media\/70108"}],"wp:attachment":[{"href":"https:\/\/pmza.sk\/index.php?rest_route=%2Fwp%2Fv2%2Fmedia&parent=70100"}],"wp:term":[{"taxonomy":"category","embeddable":true,"href":"https:\/\/pmza.sk\/index.php?rest_route=%2Fwp%2Fv2%2Fcategories&post=70100"},{"taxonomy":"post_tag","embeddable":true,"href":"https:\/\/pmza.sk\/index.php?rest_route=%2Fwp%2Fv2%2Ftags&post=70100"}],"curies":[{"name":"wp","href":"https:\/\/api.w.org\/{rel}","templated":true}]}}