{"id":70169,"date":"2025-06-02T11:50:04","date_gmt":"2025-06-02T09:50:04","guid":{"rendered":"https:\/\/pmza.sk\/?p=70169"},"modified":"2025-10-13T10:44:36","modified_gmt":"2025-10-13T08:44:36","slug":"premeny-drotu-25","status":"publish","type":"post","link":"https:\/\/pmza.sk\/?p=70169","title":{"rendered":"Premeny dr\u00f4tu \u00b425"},"content":{"rendered":"<p>V\u00a0roku 2025 si Pova\u017esk\u00e9 m\u00fazeum pripom\u00edna tridsa\u0165p\u00e4\u0165 rokov svojho \u00fasilia o\u00a0o\u017eivenie drot\u00e1rskych zru\u010dnost\u00ed a\u00a0p\u00e4\u0165 rokov od z\u00e1pisu drot\u00e1rstva do Reprezentat\u00edvneho zoznamu nehmotn\u00e9ho dedi\u010dstva \u013eudstva UNESCO. Pri tejto pr\u00edle\u017eitosti zorganizovalo unik\u00e1tnu umelecko-remeseln\u00fa a\u00a0v\u00fdtvarn\u00fa prezent\u00e1ciu Premeny dr\u00f4tu \u00b425. Jej kur\u00e1tormi s\u00fa histori\u010dka drot\u00e1rstva Mgr. Katar\u00edna Hallonov\u00e1 a\u00a0historik umenia Mgr. Zdeno Hogh.<\/p>\n<p><em>\u201eV\u00fdstava je v\u00a0porad\u00ed \u00f4smym pokra\u010dovan\u00edm origin\u00e1lneho projektu ( v obdob\u00ed 2016 \u2013 2025 do\u010dasne preru\u0161en\u00e9ho) a\u00a0predstavuje mo\u017enosti vyu\u017eitia dr\u00f4tu v\u00a0s\u00fa\u010dasnej umeleckej praxi. Cel\u00fd v\u00fdstavn\u00fd cyklus m\u00fazeum organizuje od roku 1995 v\u00a0p\u00f4vodne trojro\u010dnej periodicite ako celoslovensk\u00fd v\u00fdtvarn\u00fd sal\u00f3n s\u00a0medzin\u00e1rodnou \u00fa\u010das\u0165ou, s\u00a0cie\u013eom pravidelne mapova\u0165 aktivity nadv\u00e4zuj\u00face na drot\u00e1rsku trad\u00edciu Slovenska, podporova\u0165 ich <\/em><em>trval\u00fa udr\u017eate\u013enos\u0165 a popularizova\u0165 dr\u00f4t ako v\u00fdtvarn\u00fd materi\u00e1l s\u00a0ve\u013ek\u00fdm potenci\u00e1lom prekvapivo pestr\u00fdch v\u00fdrazov\u00fdch mo\u017enost\u00ed a neobvykl\u00fdch technologick\u00fdch rie\u0161en\u00ed\u201c, <\/em>pribli\u017euje Katar\u00edna Hallonov\u00e1.<em>\u00a0 <\/em><\/p>\n<p>Projekt i\u00a0samotn\u00e1 v\u00fdstava predstavuj\u00fa pravdepodobne najv\u00e4\u010d\u0161iu prehliadku umeleck\u00fdch a\u00a0\u00fa\u017eitkov\u00fdch pr\u00e1c, ktor\u00e9 sp\u00e1ja spolo\u010dn\u00fd materi\u00e1l v\u00f4bec. Prin\u00e1\u0161aj\u00fa preh\u013ead o stave a \u00farovni tohto neobvykl\u00e9ho umeleck\u00e9ho a remeseln\u00e9ho odvetia, nazna\u010duj\u00fa jeho perspekt\u00edvy i v\u00fdvojov\u00e9 trendy a\u00a0v\u010faka dlhodobej trad\u00edcii umo\u017e\u0148uj\u00fa sledova\u0165 aj v\u00fdvoj jednotliv\u00fdch tvorcov. Na aktu\u00e1lnej prezent\u00e1cii sa predstav\u00ed viac ako 70 autorov preva\u017ene zo Slovenska, ale aj z\u00a0\u010ceskej republiky, tie\u017e autorka \u017eij\u00faca v\u00a0Ma\u010farsku a\u00a0\u010fal\u0161ia, poch\u00e1dzaj\u00faca z\u00a0Kolumbie. \u201e<em>V\u00fdstava je jedine\u010dn\u00e1 svoj\u00edm rozsahom i, na dom\u00e1cej v\u00fdtvarnej sc\u00e9ne, zriedkav\u00fdm, spojen\u00edm profesion\u00e1lov a\u00a0\u013eud\u00ed pracuj\u00facich s\u00a0dr\u00f4tom len v\u00a0r\u00e1mci vo\u013en\u00e9ho \u010dasu. Verejnosti doslova pon\u00faka n\u00e1v\u0161tevu alternat\u00edvneho dr\u00f4ten\u00e9ho sveta zaplnen\u00e9ho stovkami expon\u00e1tov od praktick\u00fdch \u00fa\u017eitkov\u00fdch predmetov vych\u00e1dzaj\u00facich z\u00a0tradi\u010dn\u00fdch vzorov, cez ich s\u00fa\u010dasnej\u0161ie autorsk\u00e9 obmeny, a\u017e po tematicky pestr\u00fa zmes plast\u00edk zo sveta \u017eivo\u010d\u00edchov, modely dopravn\u00fdch a\u00a0technick\u00fdch prostriedkov \u010di v\u00fdznamn\u00fdch stavebn\u00fdch pamiatok, ale, napr\u00edklad, aj \u013eudsk\u00e9 postavy v\u00a0\u017eivotnej ve\u013ekosti. \u017deny a\u00a0diev\u010dat\u00e1 isto zaujme kolekcia n\u00e1padit\u00fdch \u0161perkov a\u00a0deti pote\u0161\u00ed viacero rozpr\u00e1vkov\u00fdch postavi\u010diek,\u201c <\/em>pokra\u010duje Hallonov\u00e1.<\/p>\n<p>V\u00fdstava bude pre verejnos\u0165 pr\u00edstupn\u00e1 od 6. j\u00fana v Sob\u00e1\u0161nom pal\u00e1ci v\u00a0Byt\u010di v\u00a0\u010dase be\u017en\u00fdch otv\u00e1rac\u00edch hod\u00edn a\u00a0potrv\u00e1 do 12. okt\u00f3bra 2025.<\/p>\n<div class=\"wp-block-image\"><img fetchpriority=\"high\" decoding=\"async\" class=\"wpa-warning wpa-image-missing-alt alignnone size-medium wp-image-70171\" src=\"https:\/\/pmza.sk\/wp-content\/uploads\/2025\/06\/Premeny_drotu_25_plagat_K2-255x360.jpg\" alt=\"\" width=\"255\" height=\"360\" data-warning=\"Missing alt text\" srcset=\"https:\/\/pmza.sk\/wp-content\/uploads\/2025\/06\/Premeny_drotu_25_plagat_K2-255x360.jpg 255w, https:\/\/pmza.sk\/wp-content\/uploads\/2025\/06\/Premeny_drotu_25_plagat_K2-520x736.jpg 520w, https:\/\/pmza.sk\/wp-content\/uploads\/2025\/06\/Premeny_drotu_25_plagat_K2-768x1086.jpg 768w, https:\/\/pmza.sk\/wp-content\/uploads\/2025\/06\/Premeny_drotu_25_plagat_K2-1086x1536.jpg 1086w, https:\/\/pmza.sk\/wp-content\/uploads\/2025\/06\/Premeny_drotu_25_plagat_K2-1448x2048.jpg 1448w, https:\/\/pmza.sk\/wp-content\/uploads\/2025\/06\/Premeny_drotu_25_plagat_K2-600x849.jpg 600w, https:\/\/pmza.sk\/wp-content\/uploads\/2025\/06\/Premeny_drotu_25_plagat_K2-scaled.jpg 1810w\" sizes=\"(max-width: 255px) 100vw, 255px\" \/><\/div>\n<div><\/div>\n<div>Plag\u00e1t v plnej ve\u013ekosti <a href=\"https:\/\/pmza.sk\/wp-content\/uploads\/2025\/06\/Premeny_drotu_25_plagat_K2.pdf\">TU<\/a><\/div>\n","protected":false},"excerpt":{"rendered":"<p>V\u00a0roku 2025 si Pova\u017esk\u00e9 m\u00fazeum pripom\u00edna tridsa\u0165p\u00e4\u0165 rokov svojho \u00fasilia o\u00a0o\u017eivenie drot\u00e1rskych zru\u010dnost\u00ed a\u00a0p\u00e4\u0165 rokov od z\u00e1pisu drot\u00e1rstva do Reprezentat\u00edvneho zoznamu nehmotn\u00e9ho dedi\u010dstva \u013eudstva UNESCO. Pri tejto pr\u00edle\u017eitosti zorganizovalo unik\u00e1tnu umelecko-remeseln\u00fa a\u00a0v\u00fdtvarn\u00fa prezent\u00e1ciu Premeny dr\u00f4tu \u00b425. Jej kur\u00e1tormi s\u00fa histori\u010dka drot\u00e1rstva Mgr. Katar\u00edna Hallonov\u00e1 a\u00a0historik umenia Mgr. Zdeno Hogh. \u201eV\u00fdstava je v\u00a0porad\u00ed \u00f4smym pokra\u010dovan\u00edm origin\u00e1lneho [&hellip;]<\/p>\n","protected":false},"author":2,"featured_media":70170,"comment_status":"closed","ping_status":"closed","sticky":false,"template":"","format":"standard","meta":{"site-sidebar-layout":"default","site-content-layout":"","ast-site-content-layout":"default","site-content-style":"default","site-sidebar-style":"default","ast-global-header-display":"","ast-banner-title-visibility":"","ast-main-header-display":"","ast-hfb-above-header-display":"","ast-hfb-below-header-display":"","ast-hfb-mobile-header-display":"","site-post-title":"","ast-breadcrumbs-content":"","ast-featured-img":"","footer-sml-layout":"","theme-transparent-header-meta":"default","adv-header-id-meta":"","stick-header-meta":"default","header-above-stick-meta":"","header-main-stick-meta":"","header-below-stick-meta":"","astra-migrate-meta-layouts":"set","ast-page-background-enabled":"default","ast-page-background-meta":{"desktop":{"background-color":"var(--ast-global-color-4)","background-image":"","background-repeat":"repeat","background-position":"center center","background-size":"auto","background-attachment":"scroll","background-type":"","background-media":"","overlay-type":"","overlay-color":"","overlay-opacity":"","overlay-gradient":""},"tablet":{"background-color":"","background-image":"","background-repeat":"repeat","background-position":"center center","background-size":"auto","background-attachment":"scroll","background-type":"","background-media":"","overlay-type":"","overlay-color":"","overlay-opacity":"","overlay-gradient":""},"mobile":{"background-color":"","background-image":"","background-repeat":"repeat","background-position":"center center","background-size":"auto","background-attachment":"scroll","background-type":"","background-media":"","overlay-type":"","overlay-color":"","overlay-opacity":"","overlay-gradient":""}},"ast-content-background-meta":{"desktop":{"background-color":"var(--ast-global-color-5)","background-image":"","background-repeat":"repeat","background-position":"center center","background-size":"auto","background-attachment":"scroll","background-type":"","background-media":"","overlay-type":"","overlay-color":"","overlay-opacity":"","overlay-gradient":""},"tablet":{"background-color":"var(--ast-global-color-5)","background-image":"","background-repeat":"repeat","background-position":"center center","background-size":"auto","background-attachment":"scroll","background-type":"","background-media":"","overlay-type":"","overlay-color":"","overlay-opacity":"","overlay-gradient":""},"mobile":{"background-color":"var(--ast-global-color-5)","background-image":"","background-repeat":"repeat","background-position":"center center","background-size":"auto","background-attachment":"scroll","background-type":"","background-media":"","overlay-type":"","overlay-color":"","overlay-opacity":"","overlay-gradient":""}},"footnotes":""},"categories":[72],"tags":[],"class_list":["post-70169","post","type-post","status-publish","format-standard","has-post-thumbnail","hentry","category-vystavy"],"yoast_head":"<!-- This site is optimized with the Yoast SEO plugin v27.4 - https:\/\/yoast.com\/product\/yoast-seo-wordpress\/ -->\n<title>Premeny dr\u00f4tu \u00b425 - Pova\u017esk\u00e9 m\u00fazeum<\/title>\n<meta name=\"robots\" content=\"index, follow, max-snippet:-1, max-image-preview:large, max-video-preview:-1\" \/>\n<link rel=\"canonical\" href=\"https:\/\/pmza.sk\/?p=70169\" \/>\n<meta property=\"og:locale\" content=\"sk_SK\" \/>\n<meta property=\"og:type\" content=\"article\" \/>\n<meta property=\"og:title\" content=\"Premeny dr\u00f4tu \u00b425 - Pova\u017esk\u00e9 m\u00fazeum\" \/>\n<meta property=\"og:description\" content=\"V\u00a0roku 2025 si Pova\u017esk\u00e9 m\u00fazeum pripom\u00edna tridsa\u0165p\u00e4\u0165 rokov svojho \u00fasilia o\u00a0o\u017eivenie drot\u00e1rskych zru\u010dnost\u00ed a\u00a0p\u00e4\u0165 rokov od z\u00e1pisu drot\u00e1rstva do Reprezentat\u00edvneho zoznamu nehmotn\u00e9ho dedi\u010dstva \u013eudstva UNESCO. Pri tejto pr\u00edle\u017eitosti zorganizovalo unik\u00e1tnu umelecko-remeseln\u00fa a\u00a0v\u00fdtvarn\u00fa prezent\u00e1ciu Premeny dr\u00f4tu \u00b425. Jej kur\u00e1tormi s\u00fa histori\u010dka drot\u00e1rstva Mgr. Katar\u00edna Hallonov\u00e1 a\u00a0historik umenia Mgr. Zdeno Hogh. \u201eV\u00fdstava je v\u00a0porad\u00ed \u00f4smym pokra\u010dovan\u00edm origin\u00e1lneho [&hellip;]\" \/>\n<meta property=\"og:url\" content=\"https:\/\/pmza.sk\/?p=70169\" \/>\n<meta property=\"og:site_name\" content=\"Pova\u017esk\u00e9 m\u00fazeum\" \/>\n<meta property=\"article:publisher\" content=\"https:\/\/www.facebook.com\/povazskemuzeum\" \/>\n<meta property=\"article:published_time\" content=\"2025-06-02T09:50:04+00:00\" \/>\n<meta property=\"article:modified_time\" content=\"2025-10-13T08:44:36+00:00\" \/>\n<meta property=\"og:image\" content=\"https:\/\/pmza.sk\/wp-content\/uploads\/2025\/06\/Premeny_drotu_25_web-scaled.jpg\" \/>\n\t<meta property=\"og:image:width\" content=\"2560\" \/>\n\t<meta property=\"og:image:height\" content=\"2560\" \/>\n\t<meta property=\"og:image:type\" content=\"image\/jpeg\" \/>\n<meta name=\"author\" content=\"Pova\u017esk\u00e9 m\u00fazeum\" \/>\n<meta name=\"twitter:card\" content=\"summary_large_image\" \/>\n<meta name=\"twitter:label1\" content=\"Autor\" \/>\n\t<meta name=\"twitter:data1\" content=\"Pova\u017esk\u00e9 m\u00fazeum\" \/>\n\t<meta name=\"twitter:label2\" content=\"Predpokladan\u00fd \u010das \u010d\u00edtania\" \/>\n\t<meta name=\"twitter:data2\" content=\"2 min\u00faty\" \/>\n<script type=\"application\/ld+json\" class=\"yoast-schema-graph\">{\"@context\":\"https:\\\/\\\/schema.org\",\"@graph\":[{\"@type\":\"Article\",\"@id\":\"https:\\\/\\\/pmza.sk\\\/?p=70169#article\",\"isPartOf\":{\"@id\":\"https:\\\/\\\/pmza.sk\\\/?p=70169\"},\"author\":{\"name\":\"Pova\u017esk\u00e9 m\u00fazeum\",\"@id\":\"https:\\\/\\\/pmza.sk\\\/#\\\/schema\\\/person\\\/595e6a2ce731ea94dcd5d7f50a41ae33\"},\"headline\":\"Premeny dr\u00f4tu \u00b425\",\"datePublished\":\"2025-06-02T09:50:04+00:00\",\"dateModified\":\"2025-10-13T08:44:36+00:00\",\"mainEntityOfPage\":{\"@id\":\"https:\\\/\\\/pmza.sk\\\/?p=70169\"},\"wordCount\":466,\"publisher\":{\"@id\":\"https:\\\/\\\/pmza.sk\\\/#organization\"},\"image\":{\"@id\":\"https:\\\/\\\/pmza.sk\\\/?p=70169#primaryimage\"},\"thumbnailUrl\":\"https:\\\/\\\/pmza.sk\\\/wp-content\\\/uploads\\\/2025\\\/06\\\/Premeny_drotu_25_web-scaled.jpg\",\"articleSection\":[\"V\u00fdstavy\"],\"inLanguage\":\"sk-SK\"},{\"@type\":\"WebPage\",\"@id\":\"https:\\\/\\\/pmza.sk\\\/?p=70169\",\"url\":\"https:\\\/\\\/pmza.sk\\\/?p=70169\",\"name\":\"Premeny dr\u00f4tu \u00b425 - Pova\u017esk\u00e9 m\u00fazeum\",\"isPartOf\":{\"@id\":\"https:\\\/\\\/pmza.sk\\\/#website\"},\"primaryImageOfPage\":{\"@id\":\"https:\\\/\\\/pmza.sk\\\/?p=70169#primaryimage\"},\"image\":{\"@id\":\"https:\\\/\\\/pmza.sk\\\/?p=70169#primaryimage\"},\"thumbnailUrl\":\"https:\\\/\\\/pmza.sk\\\/wp-content\\\/uploads\\\/2025\\\/06\\\/Premeny_drotu_25_web-scaled.jpg\",\"datePublished\":\"2025-06-02T09:50:04+00:00\",\"dateModified\":\"2025-10-13T08:44:36+00:00\",\"breadcrumb\":{\"@id\":\"https:\\\/\\\/pmza.sk\\\/?p=70169#breadcrumb\"},\"inLanguage\":\"sk-SK\",\"potentialAction\":[{\"@type\":\"ReadAction\",\"target\":[\"https:\\\/\\\/pmza.sk\\\/?p=70169\"]}]},{\"@type\":\"ImageObject\",\"inLanguage\":\"sk-SK\",\"@id\":\"https:\\\/\\\/pmza.sk\\\/?p=70169#primaryimage\",\"url\":\"https:\\\/\\\/pmza.sk\\\/wp-content\\\/uploads\\\/2025\\\/06\\\/Premeny_drotu_25_web-scaled.jpg\",\"contentUrl\":\"https:\\\/\\\/pmza.sk\\\/wp-content\\\/uploads\\\/2025\\\/06\\\/Premeny_drotu_25_web-scaled.jpg\",\"width\":2560,\"height\":2560},{\"@type\":\"BreadcrumbList\",\"@id\":\"https:\\\/\\\/pmza.sk\\\/?p=70169#breadcrumb\",\"itemListElement\":[{\"@type\":\"ListItem\",\"position\":1,\"name\":\"Domovsk\u00e1 str\u00e1nka\",\"item\":\"https:\\\/\\\/pmza.sk\\\/\"},{\"@type\":\"ListItem\",\"position\":2,\"name\":\"Premeny dr\u00f4tu \u00b425\"}]},{\"@type\":\"WebSite\",\"@id\":\"https:\\\/\\\/pmza.sk\\\/#website\",\"url\":\"https:\\\/\\\/pmza.sk\\\/\",\"name\":\"Pova\u017esk\u00e9 m\u00fazeum\",\"description\":\"Pova\u017esk\u00e9 m\u00fazeum v \u017diline je region\u00e1lne m\u00fazeum so s\u00eddlom v Budat\u00edne. Jeho expoz\u00edcie s\u00fa zameran\u00e9 na dejiny slovensk\u00e9ho umenia, kult\u00fary a dopravy.\",\"publisher\":{\"@id\":\"https:\\\/\\\/pmza.sk\\\/#organization\"},\"potentialAction\":[{\"@type\":\"SearchAction\",\"target\":{\"@type\":\"EntryPoint\",\"urlTemplate\":\"https:\\\/\\\/pmza.sk\\\/?s={search_term_string}\"},\"query-input\":{\"@type\":\"PropertyValueSpecification\",\"valueRequired\":true,\"valueName\":\"search_term_string\"}}],\"inLanguage\":\"sk-SK\"},{\"@type\":\"Organization\",\"@id\":\"https:\\\/\\\/pmza.sk\\\/#organization\",\"name\":\"Pova\u017esk\u00e9 m\u00fazeum\",\"url\":\"https:\\\/\\\/pmza.sk\\\/\",\"logo\":{\"@type\":\"ImageObject\",\"inLanguage\":\"sk-SK\",\"@id\":\"https:\\\/\\\/pmza.sk\\\/#\\\/schema\\\/logo\\\/image\\\/\",\"url\":\"https:\\\/\\\/pmza.sk\\\/wp-content\\\/uploads\\\/2022\\\/01\\\/logo_PM_horizontal.jpg\",\"contentUrl\":\"https:\\\/\\\/pmza.sk\\\/wp-content\\\/uploads\\\/2022\\\/01\\\/logo_PM_horizontal.jpg\",\"width\":231,\"height\":142,\"caption\":\"Pova\u017esk\u00e9 m\u00fazeum\"},\"image\":{\"@id\":\"https:\\\/\\\/pmza.sk\\\/#\\\/schema\\\/logo\\\/image\\\/\"},\"sameAs\":[\"https:\\\/\\\/www.facebook.com\\\/povazskemuzeum\",\"https:\\\/\\\/www.instagram.com\\\/povazskemuzeum\\\/\"]},{\"@type\":\"Person\",\"@id\":\"https:\\\/\\\/pmza.sk\\\/#\\\/schema\\\/person\\\/595e6a2ce731ea94dcd5d7f50a41ae33\",\"name\":\"Pova\u017esk\u00e9 m\u00fazeum\",\"image\":{\"@type\":\"ImageObject\",\"inLanguage\":\"sk-SK\",\"@id\":\"https:\\\/\\\/secure.gravatar.com\\\/avatar\\\/2bb7f1561282132fb5826dfeccc66c7996d11ee392ac6aaf7ced8a1c2027fbb2?s=96&d=mm&r=g\",\"url\":\"https:\\\/\\\/secure.gravatar.com\\\/avatar\\\/2bb7f1561282132fb5826dfeccc66c7996d11ee392ac6aaf7ced8a1c2027fbb2?s=96&d=mm&r=g\",\"contentUrl\":\"https:\\\/\\\/secure.gravatar.com\\\/avatar\\\/2bb7f1561282132fb5826dfeccc66c7996d11ee392ac6aaf7ced8a1c2027fbb2?s=96&d=mm&r=g\",\"caption\":\"Pova\u017esk\u00e9 m\u00fazeum\"}}]}<\/script>\n<!-- \/ Yoast SEO plugin. -->","yoast_head_json":{"title":"Premeny dr\u00f4tu \u00b425 - Pova\u017esk\u00e9 m\u00fazeum","robots":{"index":"index","follow":"follow","max-snippet":"max-snippet:-1","max-image-preview":"max-image-preview:large","max-video-preview":"max-video-preview:-1"},"canonical":"https:\/\/pmza.sk\/?p=70169","og_locale":"sk_SK","og_type":"article","og_title":"Premeny dr\u00f4tu \u00b425 - Pova\u017esk\u00e9 m\u00fazeum","og_description":"V\u00a0roku 2025 si Pova\u017esk\u00e9 m\u00fazeum pripom\u00edna tridsa\u0165p\u00e4\u0165 rokov svojho \u00fasilia o\u00a0o\u017eivenie drot\u00e1rskych zru\u010dnost\u00ed a\u00a0p\u00e4\u0165 rokov od z\u00e1pisu drot\u00e1rstva do Reprezentat\u00edvneho zoznamu nehmotn\u00e9ho dedi\u010dstva \u013eudstva UNESCO. Pri tejto pr\u00edle\u017eitosti zorganizovalo unik\u00e1tnu umelecko-remeseln\u00fa a\u00a0v\u00fdtvarn\u00fa prezent\u00e1ciu Premeny dr\u00f4tu \u00b425. Jej kur\u00e1tormi s\u00fa histori\u010dka drot\u00e1rstva Mgr. Katar\u00edna Hallonov\u00e1 a\u00a0historik umenia Mgr. Zdeno Hogh. \u201eV\u00fdstava je v\u00a0porad\u00ed \u00f4smym pokra\u010dovan\u00edm origin\u00e1lneho [&hellip;]","og_url":"https:\/\/pmza.sk\/?p=70169","og_site_name":"Pova\u017esk\u00e9 m\u00fazeum","article_publisher":"https:\/\/www.facebook.com\/povazskemuzeum","article_published_time":"2025-06-02T09:50:04+00:00","article_modified_time":"2025-10-13T08:44:36+00:00","og_image":[{"width":2560,"height":2560,"url":"https:\/\/pmza.sk\/wp-content\/uploads\/2025\/06\/Premeny_drotu_25_web-scaled.jpg","type":"image\/jpeg"}],"author":"Pova\u017esk\u00e9 m\u00fazeum","twitter_card":"summary_large_image","twitter_misc":{"Autor":"Pova\u017esk\u00e9 m\u00fazeum","Predpokladan\u00fd \u010das \u010d\u00edtania":"2 min\u00faty"},"schema":{"@context":"https:\/\/schema.org","@graph":[{"@type":"Article","@id":"https:\/\/pmza.sk\/?p=70169#article","isPartOf":{"@id":"https:\/\/pmza.sk\/?p=70169"},"author":{"name":"Pova\u017esk\u00e9 m\u00fazeum","@id":"https:\/\/pmza.sk\/#\/schema\/person\/595e6a2ce731ea94dcd5d7f50a41ae33"},"headline":"Premeny dr\u00f4tu \u00b425","datePublished":"2025-06-02T09:50:04+00:00","dateModified":"2025-10-13T08:44:36+00:00","mainEntityOfPage":{"@id":"https:\/\/pmza.sk\/?p=70169"},"wordCount":466,"publisher":{"@id":"https:\/\/pmza.sk\/#organization"},"image":{"@id":"https:\/\/pmza.sk\/?p=70169#primaryimage"},"thumbnailUrl":"https:\/\/pmza.sk\/wp-content\/uploads\/2025\/06\/Premeny_drotu_25_web-scaled.jpg","articleSection":["V\u00fdstavy"],"inLanguage":"sk-SK"},{"@type":"WebPage","@id":"https:\/\/pmza.sk\/?p=70169","url":"https:\/\/pmza.sk\/?p=70169","name":"Premeny dr\u00f4tu \u00b425 - Pova\u017esk\u00e9 m\u00fazeum","isPartOf":{"@id":"https:\/\/pmza.sk\/#website"},"primaryImageOfPage":{"@id":"https:\/\/pmza.sk\/?p=70169#primaryimage"},"image":{"@id":"https:\/\/pmza.sk\/?p=70169#primaryimage"},"thumbnailUrl":"https:\/\/pmza.sk\/wp-content\/uploads\/2025\/06\/Premeny_drotu_25_web-scaled.jpg","datePublished":"2025-06-02T09:50:04+00:00","dateModified":"2025-10-13T08:44:36+00:00","breadcrumb":{"@id":"https:\/\/pmza.sk\/?p=70169#breadcrumb"},"inLanguage":"sk-SK","potentialAction":[{"@type":"ReadAction","target":["https:\/\/pmza.sk\/?p=70169"]}]},{"@type":"ImageObject","inLanguage":"sk-SK","@id":"https:\/\/pmza.sk\/?p=70169#primaryimage","url":"https:\/\/pmza.sk\/wp-content\/uploads\/2025\/06\/Premeny_drotu_25_web-scaled.jpg","contentUrl":"https:\/\/pmza.sk\/wp-content\/uploads\/2025\/06\/Premeny_drotu_25_web-scaled.jpg","width":2560,"height":2560},{"@type":"BreadcrumbList","@id":"https:\/\/pmza.sk\/?p=70169#breadcrumb","itemListElement":[{"@type":"ListItem","position":1,"name":"Domovsk\u00e1 str\u00e1nka","item":"https:\/\/pmza.sk\/"},{"@type":"ListItem","position":2,"name":"Premeny dr\u00f4tu \u00b425"}]},{"@type":"WebSite","@id":"https:\/\/pmza.sk\/#website","url":"https:\/\/pmza.sk\/","name":"Pova\u017esk\u00e9 m\u00fazeum","description":"Pova\u017esk\u00e9 m\u00fazeum v \u017diline je region\u00e1lne m\u00fazeum so s\u00eddlom v Budat\u00edne. Jeho expoz\u00edcie s\u00fa zameran\u00e9 na dejiny slovensk\u00e9ho umenia, kult\u00fary a dopravy.","publisher":{"@id":"https:\/\/pmza.sk\/#organization"},"potentialAction":[{"@type":"SearchAction","target":{"@type":"EntryPoint","urlTemplate":"https:\/\/pmza.sk\/?s={search_term_string}"},"query-input":{"@type":"PropertyValueSpecification","valueRequired":true,"valueName":"search_term_string"}}],"inLanguage":"sk-SK"},{"@type":"Organization","@id":"https:\/\/pmza.sk\/#organization","name":"Pova\u017esk\u00e9 m\u00fazeum","url":"https:\/\/pmza.sk\/","logo":{"@type":"ImageObject","inLanguage":"sk-SK","@id":"https:\/\/pmza.sk\/#\/schema\/logo\/image\/","url":"https:\/\/pmza.sk\/wp-content\/uploads\/2022\/01\/logo_PM_horizontal.jpg","contentUrl":"https:\/\/pmza.sk\/wp-content\/uploads\/2022\/01\/logo_PM_horizontal.jpg","width":231,"height":142,"caption":"Pova\u017esk\u00e9 m\u00fazeum"},"image":{"@id":"https:\/\/pmza.sk\/#\/schema\/logo\/image\/"},"sameAs":["https:\/\/www.facebook.com\/povazskemuzeum","https:\/\/www.instagram.com\/povazskemuzeum\/"]},{"@type":"Person","@id":"https:\/\/pmza.sk\/#\/schema\/person\/595e6a2ce731ea94dcd5d7f50a41ae33","name":"Pova\u017esk\u00e9 m\u00fazeum","image":{"@type":"ImageObject","inLanguage":"sk-SK","@id":"https:\/\/secure.gravatar.com\/avatar\/2bb7f1561282132fb5826dfeccc66c7996d11ee392ac6aaf7ced8a1c2027fbb2?s=96&d=mm&r=g","url":"https:\/\/secure.gravatar.com\/avatar\/2bb7f1561282132fb5826dfeccc66c7996d11ee392ac6aaf7ced8a1c2027fbb2?s=96&d=mm&r=g","contentUrl":"https:\/\/secure.gravatar.com\/avatar\/2bb7f1561282132fb5826dfeccc66c7996d11ee392ac6aaf7ced8a1c2027fbb2?s=96&d=mm&r=g","caption":"Pova\u017esk\u00e9 m\u00fazeum"}}]}},"_links":{"self":[{"href":"https:\/\/pmza.sk\/index.php?rest_route=\/wp\/v2\/posts\/70169","targetHints":{"allow":["GET"]}}],"collection":[{"href":"https:\/\/pmza.sk\/index.php?rest_route=\/wp\/v2\/posts"}],"about":[{"href":"https:\/\/pmza.sk\/index.php?rest_route=\/wp\/v2\/types\/post"}],"author":[{"embeddable":true,"href":"https:\/\/pmza.sk\/index.php?rest_route=\/wp\/v2\/users\/2"}],"replies":[{"embeddable":true,"href":"https:\/\/pmza.sk\/index.php?rest_route=%2Fwp%2Fv2%2Fcomments&post=70169"}],"version-history":[{"count":0,"href":"https:\/\/pmza.sk\/index.php?rest_route=\/wp\/v2\/posts\/70169\/revisions"}],"wp:featuredmedia":[{"embeddable":true,"href":"https:\/\/pmza.sk\/index.php?rest_route=\/wp\/v2\/media\/70170"}],"wp:attachment":[{"href":"https:\/\/pmza.sk\/index.php?rest_route=%2Fwp%2Fv2%2Fmedia&parent=70169"}],"wp:term":[{"taxonomy":"category","embeddable":true,"href":"https:\/\/pmza.sk\/index.php?rest_route=%2Fwp%2Fv2%2Fcategories&post=70169"},{"taxonomy":"post_tag","embeddable":true,"href":"https:\/\/pmza.sk\/index.php?rest_route=%2Fwp%2Fv2%2Ftags&post=70169"}],"curies":[{"name":"wp","href":"https:\/\/api.w.org\/{rel}","templated":true}]}}