{"id":7022,"date":"2013-03-21T12:26:30","date_gmt":"2013-03-21T11:26:30","guid":{"rendered":"https:\/\/pmza.sk.sk\/?p=7022"},"modified":"2013-03-21T12:26:30","modified_gmt":"2013-03-21T11:26:30","slug":"pozvanka-do-muzealnej-kniznice-2","status":"publish","type":"post","link":"https:\/\/pmza.sk\/?p=7022","title":{"rendered":"Pozv\u00e1nka do muze\u00e1lnej kni\u017enice"},"content":{"rendered":"<p><a href=\"https:\/\/pmza.sk\/wp-content\/uploads\/2013\/03\/kniznica-PMZA1.jpg\"><img fetchpriority=\"high\" decoding=\"async\" class=\"alignleft size-medium wp-image-7024\" style=\"border: 2px solid black; margin: 4px;\" title=\"kni\u017enica PMZA\" src=\"https:\/\/pmza.sk.sk\/wp-content\/uploads\/2013\/03\/kni\u017enica-PMZA1-300x200.jpg\" alt=\"\" width=\"300\" height=\"200\" \/><\/a>Odborn\u00e1 kni\u017enica Pova\u017esk\u00e9ho m\u00fazea v\u00a0\u017diline pri pr\u00edle\u017eitosti marca ako mesiaca knihy organizuje v\u00a0porad\u00ed u\u017e piaty\u00a0De\u0148 otvoren\u00fdch dver\u00ed (DOD). ,,<em>Kni\u017enicu m\u00fazea, ktor\u00e1 existuje od roku 1953, doned\u00e1vna nav\u0161tevovala preva\u017ene odborn\u00e1 \u010ditate\u013esk\u00e1 verejnos\u0165. Aj v\u010faka tomuto\u00a0 podujatiu sa dost\u00e1va do povedomia ostatnej verejnosti. V\u00a0s\u00fa\u010dasnosti disponuje viac ako 12\u00a0000 ks kni\u017eni\u010dn\u00fdch jednotiek a jej slu\u017eby vyu\u017e\u00edvaj\u00fa \u0161tudenti stredn\u00fdch a\u00a0vysok\u00fdch \u0161k\u00f4l, preto\u017ee je bohat\u00e1 na kni\u017en\u00fd fond region\u00e1lnych re\u00e1li\u00ed, ktor\u00fd je zdrojom inform\u00e1ci\u00ed pre ich \u010fal\u0161ie \u0161t\u00fadium<\/em>,\u201c uviedol Ing. Ladislav Cimer\u00e1k, PhD., riadite\u013e Pova\u017esk\u00e9ho m\u00fazea v\u00a0\u017diline.<!--more--><br \/>\nV\u00a0stredu <strong>27. marca 2013 od 8,00 hod. a\u017e do 17,00 hod. <\/strong>bud\u00fa ma\u0165 z\u00e1ujemcovia mo\u017enos\u0165 bezplatnej registr\u00e1cie v\u00a0kni\u017enici a\u00a0odnes\u00fa si dar\u010dek z\u00a0edi\u010dnej \u010dinnosti m\u00fazea pod\u013ea vlastn\u00e9ho v\u00fdberu. Z\u00e1rove\u0148 im bude predstaven\u00fd fond kni\u017enice s\u00a0mno\u017estvom zauj\u00edmavej spolo\u010denskovednej, pr\u00edrodovednej, archeologickej a\u00a0muzeologickej literat\u00fary dom\u00e1cich a\u00a0zahrani\u010dn\u00fdch autorov, z\u00edskanej v\u00fdmenou zo zahrani\u010dn\u00fdch m\u00faze\u00ed a\u00a0in\u0161tit\u00faci\u00ed.N\u00e1v\u0161tevn\u00edci kni\u017enice sa m\u00f4\u017eu podrobnej\u0161ie zozn\u00e1mi\u0165 sa s\u00a0publik\u00e1ciami z\u00a0oblasti drot\u00e1rstva, dej\u00edn mesta \u017diliny a\u00a0okolia. <em>,,Radi by sme tie\u017e upozornili na najnov\u0161ie publik\u00e1cie, ktor\u00e9 Pova\u017esk\u00e9 m\u00fazeum vydalo v\u00a0roku 2012. Ide o\u00a0monografiu venovan\u00fa sedemdesiatim rokom existencie m\u00fazea, drot\u00e1rsku tematiku zastupuj\u00fa publik\u00e1cie Drot\u00e1rstvo a\u00a0jeho odraz v\u00a0literat\u00fare, \u010di Vodop\u00e1d kr\u00e1sy, no a\u00a0ani tento rok sme nezabudli na na\u0161ich detsk\u00fdch n\u00e1v\u0161tevn\u00edkov s\u00a0interakt\u00edvnou publik\u00e1ciou venovanou \u017dofii Bosniakovej. Ver\u00edme, \u017ee na\u0161u kni\u017enica bude v\u010faka kompletn\u00e9mu technick\u00e9mu vybaveniu, vyu\u017e\u00edva\u0165 aj ako pr\u00edjemn\u00fa \u0161tudov\u0148u st\u00e1le viac \u010ditate\u013eov, <\/em>\u201cdodala Jana Sak\u00e1lov\u00e1, knihovn\u00ed\u010dka Pova\u017esk\u00e9ho m\u00fazea v\u00a0\u017diline.<br \/>\nOrganiz\u00e1torom DOD muze\u00e1lnej kni\u017enice v\u00a0stredu 27. marca 2013 je \u017dilinsk\u00fd samospr\u00e1vny kraj a\u00a0Pova\u017esk\u00e9 m\u00fazeum v\u00a0\u017diline.<\/p>\n","protected":false},"excerpt":{"rendered":"<p>Odborn\u00e1 kni\u017enica Pova\u017esk\u00e9ho m\u00fazea v\u00a0\u017diline pri pr\u00edle\u017eitosti marca ako mesiaca knihy organizuje v\u00a0porad\u00ed u\u017e piaty\u00a0De\u0148 otvoren\u00fdch dver\u00ed (DOD). ,,Kni\u017enicu m\u00fazea, ktor\u00e1 existuje od roku 1953, doned\u00e1vna nav\u0161tevovala preva\u017ene odborn\u00e1 \u010ditate\u013esk\u00e1 verejnos\u0165. Aj v\u010faka tomuto\u00a0 podujatiu sa dost\u00e1va do povedomia ostatnej verejnosti. V\u00a0s\u00fa\u010dasnosti disponuje viac ako 12\u00a0000 ks kni\u017eni\u010dn\u00fdch jednotiek a jej slu\u017eby vyu\u017e\u00edvaj\u00fa \u0161tudenti stredn\u00fdch [&hellip;]<\/p>\n","protected":false},"author":2,"featured_media":0,"comment_status":"closed","ping_status":"closed","sticky":false,"template":"","format":"standard","meta":{"site-sidebar-layout":"default","site-content-layout":"","ast-site-content-layout":"","site-content-style":"default","site-sidebar-style":"default","ast-global-header-display":"","ast-banner-title-visibility":"","ast-main-header-display":"","ast-hfb-above-header-display":"","ast-hfb-below-header-display":"","ast-hfb-mobile-header-display":"","site-post-title":"","ast-breadcrumbs-content":"","ast-featured-img":"","footer-sml-layout":"","theme-transparent-header-meta":"","adv-header-id-meta":"","stick-header-meta":"","header-above-stick-meta":"","header-main-stick-meta":"","header-below-stick-meta":"","astra-migrate-meta-layouts":"default","ast-page-background-enabled":"default","ast-page-background-meta":{"desktop":{"background-color":"var(--ast-global-color-4)","background-image":"","background-repeat":"repeat","background-position":"center center","background-size":"auto","background-attachment":"scroll","background-type":"","background-media":"","overlay-type":"","overlay-color":"","overlay-opacity":"","overlay-gradient":""},"tablet":{"background-color":"","background-image":"","background-repeat":"repeat","background-position":"center center","background-size":"auto","background-attachment":"scroll","background-type":"","background-media":"","overlay-type":"","overlay-color":"","overlay-opacity":"","overlay-gradient":""},"mobile":{"background-color":"","background-image":"","background-repeat":"repeat","background-position":"center center","background-size":"auto","background-attachment":"scroll","background-type":"","background-media":"","overlay-type":"","overlay-color":"","overlay-opacity":"","overlay-gradient":""}},"ast-content-background-meta":{"desktop":{"background-color":"var(--ast-global-color-5)","background-image":"","background-repeat":"repeat","background-position":"center center","background-size":"auto","background-attachment":"scroll","background-type":"","background-media":"","overlay-type":"","overlay-color":"","overlay-opacity":"","overlay-gradient":""},"tablet":{"background-color":"var(--ast-global-color-5)","background-image":"","background-repeat":"repeat","background-position":"center center","background-size":"auto","background-attachment":"scroll","background-type":"","background-media":"","overlay-type":"","overlay-color":"","overlay-opacity":"","overlay-gradient":""},"mobile":{"background-color":"var(--ast-global-color-5)","background-image":"","background-repeat":"repeat","background-position":"center center","background-size":"auto","background-attachment":"scroll","background-type":"","background-media":"","overlay-type":"","overlay-color":"","overlay-opacity":"","overlay-gradient":""}},"footnotes":""},"categories":[33],"tags":[],"class_list":["post-7022","post","type-post","status-publish","format-standard","hentry","category-archiv-2013"],"yoast_head":"<!-- This site is optimized with the Yoast SEO plugin v27.4 - https:\/\/yoast.com\/product\/yoast-seo-wordpress\/ -->\n<title>Pozv\u00e1nka do muze\u00e1lnej kni\u017enice - Pova\u017esk\u00e9 m\u00fazeum<\/title>\n<meta name=\"robots\" content=\"index, follow, max-snippet:-1, max-image-preview:large, max-video-preview:-1\" \/>\n<link rel=\"canonical\" href=\"https:\/\/pmza.sk\/?p=7022\" \/>\n<meta property=\"og:locale\" content=\"sk_SK\" \/>\n<meta property=\"og:type\" content=\"article\" \/>\n<meta property=\"og:title\" content=\"Pozv\u00e1nka do muze\u00e1lnej kni\u017enice - Pova\u017esk\u00e9 m\u00fazeum\" \/>\n<meta property=\"og:description\" content=\"Odborn\u00e1 kni\u017enica Pova\u017esk\u00e9ho m\u00fazea v\u00a0\u017diline pri pr\u00edle\u017eitosti marca ako mesiaca knihy organizuje v\u00a0porad\u00ed u\u017e piaty\u00a0De\u0148 otvoren\u00fdch dver\u00ed (DOD). ,,Kni\u017enicu m\u00fazea, ktor\u00e1 existuje od roku 1953, doned\u00e1vna nav\u0161tevovala preva\u017ene odborn\u00e1 \u010ditate\u013esk\u00e1 verejnos\u0165. Aj v\u010faka tomuto\u00a0 podujatiu sa dost\u00e1va do povedomia ostatnej verejnosti. V\u00a0s\u00fa\u010dasnosti disponuje viac ako 12\u00a0000 ks kni\u017eni\u010dn\u00fdch jednotiek a jej slu\u017eby vyu\u017e\u00edvaj\u00fa \u0161tudenti stredn\u00fdch [&hellip;]\" \/>\n<meta property=\"og:url\" content=\"https:\/\/pmza.sk\/?p=7022\" \/>\n<meta property=\"og:site_name\" content=\"Pova\u017esk\u00e9 m\u00fazeum\" \/>\n<meta property=\"article:publisher\" content=\"https:\/\/www.facebook.com\/povazskemuzeum\" \/>\n<meta property=\"article:published_time\" content=\"2013-03-21T11:26:30+00:00\" \/>\n<meta name=\"author\" content=\"Pova\u017esk\u00e9 m\u00fazeum\" \/>\n<meta name=\"twitter:card\" content=\"summary_large_image\" \/>\n<meta name=\"twitter:label1\" content=\"Autor\" \/>\n\t<meta name=\"twitter:data1\" content=\"Pova\u017esk\u00e9 m\u00fazeum\" \/>\n\t<meta name=\"twitter:label2\" content=\"Predpokladan\u00fd \u010das \u010d\u00edtania\" \/>\n\t<meta name=\"twitter:data2\" content=\"2 min\u00faty\" \/>\n<script type=\"application\/ld+json\" class=\"yoast-schema-graph\">{\"@context\":\"https:\\\/\\\/schema.org\",\"@graph\":[{\"@type\":\"Article\",\"@id\":\"https:\\\/\\\/pmza.sk\\\/?p=7022#article\",\"isPartOf\":{\"@id\":\"https:\\\/\\\/pmza.sk\\\/?p=7022\"},\"author\":{\"name\":\"Pova\u017esk\u00e9 m\u00fazeum\",\"@id\":\"https:\\\/\\\/pmza.sk\\\/#\\\/schema\\\/person\\\/595e6a2ce731ea94dcd5d7f50a41ae33\"},\"headline\":\"Pozv\u00e1nka do muze\u00e1lnej kni\u017enice\",\"datePublished\":\"2013-03-21T11:26:30+00:00\",\"mainEntityOfPage\":{\"@id\":\"https:\\\/\\\/pmza.sk\\\/?p=7022\"},\"wordCount\":368,\"publisher\":{\"@id\":\"https:\\\/\\\/pmza.sk\\\/#organization\"},\"articleSection\":[\"Arch\u00edv 2013\"],\"inLanguage\":\"sk-SK\"},{\"@type\":\"WebPage\",\"@id\":\"https:\\\/\\\/pmza.sk\\\/?p=7022\",\"url\":\"https:\\\/\\\/pmza.sk\\\/?p=7022\",\"name\":\"Pozv\u00e1nka do muze\u00e1lnej kni\u017enice - Pova\u017esk\u00e9 m\u00fazeum\",\"isPartOf\":{\"@id\":\"https:\\\/\\\/pmza.sk\\\/#website\"},\"datePublished\":\"2013-03-21T11:26:30+00:00\",\"breadcrumb\":{\"@id\":\"https:\\\/\\\/pmza.sk\\\/?p=7022#breadcrumb\"},\"inLanguage\":\"sk-SK\",\"potentialAction\":[{\"@type\":\"ReadAction\",\"target\":[\"https:\\\/\\\/pmza.sk\\\/?p=7022\"]}]},{\"@type\":\"BreadcrumbList\",\"@id\":\"https:\\\/\\\/pmza.sk\\\/?p=7022#breadcrumb\",\"itemListElement\":[{\"@type\":\"ListItem\",\"position\":1,\"name\":\"Domovsk\u00e1 str\u00e1nka\",\"item\":\"https:\\\/\\\/pmza.sk\\\/\"},{\"@type\":\"ListItem\",\"position\":2,\"name\":\"Pozv\u00e1nka do muze\u00e1lnej kni\u017enice\"}]},{\"@type\":\"WebSite\",\"@id\":\"https:\\\/\\\/pmza.sk\\\/#website\",\"url\":\"https:\\\/\\\/pmza.sk\\\/\",\"name\":\"Pova\u017esk\u00e9 m\u00fazeum\",\"description\":\"Pova\u017esk\u00e9 m\u00fazeum v \u017diline je region\u00e1lne m\u00fazeum so s\u00eddlom v Budat\u00edne. Jeho expoz\u00edcie s\u00fa zameran\u00e9 na dejiny slovensk\u00e9ho umenia, kult\u00fary a dopravy.\",\"publisher\":{\"@id\":\"https:\\\/\\\/pmza.sk\\\/#organization\"},\"potentialAction\":[{\"@type\":\"SearchAction\",\"target\":{\"@type\":\"EntryPoint\",\"urlTemplate\":\"https:\\\/\\\/pmza.sk\\\/?s={search_term_string}\"},\"query-input\":{\"@type\":\"PropertyValueSpecification\",\"valueRequired\":true,\"valueName\":\"search_term_string\"}}],\"inLanguage\":\"sk-SK\"},{\"@type\":\"Organization\",\"@id\":\"https:\\\/\\\/pmza.sk\\\/#organization\",\"name\":\"Pova\u017esk\u00e9 m\u00fazeum\",\"url\":\"https:\\\/\\\/pmza.sk\\\/\",\"logo\":{\"@type\":\"ImageObject\",\"inLanguage\":\"sk-SK\",\"@id\":\"https:\\\/\\\/pmza.sk\\\/#\\\/schema\\\/logo\\\/image\\\/\",\"url\":\"https:\\\/\\\/pmza.sk\\\/wp-content\\\/uploads\\\/2022\\\/01\\\/logo_PM_horizontal.jpg\",\"contentUrl\":\"https:\\\/\\\/pmza.sk\\\/wp-content\\\/uploads\\\/2022\\\/01\\\/logo_PM_horizontal.jpg\",\"width\":231,\"height\":142,\"caption\":\"Pova\u017esk\u00e9 m\u00fazeum\"},\"image\":{\"@id\":\"https:\\\/\\\/pmza.sk\\\/#\\\/schema\\\/logo\\\/image\\\/\"},\"sameAs\":[\"https:\\\/\\\/www.facebook.com\\\/povazskemuzeum\",\"https:\\\/\\\/www.instagram.com\\\/povazskemuzeum\\\/\"]},{\"@type\":\"Person\",\"@id\":\"https:\\\/\\\/pmza.sk\\\/#\\\/schema\\\/person\\\/595e6a2ce731ea94dcd5d7f50a41ae33\",\"name\":\"Pova\u017esk\u00e9 m\u00fazeum\",\"image\":{\"@type\":\"ImageObject\",\"inLanguage\":\"sk-SK\",\"@id\":\"https:\\\/\\\/secure.gravatar.com\\\/avatar\\\/2bb7f1561282132fb5826dfeccc66c7996d11ee392ac6aaf7ced8a1c2027fbb2?s=96&d=mm&r=g\",\"url\":\"https:\\\/\\\/secure.gravatar.com\\\/avatar\\\/2bb7f1561282132fb5826dfeccc66c7996d11ee392ac6aaf7ced8a1c2027fbb2?s=96&d=mm&r=g\",\"contentUrl\":\"https:\\\/\\\/secure.gravatar.com\\\/avatar\\\/2bb7f1561282132fb5826dfeccc66c7996d11ee392ac6aaf7ced8a1c2027fbb2?s=96&d=mm&r=g\",\"caption\":\"Pova\u017esk\u00e9 m\u00fazeum\"}}]}<\/script>\n<!-- \/ Yoast SEO plugin. -->","yoast_head_json":{"title":"Pozv\u00e1nka do muze\u00e1lnej kni\u017enice - Pova\u017esk\u00e9 m\u00fazeum","robots":{"index":"index","follow":"follow","max-snippet":"max-snippet:-1","max-image-preview":"max-image-preview:large","max-video-preview":"max-video-preview:-1"},"canonical":"https:\/\/pmza.sk\/?p=7022","og_locale":"sk_SK","og_type":"article","og_title":"Pozv\u00e1nka do muze\u00e1lnej kni\u017enice - Pova\u017esk\u00e9 m\u00fazeum","og_description":"Odborn\u00e1 kni\u017enica Pova\u017esk\u00e9ho m\u00fazea v\u00a0\u017diline pri pr\u00edle\u017eitosti marca ako mesiaca knihy organizuje v\u00a0porad\u00ed u\u017e piaty\u00a0De\u0148 otvoren\u00fdch dver\u00ed (DOD). ,,Kni\u017enicu m\u00fazea, ktor\u00e1 existuje od roku 1953, doned\u00e1vna nav\u0161tevovala preva\u017ene odborn\u00e1 \u010ditate\u013esk\u00e1 verejnos\u0165. Aj v\u010faka tomuto\u00a0 podujatiu sa dost\u00e1va do povedomia ostatnej verejnosti. V\u00a0s\u00fa\u010dasnosti disponuje viac ako 12\u00a0000 ks kni\u017eni\u010dn\u00fdch jednotiek a jej slu\u017eby vyu\u017e\u00edvaj\u00fa \u0161tudenti stredn\u00fdch [&hellip;]","og_url":"https:\/\/pmza.sk\/?p=7022","og_site_name":"Pova\u017esk\u00e9 m\u00fazeum","article_publisher":"https:\/\/www.facebook.com\/povazskemuzeum","article_published_time":"2013-03-21T11:26:30+00:00","author":"Pova\u017esk\u00e9 m\u00fazeum","twitter_card":"summary_large_image","twitter_misc":{"Autor":"Pova\u017esk\u00e9 m\u00fazeum","Predpokladan\u00fd \u010das \u010d\u00edtania":"2 min\u00faty"},"schema":{"@context":"https:\/\/schema.org","@graph":[{"@type":"Article","@id":"https:\/\/pmza.sk\/?p=7022#article","isPartOf":{"@id":"https:\/\/pmza.sk\/?p=7022"},"author":{"name":"Pova\u017esk\u00e9 m\u00fazeum","@id":"https:\/\/pmza.sk\/#\/schema\/person\/595e6a2ce731ea94dcd5d7f50a41ae33"},"headline":"Pozv\u00e1nka do muze\u00e1lnej kni\u017enice","datePublished":"2013-03-21T11:26:30+00:00","mainEntityOfPage":{"@id":"https:\/\/pmza.sk\/?p=7022"},"wordCount":368,"publisher":{"@id":"https:\/\/pmza.sk\/#organization"},"articleSection":["Arch\u00edv 2013"],"inLanguage":"sk-SK"},{"@type":"WebPage","@id":"https:\/\/pmza.sk\/?p=7022","url":"https:\/\/pmza.sk\/?p=7022","name":"Pozv\u00e1nka do muze\u00e1lnej kni\u017enice - Pova\u017esk\u00e9 m\u00fazeum","isPartOf":{"@id":"https:\/\/pmza.sk\/#website"},"datePublished":"2013-03-21T11:26:30+00:00","breadcrumb":{"@id":"https:\/\/pmza.sk\/?p=7022#breadcrumb"},"inLanguage":"sk-SK","potentialAction":[{"@type":"ReadAction","target":["https:\/\/pmza.sk\/?p=7022"]}]},{"@type":"BreadcrumbList","@id":"https:\/\/pmza.sk\/?p=7022#breadcrumb","itemListElement":[{"@type":"ListItem","position":1,"name":"Domovsk\u00e1 str\u00e1nka","item":"https:\/\/pmza.sk\/"},{"@type":"ListItem","position":2,"name":"Pozv\u00e1nka do muze\u00e1lnej kni\u017enice"}]},{"@type":"WebSite","@id":"https:\/\/pmza.sk\/#website","url":"https:\/\/pmza.sk\/","name":"Pova\u017esk\u00e9 m\u00fazeum","description":"Pova\u017esk\u00e9 m\u00fazeum v \u017diline je region\u00e1lne m\u00fazeum so s\u00eddlom v Budat\u00edne. Jeho expoz\u00edcie s\u00fa zameran\u00e9 na dejiny slovensk\u00e9ho umenia, kult\u00fary a dopravy.","publisher":{"@id":"https:\/\/pmza.sk\/#organization"},"potentialAction":[{"@type":"SearchAction","target":{"@type":"EntryPoint","urlTemplate":"https:\/\/pmza.sk\/?s={search_term_string}"},"query-input":{"@type":"PropertyValueSpecification","valueRequired":true,"valueName":"search_term_string"}}],"inLanguage":"sk-SK"},{"@type":"Organization","@id":"https:\/\/pmza.sk\/#organization","name":"Pova\u017esk\u00e9 m\u00fazeum","url":"https:\/\/pmza.sk\/","logo":{"@type":"ImageObject","inLanguage":"sk-SK","@id":"https:\/\/pmza.sk\/#\/schema\/logo\/image\/","url":"https:\/\/pmza.sk\/wp-content\/uploads\/2022\/01\/logo_PM_horizontal.jpg","contentUrl":"https:\/\/pmza.sk\/wp-content\/uploads\/2022\/01\/logo_PM_horizontal.jpg","width":231,"height":142,"caption":"Pova\u017esk\u00e9 m\u00fazeum"},"image":{"@id":"https:\/\/pmza.sk\/#\/schema\/logo\/image\/"},"sameAs":["https:\/\/www.facebook.com\/povazskemuzeum","https:\/\/www.instagram.com\/povazskemuzeum\/"]},{"@type":"Person","@id":"https:\/\/pmza.sk\/#\/schema\/person\/595e6a2ce731ea94dcd5d7f50a41ae33","name":"Pova\u017esk\u00e9 m\u00fazeum","image":{"@type":"ImageObject","inLanguage":"sk-SK","@id":"https:\/\/secure.gravatar.com\/avatar\/2bb7f1561282132fb5826dfeccc66c7996d11ee392ac6aaf7ced8a1c2027fbb2?s=96&d=mm&r=g","url":"https:\/\/secure.gravatar.com\/avatar\/2bb7f1561282132fb5826dfeccc66c7996d11ee392ac6aaf7ced8a1c2027fbb2?s=96&d=mm&r=g","contentUrl":"https:\/\/secure.gravatar.com\/avatar\/2bb7f1561282132fb5826dfeccc66c7996d11ee392ac6aaf7ced8a1c2027fbb2?s=96&d=mm&r=g","caption":"Pova\u017esk\u00e9 m\u00fazeum"}}]}},"_links":{"self":[{"href":"https:\/\/pmza.sk\/index.php?rest_route=\/wp\/v2\/posts\/7022","targetHints":{"allow":["GET"]}}],"collection":[{"href":"https:\/\/pmza.sk\/index.php?rest_route=\/wp\/v2\/posts"}],"about":[{"href":"https:\/\/pmza.sk\/index.php?rest_route=\/wp\/v2\/types\/post"}],"author":[{"embeddable":true,"href":"https:\/\/pmza.sk\/index.php?rest_route=\/wp\/v2\/users\/2"}],"replies":[{"embeddable":true,"href":"https:\/\/pmza.sk\/index.php?rest_route=%2Fwp%2Fv2%2Fcomments&post=7022"}],"version-history":[{"count":0,"href":"https:\/\/pmza.sk\/index.php?rest_route=\/wp\/v2\/posts\/7022\/revisions"}],"wp:attachment":[{"href":"https:\/\/pmza.sk\/index.php?rest_route=%2Fwp%2Fv2%2Fmedia&parent=7022"}],"wp:term":[{"taxonomy":"category","embeddable":true,"href":"https:\/\/pmza.sk\/index.php?rest_route=%2Fwp%2Fv2%2Fcategories&post=7022"},{"taxonomy":"post_tag","embeddable":true,"href":"https:\/\/pmza.sk\/index.php?rest_route=%2Fwp%2Fv2%2Ftags&post=7022"}],"curies":[{"name":"wp","href":"https:\/\/api.w.org\/{rel}","templated":true}]}}