{"id":7052,"date":"2013-03-28T10:38:31","date_gmt":"2013-03-28T09:38:31","guid":{"rendered":"https:\/\/pmza.sk.sk\/?p=7052"},"modified":"2013-03-28T10:38:31","modified_gmt":"2013-03-28T09:38:31","slug":"hrad-strecno-otvoreny-od-1-aprila","status":"publish","type":"post","link":"https:\/\/pmza.sk\/?p=7052","title":{"rendered":"Hrad Stre\u010dno otvoren\u00fd od 1. apr\u00edla"},"content":{"rendered":"<p><a href=\"https:\/\/pmza.sk\/wp-content\/uploads\/2013\/03\/Strecno.jpg\"><img fetchpriority=\"high\" decoding=\"async\" class=\"alignleft size-medium wp-image-7053\" style=\"margin: 4px; border: 2px solid black;\" title=\"Stre\u010dno\" src=\"https:\/\/pmza.sk.sk\/wp-content\/uploads\/2013\/03\/Stre\u010dno-200x300.jpg\" alt=\"\" width=\"200\" height=\"300\" \/><\/a>Pova\u017esk\u00e9 m\u00fazeum v\u00a0\u017diline sa u\u017e nieko\u013eko rokov sna\u017e\u00ed spr\u00edstup\u0148ova\u0165 hrad Stre\u010dno v\u0161etk\u00fdm z\u00e1ujemcom u\u017e po\u010das prv\u00fdch jarn\u00fdch dn\u00ed.\u00a0 Tento rok v\u0161ak hrad na svoju chv\u00ed\u013eu musel \u010daka\u0165 o\u00a0nie\u010do dlh\u0161ie. <em>,,Neroztopen\u00fd sneh a \u013ead vo vn\u00fatorn\u00fdch priestoroch n\u00e1m \u017eia\u013e neumo\u017enili otvori\u0165 hrad po\u010das marcov\u00fdch v\u00edkendov. Sme preto ve\u013emi radi, \u017ee ve\u013ekono\u010dn\u00e9 obdobie od 1. apr\u00edla 2013 v\u0161etk\u00fdm z\u00e1ujemcom m\u00f4\u017ee spestri\u0165 aj prehliadka n\u00e1\u0161ho objektu,\u201d <\/em>uviedla Katar\u00edna Rep\u00e1\u0148ov\u00e1, spr\u00e1vky\u0148a hradu<strong>. <\/strong>Hrad bude od tohto d\u0148a <strong>otvoren\u00fd ka\u017ed\u00fd de\u0148 od 9.00 do 18.00 hod.<\/strong> Ponuka m\u00fazea okrem tradi\u010dn\u00fdch prehliadok aj tento rok bude zah\u0155\u0148a\u0165 mno\u017estvo podujat\u00ed. Verejnosti dobre zn\u00e1me no\u010dn\u00e9 prehliadky, Hradn\u00e9 hry \u017dofie Bosniakovej \u010di cyklus v\u00fdstav Umenie na hrade u\u017e maj\u00fa medzi n\u00e1v\u0161tevn\u00edkmi svojich st\u00e1lych fan\u00fa\u0161ikov. Prv\u00fdm podujat\u00edm, ktor\u00e9 symbolicky od\u0161tartuje nov\u00fa sez\u00f3nu, bude Sl\u00e1vnostn\u00e9 otvorenie sez\u00f3ny 1. m\u00e1ja 2013.<\/p>\n","protected":false},"excerpt":{"rendered":"<p>Pova\u017esk\u00e9 m\u00fazeum v\u00a0\u017diline sa u\u017e nieko\u013eko rokov sna\u017e\u00ed spr\u00edstup\u0148ova\u0165 hrad Stre\u010dno v\u0161etk\u00fdm z\u00e1ujemcom u\u017e po\u010das prv\u00fdch jarn\u00fdch dn\u00ed.\u00a0 Tento rok v\u0161ak hrad na svoju chv\u00ed\u013eu musel \u010daka\u0165 o\u00a0nie\u010do dlh\u0161ie. ,,Neroztopen\u00fd sneh a \u013ead vo vn\u00fatorn\u00fdch priestoroch n\u00e1m \u017eia\u013e neumo\u017enili otvori\u0165 hrad po\u010das marcov\u00fdch v\u00edkendov. Sme preto ve\u013emi radi, \u017ee ve\u013ekono\u010dn\u00e9 obdobie od 1. apr\u00edla 2013 [&hellip;]<\/p>\n","protected":false},"author":2,"featured_media":0,"comment_status":"closed","ping_status":"closed","sticky":false,"template":"","format":"standard","meta":{"site-sidebar-layout":"default","site-content-layout":"","ast-site-content-layout":"","site-content-style":"default","site-sidebar-style":"default","ast-global-header-display":"","ast-banner-title-visibility":"","ast-main-header-display":"","ast-hfb-above-header-display":"","ast-hfb-below-header-display":"","ast-hfb-mobile-header-display":"","site-post-title":"","ast-breadcrumbs-content":"","ast-featured-img":"","footer-sml-layout":"","theme-transparent-header-meta":"","adv-header-id-meta":"","stick-header-meta":"","header-above-stick-meta":"","header-main-stick-meta":"","header-below-stick-meta":"","astra-migrate-meta-layouts":"default","ast-page-background-enabled":"default","ast-page-background-meta":{"desktop":{"background-color":"var(--ast-global-color-4)","background-image":"","background-repeat":"repeat","background-position":"center center","background-size":"auto","background-attachment":"scroll","background-type":"","background-media":"","overlay-type":"","overlay-color":"","overlay-opacity":"","overlay-gradient":""},"tablet":{"background-color":"","background-image":"","background-repeat":"repeat","background-position":"center center","background-size":"auto","background-attachment":"scroll","background-type":"","background-media":"","overlay-type":"","overlay-color":"","overlay-opacity":"","overlay-gradient":""},"mobile":{"background-color":"","background-image":"","background-repeat":"repeat","background-position":"center center","background-size":"auto","background-attachment":"scroll","background-type":"","background-media":"","overlay-type":"","overlay-color":"","overlay-opacity":"","overlay-gradient":""}},"ast-content-background-meta":{"desktop":{"background-color":"var(--ast-global-color-5)","background-image":"","background-repeat":"repeat","background-position":"center center","background-size":"auto","background-attachment":"scroll","background-type":"","background-media":"","overlay-type":"","overlay-color":"","overlay-opacity":"","overlay-gradient":""},"tablet":{"background-color":"var(--ast-global-color-5)","background-image":"","background-repeat":"repeat","background-position":"center center","background-size":"auto","background-attachment":"scroll","background-type":"","background-media":"","overlay-type":"","overlay-color":"","overlay-opacity":"","overlay-gradient":""},"mobile":{"background-color":"var(--ast-global-color-5)","background-image":"","background-repeat":"repeat","background-position":"center center","background-size":"auto","background-attachment":"scroll","background-type":"","background-media":"","overlay-type":"","overlay-color":"","overlay-opacity":"","overlay-gradient":""}},"footnotes":""},"categories":[33],"tags":[],"class_list":["post-7052","post","type-post","status-publish","format-standard","hentry","category-archiv-2013"],"yoast_head":"<!-- This site is optimized with the Yoast SEO plugin v27.4 - https:\/\/yoast.com\/product\/yoast-seo-wordpress\/ -->\n<title>Hrad Stre\u010dno otvoren\u00fd od 1. apr\u00edla - Pova\u017esk\u00e9 m\u00fazeum<\/title>\n<meta name=\"robots\" content=\"index, follow, max-snippet:-1, max-image-preview:large, max-video-preview:-1\" \/>\n<link rel=\"canonical\" href=\"https:\/\/pmza.sk\/?p=7052\" \/>\n<meta property=\"og:locale\" content=\"sk_SK\" \/>\n<meta property=\"og:type\" content=\"article\" \/>\n<meta property=\"og:title\" content=\"Hrad Stre\u010dno otvoren\u00fd od 1. apr\u00edla - Pova\u017esk\u00e9 m\u00fazeum\" \/>\n<meta property=\"og:description\" content=\"Pova\u017esk\u00e9 m\u00fazeum v\u00a0\u017diline sa u\u017e nieko\u013eko rokov sna\u017e\u00ed spr\u00edstup\u0148ova\u0165 hrad Stre\u010dno v\u0161etk\u00fdm z\u00e1ujemcom u\u017e po\u010das prv\u00fdch jarn\u00fdch dn\u00ed.\u00a0 Tento rok v\u0161ak hrad na svoju chv\u00ed\u013eu musel \u010daka\u0165 o\u00a0nie\u010do dlh\u0161ie. ,,Neroztopen\u00fd sneh a \u013ead vo vn\u00fatorn\u00fdch priestoroch n\u00e1m \u017eia\u013e neumo\u017enili otvori\u0165 hrad po\u010das marcov\u00fdch v\u00edkendov. Sme preto ve\u013emi radi, \u017ee ve\u013ekono\u010dn\u00e9 obdobie od 1. apr\u00edla 2013 [&hellip;]\" \/>\n<meta property=\"og:url\" content=\"https:\/\/pmza.sk\/?p=7052\" \/>\n<meta property=\"og:site_name\" content=\"Pova\u017esk\u00e9 m\u00fazeum\" \/>\n<meta property=\"article:publisher\" content=\"https:\/\/www.facebook.com\/povazskemuzeum\" \/>\n<meta property=\"article:published_time\" content=\"2013-03-28T09:38:31+00:00\" \/>\n<meta name=\"author\" content=\"Pova\u017esk\u00e9 m\u00fazeum\" \/>\n<meta name=\"twitter:card\" content=\"summary_large_image\" \/>\n<meta name=\"twitter:label1\" content=\"Autor\" \/>\n\t<meta name=\"twitter:data1\" content=\"Pova\u017esk\u00e9 m\u00fazeum\" \/>\n\t<meta name=\"twitter:label2\" content=\"Predpokladan\u00fd \u010das \u010d\u00edtania\" \/>\n\t<meta name=\"twitter:data2\" content=\"1 min\u00fata\" \/>\n<script type=\"application\/ld+json\" class=\"yoast-schema-graph\">{\"@context\":\"https:\\\/\\\/schema.org\",\"@graph\":[{\"@type\":\"Article\",\"@id\":\"https:\\\/\\\/pmza.sk\\\/?p=7052#article\",\"isPartOf\":{\"@id\":\"https:\\\/\\\/pmza.sk\\\/?p=7052\"},\"author\":{\"name\":\"Pova\u017esk\u00e9 m\u00fazeum\",\"@id\":\"https:\\\/\\\/pmza.sk\\\/#\\\/schema\\\/person\\\/595e6a2ce731ea94dcd5d7f50a41ae33\"},\"headline\":\"Hrad Stre\u010dno otvoren\u00fd od 1. apr\u00edla\",\"datePublished\":\"2013-03-28T09:38:31+00:00\",\"mainEntityOfPage\":{\"@id\":\"https:\\\/\\\/pmza.sk\\\/?p=7052\"},\"wordCount\":190,\"publisher\":{\"@id\":\"https:\\\/\\\/pmza.sk\\\/#organization\"},\"articleSection\":[\"Arch\u00edv 2013\"],\"inLanguage\":\"sk-SK\"},{\"@type\":\"WebPage\",\"@id\":\"https:\\\/\\\/pmza.sk\\\/?p=7052\",\"url\":\"https:\\\/\\\/pmza.sk\\\/?p=7052\",\"name\":\"Hrad Stre\u010dno otvoren\u00fd od 1. apr\u00edla - Pova\u017esk\u00e9 m\u00fazeum\",\"isPartOf\":{\"@id\":\"https:\\\/\\\/pmza.sk\\\/#website\"},\"datePublished\":\"2013-03-28T09:38:31+00:00\",\"breadcrumb\":{\"@id\":\"https:\\\/\\\/pmza.sk\\\/?p=7052#breadcrumb\"},\"inLanguage\":\"sk-SK\",\"potentialAction\":[{\"@type\":\"ReadAction\",\"target\":[\"https:\\\/\\\/pmza.sk\\\/?p=7052\"]}]},{\"@type\":\"BreadcrumbList\",\"@id\":\"https:\\\/\\\/pmza.sk\\\/?p=7052#breadcrumb\",\"itemListElement\":[{\"@type\":\"ListItem\",\"position\":1,\"name\":\"Domovsk\u00e1 str\u00e1nka\",\"item\":\"https:\\\/\\\/pmza.sk\\\/\"},{\"@type\":\"ListItem\",\"position\":2,\"name\":\"Hrad Stre\u010dno otvoren\u00fd od 1. apr\u00edla\"}]},{\"@type\":\"WebSite\",\"@id\":\"https:\\\/\\\/pmza.sk\\\/#website\",\"url\":\"https:\\\/\\\/pmza.sk\\\/\",\"name\":\"Pova\u017esk\u00e9 m\u00fazeum\",\"description\":\"Pova\u017esk\u00e9 m\u00fazeum v \u017diline je region\u00e1lne m\u00fazeum so s\u00eddlom v Budat\u00edne. Jeho expoz\u00edcie s\u00fa zameran\u00e9 na dejiny slovensk\u00e9ho umenia, kult\u00fary a dopravy.\",\"publisher\":{\"@id\":\"https:\\\/\\\/pmza.sk\\\/#organization\"},\"potentialAction\":[{\"@type\":\"SearchAction\",\"target\":{\"@type\":\"EntryPoint\",\"urlTemplate\":\"https:\\\/\\\/pmza.sk\\\/?s={search_term_string}\"},\"query-input\":{\"@type\":\"PropertyValueSpecification\",\"valueRequired\":true,\"valueName\":\"search_term_string\"}}],\"inLanguage\":\"sk-SK\"},{\"@type\":\"Organization\",\"@id\":\"https:\\\/\\\/pmza.sk\\\/#organization\",\"name\":\"Pova\u017esk\u00e9 m\u00fazeum\",\"url\":\"https:\\\/\\\/pmza.sk\\\/\",\"logo\":{\"@type\":\"ImageObject\",\"inLanguage\":\"sk-SK\",\"@id\":\"https:\\\/\\\/pmza.sk\\\/#\\\/schema\\\/logo\\\/image\\\/\",\"url\":\"https:\\\/\\\/pmza.sk\\\/wp-content\\\/uploads\\\/2022\\\/01\\\/logo_PM_horizontal.jpg\",\"contentUrl\":\"https:\\\/\\\/pmza.sk\\\/wp-content\\\/uploads\\\/2022\\\/01\\\/logo_PM_horizontal.jpg\",\"width\":231,\"height\":142,\"caption\":\"Pova\u017esk\u00e9 m\u00fazeum\"},\"image\":{\"@id\":\"https:\\\/\\\/pmza.sk\\\/#\\\/schema\\\/logo\\\/image\\\/\"},\"sameAs\":[\"https:\\\/\\\/www.facebook.com\\\/povazskemuzeum\",\"https:\\\/\\\/www.instagram.com\\\/povazskemuzeum\\\/\"]},{\"@type\":\"Person\",\"@id\":\"https:\\\/\\\/pmza.sk\\\/#\\\/schema\\\/person\\\/595e6a2ce731ea94dcd5d7f50a41ae33\",\"name\":\"Pova\u017esk\u00e9 m\u00fazeum\",\"image\":{\"@type\":\"ImageObject\",\"inLanguage\":\"sk-SK\",\"@id\":\"https:\\\/\\\/secure.gravatar.com\\\/avatar\\\/2bb7f1561282132fb5826dfeccc66c7996d11ee392ac6aaf7ced8a1c2027fbb2?s=96&d=mm&r=g\",\"url\":\"https:\\\/\\\/secure.gravatar.com\\\/avatar\\\/2bb7f1561282132fb5826dfeccc66c7996d11ee392ac6aaf7ced8a1c2027fbb2?s=96&d=mm&r=g\",\"contentUrl\":\"https:\\\/\\\/secure.gravatar.com\\\/avatar\\\/2bb7f1561282132fb5826dfeccc66c7996d11ee392ac6aaf7ced8a1c2027fbb2?s=96&d=mm&r=g\",\"caption\":\"Pova\u017esk\u00e9 m\u00fazeum\"}}]}<\/script>\n<!-- \/ Yoast SEO plugin. -->","yoast_head_json":{"title":"Hrad Stre\u010dno otvoren\u00fd od 1. apr\u00edla - Pova\u017esk\u00e9 m\u00fazeum","robots":{"index":"index","follow":"follow","max-snippet":"max-snippet:-1","max-image-preview":"max-image-preview:large","max-video-preview":"max-video-preview:-1"},"canonical":"https:\/\/pmza.sk\/?p=7052","og_locale":"sk_SK","og_type":"article","og_title":"Hrad Stre\u010dno otvoren\u00fd od 1. apr\u00edla - Pova\u017esk\u00e9 m\u00fazeum","og_description":"Pova\u017esk\u00e9 m\u00fazeum v\u00a0\u017diline sa u\u017e nieko\u013eko rokov sna\u017e\u00ed spr\u00edstup\u0148ova\u0165 hrad Stre\u010dno v\u0161etk\u00fdm z\u00e1ujemcom u\u017e po\u010das prv\u00fdch jarn\u00fdch dn\u00ed.\u00a0 Tento rok v\u0161ak hrad na svoju chv\u00ed\u013eu musel \u010daka\u0165 o\u00a0nie\u010do dlh\u0161ie. ,,Neroztopen\u00fd sneh a \u013ead vo vn\u00fatorn\u00fdch priestoroch n\u00e1m \u017eia\u013e neumo\u017enili otvori\u0165 hrad po\u010das marcov\u00fdch v\u00edkendov. Sme preto ve\u013emi radi, \u017ee ve\u013ekono\u010dn\u00e9 obdobie od 1. apr\u00edla 2013 [&hellip;]","og_url":"https:\/\/pmza.sk\/?p=7052","og_site_name":"Pova\u017esk\u00e9 m\u00fazeum","article_publisher":"https:\/\/www.facebook.com\/povazskemuzeum","article_published_time":"2013-03-28T09:38:31+00:00","author":"Pova\u017esk\u00e9 m\u00fazeum","twitter_card":"summary_large_image","twitter_misc":{"Autor":"Pova\u017esk\u00e9 m\u00fazeum","Predpokladan\u00fd \u010das \u010d\u00edtania":"1 min\u00fata"},"schema":{"@context":"https:\/\/schema.org","@graph":[{"@type":"Article","@id":"https:\/\/pmza.sk\/?p=7052#article","isPartOf":{"@id":"https:\/\/pmza.sk\/?p=7052"},"author":{"name":"Pova\u017esk\u00e9 m\u00fazeum","@id":"https:\/\/pmza.sk\/#\/schema\/person\/595e6a2ce731ea94dcd5d7f50a41ae33"},"headline":"Hrad Stre\u010dno otvoren\u00fd od 1. apr\u00edla","datePublished":"2013-03-28T09:38:31+00:00","mainEntityOfPage":{"@id":"https:\/\/pmza.sk\/?p=7052"},"wordCount":190,"publisher":{"@id":"https:\/\/pmza.sk\/#organization"},"articleSection":["Arch\u00edv 2013"],"inLanguage":"sk-SK"},{"@type":"WebPage","@id":"https:\/\/pmza.sk\/?p=7052","url":"https:\/\/pmza.sk\/?p=7052","name":"Hrad Stre\u010dno otvoren\u00fd od 1. apr\u00edla - Pova\u017esk\u00e9 m\u00fazeum","isPartOf":{"@id":"https:\/\/pmza.sk\/#website"},"datePublished":"2013-03-28T09:38:31+00:00","breadcrumb":{"@id":"https:\/\/pmza.sk\/?p=7052#breadcrumb"},"inLanguage":"sk-SK","potentialAction":[{"@type":"ReadAction","target":["https:\/\/pmza.sk\/?p=7052"]}]},{"@type":"BreadcrumbList","@id":"https:\/\/pmza.sk\/?p=7052#breadcrumb","itemListElement":[{"@type":"ListItem","position":1,"name":"Domovsk\u00e1 str\u00e1nka","item":"https:\/\/pmza.sk\/"},{"@type":"ListItem","position":2,"name":"Hrad Stre\u010dno otvoren\u00fd od 1. apr\u00edla"}]},{"@type":"WebSite","@id":"https:\/\/pmza.sk\/#website","url":"https:\/\/pmza.sk\/","name":"Pova\u017esk\u00e9 m\u00fazeum","description":"Pova\u017esk\u00e9 m\u00fazeum v \u017diline je region\u00e1lne m\u00fazeum so s\u00eddlom v Budat\u00edne. Jeho expoz\u00edcie s\u00fa zameran\u00e9 na dejiny slovensk\u00e9ho umenia, kult\u00fary a dopravy.","publisher":{"@id":"https:\/\/pmza.sk\/#organization"},"potentialAction":[{"@type":"SearchAction","target":{"@type":"EntryPoint","urlTemplate":"https:\/\/pmza.sk\/?s={search_term_string}"},"query-input":{"@type":"PropertyValueSpecification","valueRequired":true,"valueName":"search_term_string"}}],"inLanguage":"sk-SK"},{"@type":"Organization","@id":"https:\/\/pmza.sk\/#organization","name":"Pova\u017esk\u00e9 m\u00fazeum","url":"https:\/\/pmza.sk\/","logo":{"@type":"ImageObject","inLanguage":"sk-SK","@id":"https:\/\/pmza.sk\/#\/schema\/logo\/image\/","url":"https:\/\/pmza.sk\/wp-content\/uploads\/2022\/01\/logo_PM_horizontal.jpg","contentUrl":"https:\/\/pmza.sk\/wp-content\/uploads\/2022\/01\/logo_PM_horizontal.jpg","width":231,"height":142,"caption":"Pova\u017esk\u00e9 m\u00fazeum"},"image":{"@id":"https:\/\/pmza.sk\/#\/schema\/logo\/image\/"},"sameAs":["https:\/\/www.facebook.com\/povazskemuzeum","https:\/\/www.instagram.com\/povazskemuzeum\/"]},{"@type":"Person","@id":"https:\/\/pmza.sk\/#\/schema\/person\/595e6a2ce731ea94dcd5d7f50a41ae33","name":"Pova\u017esk\u00e9 m\u00fazeum","image":{"@type":"ImageObject","inLanguage":"sk-SK","@id":"https:\/\/secure.gravatar.com\/avatar\/2bb7f1561282132fb5826dfeccc66c7996d11ee392ac6aaf7ced8a1c2027fbb2?s=96&d=mm&r=g","url":"https:\/\/secure.gravatar.com\/avatar\/2bb7f1561282132fb5826dfeccc66c7996d11ee392ac6aaf7ced8a1c2027fbb2?s=96&d=mm&r=g","contentUrl":"https:\/\/secure.gravatar.com\/avatar\/2bb7f1561282132fb5826dfeccc66c7996d11ee392ac6aaf7ced8a1c2027fbb2?s=96&d=mm&r=g","caption":"Pova\u017esk\u00e9 m\u00fazeum"}}]}},"_links":{"self":[{"href":"https:\/\/pmza.sk\/index.php?rest_route=\/wp\/v2\/posts\/7052","targetHints":{"allow":["GET"]}}],"collection":[{"href":"https:\/\/pmza.sk\/index.php?rest_route=\/wp\/v2\/posts"}],"about":[{"href":"https:\/\/pmza.sk\/index.php?rest_route=\/wp\/v2\/types\/post"}],"author":[{"embeddable":true,"href":"https:\/\/pmza.sk\/index.php?rest_route=\/wp\/v2\/users\/2"}],"replies":[{"embeddable":true,"href":"https:\/\/pmza.sk\/index.php?rest_route=%2Fwp%2Fv2%2Fcomments&post=7052"}],"version-history":[{"count":0,"href":"https:\/\/pmza.sk\/index.php?rest_route=\/wp\/v2\/posts\/7052\/revisions"}],"wp:attachment":[{"href":"https:\/\/pmza.sk\/index.php?rest_route=%2Fwp%2Fv2%2Fmedia&parent=7052"}],"wp:term":[{"taxonomy":"category","embeddable":true,"href":"https:\/\/pmza.sk\/index.php?rest_route=%2Fwp%2Fv2%2Fcategories&post=7052"},{"taxonomy":"post_tag","embeddable":true,"href":"https:\/\/pmza.sk\/index.php?rest_route=%2Fwp%2Fv2%2Ftags&post=7052"}],"curies":[{"name":"wp","href":"https:\/\/api.w.org\/{rel}","templated":true}]}}