{"id":7055,"date":"2013-03-28T10:40:14","date_gmt":"2013-03-28T09:40:14","guid":{"rendered":"https:\/\/pmza.sk.sk\/?p=7055"},"modified":"2013-03-28T10:40:14","modified_gmt":"2013-03-28T09:40:14","slug":"vyber-z-tvorby-bohuslava-behrika-v-sobasnom-palaci-v-bytci","status":"publish","type":"post","link":"https:\/\/pmza.sk\/?p=7055","title":{"rendered":"V\u00fdber z tvorby Bohuslava Behr\u00edka v Sob\u00e1\u0161nom pal\u00e1ci v Byt\u010di"},"content":{"rendered":"<p><a href=\"https:\/\/pmza.sk\/wp-content\/uploads\/2013\/03\/B.Behrik.jpg\"><img fetchpriority=\"high\" decoding=\"async\" class=\"alignleft size-medium wp-image-7056\" style=\"margin: 4px;\" title=\"B.Behrik\" src=\"https:\/\/pmza.sk.sk\/wp-content\/uploads\/2013\/03\/B.Behrik-300x226.jpg\" alt=\"\" width=\"300\" height=\"226\" \/><\/a>V\u00a0priestoroch Sob\u00e1\u0161neho pal\u00e1ca v\u00a0Byt\u010di sa po marcovej v\u00fdstave Zdru\u017eenia v\u00fdtvarn\u00fdch umelcov stredn\u00e9ho Slovenska verejnosti\u00a0 bli\u017e\u0161ie predstav\u00ed svojou autorskou v\u00fdstavou jeden z jeho \u010dlenov. Grafik a maliar Bohuslav Behr\u00edk \u017eije a tvor\u00ed v Byt\u010di. Ako majster loga, plag\u00e1tista, tvorca pam\u00e4tn\u00fdch tab\u00fa\u013e a medail\u00ed z\u00edskal v\u00fdznamn\u00e9 ocenenia a zaujal d\u00f4le\u017eit\u00e9 miesto medzi \u00fa\u017eitkov\u00fdmi grafikmi. Pri odchode do d\u00f4chodku za\u010dal svoju pozornos\u0165 s\u00fastredi\u0165 na \u010fal\u0161\u00ed fenom\u00e9n vo v\u00fdtvarnej tvorbe \u2013 ma\u013ebu.\u00a0 <em>,,Pri ma\u013eovan\u00ed je moj\u00edm cie\u013eom pochopi\u0165 nov\u00e9 nepoznan\u00e9 ale zauj\u00edmav\u00e9 poh\u013eady na vz\u0165ahy medzi jednotliv\u00fdmi v\u00fdtvarn\u00fdmi prvkami a porovn\u00e1va\u0165 ich s moj\u00edm n\u00e1zorom na v\u00fdtvarn\u00fa tvorivos\u0165 \u2013 umenie,\u201c<\/em> uviedol Bohuslav Behr\u00edk. V\u00fdber z tvorby Bohuslava Behr\u00edka bude prezentovan\u00fd v r\u00e1mci rovnomennej v\u00fdstavy. Jej sl\u00e1vnostn\u00e1 vernis\u00e1\u017e, na ktor\u00fa m\u00fazeum poz\u00fdva \u0161irok\u00fa verejnos\u0165, sa uskuto\u010dn\u00ed <strong>v piatok 5. apr\u00edla o 16.00 hod.<\/strong> V\u00fdstava bude verejnosti spr\u00edstupnen\u00e1 a\u017e do 1. m\u00e1ja.<\/p>\n","protected":false},"excerpt":{"rendered":"<p>V\u00a0priestoroch Sob\u00e1\u0161neho pal\u00e1ca v\u00a0Byt\u010di sa po marcovej v\u00fdstave Zdru\u017eenia v\u00fdtvarn\u00fdch umelcov stredn\u00e9ho Slovenska verejnosti\u00a0 bli\u017e\u0161ie predstav\u00ed svojou autorskou v\u00fdstavou jeden z jeho \u010dlenov. Grafik a maliar Bohuslav Behr\u00edk \u017eije a tvor\u00ed v Byt\u010di. Ako majster loga, plag\u00e1tista, tvorca pam\u00e4tn\u00fdch tab\u00fa\u013e a medail\u00ed z\u00edskal v\u00fdznamn\u00e9 ocenenia a zaujal d\u00f4le\u017eit\u00e9 miesto medzi \u00fa\u017eitkov\u00fdmi grafikmi. Pri odchode do [&hellip;]<\/p>\n","protected":false},"author":2,"featured_media":0,"comment_status":"closed","ping_status":"closed","sticky":false,"template":"","format":"standard","meta":{"site-sidebar-layout":"default","site-content-layout":"","ast-site-content-layout":"","site-content-style":"default","site-sidebar-style":"default","ast-global-header-display":"","ast-banner-title-visibility":"","ast-main-header-display":"","ast-hfb-above-header-display":"","ast-hfb-below-header-display":"","ast-hfb-mobile-header-display":"","site-post-title":"","ast-breadcrumbs-content":"","ast-featured-img":"","footer-sml-layout":"","theme-transparent-header-meta":"","adv-header-id-meta":"","stick-header-meta":"","header-above-stick-meta":"","header-main-stick-meta":"","header-below-stick-meta":"","astra-migrate-meta-layouts":"default","ast-page-background-enabled":"default","ast-page-background-meta":{"desktop":{"background-color":"var(--ast-global-color-4)","background-image":"","background-repeat":"repeat","background-position":"center center","background-size":"auto","background-attachment":"scroll","background-type":"","background-media":"","overlay-type":"","overlay-color":"","overlay-opacity":"","overlay-gradient":""},"tablet":{"background-color":"","background-image":"","background-repeat":"repeat","background-position":"center center","background-size":"auto","background-attachment":"scroll","background-type":"","background-media":"","overlay-type":"","overlay-color":"","overlay-opacity":"","overlay-gradient":""},"mobile":{"background-color":"","background-image":"","background-repeat":"repeat","background-position":"center center","background-size":"auto","background-attachment":"scroll","background-type":"","background-media":"","overlay-type":"","overlay-color":"","overlay-opacity":"","overlay-gradient":""}},"ast-content-background-meta":{"desktop":{"background-color":"var(--ast-global-color-5)","background-image":"","background-repeat":"repeat","background-position":"center center","background-size":"auto","background-attachment":"scroll","background-type":"","background-media":"","overlay-type":"","overlay-color":"","overlay-opacity":"","overlay-gradient":""},"tablet":{"background-color":"var(--ast-global-color-5)","background-image":"","background-repeat":"repeat","background-position":"center center","background-size":"auto","background-attachment":"scroll","background-type":"","background-media":"","overlay-type":"","overlay-color":"","overlay-opacity":"","overlay-gradient":""},"mobile":{"background-color":"var(--ast-global-color-5)","background-image":"","background-repeat":"repeat","background-position":"center center","background-size":"auto","background-attachment":"scroll","background-type":"","background-media":"","overlay-type":"","overlay-color":"","overlay-opacity":"","overlay-gradient":""}},"footnotes":""},"categories":[33],"tags":[],"class_list":["post-7055","post","type-post","status-publish","format-standard","hentry","category-archiv-2013"],"yoast_head":"<!-- This site is optimized with the Yoast SEO plugin v27.4 - https:\/\/yoast.com\/product\/yoast-seo-wordpress\/ -->\n<title>V\u00fdber z tvorby Bohuslava Behr\u00edka v Sob\u00e1\u0161nom pal\u00e1ci v Byt\u010di - Pova\u017esk\u00e9 m\u00fazeum<\/title>\n<meta name=\"robots\" content=\"index, follow, max-snippet:-1, max-image-preview:large, max-video-preview:-1\" \/>\n<link rel=\"canonical\" href=\"https:\/\/pmza.sk\/?p=7055\" \/>\n<meta property=\"og:locale\" content=\"sk_SK\" \/>\n<meta property=\"og:type\" content=\"article\" \/>\n<meta property=\"og:title\" content=\"V\u00fdber z tvorby Bohuslava Behr\u00edka v Sob\u00e1\u0161nom pal\u00e1ci v Byt\u010di - Pova\u017esk\u00e9 m\u00fazeum\" \/>\n<meta property=\"og:description\" content=\"V\u00a0priestoroch Sob\u00e1\u0161neho pal\u00e1ca v\u00a0Byt\u010di sa po marcovej v\u00fdstave Zdru\u017eenia v\u00fdtvarn\u00fdch umelcov stredn\u00e9ho Slovenska verejnosti\u00a0 bli\u017e\u0161ie predstav\u00ed svojou autorskou v\u00fdstavou jeden z jeho \u010dlenov. Grafik a maliar Bohuslav Behr\u00edk \u017eije a tvor\u00ed v Byt\u010di. Ako majster loga, plag\u00e1tista, tvorca pam\u00e4tn\u00fdch tab\u00fa\u013e a medail\u00ed z\u00edskal v\u00fdznamn\u00e9 ocenenia a zaujal d\u00f4le\u017eit\u00e9 miesto medzi \u00fa\u017eitkov\u00fdmi grafikmi. Pri odchode do [&hellip;]\" \/>\n<meta property=\"og:url\" content=\"https:\/\/pmza.sk\/?p=7055\" \/>\n<meta property=\"og:site_name\" content=\"Pova\u017esk\u00e9 m\u00fazeum\" \/>\n<meta property=\"article:publisher\" content=\"https:\/\/www.facebook.com\/povazskemuzeum\" \/>\n<meta property=\"article:published_time\" content=\"2013-03-28T09:40:14+00:00\" \/>\n<meta property=\"og:image\" content=\"https:\/\/pmza.sk.sk\/wp-content\/uploads\/2013\/03\/B.Behrik-300x226.jpg\" \/>\n<meta name=\"author\" content=\"Pova\u017esk\u00e9 m\u00fazeum\" \/>\n<meta name=\"twitter:card\" content=\"summary_large_image\" \/>\n<meta name=\"twitter:label1\" content=\"Autor\" \/>\n\t<meta name=\"twitter:data1\" content=\"Pova\u017esk\u00e9 m\u00fazeum\" \/>\n\t<meta name=\"twitter:label2\" content=\"Predpokladan\u00fd \u010das \u010d\u00edtania\" \/>\n\t<meta name=\"twitter:data2\" content=\"1 min\u00fata\" \/>\n<script type=\"application\/ld+json\" class=\"yoast-schema-graph\">{\"@context\":\"https:\\\/\\\/schema.org\",\"@graph\":[{\"@type\":\"Article\",\"@id\":\"https:\\\/\\\/pmza.sk\\\/?p=7055#article\",\"isPartOf\":{\"@id\":\"https:\\\/\\\/pmza.sk\\\/?p=7055\"},\"author\":{\"name\":\"Pova\u017esk\u00e9 m\u00fazeum\",\"@id\":\"https:\\\/\\\/pmza.sk\\\/#\\\/schema\\\/person\\\/595e6a2ce731ea94dcd5d7f50a41ae33\"},\"headline\":\"V\u00fdber z tvorby Bohuslava Behr\u00edka v Sob\u00e1\u0161nom pal\u00e1ci v Byt\u010di\",\"datePublished\":\"2013-03-28T09:40:14+00:00\",\"mainEntityOfPage\":{\"@id\":\"https:\\\/\\\/pmza.sk\\\/?p=7055\"},\"wordCount\":200,\"publisher\":{\"@id\":\"https:\\\/\\\/pmza.sk\\\/#organization\"},\"image\":{\"@id\":\"https:\\\/\\\/pmza.sk\\\/?p=7055#primaryimage\"},\"thumbnailUrl\":\"http:\\\/\\\/pmza.sk.sk\\\/wp-content\\\/uploads\\\/2013\\\/03\\\/B.Behrik-300x226.jpg\",\"articleSection\":[\"Arch\u00edv 2013\"],\"inLanguage\":\"sk-SK\"},{\"@type\":\"WebPage\",\"@id\":\"https:\\\/\\\/pmza.sk\\\/?p=7055\",\"url\":\"https:\\\/\\\/pmza.sk\\\/?p=7055\",\"name\":\"V\u00fdber z tvorby Bohuslava Behr\u00edka v Sob\u00e1\u0161nom pal\u00e1ci v Byt\u010di - Pova\u017esk\u00e9 m\u00fazeum\",\"isPartOf\":{\"@id\":\"https:\\\/\\\/pmza.sk\\\/#website\"},\"primaryImageOfPage\":{\"@id\":\"https:\\\/\\\/pmza.sk\\\/?p=7055#primaryimage\"},\"image\":{\"@id\":\"https:\\\/\\\/pmza.sk\\\/?p=7055#primaryimage\"},\"thumbnailUrl\":\"http:\\\/\\\/pmza.sk.sk\\\/wp-content\\\/uploads\\\/2013\\\/03\\\/B.Behrik-300x226.jpg\",\"datePublished\":\"2013-03-28T09:40:14+00:00\",\"breadcrumb\":{\"@id\":\"https:\\\/\\\/pmza.sk\\\/?p=7055#breadcrumb\"},\"inLanguage\":\"sk-SK\",\"potentialAction\":[{\"@type\":\"ReadAction\",\"target\":[\"https:\\\/\\\/pmza.sk\\\/?p=7055\"]}]},{\"@type\":\"ImageObject\",\"inLanguage\":\"sk-SK\",\"@id\":\"https:\\\/\\\/pmza.sk\\\/?p=7055#primaryimage\",\"url\":\"http:\\\/\\\/pmza.sk.sk\\\/wp-content\\\/uploads\\\/2013\\\/03\\\/B.Behrik-300x226.jpg\",\"contentUrl\":\"http:\\\/\\\/pmza.sk.sk\\\/wp-content\\\/uploads\\\/2013\\\/03\\\/B.Behrik-300x226.jpg\"},{\"@type\":\"BreadcrumbList\",\"@id\":\"https:\\\/\\\/pmza.sk\\\/?p=7055#breadcrumb\",\"itemListElement\":[{\"@type\":\"ListItem\",\"position\":1,\"name\":\"Domovsk\u00e1 str\u00e1nka\",\"item\":\"https:\\\/\\\/pmza.sk\\\/\"},{\"@type\":\"ListItem\",\"position\":2,\"name\":\"V\u00fdber z tvorby Bohuslava Behr\u00edka v Sob\u00e1\u0161nom pal\u00e1ci v Byt\u010di\"}]},{\"@type\":\"WebSite\",\"@id\":\"https:\\\/\\\/pmza.sk\\\/#website\",\"url\":\"https:\\\/\\\/pmza.sk\\\/\",\"name\":\"Pova\u017esk\u00e9 m\u00fazeum\",\"description\":\"Pova\u017esk\u00e9 m\u00fazeum v \u017diline je region\u00e1lne m\u00fazeum so s\u00eddlom v Budat\u00edne. Jeho expoz\u00edcie s\u00fa zameran\u00e9 na dejiny slovensk\u00e9ho umenia, kult\u00fary a dopravy.\",\"publisher\":{\"@id\":\"https:\\\/\\\/pmza.sk\\\/#organization\"},\"potentialAction\":[{\"@type\":\"SearchAction\",\"target\":{\"@type\":\"EntryPoint\",\"urlTemplate\":\"https:\\\/\\\/pmza.sk\\\/?s={search_term_string}\"},\"query-input\":{\"@type\":\"PropertyValueSpecification\",\"valueRequired\":true,\"valueName\":\"search_term_string\"}}],\"inLanguage\":\"sk-SK\"},{\"@type\":\"Organization\",\"@id\":\"https:\\\/\\\/pmza.sk\\\/#organization\",\"name\":\"Pova\u017esk\u00e9 m\u00fazeum\",\"url\":\"https:\\\/\\\/pmza.sk\\\/\",\"logo\":{\"@type\":\"ImageObject\",\"inLanguage\":\"sk-SK\",\"@id\":\"https:\\\/\\\/pmza.sk\\\/#\\\/schema\\\/logo\\\/image\\\/\",\"url\":\"https:\\\/\\\/pmza.sk\\\/wp-content\\\/uploads\\\/2022\\\/01\\\/logo_PM_horizontal.jpg\",\"contentUrl\":\"https:\\\/\\\/pmza.sk\\\/wp-content\\\/uploads\\\/2022\\\/01\\\/logo_PM_horizontal.jpg\",\"width\":231,\"height\":142,\"caption\":\"Pova\u017esk\u00e9 m\u00fazeum\"},\"image\":{\"@id\":\"https:\\\/\\\/pmza.sk\\\/#\\\/schema\\\/logo\\\/image\\\/\"},\"sameAs\":[\"https:\\\/\\\/www.facebook.com\\\/povazskemuzeum\",\"https:\\\/\\\/www.instagram.com\\\/povazskemuzeum\\\/\"]},{\"@type\":\"Person\",\"@id\":\"https:\\\/\\\/pmza.sk\\\/#\\\/schema\\\/person\\\/595e6a2ce731ea94dcd5d7f50a41ae33\",\"name\":\"Pova\u017esk\u00e9 m\u00fazeum\",\"image\":{\"@type\":\"ImageObject\",\"inLanguage\":\"sk-SK\",\"@id\":\"https:\\\/\\\/secure.gravatar.com\\\/avatar\\\/2bb7f1561282132fb5826dfeccc66c7996d11ee392ac6aaf7ced8a1c2027fbb2?s=96&d=mm&r=g\",\"url\":\"https:\\\/\\\/secure.gravatar.com\\\/avatar\\\/2bb7f1561282132fb5826dfeccc66c7996d11ee392ac6aaf7ced8a1c2027fbb2?s=96&d=mm&r=g\",\"contentUrl\":\"https:\\\/\\\/secure.gravatar.com\\\/avatar\\\/2bb7f1561282132fb5826dfeccc66c7996d11ee392ac6aaf7ced8a1c2027fbb2?s=96&d=mm&r=g\",\"caption\":\"Pova\u017esk\u00e9 m\u00fazeum\"}}]}<\/script>\n<!-- \/ Yoast SEO plugin. -->","yoast_head_json":{"title":"V\u00fdber z tvorby Bohuslava Behr\u00edka v Sob\u00e1\u0161nom pal\u00e1ci v Byt\u010di - Pova\u017esk\u00e9 m\u00fazeum","robots":{"index":"index","follow":"follow","max-snippet":"max-snippet:-1","max-image-preview":"max-image-preview:large","max-video-preview":"max-video-preview:-1"},"canonical":"https:\/\/pmza.sk\/?p=7055","og_locale":"sk_SK","og_type":"article","og_title":"V\u00fdber z tvorby Bohuslava Behr\u00edka v Sob\u00e1\u0161nom pal\u00e1ci v Byt\u010di - Pova\u017esk\u00e9 m\u00fazeum","og_description":"V\u00a0priestoroch Sob\u00e1\u0161neho pal\u00e1ca v\u00a0Byt\u010di sa po marcovej v\u00fdstave Zdru\u017eenia v\u00fdtvarn\u00fdch umelcov stredn\u00e9ho Slovenska verejnosti\u00a0 bli\u017e\u0161ie predstav\u00ed svojou autorskou v\u00fdstavou jeden z jeho \u010dlenov. Grafik a maliar Bohuslav Behr\u00edk \u017eije a tvor\u00ed v Byt\u010di. Ako majster loga, plag\u00e1tista, tvorca pam\u00e4tn\u00fdch tab\u00fa\u013e a medail\u00ed z\u00edskal v\u00fdznamn\u00e9 ocenenia a zaujal d\u00f4le\u017eit\u00e9 miesto medzi \u00fa\u017eitkov\u00fdmi grafikmi. Pri odchode do [&hellip;]","og_url":"https:\/\/pmza.sk\/?p=7055","og_site_name":"Pova\u017esk\u00e9 m\u00fazeum","article_publisher":"https:\/\/www.facebook.com\/povazskemuzeum","article_published_time":"2013-03-28T09:40:14+00:00","og_image":[{"url":"https:\/\/pmza.sk.sk\/wp-content\/uploads\/2013\/03\/B.Behrik-300x226.jpg","type":"","width":"","height":""}],"author":"Pova\u017esk\u00e9 m\u00fazeum","twitter_card":"summary_large_image","twitter_misc":{"Autor":"Pova\u017esk\u00e9 m\u00fazeum","Predpokladan\u00fd \u010das \u010d\u00edtania":"1 min\u00fata"},"schema":{"@context":"https:\/\/schema.org","@graph":[{"@type":"Article","@id":"https:\/\/pmza.sk\/?p=7055#article","isPartOf":{"@id":"https:\/\/pmza.sk\/?p=7055"},"author":{"name":"Pova\u017esk\u00e9 m\u00fazeum","@id":"https:\/\/pmza.sk\/#\/schema\/person\/595e6a2ce731ea94dcd5d7f50a41ae33"},"headline":"V\u00fdber z tvorby Bohuslava Behr\u00edka v Sob\u00e1\u0161nom pal\u00e1ci v Byt\u010di","datePublished":"2013-03-28T09:40:14+00:00","mainEntityOfPage":{"@id":"https:\/\/pmza.sk\/?p=7055"},"wordCount":200,"publisher":{"@id":"https:\/\/pmza.sk\/#organization"},"image":{"@id":"https:\/\/pmza.sk\/?p=7055#primaryimage"},"thumbnailUrl":"https:\/\/pmza.sk.sk\/wp-content\/uploads\/2013\/03\/B.Behrik-300x226.jpg","articleSection":["Arch\u00edv 2013"],"inLanguage":"sk-SK"},{"@type":"WebPage","@id":"https:\/\/pmza.sk\/?p=7055","url":"https:\/\/pmza.sk\/?p=7055","name":"V\u00fdber z tvorby Bohuslava Behr\u00edka v Sob\u00e1\u0161nom pal\u00e1ci v Byt\u010di - Pova\u017esk\u00e9 m\u00fazeum","isPartOf":{"@id":"https:\/\/pmza.sk\/#website"},"primaryImageOfPage":{"@id":"https:\/\/pmza.sk\/?p=7055#primaryimage"},"image":{"@id":"https:\/\/pmza.sk\/?p=7055#primaryimage"},"thumbnailUrl":"https:\/\/pmza.sk.sk\/wp-content\/uploads\/2013\/03\/B.Behrik-300x226.jpg","datePublished":"2013-03-28T09:40:14+00:00","breadcrumb":{"@id":"https:\/\/pmza.sk\/?p=7055#breadcrumb"},"inLanguage":"sk-SK","potentialAction":[{"@type":"ReadAction","target":["https:\/\/pmza.sk\/?p=7055"]}]},{"@type":"ImageObject","inLanguage":"sk-SK","@id":"https:\/\/pmza.sk\/?p=7055#primaryimage","url":"https:\/\/pmza.sk.sk\/wp-content\/uploads\/2013\/03\/B.Behrik-300x226.jpg","contentUrl":"https:\/\/pmza.sk.sk\/wp-content\/uploads\/2013\/03\/B.Behrik-300x226.jpg"},{"@type":"BreadcrumbList","@id":"https:\/\/pmza.sk\/?p=7055#breadcrumb","itemListElement":[{"@type":"ListItem","position":1,"name":"Domovsk\u00e1 str\u00e1nka","item":"https:\/\/pmza.sk\/"},{"@type":"ListItem","position":2,"name":"V\u00fdber z tvorby Bohuslava Behr\u00edka v Sob\u00e1\u0161nom pal\u00e1ci v Byt\u010di"}]},{"@type":"WebSite","@id":"https:\/\/pmza.sk\/#website","url":"https:\/\/pmza.sk\/","name":"Pova\u017esk\u00e9 m\u00fazeum","description":"Pova\u017esk\u00e9 m\u00fazeum v \u017diline je region\u00e1lne m\u00fazeum so s\u00eddlom v Budat\u00edne. Jeho expoz\u00edcie s\u00fa zameran\u00e9 na dejiny slovensk\u00e9ho umenia, kult\u00fary a dopravy.","publisher":{"@id":"https:\/\/pmza.sk\/#organization"},"potentialAction":[{"@type":"SearchAction","target":{"@type":"EntryPoint","urlTemplate":"https:\/\/pmza.sk\/?s={search_term_string}"},"query-input":{"@type":"PropertyValueSpecification","valueRequired":true,"valueName":"search_term_string"}}],"inLanguage":"sk-SK"},{"@type":"Organization","@id":"https:\/\/pmza.sk\/#organization","name":"Pova\u017esk\u00e9 m\u00fazeum","url":"https:\/\/pmza.sk\/","logo":{"@type":"ImageObject","inLanguage":"sk-SK","@id":"https:\/\/pmza.sk\/#\/schema\/logo\/image\/","url":"https:\/\/pmza.sk\/wp-content\/uploads\/2022\/01\/logo_PM_horizontal.jpg","contentUrl":"https:\/\/pmza.sk\/wp-content\/uploads\/2022\/01\/logo_PM_horizontal.jpg","width":231,"height":142,"caption":"Pova\u017esk\u00e9 m\u00fazeum"},"image":{"@id":"https:\/\/pmza.sk\/#\/schema\/logo\/image\/"},"sameAs":["https:\/\/www.facebook.com\/povazskemuzeum","https:\/\/www.instagram.com\/povazskemuzeum\/"]},{"@type":"Person","@id":"https:\/\/pmza.sk\/#\/schema\/person\/595e6a2ce731ea94dcd5d7f50a41ae33","name":"Pova\u017esk\u00e9 m\u00fazeum","image":{"@type":"ImageObject","inLanguage":"sk-SK","@id":"https:\/\/secure.gravatar.com\/avatar\/2bb7f1561282132fb5826dfeccc66c7996d11ee392ac6aaf7ced8a1c2027fbb2?s=96&d=mm&r=g","url":"https:\/\/secure.gravatar.com\/avatar\/2bb7f1561282132fb5826dfeccc66c7996d11ee392ac6aaf7ced8a1c2027fbb2?s=96&d=mm&r=g","contentUrl":"https:\/\/secure.gravatar.com\/avatar\/2bb7f1561282132fb5826dfeccc66c7996d11ee392ac6aaf7ced8a1c2027fbb2?s=96&d=mm&r=g","caption":"Pova\u017esk\u00e9 m\u00fazeum"}}]}},"_links":{"self":[{"href":"https:\/\/pmza.sk\/index.php?rest_route=\/wp\/v2\/posts\/7055","targetHints":{"allow":["GET"]}}],"collection":[{"href":"https:\/\/pmza.sk\/index.php?rest_route=\/wp\/v2\/posts"}],"about":[{"href":"https:\/\/pmza.sk\/index.php?rest_route=\/wp\/v2\/types\/post"}],"author":[{"embeddable":true,"href":"https:\/\/pmza.sk\/index.php?rest_route=\/wp\/v2\/users\/2"}],"replies":[{"embeddable":true,"href":"https:\/\/pmza.sk\/index.php?rest_route=%2Fwp%2Fv2%2Fcomments&post=7055"}],"version-history":[{"count":0,"href":"https:\/\/pmza.sk\/index.php?rest_route=\/wp\/v2\/posts\/7055\/revisions"}],"wp:attachment":[{"href":"https:\/\/pmza.sk\/index.php?rest_route=%2Fwp%2Fv2%2Fmedia&parent=7055"}],"wp:term":[{"taxonomy":"category","embeddable":true,"href":"https:\/\/pmza.sk\/index.php?rest_route=%2Fwp%2Fv2%2Fcategories&post=7055"},{"taxonomy":"post_tag","embeddable":true,"href":"https:\/\/pmza.sk\/index.php?rest_route=%2Fwp%2Fv2%2Ftags&post=7055"}],"curies":[{"name":"wp","href":"https:\/\/api.w.org\/{rel}","templated":true}]}}