{"id":70622,"date":"2025-06-18T10:45:59","date_gmt":"2025-06-18T08:45:59","guid":{"rendered":"https:\/\/pmza.sk\/?p=70622"},"modified":"2025-06-30T07:19:17","modified_gmt":"2025-06-30T05:19:17","slug":"70622","status":"publish","type":"post","link":"https:\/\/pmza.sk\/?p=70622","title":{"rendered":"V\u00edkend s komiksom"},"content":{"rendered":"<p>H\u013ead\u00e1te zauj\u00edmav\u00fa aktivitu, ktor\u00e1 je nielen z\u00e1bavn\u00e1, ale m\u00e1 aj vzdel\u00e1vac\u00ed charakter? Str\u00e1vte prv\u00fd pr\u00e1zdninov\u00fd v\u00edkend na Budat\u00ednskom hrade a o\u017eivte si prehliadku vyl\u00fa\u0161ten\u00edm origin\u00e1lneho komiksu.<\/p>\n<p>Pova\u017esk\u00e9 m\u00fazeum e\u0161te pred nieko\u013ek\u00fdmi rokmi vytvorilo dva komiksy, ktor\u00fdch pr\u00edbehy s\u00fa spojen\u00e9 s\u00a0Budat\u00ednskym hradom. Medzi n\u00e1v\u0161tevn\u00edkmi s\u00fa ve\u013emi ob\u013e\u00faben\u00e9, preto m\u00fazeum pravidelne organizuje v\u00edkendy alebo dni s\u00a0komiksom, po\u010das ktor\u00fdch s\u00fa prehliadky v\u00a0hrade individu\u00e1lne, tak\u017ee z\u00e1ujemcovia m\u00f4\u017eu komiksy l\u00fa\u0161ti\u0165 vo vlastnom tempe.<\/p>\n<p>Najmen\u0161\u00edch ur\u010dite pote\u0161\u00ed komiks Drot\u00e1rska rozpr\u00e1vka, ktor\u00fd je ur\u010den\u00fd pre deti od 3 do 12 rokov. <em>\u201e<\/em><em>Deti spoznaj\u00fa kr\u00e1sny hrad, za\u017eij\u00fa dobrodru\u017estvo s\u00a0hlavn\u00fdmi hrdinami a\u00a0nau\u010dia sa ve\u013ea o\u00a0drot\u00e1rstve \u2013 tradi\u010dnom remesle n\u00e1\u0161ho kraja. Po splnen\u00ed r\u00f4znych \u00faloh pom\u00f4\u017eu drot\u00e1rovi Martinovi zachr\u00e1ni\u0165 princezn\u00fa a\u00a0porazi\u0165 zl\u00fa \u010darodejnicu,\u201c<\/em> pribli\u017euje jedna z autoriek komiksu Katar\u00edna Mar\u0161alov\u00e1.<\/p>\n<p>Po\u010das 28. a\u00a029. j\u00fana bude jedine\u010dn\u00e1 pr\u00edle\u017eitos\u0165 z\u00edska\u0165 dva komiksy za cenu jedn\u00e9ho. Ku ka\u017ed\u00e9mu komiksu Drot\u00e1rska rozpr\u00e1vka toti\u017e n\u00e1v\u0161tevn\u00edci dostan\u00fa ako dar\u010dek komiks Z\u00e1hada tajomn\u00e9ho pr\u00edzraku, ktor\u00fd je vhodn\u00fd pre star\u0161ie deti a\u00a0dospel\u00fdch. Naraz sa tak m\u00f4\u017eu zabavi\u0165 viacer\u00ed \u010dlenovia rodiny. Komiks bude mo\u017en\u00e9 k\u00fapi\u0165 v\u00a0pokladni hradu.<\/p>\n<p>Cena komiksu je 5 eur. Z\u00e1kladn\u00e9 vstupn\u00e9 na prehliadku hradu je 8 eur, z\u013eavnen\u00e9 4 eur\u00e1.<\/p>\n<div class=\"wp-block-image\"><img fetchpriority=\"high\" decoding=\"async\" class=\"wpa-warning wpa-image-missing-alt alignnone size-medium wp-image-70623\" src=\"https:\/\/pmza.sk\/wp-content\/uploads\/2025\/06\/Vikend_s_komixom_K1-255x360.jpg\" alt=\"\" width=\"255\" height=\"360\" data-warning=\"Missing alt text\" srcset=\"https:\/\/pmza.sk\/wp-content\/uploads\/2025\/06\/Vikend_s_komixom_K1-255x360.jpg 255w, https:\/\/pmza.sk\/wp-content\/uploads\/2025\/06\/Vikend_s_komixom_K1-520x736.jpg 520w, https:\/\/pmza.sk\/wp-content\/uploads\/2025\/06\/Vikend_s_komixom_K1-768x1086.jpg 768w, https:\/\/pmza.sk\/wp-content\/uploads\/2025\/06\/Vikend_s_komixom_K1-1086x1536.jpg 1086w, https:\/\/pmza.sk\/wp-content\/uploads\/2025\/06\/Vikend_s_komixom_K1-1448x2048.jpg 1448w, https:\/\/pmza.sk\/wp-content\/uploads\/2025\/06\/Vikend_s_komixom_K1-600x849.jpg 600w, https:\/\/pmza.sk\/wp-content\/uploads\/2025\/06\/Vikend_s_komixom_K1-scaled.jpg 1810w\" sizes=\"(max-width: 255px) 100vw, 255px\" \/><\/div>\n<div>Plag\u00e1t v plnej ve\u013ekosti <a href=\"https:\/\/pmza.sk\/wp-content\/uploads\/2025\/06\/Vikend_s_komixom_K1.pdf\">TU<\/a><\/div>\n","protected":false},"excerpt":{"rendered":"<p>H\u013ead\u00e1te zauj\u00edmav\u00fa aktivitu, ktor\u00e1 je nielen z\u00e1bavn\u00e1, ale m\u00e1 aj vzdel\u00e1vac\u00ed charakter? Str\u00e1vte prv\u00fd pr\u00e1zdninov\u00fd v\u00edkend na Budat\u00ednskom hrade a o\u017eivte si prehliadku vyl\u00fa\u0161ten\u00edm origin\u00e1lneho komiksu. Pova\u017esk\u00e9 m\u00fazeum e\u0161te pred nieko\u013ek\u00fdmi rokmi vytvorilo dva komiksy, ktor\u00fdch pr\u00edbehy s\u00fa spojen\u00e9 s\u00a0Budat\u00ednskym hradom. Medzi n\u00e1v\u0161tevn\u00edkmi s\u00fa ve\u013emi ob\u013e\u00faben\u00e9, preto m\u00fazeum pravidelne organizuje v\u00edkendy alebo dni s\u00a0komiksom, po\u010das [&hellip;]<\/p>\n","protected":false},"author":2,"featured_media":70625,"comment_status":"closed","ping_status":"closed","sticky":false,"template":"","format":"standard","meta":{"site-sidebar-layout":"default","site-content-layout":"","ast-site-content-layout":"default","site-content-style":"default","site-sidebar-style":"default","ast-global-header-display":"","ast-banner-title-visibility":"","ast-main-header-display":"","ast-hfb-above-header-display":"","ast-hfb-below-header-display":"","ast-hfb-mobile-header-display":"","site-post-title":"","ast-breadcrumbs-content":"","ast-featured-img":"","footer-sml-layout":"","theme-transparent-header-meta":"default","adv-header-id-meta":"","stick-header-meta":"default","header-above-stick-meta":"","header-main-stick-meta":"","header-below-stick-meta":"","astra-migrate-meta-layouts":"set","ast-page-background-enabled":"default","ast-page-background-meta":{"desktop":{"background-color":"var(--ast-global-color-4)","background-image":"","background-repeat":"repeat","background-position":"center center","background-size":"auto","background-attachment":"scroll","background-type":"","background-media":"","overlay-type":"","overlay-color":"","overlay-opacity":"","overlay-gradient":""},"tablet":{"background-color":"","background-image":"","background-repeat":"repeat","background-position":"center center","background-size":"auto","background-attachment":"scroll","background-type":"","background-media":"","overlay-type":"","overlay-color":"","overlay-opacity":"","overlay-gradient":""},"mobile":{"background-color":"","background-image":"","background-repeat":"repeat","background-position":"center center","background-size":"auto","background-attachment":"scroll","background-type":"","background-media":"","overlay-type":"","overlay-color":"","overlay-opacity":"","overlay-gradient":""}},"ast-content-background-meta":{"desktop":{"background-color":"var(--ast-global-color-5)","background-image":"","background-repeat":"repeat","background-position":"center center","background-size":"auto","background-attachment":"scroll","background-type":"","background-media":"","overlay-type":"","overlay-color":"","overlay-opacity":"","overlay-gradient":""},"tablet":{"background-color":"var(--ast-global-color-5)","background-image":"","background-repeat":"repeat","background-position":"center center","background-size":"auto","background-attachment":"scroll","background-type":"","background-media":"","overlay-type":"","overlay-color":"","overlay-opacity":"","overlay-gradient":""},"mobile":{"background-color":"var(--ast-global-color-5)","background-image":"","background-repeat":"repeat","background-position":"center center","background-size":"auto","background-attachment":"scroll","background-type":"","background-media":"","overlay-type":"","overlay-color":"","overlay-opacity":"","overlay-gradient":""}},"footnotes":""},"categories":[71],"tags":[],"class_list":["post-70622","post","type-post","status-publish","format-standard","has-post-thumbnail","hentry","category-podujatia"],"yoast_head":"<!-- This site is optimized with the Yoast SEO plugin v27.4 - https:\/\/yoast.com\/product\/yoast-seo-wordpress\/ -->\n<title>V\u00edkend s komiksom - Pova\u017esk\u00e9 m\u00fazeum<\/title>\n<meta name=\"robots\" content=\"index, follow, max-snippet:-1, max-image-preview:large, max-video-preview:-1\" \/>\n<link rel=\"canonical\" href=\"https:\/\/pmza.sk\/?p=70622\" \/>\n<meta property=\"og:locale\" content=\"sk_SK\" \/>\n<meta property=\"og:type\" content=\"article\" \/>\n<meta property=\"og:title\" content=\"V\u00edkend s komiksom - Pova\u017esk\u00e9 m\u00fazeum\" \/>\n<meta property=\"og:description\" content=\"H\u013ead\u00e1te zauj\u00edmav\u00fa aktivitu, ktor\u00e1 je nielen z\u00e1bavn\u00e1, ale m\u00e1 aj vzdel\u00e1vac\u00ed charakter? Str\u00e1vte prv\u00fd pr\u00e1zdninov\u00fd v\u00edkend na Budat\u00ednskom hrade a o\u017eivte si prehliadku vyl\u00fa\u0161ten\u00edm origin\u00e1lneho komiksu. Pova\u017esk\u00e9 m\u00fazeum e\u0161te pred nieko\u013ek\u00fdmi rokmi vytvorilo dva komiksy, ktor\u00fdch pr\u00edbehy s\u00fa spojen\u00e9 s\u00a0Budat\u00ednskym hradom. Medzi n\u00e1v\u0161tevn\u00edkmi s\u00fa ve\u013emi ob\u013e\u00faben\u00e9, preto m\u00fazeum pravidelne organizuje v\u00edkendy alebo dni s\u00a0komiksom, po\u010das [&hellip;]\" \/>\n<meta property=\"og:url\" content=\"https:\/\/pmza.sk\/?p=70622\" \/>\n<meta property=\"og:site_name\" content=\"Pova\u017esk\u00e9 m\u00fazeum\" \/>\n<meta property=\"article:publisher\" content=\"https:\/\/www.facebook.com\/povazskemuzeum\" \/>\n<meta property=\"article:published_time\" content=\"2025-06-18T08:45:59+00:00\" \/>\n<meta property=\"article:modified_time\" content=\"2025-06-30T05:19:17+00:00\" \/>\n<meta property=\"og:image\" content=\"https:\/\/pmza.sk\/wp-content\/uploads\/2025\/06\/Vikend_s_komixom_web-scaled.jpg\" \/>\n\t<meta property=\"og:image:width\" content=\"2560\" \/>\n\t<meta property=\"og:image:height\" content=\"2560\" \/>\n\t<meta property=\"og:image:type\" content=\"image\/jpeg\" \/>\n<meta name=\"author\" content=\"Pova\u017esk\u00e9 m\u00fazeum\" \/>\n<meta name=\"twitter:card\" content=\"summary_large_image\" \/>\n<meta name=\"twitter:label1\" content=\"Autor\" \/>\n\t<meta name=\"twitter:data1\" content=\"Pova\u017esk\u00e9 m\u00fazeum\" \/>\n\t<meta name=\"twitter:label2\" content=\"Predpokladan\u00fd \u010das \u010d\u00edtania\" \/>\n\t<meta name=\"twitter:data2\" content=\"1 min\u00fata\" \/>\n<script type=\"application\/ld+json\" class=\"yoast-schema-graph\">{\"@context\":\"https:\\\/\\\/schema.org\",\"@graph\":[{\"@type\":\"Article\",\"@id\":\"https:\\\/\\\/pmza.sk\\\/?p=70622#article\",\"isPartOf\":{\"@id\":\"https:\\\/\\\/pmza.sk\\\/?p=70622\"},\"author\":{\"name\":\"Pova\u017esk\u00e9 m\u00fazeum\",\"@id\":\"https:\\\/\\\/pmza.sk\\\/#\\\/schema\\\/person\\\/595e6a2ce731ea94dcd5d7f50a41ae33\"},\"headline\":\"V\u00edkend s komiksom\",\"datePublished\":\"2025-06-18T08:45:59+00:00\",\"dateModified\":\"2025-06-30T05:19:17+00:00\",\"mainEntityOfPage\":{\"@id\":\"https:\\\/\\\/pmza.sk\\\/?p=70622\"},\"wordCount\":278,\"publisher\":{\"@id\":\"https:\\\/\\\/pmza.sk\\\/#organization\"},\"image\":{\"@id\":\"https:\\\/\\\/pmza.sk\\\/?p=70622#primaryimage\"},\"thumbnailUrl\":\"https:\\\/\\\/pmza.sk\\\/wp-content\\\/uploads\\\/2025\\\/06\\\/Vikend_s_komixom_web-scaled.jpg\",\"articleSection\":[\"Podujatia\"],\"inLanguage\":\"sk-SK\"},{\"@type\":\"WebPage\",\"@id\":\"https:\\\/\\\/pmza.sk\\\/?p=70622\",\"url\":\"https:\\\/\\\/pmza.sk\\\/?p=70622\",\"name\":\"V\u00edkend s komiksom - Pova\u017esk\u00e9 m\u00fazeum\",\"isPartOf\":{\"@id\":\"https:\\\/\\\/pmza.sk\\\/#website\"},\"primaryImageOfPage\":{\"@id\":\"https:\\\/\\\/pmza.sk\\\/?p=70622#primaryimage\"},\"image\":{\"@id\":\"https:\\\/\\\/pmza.sk\\\/?p=70622#primaryimage\"},\"thumbnailUrl\":\"https:\\\/\\\/pmza.sk\\\/wp-content\\\/uploads\\\/2025\\\/06\\\/Vikend_s_komixom_web-scaled.jpg\",\"datePublished\":\"2025-06-18T08:45:59+00:00\",\"dateModified\":\"2025-06-30T05:19:17+00:00\",\"breadcrumb\":{\"@id\":\"https:\\\/\\\/pmza.sk\\\/?p=70622#breadcrumb\"},\"inLanguage\":\"sk-SK\",\"potentialAction\":[{\"@type\":\"ReadAction\",\"target\":[\"https:\\\/\\\/pmza.sk\\\/?p=70622\"]}]},{\"@type\":\"ImageObject\",\"inLanguage\":\"sk-SK\",\"@id\":\"https:\\\/\\\/pmza.sk\\\/?p=70622#primaryimage\",\"url\":\"https:\\\/\\\/pmza.sk\\\/wp-content\\\/uploads\\\/2025\\\/06\\\/Vikend_s_komixom_web-scaled.jpg\",\"contentUrl\":\"https:\\\/\\\/pmza.sk\\\/wp-content\\\/uploads\\\/2025\\\/06\\\/Vikend_s_komixom_web-scaled.jpg\",\"width\":2560,\"height\":2560},{\"@type\":\"BreadcrumbList\",\"@id\":\"https:\\\/\\\/pmza.sk\\\/?p=70622#breadcrumb\",\"itemListElement\":[{\"@type\":\"ListItem\",\"position\":1,\"name\":\"Domovsk\u00e1 str\u00e1nka\",\"item\":\"https:\\\/\\\/pmza.sk\\\/\"},{\"@type\":\"ListItem\",\"position\":2,\"name\":\"V\u00edkend s komiksom\"}]},{\"@type\":\"WebSite\",\"@id\":\"https:\\\/\\\/pmza.sk\\\/#website\",\"url\":\"https:\\\/\\\/pmza.sk\\\/\",\"name\":\"Pova\u017esk\u00e9 m\u00fazeum\",\"description\":\"Pova\u017esk\u00e9 m\u00fazeum v \u017diline je region\u00e1lne m\u00fazeum so s\u00eddlom v Budat\u00edne. Jeho expoz\u00edcie s\u00fa zameran\u00e9 na dejiny slovensk\u00e9ho umenia, kult\u00fary a dopravy.\",\"publisher\":{\"@id\":\"https:\\\/\\\/pmza.sk\\\/#organization\"},\"potentialAction\":[{\"@type\":\"SearchAction\",\"target\":{\"@type\":\"EntryPoint\",\"urlTemplate\":\"https:\\\/\\\/pmza.sk\\\/?s={search_term_string}\"},\"query-input\":{\"@type\":\"PropertyValueSpecification\",\"valueRequired\":true,\"valueName\":\"search_term_string\"}}],\"inLanguage\":\"sk-SK\"},{\"@type\":\"Organization\",\"@id\":\"https:\\\/\\\/pmza.sk\\\/#organization\",\"name\":\"Pova\u017esk\u00e9 m\u00fazeum\",\"url\":\"https:\\\/\\\/pmza.sk\\\/\",\"logo\":{\"@type\":\"ImageObject\",\"inLanguage\":\"sk-SK\",\"@id\":\"https:\\\/\\\/pmza.sk\\\/#\\\/schema\\\/logo\\\/image\\\/\",\"url\":\"https:\\\/\\\/pmza.sk\\\/wp-content\\\/uploads\\\/2022\\\/01\\\/logo_PM_horizontal.jpg\",\"contentUrl\":\"https:\\\/\\\/pmza.sk\\\/wp-content\\\/uploads\\\/2022\\\/01\\\/logo_PM_horizontal.jpg\",\"width\":231,\"height\":142,\"caption\":\"Pova\u017esk\u00e9 m\u00fazeum\"},\"image\":{\"@id\":\"https:\\\/\\\/pmza.sk\\\/#\\\/schema\\\/logo\\\/image\\\/\"},\"sameAs\":[\"https:\\\/\\\/www.facebook.com\\\/povazskemuzeum\",\"https:\\\/\\\/www.instagram.com\\\/povazskemuzeum\\\/\"]},{\"@type\":\"Person\",\"@id\":\"https:\\\/\\\/pmza.sk\\\/#\\\/schema\\\/person\\\/595e6a2ce731ea94dcd5d7f50a41ae33\",\"name\":\"Pova\u017esk\u00e9 m\u00fazeum\",\"image\":{\"@type\":\"ImageObject\",\"inLanguage\":\"sk-SK\",\"@id\":\"https:\\\/\\\/secure.gravatar.com\\\/avatar\\\/2bb7f1561282132fb5826dfeccc66c7996d11ee392ac6aaf7ced8a1c2027fbb2?s=96&d=mm&r=g\",\"url\":\"https:\\\/\\\/secure.gravatar.com\\\/avatar\\\/2bb7f1561282132fb5826dfeccc66c7996d11ee392ac6aaf7ced8a1c2027fbb2?s=96&d=mm&r=g\",\"contentUrl\":\"https:\\\/\\\/secure.gravatar.com\\\/avatar\\\/2bb7f1561282132fb5826dfeccc66c7996d11ee392ac6aaf7ced8a1c2027fbb2?s=96&d=mm&r=g\",\"caption\":\"Pova\u017esk\u00e9 m\u00fazeum\"}}]}<\/script>\n<!-- \/ Yoast SEO plugin. -->","yoast_head_json":{"title":"V\u00edkend s komiksom - Pova\u017esk\u00e9 m\u00fazeum","robots":{"index":"index","follow":"follow","max-snippet":"max-snippet:-1","max-image-preview":"max-image-preview:large","max-video-preview":"max-video-preview:-1"},"canonical":"https:\/\/pmza.sk\/?p=70622","og_locale":"sk_SK","og_type":"article","og_title":"V\u00edkend s komiksom - Pova\u017esk\u00e9 m\u00fazeum","og_description":"H\u013ead\u00e1te zauj\u00edmav\u00fa aktivitu, ktor\u00e1 je nielen z\u00e1bavn\u00e1, ale m\u00e1 aj vzdel\u00e1vac\u00ed charakter? Str\u00e1vte prv\u00fd pr\u00e1zdninov\u00fd v\u00edkend na Budat\u00ednskom hrade a o\u017eivte si prehliadku vyl\u00fa\u0161ten\u00edm origin\u00e1lneho komiksu. Pova\u017esk\u00e9 m\u00fazeum e\u0161te pred nieko\u013ek\u00fdmi rokmi vytvorilo dva komiksy, ktor\u00fdch pr\u00edbehy s\u00fa spojen\u00e9 s\u00a0Budat\u00ednskym hradom. Medzi n\u00e1v\u0161tevn\u00edkmi s\u00fa ve\u013emi ob\u013e\u00faben\u00e9, preto m\u00fazeum pravidelne organizuje v\u00edkendy alebo dni s\u00a0komiksom, po\u010das [&hellip;]","og_url":"https:\/\/pmza.sk\/?p=70622","og_site_name":"Pova\u017esk\u00e9 m\u00fazeum","article_publisher":"https:\/\/www.facebook.com\/povazskemuzeum","article_published_time":"2025-06-18T08:45:59+00:00","article_modified_time":"2025-06-30T05:19:17+00:00","og_image":[{"width":2560,"height":2560,"url":"https:\/\/pmza.sk\/wp-content\/uploads\/2025\/06\/Vikend_s_komixom_web-scaled.jpg","type":"image\/jpeg"}],"author":"Pova\u017esk\u00e9 m\u00fazeum","twitter_card":"summary_large_image","twitter_misc":{"Autor":"Pova\u017esk\u00e9 m\u00fazeum","Predpokladan\u00fd \u010das \u010d\u00edtania":"1 min\u00fata"},"schema":{"@context":"https:\/\/schema.org","@graph":[{"@type":"Article","@id":"https:\/\/pmza.sk\/?p=70622#article","isPartOf":{"@id":"https:\/\/pmza.sk\/?p=70622"},"author":{"name":"Pova\u017esk\u00e9 m\u00fazeum","@id":"https:\/\/pmza.sk\/#\/schema\/person\/595e6a2ce731ea94dcd5d7f50a41ae33"},"headline":"V\u00edkend s komiksom","datePublished":"2025-06-18T08:45:59+00:00","dateModified":"2025-06-30T05:19:17+00:00","mainEntityOfPage":{"@id":"https:\/\/pmza.sk\/?p=70622"},"wordCount":278,"publisher":{"@id":"https:\/\/pmza.sk\/#organization"},"image":{"@id":"https:\/\/pmza.sk\/?p=70622#primaryimage"},"thumbnailUrl":"https:\/\/pmza.sk\/wp-content\/uploads\/2025\/06\/Vikend_s_komixom_web-scaled.jpg","articleSection":["Podujatia"],"inLanguage":"sk-SK"},{"@type":"WebPage","@id":"https:\/\/pmza.sk\/?p=70622","url":"https:\/\/pmza.sk\/?p=70622","name":"V\u00edkend s komiksom - Pova\u017esk\u00e9 m\u00fazeum","isPartOf":{"@id":"https:\/\/pmza.sk\/#website"},"primaryImageOfPage":{"@id":"https:\/\/pmza.sk\/?p=70622#primaryimage"},"image":{"@id":"https:\/\/pmza.sk\/?p=70622#primaryimage"},"thumbnailUrl":"https:\/\/pmza.sk\/wp-content\/uploads\/2025\/06\/Vikend_s_komixom_web-scaled.jpg","datePublished":"2025-06-18T08:45:59+00:00","dateModified":"2025-06-30T05:19:17+00:00","breadcrumb":{"@id":"https:\/\/pmza.sk\/?p=70622#breadcrumb"},"inLanguage":"sk-SK","potentialAction":[{"@type":"ReadAction","target":["https:\/\/pmza.sk\/?p=70622"]}]},{"@type":"ImageObject","inLanguage":"sk-SK","@id":"https:\/\/pmza.sk\/?p=70622#primaryimage","url":"https:\/\/pmza.sk\/wp-content\/uploads\/2025\/06\/Vikend_s_komixom_web-scaled.jpg","contentUrl":"https:\/\/pmza.sk\/wp-content\/uploads\/2025\/06\/Vikend_s_komixom_web-scaled.jpg","width":2560,"height":2560},{"@type":"BreadcrumbList","@id":"https:\/\/pmza.sk\/?p=70622#breadcrumb","itemListElement":[{"@type":"ListItem","position":1,"name":"Domovsk\u00e1 str\u00e1nka","item":"https:\/\/pmza.sk\/"},{"@type":"ListItem","position":2,"name":"V\u00edkend s komiksom"}]},{"@type":"WebSite","@id":"https:\/\/pmza.sk\/#website","url":"https:\/\/pmza.sk\/","name":"Pova\u017esk\u00e9 m\u00fazeum","description":"Pova\u017esk\u00e9 m\u00fazeum v \u017diline je region\u00e1lne m\u00fazeum so s\u00eddlom v Budat\u00edne. Jeho expoz\u00edcie s\u00fa zameran\u00e9 na dejiny slovensk\u00e9ho umenia, kult\u00fary a dopravy.","publisher":{"@id":"https:\/\/pmza.sk\/#organization"},"potentialAction":[{"@type":"SearchAction","target":{"@type":"EntryPoint","urlTemplate":"https:\/\/pmza.sk\/?s={search_term_string}"},"query-input":{"@type":"PropertyValueSpecification","valueRequired":true,"valueName":"search_term_string"}}],"inLanguage":"sk-SK"},{"@type":"Organization","@id":"https:\/\/pmza.sk\/#organization","name":"Pova\u017esk\u00e9 m\u00fazeum","url":"https:\/\/pmza.sk\/","logo":{"@type":"ImageObject","inLanguage":"sk-SK","@id":"https:\/\/pmza.sk\/#\/schema\/logo\/image\/","url":"https:\/\/pmza.sk\/wp-content\/uploads\/2022\/01\/logo_PM_horizontal.jpg","contentUrl":"https:\/\/pmza.sk\/wp-content\/uploads\/2022\/01\/logo_PM_horizontal.jpg","width":231,"height":142,"caption":"Pova\u017esk\u00e9 m\u00fazeum"},"image":{"@id":"https:\/\/pmza.sk\/#\/schema\/logo\/image\/"},"sameAs":["https:\/\/www.facebook.com\/povazskemuzeum","https:\/\/www.instagram.com\/povazskemuzeum\/"]},{"@type":"Person","@id":"https:\/\/pmza.sk\/#\/schema\/person\/595e6a2ce731ea94dcd5d7f50a41ae33","name":"Pova\u017esk\u00e9 m\u00fazeum","image":{"@type":"ImageObject","inLanguage":"sk-SK","@id":"https:\/\/secure.gravatar.com\/avatar\/2bb7f1561282132fb5826dfeccc66c7996d11ee392ac6aaf7ced8a1c2027fbb2?s=96&d=mm&r=g","url":"https:\/\/secure.gravatar.com\/avatar\/2bb7f1561282132fb5826dfeccc66c7996d11ee392ac6aaf7ced8a1c2027fbb2?s=96&d=mm&r=g","contentUrl":"https:\/\/secure.gravatar.com\/avatar\/2bb7f1561282132fb5826dfeccc66c7996d11ee392ac6aaf7ced8a1c2027fbb2?s=96&d=mm&r=g","caption":"Pova\u017esk\u00e9 m\u00fazeum"}}]}},"_links":{"self":[{"href":"https:\/\/pmza.sk\/index.php?rest_route=\/wp\/v2\/posts\/70622","targetHints":{"allow":["GET"]}}],"collection":[{"href":"https:\/\/pmza.sk\/index.php?rest_route=\/wp\/v2\/posts"}],"about":[{"href":"https:\/\/pmza.sk\/index.php?rest_route=\/wp\/v2\/types\/post"}],"author":[{"embeddable":true,"href":"https:\/\/pmza.sk\/index.php?rest_route=\/wp\/v2\/users\/2"}],"replies":[{"embeddable":true,"href":"https:\/\/pmza.sk\/index.php?rest_route=%2Fwp%2Fv2%2Fcomments&post=70622"}],"version-history":[{"count":0,"href":"https:\/\/pmza.sk\/index.php?rest_route=\/wp\/v2\/posts\/70622\/revisions"}],"wp:featuredmedia":[{"embeddable":true,"href":"https:\/\/pmza.sk\/index.php?rest_route=\/wp\/v2\/media\/70625"}],"wp:attachment":[{"href":"https:\/\/pmza.sk\/index.php?rest_route=%2Fwp%2Fv2%2Fmedia&parent=70622"}],"wp:term":[{"taxonomy":"category","embeddable":true,"href":"https:\/\/pmza.sk\/index.php?rest_route=%2Fwp%2Fv2%2Fcategories&post=70622"},{"taxonomy":"post_tag","embeddable":true,"href":"https:\/\/pmza.sk\/index.php?rest_route=%2Fwp%2Fv2%2Ftags&post=70622"}],"curies":[{"name":"wp","href":"https:\/\/api.w.org\/{rel}","templated":true}]}}