{"id":70637,"date":"2025-06-18T13:20:40","date_gmt":"2025-06-18T11:20:40","guid":{"rendered":"https:\/\/pmza.sk\/?p=70637"},"modified":"2026-04-15T11:08:31","modified_gmt":"2026-04-15T09:08:31","slug":"flora-hradneho-brala","status":"publish","type":"post","link":"https:\/\/pmza.sk\/?p=70637","title":{"rendered":"Fl\u00f3ra hradn\u00e9ho brala"},"content":{"rendered":"<p>V\u00e1pencovo-dolomitov\u00e9 bralo, na ktorom je postaven\u00fd hrad Stre\u010dno, je atrakt\u00edvne nielen dramatick\u00fdm vzh\u013eadom, ale aj svojou \u0161pecifickou fl\u00f3rou. Nehostinn\u00e9 skaln\u00e9 prostredie sa stalo \u00fato\u010diskom svetlomiln\u00fdch rastl\u00edn, ktor\u00e9 by v\u00a0zapojenom lese nepre\u017eili. Marcov\u00fd vietor u\u017e za\u010diatkom jari hojd\u00e1 namodral\u00fdmi kl\u00e1skami kvitn\u00facej teplomilnej <strong>ostrevky v\u00e1pnomilnej<\/strong> s\u00a0pevn\u00fdmi st\u00e1lozelen\u00fdmi trsmi \u00fazkych listov. V\u00a0apr\u00edli sa bralo aj \u0161trbiny m\u00farov hradu pokryj\u00fa strapcami s\u00fdto\u017elt\u00fdch kvetov <strong>tari\u010dn\u00edku skaln\u00e9ho<\/strong>. M\u00e1j je zas typick\u00fd intenz\u00edvnou v\u00f4\u0148ou p\u00f4vabne rozstrapaten\u00fdch bielych kvetov <strong>klin\u010deka v\u010dasn\u00e9ho<\/strong>, ktor\u00fd sa vyskytuje len v\u00a0hor\u00e1ch Z\u00e1padn\u00fdch Karp\u00e1t a pre svoju vz\u00e1cnos\u0165 je zaraden\u00fd do \u010cerven\u00e9ho zoznamu ohrozen\u00fdch rastl\u00edn Slovenska. Od jari do jesene tu rast\u00fa v skaln\u00fdch \u0161trbin\u00e1ch filigr\u00e1nsky zdoben\u00e9 ru\u017eice listov drobnej, ale v\u00fdraznej paprade <strong>slezin\u00edku \u010derven\u00e9ho<\/strong>.<\/p>\n<p>&nbsp;<\/p>\n<div class=\"wp-block-image\"><img fetchpriority=\"high\" decoding=\"async\" class=\"wpa-warning wpa-image-missing-alt alignnone size-medium wp-image-70638\" src=\"https:\/\/pmza.sk\/wp-content\/uploads\/2025\/06\/foto1-233x360.webp\" alt=\"\" width=\"233\" height=\"360\" data-warning=\"Missing alt text\" srcset=\"https:\/\/pmza.sk\/wp-content\/uploads\/2025\/06\/foto1-233x360.webp 233w, https:\/\/pmza.sk\/wp-content\/uploads\/2025\/06\/foto1-477x736.webp 477w, https:\/\/pmza.sk\/wp-content\/uploads\/2025\/06\/foto1-600x926.webp 600w, https:\/\/pmza.sk\/wp-content\/uploads\/2025\/06\/foto1.webp 709w\" sizes=\"(max-width: 233px) 100vw, 233px\" \/><\/div>\n<div><strong>Ar\u00e1bkovka pieso\u010dn\u00e1 (<\/strong><strong><em>Arabidopsis<\/em><\/strong><strong><em> arenosa<\/em><\/strong><strong>)<\/strong><\/div>\n<div><\/div>\n<div>\n<div class=\"wp-block-image\"><img decoding=\"async\" class=\"wpa-warning wpa-image-missing-alt alignnone size-medium wp-image-70639\" src=\"https:\/\/pmza.sk\/wp-content\/uploads\/2025\/06\/foto1_detail-kvetu-480x360.jpg\" alt=\"\" width=\"480\" height=\"360\" data-warning=\"Missing alt text\" srcset=\"https:\/\/pmza.sk\/wp-content\/uploads\/2025\/06\/foto1_detail-kvetu-480x360.jpg 480w, https:\/\/pmza.sk\/wp-content\/uploads\/2025\/06\/foto1_detail-kvetu-600x450.jpg 600w, https:\/\/pmza.sk\/wp-content\/uploads\/2025\/06\/foto1_detail-kvetu.jpg 685w\" sizes=\"(max-width: 480px) 100vw, 480px\" \/><\/div>\n<div><strong>Ar\u00e1bkovka pieso\u010dn\u00e1 (<\/strong><strong><em>Arabidopsis<\/em><\/strong><strong><em> arenosa<\/em><\/strong><strong>) &#8211; detail kvetu<\/strong><\/div>\n<\/div>\n<div><\/div>\n<div>\n<div class=\"wp-block-image\"><img decoding=\"async\" class=\"wpa-warning wpa-image-missing-alt alignnone size-medium wp-image-70640\" src=\"https:\/\/pmza.sk\/wp-content\/uploads\/2025\/06\/foto2-480x360.jpg\" alt=\"\" width=\"480\" height=\"360\" data-warning=\"Missing alt text\" srcset=\"https:\/\/pmza.sk\/wp-content\/uploads\/2025\/06\/foto2-480x360.jpg 480w, https:\/\/pmza.sk\/wp-content\/uploads\/2025\/06\/foto2-981x736.jpg 981w, https:\/\/pmza.sk\/wp-content\/uploads\/2025\/06\/foto2-768x576.jpg 768w, https:\/\/pmza.sk\/wp-content\/uploads\/2025\/06\/foto2-1536x1152.jpg 1536w, https:\/\/pmza.sk\/wp-content\/uploads\/2025\/06\/foto2-2048x1536.jpg 2048w, https:\/\/pmza.sk\/wp-content\/uploads\/2025\/06\/foto2-600x450.jpg 600w\" sizes=\"(max-width: 480px) 100vw, 480px\" \/><\/div>\n<div><strong>Ostrevka v\u00e1pnomiln\u00e1 (<\/strong><strong><em>Sesleria<\/em><\/strong><strong><em> caerulea<\/em><\/strong><strong>)<\/strong><\/div>\n<\/div>\n<div><\/div>\n<div>\n<div class=\"wp-block-image\"><img loading=\"lazy\" decoding=\"async\" class=\"wpa-warning wpa-image-missing-alt alignnone size-medium wp-image-70641\" src=\"https:\/\/pmza.sk\/wp-content\/uploads\/2025\/06\/foto3-480x360.jpg\" alt=\"\" width=\"480\" height=\"360\" data-warning=\"Missing alt text\" srcset=\"https:\/\/pmza.sk\/wp-content\/uploads\/2025\/06\/foto3-480x360.jpg 480w, https:\/\/pmza.sk\/wp-content\/uploads\/2025\/06\/foto3-981x736.jpg 981w, https:\/\/pmza.sk\/wp-content\/uploads\/2025\/06\/foto3-768x576.jpg 768w, https:\/\/pmza.sk\/wp-content\/uploads\/2025\/06\/foto3-1536x1152.jpg 1536w, https:\/\/pmza.sk\/wp-content\/uploads\/2025\/06\/foto3-2048x1536.jpg 2048w, https:\/\/pmza.sk\/wp-content\/uploads\/2025\/06\/foto3-600x450.jpg 600w\" sizes=\"(max-width: 480px) 100vw, 480px\" \/><\/div>\n<div><strong>Klin\u010dek v\u010dasn\u00fd (<em>Dianthus praecox ssp. praecox<\/em>)<\/strong><\/div>\n<\/div>\n<div><\/div>\n<div>\n<div class=\"wp-block-image\"><img loading=\"lazy\" decoding=\"async\" class=\"wpa-warning wpa-image-missing-alt alignnone size-medium wp-image-70642\" src=\"https:\/\/pmza.sk\/wp-content\/uploads\/2025\/06\/foto4-480x360.jpg\" alt=\"\" width=\"480\" height=\"360\" data-warning=\"Missing alt text\" srcset=\"https:\/\/pmza.sk\/wp-content\/uploads\/2025\/06\/foto4-480x360.jpg 480w, https:\/\/pmza.sk\/wp-content\/uploads\/2025\/06\/foto4-981x736.jpg 981w, https:\/\/pmza.sk\/wp-content\/uploads\/2025\/06\/foto4-768x576.jpg 768w, https:\/\/pmza.sk\/wp-content\/uploads\/2025\/06\/foto4-1536x1152.jpg 1536w, https:\/\/pmza.sk\/wp-content\/uploads\/2025\/06\/foto4-2048x1536.jpg 2048w, https:\/\/pmza.sk\/wp-content\/uploads\/2025\/06\/foto4-600x450.jpg 600w\" sizes=\"(max-width: 480px) 100vw, 480px\" \/><\/div>\n<div><strong>Tari\u010dn\u00edk skaln\u00fd (<em>Aurinia saxatilis<\/em>)<\/strong><\/div>\n<\/div>\n<div><\/div>\n<div>\n<div class=\"wp-block-image\"><img loading=\"lazy\" decoding=\"async\" class=\"wpa-warning wpa-image-missing-alt alignnone size-medium wp-image-70643\" src=\"https:\/\/pmza.sk\/wp-content\/uploads\/2025\/06\/foto5-480x360.jpg\" alt=\"\" width=\"480\" height=\"360\" data-warning=\"Missing alt text\" srcset=\"https:\/\/pmza.sk\/wp-content\/uploads\/2025\/06\/foto5-480x360.jpg 480w, https:\/\/pmza.sk\/wp-content\/uploads\/2025\/06\/foto5-981x736.jpg 981w, https:\/\/pmza.sk\/wp-content\/uploads\/2025\/06\/foto5-768x576.jpg 768w, https:\/\/pmza.sk\/wp-content\/uploads\/2025\/06\/foto5-1536x1152.jpg 1536w, https:\/\/pmza.sk\/wp-content\/uploads\/2025\/06\/foto5-2048x1536.jpg 2048w, https:\/\/pmza.sk\/wp-content\/uploads\/2025\/06\/foto5-600x450.jpg 600w\" sizes=\"(max-width: 480px) 100vw, 480px\" \/><\/div>\n<div><strong>Slezin\u00edk \u010derven\u00fd (<em>Asplenium trichomanes<\/em>)<\/strong><\/div>\n<\/div>\n<div><\/div>\n<div>\n<div class=\"wp-block-image\"><img loading=\"lazy\" decoding=\"async\" class=\"wpa-warning wpa-image-missing-alt alignnone size-medium wp-image-70644\" src=\"https:\/\/pmza.sk\/wp-content\/uploads\/2025\/06\/foto6-540x360.jpg\" alt=\"\" width=\"540\" height=\"360\" data-warning=\"Missing alt text\" srcset=\"https:\/\/pmza.sk\/wp-content\/uploads\/2025\/06\/foto6-540x360.jpg 540w, https:\/\/pmza.sk\/wp-content\/uploads\/2025\/06\/foto6-1104x736.jpg 1104w, https:\/\/pmza.sk\/wp-content\/uploads\/2025\/06\/foto6-768x512.jpg 768w, https:\/\/pmza.sk\/wp-content\/uploads\/2025\/06\/foto6-1536x1024.jpg 1536w, https:\/\/pmza.sk\/wp-content\/uploads\/2025\/06\/foto6-2048x1365.jpg 2048w, https:\/\/pmza.sk\/wp-content\/uploads\/2025\/06\/foto6-600x400.jpg 600w\" sizes=\"(max-width: 540px) 100vw, 540px\" \/><\/div>\n<div><strong>Z\u00e1ber na hradn\u00e9 bralo a\u00a0hrad Stre\u010dno<\/strong><\/div>\n<div><strong>Zdroj fotografi\u00ed: arch\u00edv Pova\u017esk\u00e9ho m\u00fazea<\/strong><\/div>\n<div><\/div>\n<\/div>\n<p>Pozn\u00e1te pr\u00edbeh ar\u00e1bkovky pieso\u010dnej? Je to drobn\u00e1 a nen\u00e1ro\u010dn\u00e1 rastlinka a predsa urobila \u201edieru\u201c do eur\u00f3pskej vedy.<\/p>\n<p>Ar\u00e1bkovky zo stre\u010dnianskeho brala s\u00fa zauj\u00edmav\u00e9 t\u00fdm, \u017ee u\u017e v\u00a0roku 1970 si ich botanik Josef M\u011bs\u00ed\u010dek vybral do svojho v\u00fdskumu genetick\u00fdch inform\u00e1ci\u00ed rastlinn\u00e9ho rodu <em>Arabidopsis<\/em>. Odvtedy sa lokalita tohto hradn\u00e9ho brala objavuje vo viacer\u00fdch vedeck\u00fdch pr\u00e1cach o\u00a0dedi\u010dnosti rastl\u00edn, najnov\u0161ie v\u00a0pr\u00e1ci vedcov z\u00a0Harvardskej univerzity o\u00a0polyploidiz\u00e1cii ar\u00e1bkovky pieso\u010dnej z\u00a0roku 2015.<\/p>\n<p>Vedeck\u00e9 okienko: \u010co je to polyploidiz\u00e1cia?<\/p>\n<p>Tento biologick\u00fd proces uplat\u0148uj\u00faci sa v dedi\u010dnosti s\u00favis\u00ed so schopnos\u0165ou rastl\u00edn prisp\u00f4sobova\u0165 sa nov\u00fdm podmienkam a roz\u0161irova\u0165 sa t\u00fdm na nov\u00e9 stanovi\u0161tia, pr\u00edpadne vytv\u00e1ra\u0165 nov\u00e9 druhy. Polyploidiz\u00e1cia predstavuje gen\u00f3mov\u00fa mut\u00e1ciu. Ar\u00e1bkovky pieso\u010dn\u00e9 zo stre\u010dnianskeho brala s\u00fa diploidn\u00e9, ale \u00fazko s\u00favisia so \u0161ir\u0161ie roz\u0161\u00edren\u00fdmi tetraploidn\u00fdmi popul\u00e1ciami rovnak\u00e9ho druhu, ktor\u00e9 sa z nich vyvinuli a s\u00fa be\u017ene roz\u0161\u00edren\u00e9 napr\u00edklad aj v ko\u013eajisk\u00e1ch \u017eelezn\u00edc po celej Eur\u00f3pe. Diploidy maj\u00fa zdvojen\u00fd gen\u00f3m t. j. objem genetick\u00fdch inform\u00e1ci\u00ed\/po\u010det chromoz\u00f3mov v bunke, tetraploidy \u0161tvorn\u00e1sobn\u00fd v\u00a0porovnan\u00ed s\u00a0origin\u00e1lom.<\/p>\n<p><strong>Zdroje inform\u00e1ci\u00ed:<\/strong><\/p>\n<p>Slan\u00e1, A. 2015. Hradn\u00e9 bralo v\u00a0Stre\u010dne. M\u00daZA \u2013 elektronick\u00fd \u010dasopis Pova\u017esk\u00e9ho m\u00fazea. Ro\u010dn\u00edk 3, \u010d\u00edslo 2. pp. 10 \u2013 11. Dostupn\u00e9: <a href=\"https:\/\/pmza.sk\/muza2-2015-1\/muza2-2015-1.html\">https:\/\/pmza.sk\/muza2-2015-1\/muza2-2015-1.html<\/a><\/p>\n<p>Brian Arnold, Sang-Tae Kim, Kirsten Bomblies. Single Geographic Origin of a Widespread Autotetraploid <em>Arabidopsis arenosa<\/em> L. Followed by Interploidy Admixture. <em>Molecular Biology and Evolution<\/em>, Volume 32, Issue 6, June 2015, Pages 1382\u20131395, <a href=\"https:\/\/doi.org\/10.1093\/molbev\/msv089\">https:\/\/doi.org\/10.1093\/molbev\/msv089<\/a><\/p>\n<p>M\u011bs\u00ed\u010dek, J. Chromosome Counts in <em>Cardaminopsis arenosa<\/em> Agg. ( <em>Cruciferae<\/em>). Chromozomove po\u010dty v komplexu <em>Cardaminopsis arenosa<\/em> (Cruciferae). PRESLIA (PRAHA) 42: 225\u2013248. 1970. <a href=\"https:\/\/www.preslia.cz\/archive\/Preslia_42_1970_225-248.pdf?fbclid=IwZXh0bgNhZW0CMTAAAR1EyrsAzMk0JjDT_YV4VRQf_9VrXMIVytOXufMgjTQi1CB0kdlZvI1whx8_aem_F_NeeXKh5qS3HHE-dRvb7A\">https:\/\/www.preslia.cz\/archive\/Preslia_42_1970_225-248.pdf<\/a><\/p>\n","protected":false},"excerpt":{"rendered":"<p>V\u00e1pencovo-dolomitov\u00e9 bralo, na ktorom je postaven\u00fd hrad Stre\u010dno, je atrakt\u00edvne nielen dramatick\u00fdm vzh\u013eadom, ale aj svojou \u0161pecifickou fl\u00f3rou. Nehostinn\u00e9 skaln\u00e9 prostredie sa stalo \u00fato\u010diskom svetlomiln\u00fdch rastl\u00edn, ktor\u00e9 by v\u00a0zapojenom lese nepre\u017eili. Marcov\u00fd vietor u\u017e za\u010diatkom jari hojd\u00e1 namodral\u00fdmi kl\u00e1skami kvitn\u00facej teplomilnej ostrevky v\u00e1pnomilnej s\u00a0pevn\u00fdmi st\u00e1lozelen\u00fdmi trsmi \u00fazkych listov. V\u00a0apr\u00edli sa bralo aj \u0161trbiny m\u00farov hradu [&hellip;]<\/p>\n","protected":false},"author":2,"featured_media":70644,"comment_status":"closed","ping_status":"closed","sticky":false,"template":"","format":"standard","meta":{"site-sidebar-layout":"default","site-content-layout":"","ast-site-content-layout":"default","site-content-style":"default","site-sidebar-style":"default","ast-global-header-display":"","ast-banner-title-visibility":"","ast-main-header-display":"","ast-hfb-above-header-display":"","ast-hfb-below-header-display":"","ast-hfb-mobile-header-display":"","site-post-title":"","ast-breadcrumbs-content":"","ast-featured-img":"","footer-sml-layout":"","theme-transparent-header-meta":"default","adv-header-id-meta":"","stick-header-meta":"default","header-above-stick-meta":"","header-main-stick-meta":"","header-below-stick-meta":"","astra-migrate-meta-layouts":"set","ast-page-background-enabled":"default","ast-page-background-meta":{"desktop":{"background-color":"var(--ast-global-color-4)","background-image":"","background-repeat":"repeat","background-position":"center center","background-size":"auto","background-attachment":"scroll","background-type":"","background-media":"","overlay-type":"","overlay-color":"","overlay-opacity":"","overlay-gradient":""},"tablet":{"background-color":"","background-image":"","background-repeat":"repeat","background-position":"center center","background-size":"auto","background-attachment":"scroll","background-type":"","background-media":"","overlay-type":"","overlay-color":"","overlay-opacity":"","overlay-gradient":""},"mobile":{"background-color":"","background-image":"","background-repeat":"repeat","background-position":"center center","background-size":"auto","background-attachment":"scroll","background-type":"","background-media":"","overlay-type":"","overlay-color":"","overlay-opacity":"","overlay-gradient":""}},"ast-content-background-meta":{"desktop":{"background-color":"var(--ast-global-color-5)","background-image":"","background-repeat":"repeat","background-position":"center center","background-size":"auto","background-attachment":"scroll","background-type":"","background-media":"","overlay-type":"","overlay-color":"","overlay-opacity":"","overlay-gradient":""},"tablet":{"background-color":"var(--ast-global-color-5)","background-image":"","background-repeat":"repeat","background-position":"center center","background-size":"auto","background-attachment":"scroll","background-type":"","background-media":"","overlay-type":"","overlay-color":"","overlay-opacity":"","overlay-gradient":""},"mobile":{"background-color":"var(--ast-global-color-5)","background-image":"","background-repeat":"repeat","background-position":"center center","background-size":"auto","background-attachment":"scroll","background-type":"","background-media":"","overlay-type":"","overlay-color":"","overlay-opacity":"","overlay-gradient":""}},"footnotes":""},"categories":[31],"tags":[],"class_list":["post-70637","post","type-post","status-publish","format-standard","has-post-thumbnail","hentry","category-aktuality"],"yoast_head":"<!-- This site is optimized with the Yoast SEO plugin v27.4 - https:\/\/yoast.com\/product\/yoast-seo-wordpress\/ -->\n<title>Fl\u00f3ra hradn\u00e9ho brala - Pova\u017esk\u00e9 m\u00fazeum<\/title>\n<meta name=\"robots\" content=\"index, follow, max-snippet:-1, max-image-preview:large, max-video-preview:-1\" \/>\n<link rel=\"canonical\" href=\"https:\/\/pmza.sk\/?p=70637\" \/>\n<meta property=\"og:locale\" content=\"sk_SK\" \/>\n<meta property=\"og:type\" content=\"article\" \/>\n<meta property=\"og:title\" content=\"Fl\u00f3ra hradn\u00e9ho brala - Pova\u017esk\u00e9 m\u00fazeum\" \/>\n<meta property=\"og:description\" content=\"V\u00e1pencovo-dolomitov\u00e9 bralo, na ktorom je postaven\u00fd hrad Stre\u010dno, je atrakt\u00edvne nielen dramatick\u00fdm vzh\u013eadom, ale aj svojou \u0161pecifickou fl\u00f3rou. Nehostinn\u00e9 skaln\u00e9 prostredie sa stalo \u00fato\u010diskom svetlomiln\u00fdch rastl\u00edn, ktor\u00e9 by v\u00a0zapojenom lese nepre\u017eili. Marcov\u00fd vietor u\u017e za\u010diatkom jari hojd\u00e1 namodral\u00fdmi kl\u00e1skami kvitn\u00facej teplomilnej ostrevky v\u00e1pnomilnej s\u00a0pevn\u00fdmi st\u00e1lozelen\u00fdmi trsmi \u00fazkych listov. V\u00a0apr\u00edli sa bralo aj \u0161trbiny m\u00farov hradu [&hellip;]\" \/>\n<meta property=\"og:url\" content=\"https:\/\/pmza.sk\/?p=70637\" \/>\n<meta property=\"og:site_name\" content=\"Pova\u017esk\u00e9 m\u00fazeum\" \/>\n<meta property=\"article:publisher\" content=\"https:\/\/www.facebook.com\/povazskemuzeum\" \/>\n<meta property=\"article:published_time\" content=\"2025-06-18T11:20:40+00:00\" \/>\n<meta property=\"article:modified_time\" content=\"2026-04-15T09:08:31+00:00\" \/>\n<meta property=\"og:image\" content=\"https:\/\/pmza.sk\/wp-content\/uploads\/2025\/06\/foto6-scaled.jpg\" \/>\n\t<meta property=\"og:image:width\" content=\"2560\" \/>\n\t<meta property=\"og:image:height\" content=\"1707\" \/>\n\t<meta property=\"og:image:type\" content=\"image\/jpeg\" \/>\n<meta name=\"author\" content=\"Pova\u017esk\u00e9 m\u00fazeum\" \/>\n<meta name=\"twitter:card\" content=\"summary_large_image\" \/>\n<meta name=\"twitter:label1\" content=\"Autor\" \/>\n\t<meta name=\"twitter:data1\" content=\"Pova\u017esk\u00e9 m\u00fazeum\" \/>\n\t<meta name=\"twitter:label2\" content=\"Predpokladan\u00fd \u010das \u010d\u00edtania\" \/>\n\t<meta name=\"twitter:data2\" content=\"3 min\u00faty\" \/>\n<script type=\"application\/ld+json\" class=\"yoast-schema-graph\">{\"@context\":\"https:\\\/\\\/schema.org\",\"@graph\":[{\"@type\":\"Article\",\"@id\":\"https:\\\/\\\/pmza.sk\\\/?p=70637#article\",\"isPartOf\":{\"@id\":\"https:\\\/\\\/pmza.sk\\\/?p=70637\"},\"author\":{\"name\":\"Pova\u017esk\u00e9 m\u00fazeum\",\"@id\":\"https:\\\/\\\/pmza.sk\\\/#\\\/schema\\\/person\\\/595e6a2ce731ea94dcd5d7f50a41ae33\"},\"headline\":\"Fl\u00f3ra hradn\u00e9ho brala\",\"datePublished\":\"2025-06-18T11:20:40+00:00\",\"dateModified\":\"2026-04-15T09:08:31+00:00\",\"mainEntityOfPage\":{\"@id\":\"https:\\\/\\\/pmza.sk\\\/?p=70637\"},\"wordCount\":551,\"publisher\":{\"@id\":\"https:\\\/\\\/pmza.sk\\\/#organization\"},\"image\":{\"@id\":\"https:\\\/\\\/pmza.sk\\\/?p=70637#primaryimage\"},\"thumbnailUrl\":\"https:\\\/\\\/pmza.sk\\\/wp-content\\\/uploads\\\/2025\\\/06\\\/foto6-scaled.jpg\",\"articleSection\":[\"Aktuality\"],\"inLanguage\":\"sk-SK\"},{\"@type\":\"WebPage\",\"@id\":\"https:\\\/\\\/pmza.sk\\\/?p=70637\",\"url\":\"https:\\\/\\\/pmza.sk\\\/?p=70637\",\"name\":\"Fl\u00f3ra hradn\u00e9ho brala - Pova\u017esk\u00e9 m\u00fazeum\",\"isPartOf\":{\"@id\":\"https:\\\/\\\/pmza.sk\\\/#website\"},\"primaryImageOfPage\":{\"@id\":\"https:\\\/\\\/pmza.sk\\\/?p=70637#primaryimage\"},\"image\":{\"@id\":\"https:\\\/\\\/pmza.sk\\\/?p=70637#primaryimage\"},\"thumbnailUrl\":\"https:\\\/\\\/pmza.sk\\\/wp-content\\\/uploads\\\/2025\\\/06\\\/foto6-scaled.jpg\",\"datePublished\":\"2025-06-18T11:20:40+00:00\",\"dateModified\":\"2026-04-15T09:08:31+00:00\",\"breadcrumb\":{\"@id\":\"https:\\\/\\\/pmza.sk\\\/?p=70637#breadcrumb\"},\"inLanguage\":\"sk-SK\",\"potentialAction\":[{\"@type\":\"ReadAction\",\"target\":[\"https:\\\/\\\/pmza.sk\\\/?p=70637\"]}]},{\"@type\":\"ImageObject\",\"inLanguage\":\"sk-SK\",\"@id\":\"https:\\\/\\\/pmza.sk\\\/?p=70637#primaryimage\",\"url\":\"https:\\\/\\\/pmza.sk\\\/wp-content\\\/uploads\\\/2025\\\/06\\\/foto6-scaled.jpg\",\"contentUrl\":\"https:\\\/\\\/pmza.sk\\\/wp-content\\\/uploads\\\/2025\\\/06\\\/foto6-scaled.jpg\",\"width\":2560,\"height\":1707},{\"@type\":\"BreadcrumbList\",\"@id\":\"https:\\\/\\\/pmza.sk\\\/?p=70637#breadcrumb\",\"itemListElement\":[{\"@type\":\"ListItem\",\"position\":1,\"name\":\"Domovsk\u00e1 str\u00e1nka\",\"item\":\"https:\\\/\\\/pmza.sk\\\/\"},{\"@type\":\"ListItem\",\"position\":2,\"name\":\"Fl\u00f3ra hradn\u00e9ho brala\"}]},{\"@type\":\"WebSite\",\"@id\":\"https:\\\/\\\/pmza.sk\\\/#website\",\"url\":\"https:\\\/\\\/pmza.sk\\\/\",\"name\":\"Pova\u017esk\u00e9 m\u00fazeum\",\"description\":\"Pova\u017esk\u00e9 m\u00fazeum v \u017diline je region\u00e1lne m\u00fazeum so s\u00eddlom v Budat\u00edne. Jeho expoz\u00edcie s\u00fa zameran\u00e9 na dejiny slovensk\u00e9ho umenia, kult\u00fary a dopravy.\",\"publisher\":{\"@id\":\"https:\\\/\\\/pmza.sk\\\/#organization\"},\"potentialAction\":[{\"@type\":\"SearchAction\",\"target\":{\"@type\":\"EntryPoint\",\"urlTemplate\":\"https:\\\/\\\/pmza.sk\\\/?s={search_term_string}\"},\"query-input\":{\"@type\":\"PropertyValueSpecification\",\"valueRequired\":true,\"valueName\":\"search_term_string\"}}],\"inLanguage\":\"sk-SK\"},{\"@type\":\"Organization\",\"@id\":\"https:\\\/\\\/pmza.sk\\\/#organization\",\"name\":\"Pova\u017esk\u00e9 m\u00fazeum\",\"url\":\"https:\\\/\\\/pmza.sk\\\/\",\"logo\":{\"@type\":\"ImageObject\",\"inLanguage\":\"sk-SK\",\"@id\":\"https:\\\/\\\/pmza.sk\\\/#\\\/schema\\\/logo\\\/image\\\/\",\"url\":\"https:\\\/\\\/pmza.sk\\\/wp-content\\\/uploads\\\/2022\\\/01\\\/logo_PM_horizontal.jpg\",\"contentUrl\":\"https:\\\/\\\/pmza.sk\\\/wp-content\\\/uploads\\\/2022\\\/01\\\/logo_PM_horizontal.jpg\",\"width\":231,\"height\":142,\"caption\":\"Pova\u017esk\u00e9 m\u00fazeum\"},\"image\":{\"@id\":\"https:\\\/\\\/pmza.sk\\\/#\\\/schema\\\/logo\\\/image\\\/\"},\"sameAs\":[\"https:\\\/\\\/www.facebook.com\\\/povazskemuzeum\",\"https:\\\/\\\/www.instagram.com\\\/povazskemuzeum\\\/\"]},{\"@type\":\"Person\",\"@id\":\"https:\\\/\\\/pmza.sk\\\/#\\\/schema\\\/person\\\/595e6a2ce731ea94dcd5d7f50a41ae33\",\"name\":\"Pova\u017esk\u00e9 m\u00fazeum\",\"image\":{\"@type\":\"ImageObject\",\"inLanguage\":\"sk-SK\",\"@id\":\"https:\\\/\\\/secure.gravatar.com\\\/avatar\\\/2bb7f1561282132fb5826dfeccc66c7996d11ee392ac6aaf7ced8a1c2027fbb2?s=96&d=mm&r=g\",\"url\":\"https:\\\/\\\/secure.gravatar.com\\\/avatar\\\/2bb7f1561282132fb5826dfeccc66c7996d11ee392ac6aaf7ced8a1c2027fbb2?s=96&d=mm&r=g\",\"contentUrl\":\"https:\\\/\\\/secure.gravatar.com\\\/avatar\\\/2bb7f1561282132fb5826dfeccc66c7996d11ee392ac6aaf7ced8a1c2027fbb2?s=96&d=mm&r=g\",\"caption\":\"Pova\u017esk\u00e9 m\u00fazeum\"}}]}<\/script>\n<!-- \/ Yoast SEO plugin. -->","yoast_head_json":{"title":"Fl\u00f3ra hradn\u00e9ho brala - Pova\u017esk\u00e9 m\u00fazeum","robots":{"index":"index","follow":"follow","max-snippet":"max-snippet:-1","max-image-preview":"max-image-preview:large","max-video-preview":"max-video-preview:-1"},"canonical":"https:\/\/pmza.sk\/?p=70637","og_locale":"sk_SK","og_type":"article","og_title":"Fl\u00f3ra hradn\u00e9ho brala - Pova\u017esk\u00e9 m\u00fazeum","og_description":"V\u00e1pencovo-dolomitov\u00e9 bralo, na ktorom je postaven\u00fd hrad Stre\u010dno, je atrakt\u00edvne nielen dramatick\u00fdm vzh\u013eadom, ale aj svojou \u0161pecifickou fl\u00f3rou. Nehostinn\u00e9 skaln\u00e9 prostredie sa stalo \u00fato\u010diskom svetlomiln\u00fdch rastl\u00edn, ktor\u00e9 by v\u00a0zapojenom lese nepre\u017eili. Marcov\u00fd vietor u\u017e za\u010diatkom jari hojd\u00e1 namodral\u00fdmi kl\u00e1skami kvitn\u00facej teplomilnej ostrevky v\u00e1pnomilnej s\u00a0pevn\u00fdmi st\u00e1lozelen\u00fdmi trsmi \u00fazkych listov. V\u00a0apr\u00edli sa bralo aj \u0161trbiny m\u00farov hradu [&hellip;]","og_url":"https:\/\/pmza.sk\/?p=70637","og_site_name":"Pova\u017esk\u00e9 m\u00fazeum","article_publisher":"https:\/\/www.facebook.com\/povazskemuzeum","article_published_time":"2025-06-18T11:20:40+00:00","article_modified_time":"2026-04-15T09:08:31+00:00","og_image":[{"width":2560,"height":1707,"url":"https:\/\/pmza.sk\/wp-content\/uploads\/2025\/06\/foto6-scaled.jpg","type":"image\/jpeg"}],"author":"Pova\u017esk\u00e9 m\u00fazeum","twitter_card":"summary_large_image","twitter_misc":{"Autor":"Pova\u017esk\u00e9 m\u00fazeum","Predpokladan\u00fd \u010das \u010d\u00edtania":"3 min\u00faty"},"schema":{"@context":"https:\/\/schema.org","@graph":[{"@type":"Article","@id":"https:\/\/pmza.sk\/?p=70637#article","isPartOf":{"@id":"https:\/\/pmza.sk\/?p=70637"},"author":{"name":"Pova\u017esk\u00e9 m\u00fazeum","@id":"https:\/\/pmza.sk\/#\/schema\/person\/595e6a2ce731ea94dcd5d7f50a41ae33"},"headline":"Fl\u00f3ra hradn\u00e9ho brala","datePublished":"2025-06-18T11:20:40+00:00","dateModified":"2026-04-15T09:08:31+00:00","mainEntityOfPage":{"@id":"https:\/\/pmza.sk\/?p=70637"},"wordCount":551,"publisher":{"@id":"https:\/\/pmza.sk\/#organization"},"image":{"@id":"https:\/\/pmza.sk\/?p=70637#primaryimage"},"thumbnailUrl":"https:\/\/pmza.sk\/wp-content\/uploads\/2025\/06\/foto6-scaled.jpg","articleSection":["Aktuality"],"inLanguage":"sk-SK"},{"@type":"WebPage","@id":"https:\/\/pmza.sk\/?p=70637","url":"https:\/\/pmza.sk\/?p=70637","name":"Fl\u00f3ra hradn\u00e9ho brala - Pova\u017esk\u00e9 m\u00fazeum","isPartOf":{"@id":"https:\/\/pmza.sk\/#website"},"primaryImageOfPage":{"@id":"https:\/\/pmza.sk\/?p=70637#primaryimage"},"image":{"@id":"https:\/\/pmza.sk\/?p=70637#primaryimage"},"thumbnailUrl":"https:\/\/pmza.sk\/wp-content\/uploads\/2025\/06\/foto6-scaled.jpg","datePublished":"2025-06-18T11:20:40+00:00","dateModified":"2026-04-15T09:08:31+00:00","breadcrumb":{"@id":"https:\/\/pmza.sk\/?p=70637#breadcrumb"},"inLanguage":"sk-SK","potentialAction":[{"@type":"ReadAction","target":["https:\/\/pmza.sk\/?p=70637"]}]},{"@type":"ImageObject","inLanguage":"sk-SK","@id":"https:\/\/pmza.sk\/?p=70637#primaryimage","url":"https:\/\/pmza.sk\/wp-content\/uploads\/2025\/06\/foto6-scaled.jpg","contentUrl":"https:\/\/pmza.sk\/wp-content\/uploads\/2025\/06\/foto6-scaled.jpg","width":2560,"height":1707},{"@type":"BreadcrumbList","@id":"https:\/\/pmza.sk\/?p=70637#breadcrumb","itemListElement":[{"@type":"ListItem","position":1,"name":"Domovsk\u00e1 str\u00e1nka","item":"https:\/\/pmza.sk\/"},{"@type":"ListItem","position":2,"name":"Fl\u00f3ra hradn\u00e9ho brala"}]},{"@type":"WebSite","@id":"https:\/\/pmza.sk\/#website","url":"https:\/\/pmza.sk\/","name":"Pova\u017esk\u00e9 m\u00fazeum","description":"Pova\u017esk\u00e9 m\u00fazeum v \u017diline je region\u00e1lne m\u00fazeum so s\u00eddlom v Budat\u00edne. Jeho expoz\u00edcie s\u00fa zameran\u00e9 na dejiny slovensk\u00e9ho umenia, kult\u00fary a dopravy.","publisher":{"@id":"https:\/\/pmza.sk\/#organization"},"potentialAction":[{"@type":"SearchAction","target":{"@type":"EntryPoint","urlTemplate":"https:\/\/pmza.sk\/?s={search_term_string}"},"query-input":{"@type":"PropertyValueSpecification","valueRequired":true,"valueName":"search_term_string"}}],"inLanguage":"sk-SK"},{"@type":"Organization","@id":"https:\/\/pmza.sk\/#organization","name":"Pova\u017esk\u00e9 m\u00fazeum","url":"https:\/\/pmza.sk\/","logo":{"@type":"ImageObject","inLanguage":"sk-SK","@id":"https:\/\/pmza.sk\/#\/schema\/logo\/image\/","url":"https:\/\/pmza.sk\/wp-content\/uploads\/2022\/01\/logo_PM_horizontal.jpg","contentUrl":"https:\/\/pmza.sk\/wp-content\/uploads\/2022\/01\/logo_PM_horizontal.jpg","width":231,"height":142,"caption":"Pova\u017esk\u00e9 m\u00fazeum"},"image":{"@id":"https:\/\/pmza.sk\/#\/schema\/logo\/image\/"},"sameAs":["https:\/\/www.facebook.com\/povazskemuzeum","https:\/\/www.instagram.com\/povazskemuzeum\/"]},{"@type":"Person","@id":"https:\/\/pmza.sk\/#\/schema\/person\/595e6a2ce731ea94dcd5d7f50a41ae33","name":"Pova\u017esk\u00e9 m\u00fazeum","image":{"@type":"ImageObject","inLanguage":"sk-SK","@id":"https:\/\/secure.gravatar.com\/avatar\/2bb7f1561282132fb5826dfeccc66c7996d11ee392ac6aaf7ced8a1c2027fbb2?s=96&d=mm&r=g","url":"https:\/\/secure.gravatar.com\/avatar\/2bb7f1561282132fb5826dfeccc66c7996d11ee392ac6aaf7ced8a1c2027fbb2?s=96&d=mm&r=g","contentUrl":"https:\/\/secure.gravatar.com\/avatar\/2bb7f1561282132fb5826dfeccc66c7996d11ee392ac6aaf7ced8a1c2027fbb2?s=96&d=mm&r=g","caption":"Pova\u017esk\u00e9 m\u00fazeum"}}]}},"_links":{"self":[{"href":"https:\/\/pmza.sk\/index.php?rest_route=\/wp\/v2\/posts\/70637","targetHints":{"allow":["GET"]}}],"collection":[{"href":"https:\/\/pmza.sk\/index.php?rest_route=\/wp\/v2\/posts"}],"about":[{"href":"https:\/\/pmza.sk\/index.php?rest_route=\/wp\/v2\/types\/post"}],"author":[{"embeddable":true,"href":"https:\/\/pmza.sk\/index.php?rest_route=\/wp\/v2\/users\/2"}],"replies":[{"embeddable":true,"href":"https:\/\/pmza.sk\/index.php?rest_route=%2Fwp%2Fv2%2Fcomments&post=70637"}],"version-history":[{"count":1,"href":"https:\/\/pmza.sk\/index.php?rest_route=\/wp\/v2\/posts\/70637\/revisions"}],"predecessor-version":[{"id":77271,"href":"https:\/\/pmza.sk\/index.php?rest_route=\/wp\/v2\/posts\/70637\/revisions\/77271"}],"wp:featuredmedia":[{"embeddable":true,"href":"https:\/\/pmza.sk\/index.php?rest_route=\/wp\/v2\/media\/70644"}],"wp:attachment":[{"href":"https:\/\/pmza.sk\/index.php?rest_route=%2Fwp%2Fv2%2Fmedia&parent=70637"}],"wp:term":[{"taxonomy":"category","embeddable":true,"href":"https:\/\/pmza.sk\/index.php?rest_route=%2Fwp%2Fv2%2Fcategories&post=70637"},{"taxonomy":"post_tag","embeddable":true,"href":"https:\/\/pmza.sk\/index.php?rest_route=%2Fwp%2Fv2%2Ftags&post=70637"}],"curies":[{"name":"wp","href":"https:\/\/api.w.org\/{rel}","templated":true}]}}